{"id":201015,"date":"2024-10-17T09:29:10","date_gmt":"2024-10-17T12:29:10","guid":{"rendered":"https:\/\/www.informelitoral.com.ar\/?p=201015"},"modified":"2024-10-17T09:33:25","modified_gmt":"2024-10-17T12:33:25","slug":"el-gobierno-anticipo-que-el-ministerio-de-justicia-podria-intervenir-la-afa","status":"publish","type":"post","link":"https:\/\/informelitoral.com.ar\/el-gobierno-anticipo-que-el-ministerio-de-justicia-podria-intervenir-la-afa\/","title":{"rendered":"El Gobierno anticip\u00f3 que el Ministerio de Justicia podr\u00eda intervenir la AFA"},"content":{"rendered":"<p>El titular de la <strong>Inspecci\u00f3n General de Justicia<\/strong> (IGJ), <strong>Daniel Vitolo<\/strong>, anticip\u00f3 que el <strong>Ministerio de Justicia<\/strong> podr\u00eda intervenir la <strong>Asociaci\u00f3n del F\u00fatbol Argentino<\/strong> (AFA) si finalmente realiza ma\u00f1ana la Asamblea que fue suspendida por una decisi\u00f3n administrativa.<\/p>\n<p>En ese encuentro, el organismo rector del f\u00fatbol tiene la intenci\u00f3n de votar la reelecci\u00f3n de Claudio \u201cChiqui\u201d Tapia como presidente y renovar el resto de las autoridades del Comit\u00e9 Ejecutivo.<\/p>\n<p>\u201cNosotros no podemos impedir que se junten en la sede de ellos, pero eso no ser\u00e1 una asamblea, ser\u00e1 una reuni\u00f3n de amigos, porque esto no va a ser aprobado y lo que se resuelva all\u00ed no va a ser inscripto ante la IGJ, no va a ser convalidado\u201d, dijo Vitolo.<\/p>\n<h5><em><strong>Te puede interesar:\u00a0<a href=\"https:\/\/www.informelitoral.com.ar\/el-guino-de-franco-colapinto-a-lali-esposito-que-hizo-explotar-las-redes\/\" target=\"_blank\" rel=\"noopener\">El gui\u00f1o de Franco Colapinto a Lali Esposito que hizo explotar las redes<\/a><\/strong><\/em><\/h5>\n<p>\u201cEst\u00e1n violando la ley y el estatuto y adem\u00e1s asumen un riesgo: los integrantes del Consejo Directivo y los Asamble\u00edstas pueden incurrir en el delito de desobediencia, prescripto en el art\u00edculo 239 del C\u00f3digo Penal. Y la ley prev\u00e9 que ante el incumplimiento grave, el Ministerio de Justicia puede interponer la intervenci\u00f3n\u201d, desarroll\u00f3 el funcionario en di\u00e1logo con Marcelo Longobardi en Radio Rivadavia.<\/p>\n<p>Para entender el conflicto hay que retrotraerse a multas de septiembre, cuando Talleres -a cargo de Andr\u00e9s Fassi, enfrentado con la AFA- se present\u00f3 ante la Inspecci\u00f3n General de Justicia (IGJ) para cuestionar la convocatoria realizada para renovar el mandato del actual presidente. La IGJ, organismo dependiente del Poder Ejecutivo -tambi\u00e9n enfrentado con la AFA por las Sociedades An\u00f3nimas Deportivas (SAD)-, resolvi\u00f3 ayer que la convocatoria es irregular e ineficaz.<\/p>\n<p>Entre los puntos que se objetan, la IGJ advirti\u00f3 que la elecci\u00f3n de autoridades se anticip\u00f3 casi un a\u00f1o y esto podr\u00eda afectar los intereses de Talleres y de otros clubes porque a\u00fan falta que se ejecute el 25% del mandato actual. Tambi\u00e9n objetaron otras cuestiones reglamentarias y modificaciones estatutarias que realizan la AFA.<\/p>\n<p>Respecto al \u00faltimo \u00edtem, Vitolo denunci\u00f3 en CNN Radio Argentina: \u201cLa AFA adem\u00e1s pretende reformar su estatuto social para mudarse a la Provincia de Buenos Aires y escapar al control que efect\u00faa la IGJ, aparentemente porque hay un acuerdo pol\u00edtico con el gobernador (Axel Kicillof). ) para moverse con mayor libertad\u201d.<\/p>\n<p>A su vez, el titular de la IGJ inform\u00f3 que la AFA no puede modificar su estatuto porque hay un cambio de estatuto anterior pendiente, que est\u00e1 en plena discusi\u00f3n. \u201cFue un estatuto de una cosa grave porque la AFA ten\u00eda la intenci\u00f3n de convertir a la AFA en un aparato pol\u00edtico\u201d, puntualiz\u00f3, en referencia al proyecto de incorporar al Consejo Directivo a tres integrantes \u201ccon voz, pero sin voto\u201d. Y que deb\u00edan ser funcionarios pol\u00edticos en ejercicio, como Presidente o Vicepresidente de la Rep\u00fablica, Gobernador o Vicegobernador provincial, diputado o senador nacional.<\/p>\n<h5><em><strong>Te puede interesar:\u00a0<a href=\"https:\/\/www.informelitoral.com.ar\/eliminatorias-sudamericanas-cuando-volvera-a-jugar-la-seleccion-argentina\/\" target=\"_blank\" rel=\"noopener\">Eliminatorias Sudamericanas: cu\u00e1ndo volver\u00e1 a jugar la Selecci\u00f3n argentina<\/a><\/strong><\/em><\/h5>\n<p>Y argument\u00f3: \u201cEsto no solo viola el estatuto de la FIFA, que no permite la injerencia pol\u00edtica en las instituciones, sino que tambi\u00e9n viola el C\u00f3digo Civil y Comercial de la Naci\u00f3n porque este c\u00f3digo establece que las asociaciones civiles de segundo y tercer grado en el caso de la AFA, los miembros del comit\u00e9 ejecutivo del consejo directivo deben ser asociados\u201d.<\/p>\n<p>Tambi\u00e9n rechaz\u00f3 la reforma estatutaria por la pretensi\u00f3n de extender el n\u00famero de mandatos: \u201cEl estatuto dec\u00eda cuatro a\u00f1os y ahora quieren llevar a cinco. Esto viola la Ley Nacional del Deporte, donde se establece que no pueden tener m\u00e1s de tres mandatos, un mandato y dos reelecciones consecutivas; pero ellos quieren llevar a cinco. Eso es violatorio de una ley nacional y eso lo saben \u00bfO piensan que no tienen asesores jur\u00eddicos?\u201d.<\/p>\n<p>\u201cEsto no tiene nada que ver ni con las Sociedades Deportivas ni con los negocios del f\u00fatbol, \u00e2\u20ac\u2039\u00e2\u20ac\u2039es un tema jur\u00eddico y de control de legalidad sobre una asociaci\u00f3n civil. Y nosotros cumplimos las funciones que tenemos que cumplir\u201d, afirma Vitolo.<\/p>\n<p>El organismo deportivo que tiene su sede en la calle Viamonte se anticip\u00f3 a la resoluci\u00f3n de la IGJ y se present\u00f3 ante la Justicia para solicitar una medida cautelar que garantizara la realizaci\u00f3n de la Asamblea convocada para ma\u00f1ana. El juez Ricardo Pettis rechaz\u00f3 el pedido, pero resalt\u00f3 que no hay fundamentos como para poder impedir la reelecci\u00f3n de Tapia. Adem\u00e1s, una apelaci\u00f3n al fallo de la IGJ (que a\u00fan no se concret\u00f3) deber\u00eda concederse con efecto suspensivo y no devolutivo -de acuerdo al art\u00edculo 243 del C\u00f3digo Procesal- lo que significa que se suspenden los efectos de la decisi\u00f3n recurrida.<\/p>\n<p>on esos dos argumentos, los directivos de la AFA desconocen la decisi\u00f3n de la IGJ y aseguran que ma\u00f1ana har\u00e1n igualmente la Asamblea, convocada en el predio de Ezeiza. All\u00ed tambi\u00e9n est\u00e1 previsto discutir -entre otros puntos- la suspensi\u00f3n de los descensos y una modificaci\u00f3n en los campeonatos argentinos.<\/p>\n","protected":false},"excerpt":{"rendered":"<p>El inspector general de Justicia, Daniel Vitolo, anticip\u00f3 que Claudio \u201cChiqui\u201d Tapia y los integrantes del Comit\u00e9 Ejecutivo se arriesgan a ser acusados de diversos delitos si finalmente no acatan la decisi\u00f3n que orden\u00f3 postergar la elecci\u00f3n de autoridades prevista para ma\u00f1ana.<\/p>\n","protected":false},"author":8,"featured_media":201016,"comment_status":"open","ping_status":"open","sticky":false,"template":"","format":"standard","meta":{"fifu_image_url":"","fifu_image_alt":"","footnotes":""},"categories":[13],"tags":[504,5271,2603],"class_list":{"0":"post-201015","1":"post","2":"type-post","3":"status-publish","4":"format-standard","5":"has-post-thumbnail","7":"category-deportes","8":"tag-afa","9":"tag-chiqui-tapia","10":"tag-javier-milei"},"yoast_head":"<title>El Gobierno anticip\u00f3 que el Ministerio de Justicia podr\u00eda intervenir la AFA - Informe Litoral<\/title>\n<meta name=\"robots\" content=\"index, follow, max-snippet:-1, max-image-preview:large, max-video-preview:-1\" \/>\n<link rel=\"canonical\" href=\"https:\/\/informelitoral.com.ar\/el-gobierno-anticipo-que-el-ministerio-de-justicia-podria-intervenir-la-afa\/\" \/>\n<meta property=\"og:locale\" content=\"es_ES\" \/>\n<meta property=\"og:type\" content=\"article\" \/>\n<meta property=\"og:title\" content=\"El Gobierno anticip\u00f3 que el Ministerio de Justicia podr\u00eda intervenir la AFA - Informe Litoral\" \/>\n<meta property=\"og:description\" content=\"El inspector general de Justicia, Daniel Vitolo, anticip\u00f3 que Claudio \u201cChiqui\u201d Tapia y los integrantes del Comit\u00e9 Ejecutivo se arriesgan a ser acusados de diversos delitos si finalmente no acatan la decisi\u00f3n que orden\u00f3 postergar la elecci\u00f3n de autoridades prevista para ma\u00f1ana.\" \/>\n<meta property=\"og:url\" content=\"https:\/\/informelitoral.com.ar\/el-gobierno-anticipo-que-el-ministerio-de-justicia-podria-intervenir-la-afa\/\" \/>\n<meta property=\"og:site_name\" content=\"Informe Litoral\" \/>\n<meta property=\"article:publisher\" content=\"https:\/\/www.facebook.com\/informelitoral\/\" \/>\n<meta property=\"article:published_time\" content=\"2024-10-17T12:29:10+00:00\" \/>\n<meta property=\"article:modified_time\" content=\"2024-10-17T12:33:25+00:00\" \/>\n<meta property=\"og:image\" content=\"https:\/\/informelitoral.com.ar\/%77%70%2d%63%6f%6e%74%65%6e%74\/uploads\/2024\/10\/ENDDMHkKC_1290x760__1.jpg\" \/>\n\t<meta property=\"og:image:width\" content=\"1290\" \/>\n\t<meta property=\"og:image:height\" content=\"760\" \/>\n\t<meta property=\"og:image:type\" content=\"image\/jpeg\" \/>\n<meta name=\"author\" content=\"Sebastian\" \/>\n<meta name=\"twitter:card\" content=\"summary_large_image\" \/>\n<meta name=\"twitter:creator\" content=\"@InformeLitoral\" \/>\n<meta name=\"twitter:site\" content=\"@InformeLitoral\" \/>\n<meta name=\"twitter:label1\" content=\"Escrito por\" \/>\n\t<meta name=\"twitter:data1\" content=\"Sebastian\" \/>\n\t<meta name=\"twitter:label2\" content=\"Tiempo de lectura\" \/>\n\t<meta name=\"twitter:data2\" content=\"4 minutos\" \/>\n<script type=\"application\/ld+json\" class=\"yoast-schema-graph\">{\"@context\":\"https:\\\/\\\/schema.org\",\"@graph\":[{\"@type\":\"Article\",\"@id\":\"https:\\\/\\\/informelitoral.com.ar\\\/el-gobierno-anticipo-que-el-ministerio-de-justicia-podria-intervenir-la-afa\\\/#article\",\"isPartOf\":{\"@id\":\"https:\\\/\\\/informelitoral.com.ar\\\/el-gobierno-anticipo-que-el-ministerio-de-justicia-podria-intervenir-la-afa\\\/\"},\"author\":{\"name\":\"Sebastian\",\"@id\":\"https:\\\/\\\/informelitoral.com.ar\\\/#\\\/schema\\\/person\\\/f05f9f461677119578717524b127d6d5\"},\"headline\":\"El Gobierno anticip\u00f3 que el Ministerio de Justicia podr\u00eda intervenir la AFA\",\"datePublished\":\"2024-10-17T12:29:10+00:00\",\"dateModified\":\"2024-10-17T12:33:25+00:00\",\"mainEntityOfPage\":{\"@id\":\"https:\\\/\\\/informelitoral.com.ar\\\/el-gobierno-anticipo-que-el-ministerio-de-justicia-podria-intervenir-la-afa\\\/\"},\"wordCount\":887,\"commentCount\":0,\"publisher\":{\"@id\":\"https:\\\/\\\/informelitoral.com.ar\\\/#organization\"},\"image\":{\"@id\":\"https:\\\/\\\/informelitoral.com.ar\\\/el-gobierno-anticipo-que-el-ministerio-de-justicia-podria-intervenir-la-afa\\\/#primaryimage\"},\"thumbnailUrl\":\"https:\\\/\\\/informelitoral.com.ar\\\/%77%70%2d%63%6f%6e%74%65%6e%74\\\/uploads\\\/2024\\\/10\\\/ENDDMHkKC_1290x760__1.jpg\",\"keywords\":[\"AFA\",\"Chiqui Tapia\",\"Javier Milei\"],\"articleSection\":[\"Deportes\"],\"inLanguage\":\"es\",\"potentialAction\":[{\"@type\":\"CommentAction\",\"name\":\"Comment\",\"target\":[\"https:\\\/\\\/informelitoral.com.ar\\\/el-gobierno-anticipo-que-el-ministerio-de-justicia-podria-intervenir-la-afa\\\/#respond\"]}]},{\"@type\":\"WebPage\",\"@id\":\"https:\\\/\\\/informelitoral.com.ar\\\/el-gobierno-anticipo-que-el-ministerio-de-justicia-podria-intervenir-la-afa\\\/\",\"url\":\"https:\\\/\\\/informelitoral.com.ar\\\/el-gobierno-anticipo-que-el-ministerio-de-justicia-podria-intervenir-la-afa\\\/\",\"name\":\"El Gobierno anticip\u00f3 que el Ministerio de Justicia podr\u00eda intervenir la AFA - Informe Litoral\",\"isPartOf\":{\"@id\":\"https:\\\/\\\/informelitoral.com.ar\\\/#website\"},\"primaryImageOfPage\":{\"@id\":\"https:\\\/\\\/informelitoral.com.ar\\\/el-gobierno-anticipo-que-el-ministerio-de-justicia-podria-intervenir-la-afa\\\/#primaryimage\"},\"image\":{\"@id\":\"https:\\\/\\\/informelitoral.com.ar\\\/el-gobierno-anticipo-que-el-ministerio-de-justicia-podria-intervenir-la-afa\\\/#primaryimage\"},\"thumbnailUrl\":\"https:\\\/\\\/informelitoral.com.ar\\\/%77%70%2d%63%6f%6e%74%65%6e%74\\\/uploads\\\/2024\\\/10\\\/ENDDMHkKC_1290x760__1.jpg\",\"datePublished\":\"2024-10-17T12:29:10+00:00\",\"dateModified\":\"2024-10-17T12:33:25+00:00\",\"breadcrumb\":{\"@id\":\"https:\\\/\\\/informelitoral.com.ar\\\/el-gobierno-anticipo-que-el-ministerio-de-justicia-podria-intervenir-la-afa\\\/#breadcrumb\"},\"inLanguage\":\"es\",\"potentialAction\":[{\"@type\":\"ReadAction\",\"target\":[\"https:\\\/\\\/informelitoral.com.ar\\\/el-gobierno-anticipo-que-el-ministerio-de-justicia-podria-intervenir-la-afa\\\/\"]}]},{\"@type\":\"ImageObject\",\"inLanguage\":\"es\",\"@id\":\"https:\\\/\\\/informelitoral.com.ar\\\/el-gobierno-anticipo-que-el-ministerio-de-justicia-podria-intervenir-la-afa\\\/#primaryimage\",\"url\":\"https:\\\/\\\/informelitoral.com.ar\\\/%77%70%2d%63%6f%6e%74%65%6e%74\\\/uploads\\\/2024\\\/10\\\/ENDDMHkKC_1290x760__1.jpg\",\"contentUrl\":\"https:\\\/\\\/informelitoral.com.ar\\\/%77%70%2d%63%6f%6e%74%65%6e%74\\\/uploads\\\/2024\\\/10\\\/ENDDMHkKC_1290x760__1.jpg\",\"width\":1290,\"height\":760},{\"@type\":\"BreadcrumbList\",\"@id\":\"https:\\\/\\\/informelitoral.com.ar\\\/el-gobierno-anticipo-que-el-ministerio-de-justicia-podria-intervenir-la-afa\\\/#breadcrumb\",\"itemListElement\":[{\"@type\":\"ListItem\",\"position\":1,\"name\":\"Portada\",\"item\":\"https:\\\/\\\/informelitoral.com.ar\\\/\"},{\"@type\":\"ListItem\",\"position\":2,\"name\":\"El Gobierno anticip\u00f3 que el Ministerio de Justicia podr\u00eda intervenir la AFA\"}]},{\"@type\":\"WebSite\",\"@id\":\"https:\\\/\\\/informelitoral.com.ar\\\/#website\",\"url\":\"https:\\\/\\\/informelitoral.com.ar\\\/\",\"name\":\"Informe Litoral\",\"description\":\"&quot;Nos informamos&quot; \",\"publisher\":{\"@id\":\"https:\\\/\\\/informelitoral.com.ar\\\/#organization\"},\"potentialAction\":[{\"@type\":\"SearchAction\",\"target\":{\"@type\":\"EntryPoint\",\"urlTemplate\":\"https:\\\/\\\/informelitoral.com.ar\\\/?s={search_term_string}\"},\"query-input\":{\"@type\":\"PropertyValueSpecification\",\"valueRequired\":true,\"valueName\":\"search_term_string\"}}],\"inLanguage\":\"es\"},{\"@type\":\"Organization\",\"@id\":\"https:\\\/\\\/informelitoral.com.ar\\\/#organization\",\"name\":\"Informe Litoral\",\"url\":\"https:\\\/\\\/informelitoral.com.ar\\\/\",\"logo\":{\"@type\":\"ImageObject\",\"inLanguage\":\"es\",\"@id\":\"https:\\\/\\\/informelitoral.com.ar\\\/#\\\/schema\\\/logo\\\/image\\\/\",\"url\":\"https:\\\/\\\/informelitoral.com.ar\\\/%77%70%2d%63%6f%6e%74%65%6e%74\\\/uploads\\\/2021\\\/01\\\/circulo.png\",\"contentUrl\":\"https:\\\/\\\/informelitoral.com.ar\\\/%77%70%2d%63%6f%6e%74%65%6e%74\\\/uploads\\\/2021\\\/01\\\/circulo.png\",\"width\":723,\"height\":731,\"caption\":\"Informe Litoral\"},\"image\":{\"@id\":\"https:\\\/\\\/informelitoral.com.ar\\\/#\\\/schema\\\/logo\\\/image\\\/\"},\"sameAs\":[\"https:\\\/\\\/www.facebook.com\\\/informelitoral\\\/\",\"https:\\\/\\\/x.com\\\/InformeLitoral\",\"https:\\\/\\\/www.instagram.com\\\/informelitoral\\\/\",\"https:\\\/\\\/www.youtube.com\\\/channel\\\/UCua4Qvz8Icb6MYqhoq9xLXw\"]},{\"@type\":\"Person\",\"@id\":\"https:\\\/\\\/informelitoral.com.ar\\\/#\\\/schema\\\/person\\\/f05f9f461677119578717524b127d6d5\",\"name\":\"Sebastian\",\"image\":{\"@type\":\"ImageObject\",\"inLanguage\":\"es\",\"@id\":\"https:\\\/\\\/secure.gravatar.com\\\/avatar\\\/b71bf7481d447dfb9583c7f2798e7cc64de6efb9067b74633ed8c31059a3bd82?s=96&d=mm&r=g\",\"url\":\"https:\\\/\\\/secure.gravatar.com\\\/avatar\\\/b71bf7481d447dfb9583c7f2798e7cc64de6efb9067b74633ed8c31059a3bd82?s=96&d=mm&r=g\",\"contentUrl\":\"https:\\\/\\\/secure.gravatar.com\\\/avatar\\\/b71bf7481d447dfb9583c7f2798e7cc64de6efb9067b74633ed8c31059a3bd82?s=96&d=mm&r=g\",\"caption\":\"Sebastian\"},\"url\":\"https:\\\/\\\/informelitoral.com.ar\\\/author\\\/sebastian\\\/\"}]}<\/script>","yoast_head_json":{"title":"El Gobierno anticip\u00f3 que el Ministerio de Justicia podr\u00eda intervenir la AFA - Informe Litoral","robots":{"index":"index","follow":"follow","max-snippet":"max-snippet:-1","max-image-preview":"max-image-preview:large","max-video-preview":"max-video-preview:-1"},"canonical":"https:\/\/informelitoral.com.ar\/el-gobierno-anticipo-que-el-ministerio-de-justicia-podria-intervenir-la-afa\/","og_locale":"es_ES","og_type":"article","og_title":"El Gobierno anticip\u00f3 que el Ministerio de Justicia podr\u00eda intervenir la AFA - Informe Litoral","og_description":"El inspector general de Justicia, Daniel Vitolo, anticip\u00f3 que Claudio \u201cChiqui\u201d Tapia y los integrantes del Comit\u00e9 Ejecutivo se arriesgan a ser acusados de diversos delitos si finalmente no acatan la decisi\u00f3n que orden\u00f3 postergar la elecci\u00f3n de autoridades prevista para ma\u00f1ana.","og_url":"https:\/\/informelitoral.com.ar\/el-gobierno-anticipo-que-el-ministerio-de-justicia-podria-intervenir-la-afa\/","og_site_name":"Informe Litoral","article_publisher":"https:\/\/www.facebook.com\/informelitoral\/","article_published_time":"2024-10-17T12:29:10+00:00","article_modified_time":"2024-10-17T12:33:25+00:00","og_image":[{"width":1290,"height":760,"url":"https:\/\/informelitoral.com.ar\/%77%70%2d%63%6f%6e%74%65%6e%74\/uploads\/2024\/10\/ENDDMHkKC_1290x760__1.jpg","type":"image\/jpeg"}],"author":"Sebastian","twitter_card":"summary_large_image","twitter_creator":"@InformeLitoral","twitter_site":"@InformeLitoral","twitter_misc":{"Escrito por":"Sebastian","Tiempo de lectura":"4 minutos"},"schema":{"@context":"https:\/\/schema.org","@graph":[{"@type":"Article","@id":"https:\/\/informelitoral.com.ar\/el-gobierno-anticipo-que-el-ministerio-de-justicia-podria-intervenir-la-afa\/#article","isPartOf":{"@id":"https:\/\/informelitoral.com.ar\/el-gobierno-anticipo-que-el-ministerio-de-justicia-podria-intervenir-la-afa\/"},"author":{"name":"Sebastian","@id":"https:\/\/informelitoral.com.ar\/#\/schema\/person\/f05f9f461677119578717524b127d6d5"},"headline":"El Gobierno anticip\u00f3 que el Ministerio de Justicia podr\u00eda intervenir la AFA","datePublished":"2024-10-17T12:29:10+00:00","dateModified":"2024-10-17T12:33:25+00:00","mainEntityOfPage":{"@id":"https:\/\/informelitoral.com.ar\/el-gobierno-anticipo-que-el-ministerio-de-justicia-podria-intervenir-la-afa\/"},"wordCount":887,"commentCount":0,"publisher":{"@id":"https:\/\/informelitoral.com.ar\/#organization"},"image":{"@id":"https:\/\/informelitoral.com.ar\/el-gobierno-anticipo-que-el-ministerio-de-justicia-podria-intervenir-la-afa\/#primaryimage"},"thumbnailUrl":"https:\/\/informelitoral.com.ar\/%77%70%2d%63%6f%6e%74%65%6e%74\/uploads\/2024\/10\/ENDDMHkKC_1290x760__1.jpg","keywords":["AFA","Chiqui Tapia","Javier Milei"],"articleSection":["Deportes"],"inLanguage":"es","potentialAction":[{"@type":"CommentAction","name":"Comment","target":["https:\/\/informelitoral.com.ar\/el-gobierno-anticipo-que-el-ministerio-de-justicia-podria-intervenir-la-afa\/#respond"]}]},{"@type":"WebPage","@id":"https:\/\/informelitoral.com.ar\/el-gobierno-anticipo-que-el-ministerio-de-justicia-podria-intervenir-la-afa\/","url":"https:\/\/informelitoral.com.ar\/el-gobierno-anticipo-que-el-ministerio-de-justicia-podria-intervenir-la-afa\/","name":"El Gobierno anticip\u00f3 que el Ministerio de Justicia podr\u00eda intervenir la AFA - Informe Litoral","isPartOf":{"@id":"https:\/\/informelitoral.com.ar\/#website"},"primaryImageOfPage":{"@id":"https:\/\/informelitoral.com.ar\/el-gobierno-anticipo-que-el-ministerio-de-justicia-podria-intervenir-la-afa\/#primaryimage"},"image":{"@id":"https:\/\/informelitoral.com.ar\/el-gobierno-anticipo-que-el-ministerio-de-justicia-podria-intervenir-la-afa\/#primaryimage"},"thumbnailUrl":"https:\/\/informelitoral.com.ar\/%77%70%2d%63%6f%6e%74%65%6e%74\/uploads\/2024\/10\/ENDDMHkKC_1290x760__1.jpg","datePublished":"2024-10-17T12:29:10+00:00","dateModified":"2024-10-17T12:33:25+00:00","breadcrumb":{"@id":"https:\/\/informelitoral.com.ar\/el-gobierno-anticipo-que-el-ministerio-de-justicia-podria-intervenir-la-afa\/#breadcrumb"},"inLanguage":"es","potentialAction":[{"@type":"ReadAction","target":["https:\/\/informelitoral.com.ar\/el-gobierno-anticipo-que-el-ministerio-de-justicia-podria-intervenir-la-afa\/"]}]},{"@type":"ImageObject","inLanguage":"es","@id":"https:\/\/informelitoral.com.ar\/el-gobierno-anticipo-que-el-ministerio-de-justicia-podria-intervenir-la-afa\/#primaryimage","url":"https:\/\/informelitoral.com.ar\/%77%70%2d%63%6f%6e%74%65%6e%74\/uploads\/2024\/10\/ENDDMHkKC_1290x760__1.jpg","contentUrl":"https:\/\/informelitoral.com.ar\/%77%70%2d%63%6f%6e%74%65%6e%74\/uploads\/2024\/10\/ENDDMHkKC_1290x760__1.jpg","width":1290,"height":760},{"@type":"BreadcrumbList","@id":"https:\/\/informelitoral.com.ar\/el-gobierno-anticipo-que-el-ministerio-de-justicia-podria-intervenir-la-afa\/#breadcrumb","itemListElement":[{"@type":"ListItem","position":1,"name":"Portada","item":"https:\/\/informelitoral.com.ar\/"},{"@type":"ListItem","position":2,"name":"El Gobierno anticip\u00f3 que el Ministerio de Justicia podr\u00eda intervenir la AFA"}]},{"@type":"WebSite","@id":"https:\/\/informelitoral.com.ar\/#website","url":"https:\/\/informelitoral.com.ar\/","name":"Informe Litoral","description":"&quot;Nos informamos&quot; ","publisher":{"@id":"https:\/\/informelitoral.com.ar\/#organization"},"potentialAction":[{"@type":"SearchAction","target":{"@type":"EntryPoint","urlTemplate":"https:\/\/informelitoral.com.ar\/?s={search_term_string}"},"query-input":{"@type":"PropertyValueSpecification","valueRequired":true,"valueName":"search_term_string"}}],"inLanguage":"es"},{"@type":"Organization","@id":"https:\/\/informelitoral.com.ar\/#organization","name":"Informe Litoral","url":"https:\/\/informelitoral.com.ar\/","logo":{"@type":"ImageObject","inLanguage":"es","@id":"https:\/\/informelitoral.com.ar\/#\/schema\/logo\/image\/","url":"https:\/\/informelitoral.com.ar\/%77%70%2d%63%6f%6e%74%65%6e%74\/uploads\/2021\/01\/circulo.png","contentUrl":"https:\/\/informelitoral.com.ar\/%77%70%2d%63%6f%6e%74%65%6e%74\/uploads\/2021\/01\/circulo.png","width":723,"height":731,"caption":"Informe Litoral"},"image":{"@id":"https:\/\/informelitoral.com.ar\/#\/schema\/logo\/image\/"},"sameAs":["https:\/\/www.facebook.com\/informelitoral\/","https:\/\/x.com\/InformeLitoral","https:\/\/www.instagram.com\/informelitoral\/","https:\/\/www.youtube.com\/channel\/UCua4Qvz8Icb6MYqhoq9xLXw"]},{"@type":"Person","@id":"https:\/\/informelitoral.com.ar\/#\/schema\/person\/f05f9f461677119578717524b127d6d5","name":"Sebastian","image":{"@type":"ImageObject","inLanguage":"es","@id":"https:\/\/secure.gravatar.com\/avatar\/b71bf7481d447dfb9583c7f2798e7cc64de6efb9067b74633ed8c31059a3bd82?s=96&d=mm&r=g","url":"https:\/\/secure.gravatar.com\/avatar\/b71bf7481d447dfb9583c7f2798e7cc64de6efb9067b74633ed8c31059a3bd82?s=96&d=mm&r=g","contentUrl":"https:\/\/secure.gravatar.com\/avatar\/b71bf7481d447dfb9583c7f2798e7cc64de6efb9067b74633ed8c31059a3bd82?s=96&d=mm&r=g","caption":"Sebastian"},"url":"https:\/\/informelitoral.com.ar\/author\/sebastian\/"}]}},"_links":{"self":[{"href":"https:\/\/informelitoral.com.ar\/%77%70%2d%6a%73%6f%6e\/wp\/v2\/posts\/201015","targetHints":{"allow":["GET"]}}],"collection":[{"href":"https:\/\/informelitoral.com.ar\/%77%70%2d%6a%73%6f%6e\/wp\/v2\/posts"}],"about":[{"href":"https:\/\/informelitoral.com.ar\/%77%70%2d%6a%73%6f%6e\/wp\/v2\/types\/post"}],"author":[{"embeddable":true,"href":"https:\/\/informelitoral.com.ar\/%77%70%2d%6a%73%6f%6e\/wp\/v2\/users\/8"}],"replies":[{"embeddable":true,"href":"https:\/\/informelitoral.com.ar\/%77%70%2d%6a%73%6f%6e\/wp\/v2\/comments?post=201015"}],"version-history":[{"count":0,"href":"https:\/\/informelitoral.com.ar\/%77%70%2d%6a%73%6f%6e\/wp\/v2\/posts\/201015\/revisions"}],"wp:featuredmedia":[{"embeddable":true,"href":"https:\/\/informelitoral.com.ar\/%77%70%2d%6a%73%6f%6e\/wp\/v2\/media\/201016"}],"wp:attachment":[{"href":"https:\/\/informelitoral.com.ar\/%77%70%2d%6a%73%6f%6e\/wp\/v2\/media?parent=201015"}],"wp:term":[{"taxonomy":"category","embeddable":true,"href":"https:\/\/informelitoral.com.ar\/%77%70%2d%6a%73%6f%6e\/wp\/v2\/categories?post=201015"},{"taxonomy":"post_tag","embeddable":true,"href":"https:\/\/informelitoral.com.ar\/%77%70%2d%6a%73%6f%6e\/wp\/v2\/tags?post=201015"}],"curies":[{"name":"wp","href":"https:\/\/api.w.org\/{rel}","templated":true}]}}