{"id":200969,"date":"2024-10-17T08:05:10","date_gmt":"2024-10-17T11:05:10","guid":{"rendered":"https:\/\/www.informelitoral.com.ar\/?p=200969"},"modified":"2024-10-17T08:05:10","modified_gmt":"2024-10-17T11:05:10","slug":"el-consumo-masivo-cayo-a-un-22-en-septiembre","status":"publish","type":"post","link":"https:\/\/informelitoral.com.ar\/el-consumo-masivo-cayo-a-un-22-en-septiembre\/","title":{"rendered":"El consumo masivo cay\u00f3 a un 22% en septiembre"},"content":{"rendered":"<p><b>Como era de esperarse, el consumo masivo en supermercados y autoservicios independientes experiment\u00f3 una ca\u00edda en septiembre, alcanzando el 22,3%<\/b>. Este descenso se debe al impacto de la recesi\u00f3n y a la comparaci\u00f3n con el a\u00f1o pasado, cuando el \u00abPlan Platita\u00bb implementado por el entonces ministro Sergio Massa estimul\u00f3 las compras.<\/p>\n<p><b>En los primeros nueve meses de 2024, el consumo ha disminuido un 11,9%<\/b>. Los supermercados reportaron una ca\u00edda del 21,2%, mientras que los autoservicios independientes sufrieron un descenso del 23,5%, seg\u00fan datos de la consultora Scentia, que destacan la existencia de bases de comparaci\u00f3n favorables en ambos casos.<\/p>\n<p>Esta contracci\u00f3n en las ventas se observa en todas las categor\u00edas, sin grandes diferencias entre los distintos canales. La consultora Scentia anticip\u00f3 que los \u00faltimos meses del a\u00f1o ser\u00e1n especialmente desafiantes al compararse con las cifras elevadas de 2023, influenciadas por las elecciones presidenciales y las pol\u00edticas del gobierno anterior.<\/p>\n<p>Osvaldo Del Rio, director de Scentia, afirm\u00f3 que el panorama se desarroll\u00f3 conforme a lo previsto y que el descenso ser\u00e1 m\u00e1s notorio en el cierre del a\u00f1o. En el desglose por regiones, el interior del pa\u00eds mostr\u00f3 ca\u00eddas a\u00fan m\u00e1s significativas. As\u00ed, el consumo en supermercados disminuy\u00f3 un 22,9% interanual y un 13,6% acumulado. Por su parte, los autoservicios independientes presentaron una baja del 30,8% y un acumulado del 17,6%.<\/p>\n<p>A nivel nacional, las categor\u00edas que lideran la disminuci\u00f3n son \u00abImpulsivos\u00bb (alfajores, bombones, chupetines, cigarrillos, postres, entre otros), que cayeron un 37,2%, seguidas por \u00abBebidas con Alcohol\u00bb con un descenso del 30,7%, y \u00abHigiene y Cosm\u00e9tica\u00bb con una baja del 28,3%. Estos son los primeros productos que las personas tienden a dejar de comprar al perder poder adquisitivo.<\/p>\n","protected":false},"excerpt":{"rendered":"<p>En los primeros nueve meses del a\u00f1o, ya est\u00e1 registrado un 11,9% de ca\u00edda. Los supermercados y autoservicios son algunos de los lugares donde m\u00e1s repercuti\u00f3.<\/p>\n","protected":false},"author":8,"featured_media":73441,"comment_status":"open","ping_status":"open","sticky":false,"template":"","format":"standard","meta":{"fifu_image_url":"","fifu_image_alt":"","footnotes":""},"categories":[1594],"tags":[5266,393,310],"class_list":{"0":"post-200969","1":"post","2":"type-post","3":"status-publish","4":"format-standard","5":"has-post-thumbnail","7":"category-economia","8":"tag-autoservicios","9":"tag-consumo","10":"tag-supermercados"},"yoast_head":"<title>El consumo masivo cay\u00f3 a un 22% en septiembre - Informe Litoral<\/title>\n<meta name=\"robots\" content=\"index, follow, max-snippet:-1, max-image-preview:large, max-video-preview:-1\" \/>\n<link rel=\"canonical\" href=\"https:\/\/informelitoral.com.ar\/el-consumo-masivo-cayo-a-un-22-en-septiembre\/\" \/>\n<meta property=\"og:locale\" content=\"es_ES\" \/>\n<meta property=\"og:type\" content=\"article\" \/>\n<meta property=\"og:title\" content=\"El consumo masivo cay\u00f3 a un 22% en septiembre - Informe Litoral\" \/>\n<meta property=\"og:description\" content=\"En los primeros nueve meses del a\u00f1o, ya est\u00e1 registrado un 11,9% de ca\u00edda. Los supermercados y autoservicios son algunos de los lugares donde m\u00e1s repercuti\u00f3.\" \/>\n<meta property=\"og:url\" content=\"https:\/\/informelitoral.com.ar\/el-consumo-masivo-cayo-a-un-22-en-septiembre\/\" \/>\n<meta property=\"og:site_name\" content=\"Informe Litoral\" \/>\n<meta property=\"article:publisher\" content=\"https:\/\/www.facebook.com\/informelitoral\/\" \/>\n<meta property=\"article:published_time\" content=\"2024-10-17T11:05:10+00:00\" \/>\n<meta property=\"og:image\" content=\"https:\/\/informelitoral.com.ar\/%77%70%2d%63%6f%6e%74%65%6e%74\/uploads\/2022\/03\/600x400_Supermercado.jpg\" \/>\n\t<meta property=\"og:image:width\" content=\"600\" \/>\n\t<meta property=\"og:image:height\" content=\"400\" \/>\n\t<meta property=\"og:image:type\" content=\"image\/jpeg\" \/>\n<meta name=\"author\" content=\"Sebastian\" \/>\n<meta name=\"twitter:card\" content=\"summary_large_image\" \/>\n<meta name=\"twitter:creator\" content=\"@InformeLitoral\" \/>\n<meta name=\"twitter:site\" content=\"@InformeLitoral\" \/>\n<meta name=\"twitter:label1\" content=\"Escrito por\" \/>\n\t<meta name=\"twitter:data1\" content=\"Sebastian\" \/>\n\t<meta name=\"twitter:label2\" content=\"Tiempo de lectura\" \/>\n\t<meta name=\"twitter:data2\" content=\"1 minuto\" \/>\n<script type=\"application\/ld+json\" class=\"yoast-schema-graph\">{\"@context\":\"https:\\\/\\\/schema.org\",\"@graph\":[{\"@type\":\"Article\",\"@id\":\"https:\\\/\\\/informelitoral.com.ar\\\/el-consumo-masivo-cayo-a-un-22-en-septiembre\\\/#article\",\"isPartOf\":{\"@id\":\"https:\\\/\\\/informelitoral.com.ar\\\/el-consumo-masivo-cayo-a-un-22-en-septiembre\\\/\"},\"author\":{\"name\":\"Sebastian\",\"@id\":\"https:\\\/\\\/informelitoral.com.ar\\\/#\\\/schema\\\/person\\\/f05f9f461677119578717524b127d6d5\"},\"headline\":\"El consumo masivo cay\u00f3 a un 22% en septiembre\",\"datePublished\":\"2024-10-17T11:05:10+00:00\",\"mainEntityOfPage\":{\"@id\":\"https:\\\/\\\/informelitoral.com.ar\\\/el-consumo-masivo-cayo-a-un-22-en-septiembre\\\/\"},\"wordCount\":294,\"commentCount\":0,\"publisher\":{\"@id\":\"https:\\\/\\\/informelitoral.com.ar\\\/#organization\"},\"image\":{\"@id\":\"https:\\\/\\\/informelitoral.com.ar\\\/el-consumo-masivo-cayo-a-un-22-en-septiembre\\\/#primaryimage\"},\"thumbnailUrl\":\"https:\\\/\\\/informelitoral.com.ar\\\/%77%70%2d%63%6f%6e%74%65%6e%74\\\/uploads\\\/2022\\\/03\\\/600x400_Supermercado.jpg\",\"keywords\":[\"Autoservicios\",\"Consumo\",\"Supermercados\"],\"articleSection\":[\"Econom\u00eda\"],\"inLanguage\":\"es\",\"potentialAction\":[{\"@type\":\"CommentAction\",\"name\":\"Comment\",\"target\":[\"https:\\\/\\\/informelitoral.com.ar\\\/el-consumo-masivo-cayo-a-un-22-en-septiembre\\\/#respond\"]}]},{\"@type\":\"WebPage\",\"@id\":\"https:\\\/\\\/informelitoral.com.ar\\\/el-consumo-masivo-cayo-a-un-22-en-septiembre\\\/\",\"url\":\"https:\\\/\\\/informelitoral.com.ar\\\/el-consumo-masivo-cayo-a-un-22-en-septiembre\\\/\",\"name\":\"El consumo masivo cay\u00f3 a un 22% en septiembre - Informe Litoral\",\"isPartOf\":{\"@id\":\"https:\\\/\\\/informelitoral.com.ar\\\/#website\"},\"primaryImageOfPage\":{\"@id\":\"https:\\\/\\\/informelitoral.com.ar\\\/el-consumo-masivo-cayo-a-un-22-en-septiembre\\\/#primaryimage\"},\"image\":{\"@id\":\"https:\\\/\\\/informelitoral.com.ar\\\/el-consumo-masivo-cayo-a-un-22-en-septiembre\\\/#primaryimage\"},\"thumbnailUrl\":\"https:\\\/\\\/informelitoral.com.ar\\\/%77%70%2d%63%6f%6e%74%65%6e%74\\\/uploads\\\/2022\\\/03\\\/600x400_Supermercado.jpg\",\"datePublished\":\"2024-10-17T11:05:10+00:00\",\"breadcrumb\":{\"@id\":\"https:\\\/\\\/informelitoral.com.ar\\\/el-consumo-masivo-cayo-a-un-22-en-septiembre\\\/#breadcrumb\"},\"inLanguage\":\"es\",\"potentialAction\":[{\"@type\":\"ReadAction\",\"target\":[\"https:\\\/\\\/informelitoral.com.ar\\\/el-consumo-masivo-cayo-a-un-22-en-septiembre\\\/\"]}]},{\"@type\":\"ImageObject\",\"inLanguage\":\"es\",\"@id\":\"https:\\\/\\\/informelitoral.com.ar\\\/el-consumo-masivo-cayo-a-un-22-en-septiembre\\\/#primaryimage\",\"url\":\"https:\\\/\\\/informelitoral.com.ar\\\/%77%70%2d%63%6f%6e%74%65%6e%74\\\/uploads\\\/2022\\\/03\\\/600x400_Supermercado.jpg\",\"contentUrl\":\"https:\\\/\\\/informelitoral.com.ar\\\/%77%70%2d%63%6f%6e%74%65%6e%74\\\/uploads\\\/2022\\\/03\\\/600x400_Supermercado.jpg\",\"width\":600,\"height\":400},{\"@type\":\"BreadcrumbList\",\"@id\":\"https:\\\/\\\/informelitoral.com.ar\\\/el-consumo-masivo-cayo-a-un-22-en-septiembre\\\/#breadcrumb\",\"itemListElement\":[{\"@type\":\"ListItem\",\"position\":1,\"name\":\"Portada\",\"item\":\"https:\\\/\\\/informelitoral.com.ar\\\/\"},{\"@type\":\"ListItem\",\"position\":2,\"name\":\"El consumo masivo cay\u00f3 a un 22% en septiembre\"}]},{\"@type\":\"WebSite\",\"@id\":\"https:\\\/\\\/informelitoral.com.ar\\\/#website\",\"url\":\"https:\\\/\\\/informelitoral.com.ar\\\/\",\"name\":\"Informe Litoral\",\"description\":\"&quot;Nos informamos&quot; \",\"publisher\":{\"@id\":\"https:\\\/\\\/informelitoral.com.ar\\\/#organization\"},\"potentialAction\":[{\"@type\":\"SearchAction\",\"target\":{\"@type\":\"EntryPoint\",\"urlTemplate\":\"https:\\\/\\\/informelitoral.com.ar\\\/?s={search_term_string}\"},\"query-input\":{\"@type\":\"PropertyValueSpecification\",\"valueRequired\":true,\"valueName\":\"search_term_string\"}}],\"inLanguage\":\"es\"},{\"@type\":\"Organization\",\"@id\":\"https:\\\/\\\/informelitoral.com.ar\\\/#organization\",\"name\":\"Informe Litoral\",\"url\":\"https:\\\/\\\/informelitoral.com.ar\\\/\",\"logo\":{\"@type\":\"ImageObject\",\"inLanguage\":\"es\",\"@id\":\"https:\\\/\\\/informelitoral.com.ar\\\/#\\\/schema\\\/logo\\\/image\\\/\",\"url\":\"https:\\\/\\\/informelitoral.com.ar\\\/%77%70%2d%63%6f%6e%74%65%6e%74\\\/uploads\\\/2021\\\/01\\\/circulo.png\",\"contentUrl\":\"https:\\\/\\\/informelitoral.com.ar\\\/%77%70%2d%63%6f%6e%74%65%6e%74\\\/uploads\\\/2021\\\/01\\\/circulo.png\",\"width\":723,\"height\":731,\"caption\":\"Informe Litoral\"},\"image\":{\"@id\":\"https:\\\/\\\/informelitoral.com.ar\\\/#\\\/schema\\\/logo\\\/image\\\/\"},\"sameAs\":[\"https:\\\/\\\/www.facebook.com\\\/informelitoral\\\/\",\"https:\\\/\\\/x.com\\\/InformeLitoral\",\"https:\\\/\\\/www.instagram.com\\\/informelitoral\\\/\",\"https:\\\/\\\/www.youtube.com\\\/channel\\\/UCua4Qvz8Icb6MYqhoq9xLXw\"]},{\"@type\":\"Person\",\"@id\":\"https:\\\/\\\/informelitoral.com.ar\\\/#\\\/schema\\\/person\\\/f05f9f461677119578717524b127d6d5\",\"name\":\"Sebastian\",\"image\":{\"@type\":\"ImageObject\",\"inLanguage\":\"es\",\"@id\":\"https:\\\/\\\/secure.gravatar.com\\\/avatar\\\/b71bf7481d447dfb9583c7f2798e7cc64de6efb9067b74633ed8c31059a3bd82?s=96&d=mm&r=g\",\"url\":\"https:\\\/\\\/secure.gravatar.com\\\/avatar\\\/b71bf7481d447dfb9583c7f2798e7cc64de6efb9067b74633ed8c31059a3bd82?s=96&d=mm&r=g\",\"contentUrl\":\"https:\\\/\\\/secure.gravatar.com\\\/avatar\\\/b71bf7481d447dfb9583c7f2798e7cc64de6efb9067b74633ed8c31059a3bd82?s=96&d=mm&r=g\",\"caption\":\"Sebastian\"},\"url\":\"https:\\\/\\\/informelitoral.com.ar\\\/author\\\/sebastian\\\/\"}]}<\/script>","yoast_head_json":{"title":"El consumo masivo cay\u00f3 a un 22% en septiembre - Informe Litoral","robots":{"index":"index","follow":"follow","max-snippet":"max-snippet:-1","max-image-preview":"max-image-preview:large","max-video-preview":"max-video-preview:-1"},"canonical":"https:\/\/informelitoral.com.ar\/el-consumo-masivo-cayo-a-un-22-en-septiembre\/","og_locale":"es_ES","og_type":"article","og_title":"El consumo masivo cay\u00f3 a un 22% en septiembre - Informe Litoral","og_description":"En los primeros nueve meses del a\u00f1o, ya est\u00e1 registrado un 11,9% de ca\u00edda. Los supermercados y autoservicios son algunos de los lugares donde m\u00e1s repercuti\u00f3.","og_url":"https:\/\/informelitoral.com.ar\/el-consumo-masivo-cayo-a-un-22-en-septiembre\/","og_site_name":"Informe Litoral","article_publisher":"https:\/\/www.facebook.com\/informelitoral\/","article_published_time":"2024-10-17T11:05:10+00:00","og_image":[{"width":600,"height":400,"url":"https:\/\/informelitoral.com.ar\/%77%70%2d%63%6f%6e%74%65%6e%74\/uploads\/2022\/03\/600x400_Supermercado.jpg","type":"image\/jpeg"}],"author":"Sebastian","twitter_card":"summary_large_image","twitter_creator":"@InformeLitoral","twitter_site":"@InformeLitoral","twitter_misc":{"Escrito por":"Sebastian","Tiempo de lectura":"1 minuto"},"schema":{"@context":"https:\/\/schema.org","@graph":[{"@type":"Article","@id":"https:\/\/informelitoral.com.ar\/el-consumo-masivo-cayo-a-un-22-en-septiembre\/#article","isPartOf":{"@id":"https:\/\/informelitoral.com.ar\/el-consumo-masivo-cayo-a-un-22-en-septiembre\/"},"author":{"name":"Sebastian","@id":"https:\/\/informelitoral.com.ar\/#\/schema\/person\/f05f9f461677119578717524b127d6d5"},"headline":"El consumo masivo cay\u00f3 a un 22% en septiembre","datePublished":"2024-10-17T11:05:10+00:00","mainEntityOfPage":{"@id":"https:\/\/informelitoral.com.ar\/el-consumo-masivo-cayo-a-un-22-en-septiembre\/"},"wordCount":294,"commentCount":0,"publisher":{"@id":"https:\/\/informelitoral.com.ar\/#organization"},"image":{"@id":"https:\/\/informelitoral.com.ar\/el-consumo-masivo-cayo-a-un-22-en-septiembre\/#primaryimage"},"thumbnailUrl":"https:\/\/informelitoral.com.ar\/%77%70%2d%63%6f%6e%74%65%6e%74\/uploads\/2022\/03\/600x400_Supermercado.jpg","keywords":["Autoservicios","Consumo","Supermercados"],"articleSection":["Econom\u00eda"],"inLanguage":"es","potentialAction":[{"@type":"CommentAction","name":"Comment","target":["https:\/\/informelitoral.com.ar\/el-consumo-masivo-cayo-a-un-22-en-septiembre\/#respond"]}]},{"@type":"WebPage","@id":"https:\/\/informelitoral.com.ar\/el-consumo-masivo-cayo-a-un-22-en-septiembre\/","url":"https:\/\/informelitoral.com.ar\/el-consumo-masivo-cayo-a-un-22-en-septiembre\/","name":"El consumo masivo cay\u00f3 a un 22% en septiembre - Informe Litoral","isPartOf":{"@id":"https:\/\/informelitoral.com.ar\/#website"},"primaryImageOfPage":{"@id":"https:\/\/informelitoral.com.ar\/el-consumo-masivo-cayo-a-un-22-en-septiembre\/#primaryimage"},"image":{"@id":"https:\/\/informelitoral.com.ar\/el-consumo-masivo-cayo-a-un-22-en-septiembre\/#primaryimage"},"thumbnailUrl":"https:\/\/informelitoral.com.ar\/%77%70%2d%63%6f%6e%74%65%6e%74\/uploads\/2022\/03\/600x400_Supermercado.jpg","datePublished":"2024-10-17T11:05:10+00:00","breadcrumb":{"@id":"https:\/\/informelitoral.com.ar\/el-consumo-masivo-cayo-a-un-22-en-septiembre\/#breadcrumb"},"inLanguage":"es","potentialAction":[{"@type":"ReadAction","target":["https:\/\/informelitoral.com.ar\/el-consumo-masivo-cayo-a-un-22-en-septiembre\/"]}]},{"@type":"ImageObject","inLanguage":"es","@id":"https:\/\/informelitoral.com.ar\/el-consumo-masivo-cayo-a-un-22-en-septiembre\/#primaryimage","url":"https:\/\/informelitoral.com.ar\/%77%70%2d%63%6f%6e%74%65%6e%74\/uploads\/2022\/03\/600x400_Supermercado.jpg","contentUrl":"https:\/\/informelitoral.com.ar\/%77%70%2d%63%6f%6e%74%65%6e%74\/uploads\/2022\/03\/600x400_Supermercado.jpg","width":600,"height":400},{"@type":"BreadcrumbList","@id":"https:\/\/informelitoral.com.ar\/el-consumo-masivo-cayo-a-un-22-en-septiembre\/#breadcrumb","itemListElement":[{"@type":"ListItem","position":1,"name":"Portada","item":"https:\/\/informelitoral.com.ar\/"},{"@type":"ListItem","position":2,"name":"El consumo masivo cay\u00f3 a un 22% en septiembre"}]},{"@type":"WebSite","@id":"https:\/\/informelitoral.com.ar\/#website","url":"https:\/\/informelitoral.com.ar\/","name":"Informe Litoral","description":"&quot;Nos informamos&quot; ","publisher":{"@id":"https:\/\/informelitoral.com.ar\/#organization"},"potentialAction":[{"@type":"SearchAction","target":{"@type":"EntryPoint","urlTemplate":"https:\/\/informelitoral.com.ar\/?s={search_term_string}"},"query-input":{"@type":"PropertyValueSpecification","valueRequired":true,"valueName":"search_term_string"}}],"inLanguage":"es"},{"@type":"Organization","@id":"https:\/\/informelitoral.com.ar\/#organization","name":"Informe Litoral","url":"https:\/\/informelitoral.com.ar\/","logo":{"@type":"ImageObject","inLanguage":"es","@id":"https:\/\/informelitoral.com.ar\/#\/schema\/logo\/image\/","url":"https:\/\/informelitoral.com.ar\/%77%70%2d%63%6f%6e%74%65%6e%74\/uploads\/2021\/01\/circulo.png","contentUrl":"https:\/\/informelitoral.com.ar\/%77%70%2d%63%6f%6e%74%65%6e%74\/uploads\/2021\/01\/circulo.png","width":723,"height":731,"caption":"Informe Litoral"},"image":{"@id":"https:\/\/informelitoral.com.ar\/#\/schema\/logo\/image\/"},"sameAs":["https:\/\/www.facebook.com\/informelitoral\/","https:\/\/x.com\/InformeLitoral","https:\/\/www.instagram.com\/informelitoral\/","https:\/\/www.youtube.com\/channel\/UCua4Qvz8Icb6MYqhoq9xLXw"]},{"@type":"Person","@id":"https:\/\/informelitoral.com.ar\/#\/schema\/person\/f05f9f461677119578717524b127d6d5","name":"Sebastian","image":{"@type":"ImageObject","inLanguage":"es","@id":"https:\/\/secure.gravatar.com\/avatar\/b71bf7481d447dfb9583c7f2798e7cc64de6efb9067b74633ed8c31059a3bd82?s=96&d=mm&r=g","url":"https:\/\/secure.gravatar.com\/avatar\/b71bf7481d447dfb9583c7f2798e7cc64de6efb9067b74633ed8c31059a3bd82?s=96&d=mm&r=g","contentUrl":"https:\/\/secure.gravatar.com\/avatar\/b71bf7481d447dfb9583c7f2798e7cc64de6efb9067b74633ed8c31059a3bd82?s=96&d=mm&r=g","caption":"Sebastian"},"url":"https:\/\/informelitoral.com.ar\/author\/sebastian\/"}]}},"_links":{"self":[{"href":"https:\/\/informelitoral.com.ar\/%77%70%2d%6a%73%6f%6e\/wp\/v2\/posts\/200969","targetHints":{"allow":["GET"]}}],"collection":[{"href":"https:\/\/informelitoral.com.ar\/%77%70%2d%6a%73%6f%6e\/wp\/v2\/posts"}],"about":[{"href":"https:\/\/informelitoral.com.ar\/%77%70%2d%6a%73%6f%6e\/wp\/v2\/types\/post"}],"author":[{"embeddable":true,"href":"https:\/\/informelitoral.com.ar\/%77%70%2d%6a%73%6f%6e\/wp\/v2\/users\/8"}],"replies":[{"embeddable":true,"href":"https:\/\/informelitoral.com.ar\/%77%70%2d%6a%73%6f%6e\/wp\/v2\/comments?post=200969"}],"version-history":[{"count":0,"href":"https:\/\/informelitoral.com.ar\/%77%70%2d%6a%73%6f%6e\/wp\/v2\/posts\/200969\/revisions"}],"wp:featuredmedia":[{"embeddable":true,"href":"https:\/\/informelitoral.com.ar\/%77%70%2d%6a%73%6f%6e\/wp\/v2\/media\/73441"}],"wp:attachment":[{"href":"https:\/\/informelitoral.com.ar\/%77%70%2d%6a%73%6f%6e\/wp\/v2\/media?parent=200969"}],"wp:term":[{"taxonomy":"category","embeddable":true,"href":"https:\/\/informelitoral.com.ar\/%77%70%2d%6a%73%6f%6e\/wp\/v2\/categories?post=200969"},{"taxonomy":"post_tag","embeddable":true,"href":"https:\/\/informelitoral.com.ar\/%77%70%2d%6a%73%6f%6e\/wp\/v2\/tags?post=200969"}],"curies":[{"name":"wp","href":"https:\/\/api.w.org\/{rel}","templated":true}]}}