{"id":200857,"date":"2024-10-16T08:53:11","date_gmt":"2024-10-16T11:53:11","guid":{"rendered":"https:\/\/www.informelitoral.com.ar\/?p=200857"},"modified":"2024-10-16T08:59:22","modified_gmt":"2024-10-16T11:59:22","slug":"diamante-se-inauguraron-obras-en-el-centro-de-investigaciones-cientificas-y-de-transferencia-de-tecnologia-a-la-produccion","status":"publish","type":"post","link":"https:\/\/informelitoral.com.ar\/diamante-se-inauguraron-obras-en-el-centro-de-investigaciones-cientificas-y-de-transferencia-de-tecnologia-a-la-produccion\/","title":{"rendered":"Diamante: se inauguraron obras en el Centro de Investigaciones Cient\u00edficas y de Transferencia de Tecnolog\u00eda a la Producci\u00f3n"},"content":{"rendered":"<p><strong>El director del Conicet, Daniel Salamone, estren\u00f3 ampliaciones en el Centro de Investigaciones Cient\u00edficas y de Transferencia de Tecnolog\u00eda a la Producci\u00f3n (CICyTTP)<\/strong>. Ante representantes de delegaciones del Consejo Nacional y de altas casas de estudio de la regi\u00f3n, convoc\u00f3 a los cient\u00edficos a trabajar con las universidades.<\/p>\n<p>Las obras inauguradas este lunes suponen una inversi\u00f3n de <strong>360 millones<\/strong> de pesos de parte del <strong>Consejo Nacional de Investigaciones Cient\u00edficas y T\u00e9cnicas<\/strong> (Conicet) y, en la oportunidad, su titular manifest\u00f3: \u201c<em>Nuestra vocaci\u00f3n m\u00e1s importante es trabajar con las universidades. Las necesitamos porque nosotros no otorgamos t\u00edtulos. Queremos hacer un fuerte llamado para que nuestros doctores se integren a las universidades y democraticen el conocimiento<\/em>\u201c.<\/p>\n<p>El funcionario puso de relieve la jerarqu\u00eda alcanzada por la estructura de ciencia y t\u00e9cnica con la que cuenta el pa\u00eds: \u201c<em>Tenemos el potencial para proyectar a las industrias, a las\u00a0startup\u00a0(empresas de reciente creaci\u00f3n, basadas en tecnolog\u00edas de la informaci\u00f3n y la comunicaci\u00f3n). Los edificios no pueden estar vac\u00edos<\/em>\u201c, exhort\u00f3 en su mensaje.<\/p>\n<p>A su turno, el ministro de <strong>Desarrollo Econ\u00f3mico provincial<\/strong>, <strong>Guillermo Bernaudo<\/strong>, puso de manifiesto el compromiso del gobierno entrerriano \u201c<em>con el trabajo de los investigadores, con quienes tenemos muchos proyectos de trabajo conjunto<\/em>\u201c, postul\u00f3 la necesidad de implementar \u201cbecas cofinanciadas\u201d y puso en valor la inversi\u00f3n en infraestructura \u201cfundamental para seguir creciendo\u201d.<\/p>\n<p>Por su parte, el rector de la <strong>Universidad Aut\u00f3noma de Entre R\u00edos (Uader)<\/strong>, <strong>Luciano Filipuzzi<\/strong>, asever\u00f3 que \u201c<em>el futuro va a estar determinado por el desarrollo tecnol\u00f3gico, por la inversi\u00f3n en ciencia para contribuir al desarrollo<\/em>\u201c. En este marco, pidi\u00f3 apostar a \u201c<em>m\u00e1s obras, m\u00e1s ciencia y tecnolog\u00eda y m\u00e1s Conicet<\/em>\u201c.<\/p>\n<h2><strong>Las obras y el pedido<\/strong><\/h2>\n<p>Al dirigirse a la concurrencia, la titular del <strong>Conicet Diamante<\/strong>, <strong>Mariana Brea<\/strong>, detall\u00f3 que los trabajos inaugurados comprenden cinco gabinetes de laboratorio, un lactario, un cuerpo nuevo de ba\u00f1os y un espacio para el herbario <strong>Pablo Lorenz<\/strong>, uno de los pocos de su tipo en la provincia. Adem\u00e1s, cuenta con espacio indispensable para proteger colecciones cient\u00edficas del centro, como las de Paleobot\u00e1nica, Geolog\u00eda, Herpetolog\u00eda y Arqueolog\u00eda, entre otras.<\/p>\n<p>No obstante, la investigadora lament\u00f3: \u201c<em>El futuro es incierto, necesitamos un sistema de desarrollo de la ciencia, de planificaci\u00f3n y de pol\u00edticas claras<\/em>\u201c, en referencia al desfinanciamiento al sistema educativo y a la investigaci\u00f3n en general, lo cual provoc\u00f3 un cerrado aplauso de los presentes.<\/p>\n<p>Adem\u00e1s de las autoridades mencionadas, participaron el <strong>secretario de Ciencia, Tecnolog\u00eda e Innovaci\u00f3n<\/strong>,<strong> Walter Sione<\/strong>, el <strong>senador provincial Jos\u00e9 Vergara<\/strong> y el intendente de Diamante, <strong>Ezio Gieco<\/strong>. Tambi\u00e9n el director del<strong> Conicet Santa Fe, Carlos Pi\u00f1a;<\/strong> y los rectores de las <strong>Universidades Nacional de Entre R\u00edos<\/strong> (UNER),<strong> Andr\u00e9s Sabella; y del Litoral<\/strong> (UNL), <strong>Enrique Mammarella<\/strong>. Por la Uader, adem\u00e1s, la vicerrectora Daniela Dans y los decanos de las Facultades de Ciencias de la Gesti\u00f3n (FCG), <strong>Carlos Cuenca; y de Ciencia y Tecnolog\u00eda (FCyT), Juan Pablo Filipuzzi<\/strong>. (<em>FM Diamante<\/em>)<\/p>\n","protected":false},"excerpt":{"rendered":"<p>Las obras inauguradas este lunes suponen una inversi\u00f3n de 360 millones de pesos de parte del Consejo Nacional de Investigaciones Cient\u00edficas y T\u00e9cnicas (Conicet).<\/p>\n","protected":false},"author":8,"featured_media":200859,"comment_status":"open","ping_status":"open","sticky":false,"template":"","format":"standard","meta":{"fifu_image_url":"","fifu_image_alt":"","footnotes":""},"categories":[5],"tags":[2342,34,175],"class_list":{"0":"post-200857","1":"post","2":"type-post","3":"status-publish","4":"format-standard","5":"has-post-thumbnail","7":"category-zonales","8":"tag-conicet","9":"tag-diamante","10":"tag-inauguracion"},"yoast_head":"<title>Diamante: se inauguraron obras en el Centro de Investigaciones Cient\u00edficas y de Transferencia de Tecnolog\u00eda a la Producci\u00f3n - Informe Litoral<\/title>\n<meta name=\"robots\" content=\"index, follow, max-snippet:-1, max-image-preview:large, max-video-preview:-1\" \/>\n<link rel=\"canonical\" href=\"https:\/\/informelitoral.com.ar\/diamante-se-inauguraron-obras-en-el-centro-de-investigaciones-cientificas-y-de-transferencia-de-tecnologia-a-la-produccion\/\" \/>\n<meta property=\"og:locale\" content=\"es_ES\" \/>\n<meta property=\"og:type\" content=\"article\" \/>\n<meta property=\"og:title\" content=\"Diamante: se inauguraron obras en el Centro de Investigaciones Cient\u00edficas y de Transferencia de Tecnolog\u00eda a la Producci\u00f3n - Informe Litoral\" \/>\n<meta property=\"og:description\" content=\"Las obras inauguradas este lunes suponen una inversi\u00f3n de 360 millones de pesos de parte del Consejo Nacional de Investigaciones Cient\u00edficas y T\u00e9cnicas (Conicet).\" \/>\n<meta property=\"og:url\" content=\"https:\/\/informelitoral.com.ar\/diamante-se-inauguraron-obras-en-el-centro-de-investigaciones-cientificas-y-de-transferencia-de-tecnologia-a-la-produccion\/\" \/>\n<meta property=\"og:site_name\" content=\"Informe Litoral\" \/>\n<meta property=\"article:publisher\" content=\"https:\/\/www.facebook.com\/informelitoral\/\" \/>\n<meta property=\"article:published_time\" content=\"2024-10-16T11:53:11+00:00\" \/>\n<meta property=\"article:modified_time\" content=\"2024-10-16T11:59:22+00:00\" \/>\n<meta property=\"og:image\" content=\"https:\/\/informelitoral.com.ar\/%77%70%2d%63%6f%6e%74%65%6e%74\/uploads\/2024\/10\/Conicet-Diamante-obras-800x445-2.webp\" \/>\n\t<meta property=\"og:image:width\" content=\"800\" \/>\n\t<meta property=\"og:image:height\" content=\"445\" \/>\n\t<meta property=\"og:image:type\" content=\"image\/webp\" \/>\n<meta name=\"author\" content=\"Sebastian\" \/>\n<meta name=\"twitter:card\" content=\"summary_large_image\" \/>\n<meta name=\"twitter:creator\" content=\"@InformeLitoral\" \/>\n<meta name=\"twitter:site\" content=\"@InformeLitoral\" \/>\n<meta name=\"twitter:label1\" content=\"Escrito por\" \/>\n\t<meta name=\"twitter:data1\" content=\"Sebastian\" \/>\n\t<meta name=\"twitter:label2\" content=\"Tiempo de lectura\" \/>\n\t<meta name=\"twitter:data2\" content=\"3 minutos\" \/>\n<script type=\"application\/ld+json\" class=\"yoast-schema-graph\">{\"@context\":\"https:\\\/\\\/schema.org\",\"@graph\":[{\"@type\":\"Article\",\"@id\":\"https:\\\/\\\/informelitoral.com.ar\\\/diamante-se-inauguraron-obras-en-el-centro-de-investigaciones-cientificas-y-de-transferencia-de-tecnologia-a-la-produccion\\\/#article\",\"isPartOf\":{\"@id\":\"https:\\\/\\\/informelitoral.com.ar\\\/diamante-se-inauguraron-obras-en-el-centro-de-investigaciones-cientificas-y-de-transferencia-de-tecnologia-a-la-produccion\\\/\"},\"author\":{\"name\":\"Sebastian\",\"@id\":\"https:\\\/\\\/informelitoral.com.ar\\\/#\\\/schema\\\/person\\\/f05f9f461677119578717524b127d6d5\"},\"headline\":\"Diamante: se inauguraron obras en el Centro de Investigaciones Cient\u00edficas y de Transferencia de Tecnolog\u00eda a la Producci\u00f3n\",\"datePublished\":\"2024-10-16T11:53:11+00:00\",\"dateModified\":\"2024-10-16T11:59:22+00:00\",\"mainEntityOfPage\":{\"@id\":\"https:\\\/\\\/informelitoral.com.ar\\\/diamante-se-inauguraron-obras-en-el-centro-de-investigaciones-cientificas-y-de-transferencia-de-tecnologia-a-la-produccion\\\/\"},\"wordCount\":546,\"commentCount\":0,\"publisher\":{\"@id\":\"https:\\\/\\\/informelitoral.com.ar\\\/#organization\"},\"image\":{\"@id\":\"https:\\\/\\\/informelitoral.com.ar\\\/diamante-se-inauguraron-obras-en-el-centro-de-investigaciones-cientificas-y-de-transferencia-de-tecnologia-a-la-produccion\\\/#primaryimage\"},\"thumbnailUrl\":\"https:\\\/\\\/informelitoral.com.ar\\\/%77%70%2d%63%6f%6e%74%65%6e%74\\\/uploads\\\/2024\\\/10\\\/Conicet-Diamante-obras-800x445-2.webp\",\"keywords\":[\"conicet\",\"Diamante\",\"Inauguraci\u00f3n\"],\"articleSection\":[\"Departamento Diamante\"],\"inLanguage\":\"es\",\"potentialAction\":[{\"@type\":\"CommentAction\",\"name\":\"Comment\",\"target\":[\"https:\\\/\\\/informelitoral.com.ar\\\/diamante-se-inauguraron-obras-en-el-centro-de-investigaciones-cientificas-y-de-transferencia-de-tecnologia-a-la-produccion\\\/#respond\"]}]},{\"@type\":\"WebPage\",\"@id\":\"https:\\\/\\\/informelitoral.com.ar\\\/diamante-se-inauguraron-obras-en-el-centro-de-investigaciones-cientificas-y-de-transferencia-de-tecnologia-a-la-produccion\\\/\",\"url\":\"https:\\\/\\\/informelitoral.com.ar\\\/diamante-se-inauguraron-obras-en-el-centro-de-investigaciones-cientificas-y-de-transferencia-de-tecnologia-a-la-produccion\\\/\",\"name\":\"Diamante: se inauguraron obras en el Centro de Investigaciones Cient\u00edficas y de Transferencia de Tecnolog\u00eda a la Producci\u00f3n - Informe Litoral\",\"isPartOf\":{\"@id\":\"https:\\\/\\\/informelitoral.com.ar\\\/#website\"},\"primaryImageOfPage\":{\"@id\":\"https:\\\/\\\/informelitoral.com.ar\\\/diamante-se-inauguraron-obras-en-el-centro-de-investigaciones-cientificas-y-de-transferencia-de-tecnologia-a-la-produccion\\\/#primaryimage\"},\"image\":{\"@id\":\"https:\\\/\\\/informelitoral.com.ar\\\/diamante-se-inauguraron-obras-en-el-centro-de-investigaciones-cientificas-y-de-transferencia-de-tecnologia-a-la-produccion\\\/#primaryimage\"},\"thumbnailUrl\":\"https:\\\/\\\/informelitoral.com.ar\\\/%77%70%2d%63%6f%6e%74%65%6e%74\\\/uploads\\\/2024\\\/10\\\/Conicet-Diamante-obras-800x445-2.webp\",\"datePublished\":\"2024-10-16T11:53:11+00:00\",\"dateModified\":\"2024-10-16T11:59:22+00:00\",\"breadcrumb\":{\"@id\":\"https:\\\/\\\/informelitoral.com.ar\\\/diamante-se-inauguraron-obras-en-el-centro-de-investigaciones-cientificas-y-de-transferencia-de-tecnologia-a-la-produccion\\\/#breadcrumb\"},\"inLanguage\":\"es\",\"potentialAction\":[{\"@type\":\"ReadAction\",\"target\":[\"https:\\\/\\\/informelitoral.com.ar\\\/diamante-se-inauguraron-obras-en-el-centro-de-investigaciones-cientificas-y-de-transferencia-de-tecnologia-a-la-produccion\\\/\"]}]},{\"@type\":\"ImageObject\",\"inLanguage\":\"es\",\"@id\":\"https:\\\/\\\/informelitoral.com.ar\\\/diamante-se-inauguraron-obras-en-el-centro-de-investigaciones-cientificas-y-de-transferencia-de-tecnologia-a-la-produccion\\\/#primaryimage\",\"url\":\"https:\\\/\\\/informelitoral.com.ar\\\/%77%70%2d%63%6f%6e%74%65%6e%74\\\/uploads\\\/2024\\\/10\\\/Conicet-Diamante-obras-800x445-2.webp\",\"contentUrl\":\"https:\\\/\\\/informelitoral.com.ar\\\/%77%70%2d%63%6f%6e%74%65%6e%74\\\/uploads\\\/2024\\\/10\\\/Conicet-Diamante-obras-800x445-2.webp\",\"width\":800,\"height\":445},{\"@type\":\"BreadcrumbList\",\"@id\":\"https:\\\/\\\/informelitoral.com.ar\\\/diamante-se-inauguraron-obras-en-el-centro-de-investigaciones-cientificas-y-de-transferencia-de-tecnologia-a-la-produccion\\\/#breadcrumb\",\"itemListElement\":[{\"@type\":\"ListItem\",\"position\":1,\"name\":\"Portada\",\"item\":\"https:\\\/\\\/informelitoral.com.ar\\\/\"},{\"@type\":\"ListItem\",\"position\":2,\"name\":\"Diamante: se inauguraron obras en el Centro de Investigaciones Cient\u00edficas y de Transferencia de Tecnolog\u00eda a la Producci\u00f3n\"}]},{\"@type\":\"WebSite\",\"@id\":\"https:\\\/\\\/informelitoral.com.ar\\\/#website\",\"url\":\"https:\\\/\\\/informelitoral.com.ar\\\/\",\"name\":\"Informe Litoral\",\"description\":\"&quot;Nos informamos&quot; \",\"publisher\":{\"@id\":\"https:\\\/\\\/informelitoral.com.ar\\\/#organization\"},\"potentialAction\":[{\"@type\":\"SearchAction\",\"target\":{\"@type\":\"EntryPoint\",\"urlTemplate\":\"https:\\\/\\\/informelitoral.com.ar\\\/?s={search_term_string}\"},\"query-input\":{\"@type\":\"PropertyValueSpecification\",\"valueRequired\":true,\"valueName\":\"search_term_string\"}}],\"inLanguage\":\"es\"},{\"@type\":\"Organization\",\"@id\":\"https:\\\/\\\/informelitoral.com.ar\\\/#organization\",\"name\":\"Informe Litoral\",\"url\":\"https:\\\/\\\/informelitoral.com.ar\\\/\",\"logo\":{\"@type\":\"ImageObject\",\"inLanguage\":\"es\",\"@id\":\"https:\\\/\\\/informelitoral.com.ar\\\/#\\\/schema\\\/logo\\\/image\\\/\",\"url\":\"https:\\\/\\\/informelitoral.com.ar\\\/%77%70%2d%63%6f%6e%74%65%6e%74\\\/uploads\\\/2021\\\/01\\\/circulo.png\",\"contentUrl\":\"https:\\\/\\\/informelitoral.com.ar\\\/%77%70%2d%63%6f%6e%74%65%6e%74\\\/uploads\\\/2021\\\/01\\\/circulo.png\",\"width\":723,\"height\":731,\"caption\":\"Informe Litoral\"},\"image\":{\"@id\":\"https:\\\/\\\/informelitoral.com.ar\\\/#\\\/schema\\\/logo\\\/image\\\/\"},\"sameAs\":[\"https:\\\/\\\/www.facebook.com\\\/informelitoral\\\/\",\"https:\\\/\\\/x.com\\\/InformeLitoral\",\"https:\\\/\\\/www.instagram.com\\\/informelitoral\\\/\",\"https:\\\/\\\/www.youtube.com\\\/channel\\\/UCua4Qvz8Icb6MYqhoq9xLXw\"]},{\"@type\":\"Person\",\"@id\":\"https:\\\/\\\/informelitoral.com.ar\\\/#\\\/schema\\\/person\\\/f05f9f461677119578717524b127d6d5\",\"name\":\"Sebastian\",\"image\":{\"@type\":\"ImageObject\",\"inLanguage\":\"es\",\"@id\":\"https:\\\/\\\/secure.gravatar.com\\\/avatar\\\/b71bf7481d447dfb9583c7f2798e7cc64de6efb9067b74633ed8c31059a3bd82?s=96&d=mm&r=g\",\"url\":\"https:\\\/\\\/secure.gravatar.com\\\/avatar\\\/b71bf7481d447dfb9583c7f2798e7cc64de6efb9067b74633ed8c31059a3bd82?s=96&d=mm&r=g\",\"contentUrl\":\"https:\\\/\\\/secure.gravatar.com\\\/avatar\\\/b71bf7481d447dfb9583c7f2798e7cc64de6efb9067b74633ed8c31059a3bd82?s=96&d=mm&r=g\",\"caption\":\"Sebastian\"},\"url\":\"https:\\\/\\\/informelitoral.com.ar\\\/author\\\/sebastian\\\/\"}]}<\/script>","yoast_head_json":{"title":"Diamante: se inauguraron obras en el Centro de Investigaciones Cient\u00edficas y de Transferencia de Tecnolog\u00eda a la Producci\u00f3n - Informe Litoral","robots":{"index":"index","follow":"follow","max-snippet":"max-snippet:-1","max-image-preview":"max-image-preview:large","max-video-preview":"max-video-preview:-1"},"canonical":"https:\/\/informelitoral.com.ar\/diamante-se-inauguraron-obras-en-el-centro-de-investigaciones-cientificas-y-de-transferencia-de-tecnologia-a-la-produccion\/","og_locale":"es_ES","og_type":"article","og_title":"Diamante: se inauguraron obras en el Centro de Investigaciones Cient\u00edficas y de Transferencia de Tecnolog\u00eda a la Producci\u00f3n - Informe Litoral","og_description":"Las obras inauguradas este lunes suponen una inversi\u00f3n de 360 millones de pesos de parte del Consejo Nacional de Investigaciones Cient\u00edficas y T\u00e9cnicas (Conicet).","og_url":"https:\/\/informelitoral.com.ar\/diamante-se-inauguraron-obras-en-el-centro-de-investigaciones-cientificas-y-de-transferencia-de-tecnologia-a-la-produccion\/","og_site_name":"Informe Litoral","article_publisher":"https:\/\/www.facebook.com\/informelitoral\/","article_published_time":"2024-10-16T11:53:11+00:00","article_modified_time":"2024-10-16T11:59:22+00:00","og_image":[{"width":800,"height":445,"url":"https:\/\/informelitoral.com.ar\/%77%70%2d%63%6f%6e%74%65%6e%74\/uploads\/2024\/10\/Conicet-Diamante-obras-800x445-2.webp","type":"image\/webp"}],"author":"Sebastian","twitter_card":"summary_large_image","twitter_creator":"@InformeLitoral","twitter_site":"@InformeLitoral","twitter_misc":{"Escrito por":"Sebastian","Tiempo de lectura":"3 minutos"},"schema":{"@context":"https:\/\/schema.org","@graph":[{"@type":"Article","@id":"https:\/\/informelitoral.com.ar\/diamante-se-inauguraron-obras-en-el-centro-de-investigaciones-cientificas-y-de-transferencia-de-tecnologia-a-la-produccion\/#article","isPartOf":{"@id":"https:\/\/informelitoral.com.ar\/diamante-se-inauguraron-obras-en-el-centro-de-investigaciones-cientificas-y-de-transferencia-de-tecnologia-a-la-produccion\/"},"author":{"name":"Sebastian","@id":"https:\/\/informelitoral.com.ar\/#\/schema\/person\/f05f9f461677119578717524b127d6d5"},"headline":"Diamante: se inauguraron obras en el Centro de Investigaciones Cient\u00edficas y de Transferencia de Tecnolog\u00eda a la Producci\u00f3n","datePublished":"2024-10-16T11:53:11+00:00","dateModified":"2024-10-16T11:59:22+00:00","mainEntityOfPage":{"@id":"https:\/\/informelitoral.com.ar\/diamante-se-inauguraron-obras-en-el-centro-de-investigaciones-cientificas-y-de-transferencia-de-tecnologia-a-la-produccion\/"},"wordCount":546,"commentCount":0,"publisher":{"@id":"https:\/\/informelitoral.com.ar\/#organization"},"image":{"@id":"https:\/\/informelitoral.com.ar\/diamante-se-inauguraron-obras-en-el-centro-de-investigaciones-cientificas-y-de-transferencia-de-tecnologia-a-la-produccion\/#primaryimage"},"thumbnailUrl":"https:\/\/informelitoral.com.ar\/%77%70%2d%63%6f%6e%74%65%6e%74\/uploads\/2024\/10\/Conicet-Diamante-obras-800x445-2.webp","keywords":["conicet","Diamante","Inauguraci\u00f3n"],"articleSection":["Departamento Diamante"],"inLanguage":"es","potentialAction":[{"@type":"CommentAction","name":"Comment","target":["https:\/\/informelitoral.com.ar\/diamante-se-inauguraron-obras-en-el-centro-de-investigaciones-cientificas-y-de-transferencia-de-tecnologia-a-la-produccion\/#respond"]}]},{"@type":"WebPage","@id":"https:\/\/informelitoral.com.ar\/diamante-se-inauguraron-obras-en-el-centro-de-investigaciones-cientificas-y-de-transferencia-de-tecnologia-a-la-produccion\/","url":"https:\/\/informelitoral.com.ar\/diamante-se-inauguraron-obras-en-el-centro-de-investigaciones-cientificas-y-de-transferencia-de-tecnologia-a-la-produccion\/","name":"Diamante: se inauguraron obras en el Centro de Investigaciones Cient\u00edficas y de Transferencia de Tecnolog\u00eda a la Producci\u00f3n - Informe Litoral","isPartOf":{"@id":"https:\/\/informelitoral.com.ar\/#website"},"primaryImageOfPage":{"@id":"https:\/\/informelitoral.com.ar\/diamante-se-inauguraron-obras-en-el-centro-de-investigaciones-cientificas-y-de-transferencia-de-tecnologia-a-la-produccion\/#primaryimage"},"image":{"@id":"https:\/\/informelitoral.com.ar\/diamante-se-inauguraron-obras-en-el-centro-de-investigaciones-cientificas-y-de-transferencia-de-tecnologia-a-la-produccion\/#primaryimage"},"thumbnailUrl":"https:\/\/informelitoral.com.ar\/%77%70%2d%63%6f%6e%74%65%6e%74\/uploads\/2024\/10\/Conicet-Diamante-obras-800x445-2.webp","datePublished":"2024-10-16T11:53:11+00:00","dateModified":"2024-10-16T11:59:22+00:00","breadcrumb":{"@id":"https:\/\/informelitoral.com.ar\/diamante-se-inauguraron-obras-en-el-centro-de-investigaciones-cientificas-y-de-transferencia-de-tecnologia-a-la-produccion\/#breadcrumb"},"inLanguage":"es","potentialAction":[{"@type":"ReadAction","target":["https:\/\/informelitoral.com.ar\/diamante-se-inauguraron-obras-en-el-centro-de-investigaciones-cientificas-y-de-transferencia-de-tecnologia-a-la-produccion\/"]}]},{"@type":"ImageObject","inLanguage":"es","@id":"https:\/\/informelitoral.com.ar\/diamante-se-inauguraron-obras-en-el-centro-de-investigaciones-cientificas-y-de-transferencia-de-tecnologia-a-la-produccion\/#primaryimage","url":"https:\/\/informelitoral.com.ar\/%77%70%2d%63%6f%6e%74%65%6e%74\/uploads\/2024\/10\/Conicet-Diamante-obras-800x445-2.webp","contentUrl":"https:\/\/informelitoral.com.ar\/%77%70%2d%63%6f%6e%74%65%6e%74\/uploads\/2024\/10\/Conicet-Diamante-obras-800x445-2.webp","width":800,"height":445},{"@type":"BreadcrumbList","@id":"https:\/\/informelitoral.com.ar\/diamante-se-inauguraron-obras-en-el-centro-de-investigaciones-cientificas-y-de-transferencia-de-tecnologia-a-la-produccion\/#breadcrumb","itemListElement":[{"@type":"ListItem","position":1,"name":"Portada","item":"https:\/\/informelitoral.com.ar\/"},{"@type":"ListItem","position":2,"name":"Diamante: se inauguraron obras en el Centro de Investigaciones Cient\u00edficas y de Transferencia de Tecnolog\u00eda a la Producci\u00f3n"}]},{"@type":"WebSite","@id":"https:\/\/informelitoral.com.ar\/#website","url":"https:\/\/informelitoral.com.ar\/","name":"Informe Litoral","description":"&quot;Nos informamos&quot; ","publisher":{"@id":"https:\/\/informelitoral.com.ar\/#organization"},"potentialAction":[{"@type":"SearchAction","target":{"@type":"EntryPoint","urlTemplate":"https:\/\/informelitoral.com.ar\/?s={search_term_string}"},"query-input":{"@type":"PropertyValueSpecification","valueRequired":true,"valueName":"search_term_string"}}],"inLanguage":"es"},{"@type":"Organization","@id":"https:\/\/informelitoral.com.ar\/#organization","name":"Informe Litoral","url":"https:\/\/informelitoral.com.ar\/","logo":{"@type":"ImageObject","inLanguage":"es","@id":"https:\/\/informelitoral.com.ar\/#\/schema\/logo\/image\/","url":"https:\/\/informelitoral.com.ar\/%77%70%2d%63%6f%6e%74%65%6e%74\/uploads\/2021\/01\/circulo.png","contentUrl":"https:\/\/informelitoral.com.ar\/%77%70%2d%63%6f%6e%74%65%6e%74\/uploads\/2021\/01\/circulo.png","width":723,"height":731,"caption":"Informe Litoral"},"image":{"@id":"https:\/\/informelitoral.com.ar\/#\/schema\/logo\/image\/"},"sameAs":["https:\/\/www.facebook.com\/informelitoral\/","https:\/\/x.com\/InformeLitoral","https:\/\/www.instagram.com\/informelitoral\/","https:\/\/www.youtube.com\/channel\/UCua4Qvz8Icb6MYqhoq9xLXw"]},{"@type":"Person","@id":"https:\/\/informelitoral.com.ar\/#\/schema\/person\/f05f9f461677119578717524b127d6d5","name":"Sebastian","image":{"@type":"ImageObject","inLanguage":"es","@id":"https:\/\/secure.gravatar.com\/avatar\/b71bf7481d447dfb9583c7f2798e7cc64de6efb9067b74633ed8c31059a3bd82?s=96&d=mm&r=g","url":"https:\/\/secure.gravatar.com\/avatar\/b71bf7481d447dfb9583c7f2798e7cc64de6efb9067b74633ed8c31059a3bd82?s=96&d=mm&r=g","contentUrl":"https:\/\/secure.gravatar.com\/avatar\/b71bf7481d447dfb9583c7f2798e7cc64de6efb9067b74633ed8c31059a3bd82?s=96&d=mm&r=g","caption":"Sebastian"},"url":"https:\/\/informelitoral.com.ar\/author\/sebastian\/"}]}},"_links":{"self":[{"href":"https:\/\/informelitoral.com.ar\/%77%70%2d%6a%73%6f%6e\/wp\/v2\/posts\/200857","targetHints":{"allow":["GET"]}}],"collection":[{"href":"https:\/\/informelitoral.com.ar\/%77%70%2d%6a%73%6f%6e\/wp\/v2\/posts"}],"about":[{"href":"https:\/\/informelitoral.com.ar\/%77%70%2d%6a%73%6f%6e\/wp\/v2\/types\/post"}],"author":[{"embeddable":true,"href":"https:\/\/informelitoral.com.ar\/%77%70%2d%6a%73%6f%6e\/wp\/v2\/users\/8"}],"replies":[{"embeddable":true,"href":"https:\/\/informelitoral.com.ar\/%77%70%2d%6a%73%6f%6e\/wp\/v2\/comments?post=200857"}],"version-history":[{"count":0,"href":"https:\/\/informelitoral.com.ar\/%77%70%2d%6a%73%6f%6e\/wp\/v2\/posts\/200857\/revisions"}],"wp:featuredmedia":[{"embeddable":true,"href":"https:\/\/informelitoral.com.ar\/%77%70%2d%6a%73%6f%6e\/wp\/v2\/media\/200859"}],"wp:attachment":[{"href":"https:\/\/informelitoral.com.ar\/%77%70%2d%6a%73%6f%6e\/wp\/v2\/media?parent=200857"}],"wp:term":[{"taxonomy":"category","embeddable":true,"href":"https:\/\/informelitoral.com.ar\/%77%70%2d%6a%73%6f%6e\/wp\/v2\/categories?post=200857"},{"taxonomy":"post_tag","embeddable":true,"href":"https:\/\/informelitoral.com.ar\/%77%70%2d%6a%73%6f%6e\/wp\/v2\/tags?post=200857"}],"curies":[{"name":"wp","href":"https:\/\/api.w.org\/{rel}","templated":true}]}}