{"id":200706,"date":"2024-10-15T07:58:54","date_gmt":"2024-10-15T10:58:54","guid":{"rendered":"https:\/\/www.informelitoral.com.ar\/?p=200706"},"modified":"2024-10-15T08:00:29","modified_gmt":"2024-10-15T11:00:29","slug":"el-gobernador-frigerio-encabezo-una-nueva-reunion-de-gabinete-para-tratar-temas-de-gestion","status":"publish","type":"post","link":"https:\/\/informelitoral.com.ar\/el-gobernador-frigerio-encabezo-una-nueva-reunion-de-gabinete-para-tratar-temas-de-gestion\/","title":{"rendered":"El gobernador Frigerio encabez\u00f3 una nueva reuni\u00f3n de gabinete para tratar temas de gesti\u00f3n"},"content":{"rendered":"<p>Del encuentro que se desarroll\u00f3 en el<strong> Sal\u00f3n de los Gobernadores<\/strong>, participaron adem\u00e1s de ministros y secretarios, la vicegobernadora <strong>Alicia Aluani<\/strong>, y el presidente de la <strong>C\u00e1mara de Diputados,<\/strong> <strong>Gustavo Hein<\/strong>. \u00abFue una reuni\u00f3n muy positiva donde se trataron temas de gesti\u00f3n de todas las \u00e1reas\u00bb, precis\u00f3 el ministro de <strong>Gobierno <\/strong>y <strong>Trabajo<\/strong>,<strong> Manuel Troncoso<\/strong>.<\/p>\n<p>Troncoso, precis\u00f3 que uno de los temas tratados fue el de las negociaciones paritarias, dado que por la ma\u00f1ana se desarroll\u00f3 la reuni\u00f3n con los gremios estatales que pas\u00f3 a cuarto intermedio para el jueves. \u00abCreemos que estamos muy encaminados en llegar a un acuerdo\u00bb, expres\u00f3. Coment\u00f3 que tambi\u00e9n dialogaron sobre la incorporaci\u00f3n de Juli\u00e1n Stoppello, como secretario de Cultura.<\/p>\n<p>Por \u00faltimo, el ministro resalt\u00f3 la importancia de la reuni\u00f3n, \u00abporque m\u00e1s all\u00e1 del seguimiento que pueda hacer el gobernador de las diferentes \u00e1reas, es una posibilidad de tener un contacto fluido y poner en la mesa que est\u00e1 haciendo cada \u00e1rea y cada sector para que estemos todos en conocimiento\u00bb, indic\u00f3 y, asegur\u00f3 que en t\u00e9rminos de comunicaci\u00f3n interna \u00abson muy importantes\u00bb.<\/p>\n","protected":false},"excerpt":{"rendered":"<p>El gobernador Rogelio Frigerio reuni\u00f3 a su equipo este lunes en Casa de Gobierno para tratar temas de gesti\u00f3n de las diferentes \u00e1reas, entre ellos paritarias y la incorporaci\u00f3n del nuevo secretario de Cultura.<\/p>\n","protected":false},"author":8,"featured_media":200707,"comment_status":"open","ping_status":"open","sticky":false,"template":"","format":"standard","meta":{"fifu_image_url":"","fifu_image_alt":"","footnotes":""},"categories":[16],"tags":[2109,4751,949],"class_list":{"0":"post-200706","1":"post","2":"type-post","3":"status-publish","4":"format-standard","5":"has-post-thumbnail","7":"category-politi","8":"tag-gestion","9":"tag-reunion-de-gabinete","10":"tag-rogelio-frigerio"},"yoast_head":"<title>El gobernador Frigerio encabez\u00f3 una nueva reuni\u00f3n de gabinete para tratar temas de gesti\u00f3n - Informe Litoral<\/title>\n<meta name=\"robots\" content=\"index, follow, max-snippet:-1, max-image-preview:large, max-video-preview:-1\" \/>\n<link rel=\"canonical\" href=\"https:\/\/informelitoral.com.ar\/el-gobernador-frigerio-encabezo-una-nueva-reunion-de-gabinete-para-tratar-temas-de-gestion\/\" \/>\n<meta property=\"og:locale\" content=\"es_ES\" \/>\n<meta property=\"og:type\" content=\"article\" \/>\n<meta property=\"og:title\" content=\"El gobernador Frigerio encabez\u00f3 una nueva reuni\u00f3n de gabinete para tratar temas de gesti\u00f3n - Informe Litoral\" \/>\n<meta property=\"og:description\" content=\"El gobernador Rogelio Frigerio reuni\u00f3 a su equipo este lunes en Casa de Gobierno para tratar temas de gesti\u00f3n de las diferentes \u00e1reas, entre ellos paritarias y la incorporaci\u00f3n del nuevo secretario de Cultura.\" \/>\n<meta property=\"og:url\" content=\"https:\/\/informelitoral.com.ar\/el-gobernador-frigerio-encabezo-una-nueva-reunion-de-gabinete-para-tratar-temas-de-gestion\/\" \/>\n<meta property=\"og:site_name\" content=\"Informe Litoral\" \/>\n<meta property=\"article:publisher\" content=\"https:\/\/www.facebook.com\/informelitoral\/\" \/>\n<meta property=\"article:published_time\" content=\"2024-10-15T10:58:54+00:00\" \/>\n<meta property=\"article:modified_time\" content=\"2024-10-15T11:00:29+00:00\" \/>\n<meta property=\"og:image\" content=\"https:\/\/informelitoral.com.ar\/%77%70%2d%63%6f%6e%74%65%6e%74\/uploads\/2024\/10\/Compartido-desde-Lightroom-mobile-3.jpg\" \/>\n\t<meta property=\"og:image:width\" content=\"1920\" \/>\n\t<meta property=\"og:image:height\" content=\"1280\" \/>\n\t<meta property=\"og:image:type\" content=\"image\/jpeg\" \/>\n<meta name=\"author\" content=\"Sebastian\" \/>\n<meta name=\"twitter:card\" content=\"summary_large_image\" \/>\n<meta name=\"twitter:creator\" content=\"@InformeLitoral\" \/>\n<meta name=\"twitter:site\" content=\"@InformeLitoral\" \/>\n<meta name=\"twitter:label1\" content=\"Escrito por\" \/>\n\t<meta name=\"twitter:data1\" content=\"Sebastian\" \/>\n\t<meta name=\"twitter:label2\" content=\"Tiempo de lectura\" \/>\n\t<meta name=\"twitter:data2\" content=\"1 minuto\" \/>\n<script type=\"application\/ld+json\" class=\"yoast-schema-graph\">{\"@context\":\"https:\\\/\\\/schema.org\",\"@graph\":[{\"@type\":\"Article\",\"@id\":\"https:\\\/\\\/informelitoral.com.ar\\\/el-gobernador-frigerio-encabezo-una-nueva-reunion-de-gabinete-para-tratar-temas-de-gestion\\\/#article\",\"isPartOf\":{\"@id\":\"https:\\\/\\\/informelitoral.com.ar\\\/el-gobernador-frigerio-encabezo-una-nueva-reunion-de-gabinete-para-tratar-temas-de-gestion\\\/\"},\"author\":{\"name\":\"Sebastian\",\"@id\":\"https:\\\/\\\/informelitoral.com.ar\\\/#\\\/schema\\\/person\\\/f05f9f461677119578717524b127d6d5\"},\"headline\":\"El gobernador Frigerio encabez\u00f3 una nueva reuni\u00f3n de gabinete para tratar temas de gesti\u00f3n\",\"datePublished\":\"2024-10-15T10:58:54+00:00\",\"dateModified\":\"2024-10-15T11:00:29+00:00\",\"mainEntityOfPage\":{\"@id\":\"https:\\\/\\\/informelitoral.com.ar\\\/el-gobernador-frigerio-encabezo-una-nueva-reunion-de-gabinete-para-tratar-temas-de-gestion\\\/\"},\"wordCount\":208,\"commentCount\":0,\"publisher\":{\"@id\":\"https:\\\/\\\/informelitoral.com.ar\\\/#organization\"},\"image\":{\"@id\":\"https:\\\/\\\/informelitoral.com.ar\\\/el-gobernador-frigerio-encabezo-una-nueva-reunion-de-gabinete-para-tratar-temas-de-gestion\\\/#primaryimage\"},\"thumbnailUrl\":\"https:\\\/\\\/informelitoral.com.ar\\\/%77%70%2d%63%6f%6e%74%65%6e%74\\\/uploads\\\/2024\\\/10\\\/Compartido-desde-Lightroom-mobile-3.jpg\",\"keywords\":[\"Gesti\u00f3n\",\"Reuni\u00f3n de Gabinete\",\"Rogelio Frigerio\"],\"articleSection\":[\"Politica\"],\"inLanguage\":\"es\",\"potentialAction\":[{\"@type\":\"CommentAction\",\"name\":\"Comment\",\"target\":[\"https:\\\/\\\/informelitoral.com.ar\\\/el-gobernador-frigerio-encabezo-una-nueva-reunion-de-gabinete-para-tratar-temas-de-gestion\\\/#respond\"]}]},{\"@type\":\"WebPage\",\"@id\":\"https:\\\/\\\/informelitoral.com.ar\\\/el-gobernador-frigerio-encabezo-una-nueva-reunion-de-gabinete-para-tratar-temas-de-gestion\\\/\",\"url\":\"https:\\\/\\\/informelitoral.com.ar\\\/el-gobernador-frigerio-encabezo-una-nueva-reunion-de-gabinete-para-tratar-temas-de-gestion\\\/\",\"name\":\"El gobernador Frigerio encabez\u00f3 una nueva reuni\u00f3n de gabinete para tratar temas de gesti\u00f3n - Informe Litoral\",\"isPartOf\":{\"@id\":\"https:\\\/\\\/informelitoral.com.ar\\\/#website\"},\"primaryImageOfPage\":{\"@id\":\"https:\\\/\\\/informelitoral.com.ar\\\/el-gobernador-frigerio-encabezo-una-nueva-reunion-de-gabinete-para-tratar-temas-de-gestion\\\/#primaryimage\"},\"image\":{\"@id\":\"https:\\\/\\\/informelitoral.com.ar\\\/el-gobernador-frigerio-encabezo-una-nueva-reunion-de-gabinete-para-tratar-temas-de-gestion\\\/#primaryimage\"},\"thumbnailUrl\":\"https:\\\/\\\/informelitoral.com.ar\\\/%77%70%2d%63%6f%6e%74%65%6e%74\\\/uploads\\\/2024\\\/10\\\/Compartido-desde-Lightroom-mobile-3.jpg\",\"datePublished\":\"2024-10-15T10:58:54+00:00\",\"dateModified\":\"2024-10-15T11:00:29+00:00\",\"breadcrumb\":{\"@id\":\"https:\\\/\\\/informelitoral.com.ar\\\/el-gobernador-frigerio-encabezo-una-nueva-reunion-de-gabinete-para-tratar-temas-de-gestion\\\/#breadcrumb\"},\"inLanguage\":\"es\",\"potentialAction\":[{\"@type\":\"ReadAction\",\"target\":[\"https:\\\/\\\/informelitoral.com.ar\\\/el-gobernador-frigerio-encabezo-una-nueva-reunion-de-gabinete-para-tratar-temas-de-gestion\\\/\"]}]},{\"@type\":\"ImageObject\",\"inLanguage\":\"es\",\"@id\":\"https:\\\/\\\/informelitoral.com.ar\\\/el-gobernador-frigerio-encabezo-una-nueva-reunion-de-gabinete-para-tratar-temas-de-gestion\\\/#primaryimage\",\"url\":\"https:\\\/\\\/informelitoral.com.ar\\\/%77%70%2d%63%6f%6e%74%65%6e%74\\\/uploads\\\/2024\\\/10\\\/Compartido-desde-Lightroom-mobile-3.jpg\",\"contentUrl\":\"https:\\\/\\\/informelitoral.com.ar\\\/%77%70%2d%63%6f%6e%74%65%6e%74\\\/uploads\\\/2024\\\/10\\\/Compartido-desde-Lightroom-mobile-3.jpg\",\"width\":1920,\"height\":1280},{\"@type\":\"BreadcrumbList\",\"@id\":\"https:\\\/\\\/informelitoral.com.ar\\\/el-gobernador-frigerio-encabezo-una-nueva-reunion-de-gabinete-para-tratar-temas-de-gestion\\\/#breadcrumb\",\"itemListElement\":[{\"@type\":\"ListItem\",\"position\":1,\"name\":\"Portada\",\"item\":\"https:\\\/\\\/informelitoral.com.ar\\\/\"},{\"@type\":\"ListItem\",\"position\":2,\"name\":\"El gobernador Frigerio encabez\u00f3 una nueva reuni\u00f3n de gabinete para tratar temas de gesti\u00f3n\"}]},{\"@type\":\"WebSite\",\"@id\":\"https:\\\/\\\/informelitoral.com.ar\\\/#website\",\"url\":\"https:\\\/\\\/informelitoral.com.ar\\\/\",\"name\":\"Informe Litoral\",\"description\":\"&quot;Nos informamos&quot; \",\"publisher\":{\"@id\":\"https:\\\/\\\/informelitoral.com.ar\\\/#organization\"},\"potentialAction\":[{\"@type\":\"SearchAction\",\"target\":{\"@type\":\"EntryPoint\",\"urlTemplate\":\"https:\\\/\\\/informelitoral.com.ar\\\/?s={search_term_string}\"},\"query-input\":{\"@type\":\"PropertyValueSpecification\",\"valueRequired\":true,\"valueName\":\"search_term_string\"}}],\"inLanguage\":\"es\"},{\"@type\":\"Organization\",\"@id\":\"https:\\\/\\\/informelitoral.com.ar\\\/#organization\",\"name\":\"Informe Litoral\",\"url\":\"https:\\\/\\\/informelitoral.com.ar\\\/\",\"logo\":{\"@type\":\"ImageObject\",\"inLanguage\":\"es\",\"@id\":\"https:\\\/\\\/informelitoral.com.ar\\\/#\\\/schema\\\/logo\\\/image\\\/\",\"url\":\"https:\\\/\\\/informelitoral.com.ar\\\/%77%70%2d%63%6f%6e%74%65%6e%74\\\/uploads\\\/2021\\\/01\\\/circulo.png\",\"contentUrl\":\"https:\\\/\\\/informelitoral.com.ar\\\/%77%70%2d%63%6f%6e%74%65%6e%74\\\/uploads\\\/2021\\\/01\\\/circulo.png\",\"width\":723,\"height\":731,\"caption\":\"Informe Litoral\"},\"image\":{\"@id\":\"https:\\\/\\\/informelitoral.com.ar\\\/#\\\/schema\\\/logo\\\/image\\\/\"},\"sameAs\":[\"https:\\\/\\\/www.facebook.com\\\/informelitoral\\\/\",\"https:\\\/\\\/x.com\\\/InformeLitoral\",\"https:\\\/\\\/www.instagram.com\\\/informelitoral\\\/\",\"https:\\\/\\\/www.youtube.com\\\/channel\\\/UCua4Qvz8Icb6MYqhoq9xLXw\"]},{\"@type\":\"Person\",\"@id\":\"https:\\\/\\\/informelitoral.com.ar\\\/#\\\/schema\\\/person\\\/f05f9f461677119578717524b127d6d5\",\"name\":\"Sebastian\",\"image\":{\"@type\":\"ImageObject\",\"inLanguage\":\"es\",\"@id\":\"https:\\\/\\\/secure.gravatar.com\\\/avatar\\\/b71bf7481d447dfb9583c7f2798e7cc64de6efb9067b74633ed8c31059a3bd82?s=96&d=mm&r=g\",\"url\":\"https:\\\/\\\/secure.gravatar.com\\\/avatar\\\/b71bf7481d447dfb9583c7f2798e7cc64de6efb9067b74633ed8c31059a3bd82?s=96&d=mm&r=g\",\"contentUrl\":\"https:\\\/\\\/secure.gravatar.com\\\/avatar\\\/b71bf7481d447dfb9583c7f2798e7cc64de6efb9067b74633ed8c31059a3bd82?s=96&d=mm&r=g\",\"caption\":\"Sebastian\"},\"url\":\"https:\\\/\\\/informelitoral.com.ar\\\/author\\\/sebastian\\\/\"}]}<\/script>","yoast_head_json":{"title":"El gobernador Frigerio encabez\u00f3 una nueva reuni\u00f3n de gabinete para tratar temas de gesti\u00f3n - Informe Litoral","robots":{"index":"index","follow":"follow","max-snippet":"max-snippet:-1","max-image-preview":"max-image-preview:large","max-video-preview":"max-video-preview:-1"},"canonical":"https:\/\/informelitoral.com.ar\/el-gobernador-frigerio-encabezo-una-nueva-reunion-de-gabinete-para-tratar-temas-de-gestion\/","og_locale":"es_ES","og_type":"article","og_title":"El gobernador Frigerio encabez\u00f3 una nueva reuni\u00f3n de gabinete para tratar temas de gesti\u00f3n - Informe Litoral","og_description":"El gobernador Rogelio Frigerio reuni\u00f3 a su equipo este lunes en Casa de Gobierno para tratar temas de gesti\u00f3n de las diferentes \u00e1reas, entre ellos paritarias y la incorporaci\u00f3n del nuevo secretario de Cultura.","og_url":"https:\/\/informelitoral.com.ar\/el-gobernador-frigerio-encabezo-una-nueva-reunion-de-gabinete-para-tratar-temas-de-gestion\/","og_site_name":"Informe Litoral","article_publisher":"https:\/\/www.facebook.com\/informelitoral\/","article_published_time":"2024-10-15T10:58:54+00:00","article_modified_time":"2024-10-15T11:00:29+00:00","og_image":[{"width":1920,"height":1280,"url":"https:\/\/informelitoral.com.ar\/%77%70%2d%63%6f%6e%74%65%6e%74\/uploads\/2024\/10\/Compartido-desde-Lightroom-mobile-3.jpg","type":"image\/jpeg"}],"author":"Sebastian","twitter_card":"summary_large_image","twitter_creator":"@InformeLitoral","twitter_site":"@InformeLitoral","twitter_misc":{"Escrito por":"Sebastian","Tiempo de lectura":"1 minuto"},"schema":{"@context":"https:\/\/schema.org","@graph":[{"@type":"Article","@id":"https:\/\/informelitoral.com.ar\/el-gobernador-frigerio-encabezo-una-nueva-reunion-de-gabinete-para-tratar-temas-de-gestion\/#article","isPartOf":{"@id":"https:\/\/informelitoral.com.ar\/el-gobernador-frigerio-encabezo-una-nueva-reunion-de-gabinete-para-tratar-temas-de-gestion\/"},"author":{"name":"Sebastian","@id":"https:\/\/informelitoral.com.ar\/#\/schema\/person\/f05f9f461677119578717524b127d6d5"},"headline":"El gobernador Frigerio encabez\u00f3 una nueva reuni\u00f3n de gabinete para tratar temas de gesti\u00f3n","datePublished":"2024-10-15T10:58:54+00:00","dateModified":"2024-10-15T11:00:29+00:00","mainEntityOfPage":{"@id":"https:\/\/informelitoral.com.ar\/el-gobernador-frigerio-encabezo-una-nueva-reunion-de-gabinete-para-tratar-temas-de-gestion\/"},"wordCount":208,"commentCount":0,"publisher":{"@id":"https:\/\/informelitoral.com.ar\/#organization"},"image":{"@id":"https:\/\/informelitoral.com.ar\/el-gobernador-frigerio-encabezo-una-nueva-reunion-de-gabinete-para-tratar-temas-de-gestion\/#primaryimage"},"thumbnailUrl":"https:\/\/informelitoral.com.ar\/%77%70%2d%63%6f%6e%74%65%6e%74\/uploads\/2024\/10\/Compartido-desde-Lightroom-mobile-3.jpg","keywords":["Gesti\u00f3n","Reuni\u00f3n de Gabinete","Rogelio Frigerio"],"articleSection":["Politica"],"inLanguage":"es","potentialAction":[{"@type":"CommentAction","name":"Comment","target":["https:\/\/informelitoral.com.ar\/el-gobernador-frigerio-encabezo-una-nueva-reunion-de-gabinete-para-tratar-temas-de-gestion\/#respond"]}]},{"@type":"WebPage","@id":"https:\/\/informelitoral.com.ar\/el-gobernador-frigerio-encabezo-una-nueva-reunion-de-gabinete-para-tratar-temas-de-gestion\/","url":"https:\/\/informelitoral.com.ar\/el-gobernador-frigerio-encabezo-una-nueva-reunion-de-gabinete-para-tratar-temas-de-gestion\/","name":"El gobernador Frigerio encabez\u00f3 una nueva reuni\u00f3n de gabinete para tratar temas de gesti\u00f3n - Informe Litoral","isPartOf":{"@id":"https:\/\/informelitoral.com.ar\/#website"},"primaryImageOfPage":{"@id":"https:\/\/informelitoral.com.ar\/el-gobernador-frigerio-encabezo-una-nueva-reunion-de-gabinete-para-tratar-temas-de-gestion\/#primaryimage"},"image":{"@id":"https:\/\/informelitoral.com.ar\/el-gobernador-frigerio-encabezo-una-nueva-reunion-de-gabinete-para-tratar-temas-de-gestion\/#primaryimage"},"thumbnailUrl":"https:\/\/informelitoral.com.ar\/%77%70%2d%63%6f%6e%74%65%6e%74\/uploads\/2024\/10\/Compartido-desde-Lightroom-mobile-3.jpg","datePublished":"2024-10-15T10:58:54+00:00","dateModified":"2024-10-15T11:00:29+00:00","breadcrumb":{"@id":"https:\/\/informelitoral.com.ar\/el-gobernador-frigerio-encabezo-una-nueva-reunion-de-gabinete-para-tratar-temas-de-gestion\/#breadcrumb"},"inLanguage":"es","potentialAction":[{"@type":"ReadAction","target":["https:\/\/informelitoral.com.ar\/el-gobernador-frigerio-encabezo-una-nueva-reunion-de-gabinete-para-tratar-temas-de-gestion\/"]}]},{"@type":"ImageObject","inLanguage":"es","@id":"https:\/\/informelitoral.com.ar\/el-gobernador-frigerio-encabezo-una-nueva-reunion-de-gabinete-para-tratar-temas-de-gestion\/#primaryimage","url":"https:\/\/informelitoral.com.ar\/%77%70%2d%63%6f%6e%74%65%6e%74\/uploads\/2024\/10\/Compartido-desde-Lightroom-mobile-3.jpg","contentUrl":"https:\/\/informelitoral.com.ar\/%77%70%2d%63%6f%6e%74%65%6e%74\/uploads\/2024\/10\/Compartido-desde-Lightroom-mobile-3.jpg","width":1920,"height":1280},{"@type":"BreadcrumbList","@id":"https:\/\/informelitoral.com.ar\/el-gobernador-frigerio-encabezo-una-nueva-reunion-de-gabinete-para-tratar-temas-de-gestion\/#breadcrumb","itemListElement":[{"@type":"ListItem","position":1,"name":"Portada","item":"https:\/\/informelitoral.com.ar\/"},{"@type":"ListItem","position":2,"name":"El gobernador Frigerio encabez\u00f3 una nueva reuni\u00f3n de gabinete para tratar temas de gesti\u00f3n"}]},{"@type":"WebSite","@id":"https:\/\/informelitoral.com.ar\/#website","url":"https:\/\/informelitoral.com.ar\/","name":"Informe Litoral","description":"&quot;Nos informamos&quot; ","publisher":{"@id":"https:\/\/informelitoral.com.ar\/#organization"},"potentialAction":[{"@type":"SearchAction","target":{"@type":"EntryPoint","urlTemplate":"https:\/\/informelitoral.com.ar\/?s={search_term_string}"},"query-input":{"@type":"PropertyValueSpecification","valueRequired":true,"valueName":"search_term_string"}}],"inLanguage":"es"},{"@type":"Organization","@id":"https:\/\/informelitoral.com.ar\/#organization","name":"Informe Litoral","url":"https:\/\/informelitoral.com.ar\/","logo":{"@type":"ImageObject","inLanguage":"es","@id":"https:\/\/informelitoral.com.ar\/#\/schema\/logo\/image\/","url":"https:\/\/informelitoral.com.ar\/%77%70%2d%63%6f%6e%74%65%6e%74\/uploads\/2021\/01\/circulo.png","contentUrl":"https:\/\/informelitoral.com.ar\/%77%70%2d%63%6f%6e%74%65%6e%74\/uploads\/2021\/01\/circulo.png","width":723,"height":731,"caption":"Informe Litoral"},"image":{"@id":"https:\/\/informelitoral.com.ar\/#\/schema\/logo\/image\/"},"sameAs":["https:\/\/www.facebook.com\/informelitoral\/","https:\/\/x.com\/InformeLitoral","https:\/\/www.instagram.com\/informelitoral\/","https:\/\/www.youtube.com\/channel\/UCua4Qvz8Icb6MYqhoq9xLXw"]},{"@type":"Person","@id":"https:\/\/informelitoral.com.ar\/#\/schema\/person\/f05f9f461677119578717524b127d6d5","name":"Sebastian","image":{"@type":"ImageObject","inLanguage":"es","@id":"https:\/\/secure.gravatar.com\/avatar\/b71bf7481d447dfb9583c7f2798e7cc64de6efb9067b74633ed8c31059a3bd82?s=96&d=mm&r=g","url":"https:\/\/secure.gravatar.com\/avatar\/b71bf7481d447dfb9583c7f2798e7cc64de6efb9067b74633ed8c31059a3bd82?s=96&d=mm&r=g","contentUrl":"https:\/\/secure.gravatar.com\/avatar\/b71bf7481d447dfb9583c7f2798e7cc64de6efb9067b74633ed8c31059a3bd82?s=96&d=mm&r=g","caption":"Sebastian"},"url":"https:\/\/informelitoral.com.ar\/author\/sebastian\/"}]}},"_links":{"self":[{"href":"https:\/\/informelitoral.com.ar\/%77%70%2d%6a%73%6f%6e\/wp\/v2\/posts\/200706","targetHints":{"allow":["GET"]}}],"collection":[{"href":"https:\/\/informelitoral.com.ar\/%77%70%2d%6a%73%6f%6e\/wp\/v2\/posts"}],"about":[{"href":"https:\/\/informelitoral.com.ar\/%77%70%2d%6a%73%6f%6e\/wp\/v2\/types\/post"}],"author":[{"embeddable":true,"href":"https:\/\/informelitoral.com.ar\/%77%70%2d%6a%73%6f%6e\/wp\/v2\/users\/8"}],"replies":[{"embeddable":true,"href":"https:\/\/informelitoral.com.ar\/%77%70%2d%6a%73%6f%6e\/wp\/v2\/comments?post=200706"}],"version-history":[{"count":0,"href":"https:\/\/informelitoral.com.ar\/%77%70%2d%6a%73%6f%6e\/wp\/v2\/posts\/200706\/revisions"}],"wp:featuredmedia":[{"embeddable":true,"href":"https:\/\/informelitoral.com.ar\/%77%70%2d%6a%73%6f%6e\/wp\/v2\/media\/200707"}],"wp:attachment":[{"href":"https:\/\/informelitoral.com.ar\/%77%70%2d%6a%73%6f%6e\/wp\/v2\/media?parent=200706"}],"wp:term":[{"taxonomy":"category","embeddable":true,"href":"https:\/\/informelitoral.com.ar\/%77%70%2d%6a%73%6f%6e\/wp\/v2\/categories?post=200706"},{"taxonomy":"post_tag","embeddable":true,"href":"https:\/\/informelitoral.com.ar\/%77%70%2d%6a%73%6f%6e\/wp\/v2\/tags?post=200706"}],"curies":[{"name":"wp","href":"https:\/\/api.w.org\/{rel}","templated":true}]}}