{"id":200129,"date":"2024-10-08T20:34:10","date_gmt":"2024-10-08T23:34:10","guid":{"rendered":"https:\/\/www.informelitoral.com.ar\/?p=200129"},"modified":"2024-10-08T20:34:10","modified_gmt":"2024-10-08T23:34:10","slug":"el-gobernador-presento-el-sello-de-calidad-arroz-entrerriano","status":"publish","type":"post","link":"https:\/\/informelitoral.com.ar\/el-gobernador-presento-el-sello-de-calidad-arroz-entrerriano\/","title":{"rendered":"El gobernador present\u00f3 el sello de calidad Arroz Entrerriano"},"content":{"rendered":"<p>Junto al intendente local, Jorge Zamb\u00f3n; al ministro de Desarrollo Econ\u00f3mico, Guillermo Bernaudo, y al secretario de Agricultura, Ganader\u00eda y Pesca de la provincia, Ra\u00fal Boc Ho, el gobernador comparti\u00f3 el acto en el que destac\u00f3: \u00abNo es casualidad que desde hace m\u00e1s de medio siglo, San Salvador sea la Capital Nacional del Arroz, que sea la tierra que m\u00e1s productores de arroz tiene en el pa\u00eds, ni que se generen m\u00e1s de 5.000 puestos de trabajo, o que concentre el 75 por ciento de la capacidad de industrializaci\u00f3n del arroz que tenemos los argentinos. Es gracias a ustedes, a su trabajo, a su esfuerzo\u00bb.<\/p>\n<p>\u00abCuando asum\u00ed la enorme responsabilidad de conducir los destinos de nuestra provincia, me propuse hacer que el esfuerzo precisamente valga la pena. Con nuestro equipo de gobierno queremos que dejen de pelear contra la corriente y lo primero que hicimos fue escucharlos, porque para acompa\u00f1ar hay que conocer de primera mano cada realidad\u00bb, sostuvo. Asimismo, se\u00f1al\u00f3 que \u00abdesde el Estado queremos sumar y potenciar la articulaci\u00f3n de todos los eslabones de una cadena productiva\u00bb para impulsar el desarrollo.<\/p>\n<p>En el acto donde tambi\u00e9n estuvieron la secretaria de Energ\u00eda, Noelia Zapata; el senador Marcelo Berthet y el presidente Asociaci\u00f3n de Plantadores de Arroz (APA) de Entre R\u00edos, Enrique Garc\u00eda, el mandatario entrerriano afirm\u00f3: \u00abNo podemos darnos el lujo de que ning\u00fan productor arrocero elija otro lugar para producir que no sea el de nuestra tierra, y vamos a asegurar que las ventajas comparativas y competitivas de nuestra provincia los impulsen a producir ac\u00e1, en su tierra\u00bb.<\/p>\n<p>En ese marco, refiri\u00f3 a medidas para aliviar el pago de la tarifa el\u00e9ctrica, detallando que actualmente la provincia subsidia un 25 por ciento de la potencia contratada y que se dar\u00e1n dos alternativas adicionales: el abono de un cargo fijo por cinco meses, con subsidio del 20 por ciento, y un r\u00e9gimen de pago durante todo el a\u00f1o, con subsidio del 25 por ciento para los ocho meses de baja actividad.<\/p>\n<p><strong>Arroz con distinci\u00f3n<\/strong><\/p>\n<p>Luego, al referirse al sello de calidad Arroz Entrerriano, Frigerio resalt\u00f3 que es el primer sector en obtener su distinci\u00f3n oficial desde la aprobaci\u00f3n de la Ley de Marca Entre R\u00edos en 2019. \u00abPosicionar\u00e1 el arroz entrerriano en el mercado nacional e internacional, aportar\u00e1 valor agregado, reforzar\u00e1 la confianza de los consumidores y consolidar\u00e1 la reputaci\u00f3n de la provincia como productora de arroz de excelencia\u00bb, enumer\u00f3. Sobre el particular, coment\u00f3 que actualmente \u00abhay ocho marcas que ya est\u00e1n certificando Arroz Entrerriano\u00bb.<\/p>\n<p>\u00abNuestro compromiso hacia ustedes, los arroceros, los productores de la provincia, es total. Y, como vieron, lo demostramos con hechos. Sepan que hay un equipo de gobierno dispuesto siempre a escucharlos y vamos a hacer todo lo que est\u00e9 a nuestro alcance para acompa\u00f1arlos. Cuando el contexto es dif\u00edcil es cuanto m\u00e1s tiene que ingeni\u00e1rselas el Estado para generar las condiciones de empleo privado de calidad, porque s\u00f3lo as\u00ed a salir adelante. De nuevo, cuenten con nosotros\u00bb, concluy\u00f3.<\/p>\n<p>En la continuidad, el intendente de San Salvador, Jorge Zamb\u00f3n, agradeci\u00f3 la presencia del mandatario provincial, con quien coincidi\u00f3 en que los entrerrianos \u00abestamos para m\u00e1s\u00bb y valor\u00f3 el sello de calidad porque \u00abnos ha de destacar e identificar en los mercados locales y mundiales del arroz\u00bb. Mientras que el titular de la Asociaci\u00f3n de Plantadores de Arroz (APA) de Entre R\u00edos, Enrique Garc\u00eda, sum\u00f3: \u00abConfiamos en que la voluntad pol\u00edtica y la colaboraci\u00f3n entre los sectores puedan dar lugar a soluciones concretas que permitan a la producci\u00f3n arrocera en Entre R\u00edos alcanzar todo su potencial\u00bb.<\/p>\n<p><iframe loading=\"lazy\" title=\"Frigerio present\u00f3 el sello de calidad  Arroz entrerriano\" width=\"696\" height=\"392\" src=\"https:\/\/www.youtube.com\/embed\/Y7Fgelh2huc?feature=oembed\" frameborder=\"0\" allow=\"accelerometer; autoplay; clipboard-write; encrypted-media; gyroscope; picture-in-picture; web-share\" referrerpolicy=\"strict-origin-when-cross-origin\" allowfullscreen><\/iframe><\/p>\n","protected":false},"excerpt":{"rendered":"<p>Rogelio Frigerio particip\u00f3 en el acto de lanzamiento de la campa\u00f1a arrocera 2024\/2025, que se realiz\u00f3 este martes en San Salvador, y all\u00ed anunci\u00f3 medidas para aliviar el pago de la tarifa el\u00e9ctrica al sector, adem\u00e1s de presentar el sello de calidad Arroz entrerriano. \u00abNuestro compromiso es total y lo demostramos con hechos\u00bb, sostuvo. <\/p>\n","protected":false},"author":8,"featured_media":200130,"comment_status":"open","ping_status":"open","sticky":false,"template":"","format":"standard","meta":{"fifu_image_url":"","fifu_image_alt":"","footnotes":""},"categories":[6],"tags":[5243,949],"class_list":{"0":"post-200129","1":"post","2":"type-post","3":"status-publish","4":"format-standard","5":"has-post-thumbnail","7":"category-entre-rios","8":"tag-arroz-entrerriano","9":"tag-rogelio-frigerio"},"yoast_head":"<title>El gobernador present\u00f3 el sello de calidad Arroz Entrerriano - Informe Litoral<\/title>\n<meta name=\"robots\" content=\"index, follow, max-snippet:-1, max-image-preview:large, max-video-preview:-1\" \/>\n<link rel=\"canonical\" href=\"https:\/\/informelitoral.com.ar\/el-gobernador-presento-el-sello-de-calidad-arroz-entrerriano\/\" \/>\n<meta property=\"og:locale\" content=\"es_ES\" \/>\n<meta property=\"og:type\" content=\"article\" \/>\n<meta property=\"og:title\" content=\"El gobernador present\u00f3 el sello de calidad Arroz Entrerriano - Informe Litoral\" \/>\n<meta property=\"og:description\" content=\"Rogelio Frigerio particip\u00f3 en el acto de lanzamiento de la campa\u00f1a arrocera 2024\/2025, que se realiz\u00f3 este martes en San Salvador, y all\u00ed anunci\u00f3 medidas para aliviar el pago de la tarifa el\u00e9ctrica al sector, adem\u00e1s de presentar el sello de calidad Arroz entrerriano. &quot;Nuestro compromiso es total y lo demostramos con hechos&quot;, sostuvo.\" \/>\n<meta property=\"og:url\" content=\"https:\/\/informelitoral.com.ar\/el-gobernador-presento-el-sello-de-calidad-arroz-entrerriano\/\" \/>\n<meta property=\"og:site_name\" content=\"Informe Litoral\" \/>\n<meta property=\"article:publisher\" content=\"https:\/\/www.facebook.com\/informelitoral\/\" \/>\n<meta property=\"article:published_time\" content=\"2024-10-08T23:34:10+00:00\" \/>\n<meta property=\"og:image\" content=\"https:\/\/informelitoral.com.ar\/%77%70%2d%63%6f%6e%74%65%6e%74\/uploads\/2024\/10\/arroz-1.jpg\" \/>\n\t<meta property=\"og:image:width\" content=\"2048\" \/>\n\t<meta property=\"og:image:height\" content=\"1366\" \/>\n\t<meta property=\"og:image:type\" content=\"image\/jpeg\" \/>\n<meta name=\"author\" content=\"Sebastian\" \/>\n<meta name=\"twitter:card\" content=\"summary_large_image\" \/>\n<meta name=\"twitter:creator\" content=\"@InformeLitoral\" \/>\n<meta name=\"twitter:site\" content=\"@InformeLitoral\" \/>\n<meta name=\"twitter:label1\" content=\"Escrito por\" \/>\n\t<meta name=\"twitter:data1\" content=\"Sebastian\" \/>\n\t<meta name=\"twitter:label2\" content=\"Tiempo de lectura\" \/>\n\t<meta name=\"twitter:data2\" content=\"3 minutos\" \/>\n<script type=\"application\/ld+json\" class=\"yoast-schema-graph\">{\"@context\":\"https:\\\/\\\/schema.org\",\"@graph\":[{\"@type\":\"Article\",\"@id\":\"https:\\\/\\\/informelitoral.com.ar\\\/el-gobernador-presento-el-sello-de-calidad-arroz-entrerriano\\\/#article\",\"isPartOf\":{\"@id\":\"https:\\\/\\\/informelitoral.com.ar\\\/el-gobernador-presento-el-sello-de-calidad-arroz-entrerriano\\\/\"},\"author\":{\"name\":\"Sebastian\",\"@id\":\"https:\\\/\\\/informelitoral.com.ar\\\/#\\\/schema\\\/person\\\/f05f9f461677119578717524b127d6d5\"},\"headline\":\"El gobernador present\u00f3 el sello de calidad Arroz Entrerriano\",\"datePublished\":\"2024-10-08T23:34:10+00:00\",\"mainEntityOfPage\":{\"@id\":\"https:\\\/\\\/informelitoral.com.ar\\\/el-gobernador-presento-el-sello-de-calidad-arroz-entrerriano\\\/\"},\"wordCount\":641,\"commentCount\":0,\"publisher\":{\"@id\":\"https:\\\/\\\/informelitoral.com.ar\\\/#organization\"},\"image\":{\"@id\":\"https:\\\/\\\/informelitoral.com.ar\\\/el-gobernador-presento-el-sello-de-calidad-arroz-entrerriano\\\/#primaryimage\"},\"thumbnailUrl\":\"https:\\\/\\\/informelitoral.com.ar\\\/%77%70%2d%63%6f%6e%74%65%6e%74\\\/uploads\\\/2024\\\/10\\\/arroz-1.jpg\",\"keywords\":[\"Arroz Entrerriano\",\"Rogelio Frigerio\"],\"articleSection\":[\"Entre R\u00edos\"],\"inLanguage\":\"es\",\"potentialAction\":[{\"@type\":\"CommentAction\",\"name\":\"Comment\",\"target\":[\"https:\\\/\\\/informelitoral.com.ar\\\/el-gobernador-presento-el-sello-de-calidad-arroz-entrerriano\\\/#respond\"]}]},{\"@type\":\"WebPage\",\"@id\":\"https:\\\/\\\/informelitoral.com.ar\\\/el-gobernador-presento-el-sello-de-calidad-arroz-entrerriano\\\/\",\"url\":\"https:\\\/\\\/informelitoral.com.ar\\\/el-gobernador-presento-el-sello-de-calidad-arroz-entrerriano\\\/\",\"name\":\"El gobernador present\u00f3 el sello de calidad Arroz Entrerriano - Informe Litoral\",\"isPartOf\":{\"@id\":\"https:\\\/\\\/informelitoral.com.ar\\\/#website\"},\"primaryImageOfPage\":{\"@id\":\"https:\\\/\\\/informelitoral.com.ar\\\/el-gobernador-presento-el-sello-de-calidad-arroz-entrerriano\\\/#primaryimage\"},\"image\":{\"@id\":\"https:\\\/\\\/informelitoral.com.ar\\\/el-gobernador-presento-el-sello-de-calidad-arroz-entrerriano\\\/#primaryimage\"},\"thumbnailUrl\":\"https:\\\/\\\/informelitoral.com.ar\\\/%77%70%2d%63%6f%6e%74%65%6e%74\\\/uploads\\\/2024\\\/10\\\/arroz-1.jpg\",\"datePublished\":\"2024-10-08T23:34:10+00:00\",\"breadcrumb\":{\"@id\":\"https:\\\/\\\/informelitoral.com.ar\\\/el-gobernador-presento-el-sello-de-calidad-arroz-entrerriano\\\/#breadcrumb\"},\"inLanguage\":\"es\",\"potentialAction\":[{\"@type\":\"ReadAction\",\"target\":[\"https:\\\/\\\/informelitoral.com.ar\\\/el-gobernador-presento-el-sello-de-calidad-arroz-entrerriano\\\/\"]}]},{\"@type\":\"ImageObject\",\"inLanguage\":\"es\",\"@id\":\"https:\\\/\\\/informelitoral.com.ar\\\/el-gobernador-presento-el-sello-de-calidad-arroz-entrerriano\\\/#primaryimage\",\"url\":\"https:\\\/\\\/informelitoral.com.ar\\\/%77%70%2d%63%6f%6e%74%65%6e%74\\\/uploads\\\/2024\\\/10\\\/arroz-1.jpg\",\"contentUrl\":\"https:\\\/\\\/informelitoral.com.ar\\\/%77%70%2d%63%6f%6e%74%65%6e%74\\\/uploads\\\/2024\\\/10\\\/arroz-1.jpg\",\"width\":2048,\"height\":1366},{\"@type\":\"BreadcrumbList\",\"@id\":\"https:\\\/\\\/informelitoral.com.ar\\\/el-gobernador-presento-el-sello-de-calidad-arroz-entrerriano\\\/#breadcrumb\",\"itemListElement\":[{\"@type\":\"ListItem\",\"position\":1,\"name\":\"Portada\",\"item\":\"https:\\\/\\\/informelitoral.com.ar\\\/\"},{\"@type\":\"ListItem\",\"position\":2,\"name\":\"El gobernador present\u00f3 el sello de calidad Arroz Entrerriano\"}]},{\"@type\":\"WebSite\",\"@id\":\"https:\\\/\\\/informelitoral.com.ar\\\/#website\",\"url\":\"https:\\\/\\\/informelitoral.com.ar\\\/\",\"name\":\"Informe Litoral\",\"description\":\"&quot;Nos informamos&quot; \",\"publisher\":{\"@id\":\"https:\\\/\\\/informelitoral.com.ar\\\/#organization\"},\"potentialAction\":[{\"@type\":\"SearchAction\",\"target\":{\"@type\":\"EntryPoint\",\"urlTemplate\":\"https:\\\/\\\/informelitoral.com.ar\\\/?s={search_term_string}\"},\"query-input\":{\"@type\":\"PropertyValueSpecification\",\"valueRequired\":true,\"valueName\":\"search_term_string\"}}],\"inLanguage\":\"es\"},{\"@type\":\"Organization\",\"@id\":\"https:\\\/\\\/informelitoral.com.ar\\\/#organization\",\"name\":\"Informe Litoral\",\"url\":\"https:\\\/\\\/informelitoral.com.ar\\\/\",\"logo\":{\"@type\":\"ImageObject\",\"inLanguage\":\"es\",\"@id\":\"https:\\\/\\\/informelitoral.com.ar\\\/#\\\/schema\\\/logo\\\/image\\\/\",\"url\":\"https:\\\/\\\/informelitoral.com.ar\\\/%77%70%2d%63%6f%6e%74%65%6e%74\\\/uploads\\\/2021\\\/01\\\/circulo.png\",\"contentUrl\":\"https:\\\/\\\/informelitoral.com.ar\\\/%77%70%2d%63%6f%6e%74%65%6e%74\\\/uploads\\\/2021\\\/01\\\/circulo.png\",\"width\":723,\"height\":731,\"caption\":\"Informe Litoral\"},\"image\":{\"@id\":\"https:\\\/\\\/informelitoral.com.ar\\\/#\\\/schema\\\/logo\\\/image\\\/\"},\"sameAs\":[\"https:\\\/\\\/www.facebook.com\\\/informelitoral\\\/\",\"https:\\\/\\\/x.com\\\/InformeLitoral\",\"https:\\\/\\\/www.instagram.com\\\/informelitoral\\\/\",\"https:\\\/\\\/www.youtube.com\\\/channel\\\/UCua4Qvz8Icb6MYqhoq9xLXw\"]},{\"@type\":\"Person\",\"@id\":\"https:\\\/\\\/informelitoral.com.ar\\\/#\\\/schema\\\/person\\\/f05f9f461677119578717524b127d6d5\",\"name\":\"Sebastian\",\"image\":{\"@type\":\"ImageObject\",\"inLanguage\":\"es\",\"@id\":\"https:\\\/\\\/secure.gravatar.com\\\/avatar\\\/b71bf7481d447dfb9583c7f2798e7cc64de6efb9067b74633ed8c31059a3bd82?s=96&d=mm&r=g\",\"url\":\"https:\\\/\\\/secure.gravatar.com\\\/avatar\\\/b71bf7481d447dfb9583c7f2798e7cc64de6efb9067b74633ed8c31059a3bd82?s=96&d=mm&r=g\",\"contentUrl\":\"https:\\\/\\\/secure.gravatar.com\\\/avatar\\\/b71bf7481d447dfb9583c7f2798e7cc64de6efb9067b74633ed8c31059a3bd82?s=96&d=mm&r=g\",\"caption\":\"Sebastian\"},\"url\":\"https:\\\/\\\/informelitoral.com.ar\\\/author\\\/sebastian\\\/\"}]}<\/script>","yoast_head_json":{"title":"El gobernador present\u00f3 el sello de calidad Arroz Entrerriano - Informe Litoral","robots":{"index":"index","follow":"follow","max-snippet":"max-snippet:-1","max-image-preview":"max-image-preview:large","max-video-preview":"max-video-preview:-1"},"canonical":"https:\/\/informelitoral.com.ar\/el-gobernador-presento-el-sello-de-calidad-arroz-entrerriano\/","og_locale":"es_ES","og_type":"article","og_title":"El gobernador present\u00f3 el sello de calidad Arroz Entrerriano - Informe Litoral","og_description":"Rogelio Frigerio particip\u00f3 en el acto de lanzamiento de la campa\u00f1a arrocera 2024\/2025, que se realiz\u00f3 este martes en San Salvador, y all\u00ed anunci\u00f3 medidas para aliviar el pago de la tarifa el\u00e9ctrica al sector, adem\u00e1s de presentar el sello de calidad Arroz entrerriano. \"Nuestro compromiso es total y lo demostramos con hechos\", sostuvo.","og_url":"https:\/\/informelitoral.com.ar\/el-gobernador-presento-el-sello-de-calidad-arroz-entrerriano\/","og_site_name":"Informe Litoral","article_publisher":"https:\/\/www.facebook.com\/informelitoral\/","article_published_time":"2024-10-08T23:34:10+00:00","og_image":[{"width":2048,"height":1366,"url":"https:\/\/informelitoral.com.ar\/%77%70%2d%63%6f%6e%74%65%6e%74\/uploads\/2024\/10\/arroz-1.jpg","type":"image\/jpeg"}],"author":"Sebastian","twitter_card":"summary_large_image","twitter_creator":"@InformeLitoral","twitter_site":"@InformeLitoral","twitter_misc":{"Escrito por":"Sebastian","Tiempo de lectura":"3 minutos"},"schema":{"@context":"https:\/\/schema.org","@graph":[{"@type":"Article","@id":"https:\/\/informelitoral.com.ar\/el-gobernador-presento-el-sello-de-calidad-arroz-entrerriano\/#article","isPartOf":{"@id":"https:\/\/informelitoral.com.ar\/el-gobernador-presento-el-sello-de-calidad-arroz-entrerriano\/"},"author":{"name":"Sebastian","@id":"https:\/\/informelitoral.com.ar\/#\/schema\/person\/f05f9f461677119578717524b127d6d5"},"headline":"El gobernador present\u00f3 el sello de calidad Arroz Entrerriano","datePublished":"2024-10-08T23:34:10+00:00","mainEntityOfPage":{"@id":"https:\/\/informelitoral.com.ar\/el-gobernador-presento-el-sello-de-calidad-arroz-entrerriano\/"},"wordCount":641,"commentCount":0,"publisher":{"@id":"https:\/\/informelitoral.com.ar\/#organization"},"image":{"@id":"https:\/\/informelitoral.com.ar\/el-gobernador-presento-el-sello-de-calidad-arroz-entrerriano\/#primaryimage"},"thumbnailUrl":"https:\/\/informelitoral.com.ar\/%77%70%2d%63%6f%6e%74%65%6e%74\/uploads\/2024\/10\/arroz-1.jpg","keywords":["Arroz Entrerriano","Rogelio Frigerio"],"articleSection":["Entre R\u00edos"],"inLanguage":"es","potentialAction":[{"@type":"CommentAction","name":"Comment","target":["https:\/\/informelitoral.com.ar\/el-gobernador-presento-el-sello-de-calidad-arroz-entrerriano\/#respond"]}]},{"@type":"WebPage","@id":"https:\/\/informelitoral.com.ar\/el-gobernador-presento-el-sello-de-calidad-arroz-entrerriano\/","url":"https:\/\/informelitoral.com.ar\/el-gobernador-presento-el-sello-de-calidad-arroz-entrerriano\/","name":"El gobernador present\u00f3 el sello de calidad Arroz Entrerriano - Informe Litoral","isPartOf":{"@id":"https:\/\/informelitoral.com.ar\/#website"},"primaryImageOfPage":{"@id":"https:\/\/informelitoral.com.ar\/el-gobernador-presento-el-sello-de-calidad-arroz-entrerriano\/#primaryimage"},"image":{"@id":"https:\/\/informelitoral.com.ar\/el-gobernador-presento-el-sello-de-calidad-arroz-entrerriano\/#primaryimage"},"thumbnailUrl":"https:\/\/informelitoral.com.ar\/%77%70%2d%63%6f%6e%74%65%6e%74\/uploads\/2024\/10\/arroz-1.jpg","datePublished":"2024-10-08T23:34:10+00:00","breadcrumb":{"@id":"https:\/\/informelitoral.com.ar\/el-gobernador-presento-el-sello-de-calidad-arroz-entrerriano\/#breadcrumb"},"inLanguage":"es","potentialAction":[{"@type":"ReadAction","target":["https:\/\/informelitoral.com.ar\/el-gobernador-presento-el-sello-de-calidad-arroz-entrerriano\/"]}]},{"@type":"ImageObject","inLanguage":"es","@id":"https:\/\/informelitoral.com.ar\/el-gobernador-presento-el-sello-de-calidad-arroz-entrerriano\/#primaryimage","url":"https:\/\/informelitoral.com.ar\/%77%70%2d%63%6f%6e%74%65%6e%74\/uploads\/2024\/10\/arroz-1.jpg","contentUrl":"https:\/\/informelitoral.com.ar\/%77%70%2d%63%6f%6e%74%65%6e%74\/uploads\/2024\/10\/arroz-1.jpg","width":2048,"height":1366},{"@type":"BreadcrumbList","@id":"https:\/\/informelitoral.com.ar\/el-gobernador-presento-el-sello-de-calidad-arroz-entrerriano\/#breadcrumb","itemListElement":[{"@type":"ListItem","position":1,"name":"Portada","item":"https:\/\/informelitoral.com.ar\/"},{"@type":"ListItem","position":2,"name":"El gobernador present\u00f3 el sello de calidad Arroz Entrerriano"}]},{"@type":"WebSite","@id":"https:\/\/informelitoral.com.ar\/#website","url":"https:\/\/informelitoral.com.ar\/","name":"Informe Litoral","description":"&quot;Nos informamos&quot; ","publisher":{"@id":"https:\/\/informelitoral.com.ar\/#organization"},"potentialAction":[{"@type":"SearchAction","target":{"@type":"EntryPoint","urlTemplate":"https:\/\/informelitoral.com.ar\/?s={search_term_string}"},"query-input":{"@type":"PropertyValueSpecification","valueRequired":true,"valueName":"search_term_string"}}],"inLanguage":"es"},{"@type":"Organization","@id":"https:\/\/informelitoral.com.ar\/#organization","name":"Informe Litoral","url":"https:\/\/informelitoral.com.ar\/","logo":{"@type":"ImageObject","inLanguage":"es","@id":"https:\/\/informelitoral.com.ar\/#\/schema\/logo\/image\/","url":"https:\/\/informelitoral.com.ar\/%77%70%2d%63%6f%6e%74%65%6e%74\/uploads\/2021\/01\/circulo.png","contentUrl":"https:\/\/informelitoral.com.ar\/%77%70%2d%63%6f%6e%74%65%6e%74\/uploads\/2021\/01\/circulo.png","width":723,"height":731,"caption":"Informe Litoral"},"image":{"@id":"https:\/\/informelitoral.com.ar\/#\/schema\/logo\/image\/"},"sameAs":["https:\/\/www.facebook.com\/informelitoral\/","https:\/\/x.com\/InformeLitoral","https:\/\/www.instagram.com\/informelitoral\/","https:\/\/www.youtube.com\/channel\/UCua4Qvz8Icb6MYqhoq9xLXw"]},{"@type":"Person","@id":"https:\/\/informelitoral.com.ar\/#\/schema\/person\/f05f9f461677119578717524b127d6d5","name":"Sebastian","image":{"@type":"ImageObject","inLanguage":"es","@id":"https:\/\/secure.gravatar.com\/avatar\/b71bf7481d447dfb9583c7f2798e7cc64de6efb9067b74633ed8c31059a3bd82?s=96&d=mm&r=g","url":"https:\/\/secure.gravatar.com\/avatar\/b71bf7481d447dfb9583c7f2798e7cc64de6efb9067b74633ed8c31059a3bd82?s=96&d=mm&r=g","contentUrl":"https:\/\/secure.gravatar.com\/avatar\/b71bf7481d447dfb9583c7f2798e7cc64de6efb9067b74633ed8c31059a3bd82?s=96&d=mm&r=g","caption":"Sebastian"},"url":"https:\/\/informelitoral.com.ar\/author\/sebastian\/"}]}},"_links":{"self":[{"href":"https:\/\/informelitoral.com.ar\/%77%70%2d%6a%73%6f%6e\/wp\/v2\/posts\/200129","targetHints":{"allow":["GET"]}}],"collection":[{"href":"https:\/\/informelitoral.com.ar\/%77%70%2d%6a%73%6f%6e\/wp\/v2\/posts"}],"about":[{"href":"https:\/\/informelitoral.com.ar\/%77%70%2d%6a%73%6f%6e\/wp\/v2\/types\/post"}],"author":[{"embeddable":true,"href":"https:\/\/informelitoral.com.ar\/%77%70%2d%6a%73%6f%6e\/wp\/v2\/users\/8"}],"replies":[{"embeddable":true,"href":"https:\/\/informelitoral.com.ar\/%77%70%2d%6a%73%6f%6e\/wp\/v2\/comments?post=200129"}],"version-history":[{"count":0,"href":"https:\/\/informelitoral.com.ar\/%77%70%2d%6a%73%6f%6e\/wp\/v2\/posts\/200129\/revisions"}],"wp:featuredmedia":[{"embeddable":true,"href":"https:\/\/informelitoral.com.ar\/%77%70%2d%6a%73%6f%6e\/wp\/v2\/media\/200130"}],"wp:attachment":[{"href":"https:\/\/informelitoral.com.ar\/%77%70%2d%6a%73%6f%6e\/wp\/v2\/media?parent=200129"}],"wp:term":[{"taxonomy":"category","embeddable":true,"href":"https:\/\/informelitoral.com.ar\/%77%70%2d%6a%73%6f%6e\/wp\/v2\/categories?post=200129"},{"taxonomy":"post_tag","embeddable":true,"href":"https:\/\/informelitoral.com.ar\/%77%70%2d%6a%73%6f%6e\/wp\/v2\/tags?post=200129"}],"curies":[{"name":"wp","href":"https:\/\/api.w.org\/{rel}","templated":true}]}}