{"id":200122,"date":"2024-10-08T15:17:07","date_gmt":"2024-10-08T18:17:07","guid":{"rendered":"https:\/\/www.informelitoral.com.ar\/?p=200122"},"modified":"2024-10-08T15:25:55","modified_gmt":"2024-10-08T18:25:55","slug":"gremios-del-transporte-anunciaron-un-paro-nacional-de-24-horas","status":"publish","type":"post","link":"https:\/\/informelitoral.com.ar\/gremios-del-transporte-anunciaron-un-paro-nacional-de-24-horas\/","title":{"rendered":"Gremios del transporte anunciaron un paro nacional de 24 horas"},"content":{"rendered":"<p>La mayor\u00eda de la\u00a0<strong>Mesa Nacional del Transporte<\/strong>\u00a0<strong>posterg\u00f3 hasta el 30 de este mes<\/strong>\u00a0<strong>el paro nacional de 24 horas<\/strong>, por lo que se d\u00eda quedar\u00e1\u00a0<strong>paralizado el servicio de trenes, aviones y barcos<\/strong>\u00a0en todo el pa\u00eds. Los\u00a0<strong>colectiveros, por ahora, no adhieren.<\/strong><\/p>\n<p>As\u00ed lo decidi\u00f3 el\u00a0<strong>plenario\u00a0<\/strong>de la Mesa, con la participaci\u00f3n de comisiones directivas y cuerpos delegados de los 7 sindicatos que integran esa agrupaci\u00f3n, con una clara estrategia de\u00a0<strong>diferenciarse de la CGT.\u00a0<\/strong><\/p>\n<p>La gran novedad fue la\u00a0<strong>ausencia\u00a0<\/strong>de la\u00a0<strong>Uni\u00f3n Tranviarios Automotor (UTA),<\/strong>\u00a0liderada por Roberto Fern\u00e1ndez, en plena negociaci\u00f3n salarial, lo que hace suponer que se\u00a0<strong>bajar\u00e1\u00a0<\/strong>de la protesta.<\/p>\n<p>La decisi\u00f3n se tom\u00f3 este martes en un encuentro realizado en el Complejo Deportivo de la Federaci\u00f3n de Peones de Taxis, ubicado en Quintino Bocayuva 1274, con la presencia de organizaciones como\u00a0<strong>Camioneros, pilotos, aeronavegantes, La Fraternidad, Dragado y Balizamiento y los mar\u00edtimos del SOMU,\u00a0<\/strong>m\u00e1s\u00a0<strong>invitados\u00a0<\/strong>como la Asociaci\u00f3n Obrera de la Industria del Transporte Automotor (AOITA), de C\u00f3rdoba, y el Sindicato de Apuntadores Mar\u00edtimos (SEAMARA).<\/p>\n<h2 class=\"wp-block-heading\"><strong>Reclamo salarial de UTA<\/strong><\/h2>\n<p>Uno de los motivos por los cuales se posterg\u00f3 el paro es que la<strong>\u00a0Uni\u00f3n Tranviarios Automotor (UTA)<\/strong>\u00a0est\u00e1\u00a0<strong>negociando un aumento salarial\u00a0<\/strong>dentro del per\u00edodo de\u00a0<strong>conciliaci\u00f3n obligatoria\u00a0<\/strong>dispuesta por la Secretar\u00eda de Trabajo, y esa instancia obliga a las partes a no tomar ninguna medida que complique las tratativas.<\/p>\n<p>Este jueves habr\u00e1 una\u00a0<strong>nueva audiencia\u00a0<\/strong>entre el sindicato y los empresarios en Trabajo, pero si persiste el desacuerdo, la UTA no podr\u00eda declarar un paro hasta que se venzan la conciliaci\u00f3n obligatoria,<strong>\u00a0el 28 de este mes.<\/strong><\/p>\n<p>Por eso algunos dirigentes de la Mesa eran partidarios de\u00a0<strong>diferir para fin de mes<\/strong>\u00a0el paro del transporte que se iba a hacer el 17 de octubre para garantizar la adhesi\u00f3n de los choferes de colectivos agrupados en la UTA, siempre resulta\u00a0<strong>decisiva\u00a0<\/strong>para garantizar una paralizaci\u00f3n total del sector.<\/p>\n<p>Aun as\u00ed, la mayor\u00eda de los integrantes de la Mesa Nacional del Transporte\u00a0miraba\u00a0<strong>de reojo<\/strong>\u00a0a los dirigentes de la UTA porque tienen una actitud\u00a0<strong>dialoguista\u00a0<\/strong>y supon\u00edan que, con la excusa de que est\u00e1n en conciliaci\u00f3n obligatoria,\u00a0no ir\u00edan\u00a0al plenario de este martes en la Federaci\u00f3n de Peones de Taxis. Fue lo que sucedi\u00f3, lo que permite suponer que\u00a0<strong>no adherir\u00e1n<\/strong>\u00a0al paro del 30 de octubre.<\/p>\n<p>La ausencia de la UTA, en el fondo, fue motorizada por el sector dialoguista de la CGT, cuyos referentes<strong>\u00a0iniciaron una mediaci\u00f3n\u00a0<\/strong>ante los funcionarios libertarios para ayudar a que la UTA cierre el acuerdo salarial y as\u00ed\u00a0<strong>desista\u00a0<\/strong>de adherir al paro nacional de transporte. En el sindicato que lidera Roberto Fern\u00e1ndez no quisieron arriesgar ning\u00fan pron\u00f3stico sobre el resultado de la negociaci\u00f3n paritartia, aunque advirtieron que los empresarios est\u00e1n\u00a0<strong>preocupados\u00a0<\/strong>por la\u00a0<strong>desregulaci\u00f3n del transporte automotor de media y larga distancia<\/strong>\u00a0anunciada este domingo por el Gobierno.<\/p>\n","protected":false},"excerpt":{"rendered":"<p>Los sindicatos de la Mesa Nacional del Transporte reprogramaron la medida para el 30 de octubre. \u00bfQu\u00e9 pasar\u00e1 con colectivos?<\/p>\n","protected":false},"author":8,"featured_media":191304,"comment_status":"open","ping_status":"open","sticky":false,"template":"","format":"standard","meta":{"fifu_image_url":"","fifu_image_alt":"","footnotes":""},"categories":[7],"tags":[],"class_list":{"0":"post-200122","1":"post","2":"type-post","3":"status-publish","4":"format-standard","5":"has-post-thumbnail","7":"category-nacionales"},"yoast_head":"<title>Gremios del transporte anunciaron un paro nacional de 24 horas - Informe Litoral<\/title>\n<meta name=\"robots\" content=\"index, follow, max-snippet:-1, max-image-preview:large, max-video-preview:-1\" \/>\n<link rel=\"canonical\" href=\"https:\/\/informelitoral.com.ar\/gremios-del-transporte-anunciaron-un-paro-nacional-de-24-horas\/\" \/>\n<meta property=\"og:locale\" content=\"es_ES\" \/>\n<meta property=\"og:type\" content=\"article\" \/>\n<meta property=\"og:title\" content=\"Gremios del transporte anunciaron un paro nacional de 24 horas - Informe Litoral\" \/>\n<meta property=\"og:description\" content=\"Los sindicatos de la Mesa Nacional del Transporte reprogramaron la medida para el 30 de octubre. \u00bfQu\u00e9 pasar\u00e1 con colectivos?\" \/>\n<meta property=\"og:url\" content=\"https:\/\/informelitoral.com.ar\/gremios-del-transporte-anunciaron-un-paro-nacional-de-24-horas\/\" \/>\n<meta property=\"og:site_name\" content=\"Informe Litoral\" \/>\n<meta property=\"article:publisher\" content=\"https:\/\/www.facebook.com\/informelitoral\/\" \/>\n<meta property=\"article:published_time\" content=\"2024-10-08T18:17:07+00:00\" \/>\n<meta property=\"article:modified_time\" content=\"2024-10-08T18:25:55+00:00\" \/>\n<meta property=\"og:image\" content=\"https:\/\/informelitoral.com.ar\/%77%70%2d%63%6f%6e%74%65%6e%74\/uploads\/2024\/07\/Avion-Aerolineas-Argentinas-en-AEP.webp\" \/>\n\t<meta property=\"og:image:width\" content=\"1024\" \/>\n\t<meta property=\"og:image:height\" content=\"576\" \/>\n\t<meta property=\"og:image:type\" content=\"image\/webp\" \/>\n<meta name=\"author\" content=\"Sebastian\" \/>\n<meta name=\"twitter:card\" content=\"summary_large_image\" \/>\n<meta name=\"twitter:creator\" content=\"@InformeLitoral\" \/>\n<meta name=\"twitter:site\" content=\"@InformeLitoral\" \/>\n<meta name=\"twitter:label1\" content=\"Escrito por\" \/>\n\t<meta name=\"twitter:data1\" content=\"Sebastian\" \/>\n\t<meta name=\"twitter:label2\" content=\"Tiempo de lectura\" \/>\n\t<meta name=\"twitter:data2\" content=\"3 minutos\" \/>\n<script type=\"application\/ld+json\" class=\"yoast-schema-graph\">{\"@context\":\"https:\\\/\\\/schema.org\",\"@graph\":[{\"@type\":\"Article\",\"@id\":\"https:\\\/\\\/informelitoral.com.ar\\\/gremios-del-transporte-anunciaron-un-paro-nacional-de-24-horas\\\/#article\",\"isPartOf\":{\"@id\":\"https:\\\/\\\/informelitoral.com.ar\\\/gremios-del-transporte-anunciaron-un-paro-nacional-de-24-horas\\\/\"},\"author\":{\"name\":\"Sebastian\",\"@id\":\"https:\\\/\\\/informelitoral.com.ar\\\/#\\\/schema\\\/person\\\/f05f9f461677119578717524b127d6d5\"},\"headline\":\"Gremios del transporte anunciaron un paro nacional de 24 horas\",\"datePublished\":\"2024-10-08T18:17:07+00:00\",\"dateModified\":\"2024-10-08T18:25:55+00:00\",\"mainEntityOfPage\":{\"@id\":\"https:\\\/\\\/informelitoral.com.ar\\\/gremios-del-transporte-anunciaron-un-paro-nacional-de-24-horas\\\/\"},\"wordCount\":518,\"commentCount\":0,\"publisher\":{\"@id\":\"https:\\\/\\\/informelitoral.com.ar\\\/#organization\"},\"image\":{\"@id\":\"https:\\\/\\\/informelitoral.com.ar\\\/gremios-del-transporte-anunciaron-un-paro-nacional-de-24-horas\\\/#primaryimage\"},\"thumbnailUrl\":\"https:\\\/\\\/informelitoral.com.ar\\\/%77%70%2d%63%6f%6e%74%65%6e%74\\\/uploads\\\/2024\\\/07\\\/Avion-Aerolineas-Argentinas-en-AEP.webp\",\"articleSection\":[\"Nacionales\"],\"inLanguage\":\"es\",\"potentialAction\":[{\"@type\":\"CommentAction\",\"name\":\"Comment\",\"target\":[\"https:\\\/\\\/informelitoral.com.ar\\\/gremios-del-transporte-anunciaron-un-paro-nacional-de-24-horas\\\/#respond\"]}]},{\"@type\":\"WebPage\",\"@id\":\"https:\\\/\\\/informelitoral.com.ar\\\/gremios-del-transporte-anunciaron-un-paro-nacional-de-24-horas\\\/\",\"url\":\"https:\\\/\\\/informelitoral.com.ar\\\/gremios-del-transporte-anunciaron-un-paro-nacional-de-24-horas\\\/\",\"name\":\"Gremios del transporte anunciaron un paro nacional de 24 horas - Informe Litoral\",\"isPartOf\":{\"@id\":\"https:\\\/\\\/informelitoral.com.ar\\\/#website\"},\"primaryImageOfPage\":{\"@id\":\"https:\\\/\\\/informelitoral.com.ar\\\/gremios-del-transporte-anunciaron-un-paro-nacional-de-24-horas\\\/#primaryimage\"},\"image\":{\"@id\":\"https:\\\/\\\/informelitoral.com.ar\\\/gremios-del-transporte-anunciaron-un-paro-nacional-de-24-horas\\\/#primaryimage\"},\"thumbnailUrl\":\"https:\\\/\\\/informelitoral.com.ar\\\/%77%70%2d%63%6f%6e%74%65%6e%74\\\/uploads\\\/2024\\\/07\\\/Avion-Aerolineas-Argentinas-en-AEP.webp\",\"datePublished\":\"2024-10-08T18:17:07+00:00\",\"dateModified\":\"2024-10-08T18:25:55+00:00\",\"breadcrumb\":{\"@id\":\"https:\\\/\\\/informelitoral.com.ar\\\/gremios-del-transporte-anunciaron-un-paro-nacional-de-24-horas\\\/#breadcrumb\"},\"inLanguage\":\"es\",\"potentialAction\":[{\"@type\":\"ReadAction\",\"target\":[\"https:\\\/\\\/informelitoral.com.ar\\\/gremios-del-transporte-anunciaron-un-paro-nacional-de-24-horas\\\/\"]}]},{\"@type\":\"ImageObject\",\"inLanguage\":\"es\",\"@id\":\"https:\\\/\\\/informelitoral.com.ar\\\/gremios-del-transporte-anunciaron-un-paro-nacional-de-24-horas\\\/#primaryimage\",\"url\":\"https:\\\/\\\/informelitoral.com.ar\\\/%77%70%2d%63%6f%6e%74%65%6e%74\\\/uploads\\\/2024\\\/07\\\/Avion-Aerolineas-Argentinas-en-AEP.webp\",\"contentUrl\":\"https:\\\/\\\/informelitoral.com.ar\\\/%77%70%2d%63%6f%6e%74%65%6e%74\\\/uploads\\\/2024\\\/07\\\/Avion-Aerolineas-Argentinas-en-AEP.webp\",\"width\":1024,\"height\":576},{\"@type\":\"BreadcrumbList\",\"@id\":\"https:\\\/\\\/informelitoral.com.ar\\\/gremios-del-transporte-anunciaron-un-paro-nacional-de-24-horas\\\/#breadcrumb\",\"itemListElement\":[{\"@type\":\"ListItem\",\"position\":1,\"name\":\"Portada\",\"item\":\"https:\\\/\\\/informelitoral.com.ar\\\/\"},{\"@type\":\"ListItem\",\"position\":2,\"name\":\"Gremios del transporte anunciaron un paro nacional de 24 horas\"}]},{\"@type\":\"WebSite\",\"@id\":\"https:\\\/\\\/informelitoral.com.ar\\\/#website\",\"url\":\"https:\\\/\\\/informelitoral.com.ar\\\/\",\"name\":\"Informe Litoral\",\"description\":\"&quot;Nos informamos&quot; \",\"publisher\":{\"@id\":\"https:\\\/\\\/informelitoral.com.ar\\\/#organization\"},\"potentialAction\":[{\"@type\":\"SearchAction\",\"target\":{\"@type\":\"EntryPoint\",\"urlTemplate\":\"https:\\\/\\\/informelitoral.com.ar\\\/?s={search_term_string}\"},\"query-input\":{\"@type\":\"PropertyValueSpecification\",\"valueRequired\":true,\"valueName\":\"search_term_string\"}}],\"inLanguage\":\"es\"},{\"@type\":\"Organization\",\"@id\":\"https:\\\/\\\/informelitoral.com.ar\\\/#organization\",\"name\":\"Informe Litoral\",\"url\":\"https:\\\/\\\/informelitoral.com.ar\\\/\",\"logo\":{\"@type\":\"ImageObject\",\"inLanguage\":\"es\",\"@id\":\"https:\\\/\\\/informelitoral.com.ar\\\/#\\\/schema\\\/logo\\\/image\\\/\",\"url\":\"https:\\\/\\\/informelitoral.com.ar\\\/%77%70%2d%63%6f%6e%74%65%6e%74\\\/uploads\\\/2021\\\/01\\\/circulo.png\",\"contentUrl\":\"https:\\\/\\\/informelitoral.com.ar\\\/%77%70%2d%63%6f%6e%74%65%6e%74\\\/uploads\\\/2021\\\/01\\\/circulo.png\",\"width\":723,\"height\":731,\"caption\":\"Informe Litoral\"},\"image\":{\"@id\":\"https:\\\/\\\/informelitoral.com.ar\\\/#\\\/schema\\\/logo\\\/image\\\/\"},\"sameAs\":[\"https:\\\/\\\/www.facebook.com\\\/informelitoral\\\/\",\"https:\\\/\\\/x.com\\\/InformeLitoral\",\"https:\\\/\\\/www.instagram.com\\\/informelitoral\\\/\",\"https:\\\/\\\/www.youtube.com\\\/channel\\\/UCua4Qvz8Icb6MYqhoq9xLXw\"]},{\"@type\":\"Person\",\"@id\":\"https:\\\/\\\/informelitoral.com.ar\\\/#\\\/schema\\\/person\\\/f05f9f461677119578717524b127d6d5\",\"name\":\"Sebastian\",\"image\":{\"@type\":\"ImageObject\",\"inLanguage\":\"es\",\"@id\":\"https:\\\/\\\/secure.gravatar.com\\\/avatar\\\/b71bf7481d447dfb9583c7f2798e7cc64de6efb9067b74633ed8c31059a3bd82?s=96&d=mm&r=g\",\"url\":\"https:\\\/\\\/secure.gravatar.com\\\/avatar\\\/b71bf7481d447dfb9583c7f2798e7cc64de6efb9067b74633ed8c31059a3bd82?s=96&d=mm&r=g\",\"contentUrl\":\"https:\\\/\\\/secure.gravatar.com\\\/avatar\\\/b71bf7481d447dfb9583c7f2798e7cc64de6efb9067b74633ed8c31059a3bd82?s=96&d=mm&r=g\",\"caption\":\"Sebastian\"},\"url\":\"https:\\\/\\\/informelitoral.com.ar\\\/author\\\/sebastian\\\/\"}]}<\/script>","yoast_head_json":{"title":"Gremios del transporte anunciaron un paro nacional de 24 horas - Informe Litoral","robots":{"index":"index","follow":"follow","max-snippet":"max-snippet:-1","max-image-preview":"max-image-preview:large","max-video-preview":"max-video-preview:-1"},"canonical":"https:\/\/informelitoral.com.ar\/gremios-del-transporte-anunciaron-un-paro-nacional-de-24-horas\/","og_locale":"es_ES","og_type":"article","og_title":"Gremios del transporte anunciaron un paro nacional de 24 horas - Informe Litoral","og_description":"Los sindicatos de la Mesa Nacional del Transporte reprogramaron la medida para el 30 de octubre. \u00bfQu\u00e9 pasar\u00e1 con colectivos?","og_url":"https:\/\/informelitoral.com.ar\/gremios-del-transporte-anunciaron-un-paro-nacional-de-24-horas\/","og_site_name":"Informe Litoral","article_publisher":"https:\/\/www.facebook.com\/informelitoral\/","article_published_time":"2024-10-08T18:17:07+00:00","article_modified_time":"2024-10-08T18:25:55+00:00","og_image":[{"width":1024,"height":576,"url":"https:\/\/informelitoral.com.ar\/%77%70%2d%63%6f%6e%74%65%6e%74\/uploads\/2024\/07\/Avion-Aerolineas-Argentinas-en-AEP.webp","type":"image\/webp"}],"author":"Sebastian","twitter_card":"summary_large_image","twitter_creator":"@InformeLitoral","twitter_site":"@InformeLitoral","twitter_misc":{"Escrito por":"Sebastian","Tiempo de lectura":"3 minutos"},"schema":{"@context":"https:\/\/schema.org","@graph":[{"@type":"Article","@id":"https:\/\/informelitoral.com.ar\/gremios-del-transporte-anunciaron-un-paro-nacional-de-24-horas\/#article","isPartOf":{"@id":"https:\/\/informelitoral.com.ar\/gremios-del-transporte-anunciaron-un-paro-nacional-de-24-horas\/"},"author":{"name":"Sebastian","@id":"https:\/\/informelitoral.com.ar\/#\/schema\/person\/f05f9f461677119578717524b127d6d5"},"headline":"Gremios del transporte anunciaron un paro nacional de 24 horas","datePublished":"2024-10-08T18:17:07+00:00","dateModified":"2024-10-08T18:25:55+00:00","mainEntityOfPage":{"@id":"https:\/\/informelitoral.com.ar\/gremios-del-transporte-anunciaron-un-paro-nacional-de-24-horas\/"},"wordCount":518,"commentCount":0,"publisher":{"@id":"https:\/\/informelitoral.com.ar\/#organization"},"image":{"@id":"https:\/\/informelitoral.com.ar\/gremios-del-transporte-anunciaron-un-paro-nacional-de-24-horas\/#primaryimage"},"thumbnailUrl":"https:\/\/informelitoral.com.ar\/%77%70%2d%63%6f%6e%74%65%6e%74\/uploads\/2024\/07\/Avion-Aerolineas-Argentinas-en-AEP.webp","articleSection":["Nacionales"],"inLanguage":"es","potentialAction":[{"@type":"CommentAction","name":"Comment","target":["https:\/\/informelitoral.com.ar\/gremios-del-transporte-anunciaron-un-paro-nacional-de-24-horas\/#respond"]}]},{"@type":"WebPage","@id":"https:\/\/informelitoral.com.ar\/gremios-del-transporte-anunciaron-un-paro-nacional-de-24-horas\/","url":"https:\/\/informelitoral.com.ar\/gremios-del-transporte-anunciaron-un-paro-nacional-de-24-horas\/","name":"Gremios del transporte anunciaron un paro nacional de 24 horas - Informe Litoral","isPartOf":{"@id":"https:\/\/informelitoral.com.ar\/#website"},"primaryImageOfPage":{"@id":"https:\/\/informelitoral.com.ar\/gremios-del-transporte-anunciaron-un-paro-nacional-de-24-horas\/#primaryimage"},"image":{"@id":"https:\/\/informelitoral.com.ar\/gremios-del-transporte-anunciaron-un-paro-nacional-de-24-horas\/#primaryimage"},"thumbnailUrl":"https:\/\/informelitoral.com.ar\/%77%70%2d%63%6f%6e%74%65%6e%74\/uploads\/2024\/07\/Avion-Aerolineas-Argentinas-en-AEP.webp","datePublished":"2024-10-08T18:17:07+00:00","dateModified":"2024-10-08T18:25:55+00:00","breadcrumb":{"@id":"https:\/\/informelitoral.com.ar\/gremios-del-transporte-anunciaron-un-paro-nacional-de-24-horas\/#breadcrumb"},"inLanguage":"es","potentialAction":[{"@type":"ReadAction","target":["https:\/\/informelitoral.com.ar\/gremios-del-transporte-anunciaron-un-paro-nacional-de-24-horas\/"]}]},{"@type":"ImageObject","inLanguage":"es","@id":"https:\/\/informelitoral.com.ar\/gremios-del-transporte-anunciaron-un-paro-nacional-de-24-horas\/#primaryimage","url":"https:\/\/informelitoral.com.ar\/%77%70%2d%63%6f%6e%74%65%6e%74\/uploads\/2024\/07\/Avion-Aerolineas-Argentinas-en-AEP.webp","contentUrl":"https:\/\/informelitoral.com.ar\/%77%70%2d%63%6f%6e%74%65%6e%74\/uploads\/2024\/07\/Avion-Aerolineas-Argentinas-en-AEP.webp","width":1024,"height":576},{"@type":"BreadcrumbList","@id":"https:\/\/informelitoral.com.ar\/gremios-del-transporte-anunciaron-un-paro-nacional-de-24-horas\/#breadcrumb","itemListElement":[{"@type":"ListItem","position":1,"name":"Portada","item":"https:\/\/informelitoral.com.ar\/"},{"@type":"ListItem","position":2,"name":"Gremios del transporte anunciaron un paro nacional de 24 horas"}]},{"@type":"WebSite","@id":"https:\/\/informelitoral.com.ar\/#website","url":"https:\/\/informelitoral.com.ar\/","name":"Informe Litoral","description":"&quot;Nos informamos&quot; ","publisher":{"@id":"https:\/\/informelitoral.com.ar\/#organization"},"potentialAction":[{"@type":"SearchAction","target":{"@type":"EntryPoint","urlTemplate":"https:\/\/informelitoral.com.ar\/?s={search_term_string}"},"query-input":{"@type":"PropertyValueSpecification","valueRequired":true,"valueName":"search_term_string"}}],"inLanguage":"es"},{"@type":"Organization","@id":"https:\/\/informelitoral.com.ar\/#organization","name":"Informe Litoral","url":"https:\/\/informelitoral.com.ar\/","logo":{"@type":"ImageObject","inLanguage":"es","@id":"https:\/\/informelitoral.com.ar\/#\/schema\/logo\/image\/","url":"https:\/\/informelitoral.com.ar\/%77%70%2d%63%6f%6e%74%65%6e%74\/uploads\/2021\/01\/circulo.png","contentUrl":"https:\/\/informelitoral.com.ar\/%77%70%2d%63%6f%6e%74%65%6e%74\/uploads\/2021\/01\/circulo.png","width":723,"height":731,"caption":"Informe Litoral"},"image":{"@id":"https:\/\/informelitoral.com.ar\/#\/schema\/logo\/image\/"},"sameAs":["https:\/\/www.facebook.com\/informelitoral\/","https:\/\/x.com\/InformeLitoral","https:\/\/www.instagram.com\/informelitoral\/","https:\/\/www.youtube.com\/channel\/UCua4Qvz8Icb6MYqhoq9xLXw"]},{"@type":"Person","@id":"https:\/\/informelitoral.com.ar\/#\/schema\/person\/f05f9f461677119578717524b127d6d5","name":"Sebastian","image":{"@type":"ImageObject","inLanguage":"es","@id":"https:\/\/secure.gravatar.com\/avatar\/b71bf7481d447dfb9583c7f2798e7cc64de6efb9067b74633ed8c31059a3bd82?s=96&d=mm&r=g","url":"https:\/\/secure.gravatar.com\/avatar\/b71bf7481d447dfb9583c7f2798e7cc64de6efb9067b74633ed8c31059a3bd82?s=96&d=mm&r=g","contentUrl":"https:\/\/secure.gravatar.com\/avatar\/b71bf7481d447dfb9583c7f2798e7cc64de6efb9067b74633ed8c31059a3bd82?s=96&d=mm&r=g","caption":"Sebastian"},"url":"https:\/\/informelitoral.com.ar\/author\/sebastian\/"}]}},"_links":{"self":[{"href":"https:\/\/informelitoral.com.ar\/%77%70%2d%6a%73%6f%6e\/wp\/v2\/posts\/200122","targetHints":{"allow":["GET"]}}],"collection":[{"href":"https:\/\/informelitoral.com.ar\/%77%70%2d%6a%73%6f%6e\/wp\/v2\/posts"}],"about":[{"href":"https:\/\/informelitoral.com.ar\/%77%70%2d%6a%73%6f%6e\/wp\/v2\/types\/post"}],"author":[{"embeddable":true,"href":"https:\/\/informelitoral.com.ar\/%77%70%2d%6a%73%6f%6e\/wp\/v2\/users\/8"}],"replies":[{"embeddable":true,"href":"https:\/\/informelitoral.com.ar\/%77%70%2d%6a%73%6f%6e\/wp\/v2\/comments?post=200122"}],"version-history":[{"count":0,"href":"https:\/\/informelitoral.com.ar\/%77%70%2d%6a%73%6f%6e\/wp\/v2\/posts\/200122\/revisions"}],"wp:featuredmedia":[{"embeddable":true,"href":"https:\/\/informelitoral.com.ar\/%77%70%2d%6a%73%6f%6e\/wp\/v2\/media\/191304"}],"wp:attachment":[{"href":"https:\/\/informelitoral.com.ar\/%77%70%2d%6a%73%6f%6e\/wp\/v2\/media?parent=200122"}],"wp:term":[{"taxonomy":"category","embeddable":true,"href":"https:\/\/informelitoral.com.ar\/%77%70%2d%6a%73%6f%6e\/wp\/v2\/categories?post=200122"},{"taxonomy":"post_tag","embeddable":true,"href":"https:\/\/informelitoral.com.ar\/%77%70%2d%6a%73%6f%6e\/wp\/v2\/tags?post=200122"}],"curies":[{"name":"wp","href":"https:\/\/api.w.org\/{rel}","templated":true}]}}