{"id":200109,"date":"2024-10-08T10:30:36","date_gmt":"2024-10-08T13:30:36","guid":{"rendered":"https:\/\/www.informelitoral.com.ar\/?p=200109"},"modified":"2024-10-08T10:32:40","modified_gmt":"2024-10-08T13:32:40","slug":"sarnari-entre-rios-tiene-mucha-representacion-en-la-faa","status":"publish","type":"post","link":"https:\/\/informelitoral.com.ar\/sarnari-entre-rios-tiene-mucha-representacion-en-la-faa\/","title":{"rendered":"Sarnari, Entre R\u00edos tiene mucha representaci\u00f3n en la FAA"},"content":{"rendered":"<p>Sobre los dirigentes que la acompa\u00f1an en la gesti\u00f3n la flamante presidente de Federaci\u00f3n Agraria Argentina (FAA), Andrea Sarnari explic\u00f3, \u201cen el caso de los entrerrianos, Mat\u00edas Martiarena en el Consejo Directivo como director titular, Sebasti\u00e1n Klug, como director titular de la en representaci\u00f3n de la juventud, tambi\u00e9n va a estar adem\u00e1s en mi equipo de gesti\u00f3n y Elvio Gu\u00eda, quien nos deja en la presidencia, pero continuar\u00e1 como s\u00edndico titular\u201d.<\/p>\n<p>\u201cEntre R\u00edos, es uno de los distritos fuertes e hist\u00f3ricos de la Federaci\u00f3n Agraria, adem\u00e1s tenemos en la conducci\u00f3n a distintas provincias representadas por sus dirigentes, en los casos de Jos\u00e9 Volando de C\u00f3rdoba y P\u00e1nfilo Ayala de Formosa\u201d, destac\u00f3 Sarnari.<\/p>\n<p>\u201cEs la primera vez que en la Federaci\u00f3n Agraria, una mujer est\u00e1 en la presidencia , tambi\u00e9n que una mujer integre la Mesa de Enlace, si bien creo que es un hecho hist\u00f3rico, podemos poner en contexto en el momento que vivimos, es bisagra para que las mujeres ocupen cargos importantes y se empiecen a visibilizar los lugares de gesti\u00f3n y de organizaci\u00f3n de las gestiones , producto de un proceso, reflejando en el sector agropecuario lo que hacemos cotidianamente\u00a0 en nuestras chacras, campos, emprendimientos y dem\u00e1s\u201d, indic\u00f3 la titular de FAA.<\/p>\n<p>A su vez, Sarnari remarc\u00f3 que \u201cmuchas mujeres est\u00e1n a cargo de su establecimiento, propias explotaciones, somos due\u00f1as de la tierra, todo un sinn\u00famero de variables que han provocado que tomemos protagonismo, primero como productoras y luego involucr\u00e1ndonos en las problem\u00e1ticas y participar en la actividad gremial en la b\u00fasqueda de soluciones como en la Federaci\u00f3n Agraria\u201d.<\/p>\n<p>Finalmente dijo \u201cestamos en un contexto econ\u00f3mico dif\u00edcil a lo que hay que sumarle lo clim\u00e1tico, con los incendios en C\u00f3rdoba, exceso h\u00eddrico en algunos puntos de Buenos Aires y falta de agua en la mayor parte de la provincia. El clima es una variante que juega mucho en la producci\u00f3n y este 2024 es preocupante\u201d y a\u00f1adi\u00f3 que \u201cse debe bregar por pol\u00edticas y planificaciones p\u00fablicas que hagan m\u00e1s previsible nuestra tarea\u201d.<\/p>\n","protected":false},"excerpt":{"rendered":"<p>La presidenta de la entidad, habl\u00f3 sobre la presencia entrerriana en la gesti\u00f3n y de la importancia de participar e involucrarse en la problem\u00e1tica del sector.<\/p>\n","protected":false},"author":8,"featured_media":200110,"comment_status":"open","ping_status":"open","sticky":false,"template":"","format":"standard","meta":{"fifu_image_url":"","fifu_image_alt":"","footnotes":""},"categories":[10],"tags":[5240,3507],"class_list":{"0":"post-200109","1":"post","2":"type-post","3":"status-publish","4":"format-standard","5":"has-post-thumbnail","7":"category-campo","8":"tag-andrea-sarnari","9":"tag-faa"},"yoast_head":"<title>Sarnari, Entre R\u00edos tiene mucha representaci\u00f3n en la FAA - Informe Litoral<\/title>\n<meta name=\"robots\" content=\"index, follow, max-snippet:-1, max-image-preview:large, max-video-preview:-1\" \/>\n<link rel=\"canonical\" href=\"https:\/\/informelitoral.com.ar\/sarnari-entre-rios-tiene-mucha-representacion-en-la-faa\/\" \/>\n<meta property=\"og:locale\" content=\"es_ES\" \/>\n<meta property=\"og:type\" content=\"article\" \/>\n<meta property=\"og:title\" content=\"Sarnari, Entre R\u00edos tiene mucha representaci\u00f3n en la FAA - Informe Litoral\" \/>\n<meta property=\"og:description\" content=\"La presidenta de la entidad, habl\u00f3 sobre la presencia entrerriana en la gesti\u00f3n y de la importancia de participar e involucrarse en la problem\u00e1tica del sector.\" \/>\n<meta property=\"og:url\" content=\"https:\/\/informelitoral.com.ar\/sarnari-entre-rios-tiene-mucha-representacion-en-la-faa\/\" \/>\n<meta property=\"og:site_name\" content=\"Informe Litoral\" \/>\n<meta property=\"article:publisher\" content=\"https:\/\/www.facebook.com\/informelitoral\/\" \/>\n<meta property=\"article:published_time\" content=\"2024-10-08T13:30:36+00:00\" \/>\n<meta property=\"article:modified_time\" content=\"2024-10-08T13:32:40+00:00\" \/>\n<meta property=\"og:image\" content=\"https:\/\/informelitoral.com.ar\/%77%70%2d%63%6f%6e%74%65%6e%74\/uploads\/2024\/10\/FAA_comision-2024.jpg\" \/>\n\t<meta property=\"og:image:width\" content=\"800\" \/>\n\t<meta property=\"og:image:height\" content=\"450\" \/>\n\t<meta property=\"og:image:type\" content=\"image\/jpeg\" \/>\n<meta name=\"author\" content=\"Sebastian\" \/>\n<meta name=\"twitter:card\" content=\"summary_large_image\" \/>\n<meta name=\"twitter:creator\" content=\"@InformeLitoral\" \/>\n<meta name=\"twitter:site\" content=\"@InformeLitoral\" \/>\n<meta name=\"twitter:label1\" content=\"Escrito por\" \/>\n\t<meta name=\"twitter:data1\" content=\"Sebastian\" \/>\n\t<meta name=\"twitter:label2\" content=\"Tiempo de lectura\" \/>\n\t<meta name=\"twitter:data2\" content=\"2 minutos\" \/>\n<script type=\"application\/ld+json\" class=\"yoast-schema-graph\">{\"@context\":\"https:\\\/\\\/schema.org\",\"@graph\":[{\"@type\":\"Article\",\"@id\":\"https:\\\/\\\/informelitoral.com.ar\\\/sarnari-entre-rios-tiene-mucha-representacion-en-la-faa\\\/#article\",\"isPartOf\":{\"@id\":\"https:\\\/\\\/informelitoral.com.ar\\\/sarnari-entre-rios-tiene-mucha-representacion-en-la-faa\\\/\"},\"author\":{\"name\":\"Sebastian\",\"@id\":\"https:\\\/\\\/informelitoral.com.ar\\\/#\\\/schema\\\/person\\\/f05f9f461677119578717524b127d6d5\"},\"headline\":\"Sarnari, Entre R\u00edos tiene mucha representaci\u00f3n en la FAA\",\"datePublished\":\"2024-10-08T13:30:36+00:00\",\"dateModified\":\"2024-10-08T13:32:40+00:00\",\"mainEntityOfPage\":{\"@id\":\"https:\\\/\\\/informelitoral.com.ar\\\/sarnari-entre-rios-tiene-mucha-representacion-en-la-faa\\\/\"},\"wordCount\":383,\"commentCount\":0,\"publisher\":{\"@id\":\"https:\\\/\\\/informelitoral.com.ar\\\/#organization\"},\"image\":{\"@id\":\"https:\\\/\\\/informelitoral.com.ar\\\/sarnari-entre-rios-tiene-mucha-representacion-en-la-faa\\\/#primaryimage\"},\"thumbnailUrl\":\"https:\\\/\\\/informelitoral.com.ar\\\/%77%70%2d%63%6f%6e%74%65%6e%74\\\/uploads\\\/2024\\\/10\\\/FAA_comision-2024.jpg\",\"keywords\":[\"Andrea Sarnari\",\"FAA\"],\"articleSection\":[\"Campo\"],\"inLanguage\":\"es\",\"potentialAction\":[{\"@type\":\"CommentAction\",\"name\":\"Comment\",\"target\":[\"https:\\\/\\\/informelitoral.com.ar\\\/sarnari-entre-rios-tiene-mucha-representacion-en-la-faa\\\/#respond\"]}]},{\"@type\":\"WebPage\",\"@id\":\"https:\\\/\\\/informelitoral.com.ar\\\/sarnari-entre-rios-tiene-mucha-representacion-en-la-faa\\\/\",\"url\":\"https:\\\/\\\/informelitoral.com.ar\\\/sarnari-entre-rios-tiene-mucha-representacion-en-la-faa\\\/\",\"name\":\"Sarnari, Entre R\u00edos tiene mucha representaci\u00f3n en la FAA - Informe Litoral\",\"isPartOf\":{\"@id\":\"https:\\\/\\\/informelitoral.com.ar\\\/#website\"},\"primaryImageOfPage\":{\"@id\":\"https:\\\/\\\/informelitoral.com.ar\\\/sarnari-entre-rios-tiene-mucha-representacion-en-la-faa\\\/#primaryimage\"},\"image\":{\"@id\":\"https:\\\/\\\/informelitoral.com.ar\\\/sarnari-entre-rios-tiene-mucha-representacion-en-la-faa\\\/#primaryimage\"},\"thumbnailUrl\":\"https:\\\/\\\/informelitoral.com.ar\\\/%77%70%2d%63%6f%6e%74%65%6e%74\\\/uploads\\\/2024\\\/10\\\/FAA_comision-2024.jpg\",\"datePublished\":\"2024-10-08T13:30:36+00:00\",\"dateModified\":\"2024-10-08T13:32:40+00:00\",\"breadcrumb\":{\"@id\":\"https:\\\/\\\/informelitoral.com.ar\\\/sarnari-entre-rios-tiene-mucha-representacion-en-la-faa\\\/#breadcrumb\"},\"inLanguage\":\"es\",\"potentialAction\":[{\"@type\":\"ReadAction\",\"target\":[\"https:\\\/\\\/informelitoral.com.ar\\\/sarnari-entre-rios-tiene-mucha-representacion-en-la-faa\\\/\"]}]},{\"@type\":\"ImageObject\",\"inLanguage\":\"es\",\"@id\":\"https:\\\/\\\/informelitoral.com.ar\\\/sarnari-entre-rios-tiene-mucha-representacion-en-la-faa\\\/#primaryimage\",\"url\":\"https:\\\/\\\/informelitoral.com.ar\\\/%77%70%2d%63%6f%6e%74%65%6e%74\\\/uploads\\\/2024\\\/10\\\/FAA_comision-2024.jpg\",\"contentUrl\":\"https:\\\/\\\/informelitoral.com.ar\\\/%77%70%2d%63%6f%6e%74%65%6e%74\\\/uploads\\\/2024\\\/10\\\/FAA_comision-2024.jpg\",\"width\":800,\"height\":450},{\"@type\":\"BreadcrumbList\",\"@id\":\"https:\\\/\\\/informelitoral.com.ar\\\/sarnari-entre-rios-tiene-mucha-representacion-en-la-faa\\\/#breadcrumb\",\"itemListElement\":[{\"@type\":\"ListItem\",\"position\":1,\"name\":\"Portada\",\"item\":\"https:\\\/\\\/informelitoral.com.ar\\\/\"},{\"@type\":\"ListItem\",\"position\":2,\"name\":\"Sarnari, Entre R\u00edos tiene mucha representaci\u00f3n en la FAA\"}]},{\"@type\":\"WebSite\",\"@id\":\"https:\\\/\\\/informelitoral.com.ar\\\/#website\",\"url\":\"https:\\\/\\\/informelitoral.com.ar\\\/\",\"name\":\"Informe Litoral\",\"description\":\"&quot;Nos informamos&quot; \",\"publisher\":{\"@id\":\"https:\\\/\\\/informelitoral.com.ar\\\/#organization\"},\"potentialAction\":[{\"@type\":\"SearchAction\",\"target\":{\"@type\":\"EntryPoint\",\"urlTemplate\":\"https:\\\/\\\/informelitoral.com.ar\\\/?s={search_term_string}\"},\"query-input\":{\"@type\":\"PropertyValueSpecification\",\"valueRequired\":true,\"valueName\":\"search_term_string\"}}],\"inLanguage\":\"es\"},{\"@type\":\"Organization\",\"@id\":\"https:\\\/\\\/informelitoral.com.ar\\\/#organization\",\"name\":\"Informe Litoral\",\"url\":\"https:\\\/\\\/informelitoral.com.ar\\\/\",\"logo\":{\"@type\":\"ImageObject\",\"inLanguage\":\"es\",\"@id\":\"https:\\\/\\\/informelitoral.com.ar\\\/#\\\/schema\\\/logo\\\/image\\\/\",\"url\":\"https:\\\/\\\/informelitoral.com.ar\\\/%77%70%2d%63%6f%6e%74%65%6e%74\\\/uploads\\\/2021\\\/01\\\/circulo.png\",\"contentUrl\":\"https:\\\/\\\/informelitoral.com.ar\\\/%77%70%2d%63%6f%6e%74%65%6e%74\\\/uploads\\\/2021\\\/01\\\/circulo.png\",\"width\":723,\"height\":731,\"caption\":\"Informe Litoral\"},\"image\":{\"@id\":\"https:\\\/\\\/informelitoral.com.ar\\\/#\\\/schema\\\/logo\\\/image\\\/\"},\"sameAs\":[\"https:\\\/\\\/www.facebook.com\\\/informelitoral\\\/\",\"https:\\\/\\\/x.com\\\/InformeLitoral\",\"https:\\\/\\\/www.instagram.com\\\/informelitoral\\\/\",\"https:\\\/\\\/www.youtube.com\\\/channel\\\/UCua4Qvz8Icb6MYqhoq9xLXw\"]},{\"@type\":\"Person\",\"@id\":\"https:\\\/\\\/informelitoral.com.ar\\\/#\\\/schema\\\/person\\\/f05f9f461677119578717524b127d6d5\",\"name\":\"Sebastian\",\"image\":{\"@type\":\"ImageObject\",\"inLanguage\":\"es\",\"@id\":\"https:\\\/\\\/secure.gravatar.com\\\/avatar\\\/b71bf7481d447dfb9583c7f2798e7cc64de6efb9067b74633ed8c31059a3bd82?s=96&d=mm&r=g\",\"url\":\"https:\\\/\\\/secure.gravatar.com\\\/avatar\\\/b71bf7481d447dfb9583c7f2798e7cc64de6efb9067b74633ed8c31059a3bd82?s=96&d=mm&r=g\",\"contentUrl\":\"https:\\\/\\\/secure.gravatar.com\\\/avatar\\\/b71bf7481d447dfb9583c7f2798e7cc64de6efb9067b74633ed8c31059a3bd82?s=96&d=mm&r=g\",\"caption\":\"Sebastian\"},\"url\":\"https:\\\/\\\/informelitoral.com.ar\\\/author\\\/sebastian\\\/\"}]}<\/script>","yoast_head_json":{"title":"Sarnari, Entre R\u00edos tiene mucha representaci\u00f3n en la FAA - Informe Litoral","robots":{"index":"index","follow":"follow","max-snippet":"max-snippet:-1","max-image-preview":"max-image-preview:large","max-video-preview":"max-video-preview:-1"},"canonical":"https:\/\/informelitoral.com.ar\/sarnari-entre-rios-tiene-mucha-representacion-en-la-faa\/","og_locale":"es_ES","og_type":"article","og_title":"Sarnari, Entre R\u00edos tiene mucha representaci\u00f3n en la FAA - Informe Litoral","og_description":"La presidenta de la entidad, habl\u00f3 sobre la presencia entrerriana en la gesti\u00f3n y de la importancia de participar e involucrarse en la problem\u00e1tica del sector.","og_url":"https:\/\/informelitoral.com.ar\/sarnari-entre-rios-tiene-mucha-representacion-en-la-faa\/","og_site_name":"Informe Litoral","article_publisher":"https:\/\/www.facebook.com\/informelitoral\/","article_published_time":"2024-10-08T13:30:36+00:00","article_modified_time":"2024-10-08T13:32:40+00:00","og_image":[{"width":800,"height":450,"url":"https:\/\/informelitoral.com.ar\/%77%70%2d%63%6f%6e%74%65%6e%74\/uploads\/2024\/10\/FAA_comision-2024.jpg","type":"image\/jpeg"}],"author":"Sebastian","twitter_card":"summary_large_image","twitter_creator":"@InformeLitoral","twitter_site":"@InformeLitoral","twitter_misc":{"Escrito por":"Sebastian","Tiempo de lectura":"2 minutos"},"schema":{"@context":"https:\/\/schema.org","@graph":[{"@type":"Article","@id":"https:\/\/informelitoral.com.ar\/sarnari-entre-rios-tiene-mucha-representacion-en-la-faa\/#article","isPartOf":{"@id":"https:\/\/informelitoral.com.ar\/sarnari-entre-rios-tiene-mucha-representacion-en-la-faa\/"},"author":{"name":"Sebastian","@id":"https:\/\/informelitoral.com.ar\/#\/schema\/person\/f05f9f461677119578717524b127d6d5"},"headline":"Sarnari, Entre R\u00edos tiene mucha representaci\u00f3n en la FAA","datePublished":"2024-10-08T13:30:36+00:00","dateModified":"2024-10-08T13:32:40+00:00","mainEntityOfPage":{"@id":"https:\/\/informelitoral.com.ar\/sarnari-entre-rios-tiene-mucha-representacion-en-la-faa\/"},"wordCount":383,"commentCount":0,"publisher":{"@id":"https:\/\/informelitoral.com.ar\/#organization"},"image":{"@id":"https:\/\/informelitoral.com.ar\/sarnari-entre-rios-tiene-mucha-representacion-en-la-faa\/#primaryimage"},"thumbnailUrl":"https:\/\/informelitoral.com.ar\/%77%70%2d%63%6f%6e%74%65%6e%74\/uploads\/2024\/10\/FAA_comision-2024.jpg","keywords":["Andrea Sarnari","FAA"],"articleSection":["Campo"],"inLanguage":"es","potentialAction":[{"@type":"CommentAction","name":"Comment","target":["https:\/\/informelitoral.com.ar\/sarnari-entre-rios-tiene-mucha-representacion-en-la-faa\/#respond"]}]},{"@type":"WebPage","@id":"https:\/\/informelitoral.com.ar\/sarnari-entre-rios-tiene-mucha-representacion-en-la-faa\/","url":"https:\/\/informelitoral.com.ar\/sarnari-entre-rios-tiene-mucha-representacion-en-la-faa\/","name":"Sarnari, Entre R\u00edos tiene mucha representaci\u00f3n en la FAA - Informe Litoral","isPartOf":{"@id":"https:\/\/informelitoral.com.ar\/#website"},"primaryImageOfPage":{"@id":"https:\/\/informelitoral.com.ar\/sarnari-entre-rios-tiene-mucha-representacion-en-la-faa\/#primaryimage"},"image":{"@id":"https:\/\/informelitoral.com.ar\/sarnari-entre-rios-tiene-mucha-representacion-en-la-faa\/#primaryimage"},"thumbnailUrl":"https:\/\/informelitoral.com.ar\/%77%70%2d%63%6f%6e%74%65%6e%74\/uploads\/2024\/10\/FAA_comision-2024.jpg","datePublished":"2024-10-08T13:30:36+00:00","dateModified":"2024-10-08T13:32:40+00:00","breadcrumb":{"@id":"https:\/\/informelitoral.com.ar\/sarnari-entre-rios-tiene-mucha-representacion-en-la-faa\/#breadcrumb"},"inLanguage":"es","potentialAction":[{"@type":"ReadAction","target":["https:\/\/informelitoral.com.ar\/sarnari-entre-rios-tiene-mucha-representacion-en-la-faa\/"]}]},{"@type":"ImageObject","inLanguage":"es","@id":"https:\/\/informelitoral.com.ar\/sarnari-entre-rios-tiene-mucha-representacion-en-la-faa\/#primaryimage","url":"https:\/\/informelitoral.com.ar\/%77%70%2d%63%6f%6e%74%65%6e%74\/uploads\/2024\/10\/FAA_comision-2024.jpg","contentUrl":"https:\/\/informelitoral.com.ar\/%77%70%2d%63%6f%6e%74%65%6e%74\/uploads\/2024\/10\/FAA_comision-2024.jpg","width":800,"height":450},{"@type":"BreadcrumbList","@id":"https:\/\/informelitoral.com.ar\/sarnari-entre-rios-tiene-mucha-representacion-en-la-faa\/#breadcrumb","itemListElement":[{"@type":"ListItem","position":1,"name":"Portada","item":"https:\/\/informelitoral.com.ar\/"},{"@type":"ListItem","position":2,"name":"Sarnari, Entre R\u00edos tiene mucha representaci\u00f3n en la FAA"}]},{"@type":"WebSite","@id":"https:\/\/informelitoral.com.ar\/#website","url":"https:\/\/informelitoral.com.ar\/","name":"Informe Litoral","description":"&quot;Nos informamos&quot; ","publisher":{"@id":"https:\/\/informelitoral.com.ar\/#organization"},"potentialAction":[{"@type":"SearchAction","target":{"@type":"EntryPoint","urlTemplate":"https:\/\/informelitoral.com.ar\/?s={search_term_string}"},"query-input":{"@type":"PropertyValueSpecification","valueRequired":true,"valueName":"search_term_string"}}],"inLanguage":"es"},{"@type":"Organization","@id":"https:\/\/informelitoral.com.ar\/#organization","name":"Informe Litoral","url":"https:\/\/informelitoral.com.ar\/","logo":{"@type":"ImageObject","inLanguage":"es","@id":"https:\/\/informelitoral.com.ar\/#\/schema\/logo\/image\/","url":"https:\/\/informelitoral.com.ar\/%77%70%2d%63%6f%6e%74%65%6e%74\/uploads\/2021\/01\/circulo.png","contentUrl":"https:\/\/informelitoral.com.ar\/%77%70%2d%63%6f%6e%74%65%6e%74\/uploads\/2021\/01\/circulo.png","width":723,"height":731,"caption":"Informe Litoral"},"image":{"@id":"https:\/\/informelitoral.com.ar\/#\/schema\/logo\/image\/"},"sameAs":["https:\/\/www.facebook.com\/informelitoral\/","https:\/\/x.com\/InformeLitoral","https:\/\/www.instagram.com\/informelitoral\/","https:\/\/www.youtube.com\/channel\/UCua4Qvz8Icb6MYqhoq9xLXw"]},{"@type":"Person","@id":"https:\/\/informelitoral.com.ar\/#\/schema\/person\/f05f9f461677119578717524b127d6d5","name":"Sebastian","image":{"@type":"ImageObject","inLanguage":"es","@id":"https:\/\/secure.gravatar.com\/avatar\/b71bf7481d447dfb9583c7f2798e7cc64de6efb9067b74633ed8c31059a3bd82?s=96&d=mm&r=g","url":"https:\/\/secure.gravatar.com\/avatar\/b71bf7481d447dfb9583c7f2798e7cc64de6efb9067b74633ed8c31059a3bd82?s=96&d=mm&r=g","contentUrl":"https:\/\/secure.gravatar.com\/avatar\/b71bf7481d447dfb9583c7f2798e7cc64de6efb9067b74633ed8c31059a3bd82?s=96&d=mm&r=g","caption":"Sebastian"},"url":"https:\/\/informelitoral.com.ar\/author\/sebastian\/"}]}},"_links":{"self":[{"href":"https:\/\/informelitoral.com.ar\/%77%70%2d%6a%73%6f%6e\/wp\/v2\/posts\/200109","targetHints":{"allow":["GET"]}}],"collection":[{"href":"https:\/\/informelitoral.com.ar\/%77%70%2d%6a%73%6f%6e\/wp\/v2\/posts"}],"about":[{"href":"https:\/\/informelitoral.com.ar\/%77%70%2d%6a%73%6f%6e\/wp\/v2\/types\/post"}],"author":[{"embeddable":true,"href":"https:\/\/informelitoral.com.ar\/%77%70%2d%6a%73%6f%6e\/wp\/v2\/users\/8"}],"replies":[{"embeddable":true,"href":"https:\/\/informelitoral.com.ar\/%77%70%2d%6a%73%6f%6e\/wp\/v2\/comments?post=200109"}],"version-history":[{"count":0,"href":"https:\/\/informelitoral.com.ar\/%77%70%2d%6a%73%6f%6e\/wp\/v2\/posts\/200109\/revisions"}],"wp:featuredmedia":[{"embeddable":true,"href":"https:\/\/informelitoral.com.ar\/%77%70%2d%6a%73%6f%6e\/wp\/v2\/media\/200110"}],"wp:attachment":[{"href":"https:\/\/informelitoral.com.ar\/%77%70%2d%6a%73%6f%6e\/wp\/v2\/media?parent=200109"}],"wp:term":[{"taxonomy":"category","embeddable":true,"href":"https:\/\/informelitoral.com.ar\/%77%70%2d%6a%73%6f%6e\/wp\/v2\/categories?post=200109"},{"taxonomy":"post_tag","embeddable":true,"href":"https:\/\/informelitoral.com.ar\/%77%70%2d%6a%73%6f%6e\/wp\/v2\/tags?post=200109"}],"curies":[{"name":"wp","href":"https:\/\/api.w.org\/{rel}","templated":true}]}}