{"id":200089,"date":"2024-10-08T09:25:28","date_gmt":"2024-10-08T12:25:28","guid":{"rendered":"https:\/\/www.informelitoral.com.ar\/?p=200089"},"modified":"2024-10-08T10:40:20","modified_gmt":"2024-10-08T13:40:20","slug":"una-gigante-del-agro-a-nivel-global-compro-una-planta-de-acopio-en-entre-rios","status":"publish","type":"post","link":"https:\/\/informelitoral.com.ar\/una-gigante-del-agro-a-nivel-global-compro-una-planta-de-acopio-en-entre-rios\/","title":{"rendered":"Una gigante del agro a nivel global compr\u00f3 una planta de acopio en Entre R\u00edos"},"content":{"rendered":"<p>La compa\u00f1\u00eda multinacional\u00a0<strong>Louis Dreyfus Company (LDC)<\/strong>, una de las gigantes del agro a nivel global, anunci\u00f3 la adquisici\u00f3n de su primera planta de\u00a0<strong>acopio\u00a0<\/strong>y acondicionamiento de granos propia en la provincia de\u00a0<strong>Entre R\u00edos<\/strong>.<\/p>\n<p>Est\u00e1 ubicada cerca de Gobernador Mansilla y es una decisi\u00f3n tomada por LDC como parte de sus planes estrat\u00e9gicos para\u00a0<strong>reforzar a\u00fan m\u00e1s sus operaciones de comercializaci\u00f3n de cereales y oleaginosas en el pa\u00eds<\/strong>, seg\u00fan indic\u00f3 en un comunicado.<\/p>\n<p>Ubicado a 190 kil\u00f3metros del complejo agroindustrial de LDC en Timb\u00faes, en el Gran Rosario, el nuevo acopio\u00a0<strong>cuenta con una capacidad est\u00e1tica de 7.500 toneladas en silos, adem\u00e1s de un predio aleda\u00f1o para el almacenamiento adicional en silobolsas<\/strong>, permitiendo acopiar y acondicionar diferentes cereales y oleaginosas a lo largo del a\u00f1o, como\u00a0<strong>soja, trigo, ma\u00edz, camelina, carinata y colza<\/strong>.<\/p>\n<p>El predio tambi\u00e9n cuenta con\u00a0<strong>tres silos para el almacenamiento y despacho de fertilizantes<\/strong>, lo que facilitar\u00e1 y agilizar\u00e1 la entrega de los productos Macro Fertil de LDC a los productores locales.<\/p>\n<h5><em><strong>Te puede interesar:\u00a0<a href=\"https:\/\/www.informelitoral.com.ar\/precios-del-remate-de-hacienda-de-la-ganadera-en-maria-grande-de-este-lunes-30-de-septiembre-de-2024\/\" target=\"_blank\" rel=\"noopener\">Junto a Senasa y Fucofa, la provincia refuerza su compromiso en los planes de sanidad animal<\/a><\/strong><\/em><\/h5>\n<p>Adem\u00e1s, se est\u00e1n realizando inversiones para\u00a0<strong>modernizar la infraestructura y tecnolog\u00eda del activo<\/strong>, de modo que pueda recibir trigo tan pronto como comience la cosecha en noviembre.<\/p>\n<h2><strong>Un acopio m\u00e1s en la estructura de LDC<\/strong><\/h2>\n<p>\u201cTras 15 a\u00f1os de operar con terceros en Entre R\u00edos,\u00a0<strong>estamos entusiasmados con el inicio de operaciones en nuestra propia planta<\/strong>, cuya adquisici\u00f3n refleja nuestro compromiso a largo plazo con los productores locales\u201d, afirm\u00f3 Juan Tizado, gerente regional de Originaci\u00f3n de Cerelaes y Oleaginosas de LDC para Latinoam\u00e9rica Sur y Oeste.<\/p>\n<p>Por su parte, Victoria Capalbo, gerente regional de sustentabilidad de cereales y oleaginosas de LDC para Latinoam\u00e9rica Sur y Oeste, sum\u00f3:\u00a0\u201cEl nuevo acopio tambi\u00e9n\u00a0<strong>respaldar\u00e1 la trayectoria sustentable de LDC<\/strong>, permitiendo una trazabilidad del 100% hasta el campo para los productos provenientes de la zona\u201d.<\/p>\n<p>Entre otras ventajas, subray\u00f3 que esta planta permitir\u00e1 tambi\u00e9n recibir y acondicionar\u00a0<strong>camelina, \u201cun nuevo cultivo ultrabajo en carbono introducido y promovido por LDC junto con Camelina Company<\/strong>\u00a0desde 2023, con un excelente desempe\u00f1o en la zona\u201d.<\/p>\n","protected":false},"excerpt":{"rendered":"<p>La multinacional Louis Dreyfus Company (LDC) adquiri\u00f3 un acopio ubicado cerca de Gobernador Mansilla, \u00abcomo parte de sus planes estrat\u00e9gicos para reforzar sus operaciones de comercializaci\u00f3n de cereales y oleaginosas\u00bb, inform\u00f3 en un comunicado.<\/p>\n","protected":false},"author":8,"featured_media":200091,"comment_status":"open","ping_status":"open","sticky":false,"template":"","format":"standard","meta":{"fifu_image_url":"","fifu_image_alt":"","footnotes":""},"categories":[10],"tags":[1966,81,5238,5237,5236],"class_list":{"0":"post-200089","1":"post","2":"type-post","3":"status-publish","4":"format-standard","5":"has-post-thumbnail","7":"category-campo","8":"tag-agro","9":"tag-entre-rios","10":"tag-gobernador-mansilla","11":"tag-multinacional","12":"tag-planta-de-acopio"},"yoast_head":"<title>Una gigante del agro a nivel global compr\u00f3 una planta de acopio en Entre R\u00edos - Informe Litoral<\/title>\n<meta name=\"robots\" content=\"index, follow, max-snippet:-1, max-image-preview:large, max-video-preview:-1\" \/>\n<link rel=\"canonical\" href=\"https:\/\/informelitoral.com.ar\/una-gigante-del-agro-a-nivel-global-compro-una-planta-de-acopio-en-entre-rios\/\" \/>\n<meta property=\"og:locale\" content=\"es_ES\" \/>\n<meta property=\"og:type\" content=\"article\" \/>\n<meta property=\"og:title\" content=\"Una gigante del agro a nivel global compr\u00f3 una planta de acopio en Entre R\u00edos - Informe Litoral\" \/>\n<meta property=\"og:description\" content=\"La multinacional Louis Dreyfus Company (LDC) adquiri\u00f3 un acopio ubicado cerca de Gobernador Mansilla, &quot;como parte de sus planes estrat\u00e9gicos para reforzar sus operaciones de comercializaci\u00f3n de cereales y oleaginosas&quot;, inform\u00f3 en un comunicado.\" \/>\n<meta property=\"og:url\" content=\"https:\/\/informelitoral.com.ar\/una-gigante-del-agro-a-nivel-global-compro-una-planta-de-acopio-en-entre-rios\/\" \/>\n<meta property=\"og:site_name\" content=\"Informe Litoral\" \/>\n<meta property=\"article:publisher\" content=\"https:\/\/www.facebook.com\/informelitoral\/\" \/>\n<meta property=\"article:published_time\" content=\"2024-10-08T12:25:28+00:00\" \/>\n<meta property=\"article:modified_time\" content=\"2024-10-08T13:40:20+00:00\" \/>\n<meta property=\"og:image\" content=\"https:\/\/informelitoral.com.ar\/%77%70%2d%63%6f%6e%74%65%6e%74\/uploads\/2024\/10\/WhatsApp-Image-2024-10-08-at-08.33.25.jpeg\" \/>\n\t<meta property=\"og:image:width\" content=\"1274\" \/>\n\t<meta property=\"og:image:height\" content=\"885\" \/>\n\t<meta property=\"og:image:type\" content=\"image\/jpeg\" \/>\n<meta name=\"author\" content=\"Sebastian\" \/>\n<meta name=\"twitter:card\" content=\"summary_large_image\" \/>\n<meta name=\"twitter:creator\" content=\"@InformeLitoral\" \/>\n<meta name=\"twitter:site\" content=\"@InformeLitoral\" \/>\n<meta name=\"twitter:label1\" content=\"Escrito por\" \/>\n\t<meta name=\"twitter:data1\" content=\"Sebastian\" \/>\n\t<meta name=\"twitter:label2\" content=\"Tiempo de lectura\" \/>\n\t<meta name=\"twitter:data2\" content=\"2 minutos\" \/>\n<script type=\"application\/ld+json\" class=\"yoast-schema-graph\">{\"@context\":\"https:\\\/\\\/schema.org\",\"@graph\":[{\"@type\":\"Article\",\"@id\":\"https:\\\/\\\/informelitoral.com.ar\\\/una-gigante-del-agro-a-nivel-global-compro-una-planta-de-acopio-en-entre-rios\\\/#article\",\"isPartOf\":{\"@id\":\"https:\\\/\\\/informelitoral.com.ar\\\/una-gigante-del-agro-a-nivel-global-compro-una-planta-de-acopio-en-entre-rios\\\/\"},\"author\":{\"name\":\"Sebastian\",\"@id\":\"https:\\\/\\\/informelitoral.com.ar\\\/#\\\/schema\\\/person\\\/f05f9f461677119578717524b127d6d5\"},\"headline\":\"Una gigante del agro a nivel global compr\u00f3 una planta de acopio en Entre R\u00edos\",\"datePublished\":\"2024-10-08T12:25:28+00:00\",\"dateModified\":\"2024-10-08T13:40:20+00:00\",\"mainEntityOfPage\":{\"@id\":\"https:\\\/\\\/informelitoral.com.ar\\\/una-gigante-del-agro-a-nivel-global-compro-una-planta-de-acopio-en-entre-rios\\\/\"},\"wordCount\":397,\"commentCount\":0,\"publisher\":{\"@id\":\"https:\\\/\\\/informelitoral.com.ar\\\/#organization\"},\"image\":{\"@id\":\"https:\\\/\\\/informelitoral.com.ar\\\/una-gigante-del-agro-a-nivel-global-compro-una-planta-de-acopio-en-entre-rios\\\/#primaryimage\"},\"thumbnailUrl\":\"https:\\\/\\\/informelitoral.com.ar\\\/%77%70%2d%63%6f%6e%74%65%6e%74\\\/uploads\\\/2024\\\/10\\\/WhatsApp-Image-2024-10-08-at-08.33.25.jpeg\",\"keywords\":[\"Agro\",\"Entre R\u00edos\",\"gobernador Mansilla\",\"Multinacional\",\"Planta de Acopio\"],\"articleSection\":[\"Campo\"],\"inLanguage\":\"es\",\"potentialAction\":[{\"@type\":\"CommentAction\",\"name\":\"Comment\",\"target\":[\"https:\\\/\\\/informelitoral.com.ar\\\/una-gigante-del-agro-a-nivel-global-compro-una-planta-de-acopio-en-entre-rios\\\/#respond\"]}]},{\"@type\":\"WebPage\",\"@id\":\"https:\\\/\\\/informelitoral.com.ar\\\/una-gigante-del-agro-a-nivel-global-compro-una-planta-de-acopio-en-entre-rios\\\/\",\"url\":\"https:\\\/\\\/informelitoral.com.ar\\\/una-gigante-del-agro-a-nivel-global-compro-una-planta-de-acopio-en-entre-rios\\\/\",\"name\":\"Una gigante del agro a nivel global compr\u00f3 una planta de acopio en Entre R\u00edos - Informe Litoral\",\"isPartOf\":{\"@id\":\"https:\\\/\\\/informelitoral.com.ar\\\/#website\"},\"primaryImageOfPage\":{\"@id\":\"https:\\\/\\\/informelitoral.com.ar\\\/una-gigante-del-agro-a-nivel-global-compro-una-planta-de-acopio-en-entre-rios\\\/#primaryimage\"},\"image\":{\"@id\":\"https:\\\/\\\/informelitoral.com.ar\\\/una-gigante-del-agro-a-nivel-global-compro-una-planta-de-acopio-en-entre-rios\\\/#primaryimage\"},\"thumbnailUrl\":\"https:\\\/\\\/informelitoral.com.ar\\\/%77%70%2d%63%6f%6e%74%65%6e%74\\\/uploads\\\/2024\\\/10\\\/WhatsApp-Image-2024-10-08-at-08.33.25.jpeg\",\"datePublished\":\"2024-10-08T12:25:28+00:00\",\"dateModified\":\"2024-10-08T13:40:20+00:00\",\"breadcrumb\":{\"@id\":\"https:\\\/\\\/informelitoral.com.ar\\\/una-gigante-del-agro-a-nivel-global-compro-una-planta-de-acopio-en-entre-rios\\\/#breadcrumb\"},\"inLanguage\":\"es\",\"potentialAction\":[{\"@type\":\"ReadAction\",\"target\":[\"https:\\\/\\\/informelitoral.com.ar\\\/una-gigante-del-agro-a-nivel-global-compro-una-planta-de-acopio-en-entre-rios\\\/\"]}]},{\"@type\":\"ImageObject\",\"inLanguage\":\"es\",\"@id\":\"https:\\\/\\\/informelitoral.com.ar\\\/una-gigante-del-agro-a-nivel-global-compro-una-planta-de-acopio-en-entre-rios\\\/#primaryimage\",\"url\":\"https:\\\/\\\/informelitoral.com.ar\\\/%77%70%2d%63%6f%6e%74%65%6e%74\\\/uploads\\\/2024\\\/10\\\/WhatsApp-Image-2024-10-08-at-08.33.25.jpeg\",\"contentUrl\":\"https:\\\/\\\/informelitoral.com.ar\\\/%77%70%2d%63%6f%6e%74%65%6e%74\\\/uploads\\\/2024\\\/10\\\/WhatsApp-Image-2024-10-08-at-08.33.25.jpeg\",\"width\":1274,\"height\":885},{\"@type\":\"BreadcrumbList\",\"@id\":\"https:\\\/\\\/informelitoral.com.ar\\\/una-gigante-del-agro-a-nivel-global-compro-una-planta-de-acopio-en-entre-rios\\\/#breadcrumb\",\"itemListElement\":[{\"@type\":\"ListItem\",\"position\":1,\"name\":\"Portada\",\"item\":\"https:\\\/\\\/informelitoral.com.ar\\\/\"},{\"@type\":\"ListItem\",\"position\":2,\"name\":\"Una gigante del agro a nivel global compr\u00f3 una planta de acopio en Entre R\u00edos\"}]},{\"@type\":\"WebSite\",\"@id\":\"https:\\\/\\\/informelitoral.com.ar\\\/#website\",\"url\":\"https:\\\/\\\/informelitoral.com.ar\\\/\",\"name\":\"Informe Litoral\",\"description\":\"&quot;Nos informamos&quot; \",\"publisher\":{\"@id\":\"https:\\\/\\\/informelitoral.com.ar\\\/#organization\"},\"potentialAction\":[{\"@type\":\"SearchAction\",\"target\":{\"@type\":\"EntryPoint\",\"urlTemplate\":\"https:\\\/\\\/informelitoral.com.ar\\\/?s={search_term_string}\"},\"query-input\":{\"@type\":\"PropertyValueSpecification\",\"valueRequired\":true,\"valueName\":\"search_term_string\"}}],\"inLanguage\":\"es\"},{\"@type\":\"Organization\",\"@id\":\"https:\\\/\\\/informelitoral.com.ar\\\/#organization\",\"name\":\"Informe Litoral\",\"url\":\"https:\\\/\\\/informelitoral.com.ar\\\/\",\"logo\":{\"@type\":\"ImageObject\",\"inLanguage\":\"es\",\"@id\":\"https:\\\/\\\/informelitoral.com.ar\\\/#\\\/schema\\\/logo\\\/image\\\/\",\"url\":\"https:\\\/\\\/informelitoral.com.ar\\\/%77%70%2d%63%6f%6e%74%65%6e%74\\\/uploads\\\/2021\\\/01\\\/circulo.png\",\"contentUrl\":\"https:\\\/\\\/informelitoral.com.ar\\\/%77%70%2d%63%6f%6e%74%65%6e%74\\\/uploads\\\/2021\\\/01\\\/circulo.png\",\"width\":723,\"height\":731,\"caption\":\"Informe Litoral\"},\"image\":{\"@id\":\"https:\\\/\\\/informelitoral.com.ar\\\/#\\\/schema\\\/logo\\\/image\\\/\"},\"sameAs\":[\"https:\\\/\\\/www.facebook.com\\\/informelitoral\\\/\",\"https:\\\/\\\/x.com\\\/InformeLitoral\",\"https:\\\/\\\/www.instagram.com\\\/informelitoral\\\/\",\"https:\\\/\\\/www.youtube.com\\\/channel\\\/UCua4Qvz8Icb6MYqhoq9xLXw\"]},{\"@type\":\"Person\",\"@id\":\"https:\\\/\\\/informelitoral.com.ar\\\/#\\\/schema\\\/person\\\/f05f9f461677119578717524b127d6d5\",\"name\":\"Sebastian\",\"image\":{\"@type\":\"ImageObject\",\"inLanguage\":\"es\",\"@id\":\"https:\\\/\\\/secure.gravatar.com\\\/avatar\\\/b71bf7481d447dfb9583c7f2798e7cc64de6efb9067b74633ed8c31059a3bd82?s=96&d=mm&r=g\",\"url\":\"https:\\\/\\\/secure.gravatar.com\\\/avatar\\\/b71bf7481d447dfb9583c7f2798e7cc64de6efb9067b74633ed8c31059a3bd82?s=96&d=mm&r=g\",\"contentUrl\":\"https:\\\/\\\/secure.gravatar.com\\\/avatar\\\/b71bf7481d447dfb9583c7f2798e7cc64de6efb9067b74633ed8c31059a3bd82?s=96&d=mm&r=g\",\"caption\":\"Sebastian\"},\"url\":\"https:\\\/\\\/informelitoral.com.ar\\\/author\\\/sebastian\\\/\"}]}<\/script>","yoast_head_json":{"title":"Una gigante del agro a nivel global compr\u00f3 una planta de acopio en Entre R\u00edos - Informe Litoral","robots":{"index":"index","follow":"follow","max-snippet":"max-snippet:-1","max-image-preview":"max-image-preview:large","max-video-preview":"max-video-preview:-1"},"canonical":"https:\/\/informelitoral.com.ar\/una-gigante-del-agro-a-nivel-global-compro-una-planta-de-acopio-en-entre-rios\/","og_locale":"es_ES","og_type":"article","og_title":"Una gigante del agro a nivel global compr\u00f3 una planta de acopio en Entre R\u00edos - Informe Litoral","og_description":"La multinacional Louis Dreyfus Company (LDC) adquiri\u00f3 un acopio ubicado cerca de Gobernador Mansilla, \"como parte de sus planes estrat\u00e9gicos para reforzar sus operaciones de comercializaci\u00f3n de cereales y oleaginosas\", inform\u00f3 en un comunicado.","og_url":"https:\/\/informelitoral.com.ar\/una-gigante-del-agro-a-nivel-global-compro-una-planta-de-acopio-en-entre-rios\/","og_site_name":"Informe Litoral","article_publisher":"https:\/\/www.facebook.com\/informelitoral\/","article_published_time":"2024-10-08T12:25:28+00:00","article_modified_time":"2024-10-08T13:40:20+00:00","og_image":[{"width":1274,"height":885,"url":"https:\/\/informelitoral.com.ar\/%77%70%2d%63%6f%6e%74%65%6e%74\/uploads\/2024\/10\/WhatsApp-Image-2024-10-08-at-08.33.25.jpeg","type":"image\/jpeg"}],"author":"Sebastian","twitter_card":"summary_large_image","twitter_creator":"@InformeLitoral","twitter_site":"@InformeLitoral","twitter_misc":{"Escrito por":"Sebastian","Tiempo de lectura":"2 minutos"},"schema":{"@context":"https:\/\/schema.org","@graph":[{"@type":"Article","@id":"https:\/\/informelitoral.com.ar\/una-gigante-del-agro-a-nivel-global-compro-una-planta-de-acopio-en-entre-rios\/#article","isPartOf":{"@id":"https:\/\/informelitoral.com.ar\/una-gigante-del-agro-a-nivel-global-compro-una-planta-de-acopio-en-entre-rios\/"},"author":{"name":"Sebastian","@id":"https:\/\/informelitoral.com.ar\/#\/schema\/person\/f05f9f461677119578717524b127d6d5"},"headline":"Una gigante del agro a nivel global compr\u00f3 una planta de acopio en Entre R\u00edos","datePublished":"2024-10-08T12:25:28+00:00","dateModified":"2024-10-08T13:40:20+00:00","mainEntityOfPage":{"@id":"https:\/\/informelitoral.com.ar\/una-gigante-del-agro-a-nivel-global-compro-una-planta-de-acopio-en-entre-rios\/"},"wordCount":397,"commentCount":0,"publisher":{"@id":"https:\/\/informelitoral.com.ar\/#organization"},"image":{"@id":"https:\/\/informelitoral.com.ar\/una-gigante-del-agro-a-nivel-global-compro-una-planta-de-acopio-en-entre-rios\/#primaryimage"},"thumbnailUrl":"https:\/\/informelitoral.com.ar\/%77%70%2d%63%6f%6e%74%65%6e%74\/uploads\/2024\/10\/WhatsApp-Image-2024-10-08-at-08.33.25.jpeg","keywords":["Agro","Entre R\u00edos","gobernador Mansilla","Multinacional","Planta de Acopio"],"articleSection":["Campo"],"inLanguage":"es","potentialAction":[{"@type":"CommentAction","name":"Comment","target":["https:\/\/informelitoral.com.ar\/una-gigante-del-agro-a-nivel-global-compro-una-planta-de-acopio-en-entre-rios\/#respond"]}]},{"@type":"WebPage","@id":"https:\/\/informelitoral.com.ar\/una-gigante-del-agro-a-nivel-global-compro-una-planta-de-acopio-en-entre-rios\/","url":"https:\/\/informelitoral.com.ar\/una-gigante-del-agro-a-nivel-global-compro-una-planta-de-acopio-en-entre-rios\/","name":"Una gigante del agro a nivel global compr\u00f3 una planta de acopio en Entre R\u00edos - Informe Litoral","isPartOf":{"@id":"https:\/\/informelitoral.com.ar\/#website"},"primaryImageOfPage":{"@id":"https:\/\/informelitoral.com.ar\/una-gigante-del-agro-a-nivel-global-compro-una-planta-de-acopio-en-entre-rios\/#primaryimage"},"image":{"@id":"https:\/\/informelitoral.com.ar\/una-gigante-del-agro-a-nivel-global-compro-una-planta-de-acopio-en-entre-rios\/#primaryimage"},"thumbnailUrl":"https:\/\/informelitoral.com.ar\/%77%70%2d%63%6f%6e%74%65%6e%74\/uploads\/2024\/10\/WhatsApp-Image-2024-10-08-at-08.33.25.jpeg","datePublished":"2024-10-08T12:25:28+00:00","dateModified":"2024-10-08T13:40:20+00:00","breadcrumb":{"@id":"https:\/\/informelitoral.com.ar\/una-gigante-del-agro-a-nivel-global-compro-una-planta-de-acopio-en-entre-rios\/#breadcrumb"},"inLanguage":"es","potentialAction":[{"@type":"ReadAction","target":["https:\/\/informelitoral.com.ar\/una-gigante-del-agro-a-nivel-global-compro-una-planta-de-acopio-en-entre-rios\/"]}]},{"@type":"ImageObject","inLanguage":"es","@id":"https:\/\/informelitoral.com.ar\/una-gigante-del-agro-a-nivel-global-compro-una-planta-de-acopio-en-entre-rios\/#primaryimage","url":"https:\/\/informelitoral.com.ar\/%77%70%2d%63%6f%6e%74%65%6e%74\/uploads\/2024\/10\/WhatsApp-Image-2024-10-08-at-08.33.25.jpeg","contentUrl":"https:\/\/informelitoral.com.ar\/%77%70%2d%63%6f%6e%74%65%6e%74\/uploads\/2024\/10\/WhatsApp-Image-2024-10-08-at-08.33.25.jpeg","width":1274,"height":885},{"@type":"BreadcrumbList","@id":"https:\/\/informelitoral.com.ar\/una-gigante-del-agro-a-nivel-global-compro-una-planta-de-acopio-en-entre-rios\/#breadcrumb","itemListElement":[{"@type":"ListItem","position":1,"name":"Portada","item":"https:\/\/informelitoral.com.ar\/"},{"@type":"ListItem","position":2,"name":"Una gigante del agro a nivel global compr\u00f3 una planta de acopio en Entre R\u00edos"}]},{"@type":"WebSite","@id":"https:\/\/informelitoral.com.ar\/#website","url":"https:\/\/informelitoral.com.ar\/","name":"Informe Litoral","description":"&quot;Nos informamos&quot; ","publisher":{"@id":"https:\/\/informelitoral.com.ar\/#organization"},"potentialAction":[{"@type":"SearchAction","target":{"@type":"EntryPoint","urlTemplate":"https:\/\/informelitoral.com.ar\/?s={search_term_string}"},"query-input":{"@type":"PropertyValueSpecification","valueRequired":true,"valueName":"search_term_string"}}],"inLanguage":"es"},{"@type":"Organization","@id":"https:\/\/informelitoral.com.ar\/#organization","name":"Informe Litoral","url":"https:\/\/informelitoral.com.ar\/","logo":{"@type":"ImageObject","inLanguage":"es","@id":"https:\/\/informelitoral.com.ar\/#\/schema\/logo\/image\/","url":"https:\/\/informelitoral.com.ar\/%77%70%2d%63%6f%6e%74%65%6e%74\/uploads\/2021\/01\/circulo.png","contentUrl":"https:\/\/informelitoral.com.ar\/%77%70%2d%63%6f%6e%74%65%6e%74\/uploads\/2021\/01\/circulo.png","width":723,"height":731,"caption":"Informe Litoral"},"image":{"@id":"https:\/\/informelitoral.com.ar\/#\/schema\/logo\/image\/"},"sameAs":["https:\/\/www.facebook.com\/informelitoral\/","https:\/\/x.com\/InformeLitoral","https:\/\/www.instagram.com\/informelitoral\/","https:\/\/www.youtube.com\/channel\/UCua4Qvz8Icb6MYqhoq9xLXw"]},{"@type":"Person","@id":"https:\/\/informelitoral.com.ar\/#\/schema\/person\/f05f9f461677119578717524b127d6d5","name":"Sebastian","image":{"@type":"ImageObject","inLanguage":"es","@id":"https:\/\/secure.gravatar.com\/avatar\/b71bf7481d447dfb9583c7f2798e7cc64de6efb9067b74633ed8c31059a3bd82?s=96&d=mm&r=g","url":"https:\/\/secure.gravatar.com\/avatar\/b71bf7481d447dfb9583c7f2798e7cc64de6efb9067b74633ed8c31059a3bd82?s=96&d=mm&r=g","contentUrl":"https:\/\/secure.gravatar.com\/avatar\/b71bf7481d447dfb9583c7f2798e7cc64de6efb9067b74633ed8c31059a3bd82?s=96&d=mm&r=g","caption":"Sebastian"},"url":"https:\/\/informelitoral.com.ar\/author\/sebastian\/"}]}},"_links":{"self":[{"href":"https:\/\/informelitoral.com.ar\/%77%70%2d%6a%73%6f%6e\/wp\/v2\/posts\/200089","targetHints":{"allow":["GET"]}}],"collection":[{"href":"https:\/\/informelitoral.com.ar\/%77%70%2d%6a%73%6f%6e\/wp\/v2\/posts"}],"about":[{"href":"https:\/\/informelitoral.com.ar\/%77%70%2d%6a%73%6f%6e\/wp\/v2\/types\/post"}],"author":[{"embeddable":true,"href":"https:\/\/informelitoral.com.ar\/%77%70%2d%6a%73%6f%6e\/wp\/v2\/users\/8"}],"replies":[{"embeddable":true,"href":"https:\/\/informelitoral.com.ar\/%77%70%2d%6a%73%6f%6e\/wp\/v2\/comments?post=200089"}],"version-history":[{"count":0,"href":"https:\/\/informelitoral.com.ar\/%77%70%2d%6a%73%6f%6e\/wp\/v2\/posts\/200089\/revisions"}],"wp:featuredmedia":[{"embeddable":true,"href":"https:\/\/informelitoral.com.ar\/%77%70%2d%6a%73%6f%6e\/wp\/v2\/media\/200091"}],"wp:attachment":[{"href":"https:\/\/informelitoral.com.ar\/%77%70%2d%6a%73%6f%6e\/wp\/v2\/media?parent=200089"}],"wp:term":[{"taxonomy":"category","embeddable":true,"href":"https:\/\/informelitoral.com.ar\/%77%70%2d%6a%73%6f%6e\/wp\/v2\/categories?post=200089"},{"taxonomy":"post_tag","embeddable":true,"href":"https:\/\/informelitoral.com.ar\/%77%70%2d%6a%73%6f%6e\/wp\/v2\/tags?post=200089"}],"curies":[{"name":"wp","href":"https:\/\/api.w.org\/{rel}","templated":true}]}}