{"id":199421,"date":"2024-09-30T15:46:10","date_gmt":"2024-09-30T18:46:10","guid":{"rendered":"https:\/\/www.informelitoral.com.ar\/?p=199421"},"modified":"2024-09-30T15:47:24","modified_gmt":"2024-09-30T18:47:24","slug":"que-dijo-dibu-martinez-tras-ser-sancionado-por-la-fifa","status":"publish","type":"post","link":"https:\/\/informelitoral.com.ar\/que-dijo-dibu-martinez-tras-ser-sancionado-por-la-fifa\/","title":{"rendered":"Qu\u00e9 dijo Dibu Mart\u00ednez tras ser sancionado por la FIFA"},"content":{"rendered":"<p class=\"paragraph\"><b>Emiliano \u201cDibu\u201d Mart\u00ednez<\/b><b>\u00a0<\/b>hizo un extenso posteo en sus redes sociales en donde\u00a0<b>se refiri\u00f3 a la sanci\u00f3n de la FIFA<\/b>, que no le permitir\u00e1 estar en la pr\u00f3xima fecha de Eliminatorias, en donde\u00a0<b>la Selecci\u00f3n argentina se enfrentar\u00e1 a Venezuela y Bolivia.<\/b><\/p>\n<div class=\"AV6543bedcd858799fe90b5c47\">\n<div id=\"aniBox\">\n<div id=\"aniplayer_AV6543bedcd858799fe90b5c47-1727721894504\">\n<div id=\"aniplayer_AV6543bedcd858799fe90b5c47-1727721894504gui\">\n<div id=\"av-caption\">\n<div id=\"av-close-btn-overlay\" class=\"av-pos-top-left\">\n<p class=\"paragraph\">El ente rector del f\u00fatbol mundial tom\u00f3 esta determinaci\u00f3n\u00a0<b>tras el incidente del arquero con un camar\u00f3grafo<\/b>\u00a0luego de la derrota ante Colombia en Barranquilla y\u00a0<b>por el festejo con la Copa Am\u00e9rica en el Monumental<\/b>.<\/p>\n<p class=\"paragraph\"><b>\u201cAcepto la sanci\u00f3n de la FIFA y pido disculpas si ofend\u00ed a alguien.\u00a0<\/b>El momento de celebraci\u00f3n es para hacer sonre\u00edr a muchos chicos y no faltar el respeto a nadie.\u00a0<b>Apoyar\u00e9 a mis amigos en esta fecha con el dolor de no poder estar\u201d<\/b>, indic\u00f3 el arquero argentino.<\/p>\n<p class=\"paragraph\">Y continu\u00f3: \u201cNunca fue mi intenci\u00f3n faltarle el respeto a nadie, ni entend\u00eda que un gesto bien recibido por la gente era ofensivo, pero<b>\u00a0tratar\u00e9 de no ofender m\u00e1s a nadie y solo enfocarme en ganar t\u00edtulos con Argentina y Aston Villa\u201d, cerr\u00f3.<\/b><\/p>\n<p class=\"paragraph\">El arquero campe\u00f3n del mundo vivi\u00f3 un partido particular ante la selecci\u00f3n colombiana, ya que fue el foco de los silbidos y abucheos de los hinchas. Luego de la derrota, un camar\u00f3grafo lo sigui\u00f3 especialmente para generar su reacci\u00f3n y el jugador le meti\u00f3 un manotazo a la c\u00e1mara.<\/p>\n<p class=\"paragraph\">La FIFA lo catalog\u00f3 como \u201cinconducta ofensiva y violaci\u00f3n de los principios de juego limpio\u201d, por lo que\u00a0<b>el Dibu se perder\u00e1 los partidos ante Venezuela y Bolivia, el pr\u00f3ximo 10 y 15 de octubre, respectivamente.<\/b><\/p>\n<h2 class=\"font--primary\"><strong>La reacci\u00f3n del Dibu Mart\u00ednez ante la cargada de un camar\u00f3grafo colombiano<\/strong><\/h2>\n<p class=\"paragraph\">Luego de la derrota de la Selecci\u00f3n argentina ante Colombia en Barranquilla, el Dibu sinti\u00f3 como una provocaci\u00f3n este largo seguimiento de la TV y reaccion\u00f3 intentando apartar la c\u00e1mara que, l\u00f3gicamente, perdi\u00f3 el plano. El enojo del futbolista argentino se pudo ver en su cara: no le gust\u00f3 nada esta cargada de los colombianos.<\/p>\n<\/div>\n<\/div>\n<\/div>\n<\/div>\n<\/div>\n<\/div>\n","protected":false},"excerpt":{"rendered":"<p>El arquero de la Selecci\u00f3n argentina no estar\u00e1 presente en los partidos de Eliminatorias ante Venezuela y Bolivia, tras ser suspendido por dos fechas.<\/p>\n","protected":false},"author":8,"featured_media":169220,"comment_status":"open","ping_status":"open","sticky":false,"template":"","format":"standard","meta":{"fifu_image_url":"","fifu_image_alt":"","footnotes":""},"categories":[13],"tags":[4030,705,3332],"class_list":{"0":"post-199421","1":"post","2":"type-post","3":"status-publish","4":"format-standard","5":"has-post-thumbnail","7":"category-deportes","8":"tag-dibu-martinez","9":"tag-fifa","10":"tag-sancion"},"yoast_head":"<title>Qu\u00e9 dijo Dibu Mart\u00ednez tras ser sancionado por la FIFA - Informe Litoral<\/title>\n<meta name=\"robots\" content=\"index, follow, max-snippet:-1, max-image-preview:large, max-video-preview:-1\" \/>\n<link rel=\"canonical\" href=\"https:\/\/informelitoral.com.ar\/que-dijo-dibu-martinez-tras-ser-sancionado-por-la-fifa\/\" \/>\n<meta property=\"og:locale\" content=\"es_ES\" \/>\n<meta property=\"og:type\" content=\"article\" \/>\n<meta property=\"og:title\" content=\"Qu\u00e9 dijo Dibu Mart\u00ednez tras ser sancionado por la FIFA - Informe Litoral\" \/>\n<meta property=\"og:description\" content=\"El arquero de la Selecci\u00f3n argentina no estar\u00e1 presente en los partidos de Eliminatorias ante Venezuela y Bolivia, tras ser suspendido por dos fechas.\" \/>\n<meta property=\"og:url\" content=\"https:\/\/informelitoral.com.ar\/que-dijo-dibu-martinez-tras-ser-sancionado-por-la-fifa\/\" \/>\n<meta property=\"og:site_name\" content=\"Informe Litoral\" \/>\n<meta property=\"article:publisher\" content=\"https:\/\/www.facebook.com\/informelitoral\/\" \/>\n<meta property=\"article:published_time\" content=\"2024-09-30T18:46:10+00:00\" \/>\n<meta property=\"article:modified_time\" content=\"2024-09-30T18:47:24+00:00\" \/>\n<meta property=\"og:image\" content=\"https:\/\/informelitoral.com.ar\/%77%70%2d%63%6f%6e%74%65%6e%74\/uploads\/2023\/10\/dibumundialjpg.webp\" \/>\n\t<meta property=\"og:image:width\" content=\"1200\" \/>\n\t<meta property=\"og:image:height\" content=\"675\" \/>\n\t<meta property=\"og:image:type\" content=\"image\/webp\" \/>\n<meta name=\"author\" content=\"Sebastian\" \/>\n<meta name=\"twitter:card\" content=\"summary_large_image\" \/>\n<meta name=\"twitter:creator\" content=\"@InformeLitoral\" \/>\n<meta name=\"twitter:site\" content=\"@InformeLitoral\" \/>\n<meta name=\"twitter:label1\" content=\"Escrito por\" \/>\n\t<meta name=\"twitter:data1\" content=\"Sebastian\" \/>\n\t<meta name=\"twitter:label2\" content=\"Tiempo de lectura\" \/>\n\t<meta name=\"twitter:data2\" content=\"2 minutos\" \/>\n<script type=\"application\/ld+json\" class=\"yoast-schema-graph\">{\"@context\":\"https:\\\/\\\/schema.org\",\"@graph\":[{\"@type\":\"Article\",\"@id\":\"https:\\\/\\\/informelitoral.com.ar\\\/que-dijo-dibu-martinez-tras-ser-sancionado-por-la-fifa\\\/#article\",\"isPartOf\":{\"@id\":\"https:\\\/\\\/informelitoral.com.ar\\\/que-dijo-dibu-martinez-tras-ser-sancionado-por-la-fifa\\\/\"},\"author\":{\"name\":\"Sebastian\",\"@id\":\"https:\\\/\\\/informelitoral.com.ar\\\/#\\\/schema\\\/person\\\/f05f9f461677119578717524b127d6d5\"},\"headline\":\"Qu\u00e9 dijo Dibu Mart\u00ednez tras ser sancionado por la FIFA\",\"datePublished\":\"2024-09-30T18:46:10+00:00\",\"dateModified\":\"2024-09-30T18:47:24+00:00\",\"mainEntityOfPage\":{\"@id\":\"https:\\\/\\\/informelitoral.com.ar\\\/que-dijo-dibu-martinez-tras-ser-sancionado-por-la-fifa\\\/\"},\"wordCount\":361,\"commentCount\":0,\"publisher\":{\"@id\":\"https:\\\/\\\/informelitoral.com.ar\\\/#organization\"},\"image\":{\"@id\":\"https:\\\/\\\/informelitoral.com.ar\\\/que-dijo-dibu-martinez-tras-ser-sancionado-por-la-fifa\\\/#primaryimage\"},\"thumbnailUrl\":\"https:\\\/\\\/informelitoral.com.ar\\\/%77%70%2d%63%6f%6e%74%65%6e%74\\\/uploads\\\/2023\\\/10\\\/dibumundialjpg.webp\",\"keywords\":[\"Dibu Mart\u00ednez\",\"FIFA\",\"Sanci\u00f3n\"],\"articleSection\":[\"Deportes\"],\"inLanguage\":\"es\",\"potentialAction\":[{\"@type\":\"CommentAction\",\"name\":\"Comment\",\"target\":[\"https:\\\/\\\/informelitoral.com.ar\\\/que-dijo-dibu-martinez-tras-ser-sancionado-por-la-fifa\\\/#respond\"]}]},{\"@type\":\"WebPage\",\"@id\":\"https:\\\/\\\/informelitoral.com.ar\\\/que-dijo-dibu-martinez-tras-ser-sancionado-por-la-fifa\\\/\",\"url\":\"https:\\\/\\\/informelitoral.com.ar\\\/que-dijo-dibu-martinez-tras-ser-sancionado-por-la-fifa\\\/\",\"name\":\"Qu\u00e9 dijo Dibu Mart\u00ednez tras ser sancionado por la FIFA - Informe Litoral\",\"isPartOf\":{\"@id\":\"https:\\\/\\\/informelitoral.com.ar\\\/#website\"},\"primaryImageOfPage\":{\"@id\":\"https:\\\/\\\/informelitoral.com.ar\\\/que-dijo-dibu-martinez-tras-ser-sancionado-por-la-fifa\\\/#primaryimage\"},\"image\":{\"@id\":\"https:\\\/\\\/informelitoral.com.ar\\\/que-dijo-dibu-martinez-tras-ser-sancionado-por-la-fifa\\\/#primaryimage\"},\"thumbnailUrl\":\"https:\\\/\\\/informelitoral.com.ar\\\/%77%70%2d%63%6f%6e%74%65%6e%74\\\/uploads\\\/2023\\\/10\\\/dibumundialjpg.webp\",\"datePublished\":\"2024-09-30T18:46:10+00:00\",\"dateModified\":\"2024-09-30T18:47:24+00:00\",\"breadcrumb\":{\"@id\":\"https:\\\/\\\/informelitoral.com.ar\\\/que-dijo-dibu-martinez-tras-ser-sancionado-por-la-fifa\\\/#breadcrumb\"},\"inLanguage\":\"es\",\"potentialAction\":[{\"@type\":\"ReadAction\",\"target\":[\"https:\\\/\\\/informelitoral.com.ar\\\/que-dijo-dibu-martinez-tras-ser-sancionado-por-la-fifa\\\/\"]}]},{\"@type\":\"ImageObject\",\"inLanguage\":\"es\",\"@id\":\"https:\\\/\\\/informelitoral.com.ar\\\/que-dijo-dibu-martinez-tras-ser-sancionado-por-la-fifa\\\/#primaryimage\",\"url\":\"https:\\\/\\\/informelitoral.com.ar\\\/%77%70%2d%63%6f%6e%74%65%6e%74\\\/uploads\\\/2023\\\/10\\\/dibumundialjpg.webp\",\"contentUrl\":\"https:\\\/\\\/informelitoral.com.ar\\\/%77%70%2d%63%6f%6e%74%65%6e%74\\\/uploads\\\/2023\\\/10\\\/dibumundialjpg.webp\",\"width\":1200,\"height\":675},{\"@type\":\"BreadcrumbList\",\"@id\":\"https:\\\/\\\/informelitoral.com.ar\\\/que-dijo-dibu-martinez-tras-ser-sancionado-por-la-fifa\\\/#breadcrumb\",\"itemListElement\":[{\"@type\":\"ListItem\",\"position\":1,\"name\":\"Portada\",\"item\":\"https:\\\/\\\/informelitoral.com.ar\\\/\"},{\"@type\":\"ListItem\",\"position\":2,\"name\":\"Qu\u00e9 dijo Dibu Mart\u00ednez tras ser sancionado por la FIFA\"}]},{\"@type\":\"WebSite\",\"@id\":\"https:\\\/\\\/informelitoral.com.ar\\\/#website\",\"url\":\"https:\\\/\\\/informelitoral.com.ar\\\/\",\"name\":\"Informe Litoral\",\"description\":\"&quot;Nos informamos&quot; \",\"publisher\":{\"@id\":\"https:\\\/\\\/informelitoral.com.ar\\\/#organization\"},\"potentialAction\":[{\"@type\":\"SearchAction\",\"target\":{\"@type\":\"EntryPoint\",\"urlTemplate\":\"https:\\\/\\\/informelitoral.com.ar\\\/?s={search_term_string}\"},\"query-input\":{\"@type\":\"PropertyValueSpecification\",\"valueRequired\":true,\"valueName\":\"search_term_string\"}}],\"inLanguage\":\"es\"},{\"@type\":\"Organization\",\"@id\":\"https:\\\/\\\/informelitoral.com.ar\\\/#organization\",\"name\":\"Informe Litoral\",\"url\":\"https:\\\/\\\/informelitoral.com.ar\\\/\",\"logo\":{\"@type\":\"ImageObject\",\"inLanguage\":\"es\",\"@id\":\"https:\\\/\\\/informelitoral.com.ar\\\/#\\\/schema\\\/logo\\\/image\\\/\",\"url\":\"https:\\\/\\\/informelitoral.com.ar\\\/%77%70%2d%63%6f%6e%74%65%6e%74\\\/uploads\\\/2021\\\/01\\\/circulo.png\",\"contentUrl\":\"https:\\\/\\\/informelitoral.com.ar\\\/%77%70%2d%63%6f%6e%74%65%6e%74\\\/uploads\\\/2021\\\/01\\\/circulo.png\",\"width\":723,\"height\":731,\"caption\":\"Informe Litoral\"},\"image\":{\"@id\":\"https:\\\/\\\/informelitoral.com.ar\\\/#\\\/schema\\\/logo\\\/image\\\/\"},\"sameAs\":[\"https:\\\/\\\/www.facebook.com\\\/informelitoral\\\/\",\"https:\\\/\\\/x.com\\\/InformeLitoral\",\"https:\\\/\\\/www.instagram.com\\\/informelitoral\\\/\",\"https:\\\/\\\/www.youtube.com\\\/channel\\\/UCua4Qvz8Icb6MYqhoq9xLXw\"]},{\"@type\":\"Person\",\"@id\":\"https:\\\/\\\/informelitoral.com.ar\\\/#\\\/schema\\\/person\\\/f05f9f461677119578717524b127d6d5\",\"name\":\"Sebastian\",\"image\":{\"@type\":\"ImageObject\",\"inLanguage\":\"es\",\"@id\":\"https:\\\/\\\/secure.gravatar.com\\\/avatar\\\/b71bf7481d447dfb9583c7f2798e7cc64de6efb9067b74633ed8c31059a3bd82?s=96&d=mm&r=g\",\"url\":\"https:\\\/\\\/secure.gravatar.com\\\/avatar\\\/b71bf7481d447dfb9583c7f2798e7cc64de6efb9067b74633ed8c31059a3bd82?s=96&d=mm&r=g\",\"contentUrl\":\"https:\\\/\\\/secure.gravatar.com\\\/avatar\\\/b71bf7481d447dfb9583c7f2798e7cc64de6efb9067b74633ed8c31059a3bd82?s=96&d=mm&r=g\",\"caption\":\"Sebastian\"},\"url\":\"https:\\\/\\\/informelitoral.com.ar\\\/author\\\/sebastian\\\/\"}]}<\/script>","yoast_head_json":{"title":"Qu\u00e9 dijo Dibu Mart\u00ednez tras ser sancionado por la FIFA - Informe Litoral","robots":{"index":"index","follow":"follow","max-snippet":"max-snippet:-1","max-image-preview":"max-image-preview:large","max-video-preview":"max-video-preview:-1"},"canonical":"https:\/\/informelitoral.com.ar\/que-dijo-dibu-martinez-tras-ser-sancionado-por-la-fifa\/","og_locale":"es_ES","og_type":"article","og_title":"Qu\u00e9 dijo Dibu Mart\u00ednez tras ser sancionado por la FIFA - Informe Litoral","og_description":"El arquero de la Selecci\u00f3n argentina no estar\u00e1 presente en los partidos de Eliminatorias ante Venezuela y Bolivia, tras ser suspendido por dos fechas.","og_url":"https:\/\/informelitoral.com.ar\/que-dijo-dibu-martinez-tras-ser-sancionado-por-la-fifa\/","og_site_name":"Informe Litoral","article_publisher":"https:\/\/www.facebook.com\/informelitoral\/","article_published_time":"2024-09-30T18:46:10+00:00","article_modified_time":"2024-09-30T18:47:24+00:00","og_image":[{"width":1200,"height":675,"url":"https:\/\/informelitoral.com.ar\/%77%70%2d%63%6f%6e%74%65%6e%74\/uploads\/2023\/10\/dibumundialjpg.webp","type":"image\/webp"}],"author":"Sebastian","twitter_card":"summary_large_image","twitter_creator":"@InformeLitoral","twitter_site":"@InformeLitoral","twitter_misc":{"Escrito por":"Sebastian","Tiempo de lectura":"2 minutos"},"schema":{"@context":"https:\/\/schema.org","@graph":[{"@type":"Article","@id":"https:\/\/informelitoral.com.ar\/que-dijo-dibu-martinez-tras-ser-sancionado-por-la-fifa\/#article","isPartOf":{"@id":"https:\/\/informelitoral.com.ar\/que-dijo-dibu-martinez-tras-ser-sancionado-por-la-fifa\/"},"author":{"name":"Sebastian","@id":"https:\/\/informelitoral.com.ar\/#\/schema\/person\/f05f9f461677119578717524b127d6d5"},"headline":"Qu\u00e9 dijo Dibu Mart\u00ednez tras ser sancionado por la FIFA","datePublished":"2024-09-30T18:46:10+00:00","dateModified":"2024-09-30T18:47:24+00:00","mainEntityOfPage":{"@id":"https:\/\/informelitoral.com.ar\/que-dijo-dibu-martinez-tras-ser-sancionado-por-la-fifa\/"},"wordCount":361,"commentCount":0,"publisher":{"@id":"https:\/\/informelitoral.com.ar\/#organization"},"image":{"@id":"https:\/\/informelitoral.com.ar\/que-dijo-dibu-martinez-tras-ser-sancionado-por-la-fifa\/#primaryimage"},"thumbnailUrl":"https:\/\/informelitoral.com.ar\/%77%70%2d%63%6f%6e%74%65%6e%74\/uploads\/2023\/10\/dibumundialjpg.webp","keywords":["Dibu Mart\u00ednez","FIFA","Sanci\u00f3n"],"articleSection":["Deportes"],"inLanguage":"es","potentialAction":[{"@type":"CommentAction","name":"Comment","target":["https:\/\/informelitoral.com.ar\/que-dijo-dibu-martinez-tras-ser-sancionado-por-la-fifa\/#respond"]}]},{"@type":"WebPage","@id":"https:\/\/informelitoral.com.ar\/que-dijo-dibu-martinez-tras-ser-sancionado-por-la-fifa\/","url":"https:\/\/informelitoral.com.ar\/que-dijo-dibu-martinez-tras-ser-sancionado-por-la-fifa\/","name":"Qu\u00e9 dijo Dibu Mart\u00ednez tras ser sancionado por la FIFA - Informe Litoral","isPartOf":{"@id":"https:\/\/informelitoral.com.ar\/#website"},"primaryImageOfPage":{"@id":"https:\/\/informelitoral.com.ar\/que-dijo-dibu-martinez-tras-ser-sancionado-por-la-fifa\/#primaryimage"},"image":{"@id":"https:\/\/informelitoral.com.ar\/que-dijo-dibu-martinez-tras-ser-sancionado-por-la-fifa\/#primaryimage"},"thumbnailUrl":"https:\/\/informelitoral.com.ar\/%77%70%2d%63%6f%6e%74%65%6e%74\/uploads\/2023\/10\/dibumundialjpg.webp","datePublished":"2024-09-30T18:46:10+00:00","dateModified":"2024-09-30T18:47:24+00:00","breadcrumb":{"@id":"https:\/\/informelitoral.com.ar\/que-dijo-dibu-martinez-tras-ser-sancionado-por-la-fifa\/#breadcrumb"},"inLanguage":"es","potentialAction":[{"@type":"ReadAction","target":["https:\/\/informelitoral.com.ar\/que-dijo-dibu-martinez-tras-ser-sancionado-por-la-fifa\/"]}]},{"@type":"ImageObject","inLanguage":"es","@id":"https:\/\/informelitoral.com.ar\/que-dijo-dibu-martinez-tras-ser-sancionado-por-la-fifa\/#primaryimage","url":"https:\/\/informelitoral.com.ar\/%77%70%2d%63%6f%6e%74%65%6e%74\/uploads\/2023\/10\/dibumundialjpg.webp","contentUrl":"https:\/\/informelitoral.com.ar\/%77%70%2d%63%6f%6e%74%65%6e%74\/uploads\/2023\/10\/dibumundialjpg.webp","width":1200,"height":675},{"@type":"BreadcrumbList","@id":"https:\/\/informelitoral.com.ar\/que-dijo-dibu-martinez-tras-ser-sancionado-por-la-fifa\/#breadcrumb","itemListElement":[{"@type":"ListItem","position":1,"name":"Portada","item":"https:\/\/informelitoral.com.ar\/"},{"@type":"ListItem","position":2,"name":"Qu\u00e9 dijo Dibu Mart\u00ednez tras ser sancionado por la FIFA"}]},{"@type":"WebSite","@id":"https:\/\/informelitoral.com.ar\/#website","url":"https:\/\/informelitoral.com.ar\/","name":"Informe Litoral","description":"&quot;Nos informamos&quot; ","publisher":{"@id":"https:\/\/informelitoral.com.ar\/#organization"},"potentialAction":[{"@type":"SearchAction","target":{"@type":"EntryPoint","urlTemplate":"https:\/\/informelitoral.com.ar\/?s={search_term_string}"},"query-input":{"@type":"PropertyValueSpecification","valueRequired":true,"valueName":"search_term_string"}}],"inLanguage":"es"},{"@type":"Organization","@id":"https:\/\/informelitoral.com.ar\/#organization","name":"Informe Litoral","url":"https:\/\/informelitoral.com.ar\/","logo":{"@type":"ImageObject","inLanguage":"es","@id":"https:\/\/informelitoral.com.ar\/#\/schema\/logo\/image\/","url":"https:\/\/informelitoral.com.ar\/%77%70%2d%63%6f%6e%74%65%6e%74\/uploads\/2021\/01\/circulo.png","contentUrl":"https:\/\/informelitoral.com.ar\/%77%70%2d%63%6f%6e%74%65%6e%74\/uploads\/2021\/01\/circulo.png","width":723,"height":731,"caption":"Informe Litoral"},"image":{"@id":"https:\/\/informelitoral.com.ar\/#\/schema\/logo\/image\/"},"sameAs":["https:\/\/www.facebook.com\/informelitoral\/","https:\/\/x.com\/InformeLitoral","https:\/\/www.instagram.com\/informelitoral\/","https:\/\/www.youtube.com\/channel\/UCua4Qvz8Icb6MYqhoq9xLXw"]},{"@type":"Person","@id":"https:\/\/informelitoral.com.ar\/#\/schema\/person\/f05f9f461677119578717524b127d6d5","name":"Sebastian","image":{"@type":"ImageObject","inLanguage":"es","@id":"https:\/\/secure.gravatar.com\/avatar\/b71bf7481d447dfb9583c7f2798e7cc64de6efb9067b74633ed8c31059a3bd82?s=96&d=mm&r=g","url":"https:\/\/secure.gravatar.com\/avatar\/b71bf7481d447dfb9583c7f2798e7cc64de6efb9067b74633ed8c31059a3bd82?s=96&d=mm&r=g","contentUrl":"https:\/\/secure.gravatar.com\/avatar\/b71bf7481d447dfb9583c7f2798e7cc64de6efb9067b74633ed8c31059a3bd82?s=96&d=mm&r=g","caption":"Sebastian"},"url":"https:\/\/informelitoral.com.ar\/author\/sebastian\/"}]}},"_links":{"self":[{"href":"https:\/\/informelitoral.com.ar\/%77%70%2d%6a%73%6f%6e\/wp\/v2\/posts\/199421","targetHints":{"allow":["GET"]}}],"collection":[{"href":"https:\/\/informelitoral.com.ar\/%77%70%2d%6a%73%6f%6e\/wp\/v2\/posts"}],"about":[{"href":"https:\/\/informelitoral.com.ar\/%77%70%2d%6a%73%6f%6e\/wp\/v2\/types\/post"}],"author":[{"embeddable":true,"href":"https:\/\/informelitoral.com.ar\/%77%70%2d%6a%73%6f%6e\/wp\/v2\/users\/8"}],"replies":[{"embeddable":true,"href":"https:\/\/informelitoral.com.ar\/%77%70%2d%6a%73%6f%6e\/wp\/v2\/comments?post=199421"}],"version-history":[{"count":0,"href":"https:\/\/informelitoral.com.ar\/%77%70%2d%6a%73%6f%6e\/wp\/v2\/posts\/199421\/revisions"}],"wp:featuredmedia":[{"embeddable":true,"href":"https:\/\/informelitoral.com.ar\/%77%70%2d%6a%73%6f%6e\/wp\/v2\/media\/169220"}],"wp:attachment":[{"href":"https:\/\/informelitoral.com.ar\/%77%70%2d%6a%73%6f%6e\/wp\/v2\/media?parent=199421"}],"wp:term":[{"taxonomy":"category","embeddable":true,"href":"https:\/\/informelitoral.com.ar\/%77%70%2d%6a%73%6f%6e\/wp\/v2\/categories?post=199421"},{"taxonomy":"post_tag","embeddable":true,"href":"https:\/\/informelitoral.com.ar\/%77%70%2d%6a%73%6f%6e\/wp\/v2\/tags?post=199421"}],"curies":[{"name":"wp","href":"https:\/\/api.w.org\/{rel}","templated":true}]}}