{"id":198510,"date":"2024-09-20T09:03:07","date_gmt":"2024-09-20T12:03:07","guid":{"rendered":"https:\/\/www.informelitoral.com.ar\/?p=198510"},"modified":"2024-09-20T09:03:07","modified_gmt":"2024-09-20T12:03:07","slug":"mar-del-plata-cuanto-costara-alquilar-en-temporada-de-verano","status":"publish","type":"post","link":"https:\/\/informelitoral.com.ar\/mar-del-plata-cuanto-costara-alquilar-en-temporada-de-verano\/","title":{"rendered":"Mar del Plata: cu\u00e1nto costar\u00e1 alquilar en temporada de verano"},"content":{"rendered":"<p><i>Vacaciones 2025 en Mar del Plata<\/i>. El costo del alojamiento en Mar del Plata para las pr\u00f3ximas vacaciones tendr\u00e1 un aumento de, al menos un 150 por ciento. Eso es lo que sugiri\u00f3 el Colegio de Martilleros y Corredores P\u00fablicos de la ciudad balnearia a sus asociados para la temporada 2024\/25.<\/p>\n<p>As\u00ed, el corto de pactar por un departamento de\u00a0<b>2 ambientes por una semana de enero, para 3 \u00f3 4 personas, partir\u00e1 desde $ 380.000<\/b>. Por ahora hay consultas.<\/p>\n<p>Siempre por una semana, y en enero<b>, por un departamento de 1 ambiente para 2 \u00f3 3 personas, sugiri\u00f3 una tarifa desde los $ 250.000<\/b>, y por uno de 3 ambientes, en el que\u00a0<b>pueden alojarse de 5 a 6 personas, desde $ 550.000<\/b>.<\/p>\n<p>En cuanto a\u00a0<b>casas, aconsejaron los martilleros pactar desde $ 750.000 por un chal\u00e9 de 3 ambientes por semana en temporada alta<\/b>. Aclararon que los valores tendr\u00e1n bajas en diciembre, febrero y marzo.<\/p>\n<h2><strong>En la temporada pasada<\/strong><\/h2>\n<p>El porcentaje de incremento es el mismo que se dio el a\u00f1o pasado. Con ese porcentaje, los martilleros indicaban que podr\u00edan conseguirse para la temporada 2023\/24, en enero, monoambientes a raz\u00f3n de $ 100.000 para una semana, por $ 150.000 un 2 ambientes y desde $ 220.000 un departamento con dos habitaciones, Por un chal\u00e9, relevaban en octubre del a\u00f1o pasado, habr\u00eda que pensar en no menos de $ 300.000.<\/p>\n<p>Pero el 20 de diciembre, Guillermo Rossi, presidente del Colegio de Martilleros, anunci\u00f3 un reajuste del 50% \u00abpor efecto de la inflaci\u00f3n\u00bb, entonces los valores se actualizaron ya con la temporada pr\u00e1cticamente en marcha.<\/p>\n<h3><strong>Los precios de las carpas en los balnearios<\/strong><\/h3>\n<p>La c\u00e1mara que nuclea a los balnearios no ofrece a sus asociados valores sugeridos, ni pisos ni l\u00edmites para los precios de sus toldos.<\/p>\n<p>As\u00ed, cada uno de ellos fija sus tarifas por los distintos servicios que ofrece, que adem\u00e1s de carpa y estacionamiento incluye piscina o amenities de club de playa. Este a\u00f1o, en relaci\u00f3n al pasado, en Mar del Plata los valores se dispararon en porcentajes in\u00e9ditos.<\/p>\n<figure class=\"embed\"><img loading=\"lazy\" decoding=\"async\" class=\"lazy\" src=\"https:\/\/elonce-media.elonce.com\/fotos\/2024\/09\/20\/e_1726819731_78661.webp\" alt=\"Fuerte suba de carpas en balnearios de Mar del Plata. Archivo\" width=\"600\" height=\"400\" data-src=\"https:\/\/elonce-media.elonce.com\/fotos\/2024\/09\/20\/e_1726819731_78661.webp\" \/><figcaption><\/figcaption><\/figure>\n<p>Sin embargo, cuando el a\u00f1o pasado se ofreci\u00f3 la temporada completa a $ 900.000, ahora el mismo balneario lanz\u00f3 el precio (que ir\u00e1 subiendo a medida que la temporada se acerque) a $\u00a0<b>3.250.000 de contado: el c\u00e1lculo da un incremento es del 260%.<\/b><\/p>\n<p>Incluso,\u00a0<b>la conversi\u00f3n a d\u00f3lares de la tarifa se duplic\u00f3<\/b>. Cuando por la temporada completa cotizaba hist\u00f3ricamente entre US$ 1.000 y US$ 1.200, ahora esos n\u00fameros, en promedio, son el punto de partida.<\/p>\n","protected":false},"excerpt":{"rendered":"<p>El detalle de los valores de departamentos por una semana seg\u00fan la cantidad de personas a alojarse.<\/p>\n","protected":false},"author":8,"featured_media":198511,"comment_status":"open","ping_status":"open","sticky":false,"template":"","format":"standard","meta":{"fifu_image_url":"","fifu_image_alt":"","footnotes":""},"categories":[9],"tags":[1349,643],"class_list":{"0":"post-198510","1":"post","2":"type-post","3":"status-publish","4":"format-standard","5":"has-post-thumbnail","7":"category-sociedad","8":"tag-mar-del-plata","9":"tag-vacaciones"},"yoast_head":"<title>Mar del Plata: cu\u00e1nto costar\u00e1 alquilar en temporada de verano - Informe Litoral<\/title>\n<meta name=\"robots\" content=\"index, follow, max-snippet:-1, max-image-preview:large, max-video-preview:-1\" \/>\n<link rel=\"canonical\" href=\"https:\/\/informelitoral.com.ar\/mar-del-plata-cuanto-costara-alquilar-en-temporada-de-verano\/\" \/>\n<meta property=\"og:locale\" content=\"es_ES\" \/>\n<meta property=\"og:type\" content=\"article\" \/>\n<meta property=\"og:title\" content=\"Mar del Plata: cu\u00e1nto costar\u00e1 alquilar en temporada de verano - Informe Litoral\" \/>\n<meta property=\"og:description\" content=\"El detalle de los valores de departamentos por una semana seg\u00fan la cantidad de personas a alojarse.\" \/>\n<meta property=\"og:url\" content=\"https:\/\/informelitoral.com.ar\/mar-del-plata-cuanto-costara-alquilar-en-temporada-de-verano\/\" \/>\n<meta property=\"og:site_name\" content=\"Informe Litoral\" \/>\n<meta property=\"article:publisher\" content=\"https:\/\/www.facebook.com\/informelitoral\/\" \/>\n<meta property=\"article:published_time\" content=\"2024-09-20T12:03:07+00:00\" \/>\n<meta property=\"og:image\" content=\"https:\/\/informelitoral.com.ar\/%77%70%2d%63%6f%6e%74%65%6e%74\/uploads\/2024\/09\/e_1726819731_78661.webp\" \/>\n\t<meta property=\"og:image:width\" content=\"900\" \/>\n\t<meta property=\"og:image:height\" content=\"600\" \/>\n\t<meta property=\"og:image:type\" content=\"image\/webp\" \/>\n<meta name=\"author\" content=\"Sebastian\" \/>\n<meta name=\"twitter:card\" content=\"summary_large_image\" \/>\n<meta name=\"twitter:creator\" content=\"@InformeLitoral\" \/>\n<meta name=\"twitter:site\" content=\"@InformeLitoral\" \/>\n<meta name=\"twitter:label1\" content=\"Escrito por\" \/>\n\t<meta name=\"twitter:data1\" content=\"Sebastian\" \/>\n\t<meta name=\"twitter:label2\" content=\"Tiempo de lectura\" \/>\n\t<meta name=\"twitter:data2\" content=\"2 minutos\" \/>\n<script type=\"application\/ld+json\" class=\"yoast-schema-graph\">{\"@context\":\"https:\\\/\\\/schema.org\",\"@graph\":[{\"@type\":\"Article\",\"@id\":\"https:\\\/\\\/informelitoral.com.ar\\\/mar-del-plata-cuanto-costara-alquilar-en-temporada-de-verano\\\/#article\",\"isPartOf\":{\"@id\":\"https:\\\/\\\/informelitoral.com.ar\\\/mar-del-plata-cuanto-costara-alquilar-en-temporada-de-verano\\\/\"},\"author\":{\"name\":\"Sebastian\",\"@id\":\"https:\\\/\\\/informelitoral.com.ar\\\/#\\\/schema\\\/person\\\/f05f9f461677119578717524b127d6d5\"},\"headline\":\"Mar del Plata: cu\u00e1nto costar\u00e1 alquilar en temporada de verano\",\"datePublished\":\"2024-09-20T12:03:07+00:00\",\"mainEntityOfPage\":{\"@id\":\"https:\\\/\\\/informelitoral.com.ar\\\/mar-del-plata-cuanto-costara-alquilar-en-temporada-de-verano\\\/\"},\"wordCount\":410,\"commentCount\":0,\"publisher\":{\"@id\":\"https:\\\/\\\/informelitoral.com.ar\\\/#organization\"},\"image\":{\"@id\":\"https:\\\/\\\/informelitoral.com.ar\\\/mar-del-plata-cuanto-costara-alquilar-en-temporada-de-verano\\\/#primaryimage\"},\"thumbnailUrl\":\"https:\\\/\\\/informelitoral.com.ar\\\/%77%70%2d%63%6f%6e%74%65%6e%74\\\/uploads\\\/2024\\\/09\\\/e_1726819731_78661.webp\",\"keywords\":[\"Mar del Plata\",\"Vacaciones\"],\"articleSection\":[\"Sociedad\"],\"inLanguage\":\"es\",\"potentialAction\":[{\"@type\":\"CommentAction\",\"name\":\"Comment\",\"target\":[\"https:\\\/\\\/informelitoral.com.ar\\\/mar-del-plata-cuanto-costara-alquilar-en-temporada-de-verano\\\/#respond\"]}]},{\"@type\":\"WebPage\",\"@id\":\"https:\\\/\\\/informelitoral.com.ar\\\/mar-del-plata-cuanto-costara-alquilar-en-temporada-de-verano\\\/\",\"url\":\"https:\\\/\\\/informelitoral.com.ar\\\/mar-del-plata-cuanto-costara-alquilar-en-temporada-de-verano\\\/\",\"name\":\"Mar del Plata: cu\u00e1nto costar\u00e1 alquilar en temporada de verano - Informe Litoral\",\"isPartOf\":{\"@id\":\"https:\\\/\\\/informelitoral.com.ar\\\/#website\"},\"primaryImageOfPage\":{\"@id\":\"https:\\\/\\\/informelitoral.com.ar\\\/mar-del-plata-cuanto-costara-alquilar-en-temporada-de-verano\\\/#primaryimage\"},\"image\":{\"@id\":\"https:\\\/\\\/informelitoral.com.ar\\\/mar-del-plata-cuanto-costara-alquilar-en-temporada-de-verano\\\/#primaryimage\"},\"thumbnailUrl\":\"https:\\\/\\\/informelitoral.com.ar\\\/%77%70%2d%63%6f%6e%74%65%6e%74\\\/uploads\\\/2024\\\/09\\\/e_1726819731_78661.webp\",\"datePublished\":\"2024-09-20T12:03:07+00:00\",\"breadcrumb\":{\"@id\":\"https:\\\/\\\/informelitoral.com.ar\\\/mar-del-plata-cuanto-costara-alquilar-en-temporada-de-verano\\\/#breadcrumb\"},\"inLanguage\":\"es\",\"potentialAction\":[{\"@type\":\"ReadAction\",\"target\":[\"https:\\\/\\\/informelitoral.com.ar\\\/mar-del-plata-cuanto-costara-alquilar-en-temporada-de-verano\\\/\"]}]},{\"@type\":\"ImageObject\",\"inLanguage\":\"es\",\"@id\":\"https:\\\/\\\/informelitoral.com.ar\\\/mar-del-plata-cuanto-costara-alquilar-en-temporada-de-verano\\\/#primaryimage\",\"url\":\"https:\\\/\\\/informelitoral.com.ar\\\/%77%70%2d%63%6f%6e%74%65%6e%74\\\/uploads\\\/2024\\\/09\\\/e_1726819731_78661.webp\",\"contentUrl\":\"https:\\\/\\\/informelitoral.com.ar\\\/%77%70%2d%63%6f%6e%74%65%6e%74\\\/uploads\\\/2024\\\/09\\\/e_1726819731_78661.webp\",\"width\":900,\"height\":600},{\"@type\":\"BreadcrumbList\",\"@id\":\"https:\\\/\\\/informelitoral.com.ar\\\/mar-del-plata-cuanto-costara-alquilar-en-temporada-de-verano\\\/#breadcrumb\",\"itemListElement\":[{\"@type\":\"ListItem\",\"position\":1,\"name\":\"Portada\",\"item\":\"https:\\\/\\\/informelitoral.com.ar\\\/\"},{\"@type\":\"ListItem\",\"position\":2,\"name\":\"Mar del Plata: cu\u00e1nto costar\u00e1 alquilar en temporada de verano\"}]},{\"@type\":\"WebSite\",\"@id\":\"https:\\\/\\\/informelitoral.com.ar\\\/#website\",\"url\":\"https:\\\/\\\/informelitoral.com.ar\\\/\",\"name\":\"Informe Litoral\",\"description\":\"&quot;Nos informamos&quot; \",\"publisher\":{\"@id\":\"https:\\\/\\\/informelitoral.com.ar\\\/#organization\"},\"potentialAction\":[{\"@type\":\"SearchAction\",\"target\":{\"@type\":\"EntryPoint\",\"urlTemplate\":\"https:\\\/\\\/informelitoral.com.ar\\\/?s={search_term_string}\"},\"query-input\":{\"@type\":\"PropertyValueSpecification\",\"valueRequired\":true,\"valueName\":\"search_term_string\"}}],\"inLanguage\":\"es\"},{\"@type\":\"Organization\",\"@id\":\"https:\\\/\\\/informelitoral.com.ar\\\/#organization\",\"name\":\"Informe Litoral\",\"url\":\"https:\\\/\\\/informelitoral.com.ar\\\/\",\"logo\":{\"@type\":\"ImageObject\",\"inLanguage\":\"es\",\"@id\":\"https:\\\/\\\/informelitoral.com.ar\\\/#\\\/schema\\\/logo\\\/image\\\/\",\"url\":\"https:\\\/\\\/informelitoral.com.ar\\\/%77%70%2d%63%6f%6e%74%65%6e%74\\\/uploads\\\/2021\\\/01\\\/circulo.png\",\"contentUrl\":\"https:\\\/\\\/informelitoral.com.ar\\\/%77%70%2d%63%6f%6e%74%65%6e%74\\\/uploads\\\/2021\\\/01\\\/circulo.png\",\"width\":723,\"height\":731,\"caption\":\"Informe Litoral\"},\"image\":{\"@id\":\"https:\\\/\\\/informelitoral.com.ar\\\/#\\\/schema\\\/logo\\\/image\\\/\"},\"sameAs\":[\"https:\\\/\\\/www.facebook.com\\\/informelitoral\\\/\",\"https:\\\/\\\/x.com\\\/InformeLitoral\",\"https:\\\/\\\/www.instagram.com\\\/informelitoral\\\/\",\"https:\\\/\\\/www.youtube.com\\\/channel\\\/UCua4Qvz8Icb6MYqhoq9xLXw\"]},{\"@type\":\"Person\",\"@id\":\"https:\\\/\\\/informelitoral.com.ar\\\/#\\\/schema\\\/person\\\/f05f9f461677119578717524b127d6d5\",\"name\":\"Sebastian\",\"image\":{\"@type\":\"ImageObject\",\"inLanguage\":\"es\",\"@id\":\"https:\\\/\\\/secure.gravatar.com\\\/avatar\\\/b71bf7481d447dfb9583c7f2798e7cc64de6efb9067b74633ed8c31059a3bd82?s=96&d=mm&r=g\",\"url\":\"https:\\\/\\\/secure.gravatar.com\\\/avatar\\\/b71bf7481d447dfb9583c7f2798e7cc64de6efb9067b74633ed8c31059a3bd82?s=96&d=mm&r=g\",\"contentUrl\":\"https:\\\/\\\/secure.gravatar.com\\\/avatar\\\/b71bf7481d447dfb9583c7f2798e7cc64de6efb9067b74633ed8c31059a3bd82?s=96&d=mm&r=g\",\"caption\":\"Sebastian\"},\"url\":\"https:\\\/\\\/informelitoral.com.ar\\\/author\\\/sebastian\\\/\"}]}<\/script>","yoast_head_json":{"title":"Mar del Plata: cu\u00e1nto costar\u00e1 alquilar en temporada de verano - Informe Litoral","robots":{"index":"index","follow":"follow","max-snippet":"max-snippet:-1","max-image-preview":"max-image-preview:large","max-video-preview":"max-video-preview:-1"},"canonical":"https:\/\/informelitoral.com.ar\/mar-del-plata-cuanto-costara-alquilar-en-temporada-de-verano\/","og_locale":"es_ES","og_type":"article","og_title":"Mar del Plata: cu\u00e1nto costar\u00e1 alquilar en temporada de verano - Informe Litoral","og_description":"El detalle de los valores de departamentos por una semana seg\u00fan la cantidad de personas a alojarse.","og_url":"https:\/\/informelitoral.com.ar\/mar-del-plata-cuanto-costara-alquilar-en-temporada-de-verano\/","og_site_name":"Informe Litoral","article_publisher":"https:\/\/www.facebook.com\/informelitoral\/","article_published_time":"2024-09-20T12:03:07+00:00","og_image":[{"width":900,"height":600,"url":"https:\/\/informelitoral.com.ar\/%77%70%2d%63%6f%6e%74%65%6e%74\/uploads\/2024\/09\/e_1726819731_78661.webp","type":"image\/webp"}],"author":"Sebastian","twitter_card":"summary_large_image","twitter_creator":"@InformeLitoral","twitter_site":"@InformeLitoral","twitter_misc":{"Escrito por":"Sebastian","Tiempo de lectura":"2 minutos"},"schema":{"@context":"https:\/\/schema.org","@graph":[{"@type":"Article","@id":"https:\/\/informelitoral.com.ar\/mar-del-plata-cuanto-costara-alquilar-en-temporada-de-verano\/#article","isPartOf":{"@id":"https:\/\/informelitoral.com.ar\/mar-del-plata-cuanto-costara-alquilar-en-temporada-de-verano\/"},"author":{"name":"Sebastian","@id":"https:\/\/informelitoral.com.ar\/#\/schema\/person\/f05f9f461677119578717524b127d6d5"},"headline":"Mar del Plata: cu\u00e1nto costar\u00e1 alquilar en temporada de verano","datePublished":"2024-09-20T12:03:07+00:00","mainEntityOfPage":{"@id":"https:\/\/informelitoral.com.ar\/mar-del-plata-cuanto-costara-alquilar-en-temporada-de-verano\/"},"wordCount":410,"commentCount":0,"publisher":{"@id":"https:\/\/informelitoral.com.ar\/#organization"},"image":{"@id":"https:\/\/informelitoral.com.ar\/mar-del-plata-cuanto-costara-alquilar-en-temporada-de-verano\/#primaryimage"},"thumbnailUrl":"https:\/\/informelitoral.com.ar\/%77%70%2d%63%6f%6e%74%65%6e%74\/uploads\/2024\/09\/e_1726819731_78661.webp","keywords":["Mar del Plata","Vacaciones"],"articleSection":["Sociedad"],"inLanguage":"es","potentialAction":[{"@type":"CommentAction","name":"Comment","target":["https:\/\/informelitoral.com.ar\/mar-del-plata-cuanto-costara-alquilar-en-temporada-de-verano\/#respond"]}]},{"@type":"WebPage","@id":"https:\/\/informelitoral.com.ar\/mar-del-plata-cuanto-costara-alquilar-en-temporada-de-verano\/","url":"https:\/\/informelitoral.com.ar\/mar-del-plata-cuanto-costara-alquilar-en-temporada-de-verano\/","name":"Mar del Plata: cu\u00e1nto costar\u00e1 alquilar en temporada de verano - Informe Litoral","isPartOf":{"@id":"https:\/\/informelitoral.com.ar\/#website"},"primaryImageOfPage":{"@id":"https:\/\/informelitoral.com.ar\/mar-del-plata-cuanto-costara-alquilar-en-temporada-de-verano\/#primaryimage"},"image":{"@id":"https:\/\/informelitoral.com.ar\/mar-del-plata-cuanto-costara-alquilar-en-temporada-de-verano\/#primaryimage"},"thumbnailUrl":"https:\/\/informelitoral.com.ar\/%77%70%2d%63%6f%6e%74%65%6e%74\/uploads\/2024\/09\/e_1726819731_78661.webp","datePublished":"2024-09-20T12:03:07+00:00","breadcrumb":{"@id":"https:\/\/informelitoral.com.ar\/mar-del-plata-cuanto-costara-alquilar-en-temporada-de-verano\/#breadcrumb"},"inLanguage":"es","potentialAction":[{"@type":"ReadAction","target":["https:\/\/informelitoral.com.ar\/mar-del-plata-cuanto-costara-alquilar-en-temporada-de-verano\/"]}]},{"@type":"ImageObject","inLanguage":"es","@id":"https:\/\/informelitoral.com.ar\/mar-del-plata-cuanto-costara-alquilar-en-temporada-de-verano\/#primaryimage","url":"https:\/\/informelitoral.com.ar\/%77%70%2d%63%6f%6e%74%65%6e%74\/uploads\/2024\/09\/e_1726819731_78661.webp","contentUrl":"https:\/\/informelitoral.com.ar\/%77%70%2d%63%6f%6e%74%65%6e%74\/uploads\/2024\/09\/e_1726819731_78661.webp","width":900,"height":600},{"@type":"BreadcrumbList","@id":"https:\/\/informelitoral.com.ar\/mar-del-plata-cuanto-costara-alquilar-en-temporada-de-verano\/#breadcrumb","itemListElement":[{"@type":"ListItem","position":1,"name":"Portada","item":"https:\/\/informelitoral.com.ar\/"},{"@type":"ListItem","position":2,"name":"Mar del Plata: cu\u00e1nto costar\u00e1 alquilar en temporada de verano"}]},{"@type":"WebSite","@id":"https:\/\/informelitoral.com.ar\/#website","url":"https:\/\/informelitoral.com.ar\/","name":"Informe Litoral","description":"&quot;Nos informamos&quot; ","publisher":{"@id":"https:\/\/informelitoral.com.ar\/#organization"},"potentialAction":[{"@type":"SearchAction","target":{"@type":"EntryPoint","urlTemplate":"https:\/\/informelitoral.com.ar\/?s={search_term_string}"},"query-input":{"@type":"PropertyValueSpecification","valueRequired":true,"valueName":"search_term_string"}}],"inLanguage":"es"},{"@type":"Organization","@id":"https:\/\/informelitoral.com.ar\/#organization","name":"Informe Litoral","url":"https:\/\/informelitoral.com.ar\/","logo":{"@type":"ImageObject","inLanguage":"es","@id":"https:\/\/informelitoral.com.ar\/#\/schema\/logo\/image\/","url":"https:\/\/informelitoral.com.ar\/%77%70%2d%63%6f%6e%74%65%6e%74\/uploads\/2021\/01\/circulo.png","contentUrl":"https:\/\/informelitoral.com.ar\/%77%70%2d%63%6f%6e%74%65%6e%74\/uploads\/2021\/01\/circulo.png","width":723,"height":731,"caption":"Informe Litoral"},"image":{"@id":"https:\/\/informelitoral.com.ar\/#\/schema\/logo\/image\/"},"sameAs":["https:\/\/www.facebook.com\/informelitoral\/","https:\/\/x.com\/InformeLitoral","https:\/\/www.instagram.com\/informelitoral\/","https:\/\/www.youtube.com\/channel\/UCua4Qvz8Icb6MYqhoq9xLXw"]},{"@type":"Person","@id":"https:\/\/informelitoral.com.ar\/#\/schema\/person\/f05f9f461677119578717524b127d6d5","name":"Sebastian","image":{"@type":"ImageObject","inLanguage":"es","@id":"https:\/\/secure.gravatar.com\/avatar\/b71bf7481d447dfb9583c7f2798e7cc64de6efb9067b74633ed8c31059a3bd82?s=96&d=mm&r=g","url":"https:\/\/secure.gravatar.com\/avatar\/b71bf7481d447dfb9583c7f2798e7cc64de6efb9067b74633ed8c31059a3bd82?s=96&d=mm&r=g","contentUrl":"https:\/\/secure.gravatar.com\/avatar\/b71bf7481d447dfb9583c7f2798e7cc64de6efb9067b74633ed8c31059a3bd82?s=96&d=mm&r=g","caption":"Sebastian"},"url":"https:\/\/informelitoral.com.ar\/author\/sebastian\/"}]}},"_links":{"self":[{"href":"https:\/\/informelitoral.com.ar\/%77%70%2d%6a%73%6f%6e\/wp\/v2\/posts\/198510","targetHints":{"allow":["GET"]}}],"collection":[{"href":"https:\/\/informelitoral.com.ar\/%77%70%2d%6a%73%6f%6e\/wp\/v2\/posts"}],"about":[{"href":"https:\/\/informelitoral.com.ar\/%77%70%2d%6a%73%6f%6e\/wp\/v2\/types\/post"}],"author":[{"embeddable":true,"href":"https:\/\/informelitoral.com.ar\/%77%70%2d%6a%73%6f%6e\/wp\/v2\/users\/8"}],"replies":[{"embeddable":true,"href":"https:\/\/informelitoral.com.ar\/%77%70%2d%6a%73%6f%6e\/wp\/v2\/comments?post=198510"}],"version-history":[{"count":0,"href":"https:\/\/informelitoral.com.ar\/%77%70%2d%6a%73%6f%6e\/wp\/v2\/posts\/198510\/revisions"}],"wp:featuredmedia":[{"embeddable":true,"href":"https:\/\/informelitoral.com.ar\/%77%70%2d%6a%73%6f%6e\/wp\/v2\/media\/198511"}],"wp:attachment":[{"href":"https:\/\/informelitoral.com.ar\/%77%70%2d%6a%73%6f%6e\/wp\/v2\/media?parent=198510"}],"wp:term":[{"taxonomy":"category","embeddable":true,"href":"https:\/\/informelitoral.com.ar\/%77%70%2d%6a%73%6f%6e\/wp\/v2\/categories?post=198510"},{"taxonomy":"post_tag","embeddable":true,"href":"https:\/\/informelitoral.com.ar\/%77%70%2d%6a%73%6f%6e\/wp\/v2\/tags?post=198510"}],"curies":[{"name":"wp","href":"https:\/\/api.w.org\/{rel}","templated":true}]}}