{"id":198503,"date":"2024-09-20T08:52:48","date_gmt":"2024-09-20T11:52:48","guid":{"rendered":"https:\/\/www.informelitoral.com.ar\/?p=198503"},"modified":"2024-09-20T08:52:48","modified_gmt":"2024-09-20T11:52:48","slug":"el-gobernador-anticipo-a-senadores-del-justicialismo-las-prioridades-del-presupuesto-2025","status":"publish","type":"post","link":"https:\/\/informelitoral.com.ar\/el-gobernador-anticipo-a-senadores-del-justicialismo-las-prioridades-del-presupuesto-2025\/","title":{"rendered":"El gobernador anticip\u00f3 a senadores del justicialismo las prioridades del presupuesto 2025"},"content":{"rendered":"<p>El encuentro tuvo lugar en el Sal\u00f3n de los Gobernadores de la Casa de Gobierno y cont\u00f3 con la asistencia del ministro de Gobierno y Trabajo, Manuel Troncoso; y los senadores provinciales Nancy Miranda (Federal), V\u00edctor Sanzberro (Victoria), Juan Conti (Tala), Claudia Silva (Paran\u00e1), Mart\u00edn Oliva (Uruguay), Marcelo Berthet (San Salvador); y Gladys Dom\u00ednguez (Feliciano).<\/p>\n<p>Al finalizar la reuni\u00f3n, el senador Oliva recalc\u00f3: \u00abVienen d\u00edas y tiempos en los que el Senado tendr\u00e1 que definir ciertas cosas, entre ellas el presupuesto, que es la ley de leyes para los entrerrianos. Seguramente incluir\u00e1 obras en distintos frentes, escuelas, hospitales; obras que son provinciales. El gobernador ha permitido que, representando a juntas, comunas y municipios, nosotros podamos analizar qu\u00e9 tiene en mente para el a\u00f1o entrante, cosa que sea m\u00e1s f\u00e1cil para trabajar cuando llegue a la C\u00e1mara\u00bb.<\/p>\n<p>Por su parte, la senadora Miranda intervino, sosteniendo: \u00abTenemos diferentes necesidades, as\u00ed que en base a eso vamos a estar trabajando para que est\u00e9n incluidas las obras que necesitan cada uno de nuestros departamentos en el presupuesto. Hay buena intenci\u00f3n de parte del gobernador, pero hay que ver tambi\u00e9n con qu\u00e9 dinero se cuenta y desde all\u00ed poder trabajar en cada uno de nuestros lugares\u00bb.<\/p>\n<p>Ambos legisladores coincidieron en estar expectantes, luego de la convocatoria. \u00abQue nos escuche, que nos realice la apertura del presupuesto, para poder opinar de los intereses y lo que nosotros representamos -juntas, comunas y municipios-, es muy favorable en estos tiempos\u00bb, analiz\u00f3 Mart\u00edn Oliva.<\/p>\n<p>\u00abConfiamos en que esto va a ser algo positivo. Se ver\u00e1 a partir del a\u00f1o que viene, cuando el presupuesto se empiece a ejecutar\u00bb, agreg\u00f3 Nancy Miranda.<\/p>\n<p><iframe loading=\"lazy\" title=\"El gobernador anticip\u00f3 a senadores del justicialismo las prioridades del presupuesto 2025\" width=\"696\" height=\"392\" src=\"https:\/\/www.youtube.com\/embed\/oPpLJL_Ge6I?feature=oembed\" frameborder=\"0\" allow=\"accelerometer; autoplay; clipboard-write; encrypted-media; gyroscope; picture-in-picture; web-share\" referrerpolicy=\"strict-origin-when-cross-origin\" allowfullscreen><\/iframe><\/p>\n","protected":false},"excerpt":{"rendered":"<p>El gobernador Rogelio Frigerio se reuni\u00f3 este mi\u00e9rcoles en Paran\u00e1 con integrantes del bloque M\u00e1s para Entre R\u00edos, con quienes dialog\u00f3 sobre aspectos que incluir\u00e1 el presupuesto provincial del a\u00f1o pr\u00f3ximo. Los voceros del encuentro destacaron la convocatoria.<\/p>\n","protected":false},"author":8,"featured_media":198504,"comment_status":"open","ping_status":"open","sticky":false,"template":"","format":"standard","meta":{"fifu_image_url":"","fifu_image_alt":"","footnotes":""},"categories":[6],"tags":[5168,949],"class_list":{"0":"post-198503","1":"post","2":"type-post","3":"status-publish","4":"format-standard","5":"has-post-thumbnail","7":"category-entre-rios","8":"tag-presupuesto-2025","9":"tag-rogelio-frigerio"},"yoast_head":"<title>El gobernador anticip\u00f3 a senadores del justicialismo las prioridades del presupuesto 2025 - Informe Litoral<\/title>\n<meta name=\"robots\" content=\"index, follow, max-snippet:-1, max-image-preview:large, max-video-preview:-1\" \/>\n<link rel=\"canonical\" href=\"https:\/\/informelitoral.com.ar\/el-gobernador-anticipo-a-senadores-del-justicialismo-las-prioridades-del-presupuesto-2025\/\" \/>\n<meta property=\"og:locale\" content=\"es_ES\" \/>\n<meta property=\"og:type\" content=\"article\" \/>\n<meta property=\"og:title\" content=\"El gobernador anticip\u00f3 a senadores del justicialismo las prioridades del presupuesto 2025 - Informe Litoral\" \/>\n<meta property=\"og:description\" content=\"El gobernador Rogelio Frigerio se reuni\u00f3 este mi\u00e9rcoles en Paran\u00e1 con integrantes del bloque M\u00e1s para Entre R\u00edos, con quienes dialog\u00f3 sobre aspectos que incluir\u00e1 el presupuesto provincial del a\u00f1o pr\u00f3ximo. Los voceros del encuentro destacaron la convocatoria.\" \/>\n<meta property=\"og:url\" content=\"https:\/\/informelitoral.com.ar\/el-gobernador-anticipo-a-senadores-del-justicialismo-las-prioridades-del-presupuesto-2025\/\" \/>\n<meta property=\"og:site_name\" content=\"Informe Litoral\" \/>\n<meta property=\"article:publisher\" content=\"https:\/\/www.facebook.com\/informelitoral\/\" \/>\n<meta property=\"article:published_time\" content=\"2024-09-20T11:52:48+00:00\" \/>\n<meta property=\"og:image\" content=\"https:\/\/informelitoral.com.ar\/%77%70%2d%63%6f%6e%74%65%6e%74\/uploads\/2024\/09\/Frigerio_Senadores-1-scaled.jpg\" \/>\n\t<meta property=\"og:image:width\" content=\"2560\" \/>\n\t<meta property=\"og:image:height\" content=\"1706\" \/>\n\t<meta property=\"og:image:type\" content=\"image\/jpeg\" \/>\n<meta name=\"author\" content=\"Sebastian\" \/>\n<meta name=\"twitter:card\" content=\"summary_large_image\" \/>\n<meta name=\"twitter:creator\" content=\"@InformeLitoral\" \/>\n<meta name=\"twitter:site\" content=\"@InformeLitoral\" \/>\n<meta name=\"twitter:label1\" content=\"Escrito por\" \/>\n\t<meta name=\"twitter:data1\" content=\"Sebastian\" \/>\n\t<meta name=\"twitter:label2\" content=\"Tiempo de lectura\" \/>\n\t<meta name=\"twitter:data2\" content=\"1 minuto\" \/>\n<script type=\"application\/ld+json\" class=\"yoast-schema-graph\">{\"@context\":\"https:\\\/\\\/schema.org\",\"@graph\":[{\"@type\":\"Article\",\"@id\":\"https:\\\/\\\/informelitoral.com.ar\\\/el-gobernador-anticipo-a-senadores-del-justicialismo-las-prioridades-del-presupuesto-2025\\\/#article\",\"isPartOf\":{\"@id\":\"https:\\\/\\\/informelitoral.com.ar\\\/el-gobernador-anticipo-a-senadores-del-justicialismo-las-prioridades-del-presupuesto-2025\\\/\"},\"author\":{\"name\":\"Sebastian\",\"@id\":\"https:\\\/\\\/informelitoral.com.ar\\\/#\\\/schema\\\/person\\\/f05f9f461677119578717524b127d6d5\"},\"headline\":\"El gobernador anticip\u00f3 a senadores del justicialismo las prioridades del presupuesto 2025\",\"datePublished\":\"2024-09-20T11:52:48+00:00\",\"mainEntityOfPage\":{\"@id\":\"https:\\\/\\\/informelitoral.com.ar\\\/el-gobernador-anticipo-a-senadores-del-justicialismo-las-prioridades-del-presupuesto-2025\\\/\"},\"wordCount\":304,\"commentCount\":0,\"publisher\":{\"@id\":\"https:\\\/\\\/informelitoral.com.ar\\\/#organization\"},\"image\":{\"@id\":\"https:\\\/\\\/informelitoral.com.ar\\\/el-gobernador-anticipo-a-senadores-del-justicialismo-las-prioridades-del-presupuesto-2025\\\/#primaryimage\"},\"thumbnailUrl\":\"https:\\\/\\\/informelitoral.com.ar\\\/%77%70%2d%63%6f%6e%74%65%6e%74\\\/uploads\\\/2024\\\/09\\\/Frigerio_Senadores-1-scaled.jpg\",\"keywords\":[\"Presupuesto 2025\",\"Rogelio Frigerio\"],\"articleSection\":[\"Entre R\u00edos\"],\"inLanguage\":\"es\",\"potentialAction\":[{\"@type\":\"CommentAction\",\"name\":\"Comment\",\"target\":[\"https:\\\/\\\/informelitoral.com.ar\\\/el-gobernador-anticipo-a-senadores-del-justicialismo-las-prioridades-del-presupuesto-2025\\\/#respond\"]}]},{\"@type\":\"WebPage\",\"@id\":\"https:\\\/\\\/informelitoral.com.ar\\\/el-gobernador-anticipo-a-senadores-del-justicialismo-las-prioridades-del-presupuesto-2025\\\/\",\"url\":\"https:\\\/\\\/informelitoral.com.ar\\\/el-gobernador-anticipo-a-senadores-del-justicialismo-las-prioridades-del-presupuesto-2025\\\/\",\"name\":\"El gobernador anticip\u00f3 a senadores del justicialismo las prioridades del presupuesto 2025 - Informe Litoral\",\"isPartOf\":{\"@id\":\"https:\\\/\\\/informelitoral.com.ar\\\/#website\"},\"primaryImageOfPage\":{\"@id\":\"https:\\\/\\\/informelitoral.com.ar\\\/el-gobernador-anticipo-a-senadores-del-justicialismo-las-prioridades-del-presupuesto-2025\\\/#primaryimage\"},\"image\":{\"@id\":\"https:\\\/\\\/informelitoral.com.ar\\\/el-gobernador-anticipo-a-senadores-del-justicialismo-las-prioridades-del-presupuesto-2025\\\/#primaryimage\"},\"thumbnailUrl\":\"https:\\\/\\\/informelitoral.com.ar\\\/%77%70%2d%63%6f%6e%74%65%6e%74\\\/uploads\\\/2024\\\/09\\\/Frigerio_Senadores-1-scaled.jpg\",\"datePublished\":\"2024-09-20T11:52:48+00:00\",\"breadcrumb\":{\"@id\":\"https:\\\/\\\/informelitoral.com.ar\\\/el-gobernador-anticipo-a-senadores-del-justicialismo-las-prioridades-del-presupuesto-2025\\\/#breadcrumb\"},\"inLanguage\":\"es\",\"potentialAction\":[{\"@type\":\"ReadAction\",\"target\":[\"https:\\\/\\\/informelitoral.com.ar\\\/el-gobernador-anticipo-a-senadores-del-justicialismo-las-prioridades-del-presupuesto-2025\\\/\"]}]},{\"@type\":\"ImageObject\",\"inLanguage\":\"es\",\"@id\":\"https:\\\/\\\/informelitoral.com.ar\\\/el-gobernador-anticipo-a-senadores-del-justicialismo-las-prioridades-del-presupuesto-2025\\\/#primaryimage\",\"url\":\"https:\\\/\\\/informelitoral.com.ar\\\/%77%70%2d%63%6f%6e%74%65%6e%74\\\/uploads\\\/2024\\\/09\\\/Frigerio_Senadores-1-scaled.jpg\",\"contentUrl\":\"https:\\\/\\\/informelitoral.com.ar\\\/%77%70%2d%63%6f%6e%74%65%6e%74\\\/uploads\\\/2024\\\/09\\\/Frigerio_Senadores-1-scaled.jpg\",\"width\":2560,\"height\":1706},{\"@type\":\"BreadcrumbList\",\"@id\":\"https:\\\/\\\/informelitoral.com.ar\\\/el-gobernador-anticipo-a-senadores-del-justicialismo-las-prioridades-del-presupuesto-2025\\\/#breadcrumb\",\"itemListElement\":[{\"@type\":\"ListItem\",\"position\":1,\"name\":\"Portada\",\"item\":\"https:\\\/\\\/informelitoral.com.ar\\\/\"},{\"@type\":\"ListItem\",\"position\":2,\"name\":\"El gobernador anticip\u00f3 a senadores del justicialismo las prioridades del presupuesto 2025\"}]},{\"@type\":\"WebSite\",\"@id\":\"https:\\\/\\\/informelitoral.com.ar\\\/#website\",\"url\":\"https:\\\/\\\/informelitoral.com.ar\\\/\",\"name\":\"Informe Litoral\",\"description\":\"&quot;Nos informamos&quot; \",\"publisher\":{\"@id\":\"https:\\\/\\\/informelitoral.com.ar\\\/#organization\"},\"potentialAction\":[{\"@type\":\"SearchAction\",\"target\":{\"@type\":\"EntryPoint\",\"urlTemplate\":\"https:\\\/\\\/informelitoral.com.ar\\\/?s={search_term_string}\"},\"query-input\":{\"@type\":\"PropertyValueSpecification\",\"valueRequired\":true,\"valueName\":\"search_term_string\"}}],\"inLanguage\":\"es\"},{\"@type\":\"Organization\",\"@id\":\"https:\\\/\\\/informelitoral.com.ar\\\/#organization\",\"name\":\"Informe Litoral\",\"url\":\"https:\\\/\\\/informelitoral.com.ar\\\/\",\"logo\":{\"@type\":\"ImageObject\",\"inLanguage\":\"es\",\"@id\":\"https:\\\/\\\/informelitoral.com.ar\\\/#\\\/schema\\\/logo\\\/image\\\/\",\"url\":\"https:\\\/\\\/informelitoral.com.ar\\\/%77%70%2d%63%6f%6e%74%65%6e%74\\\/uploads\\\/2021\\\/01\\\/circulo.png\",\"contentUrl\":\"https:\\\/\\\/informelitoral.com.ar\\\/%77%70%2d%63%6f%6e%74%65%6e%74\\\/uploads\\\/2021\\\/01\\\/circulo.png\",\"width\":723,\"height\":731,\"caption\":\"Informe Litoral\"},\"image\":{\"@id\":\"https:\\\/\\\/informelitoral.com.ar\\\/#\\\/schema\\\/logo\\\/image\\\/\"},\"sameAs\":[\"https:\\\/\\\/www.facebook.com\\\/informelitoral\\\/\",\"https:\\\/\\\/x.com\\\/InformeLitoral\",\"https:\\\/\\\/www.instagram.com\\\/informelitoral\\\/\",\"https:\\\/\\\/www.youtube.com\\\/channel\\\/UCua4Qvz8Icb6MYqhoq9xLXw\"]},{\"@type\":\"Person\",\"@id\":\"https:\\\/\\\/informelitoral.com.ar\\\/#\\\/schema\\\/person\\\/f05f9f461677119578717524b127d6d5\",\"name\":\"Sebastian\",\"image\":{\"@type\":\"ImageObject\",\"inLanguage\":\"es\",\"@id\":\"https:\\\/\\\/secure.gravatar.com\\\/avatar\\\/b71bf7481d447dfb9583c7f2798e7cc64de6efb9067b74633ed8c31059a3bd82?s=96&d=mm&r=g\",\"url\":\"https:\\\/\\\/secure.gravatar.com\\\/avatar\\\/b71bf7481d447dfb9583c7f2798e7cc64de6efb9067b74633ed8c31059a3bd82?s=96&d=mm&r=g\",\"contentUrl\":\"https:\\\/\\\/secure.gravatar.com\\\/avatar\\\/b71bf7481d447dfb9583c7f2798e7cc64de6efb9067b74633ed8c31059a3bd82?s=96&d=mm&r=g\",\"caption\":\"Sebastian\"},\"url\":\"https:\\\/\\\/informelitoral.com.ar\\\/author\\\/sebastian\\\/\"}]}<\/script>","yoast_head_json":{"title":"El gobernador anticip\u00f3 a senadores del justicialismo las prioridades del presupuesto 2025 - Informe Litoral","robots":{"index":"index","follow":"follow","max-snippet":"max-snippet:-1","max-image-preview":"max-image-preview:large","max-video-preview":"max-video-preview:-1"},"canonical":"https:\/\/informelitoral.com.ar\/el-gobernador-anticipo-a-senadores-del-justicialismo-las-prioridades-del-presupuesto-2025\/","og_locale":"es_ES","og_type":"article","og_title":"El gobernador anticip\u00f3 a senadores del justicialismo las prioridades del presupuesto 2025 - Informe Litoral","og_description":"El gobernador Rogelio Frigerio se reuni\u00f3 este mi\u00e9rcoles en Paran\u00e1 con integrantes del bloque M\u00e1s para Entre R\u00edos, con quienes dialog\u00f3 sobre aspectos que incluir\u00e1 el presupuesto provincial del a\u00f1o pr\u00f3ximo. Los voceros del encuentro destacaron la convocatoria.","og_url":"https:\/\/informelitoral.com.ar\/el-gobernador-anticipo-a-senadores-del-justicialismo-las-prioridades-del-presupuesto-2025\/","og_site_name":"Informe Litoral","article_publisher":"https:\/\/www.facebook.com\/informelitoral\/","article_published_time":"2024-09-20T11:52:48+00:00","og_image":[{"width":2560,"height":1706,"url":"https:\/\/informelitoral.com.ar\/%77%70%2d%63%6f%6e%74%65%6e%74\/uploads\/2024\/09\/Frigerio_Senadores-1-scaled.jpg","type":"image\/jpeg"}],"author":"Sebastian","twitter_card":"summary_large_image","twitter_creator":"@InformeLitoral","twitter_site":"@InformeLitoral","twitter_misc":{"Escrito por":"Sebastian","Tiempo de lectura":"1 minuto"},"schema":{"@context":"https:\/\/schema.org","@graph":[{"@type":"Article","@id":"https:\/\/informelitoral.com.ar\/el-gobernador-anticipo-a-senadores-del-justicialismo-las-prioridades-del-presupuesto-2025\/#article","isPartOf":{"@id":"https:\/\/informelitoral.com.ar\/el-gobernador-anticipo-a-senadores-del-justicialismo-las-prioridades-del-presupuesto-2025\/"},"author":{"name":"Sebastian","@id":"https:\/\/informelitoral.com.ar\/#\/schema\/person\/f05f9f461677119578717524b127d6d5"},"headline":"El gobernador anticip\u00f3 a senadores del justicialismo las prioridades del presupuesto 2025","datePublished":"2024-09-20T11:52:48+00:00","mainEntityOfPage":{"@id":"https:\/\/informelitoral.com.ar\/el-gobernador-anticipo-a-senadores-del-justicialismo-las-prioridades-del-presupuesto-2025\/"},"wordCount":304,"commentCount":0,"publisher":{"@id":"https:\/\/informelitoral.com.ar\/#organization"},"image":{"@id":"https:\/\/informelitoral.com.ar\/el-gobernador-anticipo-a-senadores-del-justicialismo-las-prioridades-del-presupuesto-2025\/#primaryimage"},"thumbnailUrl":"https:\/\/informelitoral.com.ar\/%77%70%2d%63%6f%6e%74%65%6e%74\/uploads\/2024\/09\/Frigerio_Senadores-1-scaled.jpg","keywords":["Presupuesto 2025","Rogelio Frigerio"],"articleSection":["Entre R\u00edos"],"inLanguage":"es","potentialAction":[{"@type":"CommentAction","name":"Comment","target":["https:\/\/informelitoral.com.ar\/el-gobernador-anticipo-a-senadores-del-justicialismo-las-prioridades-del-presupuesto-2025\/#respond"]}]},{"@type":"WebPage","@id":"https:\/\/informelitoral.com.ar\/el-gobernador-anticipo-a-senadores-del-justicialismo-las-prioridades-del-presupuesto-2025\/","url":"https:\/\/informelitoral.com.ar\/el-gobernador-anticipo-a-senadores-del-justicialismo-las-prioridades-del-presupuesto-2025\/","name":"El gobernador anticip\u00f3 a senadores del justicialismo las prioridades del presupuesto 2025 - Informe Litoral","isPartOf":{"@id":"https:\/\/informelitoral.com.ar\/#website"},"primaryImageOfPage":{"@id":"https:\/\/informelitoral.com.ar\/el-gobernador-anticipo-a-senadores-del-justicialismo-las-prioridades-del-presupuesto-2025\/#primaryimage"},"image":{"@id":"https:\/\/informelitoral.com.ar\/el-gobernador-anticipo-a-senadores-del-justicialismo-las-prioridades-del-presupuesto-2025\/#primaryimage"},"thumbnailUrl":"https:\/\/informelitoral.com.ar\/%77%70%2d%63%6f%6e%74%65%6e%74\/uploads\/2024\/09\/Frigerio_Senadores-1-scaled.jpg","datePublished":"2024-09-20T11:52:48+00:00","breadcrumb":{"@id":"https:\/\/informelitoral.com.ar\/el-gobernador-anticipo-a-senadores-del-justicialismo-las-prioridades-del-presupuesto-2025\/#breadcrumb"},"inLanguage":"es","potentialAction":[{"@type":"ReadAction","target":["https:\/\/informelitoral.com.ar\/el-gobernador-anticipo-a-senadores-del-justicialismo-las-prioridades-del-presupuesto-2025\/"]}]},{"@type":"ImageObject","inLanguage":"es","@id":"https:\/\/informelitoral.com.ar\/el-gobernador-anticipo-a-senadores-del-justicialismo-las-prioridades-del-presupuesto-2025\/#primaryimage","url":"https:\/\/informelitoral.com.ar\/%77%70%2d%63%6f%6e%74%65%6e%74\/uploads\/2024\/09\/Frigerio_Senadores-1-scaled.jpg","contentUrl":"https:\/\/informelitoral.com.ar\/%77%70%2d%63%6f%6e%74%65%6e%74\/uploads\/2024\/09\/Frigerio_Senadores-1-scaled.jpg","width":2560,"height":1706},{"@type":"BreadcrumbList","@id":"https:\/\/informelitoral.com.ar\/el-gobernador-anticipo-a-senadores-del-justicialismo-las-prioridades-del-presupuesto-2025\/#breadcrumb","itemListElement":[{"@type":"ListItem","position":1,"name":"Portada","item":"https:\/\/informelitoral.com.ar\/"},{"@type":"ListItem","position":2,"name":"El gobernador anticip\u00f3 a senadores del justicialismo las prioridades del presupuesto 2025"}]},{"@type":"WebSite","@id":"https:\/\/informelitoral.com.ar\/#website","url":"https:\/\/informelitoral.com.ar\/","name":"Informe Litoral","description":"&quot;Nos informamos&quot; ","publisher":{"@id":"https:\/\/informelitoral.com.ar\/#organization"},"potentialAction":[{"@type":"SearchAction","target":{"@type":"EntryPoint","urlTemplate":"https:\/\/informelitoral.com.ar\/?s={search_term_string}"},"query-input":{"@type":"PropertyValueSpecification","valueRequired":true,"valueName":"search_term_string"}}],"inLanguage":"es"},{"@type":"Organization","@id":"https:\/\/informelitoral.com.ar\/#organization","name":"Informe Litoral","url":"https:\/\/informelitoral.com.ar\/","logo":{"@type":"ImageObject","inLanguage":"es","@id":"https:\/\/informelitoral.com.ar\/#\/schema\/logo\/image\/","url":"https:\/\/informelitoral.com.ar\/%77%70%2d%63%6f%6e%74%65%6e%74\/uploads\/2021\/01\/circulo.png","contentUrl":"https:\/\/informelitoral.com.ar\/%77%70%2d%63%6f%6e%74%65%6e%74\/uploads\/2021\/01\/circulo.png","width":723,"height":731,"caption":"Informe Litoral"},"image":{"@id":"https:\/\/informelitoral.com.ar\/#\/schema\/logo\/image\/"},"sameAs":["https:\/\/www.facebook.com\/informelitoral\/","https:\/\/x.com\/InformeLitoral","https:\/\/www.instagram.com\/informelitoral\/","https:\/\/www.youtube.com\/channel\/UCua4Qvz8Icb6MYqhoq9xLXw"]},{"@type":"Person","@id":"https:\/\/informelitoral.com.ar\/#\/schema\/person\/f05f9f461677119578717524b127d6d5","name":"Sebastian","image":{"@type":"ImageObject","inLanguage":"es","@id":"https:\/\/secure.gravatar.com\/avatar\/b71bf7481d447dfb9583c7f2798e7cc64de6efb9067b74633ed8c31059a3bd82?s=96&d=mm&r=g","url":"https:\/\/secure.gravatar.com\/avatar\/b71bf7481d447dfb9583c7f2798e7cc64de6efb9067b74633ed8c31059a3bd82?s=96&d=mm&r=g","contentUrl":"https:\/\/secure.gravatar.com\/avatar\/b71bf7481d447dfb9583c7f2798e7cc64de6efb9067b74633ed8c31059a3bd82?s=96&d=mm&r=g","caption":"Sebastian"},"url":"https:\/\/informelitoral.com.ar\/author\/sebastian\/"}]}},"_links":{"self":[{"href":"https:\/\/informelitoral.com.ar\/%77%70%2d%6a%73%6f%6e\/wp\/v2\/posts\/198503","targetHints":{"allow":["GET"]}}],"collection":[{"href":"https:\/\/informelitoral.com.ar\/%77%70%2d%6a%73%6f%6e\/wp\/v2\/posts"}],"about":[{"href":"https:\/\/informelitoral.com.ar\/%77%70%2d%6a%73%6f%6e\/wp\/v2\/types\/post"}],"author":[{"embeddable":true,"href":"https:\/\/informelitoral.com.ar\/%77%70%2d%6a%73%6f%6e\/wp\/v2\/users\/8"}],"replies":[{"embeddable":true,"href":"https:\/\/informelitoral.com.ar\/%77%70%2d%6a%73%6f%6e\/wp\/v2\/comments?post=198503"}],"version-history":[{"count":0,"href":"https:\/\/informelitoral.com.ar\/%77%70%2d%6a%73%6f%6e\/wp\/v2\/posts\/198503\/revisions"}],"wp:featuredmedia":[{"embeddable":true,"href":"https:\/\/informelitoral.com.ar\/%77%70%2d%6a%73%6f%6e\/wp\/v2\/media\/198504"}],"wp:attachment":[{"href":"https:\/\/informelitoral.com.ar\/%77%70%2d%6a%73%6f%6e\/wp\/v2\/media?parent=198503"}],"wp:term":[{"taxonomy":"category","embeddable":true,"href":"https:\/\/informelitoral.com.ar\/%77%70%2d%6a%73%6f%6e\/wp\/v2\/categories?post=198503"},{"taxonomy":"post_tag","embeddable":true,"href":"https:\/\/informelitoral.com.ar\/%77%70%2d%6a%73%6f%6e\/wp\/v2\/tags?post=198503"}],"curies":[{"name":"wp","href":"https:\/\/api.w.org\/{rel}","templated":true}]}}