{"id":198477,"date":"2024-09-20T08:05:17","date_gmt":"2024-09-20T11:05:17","guid":{"rendered":"https:\/\/www.informelitoral.com.ar\/?p=198477"},"modified":"2024-09-20T08:05:17","modified_gmt":"2024-09-20T11:05:17","slug":"entre-rios-aporta-al-desarrollo-tecnologico-y-sostenible-de-la-agroindustria","status":"publish","type":"post","link":"https:\/\/informelitoral.com.ar\/entre-rios-aporta-al-desarrollo-tecnologico-y-sostenible-de-la-agroindustria\/","title":{"rendered":"Entre R\u00edos aporta al desarrollo tecnol\u00f3gico y sostenible de la agroindustria"},"content":{"rendered":"<p>El BCR Agtech Forum 2024 es una plataforma que combina la tradici\u00f3n agroindustrial con la vanguardia tecnol\u00f3gica, y se espera que siga siendo un espacio clave para impulsar el desarrollo sostenible en la regi\u00f3n.<\/p>\n<p>Esta iniciativa, organizada por la Bolsa de Comercio de Rosario e Innventure, se ha consolidado como uno de los eventos m\u00e1s importantes del ecosistema Agbiotech, reuniendo a l\u00edderes y expertos del sector para discutir las \u00faltimas tendencias tecnol\u00f3gicas, entre ellas la integraci\u00f3n de Inteligencia Artificial en la agricultura. Durante el Encuentro, se destacaron las innovaciones tecnol\u00f3gicas en materia de eficiencia productiva, sostenibilidad y automatizaci\u00f3n de procesos agr\u00edcolas.<\/p>\n<p>El evento cont\u00f3 con la participaci\u00f3n de diversos actores del \u00e1mbito acad\u00e9mico, empresarial y gubernamental, consolidando a Rosario como un verdadero centro regional de innovaci\u00f3n tecnol\u00f3gica aplicada al agro, creando un ambiente din\u00e1mico y estimulante que impulsa el progreso del sector.<\/p>\n<p>En este sentido, Florencia Urteaga destac\u00f3 que \u00abla participaci\u00f3n de Entre R\u00edos en este tipo de foros no s\u00f3lo fortalece la colaboraci\u00f3n interprovincial, sino que tambi\u00e9n posiciona a la provincia como referente en la adopci\u00f3n de tecnolog\u00edas de vanguardia\u00bb.<\/p>\n<p>Adem\u00e1s, la funcionaria se\u00f1al\u00f3 que \u00abel impacto de estas tecnolog\u00edas en el agro garantizan una producci\u00f3n m\u00e1s eficiente y amigable con el medio ambiente\u00bb.<\/p>\n<p>\u00abPor ello, la inteligencia artificial se constituye en una herramienta clave para enfrentar los desaf\u00edos que presenta la agricultura moderna, y en Entre R\u00edos estamos decididos a estar a la altura de estas innovaciones\u00bb, concluy\u00f3 la titular de la Direcci\u00f3n de Promoci\u00f3n de la Ciencia y la Tecnolog\u00eda, que depende de la Secretar\u00eda de Ciencia, Tecnolog\u00eda e Innovaci\u00f3n de Entre R\u00edos.<\/p>\n","protected":false},"excerpt":{"rendered":"<p>La directora de Promoci\u00f3n de la Ciencia y la Tecnolog\u00eda de Entre R\u00edos, Florencia Urteaga, particip\u00f3 en la ciudad de Rosario del BCR Agtech Forum 2024, donde reafirm\u00f3 el compromiso de la provincia con el desarrollo de la innovaci\u00f3n tecnol\u00f3gica en el sector agroindustrial.<\/p>\n","protected":false},"author":8,"featured_media":198478,"comment_status":"open","ping_status":"open","sticky":false,"template":"","format":"standard","meta":{"fifu_image_url":"","fifu_image_alt":"","footnotes":""},"categories":[10],"tags":[274,5192,5193],"class_list":{"0":"post-198477","1":"post","2":"type-post","3":"status-publish","4":"format-standard","5":"has-post-thumbnail","7":"category-campo","8":"tag-agroindustria","9":"tag-desarrollo-tecnologico","10":"tag-sostenible"},"yoast_head":"<title>Entre R\u00edos aporta al desarrollo tecnol\u00f3gico y sostenible de la agroindustria - Informe Litoral<\/title>\n<meta name=\"robots\" content=\"index, follow, max-snippet:-1, max-image-preview:large, max-video-preview:-1\" \/>\n<link rel=\"canonical\" href=\"https:\/\/informelitoral.com.ar\/entre-rios-aporta-al-desarrollo-tecnologico-y-sostenible-de-la-agroindustria\/\" \/>\n<meta property=\"og:locale\" content=\"es_ES\" \/>\n<meta property=\"og:type\" content=\"article\" \/>\n<meta property=\"og:title\" content=\"Entre R\u00edos aporta al desarrollo tecnol\u00f3gico y sostenible de la agroindustria - Informe Litoral\" \/>\n<meta property=\"og:description\" content=\"La directora de Promoci\u00f3n de la Ciencia y la Tecnolog\u00eda de Entre R\u00edos, Florencia Urteaga, particip\u00f3 en la ciudad de Rosario del BCR Agtech Forum 2024, donde reafirm\u00f3 el compromiso de la provincia con el desarrollo de la innovaci\u00f3n tecnol\u00f3gica en el sector agroindustrial.\" \/>\n<meta property=\"og:url\" content=\"https:\/\/informelitoral.com.ar\/entre-rios-aporta-al-desarrollo-tecnologico-y-sostenible-de-la-agroindustria\/\" \/>\n<meta property=\"og:site_name\" content=\"Informe Litoral\" \/>\n<meta property=\"article:publisher\" content=\"https:\/\/www.facebook.com\/informelitoral\/\" \/>\n<meta property=\"article:published_time\" content=\"2024-09-20T11:05:17+00:00\" \/>\n<meta property=\"og:image\" content=\"https:\/\/informelitoral.com.ar\/%77%70%2d%63%6f%6e%74%65%6e%74\/uploads\/2024\/09\/AgBiotech-Foto1-1024x683.png\" \/>\n\t<meta property=\"og:image:width\" content=\"1024\" \/>\n\t<meta property=\"og:image:height\" content=\"683\" \/>\n\t<meta property=\"og:image:type\" content=\"image\/png\" \/>\n<meta name=\"author\" content=\"Sebastian\" \/>\n<meta name=\"twitter:card\" content=\"summary_large_image\" \/>\n<meta name=\"twitter:creator\" content=\"@InformeLitoral\" \/>\n<meta name=\"twitter:site\" content=\"@InformeLitoral\" \/>\n<meta name=\"twitter:label1\" content=\"Escrito por\" \/>\n\t<meta name=\"twitter:data1\" content=\"Sebastian\" \/>\n\t<meta name=\"twitter:label2\" content=\"Tiempo de lectura\" \/>\n\t<meta name=\"twitter:data2\" content=\"2 minutos\" \/>\n<script type=\"application\/ld+json\" class=\"yoast-schema-graph\">{\"@context\":\"https:\\\/\\\/schema.org\",\"@graph\":[{\"@type\":\"Article\",\"@id\":\"https:\\\/\\\/informelitoral.com.ar\\\/entre-rios-aporta-al-desarrollo-tecnologico-y-sostenible-de-la-agroindustria\\\/#article\",\"isPartOf\":{\"@id\":\"https:\\\/\\\/informelitoral.com.ar\\\/entre-rios-aporta-al-desarrollo-tecnologico-y-sostenible-de-la-agroindustria\\\/\"},\"author\":{\"name\":\"Sebastian\",\"@id\":\"https:\\\/\\\/informelitoral.com.ar\\\/#\\\/schema\\\/person\\\/f05f9f461677119578717524b127d6d5\"},\"headline\":\"Entre R\u00edos aporta al desarrollo tecnol\u00f3gico y sostenible de la agroindustria\",\"datePublished\":\"2024-09-20T11:05:17+00:00\",\"mainEntityOfPage\":{\"@id\":\"https:\\\/\\\/informelitoral.com.ar\\\/entre-rios-aporta-al-desarrollo-tecnologico-y-sostenible-de-la-agroindustria\\\/\"},\"wordCount\":314,\"commentCount\":0,\"publisher\":{\"@id\":\"https:\\\/\\\/informelitoral.com.ar\\\/#organization\"},\"image\":{\"@id\":\"https:\\\/\\\/informelitoral.com.ar\\\/entre-rios-aporta-al-desarrollo-tecnologico-y-sostenible-de-la-agroindustria\\\/#primaryimage\"},\"thumbnailUrl\":\"https:\\\/\\\/informelitoral.com.ar\\\/%77%70%2d%63%6f%6e%74%65%6e%74\\\/uploads\\\/2024\\\/09\\\/AgBiotech-Foto1.png\",\"keywords\":[\"Agroindustria\",\"Desarrollo Tecnol\u00f3gico\",\"Sostenible\"],\"articleSection\":[\"Campo\"],\"inLanguage\":\"es\",\"potentialAction\":[{\"@type\":\"CommentAction\",\"name\":\"Comment\",\"target\":[\"https:\\\/\\\/informelitoral.com.ar\\\/entre-rios-aporta-al-desarrollo-tecnologico-y-sostenible-de-la-agroindustria\\\/#respond\"]}]},{\"@type\":\"WebPage\",\"@id\":\"https:\\\/\\\/informelitoral.com.ar\\\/entre-rios-aporta-al-desarrollo-tecnologico-y-sostenible-de-la-agroindustria\\\/\",\"url\":\"https:\\\/\\\/informelitoral.com.ar\\\/entre-rios-aporta-al-desarrollo-tecnologico-y-sostenible-de-la-agroindustria\\\/\",\"name\":\"Entre R\u00edos aporta al desarrollo tecnol\u00f3gico y sostenible de la agroindustria - Informe Litoral\",\"isPartOf\":{\"@id\":\"https:\\\/\\\/informelitoral.com.ar\\\/#website\"},\"primaryImageOfPage\":{\"@id\":\"https:\\\/\\\/informelitoral.com.ar\\\/entre-rios-aporta-al-desarrollo-tecnologico-y-sostenible-de-la-agroindustria\\\/#primaryimage\"},\"image\":{\"@id\":\"https:\\\/\\\/informelitoral.com.ar\\\/entre-rios-aporta-al-desarrollo-tecnologico-y-sostenible-de-la-agroindustria\\\/#primaryimage\"},\"thumbnailUrl\":\"https:\\\/\\\/informelitoral.com.ar\\\/%77%70%2d%63%6f%6e%74%65%6e%74\\\/uploads\\\/2024\\\/09\\\/AgBiotech-Foto1.png\",\"datePublished\":\"2024-09-20T11:05:17+00:00\",\"breadcrumb\":{\"@id\":\"https:\\\/\\\/informelitoral.com.ar\\\/entre-rios-aporta-al-desarrollo-tecnologico-y-sostenible-de-la-agroindustria\\\/#breadcrumb\"},\"inLanguage\":\"es\",\"potentialAction\":[{\"@type\":\"ReadAction\",\"target\":[\"https:\\\/\\\/informelitoral.com.ar\\\/entre-rios-aporta-al-desarrollo-tecnologico-y-sostenible-de-la-agroindustria\\\/\"]}]},{\"@type\":\"ImageObject\",\"inLanguage\":\"es\",\"@id\":\"https:\\\/\\\/informelitoral.com.ar\\\/entre-rios-aporta-al-desarrollo-tecnologico-y-sostenible-de-la-agroindustria\\\/#primaryimage\",\"url\":\"https:\\\/\\\/informelitoral.com.ar\\\/%77%70%2d%63%6f%6e%74%65%6e%74\\\/uploads\\\/2024\\\/09\\\/AgBiotech-Foto1.png\",\"contentUrl\":\"https:\\\/\\\/informelitoral.com.ar\\\/%77%70%2d%63%6f%6e%74%65%6e%74\\\/uploads\\\/2024\\\/09\\\/AgBiotech-Foto1.png\",\"width\":1920,\"height\":1280},{\"@type\":\"BreadcrumbList\",\"@id\":\"https:\\\/\\\/informelitoral.com.ar\\\/entre-rios-aporta-al-desarrollo-tecnologico-y-sostenible-de-la-agroindustria\\\/#breadcrumb\",\"itemListElement\":[{\"@type\":\"ListItem\",\"position\":1,\"name\":\"Portada\",\"item\":\"https:\\\/\\\/informelitoral.com.ar\\\/\"},{\"@type\":\"ListItem\",\"position\":2,\"name\":\"Entre R\u00edos aporta al desarrollo tecnol\u00f3gico y sostenible de la agroindustria\"}]},{\"@type\":\"WebSite\",\"@id\":\"https:\\\/\\\/informelitoral.com.ar\\\/#website\",\"url\":\"https:\\\/\\\/informelitoral.com.ar\\\/\",\"name\":\"Informe Litoral\",\"description\":\"&quot;Nos informamos&quot; \",\"publisher\":{\"@id\":\"https:\\\/\\\/informelitoral.com.ar\\\/#organization\"},\"potentialAction\":[{\"@type\":\"SearchAction\",\"target\":{\"@type\":\"EntryPoint\",\"urlTemplate\":\"https:\\\/\\\/informelitoral.com.ar\\\/?s={search_term_string}\"},\"query-input\":{\"@type\":\"PropertyValueSpecification\",\"valueRequired\":true,\"valueName\":\"search_term_string\"}}],\"inLanguage\":\"es\"},{\"@type\":\"Organization\",\"@id\":\"https:\\\/\\\/informelitoral.com.ar\\\/#organization\",\"name\":\"Informe Litoral\",\"url\":\"https:\\\/\\\/informelitoral.com.ar\\\/\",\"logo\":{\"@type\":\"ImageObject\",\"inLanguage\":\"es\",\"@id\":\"https:\\\/\\\/informelitoral.com.ar\\\/#\\\/schema\\\/logo\\\/image\\\/\",\"url\":\"https:\\\/\\\/informelitoral.com.ar\\\/%77%70%2d%63%6f%6e%74%65%6e%74\\\/uploads\\\/2021\\\/01\\\/circulo.png\",\"contentUrl\":\"https:\\\/\\\/informelitoral.com.ar\\\/%77%70%2d%63%6f%6e%74%65%6e%74\\\/uploads\\\/2021\\\/01\\\/circulo.png\",\"width\":723,\"height\":731,\"caption\":\"Informe Litoral\"},\"image\":{\"@id\":\"https:\\\/\\\/informelitoral.com.ar\\\/#\\\/schema\\\/logo\\\/image\\\/\"},\"sameAs\":[\"https:\\\/\\\/www.facebook.com\\\/informelitoral\\\/\",\"https:\\\/\\\/x.com\\\/InformeLitoral\",\"https:\\\/\\\/www.instagram.com\\\/informelitoral\\\/\",\"https:\\\/\\\/www.youtube.com\\\/channel\\\/UCua4Qvz8Icb6MYqhoq9xLXw\"]},{\"@type\":\"Person\",\"@id\":\"https:\\\/\\\/informelitoral.com.ar\\\/#\\\/schema\\\/person\\\/f05f9f461677119578717524b127d6d5\",\"name\":\"Sebastian\",\"image\":{\"@type\":\"ImageObject\",\"inLanguage\":\"es\",\"@id\":\"https:\\\/\\\/secure.gravatar.com\\\/avatar\\\/b71bf7481d447dfb9583c7f2798e7cc64de6efb9067b74633ed8c31059a3bd82?s=96&d=mm&r=g\",\"url\":\"https:\\\/\\\/secure.gravatar.com\\\/avatar\\\/b71bf7481d447dfb9583c7f2798e7cc64de6efb9067b74633ed8c31059a3bd82?s=96&d=mm&r=g\",\"contentUrl\":\"https:\\\/\\\/secure.gravatar.com\\\/avatar\\\/b71bf7481d447dfb9583c7f2798e7cc64de6efb9067b74633ed8c31059a3bd82?s=96&d=mm&r=g\",\"caption\":\"Sebastian\"},\"url\":\"https:\\\/\\\/informelitoral.com.ar\\\/author\\\/sebastian\\\/\"}]}<\/script>","yoast_head_json":{"title":"Entre R\u00edos aporta al desarrollo tecnol\u00f3gico y sostenible de la agroindustria - Informe Litoral","robots":{"index":"index","follow":"follow","max-snippet":"max-snippet:-1","max-image-preview":"max-image-preview:large","max-video-preview":"max-video-preview:-1"},"canonical":"https:\/\/informelitoral.com.ar\/entre-rios-aporta-al-desarrollo-tecnologico-y-sostenible-de-la-agroindustria\/","og_locale":"es_ES","og_type":"article","og_title":"Entre R\u00edos aporta al desarrollo tecnol\u00f3gico y sostenible de la agroindustria - Informe Litoral","og_description":"La directora de Promoci\u00f3n de la Ciencia y la Tecnolog\u00eda de Entre R\u00edos, Florencia Urteaga, particip\u00f3 en la ciudad de Rosario del BCR Agtech Forum 2024, donde reafirm\u00f3 el compromiso de la provincia con el desarrollo de la innovaci\u00f3n tecnol\u00f3gica en el sector agroindustrial.","og_url":"https:\/\/informelitoral.com.ar\/entre-rios-aporta-al-desarrollo-tecnologico-y-sostenible-de-la-agroindustria\/","og_site_name":"Informe Litoral","article_publisher":"https:\/\/www.facebook.com\/informelitoral\/","article_published_time":"2024-09-20T11:05:17+00:00","og_image":[{"width":1024,"height":683,"url":"https:\/\/informelitoral.com.ar\/%77%70%2d%63%6f%6e%74%65%6e%74\/uploads\/2024\/09\/AgBiotech-Foto1-1024x683.png","type":"image\/png"}],"author":"Sebastian","twitter_card":"summary_large_image","twitter_creator":"@InformeLitoral","twitter_site":"@InformeLitoral","twitter_misc":{"Escrito por":"Sebastian","Tiempo de lectura":"2 minutos"},"schema":{"@context":"https:\/\/schema.org","@graph":[{"@type":"Article","@id":"https:\/\/informelitoral.com.ar\/entre-rios-aporta-al-desarrollo-tecnologico-y-sostenible-de-la-agroindustria\/#article","isPartOf":{"@id":"https:\/\/informelitoral.com.ar\/entre-rios-aporta-al-desarrollo-tecnologico-y-sostenible-de-la-agroindustria\/"},"author":{"name":"Sebastian","@id":"https:\/\/informelitoral.com.ar\/#\/schema\/person\/f05f9f461677119578717524b127d6d5"},"headline":"Entre R\u00edos aporta al desarrollo tecnol\u00f3gico y sostenible de la agroindustria","datePublished":"2024-09-20T11:05:17+00:00","mainEntityOfPage":{"@id":"https:\/\/informelitoral.com.ar\/entre-rios-aporta-al-desarrollo-tecnologico-y-sostenible-de-la-agroindustria\/"},"wordCount":314,"commentCount":0,"publisher":{"@id":"https:\/\/informelitoral.com.ar\/#organization"},"image":{"@id":"https:\/\/informelitoral.com.ar\/entre-rios-aporta-al-desarrollo-tecnologico-y-sostenible-de-la-agroindustria\/#primaryimage"},"thumbnailUrl":"https:\/\/informelitoral.com.ar\/%77%70%2d%63%6f%6e%74%65%6e%74\/uploads\/2024\/09\/AgBiotech-Foto1.png","keywords":["Agroindustria","Desarrollo Tecnol\u00f3gico","Sostenible"],"articleSection":["Campo"],"inLanguage":"es","potentialAction":[{"@type":"CommentAction","name":"Comment","target":["https:\/\/informelitoral.com.ar\/entre-rios-aporta-al-desarrollo-tecnologico-y-sostenible-de-la-agroindustria\/#respond"]}]},{"@type":"WebPage","@id":"https:\/\/informelitoral.com.ar\/entre-rios-aporta-al-desarrollo-tecnologico-y-sostenible-de-la-agroindustria\/","url":"https:\/\/informelitoral.com.ar\/entre-rios-aporta-al-desarrollo-tecnologico-y-sostenible-de-la-agroindustria\/","name":"Entre R\u00edos aporta al desarrollo tecnol\u00f3gico y sostenible de la agroindustria - Informe Litoral","isPartOf":{"@id":"https:\/\/informelitoral.com.ar\/#website"},"primaryImageOfPage":{"@id":"https:\/\/informelitoral.com.ar\/entre-rios-aporta-al-desarrollo-tecnologico-y-sostenible-de-la-agroindustria\/#primaryimage"},"image":{"@id":"https:\/\/informelitoral.com.ar\/entre-rios-aporta-al-desarrollo-tecnologico-y-sostenible-de-la-agroindustria\/#primaryimage"},"thumbnailUrl":"https:\/\/informelitoral.com.ar\/%77%70%2d%63%6f%6e%74%65%6e%74\/uploads\/2024\/09\/AgBiotech-Foto1.png","datePublished":"2024-09-20T11:05:17+00:00","breadcrumb":{"@id":"https:\/\/informelitoral.com.ar\/entre-rios-aporta-al-desarrollo-tecnologico-y-sostenible-de-la-agroindustria\/#breadcrumb"},"inLanguage":"es","potentialAction":[{"@type":"ReadAction","target":["https:\/\/informelitoral.com.ar\/entre-rios-aporta-al-desarrollo-tecnologico-y-sostenible-de-la-agroindustria\/"]}]},{"@type":"ImageObject","inLanguage":"es","@id":"https:\/\/informelitoral.com.ar\/entre-rios-aporta-al-desarrollo-tecnologico-y-sostenible-de-la-agroindustria\/#primaryimage","url":"https:\/\/informelitoral.com.ar\/%77%70%2d%63%6f%6e%74%65%6e%74\/uploads\/2024\/09\/AgBiotech-Foto1.png","contentUrl":"https:\/\/informelitoral.com.ar\/%77%70%2d%63%6f%6e%74%65%6e%74\/uploads\/2024\/09\/AgBiotech-Foto1.png","width":1920,"height":1280},{"@type":"BreadcrumbList","@id":"https:\/\/informelitoral.com.ar\/entre-rios-aporta-al-desarrollo-tecnologico-y-sostenible-de-la-agroindustria\/#breadcrumb","itemListElement":[{"@type":"ListItem","position":1,"name":"Portada","item":"https:\/\/informelitoral.com.ar\/"},{"@type":"ListItem","position":2,"name":"Entre R\u00edos aporta al desarrollo tecnol\u00f3gico y sostenible de la agroindustria"}]},{"@type":"WebSite","@id":"https:\/\/informelitoral.com.ar\/#website","url":"https:\/\/informelitoral.com.ar\/","name":"Informe Litoral","description":"&quot;Nos informamos&quot; ","publisher":{"@id":"https:\/\/informelitoral.com.ar\/#organization"},"potentialAction":[{"@type":"SearchAction","target":{"@type":"EntryPoint","urlTemplate":"https:\/\/informelitoral.com.ar\/?s={search_term_string}"},"query-input":{"@type":"PropertyValueSpecification","valueRequired":true,"valueName":"search_term_string"}}],"inLanguage":"es"},{"@type":"Organization","@id":"https:\/\/informelitoral.com.ar\/#organization","name":"Informe Litoral","url":"https:\/\/informelitoral.com.ar\/","logo":{"@type":"ImageObject","inLanguage":"es","@id":"https:\/\/informelitoral.com.ar\/#\/schema\/logo\/image\/","url":"https:\/\/informelitoral.com.ar\/%77%70%2d%63%6f%6e%74%65%6e%74\/uploads\/2021\/01\/circulo.png","contentUrl":"https:\/\/informelitoral.com.ar\/%77%70%2d%63%6f%6e%74%65%6e%74\/uploads\/2021\/01\/circulo.png","width":723,"height":731,"caption":"Informe Litoral"},"image":{"@id":"https:\/\/informelitoral.com.ar\/#\/schema\/logo\/image\/"},"sameAs":["https:\/\/www.facebook.com\/informelitoral\/","https:\/\/x.com\/InformeLitoral","https:\/\/www.instagram.com\/informelitoral\/","https:\/\/www.youtube.com\/channel\/UCua4Qvz8Icb6MYqhoq9xLXw"]},{"@type":"Person","@id":"https:\/\/informelitoral.com.ar\/#\/schema\/person\/f05f9f461677119578717524b127d6d5","name":"Sebastian","image":{"@type":"ImageObject","inLanguage":"es","@id":"https:\/\/secure.gravatar.com\/avatar\/b71bf7481d447dfb9583c7f2798e7cc64de6efb9067b74633ed8c31059a3bd82?s=96&d=mm&r=g","url":"https:\/\/secure.gravatar.com\/avatar\/b71bf7481d447dfb9583c7f2798e7cc64de6efb9067b74633ed8c31059a3bd82?s=96&d=mm&r=g","contentUrl":"https:\/\/secure.gravatar.com\/avatar\/b71bf7481d447dfb9583c7f2798e7cc64de6efb9067b74633ed8c31059a3bd82?s=96&d=mm&r=g","caption":"Sebastian"},"url":"https:\/\/informelitoral.com.ar\/author\/sebastian\/"}]}},"_links":{"self":[{"href":"https:\/\/informelitoral.com.ar\/%77%70%2d%6a%73%6f%6e\/wp\/v2\/posts\/198477","targetHints":{"allow":["GET"]}}],"collection":[{"href":"https:\/\/informelitoral.com.ar\/%77%70%2d%6a%73%6f%6e\/wp\/v2\/posts"}],"about":[{"href":"https:\/\/informelitoral.com.ar\/%77%70%2d%6a%73%6f%6e\/wp\/v2\/types\/post"}],"author":[{"embeddable":true,"href":"https:\/\/informelitoral.com.ar\/%77%70%2d%6a%73%6f%6e\/wp\/v2\/users\/8"}],"replies":[{"embeddable":true,"href":"https:\/\/informelitoral.com.ar\/%77%70%2d%6a%73%6f%6e\/wp\/v2\/comments?post=198477"}],"version-history":[{"count":0,"href":"https:\/\/informelitoral.com.ar\/%77%70%2d%6a%73%6f%6e\/wp\/v2\/posts\/198477\/revisions"}],"wp:featuredmedia":[{"embeddable":true,"href":"https:\/\/informelitoral.com.ar\/%77%70%2d%6a%73%6f%6e\/wp\/v2\/media\/198478"}],"wp:attachment":[{"href":"https:\/\/informelitoral.com.ar\/%77%70%2d%6a%73%6f%6e\/wp\/v2\/media?parent=198477"}],"wp:term":[{"taxonomy":"category","embeddable":true,"href":"https:\/\/informelitoral.com.ar\/%77%70%2d%6a%73%6f%6e\/wp\/v2\/categories?post=198477"},{"taxonomy":"post_tag","embeddable":true,"href":"https:\/\/informelitoral.com.ar\/%77%70%2d%6a%73%6f%6e\/wp\/v2\/tags?post=198477"}],"curies":[{"name":"wp","href":"https:\/\/api.w.org\/{rel}","templated":true}]}}