{"id":198469,"date":"2024-09-20T07:57:47","date_gmt":"2024-09-20T10:57:47","guid":{"rendered":"https:\/\/www.informelitoral.com.ar\/?p=198469"},"modified":"2024-09-20T07:57:47","modified_gmt":"2024-09-20T10:57:47","slug":"las-lluvias-pasaron-de-largo-y-continuan-los-dias-primaverales","status":"publish","type":"post","link":"https:\/\/informelitoral.com.ar\/las-lluvias-pasaron-de-largo-y-continuan-los-dias-primaverales\/","title":{"rendered":"Las lluvias pasaron de largo y contin\u00faan los d\u00edas primaverales"},"content":{"rendered":"<p>El pron\u00f3stico del Servicio Meteorol\u00f3gico Nacional anuncia para este viernes una jornada con cielo algo nublado y vientos intensos. Durante las primeras horas de la ma\u00f1ana estaba mayormente cubierto y vientos en calma, sin embargo, con el correr de las horas comenzar\u00e1 a despejarse y soplar\u00e1n vientos del sureste, con r\u00e1fagas a m\u00e1s de 50 km\/h. Por la tarde permanecer\u00e1 algo nublado y continuar\u00e1n los vientos intensos pero en direcci\u00f3n este. Hacia la noche se esperan brisas del este. A causa del ingreso de aire m\u00e1s fresco, la temperatura bajar\u00e1 algunos grados. La m\u00ednima ser\u00e1 de 12\u00b0 y la m\u00e1xima llegar\u00e1 a 26\u00b0.<\/p>\n<h2><strong>C\u00f3mo estar\u00e1 el fin de semana<\/strong><\/h2>\n<div class=\"td-a-ad id_inline_ad0 id_ad_content-horiz-center\">\n<div class=\"angwp_108112 _ning_outer ang_zone_108112 _ning_jss_zone _align_center\">\n<div class=\"_ning_label _left\">El organismo nacional<strong>\u00a0<\/strong>anuncia un fin de semana muy caluroso. Para ma\u00f1ana s\u00e1bado, d\u00eda en que comienza la primavera, el cielo estar\u00e1 de parcial a mayormente nublado, sin embargo, las temperaturas se incrementar\u00e1n considerablemente. La m\u00ednima prevista ser\u00e1 de 16\u00b0, mientras que la m\u00e1xima llegar\u00e1 a 30\u00b0. Los vientos ser\u00e1n moderados del sector noreste, con posibles r\u00e1fagas del sureste durante la tarde.<\/div>\n<div><\/div>\n<div class=\"_ning_label _left\">El domingo, el term\u00f3metro subir\u00e1 a\u00fan m\u00e1s, se anticipa que la m\u00e1xima alcanzar\u00e1 los 34\u00b0 y la m\u00ednima ser\u00e1 de 17\u00b0. Ser\u00e1 otra jornada con nubosidad variable y a la noche podr\u00eda presentarse inestable, con posibilidad de tormentas aisladas.<\/div>\n<div><\/div>\n<div class=\"_ning_label _left\">El sol sale a las 6:53 y se pone a las 18:58<\/div>\n<\/div>\n<\/div>\n","protected":false},"excerpt":{"rendered":"<p>Si bien hubo precipitaciones en algunos sectores, fueron escasas y no generalizadas. La temperatura baj\u00f3 unos grados pero el fin de semana har\u00e1 m\u00e1s calor. No hay lluvias de importancia a la vista hasta el lunes, inclusive. <\/p>\n","protected":false},"author":2,"featured_media":167686,"comment_status":"open","ping_status":"open","sticky":false,"template":"","format":"standard","meta":{"fifu_image_url":"","fifu_image_alt":"","footnotes":""},"categories":[6],"tags":[38],"class_list":{"0":"post-198469","1":"post","2":"type-post","3":"status-publish","4":"format-standard","5":"has-post-thumbnail","7":"category-entre-rios","8":"tag-el-tiempo"},"yoast_head":"<title>Las lluvias pasaron de largo y contin\u00faan los d\u00edas primaverales - Informe Litoral<\/title>\n<meta name=\"robots\" content=\"index, follow, max-snippet:-1, max-image-preview:large, max-video-preview:-1\" \/>\n<link rel=\"canonical\" href=\"https:\/\/informelitoral.com.ar\/las-lluvias-pasaron-de-largo-y-continuan-los-dias-primaverales\/\" \/>\n<meta property=\"og:locale\" content=\"es_ES\" \/>\n<meta property=\"og:type\" content=\"article\" \/>\n<meta property=\"og:title\" content=\"Las lluvias pasaron de largo y contin\u00faan los d\u00edas primaverales - Informe Litoral\" \/>\n<meta property=\"og:description\" content=\"Si bien hubo precipitaciones en algunos sectores, fueron escasas y no generalizadas. La temperatura baj\u00f3 unos grados pero el fin de semana har\u00e1 m\u00e1s calor. No hay lluvias de importancia a la vista hasta el lunes, inclusive.\" \/>\n<meta property=\"og:url\" content=\"https:\/\/informelitoral.com.ar\/las-lluvias-pasaron-de-largo-y-continuan-los-dias-primaverales\/\" \/>\n<meta property=\"og:site_name\" content=\"Informe Litoral\" \/>\n<meta property=\"article:publisher\" content=\"https:\/\/www.facebook.com\/informelitoral\/\" \/>\n<meta property=\"article:published_time\" content=\"2024-09-20T10:57:47+00:00\" \/>\n<meta property=\"og:image\" content=\"https:\/\/informelitoral.com.ar\/%77%70%2d%63%6f%6e%74%65%6e%74\/uploads\/2023\/10\/amanecer-despejado.jpg\" \/>\n\t<meta property=\"og:image:width\" content=\"960\" \/>\n\t<meta property=\"og:image:height\" content=\"720\" \/>\n\t<meta property=\"og:image:type\" content=\"image\/jpeg\" \/>\n<meta name=\"author\" content=\"Gonzalo Schmidt\" \/>\n<meta name=\"twitter:card\" content=\"summary_large_image\" \/>\n<meta name=\"twitter:creator\" content=\"@InformeLitoral\" \/>\n<meta name=\"twitter:site\" content=\"@InformeLitoral\" \/>\n<meta name=\"twitter:label1\" content=\"Escrito por\" \/>\n\t<meta name=\"twitter:data1\" content=\"Gonzalo Schmidt\" \/>\n\t<meta name=\"twitter:label2\" content=\"Tiempo de lectura\" \/>\n\t<meta name=\"twitter:data2\" content=\"1 minuto\" \/>\n<script type=\"application\/ld+json\" class=\"yoast-schema-graph\">{\"@context\":\"https:\\\/\\\/schema.org\",\"@graph\":[{\"@type\":\"Article\",\"@id\":\"https:\\\/\\\/informelitoral.com.ar\\\/las-lluvias-pasaron-de-largo-y-continuan-los-dias-primaverales\\\/#article\",\"isPartOf\":{\"@id\":\"https:\\\/\\\/informelitoral.com.ar\\\/las-lluvias-pasaron-de-largo-y-continuan-los-dias-primaverales\\\/\"},\"author\":{\"name\":\"Gonzalo Schmidt\",\"@id\":\"https:\\\/\\\/informelitoral.com.ar\\\/#\\\/schema\\\/person\\\/b9d00407c836482871ef1d57bf8e3180\"},\"headline\":\"Las lluvias pasaron de largo y contin\u00faan los d\u00edas primaverales\",\"datePublished\":\"2024-09-20T10:57:47+00:00\",\"mainEntityOfPage\":{\"@id\":\"https:\\\/\\\/informelitoral.com.ar\\\/las-lluvias-pasaron-de-largo-y-continuan-los-dias-primaverales\\\/\"},\"wordCount\":252,\"commentCount\":0,\"publisher\":{\"@id\":\"https:\\\/\\\/informelitoral.com.ar\\\/#organization\"},\"image\":{\"@id\":\"https:\\\/\\\/informelitoral.com.ar\\\/las-lluvias-pasaron-de-largo-y-continuan-los-dias-primaverales\\\/#primaryimage\"},\"thumbnailUrl\":\"https:\\\/\\\/informelitoral.com.ar\\\/%77%70%2d%63%6f%6e%74%65%6e%74\\\/uploads\\\/2023\\\/10\\\/amanecer-despejado.jpg\",\"keywords\":[\"El tiempo\"],\"articleSection\":[\"Entre R\u00edos\"],\"inLanguage\":\"es\",\"potentialAction\":[{\"@type\":\"CommentAction\",\"name\":\"Comment\",\"target\":[\"https:\\\/\\\/informelitoral.com.ar\\\/las-lluvias-pasaron-de-largo-y-continuan-los-dias-primaverales\\\/#respond\"]}]},{\"@type\":\"WebPage\",\"@id\":\"https:\\\/\\\/informelitoral.com.ar\\\/las-lluvias-pasaron-de-largo-y-continuan-los-dias-primaverales\\\/\",\"url\":\"https:\\\/\\\/informelitoral.com.ar\\\/las-lluvias-pasaron-de-largo-y-continuan-los-dias-primaverales\\\/\",\"name\":\"Las lluvias pasaron de largo y contin\u00faan los d\u00edas primaverales - Informe Litoral\",\"isPartOf\":{\"@id\":\"https:\\\/\\\/informelitoral.com.ar\\\/#website\"},\"primaryImageOfPage\":{\"@id\":\"https:\\\/\\\/informelitoral.com.ar\\\/las-lluvias-pasaron-de-largo-y-continuan-los-dias-primaverales\\\/#primaryimage\"},\"image\":{\"@id\":\"https:\\\/\\\/informelitoral.com.ar\\\/las-lluvias-pasaron-de-largo-y-continuan-los-dias-primaverales\\\/#primaryimage\"},\"thumbnailUrl\":\"https:\\\/\\\/informelitoral.com.ar\\\/%77%70%2d%63%6f%6e%74%65%6e%74\\\/uploads\\\/2023\\\/10\\\/amanecer-despejado.jpg\",\"datePublished\":\"2024-09-20T10:57:47+00:00\",\"breadcrumb\":{\"@id\":\"https:\\\/\\\/informelitoral.com.ar\\\/las-lluvias-pasaron-de-largo-y-continuan-los-dias-primaverales\\\/#breadcrumb\"},\"inLanguage\":\"es\",\"potentialAction\":[{\"@type\":\"ReadAction\",\"target\":[\"https:\\\/\\\/informelitoral.com.ar\\\/las-lluvias-pasaron-de-largo-y-continuan-los-dias-primaverales\\\/\"]}]},{\"@type\":\"ImageObject\",\"inLanguage\":\"es\",\"@id\":\"https:\\\/\\\/informelitoral.com.ar\\\/las-lluvias-pasaron-de-largo-y-continuan-los-dias-primaverales\\\/#primaryimage\",\"url\":\"https:\\\/\\\/informelitoral.com.ar\\\/%77%70%2d%63%6f%6e%74%65%6e%74\\\/uploads\\\/2023\\\/10\\\/amanecer-despejado.jpg\",\"contentUrl\":\"https:\\\/\\\/informelitoral.com.ar\\\/%77%70%2d%63%6f%6e%74%65%6e%74\\\/uploads\\\/2023\\\/10\\\/amanecer-despejado.jpg\",\"width\":960,\"height\":720},{\"@type\":\"BreadcrumbList\",\"@id\":\"https:\\\/\\\/informelitoral.com.ar\\\/las-lluvias-pasaron-de-largo-y-continuan-los-dias-primaverales\\\/#breadcrumb\",\"itemListElement\":[{\"@type\":\"ListItem\",\"position\":1,\"name\":\"Portada\",\"item\":\"https:\\\/\\\/informelitoral.com.ar\\\/\"},{\"@type\":\"ListItem\",\"position\":2,\"name\":\"Las lluvias pasaron de largo y contin\u00faan los d\u00edas primaverales\"}]},{\"@type\":\"WebSite\",\"@id\":\"https:\\\/\\\/informelitoral.com.ar\\\/#website\",\"url\":\"https:\\\/\\\/informelitoral.com.ar\\\/\",\"name\":\"Informe Litoral\",\"description\":\"&quot;Nos informamos&quot; \",\"publisher\":{\"@id\":\"https:\\\/\\\/informelitoral.com.ar\\\/#organization\"},\"potentialAction\":[{\"@type\":\"SearchAction\",\"target\":{\"@type\":\"EntryPoint\",\"urlTemplate\":\"https:\\\/\\\/informelitoral.com.ar\\\/?s={search_term_string}\"},\"query-input\":{\"@type\":\"PropertyValueSpecification\",\"valueRequired\":true,\"valueName\":\"search_term_string\"}}],\"inLanguage\":\"es\"},{\"@type\":\"Organization\",\"@id\":\"https:\\\/\\\/informelitoral.com.ar\\\/#organization\",\"name\":\"Informe Litoral\",\"url\":\"https:\\\/\\\/informelitoral.com.ar\\\/\",\"logo\":{\"@type\":\"ImageObject\",\"inLanguage\":\"es\",\"@id\":\"https:\\\/\\\/informelitoral.com.ar\\\/#\\\/schema\\\/logo\\\/image\\\/\",\"url\":\"https:\\\/\\\/informelitoral.com.ar\\\/%77%70%2d%63%6f%6e%74%65%6e%74\\\/uploads\\\/2021\\\/01\\\/circulo.png\",\"contentUrl\":\"https:\\\/\\\/informelitoral.com.ar\\\/%77%70%2d%63%6f%6e%74%65%6e%74\\\/uploads\\\/2021\\\/01\\\/circulo.png\",\"width\":723,\"height\":731,\"caption\":\"Informe Litoral\"},\"image\":{\"@id\":\"https:\\\/\\\/informelitoral.com.ar\\\/#\\\/schema\\\/logo\\\/image\\\/\"},\"sameAs\":[\"https:\\\/\\\/www.facebook.com\\\/informelitoral\\\/\",\"https:\\\/\\\/x.com\\\/InformeLitoral\",\"https:\\\/\\\/www.instagram.com\\\/informelitoral\\\/\",\"https:\\\/\\\/www.youtube.com\\\/channel\\\/UCua4Qvz8Icb6MYqhoq9xLXw\"]},{\"@type\":\"Person\",\"@id\":\"https:\\\/\\\/informelitoral.com.ar\\\/#\\\/schema\\\/person\\\/b9d00407c836482871ef1d57bf8e3180\",\"name\":\"Gonzalo Schmidt\",\"image\":{\"@type\":\"ImageObject\",\"inLanguage\":\"es\",\"@id\":\"https:\\\/\\\/secure.gravatar.com\\\/avatar\\\/31a1a7b66ff2de83bd0e9fd79d026630d2d99e55e8bfe501287647b4fd9743de?s=96&d=mm&r=g\",\"url\":\"https:\\\/\\\/secure.gravatar.com\\\/avatar\\\/31a1a7b66ff2de83bd0e9fd79d026630d2d99e55e8bfe501287647b4fd9743de?s=96&d=mm&r=g\",\"contentUrl\":\"https:\\\/\\\/secure.gravatar.com\\\/avatar\\\/31a1a7b66ff2de83bd0e9fd79d026630d2d99e55e8bfe501287647b4fd9743de?s=96&d=mm&r=g\",\"caption\":\"Gonzalo Schmidt\"},\"description\":\"Sitio web de noticias de la provincia de Entre R\u00edos, Argentina. Informaci\u00f3n y entretenimiento. Informe Litoral, nos informamos.\",\"sameAs\":[\"http:\\\/\\\/www.isletasnoticias.com.ar\"],\"url\":\"https:\\\/\\\/informelitoral.com.ar\\\/author\\\/gonzalo\\\/\"}]}<\/script>","yoast_head_json":{"title":"Las lluvias pasaron de largo y contin\u00faan los d\u00edas primaverales - Informe Litoral","robots":{"index":"index","follow":"follow","max-snippet":"max-snippet:-1","max-image-preview":"max-image-preview:large","max-video-preview":"max-video-preview:-1"},"canonical":"https:\/\/informelitoral.com.ar\/las-lluvias-pasaron-de-largo-y-continuan-los-dias-primaverales\/","og_locale":"es_ES","og_type":"article","og_title":"Las lluvias pasaron de largo y contin\u00faan los d\u00edas primaverales - Informe Litoral","og_description":"Si bien hubo precipitaciones en algunos sectores, fueron escasas y no generalizadas. La temperatura baj\u00f3 unos grados pero el fin de semana har\u00e1 m\u00e1s calor. No hay lluvias de importancia a la vista hasta el lunes, inclusive.","og_url":"https:\/\/informelitoral.com.ar\/las-lluvias-pasaron-de-largo-y-continuan-los-dias-primaverales\/","og_site_name":"Informe Litoral","article_publisher":"https:\/\/www.facebook.com\/informelitoral\/","article_published_time":"2024-09-20T10:57:47+00:00","og_image":[{"width":960,"height":720,"url":"https:\/\/informelitoral.com.ar\/%77%70%2d%63%6f%6e%74%65%6e%74\/uploads\/2023\/10\/amanecer-despejado.jpg","type":"image\/jpeg"}],"author":"Gonzalo Schmidt","twitter_card":"summary_large_image","twitter_creator":"@InformeLitoral","twitter_site":"@InformeLitoral","twitter_misc":{"Escrito por":"Gonzalo Schmidt","Tiempo de lectura":"1 minuto"},"schema":{"@context":"https:\/\/schema.org","@graph":[{"@type":"Article","@id":"https:\/\/informelitoral.com.ar\/las-lluvias-pasaron-de-largo-y-continuan-los-dias-primaverales\/#article","isPartOf":{"@id":"https:\/\/informelitoral.com.ar\/las-lluvias-pasaron-de-largo-y-continuan-los-dias-primaverales\/"},"author":{"name":"Gonzalo Schmidt","@id":"https:\/\/informelitoral.com.ar\/#\/schema\/person\/b9d00407c836482871ef1d57bf8e3180"},"headline":"Las lluvias pasaron de largo y contin\u00faan los d\u00edas primaverales","datePublished":"2024-09-20T10:57:47+00:00","mainEntityOfPage":{"@id":"https:\/\/informelitoral.com.ar\/las-lluvias-pasaron-de-largo-y-continuan-los-dias-primaverales\/"},"wordCount":252,"commentCount":0,"publisher":{"@id":"https:\/\/informelitoral.com.ar\/#organization"},"image":{"@id":"https:\/\/informelitoral.com.ar\/las-lluvias-pasaron-de-largo-y-continuan-los-dias-primaverales\/#primaryimage"},"thumbnailUrl":"https:\/\/informelitoral.com.ar\/%77%70%2d%63%6f%6e%74%65%6e%74\/uploads\/2023\/10\/amanecer-despejado.jpg","keywords":["El tiempo"],"articleSection":["Entre R\u00edos"],"inLanguage":"es","potentialAction":[{"@type":"CommentAction","name":"Comment","target":["https:\/\/informelitoral.com.ar\/las-lluvias-pasaron-de-largo-y-continuan-los-dias-primaverales\/#respond"]}]},{"@type":"WebPage","@id":"https:\/\/informelitoral.com.ar\/las-lluvias-pasaron-de-largo-y-continuan-los-dias-primaverales\/","url":"https:\/\/informelitoral.com.ar\/las-lluvias-pasaron-de-largo-y-continuan-los-dias-primaverales\/","name":"Las lluvias pasaron de largo y contin\u00faan los d\u00edas primaverales - Informe Litoral","isPartOf":{"@id":"https:\/\/informelitoral.com.ar\/#website"},"primaryImageOfPage":{"@id":"https:\/\/informelitoral.com.ar\/las-lluvias-pasaron-de-largo-y-continuan-los-dias-primaverales\/#primaryimage"},"image":{"@id":"https:\/\/informelitoral.com.ar\/las-lluvias-pasaron-de-largo-y-continuan-los-dias-primaverales\/#primaryimage"},"thumbnailUrl":"https:\/\/informelitoral.com.ar\/%77%70%2d%63%6f%6e%74%65%6e%74\/uploads\/2023\/10\/amanecer-despejado.jpg","datePublished":"2024-09-20T10:57:47+00:00","breadcrumb":{"@id":"https:\/\/informelitoral.com.ar\/las-lluvias-pasaron-de-largo-y-continuan-los-dias-primaverales\/#breadcrumb"},"inLanguage":"es","potentialAction":[{"@type":"ReadAction","target":["https:\/\/informelitoral.com.ar\/las-lluvias-pasaron-de-largo-y-continuan-los-dias-primaverales\/"]}]},{"@type":"ImageObject","inLanguage":"es","@id":"https:\/\/informelitoral.com.ar\/las-lluvias-pasaron-de-largo-y-continuan-los-dias-primaverales\/#primaryimage","url":"https:\/\/informelitoral.com.ar\/%77%70%2d%63%6f%6e%74%65%6e%74\/uploads\/2023\/10\/amanecer-despejado.jpg","contentUrl":"https:\/\/informelitoral.com.ar\/%77%70%2d%63%6f%6e%74%65%6e%74\/uploads\/2023\/10\/amanecer-despejado.jpg","width":960,"height":720},{"@type":"BreadcrumbList","@id":"https:\/\/informelitoral.com.ar\/las-lluvias-pasaron-de-largo-y-continuan-los-dias-primaverales\/#breadcrumb","itemListElement":[{"@type":"ListItem","position":1,"name":"Portada","item":"https:\/\/informelitoral.com.ar\/"},{"@type":"ListItem","position":2,"name":"Las lluvias pasaron de largo y contin\u00faan los d\u00edas primaverales"}]},{"@type":"WebSite","@id":"https:\/\/informelitoral.com.ar\/#website","url":"https:\/\/informelitoral.com.ar\/","name":"Informe Litoral","description":"&quot;Nos informamos&quot; ","publisher":{"@id":"https:\/\/informelitoral.com.ar\/#organization"},"potentialAction":[{"@type":"SearchAction","target":{"@type":"EntryPoint","urlTemplate":"https:\/\/informelitoral.com.ar\/?s={search_term_string}"},"query-input":{"@type":"PropertyValueSpecification","valueRequired":true,"valueName":"search_term_string"}}],"inLanguage":"es"},{"@type":"Organization","@id":"https:\/\/informelitoral.com.ar\/#organization","name":"Informe Litoral","url":"https:\/\/informelitoral.com.ar\/","logo":{"@type":"ImageObject","inLanguage":"es","@id":"https:\/\/informelitoral.com.ar\/#\/schema\/logo\/image\/","url":"https:\/\/informelitoral.com.ar\/%77%70%2d%63%6f%6e%74%65%6e%74\/uploads\/2021\/01\/circulo.png","contentUrl":"https:\/\/informelitoral.com.ar\/%77%70%2d%63%6f%6e%74%65%6e%74\/uploads\/2021\/01\/circulo.png","width":723,"height":731,"caption":"Informe Litoral"},"image":{"@id":"https:\/\/informelitoral.com.ar\/#\/schema\/logo\/image\/"},"sameAs":["https:\/\/www.facebook.com\/informelitoral\/","https:\/\/x.com\/InformeLitoral","https:\/\/www.instagram.com\/informelitoral\/","https:\/\/www.youtube.com\/channel\/UCua4Qvz8Icb6MYqhoq9xLXw"]},{"@type":"Person","@id":"https:\/\/informelitoral.com.ar\/#\/schema\/person\/b9d00407c836482871ef1d57bf8e3180","name":"Gonzalo Schmidt","image":{"@type":"ImageObject","inLanguage":"es","@id":"https:\/\/secure.gravatar.com\/avatar\/31a1a7b66ff2de83bd0e9fd79d026630d2d99e55e8bfe501287647b4fd9743de?s=96&d=mm&r=g","url":"https:\/\/secure.gravatar.com\/avatar\/31a1a7b66ff2de83bd0e9fd79d026630d2d99e55e8bfe501287647b4fd9743de?s=96&d=mm&r=g","contentUrl":"https:\/\/secure.gravatar.com\/avatar\/31a1a7b66ff2de83bd0e9fd79d026630d2d99e55e8bfe501287647b4fd9743de?s=96&d=mm&r=g","caption":"Gonzalo Schmidt"},"description":"Sitio web de noticias de la provincia de Entre R\u00edos, Argentina. Informaci\u00f3n y entretenimiento. Informe Litoral, nos informamos.","sameAs":["http:\/\/www.isletasnoticias.com.ar"],"url":"https:\/\/informelitoral.com.ar\/author\/gonzalo\/"}]}},"_links":{"self":[{"href":"https:\/\/informelitoral.com.ar\/%77%70%2d%6a%73%6f%6e\/wp\/v2\/posts\/198469","targetHints":{"allow":["GET"]}}],"collection":[{"href":"https:\/\/informelitoral.com.ar\/%77%70%2d%6a%73%6f%6e\/wp\/v2\/posts"}],"about":[{"href":"https:\/\/informelitoral.com.ar\/%77%70%2d%6a%73%6f%6e\/wp\/v2\/types\/post"}],"author":[{"embeddable":true,"href":"https:\/\/informelitoral.com.ar\/%77%70%2d%6a%73%6f%6e\/wp\/v2\/users\/2"}],"replies":[{"embeddable":true,"href":"https:\/\/informelitoral.com.ar\/%77%70%2d%6a%73%6f%6e\/wp\/v2\/comments?post=198469"}],"version-history":[{"count":0,"href":"https:\/\/informelitoral.com.ar\/%77%70%2d%6a%73%6f%6e\/wp\/v2\/posts\/198469\/revisions"}],"wp:featuredmedia":[{"embeddable":true,"href":"https:\/\/informelitoral.com.ar\/%77%70%2d%6a%73%6f%6e\/wp\/v2\/media\/167686"}],"wp:attachment":[{"href":"https:\/\/informelitoral.com.ar\/%77%70%2d%6a%73%6f%6e\/wp\/v2\/media?parent=198469"}],"wp:term":[{"taxonomy":"category","embeddable":true,"href":"https:\/\/informelitoral.com.ar\/%77%70%2d%6a%73%6f%6e\/wp\/v2\/categories?post=198469"},{"taxonomy":"post_tag","embeddable":true,"href":"https:\/\/informelitoral.com.ar\/%77%70%2d%6a%73%6f%6e\/wp\/v2\/tags?post=198469"}],"curies":[{"name":"wp","href":"https:\/\/api.w.org\/{rel}","templated":true}]}}