{"id":198462,"date":"2024-09-19T15:47:32","date_gmt":"2024-09-19T18:47:32","guid":{"rendered":"https:\/\/www.informelitoral.com.ar\/?p=198462"},"modified":"2024-09-19T15:47:32","modified_gmt":"2024-09-19T18:47:32","slug":"continuan-abiertas-las-inscripciones-para-el-2o-concurso-nacional-de-quesos-manteca-y-dulce-de-leche","status":"publish","type":"post","link":"https:\/\/informelitoral.com.ar\/continuan-abiertas-las-inscripciones-para-el-2o-concurso-nacional-de-quesos-manteca-y-dulce-de-leche\/","title":{"rendered":"Contin\u00faan abiertas las inscripciones para el 2\u00ba concurso nacional de Quesos, Manteca y Dulce de Leche"},"content":{"rendered":"<p>Las empresas que deseen participar en el concurso, que se realizar\u00e1 en el Centro Provincial de Convenciones y el centro cultural y de convenciones La Vieja Usina de Paran\u00e1, deber\u00e1n completar el formulario de inscripci\u00f3n disponible en el sitio oficial.<\/p>\n<p>En el caso de los\u00a0<strong>quesos<\/strong>, las categor\u00edas en competencia son:<br \/>\nBlandos: Cuartirolo, Cremoso, Por Salut y sus versiones magros, light, sin sal.<br \/>\nSemiduros sin ojos: Tybo, Danbo, Gouda, Edam, Raclette, Morbier, y sus versiones light, reducidos o sin sal.<br \/>\nSemiduros con ojos: Holanda, Pategr\u00e1s, Fontina, Colonia, Gruyere, Emmental.<br \/>\nDuros, subcategor\u00eda A: Sardo, Romano, Goya, Provolone.<br \/>\nDuros, subcategor\u00eda B: Sbrinz, Reggianito, Reggiano, Parmesano, Cheddar.<br \/>\nPasta Hilada, subcategor\u00eda A: Mozzarella para pizza.<br \/>\nPasta Hilada, subcategor\u00eda B: Provoleta, Provolone Hilado.<br \/>\nPasta Hilada, subcategor\u00eda C: Mozzarella fresca, Boconccino, Polpetta, Scamorza, Foglia, Stracciatella, Burrata.<br \/>\nCon Mohos Internos: Azul.<br \/>\nCon Mohos Externos: Camembert, Brie, otros de corteza enmohecida.<br \/>\nSaborizados o Especiados.<br \/>\nElaborados con leches especiales (oveja, cabra, b\u00fafala, mezclas).<br \/>\nReprocesados o Fundidos.<br \/>\nNo tipificados: aquellos quesos que no est\u00e9n enmarcados como tal dentro del C\u00f3digo Alimentario Argentino.<\/p>\n<p>En relaci\u00f3n a la\u00a0<strong>manteca<\/strong>, la categor\u00eda es \u00fanica: Calidad Extra.<\/p>\n<p>Y en el caso del\u00a0<strong>dulce de leche<\/strong>, las categor\u00edas son dos: Familiar y Repostero.<\/p>\n<p><strong>Jurado de excelencia<\/strong><\/p>\n<p>La reconocida experta internacional Elena \u00abBetty\u00bb Coste ser\u00e1 la coordinadora de un equipo de jurados de destacada trayectoria acad\u00e9mica y profesional que por primera vez se completar\u00e1 con personalidades de Uruguay, Chile, Ecuador y Colombia. Coste es doctora en Tecnolog\u00eda de Alimentos e ingeniera zootecnista, adem\u00e1s de docente universitaria, comunicadora y asesora de contenidos relacionados con el producto. En 2019 fund\u00f3, junto a su socio Quesarte, un espacio dedicado a difundir la cultura quesera.<\/p>\n<p>Tambi\u00e9n es la creadora y coordinadora general de la primera Diplomatura Fromagerie en la Universidad Nacional de Entre R\u00edos, y de la Diplomatura en An\u00e1lisis Sensorial de la Facultad de Agronom\u00eda de la UBA, as\u00ed como jueza internacional de cata de quesos y la primera argentina en integrar el jurado de los World Cheese Awards.<\/p>\n<p>El evento es organizado por la Regi\u00f3n Centro a trav\u00e9s de los ministerios de Desarrollo Econ\u00f3mico de Entre R\u00edos, de Producci\u00f3n de Santa Fe y de Bio agroindustria de C\u00f3rdoba, en alianza estrat\u00e9gica con el Ente Regi\u00f3n Centro e Integraci\u00f3n Regional, la Escuela Superior Integral de Lecher\u00eda de Villa Mar\u00eda (ESIL) y la Asociaci\u00f3n de Peque\u00f1as y Medianas Empresas L\u00e1cteas (Apymel) y el Consejo Federal de Inversiones (CFI).<\/p>\n<blockquote class=\"wp-embedded-content\" data-secret=\"BjIY2fQZFO\"><p><a href=\"https:\/\/concursoargentinoquesosyotros.com.ar\/inscripciones\/\">Inscripciones<\/a><\/p><\/blockquote>\n<p><iframe loading=\"lazy\" class=\"wp-embedded-content\" sandbox=\"allow-scripts\" security=\"restricted\" style=\"position: absolute; visibility: hidden;\" title=\"\u00abInscripciones\u00bb \u2014 2\u00b0 Concurso Nacional de Quesos, Manteca y Dulce de Leche de la Regi\u00f3n Centro\" src=\"https:\/\/concursoargentinoquesosyotros.com.ar\/inscripciones\/embed\/#?secret=2IPz8LFsZP#?secret=BjIY2fQZFO\" data-secret=\"BjIY2fQZFO\" width=\"600\" height=\"338\" frameborder=\"0\" marginwidth=\"0\" marginheight=\"0\" scrolling=\"no\"><\/iframe><\/p>\n","protected":false},"excerpt":{"rendered":"<p>Hasta el 30 de septiembre las peque\u00f1as y medianas empresas l\u00e1cteas nacionales pueden inscribirse para participar del certamen que este a\u00f1o tendr\u00e1 lugar en la capital entrerriana. La competencia se desarrollar\u00e1 del 14 al 16 de octubre. Esta edici\u00f3n incluir\u00e1 importantes capacitaciones, reuniones sectoriales, espacio para empresas, feria de escuelas agro-t\u00e9cnicas, competencia de saberes l\u00e1cteos, entre otras acciones abiertas para el disfrute del p\u00fablico.<\/p>\n","protected":false},"author":8,"featured_media":198463,"comment_status":"open","ping_status":"open","sticky":false,"template":"","format":"standard","meta":{"fifu_image_url":"","fifu_image_alt":"","footnotes":""},"categories":[9],"tags":[],"class_list":{"0":"post-198462","1":"post","2":"type-post","3":"status-publish","4":"format-standard","5":"has-post-thumbnail","7":"category-sociedad"},"yoast_head":"<title>Contin\u00faan abiertas las inscripciones para el 2\u00ba concurso nacional de Quesos, Manteca y Dulce de Leche - Informe Litoral<\/title>\n<meta name=\"robots\" content=\"index, follow, max-snippet:-1, max-image-preview:large, max-video-preview:-1\" \/>\n<link rel=\"canonical\" href=\"https:\/\/informelitoral.com.ar\/continuan-abiertas-las-inscripciones-para-el-2o-concurso-nacional-de-quesos-manteca-y-dulce-de-leche\/\" \/>\n<meta property=\"og:locale\" content=\"es_ES\" \/>\n<meta property=\"og:type\" content=\"article\" \/>\n<meta property=\"og:title\" content=\"Contin\u00faan abiertas las inscripciones para el 2\u00ba concurso nacional de Quesos, Manteca y Dulce de Leche - Informe Litoral\" \/>\n<meta property=\"og:description\" content=\"Hasta el 30 de septiembre las peque\u00f1as y medianas empresas l\u00e1cteas nacionales pueden inscribirse para participar del certamen que este a\u00f1o tendr\u00e1 lugar en la capital entrerriana. La competencia se desarrollar\u00e1 del 14 al 16 de octubre. Esta edici\u00f3n incluir\u00e1 importantes capacitaciones, reuniones sectoriales, espacio para empresas, feria de escuelas agro-t\u00e9cnicas, competencia de saberes l\u00e1cteos, entre otras acciones abiertas para el disfrute del p\u00fablico.\" \/>\n<meta property=\"og:url\" content=\"https:\/\/informelitoral.com.ar\/continuan-abiertas-las-inscripciones-para-el-2o-concurso-nacional-de-quesos-manteca-y-dulce-de-leche\/\" \/>\n<meta property=\"og:site_name\" content=\"Informe Litoral\" \/>\n<meta property=\"article:publisher\" content=\"https:\/\/www.facebook.com\/informelitoral\/\" \/>\n<meta property=\"article:published_time\" content=\"2024-09-19T18:47:32+00:00\" \/>\n<meta property=\"og:image\" content=\"https:\/\/informelitoral.com.ar\/%77%70%2d%63%6f%6e%74%65%6e%74\/uploads\/2024\/09\/foto-adaptada.png\" \/>\n\t<meta property=\"og:image:width\" content=\"1920\" \/>\n\t<meta property=\"og:image:height\" content=\"1280\" \/>\n\t<meta property=\"og:image:type\" content=\"image\/png\" \/>\n<meta name=\"author\" content=\"Sebastian\" \/>\n<meta name=\"twitter:card\" content=\"summary_large_image\" \/>\n<meta name=\"twitter:creator\" content=\"@InformeLitoral\" \/>\n<meta name=\"twitter:site\" content=\"@InformeLitoral\" \/>\n<meta name=\"twitter:label1\" content=\"Escrito por\" \/>\n\t<meta name=\"twitter:data1\" content=\"Sebastian\" \/>\n\t<meta name=\"twitter:label2\" content=\"Tiempo de lectura\" \/>\n\t<meta name=\"twitter:data2\" content=\"2 minutos\" \/>\n<script type=\"application\/ld+json\" class=\"yoast-schema-graph\">{\"@context\":\"https:\\\/\\\/schema.org\",\"@graph\":[{\"@type\":\"Article\",\"@id\":\"https:\\\/\\\/informelitoral.com.ar\\\/continuan-abiertas-las-inscripciones-para-el-2o-concurso-nacional-de-quesos-manteca-y-dulce-de-leche\\\/#article\",\"isPartOf\":{\"@id\":\"https:\\\/\\\/informelitoral.com.ar\\\/continuan-abiertas-las-inscripciones-para-el-2o-concurso-nacional-de-quesos-manteca-y-dulce-de-leche\\\/\"},\"author\":{\"name\":\"Sebastian\",\"@id\":\"https:\\\/\\\/informelitoral.com.ar\\\/#\\\/schema\\\/person\\\/f05f9f461677119578717524b127d6d5\"},\"headline\":\"Contin\u00faan abiertas las inscripciones para el 2\u00ba concurso nacional de Quesos, Manteca y Dulce de Leche\",\"datePublished\":\"2024-09-19T18:47:32+00:00\",\"mainEntityOfPage\":{\"@id\":\"https:\\\/\\\/informelitoral.com.ar\\\/continuan-abiertas-las-inscripciones-para-el-2o-concurso-nacional-de-quesos-manteca-y-dulce-de-leche\\\/\"},\"wordCount\":454,\"commentCount\":0,\"publisher\":{\"@id\":\"https:\\\/\\\/informelitoral.com.ar\\\/#organization\"},\"image\":{\"@id\":\"https:\\\/\\\/informelitoral.com.ar\\\/continuan-abiertas-las-inscripciones-para-el-2o-concurso-nacional-de-quesos-manteca-y-dulce-de-leche\\\/#primaryimage\"},\"thumbnailUrl\":\"https:\\\/\\\/informelitoral.com.ar\\\/%77%70%2d%63%6f%6e%74%65%6e%74\\\/uploads\\\/2024\\\/09\\\/foto-adaptada.png\",\"articleSection\":[\"Sociedad\"],\"inLanguage\":\"es\",\"potentialAction\":[{\"@type\":\"CommentAction\",\"name\":\"Comment\",\"target\":[\"https:\\\/\\\/informelitoral.com.ar\\\/continuan-abiertas-las-inscripciones-para-el-2o-concurso-nacional-de-quesos-manteca-y-dulce-de-leche\\\/#respond\"]}]},{\"@type\":\"WebPage\",\"@id\":\"https:\\\/\\\/informelitoral.com.ar\\\/continuan-abiertas-las-inscripciones-para-el-2o-concurso-nacional-de-quesos-manteca-y-dulce-de-leche\\\/\",\"url\":\"https:\\\/\\\/informelitoral.com.ar\\\/continuan-abiertas-las-inscripciones-para-el-2o-concurso-nacional-de-quesos-manteca-y-dulce-de-leche\\\/\",\"name\":\"Contin\u00faan abiertas las inscripciones para el 2\u00ba concurso nacional de Quesos, Manteca y Dulce de Leche - Informe Litoral\",\"isPartOf\":{\"@id\":\"https:\\\/\\\/informelitoral.com.ar\\\/#website\"},\"primaryImageOfPage\":{\"@id\":\"https:\\\/\\\/informelitoral.com.ar\\\/continuan-abiertas-las-inscripciones-para-el-2o-concurso-nacional-de-quesos-manteca-y-dulce-de-leche\\\/#primaryimage\"},\"image\":{\"@id\":\"https:\\\/\\\/informelitoral.com.ar\\\/continuan-abiertas-las-inscripciones-para-el-2o-concurso-nacional-de-quesos-manteca-y-dulce-de-leche\\\/#primaryimage\"},\"thumbnailUrl\":\"https:\\\/\\\/informelitoral.com.ar\\\/%77%70%2d%63%6f%6e%74%65%6e%74\\\/uploads\\\/2024\\\/09\\\/foto-adaptada.png\",\"datePublished\":\"2024-09-19T18:47:32+00:00\",\"breadcrumb\":{\"@id\":\"https:\\\/\\\/informelitoral.com.ar\\\/continuan-abiertas-las-inscripciones-para-el-2o-concurso-nacional-de-quesos-manteca-y-dulce-de-leche\\\/#breadcrumb\"},\"inLanguage\":\"es\",\"potentialAction\":[{\"@type\":\"ReadAction\",\"target\":[\"https:\\\/\\\/informelitoral.com.ar\\\/continuan-abiertas-las-inscripciones-para-el-2o-concurso-nacional-de-quesos-manteca-y-dulce-de-leche\\\/\"]}]},{\"@type\":\"ImageObject\",\"inLanguage\":\"es\",\"@id\":\"https:\\\/\\\/informelitoral.com.ar\\\/continuan-abiertas-las-inscripciones-para-el-2o-concurso-nacional-de-quesos-manteca-y-dulce-de-leche\\\/#primaryimage\",\"url\":\"https:\\\/\\\/informelitoral.com.ar\\\/%77%70%2d%63%6f%6e%74%65%6e%74\\\/uploads\\\/2024\\\/09\\\/foto-adaptada.png\",\"contentUrl\":\"https:\\\/\\\/informelitoral.com.ar\\\/%77%70%2d%63%6f%6e%74%65%6e%74\\\/uploads\\\/2024\\\/09\\\/foto-adaptada.png\",\"width\":1920,\"height\":1280},{\"@type\":\"BreadcrumbList\",\"@id\":\"https:\\\/\\\/informelitoral.com.ar\\\/continuan-abiertas-las-inscripciones-para-el-2o-concurso-nacional-de-quesos-manteca-y-dulce-de-leche\\\/#breadcrumb\",\"itemListElement\":[{\"@type\":\"ListItem\",\"position\":1,\"name\":\"Portada\",\"item\":\"https:\\\/\\\/informelitoral.com.ar\\\/\"},{\"@type\":\"ListItem\",\"position\":2,\"name\":\"Contin\u00faan abiertas las inscripciones para el 2\u00ba concurso nacional de Quesos, Manteca y Dulce de Leche\"}]},{\"@type\":\"WebSite\",\"@id\":\"https:\\\/\\\/informelitoral.com.ar\\\/#website\",\"url\":\"https:\\\/\\\/informelitoral.com.ar\\\/\",\"name\":\"Informe Litoral\",\"description\":\"&quot;Nos informamos&quot; \",\"publisher\":{\"@id\":\"https:\\\/\\\/informelitoral.com.ar\\\/#organization\"},\"potentialAction\":[{\"@type\":\"SearchAction\",\"target\":{\"@type\":\"EntryPoint\",\"urlTemplate\":\"https:\\\/\\\/informelitoral.com.ar\\\/?s={search_term_string}\"},\"query-input\":{\"@type\":\"PropertyValueSpecification\",\"valueRequired\":true,\"valueName\":\"search_term_string\"}}],\"inLanguage\":\"es\"},{\"@type\":\"Organization\",\"@id\":\"https:\\\/\\\/informelitoral.com.ar\\\/#organization\",\"name\":\"Informe Litoral\",\"url\":\"https:\\\/\\\/informelitoral.com.ar\\\/\",\"logo\":{\"@type\":\"ImageObject\",\"inLanguage\":\"es\",\"@id\":\"https:\\\/\\\/informelitoral.com.ar\\\/#\\\/schema\\\/logo\\\/image\\\/\",\"url\":\"https:\\\/\\\/informelitoral.com.ar\\\/%77%70%2d%63%6f%6e%74%65%6e%74\\\/uploads\\\/2021\\\/01\\\/circulo.png\",\"contentUrl\":\"https:\\\/\\\/informelitoral.com.ar\\\/%77%70%2d%63%6f%6e%74%65%6e%74\\\/uploads\\\/2021\\\/01\\\/circulo.png\",\"width\":723,\"height\":731,\"caption\":\"Informe Litoral\"},\"image\":{\"@id\":\"https:\\\/\\\/informelitoral.com.ar\\\/#\\\/schema\\\/logo\\\/image\\\/\"},\"sameAs\":[\"https:\\\/\\\/www.facebook.com\\\/informelitoral\\\/\",\"https:\\\/\\\/x.com\\\/InformeLitoral\",\"https:\\\/\\\/www.instagram.com\\\/informelitoral\\\/\",\"https:\\\/\\\/www.youtube.com\\\/channel\\\/UCua4Qvz8Icb6MYqhoq9xLXw\"]},{\"@type\":\"Person\",\"@id\":\"https:\\\/\\\/informelitoral.com.ar\\\/#\\\/schema\\\/person\\\/f05f9f461677119578717524b127d6d5\",\"name\":\"Sebastian\",\"image\":{\"@type\":\"ImageObject\",\"inLanguage\":\"es\",\"@id\":\"https:\\\/\\\/secure.gravatar.com\\\/avatar\\\/b71bf7481d447dfb9583c7f2798e7cc64de6efb9067b74633ed8c31059a3bd82?s=96&d=mm&r=g\",\"url\":\"https:\\\/\\\/secure.gravatar.com\\\/avatar\\\/b71bf7481d447dfb9583c7f2798e7cc64de6efb9067b74633ed8c31059a3bd82?s=96&d=mm&r=g\",\"contentUrl\":\"https:\\\/\\\/secure.gravatar.com\\\/avatar\\\/b71bf7481d447dfb9583c7f2798e7cc64de6efb9067b74633ed8c31059a3bd82?s=96&d=mm&r=g\",\"caption\":\"Sebastian\"},\"url\":\"https:\\\/\\\/informelitoral.com.ar\\\/author\\\/sebastian\\\/\"}]}<\/script>","yoast_head_json":{"title":"Contin\u00faan abiertas las inscripciones para el 2\u00ba concurso nacional de Quesos, Manteca y Dulce de Leche - Informe Litoral","robots":{"index":"index","follow":"follow","max-snippet":"max-snippet:-1","max-image-preview":"max-image-preview:large","max-video-preview":"max-video-preview:-1"},"canonical":"https:\/\/informelitoral.com.ar\/continuan-abiertas-las-inscripciones-para-el-2o-concurso-nacional-de-quesos-manteca-y-dulce-de-leche\/","og_locale":"es_ES","og_type":"article","og_title":"Contin\u00faan abiertas las inscripciones para el 2\u00ba concurso nacional de Quesos, Manteca y Dulce de Leche - Informe Litoral","og_description":"Hasta el 30 de septiembre las peque\u00f1as y medianas empresas l\u00e1cteas nacionales pueden inscribirse para participar del certamen que este a\u00f1o tendr\u00e1 lugar en la capital entrerriana. La competencia se desarrollar\u00e1 del 14 al 16 de octubre. Esta edici\u00f3n incluir\u00e1 importantes capacitaciones, reuniones sectoriales, espacio para empresas, feria de escuelas agro-t\u00e9cnicas, competencia de saberes l\u00e1cteos, entre otras acciones abiertas para el disfrute del p\u00fablico.","og_url":"https:\/\/informelitoral.com.ar\/continuan-abiertas-las-inscripciones-para-el-2o-concurso-nacional-de-quesos-manteca-y-dulce-de-leche\/","og_site_name":"Informe Litoral","article_publisher":"https:\/\/www.facebook.com\/informelitoral\/","article_published_time":"2024-09-19T18:47:32+00:00","og_image":[{"width":1920,"height":1280,"url":"https:\/\/informelitoral.com.ar\/%77%70%2d%63%6f%6e%74%65%6e%74\/uploads\/2024\/09\/foto-adaptada.png","type":"image\/png"}],"author":"Sebastian","twitter_card":"summary_large_image","twitter_creator":"@InformeLitoral","twitter_site":"@InformeLitoral","twitter_misc":{"Escrito por":"Sebastian","Tiempo de lectura":"2 minutos"},"schema":{"@context":"https:\/\/schema.org","@graph":[{"@type":"Article","@id":"https:\/\/informelitoral.com.ar\/continuan-abiertas-las-inscripciones-para-el-2o-concurso-nacional-de-quesos-manteca-y-dulce-de-leche\/#article","isPartOf":{"@id":"https:\/\/informelitoral.com.ar\/continuan-abiertas-las-inscripciones-para-el-2o-concurso-nacional-de-quesos-manteca-y-dulce-de-leche\/"},"author":{"name":"Sebastian","@id":"https:\/\/informelitoral.com.ar\/#\/schema\/person\/f05f9f461677119578717524b127d6d5"},"headline":"Contin\u00faan abiertas las inscripciones para el 2\u00ba concurso nacional de Quesos, Manteca y Dulce de Leche","datePublished":"2024-09-19T18:47:32+00:00","mainEntityOfPage":{"@id":"https:\/\/informelitoral.com.ar\/continuan-abiertas-las-inscripciones-para-el-2o-concurso-nacional-de-quesos-manteca-y-dulce-de-leche\/"},"wordCount":454,"commentCount":0,"publisher":{"@id":"https:\/\/informelitoral.com.ar\/#organization"},"image":{"@id":"https:\/\/informelitoral.com.ar\/continuan-abiertas-las-inscripciones-para-el-2o-concurso-nacional-de-quesos-manteca-y-dulce-de-leche\/#primaryimage"},"thumbnailUrl":"https:\/\/informelitoral.com.ar\/%77%70%2d%63%6f%6e%74%65%6e%74\/uploads\/2024\/09\/foto-adaptada.png","articleSection":["Sociedad"],"inLanguage":"es","potentialAction":[{"@type":"CommentAction","name":"Comment","target":["https:\/\/informelitoral.com.ar\/continuan-abiertas-las-inscripciones-para-el-2o-concurso-nacional-de-quesos-manteca-y-dulce-de-leche\/#respond"]}]},{"@type":"WebPage","@id":"https:\/\/informelitoral.com.ar\/continuan-abiertas-las-inscripciones-para-el-2o-concurso-nacional-de-quesos-manteca-y-dulce-de-leche\/","url":"https:\/\/informelitoral.com.ar\/continuan-abiertas-las-inscripciones-para-el-2o-concurso-nacional-de-quesos-manteca-y-dulce-de-leche\/","name":"Contin\u00faan abiertas las inscripciones para el 2\u00ba concurso nacional de Quesos, Manteca y Dulce de Leche - Informe Litoral","isPartOf":{"@id":"https:\/\/informelitoral.com.ar\/#website"},"primaryImageOfPage":{"@id":"https:\/\/informelitoral.com.ar\/continuan-abiertas-las-inscripciones-para-el-2o-concurso-nacional-de-quesos-manteca-y-dulce-de-leche\/#primaryimage"},"image":{"@id":"https:\/\/informelitoral.com.ar\/continuan-abiertas-las-inscripciones-para-el-2o-concurso-nacional-de-quesos-manteca-y-dulce-de-leche\/#primaryimage"},"thumbnailUrl":"https:\/\/informelitoral.com.ar\/%77%70%2d%63%6f%6e%74%65%6e%74\/uploads\/2024\/09\/foto-adaptada.png","datePublished":"2024-09-19T18:47:32+00:00","breadcrumb":{"@id":"https:\/\/informelitoral.com.ar\/continuan-abiertas-las-inscripciones-para-el-2o-concurso-nacional-de-quesos-manteca-y-dulce-de-leche\/#breadcrumb"},"inLanguage":"es","potentialAction":[{"@type":"ReadAction","target":["https:\/\/informelitoral.com.ar\/continuan-abiertas-las-inscripciones-para-el-2o-concurso-nacional-de-quesos-manteca-y-dulce-de-leche\/"]}]},{"@type":"ImageObject","inLanguage":"es","@id":"https:\/\/informelitoral.com.ar\/continuan-abiertas-las-inscripciones-para-el-2o-concurso-nacional-de-quesos-manteca-y-dulce-de-leche\/#primaryimage","url":"https:\/\/informelitoral.com.ar\/%77%70%2d%63%6f%6e%74%65%6e%74\/uploads\/2024\/09\/foto-adaptada.png","contentUrl":"https:\/\/informelitoral.com.ar\/%77%70%2d%63%6f%6e%74%65%6e%74\/uploads\/2024\/09\/foto-adaptada.png","width":1920,"height":1280},{"@type":"BreadcrumbList","@id":"https:\/\/informelitoral.com.ar\/continuan-abiertas-las-inscripciones-para-el-2o-concurso-nacional-de-quesos-manteca-y-dulce-de-leche\/#breadcrumb","itemListElement":[{"@type":"ListItem","position":1,"name":"Portada","item":"https:\/\/informelitoral.com.ar\/"},{"@type":"ListItem","position":2,"name":"Contin\u00faan abiertas las inscripciones para el 2\u00ba concurso nacional de Quesos, Manteca y Dulce de Leche"}]},{"@type":"WebSite","@id":"https:\/\/informelitoral.com.ar\/#website","url":"https:\/\/informelitoral.com.ar\/","name":"Informe Litoral","description":"&quot;Nos informamos&quot; ","publisher":{"@id":"https:\/\/informelitoral.com.ar\/#organization"},"potentialAction":[{"@type":"SearchAction","target":{"@type":"EntryPoint","urlTemplate":"https:\/\/informelitoral.com.ar\/?s={search_term_string}"},"query-input":{"@type":"PropertyValueSpecification","valueRequired":true,"valueName":"search_term_string"}}],"inLanguage":"es"},{"@type":"Organization","@id":"https:\/\/informelitoral.com.ar\/#organization","name":"Informe Litoral","url":"https:\/\/informelitoral.com.ar\/","logo":{"@type":"ImageObject","inLanguage":"es","@id":"https:\/\/informelitoral.com.ar\/#\/schema\/logo\/image\/","url":"https:\/\/informelitoral.com.ar\/%77%70%2d%63%6f%6e%74%65%6e%74\/uploads\/2021\/01\/circulo.png","contentUrl":"https:\/\/informelitoral.com.ar\/%77%70%2d%63%6f%6e%74%65%6e%74\/uploads\/2021\/01\/circulo.png","width":723,"height":731,"caption":"Informe Litoral"},"image":{"@id":"https:\/\/informelitoral.com.ar\/#\/schema\/logo\/image\/"},"sameAs":["https:\/\/www.facebook.com\/informelitoral\/","https:\/\/x.com\/InformeLitoral","https:\/\/www.instagram.com\/informelitoral\/","https:\/\/www.youtube.com\/channel\/UCua4Qvz8Icb6MYqhoq9xLXw"]},{"@type":"Person","@id":"https:\/\/informelitoral.com.ar\/#\/schema\/person\/f05f9f461677119578717524b127d6d5","name":"Sebastian","image":{"@type":"ImageObject","inLanguage":"es","@id":"https:\/\/secure.gravatar.com\/avatar\/b71bf7481d447dfb9583c7f2798e7cc64de6efb9067b74633ed8c31059a3bd82?s=96&d=mm&r=g","url":"https:\/\/secure.gravatar.com\/avatar\/b71bf7481d447dfb9583c7f2798e7cc64de6efb9067b74633ed8c31059a3bd82?s=96&d=mm&r=g","contentUrl":"https:\/\/secure.gravatar.com\/avatar\/b71bf7481d447dfb9583c7f2798e7cc64de6efb9067b74633ed8c31059a3bd82?s=96&d=mm&r=g","caption":"Sebastian"},"url":"https:\/\/informelitoral.com.ar\/author\/sebastian\/"}]}},"_links":{"self":[{"href":"https:\/\/informelitoral.com.ar\/%77%70%2d%6a%73%6f%6e\/wp\/v2\/posts\/198462","targetHints":{"allow":["GET"]}}],"collection":[{"href":"https:\/\/informelitoral.com.ar\/%77%70%2d%6a%73%6f%6e\/wp\/v2\/posts"}],"about":[{"href":"https:\/\/informelitoral.com.ar\/%77%70%2d%6a%73%6f%6e\/wp\/v2\/types\/post"}],"author":[{"embeddable":true,"href":"https:\/\/informelitoral.com.ar\/%77%70%2d%6a%73%6f%6e\/wp\/v2\/users\/8"}],"replies":[{"embeddable":true,"href":"https:\/\/informelitoral.com.ar\/%77%70%2d%6a%73%6f%6e\/wp\/v2\/comments?post=198462"}],"version-history":[{"count":0,"href":"https:\/\/informelitoral.com.ar\/%77%70%2d%6a%73%6f%6e\/wp\/v2\/posts\/198462\/revisions"}],"wp:featuredmedia":[{"embeddable":true,"href":"https:\/\/informelitoral.com.ar\/%77%70%2d%6a%73%6f%6e\/wp\/v2\/media\/198463"}],"wp:attachment":[{"href":"https:\/\/informelitoral.com.ar\/%77%70%2d%6a%73%6f%6e\/wp\/v2\/media?parent=198462"}],"wp:term":[{"taxonomy":"category","embeddable":true,"href":"https:\/\/informelitoral.com.ar\/%77%70%2d%6a%73%6f%6e\/wp\/v2\/categories?post=198462"},{"taxonomy":"post_tag","embeddable":true,"href":"https:\/\/informelitoral.com.ar\/%77%70%2d%6a%73%6f%6e\/wp\/v2\/tags?post=198462"}],"curies":[{"name":"wp","href":"https:\/\/api.w.org\/{rel}","templated":true}]}}