{"id":1984,"date":"2013-05-31T21:05:37","date_gmt":"2013-06-01T00:05:37","guid":{"rendered":"http:\/\/www.isletasnoticias.com.ar\/?p=1984"},"modified":"2013-05-31T21:05:37","modified_gmt":"2013-06-01T00:05:37","slug":"el-asfalto-entre-ramirez-y-aranguren-quedo-inaugurado","status":"publish","type":"post","link":"https:\/\/informelitoral.com.ar\/el-asfalto-entre-ramirez-y-aranguren-quedo-inaugurado\/","title":{"rendered":"El asfalto entre Ram\u00edrez y Aranguren qued\u00f3 inaugurado"},"content":{"rendered":"<div><strong>\u00a0 Casi 170 kil\u00f3metros de caminos rurales y el asfalto entre Ram\u00edrez y Aranguren quedaron inaugurados a trav\u00e9s de una videoconferencia entre la presidente <em>Cristina Fern\u00e1ndez<\/em> de Kirchner y el vicegobernador <em>Jos\u00e9 C\u00e1ceres<\/em>, que represent\u00f3 a <em>Sergio Urribarri<\/em> quien debi\u00f3 cumplir una agenda de trabajo en Buenos Aires. Las obras inauguradas demandaron una inversi\u00f3n de 260 millones de pesos. M\u00e1s de 400 establecimientos agropecuarios y 1000 familias rurales son benefi<strong>ciarios directos<\/strong><strong>.<\/strong><\/strong><\/div>\n<p><img loading=\"lazy\" decoding=\"async\" class=\"size-medium wp-image-1985 aligncenter\" alt=\"20130530ArangurenRamirez\" src=\"http:\/\/www.isletasnoticias.com.ar\/%77%70%2d%63%6f%6e%74%65%6e%74\/uploads\/2013\/05\/20130530ArangurenRamirez-300x199.jpg\" width=\"300\" height=\"199\" srcset=\"https:\/\/informelitoral.com.ar\/%77%70%2d%63%6f%6e%74%65%6e%74\/uploads\/2013\/05\/20130530ArangurenRamirez-300x199.jpg 300w, https:\/\/informelitoral.com.ar\/%77%70%2d%63%6f%6e%74%65%6e%74\/uploads\/2013\/05\/20130530ArangurenRamirez-1024x681.jpg 1024w\" sizes=\"auto, (max-width: 300px) 100vw, 300px\" \/><\/p>\n<div>El vicegobernador, acompa\u00f1ado por el intendente<strong>\u00a0Eduardo Tessore<\/strong> y el titular del Prosap, <strong>Jorge Neme<\/strong>, entre otras autoridades, se comunic\u00f3 desde Aranguren con la Jefa de Estado para dejar formalmente habilitados los siete tramos de mejoramiento de caminos en \u00e1reas rurales productivas (zona VII) financiados por el Programa de Servicios Agr\u00edcolas Provinciales (Prosap). Beneficiar\u00e1 a productores dedicados a la avicultura, agricultura y producci\u00f3n de cerdos.<\/div>\n<div>\n<p>Luego de comunicarle los detalles de la obra, C\u00e1ceres destac\u00f3 que \u201cnuestro gobierno siempre trabaja conjuntamente con vuestro gobierno nacional\u201d. Valor\u00f3 el \u201caporte para el sector de la producci\u00f3n citr\u00edcola y arrocera que tantos puestos de\u00a0trabajo significan para nuestra provincia\u201d.<\/p>\n<p>\u201cCristina, hace cinco a\u00f1os vivimos momentos de mucha intolerancia por esta zona y gracias al trabajo constante, al amor de nuestro pueblo, a su gesti\u00f3n, a su pol\u00edtica, a no bajar los brazos, a tener un gobernador como el Pato Urribarri, que supo tener la fidelidad necesaria para acompa\u00f1ar el proyecto nacional de inclusi\u00f3n y crecimiento, pudimos salir adelante\u201d, record\u00f3 el vicegobernador.<\/p>\n<p>En ese sentido, sostuvo que \u201ccuando usted presidenta nos regalaba el 25 de mayo ese mensaje, record\u00e1ndolo a Per\u00f3n, a Evita, la reivindicaci\u00f3n de\u00a0los trabajadores, los presidentes m\u00e1s injuriados de la historia pol\u00edtica argentina. Pas\u00f3 lo mismo con nuestro gobernador aqu\u00ed en la provincia y, sin embargo, fue el que gan\u00f3 con la mayor cantidad de votos en la historia pol\u00edtica entrerriana, como lo hizo usted\u201d.<\/p>\n<p>\u201cPor eso, hoy la tolerancia es la que nos ayuda a salvar este momento. El pueblo tiene el poder y no dar\u00e1 marcha atr\u00e1s en su reivindicaci\u00f3n\u201d, subray\u00f3 C\u00e1ceres.<\/p>\n<\/div>\n<p>Por otro lado, le coment\u00f3 a la Presidente que el intendente de Aranguren, Eduardo Tessore no pertenece al partido justicialista (es vecinalista), pero \u201cest\u00e1 acompa\u00f1ando al gobernador y a su gesti\u00f3n Cristina, como ha decidido usted, abriles los brazos a quienes quieran integrar este proyecto nacional y popular\u201d, reafirm\u00f3.<\/p>\n<p><strong>El testimonio de Alejandra<\/strong><\/p>\n<p>\u201cAntes cuando se enfermaba uno de mis nenes ten\u00eda que salir descalza para llegar a la sala de Salud porque los remises no entraban, y al entrar ten\u00eda que pedir disculpas a la enfermera porque le embarraba todo. En cambio ahora, si mi hijo est\u00e1 enfermo llam\u00f3 al remis y llega hasta la puerta de mi casa\u201d, relat\u00f3 Alejandra a la presidente, al hacer referencia a la obra de pavimento entre Ram\u00edrez y Aranguren.<\/p>\n<p>\u201cHoy mis hijos pueden ir a la escuela cuando llueve, antes ten\u00edan que faltar porque era todo barro, y hoy eso ya no pasa m\u00e1s. Esto es algo hermoso\u201d, remarc\u00f3. Cristina asinti\u00f3 y se emocion\u00f3.<\/p>\n<p>La mandataria le contest\u00f3: \u201cQuedate tranquila, ilustraste tan bien con un ejemplo, que Dios m\u00edo, la verdad que te agradezco mucho. Con la simpleza pero con la claridad que tiene el pueblo. Gracias, un abrazo grande a tu familia\u201d.<\/p>\n<p><strong>Un orgullo<\/strong><\/p>\n<p>El intendente de Aranguren, <strong>Eduardo Tessore<\/strong>, dijo que pese a no ser \u201cdel palo\u201d tambi\u00e9n abraza \u201cesta causa nacional y popular\u201d. \u201cPara mi es un honor inaugurar este camino. Nunca pens\u00e9 que iba hacerlo con la presidenta, as\u00ed que es hoy un orgullo\u00a0estar aqu\u00ed reunido con mi comunidad\u201d.<\/p>\n<p>\u201cUsted nos ha revolucionado, ente a darnos su apoyo. Y aprovecho para invitarla a que alg\u00fan d\u00eda venga a nuestro pueblo de 3.000 habitantes, que si bien es peque\u00f1o es muy productivo, trabajador y con un coraz\u00f3n abierto, deseosos de que venga a visitarnos\u201d,indic\u00f3 .<\/p>\n<p>Y complet\u00f3: \u201cQuiero decirle gracias por este camino, que Dios la bendiga y que siga fuerte manejando este pa\u00eds\u201d.<\/p>\n<p>\u201cVoy a ir. Sab\u00e9s por qu\u00e9? Porque estoy acostumbrada, tambi\u00e9n vengo del sur, vengo de pueblos muy chiquitos. Pero no hay pueblos chiquitos ni pueblos grandes, hay siempre pueblos, y en un lugar as\u00ed hayan 10 personas, all\u00ed se va ir a apoyar, as\u00ed que no hay pueblos grandes ni chicos, al contrario, all\u00ed vamos a estar, seguramente. Gracias, un beso\u201d,respondi\u00f3 la presidente.<\/p>\n<p><strong>Objetivo de las obras<\/strong><\/p>\n<p>El objetivo de las obras en la zona VII del Prosap es el incremento de la producci\u00f3n agropecuaria tanto en cantidad como en calidad, y diversificaci\u00f3n para asegurar la transitabilidad permanente de las v\u00edas de acceso a los establecimiento agr\u00edcolas productivos y su comunicaci\u00f3n con centros comerciales e industriales, mediante obras de mejorado y\/o asfaltado de la carpeta de rodamiento de las mismas.<\/p>\n<p>Un aumento sostenido en nuevas inversiones en el sector, tanto en incremento de las actuales como en nuevas inversiones para diversificar. Seg\u00fan relevamientos, m\u00e1s de 3000 personas residentes, 800 trabajadores permanentes, 1000 viviendas y 700 establecimientos agropecuarios productivos, son beneficiarios directos del proyecto.<\/p>\n<p>Esto involucra, adem\u00e1s, en el \u00e1rea de influencia de las trazas, a ejidos de cinco poblaciones de importancia, como La Paz, San Jos\u00e9 de Feliciano, Conscripto Bernardi, Aranguren y Ram\u00edrez. En forma indirecta se favorecer\u00e1n otros productores agropecuarios, residentes rurales y de comunas que se encuentran ubicados en la zona de influencia de la traza de los caminos mejorados.<\/p>\n<p><strong>Autoridades<\/strong><\/p>\n<p><strong>\u00a0<\/strong>Acompa\u00f1aron al vicegobernador, el intendente de Aranguren, <strong>Eduardo Tessore<\/strong>; el secretario de Coordinaci\u00f3n Pol\u00edtico-Institucional y Emergencia Agropecuaria, <strong>Haroldo Lebed<\/strong>; el coordinador Ejecutivo del Prosap, <strong>Jorge Neme<\/strong>; el senador <strong>Daniel Kramer<\/strong>; el diputado<strong> Rub\u00e9n Almara<\/strong>, los ministros de Producci\u00f3n, <strong>Roberto Schunk,<\/strong>\u00a0de Planeamiento, <strong>Juan Javier Garc\u00eda <\/strong>y<strong>\u00a0<\/strong>de Trabajo, <strong>Guillermo Smaldone.<\/strong><\/p>\n","protected":false},"excerpt":{"rendered":"<p>&nbsp; Casi 170 kil&oacute;metros de caminos rurales y el asfalto entre Ram&iacute;rez y Aranguren quedaron inaugurados a trav&eacute;s de una videoconferencia entre la presidente Cristina Fern&aacute;ndez de Kirchner y el vicegobernador Jos&eacute; C&aacute;ceres, que represent&oacute; a Sergio Urribarri quien debi&oacute; cumplir una agenda de trabajo en Buenos Aires. Las obras inauguradas demandaron una inversi&oacute;n de [&hellip;]<\/p>\n","protected":false},"author":2,"featured_media":0,"comment_status":"open","ping_status":"open","sticky":false,"template":"","format":"standard","meta":{"fifu_image_url":"","fifu_image_alt":"","footnotes":""},"categories":[5,6,16],"tags":[],"class_list":{"0":"post-1984","1":"post","2":"type-post","3":"status-publish","4":"format-standard","6":"category-zonales","7":"category-entre-rios","8":"category-politi"},"yoast_head":"<title>El asfalto entre Ram\u00edrez y Aranguren qued\u00f3 inaugurado - Informe Litoral<\/title>\n<meta name=\"robots\" content=\"index, follow, max-snippet:-1, max-image-preview:large, max-video-preview:-1\" \/>\n<link rel=\"canonical\" href=\"https:\/\/informelitoral.com.ar\/el-asfalto-entre-ramirez-y-aranguren-quedo-inaugurado\/\" \/>\n<meta property=\"og:locale\" content=\"es_ES\" \/>\n<meta property=\"og:type\" content=\"article\" \/>\n<meta property=\"og:title\" content=\"El asfalto entre Ram\u00edrez y Aranguren qued\u00f3 inaugurado - Informe Litoral\" \/>\n<meta property=\"og:description\" content=\"&nbsp; Casi 170 kil&oacute;metros de caminos rurales y el asfalto entre Ram&iacute;rez y Aranguren quedaron inaugurados a trav&eacute;s de una videoconferencia entre la presidente Cristina Fern&aacute;ndez de Kirchner y el vicegobernador Jos&eacute; C&aacute;ceres, que represent&oacute; a Sergio Urribarri quien debi&oacute; cumplir una agenda de trabajo en Buenos Aires. Las obras inauguradas demandaron una inversi&oacute;n de [&hellip;]\" \/>\n<meta property=\"og:url\" content=\"https:\/\/informelitoral.com.ar\/el-asfalto-entre-ramirez-y-aranguren-quedo-inaugurado\/\" \/>\n<meta property=\"og:site_name\" content=\"Informe Litoral\" \/>\n<meta property=\"article:publisher\" content=\"https:\/\/www.facebook.com\/informelitoral\/\" \/>\n<meta property=\"article:published_time\" content=\"2013-06-01T00:05:37+00:00\" \/>\n<meta property=\"og:image\" content=\"https:\/\/informelitoral.com.ar\/%77%70%2d%63%6f%6e%74%65%6e%74\/uploads\/2013\/05\/20130530ArangurenRamirez.jpg\" \/>\n\t<meta property=\"og:image:width\" content=\"2123\" \/>\n\t<meta property=\"og:image:height\" content=\"1413\" \/>\n\t<meta property=\"og:image:type\" content=\"image\/jpeg\" \/>\n<meta name=\"author\" content=\"Gonzalo Schmidt\" \/>\n<meta name=\"twitter:card\" content=\"summary_large_image\" \/>\n<meta name=\"twitter:creator\" content=\"@InformeLitoral\" \/>\n<meta name=\"twitter:site\" content=\"@InformeLitoral\" \/>\n<meta name=\"twitter:label1\" content=\"Escrito por\" \/>\n\t<meta name=\"twitter:data1\" content=\"Gonzalo Schmidt\" \/>\n\t<meta name=\"twitter:label2\" content=\"Tiempo de lectura\" \/>\n\t<meta name=\"twitter:data2\" content=\"5 minutos\" \/>\n<script type=\"application\/ld+json\" class=\"yoast-schema-graph\">{\"@context\":\"https:\\\/\\\/schema.org\",\"@graph\":[{\"@type\":\"Article\",\"@id\":\"https:\\\/\\\/informelitoral.com.ar\\\/el-asfalto-entre-ramirez-y-aranguren-quedo-inaugurado\\\/#article\",\"isPartOf\":{\"@id\":\"https:\\\/\\\/informelitoral.com.ar\\\/el-asfalto-entre-ramirez-y-aranguren-quedo-inaugurado\\\/\"},\"author\":{\"name\":\"Gonzalo Schmidt\",\"@id\":\"https:\\\/\\\/informelitoral.com.ar\\\/#\\\/schema\\\/person\\\/b9d00407c836482871ef1d57bf8e3180\"},\"headline\":\"El asfalto entre Ram\u00edrez y Aranguren qued\u00f3 inaugurado\",\"datePublished\":\"2013-06-01T00:05:37+00:00\",\"mainEntityOfPage\":{\"@id\":\"https:\\\/\\\/informelitoral.com.ar\\\/el-asfalto-entre-ramirez-y-aranguren-quedo-inaugurado\\\/\"},\"wordCount\":992,\"commentCount\":0,\"publisher\":{\"@id\":\"https:\\\/\\\/informelitoral.com.ar\\\/#organization\"},\"image\":{\"@id\":\"https:\\\/\\\/informelitoral.com.ar\\\/el-asfalto-entre-ramirez-y-aranguren-quedo-inaugurado\\\/#primaryimage\"},\"thumbnailUrl\":\"http:\\\/\\\/www.isletasnoticias.com.ar\\\/%77%70%2d%63%6f%6e%74%65%6e%74\\\/uploads\\\/2013\\\/05\\\/20130530ArangurenRamirez-300x199.jpg\",\"articleSection\":[\"Departamento Diamante\",\"Entre R\u00edos\",\"Politica\"],\"inLanguage\":\"es\",\"potentialAction\":[{\"@type\":\"CommentAction\",\"name\":\"Comment\",\"target\":[\"https:\\\/\\\/informelitoral.com.ar\\\/el-asfalto-entre-ramirez-y-aranguren-quedo-inaugurado\\\/#respond\"]}]},{\"@type\":\"WebPage\",\"@id\":\"https:\\\/\\\/informelitoral.com.ar\\\/el-asfalto-entre-ramirez-y-aranguren-quedo-inaugurado\\\/\",\"url\":\"https:\\\/\\\/informelitoral.com.ar\\\/el-asfalto-entre-ramirez-y-aranguren-quedo-inaugurado\\\/\",\"name\":\"El asfalto entre Ram\u00edrez y Aranguren qued\u00f3 inaugurado - Informe Litoral\",\"isPartOf\":{\"@id\":\"https:\\\/\\\/informelitoral.com.ar\\\/#website\"},\"primaryImageOfPage\":{\"@id\":\"https:\\\/\\\/informelitoral.com.ar\\\/el-asfalto-entre-ramirez-y-aranguren-quedo-inaugurado\\\/#primaryimage\"},\"image\":{\"@id\":\"https:\\\/\\\/informelitoral.com.ar\\\/el-asfalto-entre-ramirez-y-aranguren-quedo-inaugurado\\\/#primaryimage\"},\"thumbnailUrl\":\"http:\\\/\\\/www.isletasnoticias.com.ar\\\/%77%70%2d%63%6f%6e%74%65%6e%74\\\/uploads\\\/2013\\\/05\\\/20130530ArangurenRamirez-300x199.jpg\",\"datePublished\":\"2013-06-01T00:05:37+00:00\",\"breadcrumb\":{\"@id\":\"https:\\\/\\\/informelitoral.com.ar\\\/el-asfalto-entre-ramirez-y-aranguren-quedo-inaugurado\\\/#breadcrumb\"},\"inLanguage\":\"es\",\"potentialAction\":[{\"@type\":\"ReadAction\",\"target\":[\"https:\\\/\\\/informelitoral.com.ar\\\/el-asfalto-entre-ramirez-y-aranguren-quedo-inaugurado\\\/\"]}]},{\"@type\":\"ImageObject\",\"inLanguage\":\"es\",\"@id\":\"https:\\\/\\\/informelitoral.com.ar\\\/el-asfalto-entre-ramirez-y-aranguren-quedo-inaugurado\\\/#primaryimage\",\"url\":\"http:\\\/\\\/www.isletasnoticias.com.ar\\\/%77%70%2d%63%6f%6e%74%65%6e%74\\\/uploads\\\/2013\\\/05\\\/20130530ArangurenRamirez-300x199.jpg\",\"contentUrl\":\"http:\\\/\\\/www.isletasnoticias.com.ar\\\/%77%70%2d%63%6f%6e%74%65%6e%74\\\/uploads\\\/2013\\\/05\\\/20130530ArangurenRamirez-300x199.jpg\"},{\"@type\":\"BreadcrumbList\",\"@id\":\"https:\\\/\\\/informelitoral.com.ar\\\/el-asfalto-entre-ramirez-y-aranguren-quedo-inaugurado\\\/#breadcrumb\",\"itemListElement\":[{\"@type\":\"ListItem\",\"position\":1,\"name\":\"Portada\",\"item\":\"https:\\\/\\\/informelitoral.com.ar\\\/\"},{\"@type\":\"ListItem\",\"position\":2,\"name\":\"El asfalto entre Ram\u00edrez y Aranguren qued\u00f3 inaugurado\"}]},{\"@type\":\"WebSite\",\"@id\":\"https:\\\/\\\/informelitoral.com.ar\\\/#website\",\"url\":\"https:\\\/\\\/informelitoral.com.ar\\\/\",\"name\":\"Informe Litoral\",\"description\":\"&quot;Nos informamos&quot; \",\"publisher\":{\"@id\":\"https:\\\/\\\/informelitoral.com.ar\\\/#organization\"},\"potentialAction\":[{\"@type\":\"SearchAction\",\"target\":{\"@type\":\"EntryPoint\",\"urlTemplate\":\"https:\\\/\\\/informelitoral.com.ar\\\/?s={search_term_string}\"},\"query-input\":{\"@type\":\"PropertyValueSpecification\",\"valueRequired\":true,\"valueName\":\"search_term_string\"}}],\"inLanguage\":\"es\"},{\"@type\":\"Organization\",\"@id\":\"https:\\\/\\\/informelitoral.com.ar\\\/#organization\",\"name\":\"Informe Litoral\",\"url\":\"https:\\\/\\\/informelitoral.com.ar\\\/\",\"logo\":{\"@type\":\"ImageObject\",\"inLanguage\":\"es\",\"@id\":\"https:\\\/\\\/informelitoral.com.ar\\\/#\\\/schema\\\/logo\\\/image\\\/\",\"url\":\"https:\\\/\\\/informelitoral.com.ar\\\/%77%70%2d%63%6f%6e%74%65%6e%74\\\/uploads\\\/2021\\\/01\\\/circulo.png\",\"contentUrl\":\"https:\\\/\\\/informelitoral.com.ar\\\/%77%70%2d%63%6f%6e%74%65%6e%74\\\/uploads\\\/2021\\\/01\\\/circulo.png\",\"width\":723,\"height\":731,\"caption\":\"Informe Litoral\"},\"image\":{\"@id\":\"https:\\\/\\\/informelitoral.com.ar\\\/#\\\/schema\\\/logo\\\/image\\\/\"},\"sameAs\":[\"https:\\\/\\\/www.facebook.com\\\/informelitoral\\\/\",\"https:\\\/\\\/x.com\\\/InformeLitoral\",\"https:\\\/\\\/www.instagram.com\\\/informelitoral\\\/\",\"https:\\\/\\\/www.youtube.com\\\/channel\\\/UCua4Qvz8Icb6MYqhoq9xLXw\"]},{\"@type\":\"Person\",\"@id\":\"https:\\\/\\\/informelitoral.com.ar\\\/#\\\/schema\\\/person\\\/b9d00407c836482871ef1d57bf8e3180\",\"name\":\"Gonzalo Schmidt\",\"image\":{\"@type\":\"ImageObject\",\"inLanguage\":\"es\",\"@id\":\"https:\\\/\\\/secure.gravatar.com\\\/avatar\\\/31a1a7b66ff2de83bd0e9fd79d026630d2d99e55e8bfe501287647b4fd9743de?s=96&d=mm&r=g\",\"url\":\"https:\\\/\\\/secure.gravatar.com\\\/avatar\\\/31a1a7b66ff2de83bd0e9fd79d026630d2d99e55e8bfe501287647b4fd9743de?s=96&d=mm&r=g\",\"contentUrl\":\"https:\\\/\\\/secure.gravatar.com\\\/avatar\\\/31a1a7b66ff2de83bd0e9fd79d026630d2d99e55e8bfe501287647b4fd9743de?s=96&d=mm&r=g\",\"caption\":\"Gonzalo Schmidt\"},\"description\":\"Sitio web de noticias de la provincia de Entre R\u00edos, Argentina. Informaci\u00f3n y entretenimiento. Informe Litoral, nos informamos.\",\"sameAs\":[\"http:\\\/\\\/www.isletasnoticias.com.ar\"],\"url\":\"https:\\\/\\\/informelitoral.com.ar\\\/author\\\/gonzalo\\\/\"}]}<\/script>","yoast_head_json":{"title":"El asfalto entre Ram\u00edrez y Aranguren qued\u00f3 inaugurado - Informe Litoral","robots":{"index":"index","follow":"follow","max-snippet":"max-snippet:-1","max-image-preview":"max-image-preview:large","max-video-preview":"max-video-preview:-1"},"canonical":"https:\/\/informelitoral.com.ar\/el-asfalto-entre-ramirez-y-aranguren-quedo-inaugurado\/","og_locale":"es_ES","og_type":"article","og_title":"El asfalto entre Ram\u00edrez y Aranguren qued\u00f3 inaugurado - Informe Litoral","og_description":"&nbsp; Casi 170 kil&oacute;metros de caminos rurales y el asfalto entre Ram&iacute;rez y Aranguren quedaron inaugurados a trav&eacute;s de una videoconferencia entre la presidente Cristina Fern&aacute;ndez de Kirchner y el vicegobernador Jos&eacute; C&aacute;ceres, que represent&oacute; a Sergio Urribarri quien debi&oacute; cumplir una agenda de trabajo en Buenos Aires. Las obras inauguradas demandaron una inversi&oacute;n de [&hellip;]","og_url":"https:\/\/informelitoral.com.ar\/el-asfalto-entre-ramirez-y-aranguren-quedo-inaugurado\/","og_site_name":"Informe Litoral","article_publisher":"https:\/\/www.facebook.com\/informelitoral\/","article_published_time":"2013-06-01T00:05:37+00:00","og_image":[{"width":2123,"height":1413,"url":"https:\/\/informelitoral.com.ar\/%77%70%2d%63%6f%6e%74%65%6e%74\/uploads\/2013\/05\/20130530ArangurenRamirez.jpg","type":"image\/jpeg"}],"author":"Gonzalo Schmidt","twitter_card":"summary_large_image","twitter_creator":"@InformeLitoral","twitter_site":"@InformeLitoral","twitter_misc":{"Escrito por":"Gonzalo Schmidt","Tiempo de lectura":"5 minutos"},"schema":{"@context":"https:\/\/schema.org","@graph":[{"@type":"Article","@id":"https:\/\/informelitoral.com.ar\/el-asfalto-entre-ramirez-y-aranguren-quedo-inaugurado\/#article","isPartOf":{"@id":"https:\/\/informelitoral.com.ar\/el-asfalto-entre-ramirez-y-aranguren-quedo-inaugurado\/"},"author":{"name":"Gonzalo Schmidt","@id":"https:\/\/informelitoral.com.ar\/#\/schema\/person\/b9d00407c836482871ef1d57bf8e3180"},"headline":"El asfalto entre Ram\u00edrez y Aranguren qued\u00f3 inaugurado","datePublished":"2013-06-01T00:05:37+00:00","mainEntityOfPage":{"@id":"https:\/\/informelitoral.com.ar\/el-asfalto-entre-ramirez-y-aranguren-quedo-inaugurado\/"},"wordCount":992,"commentCount":0,"publisher":{"@id":"https:\/\/informelitoral.com.ar\/#organization"},"image":{"@id":"https:\/\/informelitoral.com.ar\/el-asfalto-entre-ramirez-y-aranguren-quedo-inaugurado\/#primaryimage"},"thumbnailUrl":"http:\/\/www.isletasnoticias.com.ar\/%77%70%2d%63%6f%6e%74%65%6e%74\/uploads\/2013\/05\/20130530ArangurenRamirez-300x199.jpg","articleSection":["Departamento Diamante","Entre R\u00edos","Politica"],"inLanguage":"es","potentialAction":[{"@type":"CommentAction","name":"Comment","target":["https:\/\/informelitoral.com.ar\/el-asfalto-entre-ramirez-y-aranguren-quedo-inaugurado\/#respond"]}]},{"@type":"WebPage","@id":"https:\/\/informelitoral.com.ar\/el-asfalto-entre-ramirez-y-aranguren-quedo-inaugurado\/","url":"https:\/\/informelitoral.com.ar\/el-asfalto-entre-ramirez-y-aranguren-quedo-inaugurado\/","name":"El asfalto entre Ram\u00edrez y Aranguren qued\u00f3 inaugurado - Informe Litoral","isPartOf":{"@id":"https:\/\/informelitoral.com.ar\/#website"},"primaryImageOfPage":{"@id":"https:\/\/informelitoral.com.ar\/el-asfalto-entre-ramirez-y-aranguren-quedo-inaugurado\/#primaryimage"},"image":{"@id":"https:\/\/informelitoral.com.ar\/el-asfalto-entre-ramirez-y-aranguren-quedo-inaugurado\/#primaryimage"},"thumbnailUrl":"http:\/\/www.isletasnoticias.com.ar\/%77%70%2d%63%6f%6e%74%65%6e%74\/uploads\/2013\/05\/20130530ArangurenRamirez-300x199.jpg","datePublished":"2013-06-01T00:05:37+00:00","breadcrumb":{"@id":"https:\/\/informelitoral.com.ar\/el-asfalto-entre-ramirez-y-aranguren-quedo-inaugurado\/#breadcrumb"},"inLanguage":"es","potentialAction":[{"@type":"ReadAction","target":["https:\/\/informelitoral.com.ar\/el-asfalto-entre-ramirez-y-aranguren-quedo-inaugurado\/"]}]},{"@type":"ImageObject","inLanguage":"es","@id":"https:\/\/informelitoral.com.ar\/el-asfalto-entre-ramirez-y-aranguren-quedo-inaugurado\/#primaryimage","url":"http:\/\/www.isletasnoticias.com.ar\/%77%70%2d%63%6f%6e%74%65%6e%74\/uploads\/2013\/05\/20130530ArangurenRamirez-300x199.jpg","contentUrl":"http:\/\/www.isletasnoticias.com.ar\/%77%70%2d%63%6f%6e%74%65%6e%74\/uploads\/2013\/05\/20130530ArangurenRamirez-300x199.jpg"},{"@type":"BreadcrumbList","@id":"https:\/\/informelitoral.com.ar\/el-asfalto-entre-ramirez-y-aranguren-quedo-inaugurado\/#breadcrumb","itemListElement":[{"@type":"ListItem","position":1,"name":"Portada","item":"https:\/\/informelitoral.com.ar\/"},{"@type":"ListItem","position":2,"name":"El asfalto entre Ram\u00edrez y Aranguren qued\u00f3 inaugurado"}]},{"@type":"WebSite","@id":"https:\/\/informelitoral.com.ar\/#website","url":"https:\/\/informelitoral.com.ar\/","name":"Informe Litoral","description":"&quot;Nos informamos&quot; ","publisher":{"@id":"https:\/\/informelitoral.com.ar\/#organization"},"potentialAction":[{"@type":"SearchAction","target":{"@type":"EntryPoint","urlTemplate":"https:\/\/informelitoral.com.ar\/?s={search_term_string}"},"query-input":{"@type":"PropertyValueSpecification","valueRequired":true,"valueName":"search_term_string"}}],"inLanguage":"es"},{"@type":"Organization","@id":"https:\/\/informelitoral.com.ar\/#organization","name":"Informe Litoral","url":"https:\/\/informelitoral.com.ar\/","logo":{"@type":"ImageObject","inLanguage":"es","@id":"https:\/\/informelitoral.com.ar\/#\/schema\/logo\/image\/","url":"https:\/\/informelitoral.com.ar\/%77%70%2d%63%6f%6e%74%65%6e%74\/uploads\/2021\/01\/circulo.png","contentUrl":"https:\/\/informelitoral.com.ar\/%77%70%2d%63%6f%6e%74%65%6e%74\/uploads\/2021\/01\/circulo.png","width":723,"height":731,"caption":"Informe Litoral"},"image":{"@id":"https:\/\/informelitoral.com.ar\/#\/schema\/logo\/image\/"},"sameAs":["https:\/\/www.facebook.com\/informelitoral\/","https:\/\/x.com\/InformeLitoral","https:\/\/www.instagram.com\/informelitoral\/","https:\/\/www.youtube.com\/channel\/UCua4Qvz8Icb6MYqhoq9xLXw"]},{"@type":"Person","@id":"https:\/\/informelitoral.com.ar\/#\/schema\/person\/b9d00407c836482871ef1d57bf8e3180","name":"Gonzalo Schmidt","image":{"@type":"ImageObject","inLanguage":"es","@id":"https:\/\/secure.gravatar.com\/avatar\/31a1a7b66ff2de83bd0e9fd79d026630d2d99e55e8bfe501287647b4fd9743de?s=96&d=mm&r=g","url":"https:\/\/secure.gravatar.com\/avatar\/31a1a7b66ff2de83bd0e9fd79d026630d2d99e55e8bfe501287647b4fd9743de?s=96&d=mm&r=g","contentUrl":"https:\/\/secure.gravatar.com\/avatar\/31a1a7b66ff2de83bd0e9fd79d026630d2d99e55e8bfe501287647b4fd9743de?s=96&d=mm&r=g","caption":"Gonzalo Schmidt"},"description":"Sitio web de noticias de la provincia de Entre R\u00edos, Argentina. Informaci\u00f3n y entretenimiento. Informe Litoral, nos informamos.","sameAs":["http:\/\/www.isletasnoticias.com.ar"],"url":"https:\/\/informelitoral.com.ar\/author\/gonzalo\/"}]}},"_links":{"self":[{"href":"https:\/\/informelitoral.com.ar\/%77%70%2d%6a%73%6f%6e\/wp\/v2\/posts\/1984","targetHints":{"allow":["GET"]}}],"collection":[{"href":"https:\/\/informelitoral.com.ar\/%77%70%2d%6a%73%6f%6e\/wp\/v2\/posts"}],"about":[{"href":"https:\/\/informelitoral.com.ar\/%77%70%2d%6a%73%6f%6e\/wp\/v2\/types\/post"}],"author":[{"embeddable":true,"href":"https:\/\/informelitoral.com.ar\/%77%70%2d%6a%73%6f%6e\/wp\/v2\/users\/2"}],"replies":[{"embeddable":true,"href":"https:\/\/informelitoral.com.ar\/%77%70%2d%6a%73%6f%6e\/wp\/v2\/comments?post=1984"}],"version-history":[{"count":0,"href":"https:\/\/informelitoral.com.ar\/%77%70%2d%6a%73%6f%6e\/wp\/v2\/posts\/1984\/revisions"}],"wp:attachment":[{"href":"https:\/\/informelitoral.com.ar\/%77%70%2d%6a%73%6f%6e\/wp\/v2\/media?parent=1984"}],"wp:term":[{"taxonomy":"category","embeddable":true,"href":"https:\/\/informelitoral.com.ar\/%77%70%2d%6a%73%6f%6e\/wp\/v2\/categories?post=1984"},{"taxonomy":"post_tag","embeddable":true,"href":"https:\/\/informelitoral.com.ar\/%77%70%2d%6a%73%6f%6e\/wp\/v2\/tags?post=1984"}],"curies":[{"name":"wp","href":"https:\/\/api.w.org\/{rel}","templated":true}]}}