{"id":198246,"date":"2024-09-18T08:01:49","date_gmt":"2024-09-18T11:01:49","guid":{"rendered":"https:\/\/www.informelitoral.com.ar\/?p=198246"},"modified":"2024-09-18T08:58:44","modified_gmt":"2024-09-18T11:58:44","slug":"frigerio-encabezo-una-nueva-reunion-de-seguimiento-de-gestion-con-el-gabinete-provincial","status":"publish","type":"post","link":"https:\/\/informelitoral.com.ar\/frigerio-encabezo-una-nueva-reunion-de-seguimiento-de-gestion-con-el-gabinete-provincial\/","title":{"rendered":"Frigerio encabez\u00f3 una nueva reuni\u00f3n de seguimiento de gesti\u00f3n con el gabinete provincial"},"content":{"rendered":"<p>En ese sentido, el secretario general de la Gobernaci\u00f3n,<strong> Mauricio Colello<\/strong>, se\u00f1al\u00f3 que, \u00aben lo que tiene que ver con la provincia, m\u00e1s del 85 por ciento de las obras que estaban neutralizadas ya han sido reactivadas; y confirmamos que dentro del proyecto de presupuesto que present\u00f3 el Presidente est\u00e1n todas las obras que la provincia hab\u00eda convenido con el gobierno nacional recientemente\u00bb.<\/p>\n<p>Se\u00f1al\u00f3 que seguir\u00e1n analizando el proyecto y, \u00aba partir de ello, se tendr\u00e1n todas las conversaciones necesarias con el gobierno nacional para asegurarnos que las obras que necesita la provincia est\u00e9n en ese presupuesto\u00bb.<\/p>\n<p>Por otro lado, en el encuentro se abord\u00f3 la campa\u00f1a preventiva contra el dengue, en el marco de la reuni\u00f3n del <strong>Consejo Federal de Salud<\/strong> (Cofesa) que se realiz\u00f3 este lunes. \u00abEl dengue es una realidad que vamos a vivir todos y que lleg\u00f3 para quedarse\u00bb, dijo Colello y anticip\u00f3 que en un encuentro que tendr\u00e1 lugar esta tarde en Lucas Gonz\u00e1les con intendentes \u00abvamos a planificar un cronograma de acciones para llegar preparados a esa situaci\u00f3n\u00bb.<\/p>\n<p>\u00abEstas reuniones nos permiten darle seguimiento a cada uno de los planes que nos planteamos en cada ministerio\u00bb, indic\u00f3 en relaci\u00f3n al resto de los temas abordados en la reuni\u00f3n de gabinete. Mencion\u00f3 adem\u00e1s, que a fin de a\u00f1o se estar\u00e1\u00a0 inaugurando la obra del aeropuerto de Concordia. \u00abEstamos preparando la arquitectura administrativa y jur\u00eddica para poder administrar el aeropuerto\u00bb, dijo.<\/p>\n<p>En la reuni\u00f3n de gabinete estuvieron presentes la vicegobernadora Alicia Aluani, ministros y secretarios.<\/p>\n<p><iframe loading=\"lazy\" title=\"Frigerio encabez\u00f3 una nueva reuni\u00f3n de seguimiento de gesti\u00f3n con el gabinete provincial\" width=\"696\" height=\"392\" src=\"https:\/\/www.youtube.com\/embed\/HjNKaL15Cl8?feature=oembed\" frameborder=\"0\" allow=\"accelerometer; autoplay; clipboard-write; encrypted-media; gyroscope; picture-in-picture; web-share\" referrerpolicy=\"strict-origin-when-cross-origin\" allowfullscreen><\/iframe><\/p>\n","protected":false},"excerpt":{"rendered":"<p>En una nueva reuni\u00f3n de seguimiento que encabez\u00f3 el gobernador Rogelio Frigerio junto a su gabinete, se analiz\u00f3 el Presupuesto nacional recientemente presentado por el presidente Javier Milei, en lo que hace a la provincia.<\/p>\n","protected":false},"author":8,"featured_media":198247,"comment_status":"open","ping_status":"open","sticky":false,"template":"","format":"standard","meta":{"fifu_image_url":"","fifu_image_alt":"","footnotes":""},"categories":[6],"tags":[4751,949],"class_list":{"0":"post-198246","1":"post","2":"type-post","3":"status-publish","4":"format-standard","5":"has-post-thumbnail","7":"category-entre-rios","8":"tag-reunion-de-gabinete","9":"tag-rogelio-frigerio"},"yoast_head":"<title>Frigerio encabez\u00f3 una nueva reuni\u00f3n de seguimiento de gesti\u00f3n con el gabinete provincial - Informe Litoral<\/title>\n<meta name=\"robots\" content=\"index, follow, max-snippet:-1, max-image-preview:large, max-video-preview:-1\" \/>\n<link rel=\"canonical\" href=\"https:\/\/informelitoral.com.ar\/frigerio-encabezo-una-nueva-reunion-de-seguimiento-de-gestion-con-el-gabinete-provincial\/\" \/>\n<meta property=\"og:locale\" content=\"es_ES\" \/>\n<meta property=\"og:type\" content=\"article\" \/>\n<meta property=\"og:title\" content=\"Frigerio encabez\u00f3 una nueva reuni\u00f3n de seguimiento de gesti\u00f3n con el gabinete provincial - Informe Litoral\" \/>\n<meta property=\"og:description\" content=\"En una nueva reuni\u00f3n de seguimiento que encabez\u00f3 el gobernador Rogelio Frigerio junto a su gabinete, se analiz\u00f3 el Presupuesto nacional recientemente presentado por el presidente Javier Milei, en lo que hace a la provincia.\" \/>\n<meta property=\"og:url\" content=\"https:\/\/informelitoral.com.ar\/frigerio-encabezo-una-nueva-reunion-de-seguimiento-de-gestion-con-el-gabinete-provincial\/\" \/>\n<meta property=\"og:site_name\" content=\"Informe Litoral\" \/>\n<meta property=\"article:publisher\" content=\"https:\/\/www.facebook.com\/informelitoral\/\" \/>\n<meta property=\"article:published_time\" content=\"2024-09-18T11:01:49+00:00\" \/>\n<meta property=\"article:modified_time\" content=\"2024-09-18T11:58:44+00:00\" \/>\n<meta property=\"og:image\" content=\"https:\/\/informelitoral.com.ar\/%77%70%2d%63%6f%6e%74%65%6e%74\/uploads\/2024\/09\/Frigerio-gabinete-1-scaled.jpg\" \/>\n\t<meta property=\"og:image:width\" content=\"2560\" \/>\n\t<meta property=\"og:image:height\" content=\"1707\" \/>\n\t<meta property=\"og:image:type\" content=\"image\/jpeg\" \/>\n<meta name=\"author\" content=\"Sebastian\" \/>\n<meta name=\"twitter:card\" content=\"summary_large_image\" \/>\n<meta name=\"twitter:creator\" content=\"@InformeLitoral\" \/>\n<meta name=\"twitter:site\" content=\"@InformeLitoral\" \/>\n<meta name=\"twitter:label1\" content=\"Escrito por\" \/>\n\t<meta name=\"twitter:data1\" content=\"Sebastian\" \/>\n\t<meta name=\"twitter:label2\" content=\"Tiempo de lectura\" \/>\n\t<meta name=\"twitter:data2\" content=\"1 minuto\" \/>\n<script type=\"application\/ld+json\" class=\"yoast-schema-graph\">{\"@context\":\"https:\\\/\\\/schema.org\",\"@graph\":[{\"@type\":\"Article\",\"@id\":\"https:\\\/\\\/informelitoral.com.ar\\\/frigerio-encabezo-una-nueva-reunion-de-seguimiento-de-gestion-con-el-gabinete-provincial\\\/#article\",\"isPartOf\":{\"@id\":\"https:\\\/\\\/informelitoral.com.ar\\\/frigerio-encabezo-una-nueva-reunion-de-seguimiento-de-gestion-con-el-gabinete-provincial\\\/\"},\"author\":{\"name\":\"Sebastian\",\"@id\":\"https:\\\/\\\/informelitoral.com.ar\\\/#\\\/schema\\\/person\\\/f05f9f461677119578717524b127d6d5\"},\"headline\":\"Frigerio encabez\u00f3 una nueva reuni\u00f3n de seguimiento de gesti\u00f3n con el gabinete provincial\",\"datePublished\":\"2024-09-18T11:01:49+00:00\",\"dateModified\":\"2024-09-18T11:58:44+00:00\",\"mainEntityOfPage\":{\"@id\":\"https:\\\/\\\/informelitoral.com.ar\\\/frigerio-encabezo-una-nueva-reunion-de-seguimiento-de-gestion-con-el-gabinete-provincial\\\/\"},\"wordCount\":287,\"commentCount\":0,\"publisher\":{\"@id\":\"https:\\\/\\\/informelitoral.com.ar\\\/#organization\"},\"image\":{\"@id\":\"https:\\\/\\\/informelitoral.com.ar\\\/frigerio-encabezo-una-nueva-reunion-de-seguimiento-de-gestion-con-el-gabinete-provincial\\\/#primaryimage\"},\"thumbnailUrl\":\"https:\\\/\\\/informelitoral.com.ar\\\/%77%70%2d%63%6f%6e%74%65%6e%74\\\/uploads\\\/2024\\\/09\\\/Frigerio-gabinete-1-scaled.jpg\",\"keywords\":[\"Reuni\u00f3n de Gabinete\",\"Rogelio Frigerio\"],\"articleSection\":[\"Entre R\u00edos\"],\"inLanguage\":\"es\",\"potentialAction\":[{\"@type\":\"CommentAction\",\"name\":\"Comment\",\"target\":[\"https:\\\/\\\/informelitoral.com.ar\\\/frigerio-encabezo-una-nueva-reunion-de-seguimiento-de-gestion-con-el-gabinete-provincial\\\/#respond\"]}]},{\"@type\":\"WebPage\",\"@id\":\"https:\\\/\\\/informelitoral.com.ar\\\/frigerio-encabezo-una-nueva-reunion-de-seguimiento-de-gestion-con-el-gabinete-provincial\\\/\",\"url\":\"https:\\\/\\\/informelitoral.com.ar\\\/frigerio-encabezo-una-nueva-reunion-de-seguimiento-de-gestion-con-el-gabinete-provincial\\\/\",\"name\":\"Frigerio encabez\u00f3 una nueva reuni\u00f3n de seguimiento de gesti\u00f3n con el gabinete provincial - Informe Litoral\",\"isPartOf\":{\"@id\":\"https:\\\/\\\/informelitoral.com.ar\\\/#website\"},\"primaryImageOfPage\":{\"@id\":\"https:\\\/\\\/informelitoral.com.ar\\\/frigerio-encabezo-una-nueva-reunion-de-seguimiento-de-gestion-con-el-gabinete-provincial\\\/#primaryimage\"},\"image\":{\"@id\":\"https:\\\/\\\/informelitoral.com.ar\\\/frigerio-encabezo-una-nueva-reunion-de-seguimiento-de-gestion-con-el-gabinete-provincial\\\/#primaryimage\"},\"thumbnailUrl\":\"https:\\\/\\\/informelitoral.com.ar\\\/%77%70%2d%63%6f%6e%74%65%6e%74\\\/uploads\\\/2024\\\/09\\\/Frigerio-gabinete-1-scaled.jpg\",\"datePublished\":\"2024-09-18T11:01:49+00:00\",\"dateModified\":\"2024-09-18T11:58:44+00:00\",\"breadcrumb\":{\"@id\":\"https:\\\/\\\/informelitoral.com.ar\\\/frigerio-encabezo-una-nueva-reunion-de-seguimiento-de-gestion-con-el-gabinete-provincial\\\/#breadcrumb\"},\"inLanguage\":\"es\",\"potentialAction\":[{\"@type\":\"ReadAction\",\"target\":[\"https:\\\/\\\/informelitoral.com.ar\\\/frigerio-encabezo-una-nueva-reunion-de-seguimiento-de-gestion-con-el-gabinete-provincial\\\/\"]}]},{\"@type\":\"ImageObject\",\"inLanguage\":\"es\",\"@id\":\"https:\\\/\\\/informelitoral.com.ar\\\/frigerio-encabezo-una-nueva-reunion-de-seguimiento-de-gestion-con-el-gabinete-provincial\\\/#primaryimage\",\"url\":\"https:\\\/\\\/informelitoral.com.ar\\\/%77%70%2d%63%6f%6e%74%65%6e%74\\\/uploads\\\/2024\\\/09\\\/Frigerio-gabinete-1-scaled.jpg\",\"contentUrl\":\"https:\\\/\\\/informelitoral.com.ar\\\/%77%70%2d%63%6f%6e%74%65%6e%74\\\/uploads\\\/2024\\\/09\\\/Frigerio-gabinete-1-scaled.jpg\",\"width\":2560,\"height\":1707},{\"@type\":\"BreadcrumbList\",\"@id\":\"https:\\\/\\\/informelitoral.com.ar\\\/frigerio-encabezo-una-nueva-reunion-de-seguimiento-de-gestion-con-el-gabinete-provincial\\\/#breadcrumb\",\"itemListElement\":[{\"@type\":\"ListItem\",\"position\":1,\"name\":\"Portada\",\"item\":\"https:\\\/\\\/informelitoral.com.ar\\\/\"},{\"@type\":\"ListItem\",\"position\":2,\"name\":\"Frigerio encabez\u00f3 una nueva reuni\u00f3n de seguimiento de gesti\u00f3n con el gabinete provincial\"}]},{\"@type\":\"WebSite\",\"@id\":\"https:\\\/\\\/informelitoral.com.ar\\\/#website\",\"url\":\"https:\\\/\\\/informelitoral.com.ar\\\/\",\"name\":\"Informe Litoral\",\"description\":\"&quot;Nos informamos&quot; \",\"publisher\":{\"@id\":\"https:\\\/\\\/informelitoral.com.ar\\\/#organization\"},\"potentialAction\":[{\"@type\":\"SearchAction\",\"target\":{\"@type\":\"EntryPoint\",\"urlTemplate\":\"https:\\\/\\\/informelitoral.com.ar\\\/?s={search_term_string}\"},\"query-input\":{\"@type\":\"PropertyValueSpecification\",\"valueRequired\":true,\"valueName\":\"search_term_string\"}}],\"inLanguage\":\"es\"},{\"@type\":\"Organization\",\"@id\":\"https:\\\/\\\/informelitoral.com.ar\\\/#organization\",\"name\":\"Informe Litoral\",\"url\":\"https:\\\/\\\/informelitoral.com.ar\\\/\",\"logo\":{\"@type\":\"ImageObject\",\"inLanguage\":\"es\",\"@id\":\"https:\\\/\\\/informelitoral.com.ar\\\/#\\\/schema\\\/logo\\\/image\\\/\",\"url\":\"https:\\\/\\\/informelitoral.com.ar\\\/%77%70%2d%63%6f%6e%74%65%6e%74\\\/uploads\\\/2021\\\/01\\\/circulo.png\",\"contentUrl\":\"https:\\\/\\\/informelitoral.com.ar\\\/%77%70%2d%63%6f%6e%74%65%6e%74\\\/uploads\\\/2021\\\/01\\\/circulo.png\",\"width\":723,\"height\":731,\"caption\":\"Informe Litoral\"},\"image\":{\"@id\":\"https:\\\/\\\/informelitoral.com.ar\\\/#\\\/schema\\\/logo\\\/image\\\/\"},\"sameAs\":[\"https:\\\/\\\/www.facebook.com\\\/informelitoral\\\/\",\"https:\\\/\\\/x.com\\\/InformeLitoral\",\"https:\\\/\\\/www.instagram.com\\\/informelitoral\\\/\",\"https:\\\/\\\/www.youtube.com\\\/channel\\\/UCua4Qvz8Icb6MYqhoq9xLXw\"]},{\"@type\":\"Person\",\"@id\":\"https:\\\/\\\/informelitoral.com.ar\\\/#\\\/schema\\\/person\\\/f05f9f461677119578717524b127d6d5\",\"name\":\"Sebastian\",\"image\":{\"@type\":\"ImageObject\",\"inLanguage\":\"es\",\"@id\":\"https:\\\/\\\/secure.gravatar.com\\\/avatar\\\/b71bf7481d447dfb9583c7f2798e7cc64de6efb9067b74633ed8c31059a3bd82?s=96&d=mm&r=g\",\"url\":\"https:\\\/\\\/secure.gravatar.com\\\/avatar\\\/b71bf7481d447dfb9583c7f2798e7cc64de6efb9067b74633ed8c31059a3bd82?s=96&d=mm&r=g\",\"contentUrl\":\"https:\\\/\\\/secure.gravatar.com\\\/avatar\\\/b71bf7481d447dfb9583c7f2798e7cc64de6efb9067b74633ed8c31059a3bd82?s=96&d=mm&r=g\",\"caption\":\"Sebastian\"},\"url\":\"https:\\\/\\\/informelitoral.com.ar\\\/author\\\/sebastian\\\/\"}]}<\/script>","yoast_head_json":{"title":"Frigerio encabez\u00f3 una nueva reuni\u00f3n de seguimiento de gesti\u00f3n con el gabinete provincial - Informe Litoral","robots":{"index":"index","follow":"follow","max-snippet":"max-snippet:-1","max-image-preview":"max-image-preview:large","max-video-preview":"max-video-preview:-1"},"canonical":"https:\/\/informelitoral.com.ar\/frigerio-encabezo-una-nueva-reunion-de-seguimiento-de-gestion-con-el-gabinete-provincial\/","og_locale":"es_ES","og_type":"article","og_title":"Frigerio encabez\u00f3 una nueva reuni\u00f3n de seguimiento de gesti\u00f3n con el gabinete provincial - Informe Litoral","og_description":"En una nueva reuni\u00f3n de seguimiento que encabez\u00f3 el gobernador Rogelio Frigerio junto a su gabinete, se analiz\u00f3 el Presupuesto nacional recientemente presentado por el presidente Javier Milei, en lo que hace a la provincia.","og_url":"https:\/\/informelitoral.com.ar\/frigerio-encabezo-una-nueva-reunion-de-seguimiento-de-gestion-con-el-gabinete-provincial\/","og_site_name":"Informe Litoral","article_publisher":"https:\/\/www.facebook.com\/informelitoral\/","article_published_time":"2024-09-18T11:01:49+00:00","article_modified_time":"2024-09-18T11:58:44+00:00","og_image":[{"width":2560,"height":1707,"url":"https:\/\/informelitoral.com.ar\/%77%70%2d%63%6f%6e%74%65%6e%74\/uploads\/2024\/09\/Frigerio-gabinete-1-scaled.jpg","type":"image\/jpeg"}],"author":"Sebastian","twitter_card":"summary_large_image","twitter_creator":"@InformeLitoral","twitter_site":"@InformeLitoral","twitter_misc":{"Escrito por":"Sebastian","Tiempo de lectura":"1 minuto"},"schema":{"@context":"https:\/\/schema.org","@graph":[{"@type":"Article","@id":"https:\/\/informelitoral.com.ar\/frigerio-encabezo-una-nueva-reunion-de-seguimiento-de-gestion-con-el-gabinete-provincial\/#article","isPartOf":{"@id":"https:\/\/informelitoral.com.ar\/frigerio-encabezo-una-nueva-reunion-de-seguimiento-de-gestion-con-el-gabinete-provincial\/"},"author":{"name":"Sebastian","@id":"https:\/\/informelitoral.com.ar\/#\/schema\/person\/f05f9f461677119578717524b127d6d5"},"headline":"Frigerio encabez\u00f3 una nueva reuni\u00f3n de seguimiento de gesti\u00f3n con el gabinete provincial","datePublished":"2024-09-18T11:01:49+00:00","dateModified":"2024-09-18T11:58:44+00:00","mainEntityOfPage":{"@id":"https:\/\/informelitoral.com.ar\/frigerio-encabezo-una-nueva-reunion-de-seguimiento-de-gestion-con-el-gabinete-provincial\/"},"wordCount":287,"commentCount":0,"publisher":{"@id":"https:\/\/informelitoral.com.ar\/#organization"},"image":{"@id":"https:\/\/informelitoral.com.ar\/frigerio-encabezo-una-nueva-reunion-de-seguimiento-de-gestion-con-el-gabinete-provincial\/#primaryimage"},"thumbnailUrl":"https:\/\/informelitoral.com.ar\/%77%70%2d%63%6f%6e%74%65%6e%74\/uploads\/2024\/09\/Frigerio-gabinete-1-scaled.jpg","keywords":["Reuni\u00f3n de Gabinete","Rogelio Frigerio"],"articleSection":["Entre R\u00edos"],"inLanguage":"es","potentialAction":[{"@type":"CommentAction","name":"Comment","target":["https:\/\/informelitoral.com.ar\/frigerio-encabezo-una-nueva-reunion-de-seguimiento-de-gestion-con-el-gabinete-provincial\/#respond"]}]},{"@type":"WebPage","@id":"https:\/\/informelitoral.com.ar\/frigerio-encabezo-una-nueva-reunion-de-seguimiento-de-gestion-con-el-gabinete-provincial\/","url":"https:\/\/informelitoral.com.ar\/frigerio-encabezo-una-nueva-reunion-de-seguimiento-de-gestion-con-el-gabinete-provincial\/","name":"Frigerio encabez\u00f3 una nueva reuni\u00f3n de seguimiento de gesti\u00f3n con el gabinete provincial - Informe Litoral","isPartOf":{"@id":"https:\/\/informelitoral.com.ar\/#website"},"primaryImageOfPage":{"@id":"https:\/\/informelitoral.com.ar\/frigerio-encabezo-una-nueva-reunion-de-seguimiento-de-gestion-con-el-gabinete-provincial\/#primaryimage"},"image":{"@id":"https:\/\/informelitoral.com.ar\/frigerio-encabezo-una-nueva-reunion-de-seguimiento-de-gestion-con-el-gabinete-provincial\/#primaryimage"},"thumbnailUrl":"https:\/\/informelitoral.com.ar\/%77%70%2d%63%6f%6e%74%65%6e%74\/uploads\/2024\/09\/Frigerio-gabinete-1-scaled.jpg","datePublished":"2024-09-18T11:01:49+00:00","dateModified":"2024-09-18T11:58:44+00:00","breadcrumb":{"@id":"https:\/\/informelitoral.com.ar\/frigerio-encabezo-una-nueva-reunion-de-seguimiento-de-gestion-con-el-gabinete-provincial\/#breadcrumb"},"inLanguage":"es","potentialAction":[{"@type":"ReadAction","target":["https:\/\/informelitoral.com.ar\/frigerio-encabezo-una-nueva-reunion-de-seguimiento-de-gestion-con-el-gabinete-provincial\/"]}]},{"@type":"ImageObject","inLanguage":"es","@id":"https:\/\/informelitoral.com.ar\/frigerio-encabezo-una-nueva-reunion-de-seguimiento-de-gestion-con-el-gabinete-provincial\/#primaryimage","url":"https:\/\/informelitoral.com.ar\/%77%70%2d%63%6f%6e%74%65%6e%74\/uploads\/2024\/09\/Frigerio-gabinete-1-scaled.jpg","contentUrl":"https:\/\/informelitoral.com.ar\/%77%70%2d%63%6f%6e%74%65%6e%74\/uploads\/2024\/09\/Frigerio-gabinete-1-scaled.jpg","width":2560,"height":1707},{"@type":"BreadcrumbList","@id":"https:\/\/informelitoral.com.ar\/frigerio-encabezo-una-nueva-reunion-de-seguimiento-de-gestion-con-el-gabinete-provincial\/#breadcrumb","itemListElement":[{"@type":"ListItem","position":1,"name":"Portada","item":"https:\/\/informelitoral.com.ar\/"},{"@type":"ListItem","position":2,"name":"Frigerio encabez\u00f3 una nueva reuni\u00f3n de seguimiento de gesti\u00f3n con el gabinete provincial"}]},{"@type":"WebSite","@id":"https:\/\/informelitoral.com.ar\/#website","url":"https:\/\/informelitoral.com.ar\/","name":"Informe Litoral","description":"&quot;Nos informamos&quot; ","publisher":{"@id":"https:\/\/informelitoral.com.ar\/#organization"},"potentialAction":[{"@type":"SearchAction","target":{"@type":"EntryPoint","urlTemplate":"https:\/\/informelitoral.com.ar\/?s={search_term_string}"},"query-input":{"@type":"PropertyValueSpecification","valueRequired":true,"valueName":"search_term_string"}}],"inLanguage":"es"},{"@type":"Organization","@id":"https:\/\/informelitoral.com.ar\/#organization","name":"Informe Litoral","url":"https:\/\/informelitoral.com.ar\/","logo":{"@type":"ImageObject","inLanguage":"es","@id":"https:\/\/informelitoral.com.ar\/#\/schema\/logo\/image\/","url":"https:\/\/informelitoral.com.ar\/%77%70%2d%63%6f%6e%74%65%6e%74\/uploads\/2021\/01\/circulo.png","contentUrl":"https:\/\/informelitoral.com.ar\/%77%70%2d%63%6f%6e%74%65%6e%74\/uploads\/2021\/01\/circulo.png","width":723,"height":731,"caption":"Informe Litoral"},"image":{"@id":"https:\/\/informelitoral.com.ar\/#\/schema\/logo\/image\/"},"sameAs":["https:\/\/www.facebook.com\/informelitoral\/","https:\/\/x.com\/InformeLitoral","https:\/\/www.instagram.com\/informelitoral\/","https:\/\/www.youtube.com\/channel\/UCua4Qvz8Icb6MYqhoq9xLXw"]},{"@type":"Person","@id":"https:\/\/informelitoral.com.ar\/#\/schema\/person\/f05f9f461677119578717524b127d6d5","name":"Sebastian","image":{"@type":"ImageObject","inLanguage":"es","@id":"https:\/\/secure.gravatar.com\/avatar\/b71bf7481d447dfb9583c7f2798e7cc64de6efb9067b74633ed8c31059a3bd82?s=96&d=mm&r=g","url":"https:\/\/secure.gravatar.com\/avatar\/b71bf7481d447dfb9583c7f2798e7cc64de6efb9067b74633ed8c31059a3bd82?s=96&d=mm&r=g","contentUrl":"https:\/\/secure.gravatar.com\/avatar\/b71bf7481d447dfb9583c7f2798e7cc64de6efb9067b74633ed8c31059a3bd82?s=96&d=mm&r=g","caption":"Sebastian"},"url":"https:\/\/informelitoral.com.ar\/author\/sebastian\/"}]}},"_links":{"self":[{"href":"https:\/\/informelitoral.com.ar\/%77%70%2d%6a%73%6f%6e\/wp\/v2\/posts\/198246","targetHints":{"allow":["GET"]}}],"collection":[{"href":"https:\/\/informelitoral.com.ar\/%77%70%2d%6a%73%6f%6e\/wp\/v2\/posts"}],"about":[{"href":"https:\/\/informelitoral.com.ar\/%77%70%2d%6a%73%6f%6e\/wp\/v2\/types\/post"}],"author":[{"embeddable":true,"href":"https:\/\/informelitoral.com.ar\/%77%70%2d%6a%73%6f%6e\/wp\/v2\/users\/8"}],"replies":[{"embeddable":true,"href":"https:\/\/informelitoral.com.ar\/%77%70%2d%6a%73%6f%6e\/wp\/v2\/comments?post=198246"}],"version-history":[{"count":0,"href":"https:\/\/informelitoral.com.ar\/%77%70%2d%6a%73%6f%6e\/wp\/v2\/posts\/198246\/revisions"}],"wp:featuredmedia":[{"embeddable":true,"href":"https:\/\/informelitoral.com.ar\/%77%70%2d%6a%73%6f%6e\/wp\/v2\/media\/198247"}],"wp:attachment":[{"href":"https:\/\/informelitoral.com.ar\/%77%70%2d%6a%73%6f%6e\/wp\/v2\/media?parent=198246"}],"wp:term":[{"taxonomy":"category","embeddable":true,"href":"https:\/\/informelitoral.com.ar\/%77%70%2d%6a%73%6f%6e\/wp\/v2\/categories?post=198246"},{"taxonomy":"post_tag","embeddable":true,"href":"https:\/\/informelitoral.com.ar\/%77%70%2d%6a%73%6f%6e\/wp\/v2\/tags?post=198246"}],"curies":[{"name":"wp","href":"https:\/\/api.w.org\/{rel}","templated":true}]}}