{"id":198179,"date":"2024-09-17T11:20:35","date_gmt":"2024-09-17T14:20:35","guid":{"rendered":"https:\/\/www.informelitoral.com.ar\/?p=198179"},"modified":"2024-09-17T11:24:36","modified_gmt":"2024-09-17T14:24:36","slug":"boca-quienes-son-los-jugadores-que-podrian-estar-en-el-superclasico","status":"publish","type":"post","link":"https:\/\/informelitoral.com.ar\/boca-quienes-son-los-jugadores-que-podrian-estar-en-el-superclasico\/","title":{"rendered":"Boca: qui\u00e9nes son los jugadores que podr\u00edan estar en el Supercl\u00e1sico"},"content":{"rendered":"<p class=\"paragraph\"><b>Boca\u00a0<\/b>quiere dejar atr\u00e1s la derrota ante Racing y\u00a0<b>ya se enfoca en el Supercl\u00e1sico ante River<\/b>, que se jugar\u00e1 el s\u00e1bado a las 16 en la Bombonera por la fecha 15 de la Liga Profesional. Para ese partido clave,\u00a0<b>Diego Mart\u00ednez<\/b>\u00a0podr\u00eda recuperar a dos futbolistas:\u00a0<b>Edinson Cavani y Luis Adv\u00edncula entrenaron este lunes a la par del grupo.<\/b><\/p>\n<p class=\"paragraph\">Tanto el delantero uruguayo como el lateral peruano\u00a0<b>dejaron atr\u00e1s las molestias f\u00edsicas\u00a0<\/b>que los marginaron de los \u00faltimos partidos del Xeneize y todo indica que, de mostrar buenas se\u00f1ales durante la semana, podr\u00e1n estar de arranque ante el Millonario.<\/p>\n<figure class=\"\" data-testid=\"figure-testid\">\n<div class=\"aspect_ratio__container\"><picture class=\"responsive-image\"><source srcset=\"https:\/\/tn.com.ar\/resizer\/v2\/edinson-cavani-entreno-a-la-par-del-grupo-foto-instagram-bocajrs-DOC5MZGE6NGYTKVGP4OSMJTSZE.jfif?auth=9bc89b35d7d71b024b16cb9c94ce951a478b499c8983c76ccdb4f783c1398690&amp;width=767\" type=\"image\/jpg\" media=\"(max-width: 728px)\" \/><source srcset=\"https:\/\/tn.com.ar\/resizer\/v2\/edinson-cavani-entreno-a-la-par-del-grupo-foto-instagram-bocajrs-DOC5MZGE6NGYTKVGP4OSMJTSZE.jfif?auth=9bc89b35d7d71b024b16cb9c94ce951a478b499c8983c76ccdb4f783c1398690&amp;width=1023\" type=\"image\/jpg\" media=\"(max-width: 1023px)\" \/><source srcset=\"https:\/\/tn.com.ar\/resizer\/v2\/edinson-cavani-entreno-a-la-par-del-grupo-foto-instagram-bocajrs-DOC5MZGE6NGYTKVGP4OSMJTSZE.jfif?auth=9bc89b35d7d71b024b16cb9c94ce951a478b499c8983c76ccdb4f783c1398690&amp;width=1440\" type=\"image\/jpg\" \/><img loading=\"lazy\" decoding=\"async\" class=\"image content-image image_placeholder\" src=\"https:\/\/tn.com.ar\/resizer\/v2\/edinson-cavani-entreno-a-la-par-del-grupo-foto-instagram-bocajrs-DOC5MZGE6NGYTKVGP4OSMJTSZE.jfif?auth=9bc89b35d7d71b024b16cb9c94ce951a478b499c8983c76ccdb4f783c1398690&amp;width=767\" alt=\"Edinson Cavani entren\u00f3 a la par del grupo (Foto: Instagram @bocajrs)\" width=\"767\" height=\"959\" data-testid=\"loading-testid\" \/><\/picture><\/div>\n<\/figure>\n<p class=\"paragraph\">Los regreso de dos futbolistas importantes para el plantel son buenas noticias para el entrenador, que ya sabe que en el Supercl\u00e1sico\u00a0<b>no podr\u00e1 contar con Gary Medel\u00a0<\/b>(lesi\u00f3n muscular en el isquiotibial de su pierna izquierda) y\u00a0<b>Brian Aguirre<\/b>\u00a0(distensi\u00f3n del ligamento lateral interno de la rodilla izquierda).<\/p>\n<figure class=\"\" data-testid=\"figure-testid\">\n<div class=\"aspect_ratio__container\"><picture class=\"responsive-image\"><source srcset=\"https:\/\/tn.com.ar\/resizer\/v2\/luis-advincula-dejo-atras-los-problemas-fisicos-y-podria-estar-de-arranque-ante-river-foto-instagram-bocajrs-7OMZARTGZNHEDAS6VA4BVOWHK4.jpg?auth=42d9d4eff54a2a9194b56fef5c7eb3bca83e6d0c5076d848c94d14afae03dc42&amp;width=767\" type=\"image\/jpg\" media=\"(max-width: 728px)\" \/><source srcset=\"https:\/\/tn.com.ar\/resizer\/v2\/luis-advincula-dejo-atras-los-problemas-fisicos-y-podria-estar-de-arranque-ante-river-foto-instagram-bocajrs-7OMZARTGZNHEDAS6VA4BVOWHK4.jpg?auth=42d9d4eff54a2a9194b56fef5c7eb3bca83e6d0c5076d848c94d14afae03dc42&amp;width=1023\" type=\"image\/jpg\" media=\"(max-width: 1023px)\" \/><source srcset=\"https:\/\/tn.com.ar\/resizer\/v2\/luis-advincula-dejo-atras-los-problemas-fisicos-y-podria-estar-de-arranque-ante-river-foto-instagram-bocajrs-7OMZARTGZNHEDAS6VA4BVOWHK4.jpg?auth=42d9d4eff54a2a9194b56fef5c7eb3bca83e6d0c5076d848c94d14afae03dc42&amp;width=1440\" type=\"image\/jpg\" \/><img loading=\"lazy\" decoding=\"async\" class=\"image content-image image_placeholder\" src=\"https:\/\/tn.com.ar\/resizer\/v2\/luis-advincula-dejo-atras-los-problemas-fisicos-y-podria-estar-de-arranque-ante-river-foto-instagram-bocajrs-7OMZARTGZNHEDAS6VA4BVOWHK4.jpg?auth=42d9d4eff54a2a9194b56fef5c7eb3bca83e6d0c5076d848c94d14afae03dc42&amp;width=767\" alt=\"Luis Adv\u00edncula dej\u00f3 atr\u00e1s los problemas f\u00edsicos y podr\u00eda estar de arranque ante River (Foto: Instagram @bocajrs)\" width=\"767\" height=\"1004\" data-testid=\"loading-testid\" \/><\/picture><\/div>\n<\/figure>\n<p class=\"paragraph\">El choque del s\u00e1bado ser\u00e1 crucial para el futuro de Diego Mart\u00ednez. Tras quedar eliminado de la Copa Sudamericana, el Xeneize pone todas sus expectativas en la Liga Profesional, donde sufre la irregularidad y se ubica d\u00e9cimo con 21 puntos, y la Copa Argentina, en la que se medir\u00e1 ante Gimnasia La Plata por los cuartos de final.<\/p>\n<h2 class=\"font--primary\"><strong>Cu\u00e1ndo se juega el Supercl\u00e1sico entre Boca y River por la Liga Profesional<\/strong><\/h2>\n<p class=\"paragraph\">Boca y River se medir\u00e1n el\u00a0<b>s\u00e1bado 21 de septiembre desde las 16 en la Bombonera<\/b>\u00a0por la fecha 15 de la Liga Profesional. El encuentro contar\u00e1 con la transmisi\u00f3n de<i>\u00a0ESPN Premium\u00a0<\/i>y<i>\u00a0TNT Sports .<\/i><\/p>\n","protected":false},"excerpt":{"rendered":"<p>Tras la derrota ante Racing, el Xeneize trabaja con la mente puesta en el choque del s\u00e1bado contra River en la Bombonera.<\/p>\n","protected":false},"author":8,"featured_media":196947,"comment_status":"open","ping_status":"open","sticky":false,"template":"","format":"standard","meta":{"fifu_image_url":"","fifu_image_alt":"","footnotes":""},"categories":[13],"tags":[384,3528,3403],"class_list":{"0":"post-198179","1":"post","2":"type-post","3":"status-publish","4":"format-standard","5":"has-post-thumbnail","7":"category-deportes","8":"tag-boca-juniors","9":"tag-river-plate","10":"tag-superclasico"},"yoast_head":"<title>Boca: qui\u00e9nes son los jugadores que podr\u00edan estar en el Supercl\u00e1sico - Informe Litoral<\/title>\n<meta name=\"robots\" content=\"index, follow, max-snippet:-1, max-image-preview:large, max-video-preview:-1\" \/>\n<link rel=\"canonical\" href=\"https:\/\/informelitoral.com.ar\/boca-quienes-son-los-jugadores-que-podrian-estar-en-el-superclasico\/\" \/>\n<meta property=\"og:locale\" content=\"es_ES\" \/>\n<meta property=\"og:type\" content=\"article\" \/>\n<meta property=\"og:title\" content=\"Boca: qui\u00e9nes son los jugadores que podr\u00edan estar en el Supercl\u00e1sico - Informe Litoral\" \/>\n<meta property=\"og:description\" content=\"Tras la derrota ante Racing, el Xeneize trabaja con la mente puesta en el choque del s\u00e1bado contra River en la Bombonera.\" \/>\n<meta property=\"og:url\" content=\"https:\/\/informelitoral.com.ar\/boca-quienes-son-los-jugadores-que-podrian-estar-en-el-superclasico\/\" \/>\n<meta property=\"og:site_name\" content=\"Informe Litoral\" \/>\n<meta property=\"article:publisher\" content=\"https:\/\/www.facebook.com\/informelitoral\/\" \/>\n<meta property=\"article:published_time\" content=\"2024-09-17T14:20:35+00:00\" \/>\n<meta property=\"article:modified_time\" content=\"2024-09-17T14:24:36+00:00\" \/>\n<meta property=\"og:image\" content=\"https:\/\/informelitoral.com.ar\/%77%70%2d%63%6f%6e%74%65%6e%74\/uploads\/2024\/09\/River-Boca.jpeg\" \/>\n\t<meta property=\"og:image:width\" content=\"1250\" \/>\n\t<meta property=\"og:image:height\" content=\"735\" \/>\n\t<meta property=\"og:image:type\" content=\"image\/jpeg\" \/>\n<meta name=\"author\" content=\"Sebastian\" \/>\n<meta name=\"twitter:card\" content=\"summary_large_image\" \/>\n<meta name=\"twitter:creator\" content=\"@InformeLitoral\" \/>\n<meta name=\"twitter:site\" content=\"@InformeLitoral\" \/>\n<meta name=\"twitter:label1\" content=\"Escrito por\" \/>\n\t<meta name=\"twitter:data1\" content=\"Sebastian\" \/>\n\t<meta name=\"twitter:label2\" content=\"Tiempo de lectura\" \/>\n\t<meta name=\"twitter:data2\" content=\"1 minuto\" \/>\n<script type=\"application\/ld+json\" class=\"yoast-schema-graph\">{\"@context\":\"https:\\\/\\\/schema.org\",\"@graph\":[{\"@type\":\"Article\",\"@id\":\"https:\\\/\\\/informelitoral.com.ar\\\/boca-quienes-son-los-jugadores-que-podrian-estar-en-el-superclasico\\\/#article\",\"isPartOf\":{\"@id\":\"https:\\\/\\\/informelitoral.com.ar\\\/boca-quienes-son-los-jugadores-que-podrian-estar-en-el-superclasico\\\/\"},\"author\":{\"name\":\"Sebastian\",\"@id\":\"https:\\\/\\\/informelitoral.com.ar\\\/#\\\/schema\\\/person\\\/f05f9f461677119578717524b127d6d5\"},\"headline\":\"Boca: qui\u00e9nes son los jugadores que podr\u00edan estar en el Supercl\u00e1sico\",\"datePublished\":\"2024-09-17T14:20:35+00:00\",\"dateModified\":\"2024-09-17T14:24:36+00:00\",\"mainEntityOfPage\":{\"@id\":\"https:\\\/\\\/informelitoral.com.ar\\\/boca-quienes-son-los-jugadores-que-podrian-estar-en-el-superclasico\\\/\"},\"wordCount\":285,\"commentCount\":0,\"publisher\":{\"@id\":\"https:\\\/\\\/informelitoral.com.ar\\\/#organization\"},\"image\":{\"@id\":\"https:\\\/\\\/informelitoral.com.ar\\\/boca-quienes-son-los-jugadores-que-podrian-estar-en-el-superclasico\\\/#primaryimage\"},\"thumbnailUrl\":\"https:\\\/\\\/informelitoral.com.ar\\\/%77%70%2d%63%6f%6e%74%65%6e%74\\\/uploads\\\/2024\\\/09\\\/River-Boca.jpeg\",\"keywords\":[\"Boca Juniors\",\"River Plate\",\"Supercl\u00e1sico\"],\"articleSection\":[\"Deportes\"],\"inLanguage\":\"es\",\"potentialAction\":[{\"@type\":\"CommentAction\",\"name\":\"Comment\",\"target\":[\"https:\\\/\\\/informelitoral.com.ar\\\/boca-quienes-son-los-jugadores-que-podrian-estar-en-el-superclasico\\\/#respond\"]}]},{\"@type\":\"WebPage\",\"@id\":\"https:\\\/\\\/informelitoral.com.ar\\\/boca-quienes-son-los-jugadores-que-podrian-estar-en-el-superclasico\\\/\",\"url\":\"https:\\\/\\\/informelitoral.com.ar\\\/boca-quienes-son-los-jugadores-que-podrian-estar-en-el-superclasico\\\/\",\"name\":\"Boca: qui\u00e9nes son los jugadores que podr\u00edan estar en el Supercl\u00e1sico - Informe Litoral\",\"isPartOf\":{\"@id\":\"https:\\\/\\\/informelitoral.com.ar\\\/#website\"},\"primaryImageOfPage\":{\"@id\":\"https:\\\/\\\/informelitoral.com.ar\\\/boca-quienes-son-los-jugadores-que-podrian-estar-en-el-superclasico\\\/#primaryimage\"},\"image\":{\"@id\":\"https:\\\/\\\/informelitoral.com.ar\\\/boca-quienes-son-los-jugadores-que-podrian-estar-en-el-superclasico\\\/#primaryimage\"},\"thumbnailUrl\":\"https:\\\/\\\/informelitoral.com.ar\\\/%77%70%2d%63%6f%6e%74%65%6e%74\\\/uploads\\\/2024\\\/09\\\/River-Boca.jpeg\",\"datePublished\":\"2024-09-17T14:20:35+00:00\",\"dateModified\":\"2024-09-17T14:24:36+00:00\",\"breadcrumb\":{\"@id\":\"https:\\\/\\\/informelitoral.com.ar\\\/boca-quienes-son-los-jugadores-que-podrian-estar-en-el-superclasico\\\/#breadcrumb\"},\"inLanguage\":\"es\",\"potentialAction\":[{\"@type\":\"ReadAction\",\"target\":[\"https:\\\/\\\/informelitoral.com.ar\\\/boca-quienes-son-los-jugadores-que-podrian-estar-en-el-superclasico\\\/\"]}]},{\"@type\":\"ImageObject\",\"inLanguage\":\"es\",\"@id\":\"https:\\\/\\\/informelitoral.com.ar\\\/boca-quienes-son-los-jugadores-que-podrian-estar-en-el-superclasico\\\/#primaryimage\",\"url\":\"https:\\\/\\\/informelitoral.com.ar\\\/%77%70%2d%63%6f%6e%74%65%6e%74\\\/uploads\\\/2024\\\/09\\\/River-Boca.jpeg\",\"contentUrl\":\"https:\\\/\\\/informelitoral.com.ar\\\/%77%70%2d%63%6f%6e%74%65%6e%74\\\/uploads\\\/2024\\\/09\\\/River-Boca.jpeg\",\"width\":1250,\"height\":735},{\"@type\":\"BreadcrumbList\",\"@id\":\"https:\\\/\\\/informelitoral.com.ar\\\/boca-quienes-son-los-jugadores-que-podrian-estar-en-el-superclasico\\\/#breadcrumb\",\"itemListElement\":[{\"@type\":\"ListItem\",\"position\":1,\"name\":\"Portada\",\"item\":\"https:\\\/\\\/informelitoral.com.ar\\\/\"},{\"@type\":\"ListItem\",\"position\":2,\"name\":\"Boca: qui\u00e9nes son los jugadores que podr\u00edan estar en el Supercl\u00e1sico\"}]},{\"@type\":\"WebSite\",\"@id\":\"https:\\\/\\\/informelitoral.com.ar\\\/#website\",\"url\":\"https:\\\/\\\/informelitoral.com.ar\\\/\",\"name\":\"Informe Litoral\",\"description\":\"&quot;Nos informamos&quot; \",\"publisher\":{\"@id\":\"https:\\\/\\\/informelitoral.com.ar\\\/#organization\"},\"potentialAction\":[{\"@type\":\"SearchAction\",\"target\":{\"@type\":\"EntryPoint\",\"urlTemplate\":\"https:\\\/\\\/informelitoral.com.ar\\\/?s={search_term_string}\"},\"query-input\":{\"@type\":\"PropertyValueSpecification\",\"valueRequired\":true,\"valueName\":\"search_term_string\"}}],\"inLanguage\":\"es\"},{\"@type\":\"Organization\",\"@id\":\"https:\\\/\\\/informelitoral.com.ar\\\/#organization\",\"name\":\"Informe Litoral\",\"url\":\"https:\\\/\\\/informelitoral.com.ar\\\/\",\"logo\":{\"@type\":\"ImageObject\",\"inLanguage\":\"es\",\"@id\":\"https:\\\/\\\/informelitoral.com.ar\\\/#\\\/schema\\\/logo\\\/image\\\/\",\"url\":\"https:\\\/\\\/informelitoral.com.ar\\\/%77%70%2d%63%6f%6e%74%65%6e%74\\\/uploads\\\/2021\\\/01\\\/circulo.png\",\"contentUrl\":\"https:\\\/\\\/informelitoral.com.ar\\\/%77%70%2d%63%6f%6e%74%65%6e%74\\\/uploads\\\/2021\\\/01\\\/circulo.png\",\"width\":723,\"height\":731,\"caption\":\"Informe Litoral\"},\"image\":{\"@id\":\"https:\\\/\\\/informelitoral.com.ar\\\/#\\\/schema\\\/logo\\\/image\\\/\"},\"sameAs\":[\"https:\\\/\\\/www.facebook.com\\\/informelitoral\\\/\",\"https:\\\/\\\/x.com\\\/InformeLitoral\",\"https:\\\/\\\/www.instagram.com\\\/informelitoral\\\/\",\"https:\\\/\\\/www.youtube.com\\\/channel\\\/UCua4Qvz8Icb6MYqhoq9xLXw\"]},{\"@type\":\"Person\",\"@id\":\"https:\\\/\\\/informelitoral.com.ar\\\/#\\\/schema\\\/person\\\/f05f9f461677119578717524b127d6d5\",\"name\":\"Sebastian\",\"image\":{\"@type\":\"ImageObject\",\"inLanguage\":\"es\",\"@id\":\"https:\\\/\\\/secure.gravatar.com\\\/avatar\\\/b71bf7481d447dfb9583c7f2798e7cc64de6efb9067b74633ed8c31059a3bd82?s=96&d=mm&r=g\",\"url\":\"https:\\\/\\\/secure.gravatar.com\\\/avatar\\\/b71bf7481d447dfb9583c7f2798e7cc64de6efb9067b74633ed8c31059a3bd82?s=96&d=mm&r=g\",\"contentUrl\":\"https:\\\/\\\/secure.gravatar.com\\\/avatar\\\/b71bf7481d447dfb9583c7f2798e7cc64de6efb9067b74633ed8c31059a3bd82?s=96&d=mm&r=g\",\"caption\":\"Sebastian\"},\"url\":\"https:\\\/\\\/informelitoral.com.ar\\\/author\\\/sebastian\\\/\"}]}<\/script>","yoast_head_json":{"title":"Boca: qui\u00e9nes son los jugadores que podr\u00edan estar en el Supercl\u00e1sico - Informe Litoral","robots":{"index":"index","follow":"follow","max-snippet":"max-snippet:-1","max-image-preview":"max-image-preview:large","max-video-preview":"max-video-preview:-1"},"canonical":"https:\/\/informelitoral.com.ar\/boca-quienes-son-los-jugadores-que-podrian-estar-en-el-superclasico\/","og_locale":"es_ES","og_type":"article","og_title":"Boca: qui\u00e9nes son los jugadores que podr\u00edan estar en el Supercl\u00e1sico - Informe Litoral","og_description":"Tras la derrota ante Racing, el Xeneize trabaja con la mente puesta en el choque del s\u00e1bado contra River en la Bombonera.","og_url":"https:\/\/informelitoral.com.ar\/boca-quienes-son-los-jugadores-que-podrian-estar-en-el-superclasico\/","og_site_name":"Informe Litoral","article_publisher":"https:\/\/www.facebook.com\/informelitoral\/","article_published_time":"2024-09-17T14:20:35+00:00","article_modified_time":"2024-09-17T14:24:36+00:00","og_image":[{"width":1250,"height":735,"url":"https:\/\/informelitoral.com.ar\/%77%70%2d%63%6f%6e%74%65%6e%74\/uploads\/2024\/09\/River-Boca.jpeg","type":"image\/jpeg"}],"author":"Sebastian","twitter_card":"summary_large_image","twitter_creator":"@InformeLitoral","twitter_site":"@InformeLitoral","twitter_misc":{"Escrito por":"Sebastian","Tiempo de lectura":"1 minuto"},"schema":{"@context":"https:\/\/schema.org","@graph":[{"@type":"Article","@id":"https:\/\/informelitoral.com.ar\/boca-quienes-son-los-jugadores-que-podrian-estar-en-el-superclasico\/#article","isPartOf":{"@id":"https:\/\/informelitoral.com.ar\/boca-quienes-son-los-jugadores-que-podrian-estar-en-el-superclasico\/"},"author":{"name":"Sebastian","@id":"https:\/\/informelitoral.com.ar\/#\/schema\/person\/f05f9f461677119578717524b127d6d5"},"headline":"Boca: qui\u00e9nes son los jugadores que podr\u00edan estar en el Supercl\u00e1sico","datePublished":"2024-09-17T14:20:35+00:00","dateModified":"2024-09-17T14:24:36+00:00","mainEntityOfPage":{"@id":"https:\/\/informelitoral.com.ar\/boca-quienes-son-los-jugadores-que-podrian-estar-en-el-superclasico\/"},"wordCount":285,"commentCount":0,"publisher":{"@id":"https:\/\/informelitoral.com.ar\/#organization"},"image":{"@id":"https:\/\/informelitoral.com.ar\/boca-quienes-son-los-jugadores-que-podrian-estar-en-el-superclasico\/#primaryimage"},"thumbnailUrl":"https:\/\/informelitoral.com.ar\/%77%70%2d%63%6f%6e%74%65%6e%74\/uploads\/2024\/09\/River-Boca.jpeg","keywords":["Boca Juniors","River Plate","Supercl\u00e1sico"],"articleSection":["Deportes"],"inLanguage":"es","potentialAction":[{"@type":"CommentAction","name":"Comment","target":["https:\/\/informelitoral.com.ar\/boca-quienes-son-los-jugadores-que-podrian-estar-en-el-superclasico\/#respond"]}]},{"@type":"WebPage","@id":"https:\/\/informelitoral.com.ar\/boca-quienes-son-los-jugadores-que-podrian-estar-en-el-superclasico\/","url":"https:\/\/informelitoral.com.ar\/boca-quienes-son-los-jugadores-que-podrian-estar-en-el-superclasico\/","name":"Boca: qui\u00e9nes son los jugadores que podr\u00edan estar en el Supercl\u00e1sico - Informe Litoral","isPartOf":{"@id":"https:\/\/informelitoral.com.ar\/#website"},"primaryImageOfPage":{"@id":"https:\/\/informelitoral.com.ar\/boca-quienes-son-los-jugadores-que-podrian-estar-en-el-superclasico\/#primaryimage"},"image":{"@id":"https:\/\/informelitoral.com.ar\/boca-quienes-son-los-jugadores-que-podrian-estar-en-el-superclasico\/#primaryimage"},"thumbnailUrl":"https:\/\/informelitoral.com.ar\/%77%70%2d%63%6f%6e%74%65%6e%74\/uploads\/2024\/09\/River-Boca.jpeg","datePublished":"2024-09-17T14:20:35+00:00","dateModified":"2024-09-17T14:24:36+00:00","breadcrumb":{"@id":"https:\/\/informelitoral.com.ar\/boca-quienes-son-los-jugadores-que-podrian-estar-en-el-superclasico\/#breadcrumb"},"inLanguage":"es","potentialAction":[{"@type":"ReadAction","target":["https:\/\/informelitoral.com.ar\/boca-quienes-son-los-jugadores-que-podrian-estar-en-el-superclasico\/"]}]},{"@type":"ImageObject","inLanguage":"es","@id":"https:\/\/informelitoral.com.ar\/boca-quienes-son-los-jugadores-que-podrian-estar-en-el-superclasico\/#primaryimage","url":"https:\/\/informelitoral.com.ar\/%77%70%2d%63%6f%6e%74%65%6e%74\/uploads\/2024\/09\/River-Boca.jpeg","contentUrl":"https:\/\/informelitoral.com.ar\/%77%70%2d%63%6f%6e%74%65%6e%74\/uploads\/2024\/09\/River-Boca.jpeg","width":1250,"height":735},{"@type":"BreadcrumbList","@id":"https:\/\/informelitoral.com.ar\/boca-quienes-son-los-jugadores-que-podrian-estar-en-el-superclasico\/#breadcrumb","itemListElement":[{"@type":"ListItem","position":1,"name":"Portada","item":"https:\/\/informelitoral.com.ar\/"},{"@type":"ListItem","position":2,"name":"Boca: qui\u00e9nes son los jugadores que podr\u00edan estar en el Supercl\u00e1sico"}]},{"@type":"WebSite","@id":"https:\/\/informelitoral.com.ar\/#website","url":"https:\/\/informelitoral.com.ar\/","name":"Informe Litoral","description":"&quot;Nos informamos&quot; ","publisher":{"@id":"https:\/\/informelitoral.com.ar\/#organization"},"potentialAction":[{"@type":"SearchAction","target":{"@type":"EntryPoint","urlTemplate":"https:\/\/informelitoral.com.ar\/?s={search_term_string}"},"query-input":{"@type":"PropertyValueSpecification","valueRequired":true,"valueName":"search_term_string"}}],"inLanguage":"es"},{"@type":"Organization","@id":"https:\/\/informelitoral.com.ar\/#organization","name":"Informe Litoral","url":"https:\/\/informelitoral.com.ar\/","logo":{"@type":"ImageObject","inLanguage":"es","@id":"https:\/\/informelitoral.com.ar\/#\/schema\/logo\/image\/","url":"https:\/\/informelitoral.com.ar\/%77%70%2d%63%6f%6e%74%65%6e%74\/uploads\/2021\/01\/circulo.png","contentUrl":"https:\/\/informelitoral.com.ar\/%77%70%2d%63%6f%6e%74%65%6e%74\/uploads\/2021\/01\/circulo.png","width":723,"height":731,"caption":"Informe Litoral"},"image":{"@id":"https:\/\/informelitoral.com.ar\/#\/schema\/logo\/image\/"},"sameAs":["https:\/\/www.facebook.com\/informelitoral\/","https:\/\/x.com\/InformeLitoral","https:\/\/www.instagram.com\/informelitoral\/","https:\/\/www.youtube.com\/channel\/UCua4Qvz8Icb6MYqhoq9xLXw"]},{"@type":"Person","@id":"https:\/\/informelitoral.com.ar\/#\/schema\/person\/f05f9f461677119578717524b127d6d5","name":"Sebastian","image":{"@type":"ImageObject","inLanguage":"es","@id":"https:\/\/secure.gravatar.com\/avatar\/b71bf7481d447dfb9583c7f2798e7cc64de6efb9067b74633ed8c31059a3bd82?s=96&d=mm&r=g","url":"https:\/\/secure.gravatar.com\/avatar\/b71bf7481d447dfb9583c7f2798e7cc64de6efb9067b74633ed8c31059a3bd82?s=96&d=mm&r=g","contentUrl":"https:\/\/secure.gravatar.com\/avatar\/b71bf7481d447dfb9583c7f2798e7cc64de6efb9067b74633ed8c31059a3bd82?s=96&d=mm&r=g","caption":"Sebastian"},"url":"https:\/\/informelitoral.com.ar\/author\/sebastian\/"}]}},"_links":{"self":[{"href":"https:\/\/informelitoral.com.ar\/%77%70%2d%6a%73%6f%6e\/wp\/v2\/posts\/198179","targetHints":{"allow":["GET"]}}],"collection":[{"href":"https:\/\/informelitoral.com.ar\/%77%70%2d%6a%73%6f%6e\/wp\/v2\/posts"}],"about":[{"href":"https:\/\/informelitoral.com.ar\/%77%70%2d%6a%73%6f%6e\/wp\/v2\/types\/post"}],"author":[{"embeddable":true,"href":"https:\/\/informelitoral.com.ar\/%77%70%2d%6a%73%6f%6e\/wp\/v2\/users\/8"}],"replies":[{"embeddable":true,"href":"https:\/\/informelitoral.com.ar\/%77%70%2d%6a%73%6f%6e\/wp\/v2\/comments?post=198179"}],"version-history":[{"count":0,"href":"https:\/\/informelitoral.com.ar\/%77%70%2d%6a%73%6f%6e\/wp\/v2\/posts\/198179\/revisions"}],"wp:featuredmedia":[{"embeddable":true,"href":"https:\/\/informelitoral.com.ar\/%77%70%2d%6a%73%6f%6e\/wp\/v2\/media\/196947"}],"wp:attachment":[{"href":"https:\/\/informelitoral.com.ar\/%77%70%2d%6a%73%6f%6e\/wp\/v2\/media?parent=198179"}],"wp:term":[{"taxonomy":"category","embeddable":true,"href":"https:\/\/informelitoral.com.ar\/%77%70%2d%6a%73%6f%6e\/wp\/v2\/categories?post=198179"},{"taxonomy":"post_tag","embeddable":true,"href":"https:\/\/informelitoral.com.ar\/%77%70%2d%6a%73%6f%6e\/wp\/v2\/tags?post=198179"}],"curies":[{"name":"wp","href":"https:\/\/api.w.org\/{rel}","templated":true}]}}