{"id":1977,"date":"2013-05-30T23:26:59","date_gmt":"2013-05-31T02:26:59","guid":{"rendered":"http:\/\/www.isletasnoticias.com.ar\/?p=1977"},"modified":"2013-05-30T23:29:17","modified_gmt":"2013-05-31T02:29:17","slug":"la-escuela-agrotecnica-recibira-la-donacion-de-un-carnero-y-dos-borregas","status":"publish","type":"post","link":"https:\/\/informelitoral.com.ar\/la-escuela-agrotecnica-recibira-la-donacion-de-un-carnero-y-dos-borregas\/","title":{"rendered":"La Escuela Agrot\u00e9cnica recibir\u00e1 la donaci\u00f3n de un carnero y dos borregas"},"content":{"rendered":"<p><strong>\u00a0 Este viernes 31, la Escuela de Educaci\u00f3n Agrot\u00e9cnica (EEAT) \u00a0N\u00b0 153 \u00abHoracio Mann\u00bb de Isletas, recibir\u00e1 la mencionada donaci\u00f3n, por parte de la Caba\u00f1a Ovina \u00abEl Luchador\u00bb de<strong>\u00a0la localidad de Herrera, departamento Uruguay. Adem\u00e1s se realizar\u00e1 una conferencia.<\/strong><\/strong><\/p>\n<p><img loading=\"lazy\" decoding=\"async\" class=\"size-full wp-image-1978 alignright\" alt=\"ESCUELA\" src=\"http:\/\/www.isletasnoticias.com.ar\/%77%70%2d%63%6f%6e%74%65%6e%74\/uploads\/2013\/05\/ESCUELA.jpg\" width=\"206\" height=\"206\" srcset=\"https:\/\/informelitoral.com.ar\/%77%70%2d%63%6f%6e%74%65%6e%74\/uploads\/2013\/05\/ESCUELA.jpg 206w, https:\/\/informelitoral.com.ar\/%77%70%2d%63%6f%6e%74%65%6e%74\/uploads\/2013\/05\/ESCUELA-150x150.jpg 150w\" sizes=\"auto, (max-width: 206px) 100vw, 206px\" \/><\/p>\n<p>La Escuela Agrot\u00e9cnica de Isletas y \u00fanica instituci\u00f3n de este tipo en el departamento\u00a0Diamante, cierra el mes con buenas noticias, ya que recibir\u00e1 la donaci\u00f3n de \u00abun carnero y dos borregas puros de la raza Hampshire Down\u00bb. Coment\u00f3 a <em><strong>ISLETAS NOTICIAS, <\/strong><\/em>el prof.<em> <strong>Juan Caram.<\/strong><\/em> El\u00a0m\u00e9dico veterinario, agreg\u00f3 que en la oportunidad, \u00a0los propietarios de la caba\u00f1a de apellido Taffarel, brindar\u00e1n una conferencia sobre \u00abnutrici\u00f3n y manejo de gen\u00e9tica en ovinos\u00bb. La misma estar\u00e1 destinada a alumnos y docentes de la instituci\u00f3n educativa local.<\/p>\n","protected":false},"excerpt":{"rendered":"<p>&nbsp; Este viernes 31, la Escuela de Educaci&oacute;n Agrot&eacute;cnica (EEAT) &nbsp;N&deg; 153 &laquo;Horacio Mann&raquo; de Isletas, recibir&aacute; la mencionada donaci&oacute;n, por parte de la Caba&ntilde;a Ovina &laquo;El Luchador&raquo; de&nbsp;la localidad de Herrera, departamento Uruguay. Adem&aacute;s se realizar&aacute; una conferencia. La Escuela Agrot&eacute;cnica de Isletas y &uacute;nica instituci&oacute;n de este tipo en el departamento&nbsp;Diamante, cierra el [&hellip;]<\/p>\n","protected":false},"author":2,"featured_media":0,"comment_status":"open","ping_status":"open","sticky":false,"template":"","format":"standard","meta":{"fifu_image_url":"","fifu_image_alt":"","footnotes":""},"categories":[5,4],"tags":[],"class_list":{"0":"post-1977","1":"post","2":"type-post","3":"status-publish","4":"format-standard","6":"category-zonales","7":"category-locales"},"yoast_head":"<title>La Escuela Agrot\u00e9cnica recibir\u00e1 la donaci\u00f3n de un carnero y dos borregas - Informe Litoral<\/title>\n<meta name=\"robots\" content=\"index, follow, max-snippet:-1, max-image-preview:large, max-video-preview:-1\" \/>\n<link rel=\"canonical\" href=\"https:\/\/informelitoral.com.ar\/la-escuela-agrotecnica-recibira-la-donacion-de-un-carnero-y-dos-borregas\/\" \/>\n<meta property=\"og:locale\" content=\"es_ES\" \/>\n<meta property=\"og:type\" content=\"article\" \/>\n<meta property=\"og:title\" content=\"La Escuela Agrot\u00e9cnica recibir\u00e1 la donaci\u00f3n de un carnero y dos borregas - Informe Litoral\" \/>\n<meta property=\"og:description\" content=\"&nbsp; Este viernes 31, la Escuela de Educaci&oacute;n Agrot&eacute;cnica (EEAT) &nbsp;N&deg; 153 &laquo;Horacio Mann&raquo; de Isletas, recibir&aacute; la mencionada donaci&oacute;n, por parte de la Caba&ntilde;a Ovina &laquo;El Luchador&raquo; de&nbsp;la localidad de Herrera, departamento Uruguay. Adem&aacute;s se realizar&aacute; una conferencia. La Escuela Agrot&eacute;cnica de Isletas y &uacute;nica instituci&oacute;n de este tipo en el departamento&nbsp;Diamante, cierra el [&hellip;]\" \/>\n<meta property=\"og:url\" content=\"https:\/\/informelitoral.com.ar\/la-escuela-agrotecnica-recibira-la-donacion-de-un-carnero-y-dos-borregas\/\" \/>\n<meta property=\"og:site_name\" content=\"Informe Litoral\" \/>\n<meta property=\"article:publisher\" content=\"https:\/\/www.facebook.com\/informelitoral\/\" \/>\n<meta property=\"article:published_time\" content=\"2013-05-31T02:26:59+00:00\" \/>\n<meta property=\"article:modified_time\" content=\"2013-05-31T02:29:17+00:00\" \/>\n<meta property=\"og:image\" content=\"https:\/\/informelitoral.com.ar\/%77%70%2d%63%6f%6e%74%65%6e%74\/uploads\/2013\/05\/ESCUELA.jpg\" \/>\n\t<meta property=\"og:image:width\" content=\"206\" \/>\n\t<meta property=\"og:image:height\" content=\"206\" \/>\n\t<meta property=\"og:image:type\" content=\"image\/jpeg\" \/>\n<meta name=\"author\" content=\"Gonzalo Schmidt\" \/>\n<meta name=\"twitter:card\" content=\"summary_large_image\" \/>\n<meta name=\"twitter:creator\" content=\"@InformeLitoral\" \/>\n<meta name=\"twitter:site\" content=\"@InformeLitoral\" \/>\n<meta name=\"twitter:label1\" content=\"Escrito por\" \/>\n\t<meta name=\"twitter:data1\" content=\"Gonzalo Schmidt\" \/>\n\t<meta name=\"twitter:label2\" content=\"Tiempo de lectura\" \/>\n\t<meta name=\"twitter:data2\" content=\"1 minuto\" \/>\n<script type=\"application\/ld+json\" class=\"yoast-schema-graph\">{\"@context\":\"https:\\\/\\\/schema.org\",\"@graph\":[{\"@type\":\"Article\",\"@id\":\"https:\\\/\\\/informelitoral.com.ar\\\/la-escuela-agrotecnica-recibira-la-donacion-de-un-carnero-y-dos-borregas\\\/#article\",\"isPartOf\":{\"@id\":\"https:\\\/\\\/informelitoral.com.ar\\\/la-escuela-agrotecnica-recibira-la-donacion-de-un-carnero-y-dos-borregas\\\/\"},\"author\":{\"name\":\"Gonzalo Schmidt\",\"@id\":\"https:\\\/\\\/informelitoral.com.ar\\\/#\\\/schema\\\/person\\\/b9d00407c836482871ef1d57bf8e3180\"},\"headline\":\"La Escuela Agrot\u00e9cnica recibir\u00e1 la donaci\u00f3n de un carnero y dos borregas\",\"datePublished\":\"2013-05-31T02:26:59+00:00\",\"dateModified\":\"2013-05-31T02:29:17+00:00\",\"mainEntityOfPage\":{\"@id\":\"https:\\\/\\\/informelitoral.com.ar\\\/la-escuela-agrotecnica-recibira-la-donacion-de-un-carnero-y-dos-borregas\\\/\"},\"wordCount\":151,\"commentCount\":0,\"publisher\":{\"@id\":\"https:\\\/\\\/informelitoral.com.ar\\\/#organization\"},\"image\":{\"@id\":\"https:\\\/\\\/informelitoral.com.ar\\\/la-escuela-agrotecnica-recibira-la-donacion-de-un-carnero-y-dos-borregas\\\/#primaryimage\"},\"thumbnailUrl\":\"http:\\\/\\\/www.isletasnoticias.com.ar\\\/%77%70%2d%63%6f%6e%74%65%6e%74\\\/uploads\\\/2013\\\/05\\\/ESCUELA.jpg\",\"articleSection\":[\"Departamento Diamante\",\"Isletas\"],\"inLanguage\":\"es\",\"potentialAction\":[{\"@type\":\"CommentAction\",\"name\":\"Comment\",\"target\":[\"https:\\\/\\\/informelitoral.com.ar\\\/la-escuela-agrotecnica-recibira-la-donacion-de-un-carnero-y-dos-borregas\\\/#respond\"]}]},{\"@type\":\"WebPage\",\"@id\":\"https:\\\/\\\/informelitoral.com.ar\\\/la-escuela-agrotecnica-recibira-la-donacion-de-un-carnero-y-dos-borregas\\\/\",\"url\":\"https:\\\/\\\/informelitoral.com.ar\\\/la-escuela-agrotecnica-recibira-la-donacion-de-un-carnero-y-dos-borregas\\\/\",\"name\":\"La Escuela Agrot\u00e9cnica recibir\u00e1 la donaci\u00f3n de un carnero y dos borregas - Informe Litoral\",\"isPartOf\":{\"@id\":\"https:\\\/\\\/informelitoral.com.ar\\\/#website\"},\"primaryImageOfPage\":{\"@id\":\"https:\\\/\\\/informelitoral.com.ar\\\/la-escuela-agrotecnica-recibira-la-donacion-de-un-carnero-y-dos-borregas\\\/#primaryimage\"},\"image\":{\"@id\":\"https:\\\/\\\/informelitoral.com.ar\\\/la-escuela-agrotecnica-recibira-la-donacion-de-un-carnero-y-dos-borregas\\\/#primaryimage\"},\"thumbnailUrl\":\"http:\\\/\\\/www.isletasnoticias.com.ar\\\/%77%70%2d%63%6f%6e%74%65%6e%74\\\/uploads\\\/2013\\\/05\\\/ESCUELA.jpg\",\"datePublished\":\"2013-05-31T02:26:59+00:00\",\"dateModified\":\"2013-05-31T02:29:17+00:00\",\"breadcrumb\":{\"@id\":\"https:\\\/\\\/informelitoral.com.ar\\\/la-escuela-agrotecnica-recibira-la-donacion-de-un-carnero-y-dos-borregas\\\/#breadcrumb\"},\"inLanguage\":\"es\",\"potentialAction\":[{\"@type\":\"ReadAction\",\"target\":[\"https:\\\/\\\/informelitoral.com.ar\\\/la-escuela-agrotecnica-recibira-la-donacion-de-un-carnero-y-dos-borregas\\\/\"]}]},{\"@type\":\"ImageObject\",\"inLanguage\":\"es\",\"@id\":\"https:\\\/\\\/informelitoral.com.ar\\\/la-escuela-agrotecnica-recibira-la-donacion-de-un-carnero-y-dos-borregas\\\/#primaryimage\",\"url\":\"http:\\\/\\\/www.isletasnoticias.com.ar\\\/%77%70%2d%63%6f%6e%74%65%6e%74\\\/uploads\\\/2013\\\/05\\\/ESCUELA.jpg\",\"contentUrl\":\"http:\\\/\\\/www.isletasnoticias.com.ar\\\/%77%70%2d%63%6f%6e%74%65%6e%74\\\/uploads\\\/2013\\\/05\\\/ESCUELA.jpg\"},{\"@type\":\"BreadcrumbList\",\"@id\":\"https:\\\/\\\/informelitoral.com.ar\\\/la-escuela-agrotecnica-recibira-la-donacion-de-un-carnero-y-dos-borregas\\\/#breadcrumb\",\"itemListElement\":[{\"@type\":\"ListItem\",\"position\":1,\"name\":\"Portada\",\"item\":\"https:\\\/\\\/informelitoral.com.ar\\\/\"},{\"@type\":\"ListItem\",\"position\":2,\"name\":\"La Escuela Agrot\u00e9cnica recibir\u00e1 la donaci\u00f3n de un carnero y dos borregas\"}]},{\"@type\":\"WebSite\",\"@id\":\"https:\\\/\\\/informelitoral.com.ar\\\/#website\",\"url\":\"https:\\\/\\\/informelitoral.com.ar\\\/\",\"name\":\"Informe Litoral\",\"description\":\"&quot;Nos informamos&quot; \",\"publisher\":{\"@id\":\"https:\\\/\\\/informelitoral.com.ar\\\/#organization\"},\"potentialAction\":[{\"@type\":\"SearchAction\",\"target\":{\"@type\":\"EntryPoint\",\"urlTemplate\":\"https:\\\/\\\/informelitoral.com.ar\\\/?s={search_term_string}\"},\"query-input\":{\"@type\":\"PropertyValueSpecification\",\"valueRequired\":true,\"valueName\":\"search_term_string\"}}],\"inLanguage\":\"es\"},{\"@type\":\"Organization\",\"@id\":\"https:\\\/\\\/informelitoral.com.ar\\\/#organization\",\"name\":\"Informe Litoral\",\"url\":\"https:\\\/\\\/informelitoral.com.ar\\\/\",\"logo\":{\"@type\":\"ImageObject\",\"inLanguage\":\"es\",\"@id\":\"https:\\\/\\\/informelitoral.com.ar\\\/#\\\/schema\\\/logo\\\/image\\\/\",\"url\":\"https:\\\/\\\/informelitoral.com.ar\\\/%77%70%2d%63%6f%6e%74%65%6e%74\\\/uploads\\\/2021\\\/01\\\/circulo.png\",\"contentUrl\":\"https:\\\/\\\/informelitoral.com.ar\\\/%77%70%2d%63%6f%6e%74%65%6e%74\\\/uploads\\\/2021\\\/01\\\/circulo.png\",\"width\":723,\"height\":731,\"caption\":\"Informe Litoral\"},\"image\":{\"@id\":\"https:\\\/\\\/informelitoral.com.ar\\\/#\\\/schema\\\/logo\\\/image\\\/\"},\"sameAs\":[\"https:\\\/\\\/www.facebook.com\\\/informelitoral\\\/\",\"https:\\\/\\\/x.com\\\/InformeLitoral\",\"https:\\\/\\\/www.instagram.com\\\/informelitoral\\\/\",\"https:\\\/\\\/www.youtube.com\\\/channel\\\/UCua4Qvz8Icb6MYqhoq9xLXw\"]},{\"@type\":\"Person\",\"@id\":\"https:\\\/\\\/informelitoral.com.ar\\\/#\\\/schema\\\/person\\\/b9d00407c836482871ef1d57bf8e3180\",\"name\":\"Gonzalo Schmidt\",\"image\":{\"@type\":\"ImageObject\",\"inLanguage\":\"es\",\"@id\":\"https:\\\/\\\/secure.gravatar.com\\\/avatar\\\/31a1a7b66ff2de83bd0e9fd79d026630d2d99e55e8bfe501287647b4fd9743de?s=96&d=mm&r=g\",\"url\":\"https:\\\/\\\/secure.gravatar.com\\\/avatar\\\/31a1a7b66ff2de83bd0e9fd79d026630d2d99e55e8bfe501287647b4fd9743de?s=96&d=mm&r=g\",\"contentUrl\":\"https:\\\/\\\/secure.gravatar.com\\\/avatar\\\/31a1a7b66ff2de83bd0e9fd79d026630d2d99e55e8bfe501287647b4fd9743de?s=96&d=mm&r=g\",\"caption\":\"Gonzalo Schmidt\"},\"description\":\"Sitio web de noticias de la provincia de Entre R\u00edos, Argentina. Informaci\u00f3n y entretenimiento. Informe Litoral, nos informamos.\",\"sameAs\":[\"http:\\\/\\\/www.isletasnoticias.com.ar\"],\"url\":\"https:\\\/\\\/informelitoral.com.ar\\\/author\\\/gonzalo\\\/\"}]}<\/script>","yoast_head_json":{"title":"La Escuela Agrot\u00e9cnica recibir\u00e1 la donaci\u00f3n de un carnero y dos borregas - Informe Litoral","robots":{"index":"index","follow":"follow","max-snippet":"max-snippet:-1","max-image-preview":"max-image-preview:large","max-video-preview":"max-video-preview:-1"},"canonical":"https:\/\/informelitoral.com.ar\/la-escuela-agrotecnica-recibira-la-donacion-de-un-carnero-y-dos-borregas\/","og_locale":"es_ES","og_type":"article","og_title":"La Escuela Agrot\u00e9cnica recibir\u00e1 la donaci\u00f3n de un carnero y dos borregas - Informe Litoral","og_description":"&nbsp; Este viernes 31, la Escuela de Educaci&oacute;n Agrot&eacute;cnica (EEAT) &nbsp;N&deg; 153 &laquo;Horacio Mann&raquo; de Isletas, recibir&aacute; la mencionada donaci&oacute;n, por parte de la Caba&ntilde;a Ovina &laquo;El Luchador&raquo; de&nbsp;la localidad de Herrera, departamento Uruguay. Adem&aacute;s se realizar&aacute; una conferencia. La Escuela Agrot&eacute;cnica de Isletas y &uacute;nica instituci&oacute;n de este tipo en el departamento&nbsp;Diamante, cierra el [&hellip;]","og_url":"https:\/\/informelitoral.com.ar\/la-escuela-agrotecnica-recibira-la-donacion-de-un-carnero-y-dos-borregas\/","og_site_name":"Informe Litoral","article_publisher":"https:\/\/www.facebook.com\/informelitoral\/","article_published_time":"2013-05-31T02:26:59+00:00","article_modified_time":"2013-05-31T02:29:17+00:00","og_image":[{"width":206,"height":206,"url":"https:\/\/informelitoral.com.ar\/%77%70%2d%63%6f%6e%74%65%6e%74\/uploads\/2013\/05\/ESCUELA.jpg","type":"image\/jpeg"}],"author":"Gonzalo Schmidt","twitter_card":"summary_large_image","twitter_creator":"@InformeLitoral","twitter_site":"@InformeLitoral","twitter_misc":{"Escrito por":"Gonzalo Schmidt","Tiempo de lectura":"1 minuto"},"schema":{"@context":"https:\/\/schema.org","@graph":[{"@type":"Article","@id":"https:\/\/informelitoral.com.ar\/la-escuela-agrotecnica-recibira-la-donacion-de-un-carnero-y-dos-borregas\/#article","isPartOf":{"@id":"https:\/\/informelitoral.com.ar\/la-escuela-agrotecnica-recibira-la-donacion-de-un-carnero-y-dos-borregas\/"},"author":{"name":"Gonzalo Schmidt","@id":"https:\/\/informelitoral.com.ar\/#\/schema\/person\/b9d00407c836482871ef1d57bf8e3180"},"headline":"La Escuela Agrot\u00e9cnica recibir\u00e1 la donaci\u00f3n de un carnero y dos borregas","datePublished":"2013-05-31T02:26:59+00:00","dateModified":"2013-05-31T02:29:17+00:00","mainEntityOfPage":{"@id":"https:\/\/informelitoral.com.ar\/la-escuela-agrotecnica-recibira-la-donacion-de-un-carnero-y-dos-borregas\/"},"wordCount":151,"commentCount":0,"publisher":{"@id":"https:\/\/informelitoral.com.ar\/#organization"},"image":{"@id":"https:\/\/informelitoral.com.ar\/la-escuela-agrotecnica-recibira-la-donacion-de-un-carnero-y-dos-borregas\/#primaryimage"},"thumbnailUrl":"http:\/\/www.isletasnoticias.com.ar\/%77%70%2d%63%6f%6e%74%65%6e%74\/uploads\/2013\/05\/ESCUELA.jpg","articleSection":["Departamento Diamante","Isletas"],"inLanguage":"es","potentialAction":[{"@type":"CommentAction","name":"Comment","target":["https:\/\/informelitoral.com.ar\/la-escuela-agrotecnica-recibira-la-donacion-de-un-carnero-y-dos-borregas\/#respond"]}]},{"@type":"WebPage","@id":"https:\/\/informelitoral.com.ar\/la-escuela-agrotecnica-recibira-la-donacion-de-un-carnero-y-dos-borregas\/","url":"https:\/\/informelitoral.com.ar\/la-escuela-agrotecnica-recibira-la-donacion-de-un-carnero-y-dos-borregas\/","name":"La Escuela Agrot\u00e9cnica recibir\u00e1 la donaci\u00f3n de un carnero y dos borregas - Informe Litoral","isPartOf":{"@id":"https:\/\/informelitoral.com.ar\/#website"},"primaryImageOfPage":{"@id":"https:\/\/informelitoral.com.ar\/la-escuela-agrotecnica-recibira-la-donacion-de-un-carnero-y-dos-borregas\/#primaryimage"},"image":{"@id":"https:\/\/informelitoral.com.ar\/la-escuela-agrotecnica-recibira-la-donacion-de-un-carnero-y-dos-borregas\/#primaryimage"},"thumbnailUrl":"http:\/\/www.isletasnoticias.com.ar\/%77%70%2d%63%6f%6e%74%65%6e%74\/uploads\/2013\/05\/ESCUELA.jpg","datePublished":"2013-05-31T02:26:59+00:00","dateModified":"2013-05-31T02:29:17+00:00","breadcrumb":{"@id":"https:\/\/informelitoral.com.ar\/la-escuela-agrotecnica-recibira-la-donacion-de-un-carnero-y-dos-borregas\/#breadcrumb"},"inLanguage":"es","potentialAction":[{"@type":"ReadAction","target":["https:\/\/informelitoral.com.ar\/la-escuela-agrotecnica-recibira-la-donacion-de-un-carnero-y-dos-borregas\/"]}]},{"@type":"ImageObject","inLanguage":"es","@id":"https:\/\/informelitoral.com.ar\/la-escuela-agrotecnica-recibira-la-donacion-de-un-carnero-y-dos-borregas\/#primaryimage","url":"http:\/\/www.isletasnoticias.com.ar\/%77%70%2d%63%6f%6e%74%65%6e%74\/uploads\/2013\/05\/ESCUELA.jpg","contentUrl":"http:\/\/www.isletasnoticias.com.ar\/%77%70%2d%63%6f%6e%74%65%6e%74\/uploads\/2013\/05\/ESCUELA.jpg"},{"@type":"BreadcrumbList","@id":"https:\/\/informelitoral.com.ar\/la-escuela-agrotecnica-recibira-la-donacion-de-un-carnero-y-dos-borregas\/#breadcrumb","itemListElement":[{"@type":"ListItem","position":1,"name":"Portada","item":"https:\/\/informelitoral.com.ar\/"},{"@type":"ListItem","position":2,"name":"La Escuela Agrot\u00e9cnica recibir\u00e1 la donaci\u00f3n de un carnero y dos borregas"}]},{"@type":"WebSite","@id":"https:\/\/informelitoral.com.ar\/#website","url":"https:\/\/informelitoral.com.ar\/","name":"Informe Litoral","description":"&quot;Nos informamos&quot; ","publisher":{"@id":"https:\/\/informelitoral.com.ar\/#organization"},"potentialAction":[{"@type":"SearchAction","target":{"@type":"EntryPoint","urlTemplate":"https:\/\/informelitoral.com.ar\/?s={search_term_string}"},"query-input":{"@type":"PropertyValueSpecification","valueRequired":true,"valueName":"search_term_string"}}],"inLanguage":"es"},{"@type":"Organization","@id":"https:\/\/informelitoral.com.ar\/#organization","name":"Informe Litoral","url":"https:\/\/informelitoral.com.ar\/","logo":{"@type":"ImageObject","inLanguage":"es","@id":"https:\/\/informelitoral.com.ar\/#\/schema\/logo\/image\/","url":"https:\/\/informelitoral.com.ar\/%77%70%2d%63%6f%6e%74%65%6e%74\/uploads\/2021\/01\/circulo.png","contentUrl":"https:\/\/informelitoral.com.ar\/%77%70%2d%63%6f%6e%74%65%6e%74\/uploads\/2021\/01\/circulo.png","width":723,"height":731,"caption":"Informe Litoral"},"image":{"@id":"https:\/\/informelitoral.com.ar\/#\/schema\/logo\/image\/"},"sameAs":["https:\/\/www.facebook.com\/informelitoral\/","https:\/\/x.com\/InformeLitoral","https:\/\/www.instagram.com\/informelitoral\/","https:\/\/www.youtube.com\/channel\/UCua4Qvz8Icb6MYqhoq9xLXw"]},{"@type":"Person","@id":"https:\/\/informelitoral.com.ar\/#\/schema\/person\/b9d00407c836482871ef1d57bf8e3180","name":"Gonzalo Schmidt","image":{"@type":"ImageObject","inLanguage":"es","@id":"https:\/\/secure.gravatar.com\/avatar\/31a1a7b66ff2de83bd0e9fd79d026630d2d99e55e8bfe501287647b4fd9743de?s=96&d=mm&r=g","url":"https:\/\/secure.gravatar.com\/avatar\/31a1a7b66ff2de83bd0e9fd79d026630d2d99e55e8bfe501287647b4fd9743de?s=96&d=mm&r=g","contentUrl":"https:\/\/secure.gravatar.com\/avatar\/31a1a7b66ff2de83bd0e9fd79d026630d2d99e55e8bfe501287647b4fd9743de?s=96&d=mm&r=g","caption":"Gonzalo Schmidt"},"description":"Sitio web de noticias de la provincia de Entre R\u00edos, Argentina. Informaci\u00f3n y entretenimiento. Informe Litoral, nos informamos.","sameAs":["http:\/\/www.isletasnoticias.com.ar"],"url":"https:\/\/informelitoral.com.ar\/author\/gonzalo\/"}]}},"_links":{"self":[{"href":"https:\/\/informelitoral.com.ar\/%77%70%2d%6a%73%6f%6e\/wp\/v2\/posts\/1977","targetHints":{"allow":["GET"]}}],"collection":[{"href":"https:\/\/informelitoral.com.ar\/%77%70%2d%6a%73%6f%6e\/wp\/v2\/posts"}],"about":[{"href":"https:\/\/informelitoral.com.ar\/%77%70%2d%6a%73%6f%6e\/wp\/v2\/types\/post"}],"author":[{"embeddable":true,"href":"https:\/\/informelitoral.com.ar\/%77%70%2d%6a%73%6f%6e\/wp\/v2\/users\/2"}],"replies":[{"embeddable":true,"href":"https:\/\/informelitoral.com.ar\/%77%70%2d%6a%73%6f%6e\/wp\/v2\/comments?post=1977"}],"version-history":[{"count":0,"href":"https:\/\/informelitoral.com.ar\/%77%70%2d%6a%73%6f%6e\/wp\/v2\/posts\/1977\/revisions"}],"wp:attachment":[{"href":"https:\/\/informelitoral.com.ar\/%77%70%2d%6a%73%6f%6e\/wp\/v2\/media?parent=1977"}],"wp:term":[{"taxonomy":"category","embeddable":true,"href":"https:\/\/informelitoral.com.ar\/%77%70%2d%6a%73%6f%6e\/wp\/v2\/categories?post=1977"},{"taxonomy":"post_tag","embeddable":true,"href":"https:\/\/informelitoral.com.ar\/%77%70%2d%6a%73%6f%6e\/wp\/v2\/tags?post=1977"}],"curies":[{"name":"wp","href":"https:\/\/api.w.org\/{rel}","templated":true}]}}