{"id":1975,"date":"2013-05-30T00:01:21","date_gmt":"2013-05-30T03:01:21","guid":{"rendered":"http:\/\/www.isletasnoticias.com.ar\/?p=1975"},"modified":"2013-05-30T00:01:21","modified_gmt":"2013-05-30T03:01:21","slug":"diputados-convirtio-en-ley-el-blanqueo-de-capitales","status":"publish","type":"post","link":"https:\/\/informelitoral.com.ar\/diputados-convirtio-en-ley-el-blanqueo-de-capitales\/","title":{"rendered":"Diputados convirti\u00f3 en ley el blanqueo de capitales"},"content":{"rendered":"<div><strong>\u00a0 Tras una extensa sesi\u00f3n, la C\u00e1mara baja aprob\u00f3 el proyecto para la exteriorizaci\u00f3n de divisas con 130 votos a favor y 107 en contra. Fue tras una extensa sesi\u00f3n de casi 12 horas.<\/strong><\/div>\n<div>\n<div>\n<div><\/div>\n<div>\n<div><img loading=\"lazy\" decoding=\"async\" title=\"Diputados convirti\u00f3 en ley el blanqueo de capitales | Minutouno.com\" alt=\"Diputados convirti\u00f3 en ley el blanqueo de capitales\" src=\"http:\/\/media.minutouno.com\/adjuntos\/150\/imagenes\/003\/339\/0003339149.jpg\" width=\"602\" height=\"339\" \/><\/div>\n<\/div>\n<div><\/div>\n<\/div>\n<div>\u00a0 Con<b>\u00a0130 votos a favor y 107 en contra<\/b>, la C\u00e1mara de Diputados convirti\u00f3 en ley este mi\u00e9rcoles el proyecto que crea un\u00a0<b>esquema de exteriorizaci\u00f3n voluntaria de capitales en moneda extranjera y distintos instrumentos financieros que impulsa el gobierno nacional\u00a0<\/b>y que\u00a0<span style=\"color: #000000;\"><a href=\"http:\/\/www.minutouno.com\/notas\/288232-el-senado-dio-media-sancion-al-proyecto-blanqueo-capitales\" target=\"_new\"><span style=\"color: #000000;\">ya contaba con media sanci\u00f3n del Senado.<\/span><\/a><\/span><\/div>\n<\/div>\n<div><em id=\"__mceDel\"><br \/>\n<\/em>La sesi\u00f3n comenz\u00f3 a las 12:15 con la presencia de 131 diputados del oficialismo y aliados. Tras casi medio d\u00eda de debate, la iniciativa qued\u00f3 aprobada con 130 votos a favor y 107 en contra.<\/p>\n<p>De esta manera, el bloque del Frente para la Victoria logr\u00f3 convertir en ley la iniciativa del Ejecutivo, en el marco de una sesi\u00f3n especial convocada en la C\u00e1mara de Diputados, tras el dictamen de mayor\u00eda que logr\u00f3 emitir en un plenario de comisiones.<\/p>\n<p>El proyecto de ley para crear un r\u00e9gimen de exteriorizaci\u00f3n voluntaria de capitales en moneda extranjera hab\u00eda obtenido este martes dictamen de comisi\u00f3n y fue aprobado este mi\u00e9rcoles en la C\u00e1mara de Diputados en sesi\u00f3n especial.<\/p>\n<p>La iniciativa, que ya contaba con media sanci\u00f3n del Senado<span style=\"color: #000000;\">,<a href=\"http:\/\/www.minutouno.com\/notas\/288692-diputados-aprobo-comision-el-blanqueo-capitales\" target=\"_new\"><span style=\"color: #000000;\">\u00a0fue tratada en un plenario compuesto por las comisiones de Presupuesto y Hacienda, de Finanzas y de Legislaci\u00f3n General, en segundo del Nuevo Anexo de Diputados.<\/span><\/a><\/span><\/p>\n<p>De acuerdo con el texto del proyecto enviado al<span style=\"color: #000000;\">\u00a0<a href=\"http:\/\/www.minutouno.com\/congreso-a176\" rel=\"176\"><span style=\"color: #000000;\">Congreso<\/span><\/a>\u00a0<\/span>de la Naci\u00f3n por el Poder Ejecutivo, se establece la creaci\u00f3n de instrumentos financieros para -seg\u00fan el texto impulsado por el gobierno-\u00a0<b>\u00abpromover inversiones\u00bb y autorizar al Ministerio de Econom\u00eda y Finanzas P\u00fablicas a emitir el llamado \u00abBono Argentino de Ahorro para el Desarrollo Econ\u00f3mico (BAADE)\u00bb y el \u00abPagar\u00e9 de Ahorro para el Desarrollo Econ\u00f3mico\u00bb.<\/b><\/p>\n<p>La iniciativa, adem\u00e1s,<b>\u00a0habilita \u00abal Banco Central de la Rep\u00fablica Argentina (BCRA) a emitir el &#8216;Certificado de Dep\u00f3sito para Inversi\u00f3n (CEDIN)&#8217; en d\u00f3lares estadounidenses\u00bb y dispone la creaci\u00f3n de un r\u00e9gimen de exteriorizaci\u00f3n voluntaria de moneda extranjera.<\/b><\/p>\n<p>El proyecto cosechaba el rechazo de todo el arco opositor, entre ellos la jefa del GEN, Margarita Stolbizer, en contrapartida present\u00f3 un proyecto de ley para prohibir \u00abtodo tipo de transacciones hacia y desde para\u00edsos fiscales -es decir las transferencias financieras desde la Rep\u00fablica Argentina hacia cualquiera de las jurisdicciones consideradas para\u00edsos fiscales y a la inversa\u00bb.<\/p>\n<p>La propuesta indica adem\u00e1s que\u00a0<b>\u00abel Banco Central, la Comisi\u00f3n Nacional de Valores y a la Administraci\u00f3n Federal de Ingresos P\u00fablicos, deber\u00e1n realizar la actualizaci\u00f3n del listado con las jurisdicciones consideradas para\u00edsos fiscales (Decreto 1344\/98 y sus modificatorias)\u00bb.<\/b>\u00a0(Fuente: Minutouno).<\/div>\n","protected":false},"excerpt":{"rendered":"<p>&nbsp; Tras una extensa sesi&oacute;n, la C&aacute;mara baja aprob&oacute; el proyecto para la exteriorizaci&oacute;n de divisas con 130 votos a favor y 107 en contra. Fue tras una extensa sesi&oacute;n de casi 12 horas. &nbsp; Con&nbsp;130 votos a favor y 107 en contra, la C&aacute;mara de Diputados convirti&oacute; en ley este mi&eacute;rcoles el proyecto que [&hellip;]<\/p>\n","protected":false},"author":2,"featured_media":0,"comment_status":"open","ping_status":"open","sticky":false,"template":"","format":"standard","meta":{"fifu_image_url":"","fifu_image_alt":"","footnotes":""},"categories":[7,16],"tags":[],"class_list":{"0":"post-1975","1":"post","2":"type-post","3":"status-publish","4":"format-standard","6":"category-nacionales","7":"category-politi"},"yoast_head":"<title>Diputados convirti\u00f3 en ley el blanqueo de capitales - Informe Litoral<\/title>\n<meta name=\"robots\" content=\"index, follow, max-snippet:-1, max-image-preview:large, max-video-preview:-1\" \/>\n<link rel=\"canonical\" href=\"https:\/\/informelitoral.com.ar\/diputados-convirtio-en-ley-el-blanqueo-de-capitales\/\" \/>\n<meta property=\"og:locale\" content=\"es_ES\" \/>\n<meta property=\"og:type\" content=\"article\" \/>\n<meta property=\"og:title\" content=\"Diputados convirti\u00f3 en ley el blanqueo de capitales - Informe Litoral\" \/>\n<meta property=\"og:description\" content=\"&nbsp; Tras una extensa sesi&oacute;n, la C&aacute;mara baja aprob&oacute; el proyecto para la exteriorizaci&oacute;n de divisas con 130 votos a favor y 107 en contra. Fue tras una extensa sesi&oacute;n de casi 12 horas. &nbsp; Con&nbsp;130 votos a favor y 107 en contra, la C&aacute;mara de Diputados convirti&oacute; en ley este mi&eacute;rcoles el proyecto que [&hellip;]\" \/>\n<meta property=\"og:url\" content=\"https:\/\/informelitoral.com.ar\/diputados-convirtio-en-ley-el-blanqueo-de-capitales\/\" \/>\n<meta property=\"og:site_name\" content=\"Informe Litoral\" \/>\n<meta property=\"article:publisher\" content=\"https:\/\/www.facebook.com\/informelitoral\/\" \/>\n<meta property=\"article:published_time\" content=\"2013-05-30T03:01:21+00:00\" \/>\n<meta property=\"og:image\" content=\"http:\/\/media.minutouno.com\/adjuntos\/150\/imagenes\/003\/339\/0003339149.jpg\" \/>\n<meta name=\"author\" content=\"Gonzalo Schmidt\" \/>\n<meta name=\"twitter:card\" content=\"summary_large_image\" \/>\n<meta name=\"twitter:creator\" content=\"@InformeLitoral\" \/>\n<meta name=\"twitter:site\" content=\"@InformeLitoral\" \/>\n<meta name=\"twitter:label1\" content=\"Escrito por\" \/>\n\t<meta name=\"twitter:data1\" content=\"Gonzalo Schmidt\" \/>\n\t<meta name=\"twitter:label2\" content=\"Tiempo de lectura\" \/>\n\t<meta name=\"twitter:data2\" content=\"2 minutos\" \/>\n<script type=\"application\/ld+json\" class=\"yoast-schema-graph\">{\"@context\":\"https:\\\/\\\/schema.org\",\"@graph\":[{\"@type\":\"Article\",\"@id\":\"https:\\\/\\\/informelitoral.com.ar\\\/diputados-convirtio-en-ley-el-blanqueo-de-capitales\\\/#article\",\"isPartOf\":{\"@id\":\"https:\\\/\\\/informelitoral.com.ar\\\/diputados-convirtio-en-ley-el-blanqueo-de-capitales\\\/\"},\"author\":{\"name\":\"Gonzalo Schmidt\",\"@id\":\"https:\\\/\\\/informelitoral.com.ar\\\/#\\\/schema\\\/person\\\/b9d00407c836482871ef1d57bf8e3180\"},\"headline\":\"Diputados convirti\u00f3 en ley el blanqueo de capitales\",\"datePublished\":\"2013-05-30T03:01:21+00:00\",\"mainEntityOfPage\":{\"@id\":\"https:\\\/\\\/informelitoral.com.ar\\\/diputados-convirtio-en-ley-el-blanqueo-de-capitales\\\/\"},\"wordCount\":478,\"commentCount\":0,\"publisher\":{\"@id\":\"https:\\\/\\\/informelitoral.com.ar\\\/#organization\"},\"image\":{\"@id\":\"https:\\\/\\\/informelitoral.com.ar\\\/diputados-convirtio-en-ley-el-blanqueo-de-capitales\\\/#primaryimage\"},\"thumbnailUrl\":\"http:\\\/\\\/media.minutouno.com\\\/adjuntos\\\/150\\\/imagenes\\\/003\\\/339\\\/0003339149.jpg\",\"articleSection\":[\"Nacionales\",\"Politica\"],\"inLanguage\":\"es\",\"potentialAction\":[{\"@type\":\"CommentAction\",\"name\":\"Comment\",\"target\":[\"https:\\\/\\\/informelitoral.com.ar\\\/diputados-convirtio-en-ley-el-blanqueo-de-capitales\\\/#respond\"]}]},{\"@type\":\"WebPage\",\"@id\":\"https:\\\/\\\/informelitoral.com.ar\\\/diputados-convirtio-en-ley-el-blanqueo-de-capitales\\\/\",\"url\":\"https:\\\/\\\/informelitoral.com.ar\\\/diputados-convirtio-en-ley-el-blanqueo-de-capitales\\\/\",\"name\":\"Diputados convirti\u00f3 en ley el blanqueo de capitales - Informe Litoral\",\"isPartOf\":{\"@id\":\"https:\\\/\\\/informelitoral.com.ar\\\/#website\"},\"primaryImageOfPage\":{\"@id\":\"https:\\\/\\\/informelitoral.com.ar\\\/diputados-convirtio-en-ley-el-blanqueo-de-capitales\\\/#primaryimage\"},\"image\":{\"@id\":\"https:\\\/\\\/informelitoral.com.ar\\\/diputados-convirtio-en-ley-el-blanqueo-de-capitales\\\/#primaryimage\"},\"thumbnailUrl\":\"http:\\\/\\\/media.minutouno.com\\\/adjuntos\\\/150\\\/imagenes\\\/003\\\/339\\\/0003339149.jpg\",\"datePublished\":\"2013-05-30T03:01:21+00:00\",\"breadcrumb\":{\"@id\":\"https:\\\/\\\/informelitoral.com.ar\\\/diputados-convirtio-en-ley-el-blanqueo-de-capitales\\\/#breadcrumb\"},\"inLanguage\":\"es\",\"potentialAction\":[{\"@type\":\"ReadAction\",\"target\":[\"https:\\\/\\\/informelitoral.com.ar\\\/diputados-convirtio-en-ley-el-blanqueo-de-capitales\\\/\"]}]},{\"@type\":\"ImageObject\",\"inLanguage\":\"es\",\"@id\":\"https:\\\/\\\/informelitoral.com.ar\\\/diputados-convirtio-en-ley-el-blanqueo-de-capitales\\\/#primaryimage\",\"url\":\"http:\\\/\\\/media.minutouno.com\\\/adjuntos\\\/150\\\/imagenes\\\/003\\\/339\\\/0003339149.jpg\",\"contentUrl\":\"http:\\\/\\\/media.minutouno.com\\\/adjuntos\\\/150\\\/imagenes\\\/003\\\/339\\\/0003339149.jpg\"},{\"@type\":\"BreadcrumbList\",\"@id\":\"https:\\\/\\\/informelitoral.com.ar\\\/diputados-convirtio-en-ley-el-blanqueo-de-capitales\\\/#breadcrumb\",\"itemListElement\":[{\"@type\":\"ListItem\",\"position\":1,\"name\":\"Portada\",\"item\":\"https:\\\/\\\/informelitoral.com.ar\\\/\"},{\"@type\":\"ListItem\",\"position\":2,\"name\":\"Diputados convirti\u00f3 en ley el blanqueo de capitales\"}]},{\"@type\":\"WebSite\",\"@id\":\"https:\\\/\\\/informelitoral.com.ar\\\/#website\",\"url\":\"https:\\\/\\\/informelitoral.com.ar\\\/\",\"name\":\"Informe Litoral\",\"description\":\"&quot;Nos informamos&quot; \",\"publisher\":{\"@id\":\"https:\\\/\\\/informelitoral.com.ar\\\/#organization\"},\"potentialAction\":[{\"@type\":\"SearchAction\",\"target\":{\"@type\":\"EntryPoint\",\"urlTemplate\":\"https:\\\/\\\/informelitoral.com.ar\\\/?s={search_term_string}\"},\"query-input\":{\"@type\":\"PropertyValueSpecification\",\"valueRequired\":true,\"valueName\":\"search_term_string\"}}],\"inLanguage\":\"es\"},{\"@type\":\"Organization\",\"@id\":\"https:\\\/\\\/informelitoral.com.ar\\\/#organization\",\"name\":\"Informe Litoral\",\"url\":\"https:\\\/\\\/informelitoral.com.ar\\\/\",\"logo\":{\"@type\":\"ImageObject\",\"inLanguage\":\"es\",\"@id\":\"https:\\\/\\\/informelitoral.com.ar\\\/#\\\/schema\\\/logo\\\/image\\\/\",\"url\":\"https:\\\/\\\/informelitoral.com.ar\\\/%77%70%2d%63%6f%6e%74%65%6e%74\\\/uploads\\\/2021\\\/01\\\/circulo.png\",\"contentUrl\":\"https:\\\/\\\/informelitoral.com.ar\\\/%77%70%2d%63%6f%6e%74%65%6e%74\\\/uploads\\\/2021\\\/01\\\/circulo.png\",\"width\":723,\"height\":731,\"caption\":\"Informe Litoral\"},\"image\":{\"@id\":\"https:\\\/\\\/informelitoral.com.ar\\\/#\\\/schema\\\/logo\\\/image\\\/\"},\"sameAs\":[\"https:\\\/\\\/www.facebook.com\\\/informelitoral\\\/\",\"https:\\\/\\\/x.com\\\/InformeLitoral\",\"https:\\\/\\\/www.instagram.com\\\/informelitoral\\\/\",\"https:\\\/\\\/www.youtube.com\\\/channel\\\/UCua4Qvz8Icb6MYqhoq9xLXw\"]},{\"@type\":\"Person\",\"@id\":\"https:\\\/\\\/informelitoral.com.ar\\\/#\\\/schema\\\/person\\\/b9d00407c836482871ef1d57bf8e3180\",\"name\":\"Gonzalo Schmidt\",\"image\":{\"@type\":\"ImageObject\",\"inLanguage\":\"es\",\"@id\":\"https:\\\/\\\/secure.gravatar.com\\\/avatar\\\/31a1a7b66ff2de83bd0e9fd79d026630d2d99e55e8bfe501287647b4fd9743de?s=96&d=mm&r=g\",\"url\":\"https:\\\/\\\/secure.gravatar.com\\\/avatar\\\/31a1a7b66ff2de83bd0e9fd79d026630d2d99e55e8bfe501287647b4fd9743de?s=96&d=mm&r=g\",\"contentUrl\":\"https:\\\/\\\/secure.gravatar.com\\\/avatar\\\/31a1a7b66ff2de83bd0e9fd79d026630d2d99e55e8bfe501287647b4fd9743de?s=96&d=mm&r=g\",\"caption\":\"Gonzalo Schmidt\"},\"description\":\"Sitio web de noticias de la provincia de Entre R\u00edos, Argentina. Informaci\u00f3n y entretenimiento. Informe Litoral, nos informamos.\",\"sameAs\":[\"http:\\\/\\\/www.isletasnoticias.com.ar\"],\"url\":\"https:\\\/\\\/informelitoral.com.ar\\\/author\\\/gonzalo\\\/\"}]}<\/script>","yoast_head_json":{"title":"Diputados convirti\u00f3 en ley el blanqueo de capitales - Informe Litoral","robots":{"index":"index","follow":"follow","max-snippet":"max-snippet:-1","max-image-preview":"max-image-preview:large","max-video-preview":"max-video-preview:-1"},"canonical":"https:\/\/informelitoral.com.ar\/diputados-convirtio-en-ley-el-blanqueo-de-capitales\/","og_locale":"es_ES","og_type":"article","og_title":"Diputados convirti\u00f3 en ley el blanqueo de capitales - Informe Litoral","og_description":"&nbsp; Tras una extensa sesi&oacute;n, la C&aacute;mara baja aprob&oacute; el proyecto para la exteriorizaci&oacute;n de divisas con 130 votos a favor y 107 en contra. Fue tras una extensa sesi&oacute;n de casi 12 horas. &nbsp; Con&nbsp;130 votos a favor y 107 en contra, la C&aacute;mara de Diputados convirti&oacute; en ley este mi&eacute;rcoles el proyecto que [&hellip;]","og_url":"https:\/\/informelitoral.com.ar\/diputados-convirtio-en-ley-el-blanqueo-de-capitales\/","og_site_name":"Informe Litoral","article_publisher":"https:\/\/www.facebook.com\/informelitoral\/","article_published_time":"2013-05-30T03:01:21+00:00","og_image":[{"url":"http:\/\/media.minutouno.com\/adjuntos\/150\/imagenes\/003\/339\/0003339149.jpg","type":"","width":"","height":""}],"author":"Gonzalo Schmidt","twitter_card":"summary_large_image","twitter_creator":"@InformeLitoral","twitter_site":"@InformeLitoral","twitter_misc":{"Escrito por":"Gonzalo Schmidt","Tiempo de lectura":"2 minutos"},"schema":{"@context":"https:\/\/schema.org","@graph":[{"@type":"Article","@id":"https:\/\/informelitoral.com.ar\/diputados-convirtio-en-ley-el-blanqueo-de-capitales\/#article","isPartOf":{"@id":"https:\/\/informelitoral.com.ar\/diputados-convirtio-en-ley-el-blanqueo-de-capitales\/"},"author":{"name":"Gonzalo Schmidt","@id":"https:\/\/informelitoral.com.ar\/#\/schema\/person\/b9d00407c836482871ef1d57bf8e3180"},"headline":"Diputados convirti\u00f3 en ley el blanqueo de capitales","datePublished":"2013-05-30T03:01:21+00:00","mainEntityOfPage":{"@id":"https:\/\/informelitoral.com.ar\/diputados-convirtio-en-ley-el-blanqueo-de-capitales\/"},"wordCount":478,"commentCount":0,"publisher":{"@id":"https:\/\/informelitoral.com.ar\/#organization"},"image":{"@id":"https:\/\/informelitoral.com.ar\/diputados-convirtio-en-ley-el-blanqueo-de-capitales\/#primaryimage"},"thumbnailUrl":"http:\/\/media.minutouno.com\/adjuntos\/150\/imagenes\/003\/339\/0003339149.jpg","articleSection":["Nacionales","Politica"],"inLanguage":"es","potentialAction":[{"@type":"CommentAction","name":"Comment","target":["https:\/\/informelitoral.com.ar\/diputados-convirtio-en-ley-el-blanqueo-de-capitales\/#respond"]}]},{"@type":"WebPage","@id":"https:\/\/informelitoral.com.ar\/diputados-convirtio-en-ley-el-blanqueo-de-capitales\/","url":"https:\/\/informelitoral.com.ar\/diputados-convirtio-en-ley-el-blanqueo-de-capitales\/","name":"Diputados convirti\u00f3 en ley el blanqueo de capitales - Informe Litoral","isPartOf":{"@id":"https:\/\/informelitoral.com.ar\/#website"},"primaryImageOfPage":{"@id":"https:\/\/informelitoral.com.ar\/diputados-convirtio-en-ley-el-blanqueo-de-capitales\/#primaryimage"},"image":{"@id":"https:\/\/informelitoral.com.ar\/diputados-convirtio-en-ley-el-blanqueo-de-capitales\/#primaryimage"},"thumbnailUrl":"http:\/\/media.minutouno.com\/adjuntos\/150\/imagenes\/003\/339\/0003339149.jpg","datePublished":"2013-05-30T03:01:21+00:00","breadcrumb":{"@id":"https:\/\/informelitoral.com.ar\/diputados-convirtio-en-ley-el-blanqueo-de-capitales\/#breadcrumb"},"inLanguage":"es","potentialAction":[{"@type":"ReadAction","target":["https:\/\/informelitoral.com.ar\/diputados-convirtio-en-ley-el-blanqueo-de-capitales\/"]}]},{"@type":"ImageObject","inLanguage":"es","@id":"https:\/\/informelitoral.com.ar\/diputados-convirtio-en-ley-el-blanqueo-de-capitales\/#primaryimage","url":"http:\/\/media.minutouno.com\/adjuntos\/150\/imagenes\/003\/339\/0003339149.jpg","contentUrl":"http:\/\/media.minutouno.com\/adjuntos\/150\/imagenes\/003\/339\/0003339149.jpg"},{"@type":"BreadcrumbList","@id":"https:\/\/informelitoral.com.ar\/diputados-convirtio-en-ley-el-blanqueo-de-capitales\/#breadcrumb","itemListElement":[{"@type":"ListItem","position":1,"name":"Portada","item":"https:\/\/informelitoral.com.ar\/"},{"@type":"ListItem","position":2,"name":"Diputados convirti\u00f3 en ley el blanqueo de capitales"}]},{"@type":"WebSite","@id":"https:\/\/informelitoral.com.ar\/#website","url":"https:\/\/informelitoral.com.ar\/","name":"Informe Litoral","description":"&quot;Nos informamos&quot; ","publisher":{"@id":"https:\/\/informelitoral.com.ar\/#organization"},"potentialAction":[{"@type":"SearchAction","target":{"@type":"EntryPoint","urlTemplate":"https:\/\/informelitoral.com.ar\/?s={search_term_string}"},"query-input":{"@type":"PropertyValueSpecification","valueRequired":true,"valueName":"search_term_string"}}],"inLanguage":"es"},{"@type":"Organization","@id":"https:\/\/informelitoral.com.ar\/#organization","name":"Informe Litoral","url":"https:\/\/informelitoral.com.ar\/","logo":{"@type":"ImageObject","inLanguage":"es","@id":"https:\/\/informelitoral.com.ar\/#\/schema\/logo\/image\/","url":"https:\/\/informelitoral.com.ar\/%77%70%2d%63%6f%6e%74%65%6e%74\/uploads\/2021\/01\/circulo.png","contentUrl":"https:\/\/informelitoral.com.ar\/%77%70%2d%63%6f%6e%74%65%6e%74\/uploads\/2021\/01\/circulo.png","width":723,"height":731,"caption":"Informe Litoral"},"image":{"@id":"https:\/\/informelitoral.com.ar\/#\/schema\/logo\/image\/"},"sameAs":["https:\/\/www.facebook.com\/informelitoral\/","https:\/\/x.com\/InformeLitoral","https:\/\/www.instagram.com\/informelitoral\/","https:\/\/www.youtube.com\/channel\/UCua4Qvz8Icb6MYqhoq9xLXw"]},{"@type":"Person","@id":"https:\/\/informelitoral.com.ar\/#\/schema\/person\/b9d00407c836482871ef1d57bf8e3180","name":"Gonzalo Schmidt","image":{"@type":"ImageObject","inLanguage":"es","@id":"https:\/\/secure.gravatar.com\/avatar\/31a1a7b66ff2de83bd0e9fd79d026630d2d99e55e8bfe501287647b4fd9743de?s=96&d=mm&r=g","url":"https:\/\/secure.gravatar.com\/avatar\/31a1a7b66ff2de83bd0e9fd79d026630d2d99e55e8bfe501287647b4fd9743de?s=96&d=mm&r=g","contentUrl":"https:\/\/secure.gravatar.com\/avatar\/31a1a7b66ff2de83bd0e9fd79d026630d2d99e55e8bfe501287647b4fd9743de?s=96&d=mm&r=g","caption":"Gonzalo Schmidt"},"description":"Sitio web de noticias de la provincia de Entre R\u00edos, Argentina. Informaci\u00f3n y entretenimiento. Informe Litoral, nos informamos.","sameAs":["http:\/\/www.isletasnoticias.com.ar"],"url":"https:\/\/informelitoral.com.ar\/author\/gonzalo\/"}]}},"_links":{"self":[{"href":"https:\/\/informelitoral.com.ar\/%77%70%2d%6a%73%6f%6e\/wp\/v2\/posts\/1975","targetHints":{"allow":["GET"]}}],"collection":[{"href":"https:\/\/informelitoral.com.ar\/%77%70%2d%6a%73%6f%6e\/wp\/v2\/posts"}],"about":[{"href":"https:\/\/informelitoral.com.ar\/%77%70%2d%6a%73%6f%6e\/wp\/v2\/types\/post"}],"author":[{"embeddable":true,"href":"https:\/\/informelitoral.com.ar\/%77%70%2d%6a%73%6f%6e\/wp\/v2\/users\/2"}],"replies":[{"embeddable":true,"href":"https:\/\/informelitoral.com.ar\/%77%70%2d%6a%73%6f%6e\/wp\/v2\/comments?post=1975"}],"version-history":[{"count":0,"href":"https:\/\/informelitoral.com.ar\/%77%70%2d%6a%73%6f%6e\/wp\/v2\/posts\/1975\/revisions"}],"wp:attachment":[{"href":"https:\/\/informelitoral.com.ar\/%77%70%2d%6a%73%6f%6e\/wp\/v2\/media?parent=1975"}],"wp:term":[{"taxonomy":"category","embeddable":true,"href":"https:\/\/informelitoral.com.ar\/%77%70%2d%6a%73%6f%6e\/wp\/v2\/categories?post=1975"},{"taxonomy":"post_tag","embeddable":true,"href":"https:\/\/informelitoral.com.ar\/%77%70%2d%6a%73%6f%6e\/wp\/v2\/tags?post=1975"}],"curies":[{"name":"wp","href":"https:\/\/api.w.org\/{rel}","templated":true}]}}