{"id":197260,"date":"2024-09-06T08:01:37","date_gmt":"2024-09-06T11:01:37","guid":{"rendered":"https:\/\/www.informelitoral.com.ar\/?p=197260"},"modified":"2024-09-06T08:01:37","modified_gmt":"2024-09-06T11:01:37","slug":"aaron-mendoza-se-capacito-en-china-sobre-gestion-de-desastres","status":"publish","type":"post","link":"https:\/\/informelitoral.com.ar\/aaron-mendoza-se-capacito-en-china-sobre-gestion-de-desastres\/","title":{"rendered":"Aar\u00f3n Mendoza se capacit\u00f3 en China sobre gesti\u00f3n de desastres"},"content":{"rendered":"<p><b>Aar\u00f3n Mendoza,<\/b>\u00a0subdirector de Operaciones de los Bomberos Voluntarios de la Rep\u00fablica Argentina y miembro del cuartel de General Ram\u00edrez,\u00a0<b>fue uno de los dos argentinos seleccionados para participar en el prestigioso Seminario Latinoamericano de Gesti\u00f3n de Desastres en China<\/b>. Este evento, organizado por la Embajada de China, convoc\u00f3 a 34 bomberos de toda Latinoam\u00e9rica para capacitarse en la gesti\u00f3n de emergencias y desastres naturales, una experiencia que Mendoza calific\u00f3 como \u201cinolvidable\u201d y enriquecedora tanto a nivel personal como profesional.<\/p>\n<p>El bombero, que hace m\u00e1s de 20 a\u00f1os sirve en General Ram\u00edrez, fue elegido entre 180 postulantes de todo el pa\u00eds. Junto a su colega del cuartel de Villa Mar\u00eda, C\u00f3rdoba,\u00a0<b>Mendoza viaj\u00f3 a Beijing y Shenzhen, dos de las ciudades m\u00e1s representativas de China, donde se desarrollaron las capacitaciones y visitas t\u00e9cnicas<\/b>. \u201cTodo empez\u00f3 con una invitaci\u00f3n que lleg\u00f3 al Consejo Nacional de Bomberos de parte de la Embajada de China. Nos pidieron nuestros curr\u00edculums y formularios, y poco despu\u00e9s nos avisaron que hab\u00edamos sido seleccionados\u201d, coment\u00f3, recordando c\u00f3mo comenz\u00f3 esta traves\u00eda de m\u00e1s de 19.000 kil\u00f3metros.<\/p>\n<p><a href=\"https:\/\/www.informelitoral.com.ar\/%77%70%2d%63%6f%6e%74%65%6e%74\/uploads\/2024\/09\/458476359_27756613593925813_4630148081067133566_n.jpg\"><img loading=\"lazy\" decoding=\"async\" class=\"aligncenter wp-image-197261 size-full\" src=\"https:\/\/www.informelitoral.com.ar\/%77%70%2d%63%6f%6e%74%65%6e%74\/uploads\/2024\/09\/458476359_27756613593925813_4630148081067133566_n.jpg\" alt=\"\" width=\"1080\" height=\"810\" srcset=\"https:\/\/informelitoral.com.ar\/%77%70%2d%63%6f%6e%74%65%6e%74\/uploads\/2024\/09\/458476359_27756613593925813_4630148081067133566_n.jpg 1080w, https:\/\/informelitoral.com.ar\/%77%70%2d%63%6f%6e%74%65%6e%74\/uploads\/2024\/09\/458476359_27756613593925813_4630148081067133566_n-300x225.jpg 300w, https:\/\/informelitoral.com.ar\/%77%70%2d%63%6f%6e%74%65%6e%74\/uploads\/2024\/09\/458476359_27756613593925813_4630148081067133566_n-1024x768.jpg 1024w, https:\/\/informelitoral.com.ar\/%77%70%2d%63%6f%6e%74%65%6e%74\/uploads\/2024\/09\/458476359_27756613593925813_4630148081067133566_n-768x576.jpg 768w, https:\/\/informelitoral.com.ar\/%77%70%2d%63%6f%6e%74%65%6e%74\/uploads\/2024\/09\/458476359_27756613593925813_4630148081067133566_n-560x420.jpg 560w, https:\/\/informelitoral.com.ar\/%77%70%2d%63%6f%6e%74%65%6e%74\/uploads\/2024\/09\/458476359_27756613593925813_4630148081067133566_n-80x60.jpg 80w, https:\/\/informelitoral.com.ar\/%77%70%2d%63%6f%6e%74%65%6e%74\/uploads\/2024\/09\/458476359_27756613593925813_4630148081067133566_n-696x522.jpg 696w, https:\/\/informelitoral.com.ar\/%77%70%2d%63%6f%6e%74%65%6e%74\/uploads\/2024\/09\/458476359_27756613593925813_4630148081067133566_n-1068x801.jpg 1068w, https:\/\/informelitoral.com.ar\/%77%70%2d%63%6f%6e%74%65%6e%74\/uploads\/2024\/09\/458476359_27756613593925813_4630148081067133566_n-265x198.jpg 265w\" sizes=\"auto, (max-width: 1080px) 100vw, 1080px\" \/><\/a><\/p>\n<p>El proceso incluy\u00f3 tr\u00e1mites r\u00e1pidos gracias a la invitaci\u00f3n oficial del gobierno chino. Mendoza relat\u00f3 que en pocas semanas obtuvieron las visas y los pasajes, y junto a otros dos bomberos de la Polic\u00eda Federal, emprendieron el viaje hacia Beijing, con una escala previa en Francia.\u00a0<b>Una vez en suelo asi\u00e1tico, participaron en una intensa agenda de actividades y capacitaciones. \u201cTuvimos que adaptarnos r\u00e1pidamente a una diferencia horaria de 11 horas. Fue un desaf\u00edo, pero la organizaci\u00f3n del seminario fue impecable, desde la recepci\u00f3n hasta las actividades culturales que incluyeron visitas al Templo del Cielo y la Ciudad Prohibida\u201d,<\/b>\u00a0explic\u00f3.<\/p>\n<p>El seminario abarc\u00f3 todo lo relacionado a la gesti\u00f3n de desastres naturales como tifones, terremotos, tsunamis y tormentas. Durante las jornadas, los participantes se sumergieron en clases te\u00f3ricas y recorridos pr\u00e1cticos, donde observaron c\u00f3mo China gestiona estas situaciones antes, durante y despu\u00e9s de que ocurren. \u201cNos mostraron c\u00f3mo abordan cada caso con much\u00edsimos recursos humanos y tecnol\u00f3gicos.\u00a0<b>Ellos tienen una vasta experiencia en la gesti\u00f3n de emergencias y, si bien en Argentina trabajamos de manera similar, ellos cuentan con m\u00e1s herramientas y personal. Es impresionante la cantidad de dinero que destinan a este tipo de operaciones\u201d, destac\u00f3 el bombero entrerriano.<\/b><\/p>\n<p>Entre los aspectos m\u00e1s llamativos,\u00a0<b>Mendoza mencion\u00f3 la visita al Comando de Emergencias de Shenzhen<\/b>, una ciudad de r\u00e1pido crecimiento que ha pasado de ser una villa de pescadores a ser una de las ciudades m\u00e1s grandes del mundo en solo 44 a\u00f1os. \u201cShenzhen tiene 23 millones de habitantes. Nos alojaron en la Facultad del Sur, un lugar que parece una ciudad dentro de otra ciudad. Es un campus inmenso con 40.000 estudiantes, y nos mov\u00edamos en colectivos internos solo para los que integraban la universidad. Fue incre\u00edble ver esa infraestructura\u201d, coment\u00f3.<\/p>\n<p><a href=\"https:\/\/www.informelitoral.com.ar\/%77%70%2d%63%6f%6e%74%65%6e%74\/uploads\/2024\/09\/458546578_27756613550592484_8046728258525487544_n.jpg\"><img loading=\"lazy\" decoding=\"async\" class=\"aligncenter wp-image-197264 size-full\" src=\"https:\/\/www.informelitoral.com.ar\/%77%70%2d%63%6f%6e%74%65%6e%74\/uploads\/2024\/09\/458546578_27756613550592484_8046728258525487544_n.jpg\" alt=\"\" width=\"1080\" height=\"810\" srcset=\"https:\/\/informelitoral.com.ar\/%77%70%2d%63%6f%6e%74%65%6e%74\/uploads\/2024\/09\/458546578_27756613550592484_8046728258525487544_n.jpg 1080w, https:\/\/informelitoral.com.ar\/%77%70%2d%63%6f%6e%74%65%6e%74\/uploads\/2024\/09\/458546578_27756613550592484_8046728258525487544_n-300x225.jpg 300w, https:\/\/informelitoral.com.ar\/%77%70%2d%63%6f%6e%74%65%6e%74\/uploads\/2024\/09\/458546578_27756613550592484_8046728258525487544_n-1024x768.jpg 1024w, https:\/\/informelitoral.com.ar\/%77%70%2d%63%6f%6e%74%65%6e%74\/uploads\/2024\/09\/458546578_27756613550592484_8046728258525487544_n-768x576.jpg 768w, https:\/\/informelitoral.com.ar\/%77%70%2d%63%6f%6e%74%65%6e%74\/uploads\/2024\/09\/458546578_27756613550592484_8046728258525487544_n-560x420.jpg 560w, https:\/\/informelitoral.com.ar\/%77%70%2d%63%6f%6e%74%65%6e%74\/uploads\/2024\/09\/458546578_27756613550592484_8046728258525487544_n-80x60.jpg 80w, https:\/\/informelitoral.com.ar\/%77%70%2d%63%6f%6e%74%65%6e%74\/uploads\/2024\/09\/458546578_27756613550592484_8046728258525487544_n-696x522.jpg 696w, https:\/\/informelitoral.com.ar\/%77%70%2d%63%6f%6e%74%65%6e%74\/uploads\/2024\/09\/458546578_27756613550592484_8046728258525487544_n-1068x801.jpg 1068w, https:\/\/informelitoral.com.ar\/%77%70%2d%63%6f%6e%74%65%6e%74\/uploads\/2024\/09\/458546578_27756613550592484_8046728258525487544_n-265x198.jpg 265w\" sizes=\"auto, (max-width: 1080px) 100vw, 1080px\" \/><\/a><\/p>\n<p>Las tardes, luego de las 18, les daban un respiro en la ajustada agenda para explorar las ciudades de Beijing y Shenzhen. Sin embargo, Mendoza aclar\u00f3 que en China el ritmo es diferente: \u201cPor m\u00e1s que era verano, a las 18 ya cenaban, as\u00ed que ten\u00edamos que adaptarnos a esos horarios\u201d. Durante los paseos, debieron enfrentar el desaf\u00edo del idioma, aunque contaron con traductores y aplicaciones m\u00f3viles para ayudarse.\u00a0<b>\u201cNos arregl\u00e1bamos con un poco de ingl\u00e9s, traductores en el celular y muchas se\u00f1as. Los letreros estaban en chino, pero en muchas ocasiones tambi\u00e9n traducidos al ingl\u00e9s, lo que nos facilitaba movernos en el metro o en las calles\u201d, a\u00f1adi\u00f3.<\/b><\/p>\n<p>La experiencia no solo enriqueci\u00f3 su conocimiento sobre la gesti\u00f3n de emergencias, sino tambi\u00e9n su comprensi\u00f3n de la cultura china. Mendoza se sorprendi\u00f3 por varios aspectos del d\u00eda a d\u00eda en el pa\u00eds asi\u00e1tico. \u201cMe llam\u00f3 la atenci\u00f3n que no consumen casi nada de harina de trigo ni az\u00facar. Y algo que me impact\u00f3 mucho fue la tranquilidad en las calles. No hay ruido, los autos son el\u00e9ctricos y parece que hay una legislaci\u00f3n muy estricta sobre la contaminaci\u00f3n sonora. Camin\u00e1bamos por las avenidas y pod\u00edamos hablar en voz baja, algo que en Argentina ser\u00eda impensado\u201d, resalt\u00f3.<\/p>\n<p>El viaje incluy\u00f3 largas horas de vuelo. Desde Argentina a Francia fueron 13 horas, y luego otras 11 hasta Beijing. En su regreso, hicieron un recorrido similar con una escala de siete horas en Par\u00eds, lo que les permiti\u00f3 conocer algunos de los lugares m\u00e1s ic\u00f3nicos de la capital francesa, como la Torre Eiffel y el Arco del Triunfo.\u00a0<b>\u201cFue un viaje largo y agotador, pero lleno de aprendizajes. Aprovechamos la escala en Par\u00eds para conocer un poco de la ciudad, lo cual fue un bonus en esta experiencia incre\u00edble\u201d, concluy\u00f3.<\/b><\/p>\n<p><b><a href=\"https:\/\/www.informelitoral.com.ar\/%77%70%2d%63%6f%6e%74%65%6e%74\/uploads\/2024\/09\/458499701_27756613563925816_3831205143437616282_n.jpg\"><img loading=\"lazy\" decoding=\"async\" class=\"aligncenter wp-image-197263 size-full\" src=\"https:\/\/www.informelitoral.com.ar\/%77%70%2d%63%6f%6e%74%65%6e%74\/uploads\/2024\/09\/458499701_27756613563925816_3831205143437616282_n.jpg\" alt=\"\" width=\"1080\" height=\"810\" srcset=\"https:\/\/informelitoral.com.ar\/%77%70%2d%63%6f%6e%74%65%6e%74\/uploads\/2024\/09\/458499701_27756613563925816_3831205143437616282_n.jpg 1080w, https:\/\/informelitoral.com.ar\/%77%70%2d%63%6f%6e%74%65%6e%74\/uploads\/2024\/09\/458499701_27756613563925816_3831205143437616282_n-300x225.jpg 300w, https:\/\/informelitoral.com.ar\/%77%70%2d%63%6f%6e%74%65%6e%74\/uploads\/2024\/09\/458499701_27756613563925816_3831205143437616282_n-1024x768.jpg 1024w, https:\/\/informelitoral.com.ar\/%77%70%2d%63%6f%6e%74%65%6e%74\/uploads\/2024\/09\/458499701_27756613563925816_3831205143437616282_n-768x576.jpg 768w, https:\/\/informelitoral.com.ar\/%77%70%2d%63%6f%6e%74%65%6e%74\/uploads\/2024\/09\/458499701_27756613563925816_3831205143437616282_n-560x420.jpg 560w, https:\/\/informelitoral.com.ar\/%77%70%2d%63%6f%6e%74%65%6e%74\/uploads\/2024\/09\/458499701_27756613563925816_3831205143437616282_n-80x60.jpg 80w, https:\/\/informelitoral.com.ar\/%77%70%2d%63%6f%6e%74%65%6e%74\/uploads\/2024\/09\/458499701_27756613563925816_3831205143437616282_n-696x522.jpg 696w, https:\/\/informelitoral.com.ar\/%77%70%2d%63%6f%6e%74%65%6e%74\/uploads\/2024\/09\/458499701_27756613563925816_3831205143437616282_n-1068x801.jpg 1068w, https:\/\/informelitoral.com.ar\/%77%70%2d%63%6f%6e%74%65%6e%74\/uploads\/2024\/09\/458499701_27756613563925816_3831205143437616282_n-265x198.jpg 265w\" sizes=\"auto, (max-width: 1080px) 100vw, 1080px\" \/><\/a><\/b><\/p>\n<p>Ya de regreso en Argentina, Aar\u00f3n Mendoza est\u00e1 decidido a compartir los conocimientos adquiridos en China con sus colegas del Sistema Nacional para la Gesti\u00f3n Integral del Riesgo (Sinagir) y el equipo de Coordinaci\u00f3n \u00danica de Operaciones (CUO) de Bomberos. \u201cHemos estado en contacto desde China con el equipo aqu\u00ed en Argentina para coordinar y ver qu\u00e9 podemos aplicar de todo lo que aprendimos all\u00e1. Sin duda, esta experiencia nos permitir\u00e1 mejorar en muchos aspectos de la gesti\u00f3n de emergencias en nuestro pa\u00eds\u201d, asegur\u00f3.<\/p>\n<p>En di\u00e1logo con<i> UNO<\/i>, Mendoza expres\u00f3 su satisfacci\u00f3n por haber sido parte de esta capacitaci\u00f3n internacional y destac\u00f3 la importancia de seguir form\u00e1ndose para enfrentar de mejor manera los desaf\u00edos que imponen las emergencias y desastres naturales.<b>\u00a0\u201cEsta oportunidad me abri\u00f3 los ojos a nuevas formas de trabajo y me permiti\u00f3 ver lo mucho que podemos mejorar en Argentina. Estoy muy agradecido por esta experiencia\u201d, concluy\u00f3.<\/b><\/p>\n<h6><em><strong>Del archivo:\u00a0<a href=\"https:\/\/www.informelitoral.com.ar\/ramirense-representa-a-los-bomberos-del-pais-en-china\/\" target=\"_blank\" rel=\"noopener\">Ramirense representa a los bomberos del pa\u00eds en China<\/a><\/strong><\/em><\/h6>\n","protected":false},"excerpt":{"rendered":"<p>El bombero entrerriano fue becado por el pa\u00eds asi\u00e1tico junto a otros 33 bomberos de toda Latinoam\u00e9rica. \u201cEsta oportunidad me abri\u00f3 los ojos a nuevas formas de trabajo y me permiti\u00f3 ver lo mucho que podemos mejorar en Argentina\u00bb, asegur\u00f3.<\/p>\n","protected":false},"author":2,"featured_media":197262,"comment_status":"open","ping_status":"open","sticky":false,"template":"","format":"standard","meta":{"fifu_image_url":"","fifu_image_alt":"","footnotes":""},"categories":[5,4586],"tags":[],"class_list":{"0":"post-197260","1":"post","2":"type-post","3":"status-publish","4":"format-standard","5":"has-post-thumbnail","7":"category-zonales","8":"category-general-ramirez"},"yoast_head":"<title>Aar\u00f3n Mendoza se capacit\u00f3 en China sobre gesti\u00f3n de desastres - Informe Litoral<\/title>\n<meta name=\"robots\" content=\"index, follow, max-snippet:-1, max-image-preview:large, max-video-preview:-1\" \/>\n<link rel=\"canonical\" href=\"https:\/\/informelitoral.com.ar\/aaron-mendoza-se-capacito-en-china-sobre-gestion-de-desastres\/\" \/>\n<meta property=\"og:locale\" content=\"es_ES\" \/>\n<meta property=\"og:type\" content=\"article\" \/>\n<meta property=\"og:title\" content=\"Aar\u00f3n Mendoza se capacit\u00f3 en China sobre gesti\u00f3n de desastres - Informe Litoral\" \/>\n<meta property=\"og:description\" content=\"El bombero entrerriano fue becado por el pa\u00eds asi\u00e1tico junto a otros 33 bomberos de toda Latinoam\u00e9rica. \u201cEsta oportunidad me abri\u00f3 los ojos a nuevas formas de trabajo y me permiti\u00f3 ver lo mucho que podemos mejorar en Argentina&quot;, asegur\u00f3.\" \/>\n<meta property=\"og:url\" content=\"https:\/\/informelitoral.com.ar\/aaron-mendoza-se-capacito-en-china-sobre-gestion-de-desastres\/\" \/>\n<meta property=\"og:site_name\" content=\"Informe Litoral\" \/>\n<meta property=\"article:publisher\" content=\"https:\/\/www.facebook.com\/informelitoral\/\" \/>\n<meta property=\"article:published_time\" content=\"2024-09-06T11:01:37+00:00\" \/>\n<meta property=\"og:image\" content=\"https:\/\/informelitoral.com.ar\/%77%70%2d%63%6f%6e%74%65%6e%74\/uploads\/2024\/09\/458477891_27756471033940069_7701387067902894236_n.jpg\" \/>\n\t<meta property=\"og:image:width\" content=\"1080\" \/>\n\t<meta property=\"og:image:height\" content=\"810\" \/>\n\t<meta property=\"og:image:type\" content=\"image\/jpeg\" \/>\n<meta name=\"author\" content=\"Gonzalo Schmidt\" \/>\n<meta name=\"twitter:card\" content=\"summary_large_image\" \/>\n<meta name=\"twitter:creator\" content=\"@InformeLitoral\" \/>\n<meta name=\"twitter:site\" content=\"@InformeLitoral\" \/>\n<meta name=\"twitter:label1\" content=\"Escrito por\" \/>\n\t<meta name=\"twitter:data1\" content=\"Gonzalo Schmidt\" \/>\n\t<meta name=\"twitter:label2\" content=\"Tiempo de lectura\" \/>\n\t<meta name=\"twitter:data2\" content=\"5 minutos\" \/>\n<script type=\"application\/ld+json\" class=\"yoast-schema-graph\">{\"@context\":\"https:\\\/\\\/schema.org\",\"@graph\":[{\"@type\":\"Article\",\"@id\":\"https:\\\/\\\/informelitoral.com.ar\\\/aaron-mendoza-se-capacito-en-china-sobre-gestion-de-desastres\\\/#article\",\"isPartOf\":{\"@id\":\"https:\\\/\\\/informelitoral.com.ar\\\/aaron-mendoza-se-capacito-en-china-sobre-gestion-de-desastres\\\/\"},\"author\":{\"name\":\"Gonzalo Schmidt\",\"@id\":\"https:\\\/\\\/informelitoral.com.ar\\\/#\\\/schema\\\/person\\\/b9d00407c836482871ef1d57bf8e3180\"},\"headline\":\"Aar\u00f3n Mendoza se capacit\u00f3 en China sobre gesti\u00f3n de desastres\",\"datePublished\":\"2024-09-06T11:01:37+00:00\",\"mainEntityOfPage\":{\"@id\":\"https:\\\/\\\/informelitoral.com.ar\\\/aaron-mendoza-se-capacito-en-china-sobre-gestion-de-desastres\\\/\"},\"wordCount\":1016,\"commentCount\":0,\"publisher\":{\"@id\":\"https:\\\/\\\/informelitoral.com.ar\\\/#organization\"},\"image\":{\"@id\":\"https:\\\/\\\/informelitoral.com.ar\\\/aaron-mendoza-se-capacito-en-china-sobre-gestion-de-desastres\\\/#primaryimage\"},\"thumbnailUrl\":\"https:\\\/\\\/informelitoral.com.ar\\\/%77%70%2d%63%6f%6e%74%65%6e%74\\\/uploads\\\/2024\\\/09\\\/458477891_27756471033940069_7701387067902894236_n.jpg\",\"articleSection\":[\"Departamento Diamante\",\"General Ram\u00edrez\"],\"inLanguage\":\"es\",\"potentialAction\":[{\"@type\":\"CommentAction\",\"name\":\"Comment\",\"target\":[\"https:\\\/\\\/informelitoral.com.ar\\\/aaron-mendoza-se-capacito-en-china-sobre-gestion-de-desastres\\\/#respond\"]}]},{\"@type\":\"WebPage\",\"@id\":\"https:\\\/\\\/informelitoral.com.ar\\\/aaron-mendoza-se-capacito-en-china-sobre-gestion-de-desastres\\\/\",\"url\":\"https:\\\/\\\/informelitoral.com.ar\\\/aaron-mendoza-se-capacito-en-china-sobre-gestion-de-desastres\\\/\",\"name\":\"Aar\u00f3n Mendoza se capacit\u00f3 en China sobre gesti\u00f3n de desastres - Informe Litoral\",\"isPartOf\":{\"@id\":\"https:\\\/\\\/informelitoral.com.ar\\\/#website\"},\"primaryImageOfPage\":{\"@id\":\"https:\\\/\\\/informelitoral.com.ar\\\/aaron-mendoza-se-capacito-en-china-sobre-gestion-de-desastres\\\/#primaryimage\"},\"image\":{\"@id\":\"https:\\\/\\\/informelitoral.com.ar\\\/aaron-mendoza-se-capacito-en-china-sobre-gestion-de-desastres\\\/#primaryimage\"},\"thumbnailUrl\":\"https:\\\/\\\/informelitoral.com.ar\\\/%77%70%2d%63%6f%6e%74%65%6e%74\\\/uploads\\\/2024\\\/09\\\/458477891_27756471033940069_7701387067902894236_n.jpg\",\"datePublished\":\"2024-09-06T11:01:37+00:00\",\"breadcrumb\":{\"@id\":\"https:\\\/\\\/informelitoral.com.ar\\\/aaron-mendoza-se-capacito-en-china-sobre-gestion-de-desastres\\\/#breadcrumb\"},\"inLanguage\":\"es\",\"potentialAction\":[{\"@type\":\"ReadAction\",\"target\":[\"https:\\\/\\\/informelitoral.com.ar\\\/aaron-mendoza-se-capacito-en-china-sobre-gestion-de-desastres\\\/\"]}]},{\"@type\":\"ImageObject\",\"inLanguage\":\"es\",\"@id\":\"https:\\\/\\\/informelitoral.com.ar\\\/aaron-mendoza-se-capacito-en-china-sobre-gestion-de-desastres\\\/#primaryimage\",\"url\":\"https:\\\/\\\/informelitoral.com.ar\\\/%77%70%2d%63%6f%6e%74%65%6e%74\\\/uploads\\\/2024\\\/09\\\/458477891_27756471033940069_7701387067902894236_n.jpg\",\"contentUrl\":\"https:\\\/\\\/informelitoral.com.ar\\\/%77%70%2d%63%6f%6e%74%65%6e%74\\\/uploads\\\/2024\\\/09\\\/458477891_27756471033940069_7701387067902894236_n.jpg\",\"width\":1080,\"height\":810},{\"@type\":\"BreadcrumbList\",\"@id\":\"https:\\\/\\\/informelitoral.com.ar\\\/aaron-mendoza-se-capacito-en-china-sobre-gestion-de-desastres\\\/#breadcrumb\",\"itemListElement\":[{\"@type\":\"ListItem\",\"position\":1,\"name\":\"Portada\",\"item\":\"https:\\\/\\\/informelitoral.com.ar\\\/\"},{\"@type\":\"ListItem\",\"position\":2,\"name\":\"Aar\u00f3n Mendoza se capacit\u00f3 en China sobre gesti\u00f3n de desastres\"}]},{\"@type\":\"WebSite\",\"@id\":\"https:\\\/\\\/informelitoral.com.ar\\\/#website\",\"url\":\"https:\\\/\\\/informelitoral.com.ar\\\/\",\"name\":\"Informe Litoral\",\"description\":\"&quot;Nos informamos&quot; \",\"publisher\":{\"@id\":\"https:\\\/\\\/informelitoral.com.ar\\\/#organization\"},\"potentialAction\":[{\"@type\":\"SearchAction\",\"target\":{\"@type\":\"EntryPoint\",\"urlTemplate\":\"https:\\\/\\\/informelitoral.com.ar\\\/?s={search_term_string}\"},\"query-input\":{\"@type\":\"PropertyValueSpecification\",\"valueRequired\":true,\"valueName\":\"search_term_string\"}}],\"inLanguage\":\"es\"},{\"@type\":\"Organization\",\"@id\":\"https:\\\/\\\/informelitoral.com.ar\\\/#organization\",\"name\":\"Informe Litoral\",\"url\":\"https:\\\/\\\/informelitoral.com.ar\\\/\",\"logo\":{\"@type\":\"ImageObject\",\"inLanguage\":\"es\",\"@id\":\"https:\\\/\\\/informelitoral.com.ar\\\/#\\\/schema\\\/logo\\\/image\\\/\",\"url\":\"https:\\\/\\\/informelitoral.com.ar\\\/%77%70%2d%63%6f%6e%74%65%6e%74\\\/uploads\\\/2021\\\/01\\\/circulo.png\",\"contentUrl\":\"https:\\\/\\\/informelitoral.com.ar\\\/%77%70%2d%63%6f%6e%74%65%6e%74\\\/uploads\\\/2021\\\/01\\\/circulo.png\",\"width\":723,\"height\":731,\"caption\":\"Informe Litoral\"},\"image\":{\"@id\":\"https:\\\/\\\/informelitoral.com.ar\\\/#\\\/schema\\\/logo\\\/image\\\/\"},\"sameAs\":[\"https:\\\/\\\/www.facebook.com\\\/informelitoral\\\/\",\"https:\\\/\\\/x.com\\\/InformeLitoral\",\"https:\\\/\\\/www.instagram.com\\\/informelitoral\\\/\",\"https:\\\/\\\/www.youtube.com\\\/channel\\\/UCua4Qvz8Icb6MYqhoq9xLXw\"]},{\"@type\":\"Person\",\"@id\":\"https:\\\/\\\/informelitoral.com.ar\\\/#\\\/schema\\\/person\\\/b9d00407c836482871ef1d57bf8e3180\",\"name\":\"Gonzalo Schmidt\",\"image\":{\"@type\":\"ImageObject\",\"inLanguage\":\"es\",\"@id\":\"https:\\\/\\\/secure.gravatar.com\\\/avatar\\\/31a1a7b66ff2de83bd0e9fd79d026630d2d99e55e8bfe501287647b4fd9743de?s=96&d=mm&r=g\",\"url\":\"https:\\\/\\\/secure.gravatar.com\\\/avatar\\\/31a1a7b66ff2de83bd0e9fd79d026630d2d99e55e8bfe501287647b4fd9743de?s=96&d=mm&r=g\",\"contentUrl\":\"https:\\\/\\\/secure.gravatar.com\\\/avatar\\\/31a1a7b66ff2de83bd0e9fd79d026630d2d99e55e8bfe501287647b4fd9743de?s=96&d=mm&r=g\",\"caption\":\"Gonzalo Schmidt\"},\"description\":\"Sitio web de noticias de la provincia de Entre R\u00edos, Argentina. Informaci\u00f3n y entretenimiento. Informe Litoral, nos informamos.\",\"sameAs\":[\"http:\\\/\\\/www.isletasnoticias.com.ar\"],\"url\":\"https:\\\/\\\/informelitoral.com.ar\\\/author\\\/gonzalo\\\/\"}]}<\/script>","yoast_head_json":{"title":"Aar\u00f3n Mendoza se capacit\u00f3 en China sobre gesti\u00f3n de desastres - Informe Litoral","robots":{"index":"index","follow":"follow","max-snippet":"max-snippet:-1","max-image-preview":"max-image-preview:large","max-video-preview":"max-video-preview:-1"},"canonical":"https:\/\/informelitoral.com.ar\/aaron-mendoza-se-capacito-en-china-sobre-gestion-de-desastres\/","og_locale":"es_ES","og_type":"article","og_title":"Aar\u00f3n Mendoza se capacit\u00f3 en China sobre gesti\u00f3n de desastres - Informe Litoral","og_description":"El bombero entrerriano fue becado por el pa\u00eds asi\u00e1tico junto a otros 33 bomberos de toda Latinoam\u00e9rica. \u201cEsta oportunidad me abri\u00f3 los ojos a nuevas formas de trabajo y me permiti\u00f3 ver lo mucho que podemos mejorar en Argentina\", asegur\u00f3.","og_url":"https:\/\/informelitoral.com.ar\/aaron-mendoza-se-capacito-en-china-sobre-gestion-de-desastres\/","og_site_name":"Informe Litoral","article_publisher":"https:\/\/www.facebook.com\/informelitoral\/","article_published_time":"2024-09-06T11:01:37+00:00","og_image":[{"width":1080,"height":810,"url":"https:\/\/informelitoral.com.ar\/%77%70%2d%63%6f%6e%74%65%6e%74\/uploads\/2024\/09\/458477891_27756471033940069_7701387067902894236_n.jpg","type":"image\/jpeg"}],"author":"Gonzalo Schmidt","twitter_card":"summary_large_image","twitter_creator":"@InformeLitoral","twitter_site":"@InformeLitoral","twitter_misc":{"Escrito por":"Gonzalo Schmidt","Tiempo de lectura":"5 minutos"},"schema":{"@context":"https:\/\/schema.org","@graph":[{"@type":"Article","@id":"https:\/\/informelitoral.com.ar\/aaron-mendoza-se-capacito-en-china-sobre-gestion-de-desastres\/#article","isPartOf":{"@id":"https:\/\/informelitoral.com.ar\/aaron-mendoza-se-capacito-en-china-sobre-gestion-de-desastres\/"},"author":{"name":"Gonzalo Schmidt","@id":"https:\/\/informelitoral.com.ar\/#\/schema\/person\/b9d00407c836482871ef1d57bf8e3180"},"headline":"Aar\u00f3n Mendoza se capacit\u00f3 en China sobre gesti\u00f3n de desastres","datePublished":"2024-09-06T11:01:37+00:00","mainEntityOfPage":{"@id":"https:\/\/informelitoral.com.ar\/aaron-mendoza-se-capacito-en-china-sobre-gestion-de-desastres\/"},"wordCount":1016,"commentCount":0,"publisher":{"@id":"https:\/\/informelitoral.com.ar\/#organization"},"image":{"@id":"https:\/\/informelitoral.com.ar\/aaron-mendoza-se-capacito-en-china-sobre-gestion-de-desastres\/#primaryimage"},"thumbnailUrl":"https:\/\/informelitoral.com.ar\/%77%70%2d%63%6f%6e%74%65%6e%74\/uploads\/2024\/09\/458477891_27756471033940069_7701387067902894236_n.jpg","articleSection":["Departamento Diamante","General Ram\u00edrez"],"inLanguage":"es","potentialAction":[{"@type":"CommentAction","name":"Comment","target":["https:\/\/informelitoral.com.ar\/aaron-mendoza-se-capacito-en-china-sobre-gestion-de-desastres\/#respond"]}]},{"@type":"WebPage","@id":"https:\/\/informelitoral.com.ar\/aaron-mendoza-se-capacito-en-china-sobre-gestion-de-desastres\/","url":"https:\/\/informelitoral.com.ar\/aaron-mendoza-se-capacito-en-china-sobre-gestion-de-desastres\/","name":"Aar\u00f3n Mendoza se capacit\u00f3 en China sobre gesti\u00f3n de desastres - Informe Litoral","isPartOf":{"@id":"https:\/\/informelitoral.com.ar\/#website"},"primaryImageOfPage":{"@id":"https:\/\/informelitoral.com.ar\/aaron-mendoza-se-capacito-en-china-sobre-gestion-de-desastres\/#primaryimage"},"image":{"@id":"https:\/\/informelitoral.com.ar\/aaron-mendoza-se-capacito-en-china-sobre-gestion-de-desastres\/#primaryimage"},"thumbnailUrl":"https:\/\/informelitoral.com.ar\/%77%70%2d%63%6f%6e%74%65%6e%74\/uploads\/2024\/09\/458477891_27756471033940069_7701387067902894236_n.jpg","datePublished":"2024-09-06T11:01:37+00:00","breadcrumb":{"@id":"https:\/\/informelitoral.com.ar\/aaron-mendoza-se-capacito-en-china-sobre-gestion-de-desastres\/#breadcrumb"},"inLanguage":"es","potentialAction":[{"@type":"ReadAction","target":["https:\/\/informelitoral.com.ar\/aaron-mendoza-se-capacito-en-china-sobre-gestion-de-desastres\/"]}]},{"@type":"ImageObject","inLanguage":"es","@id":"https:\/\/informelitoral.com.ar\/aaron-mendoza-se-capacito-en-china-sobre-gestion-de-desastres\/#primaryimage","url":"https:\/\/informelitoral.com.ar\/%77%70%2d%63%6f%6e%74%65%6e%74\/uploads\/2024\/09\/458477891_27756471033940069_7701387067902894236_n.jpg","contentUrl":"https:\/\/informelitoral.com.ar\/%77%70%2d%63%6f%6e%74%65%6e%74\/uploads\/2024\/09\/458477891_27756471033940069_7701387067902894236_n.jpg","width":1080,"height":810},{"@type":"BreadcrumbList","@id":"https:\/\/informelitoral.com.ar\/aaron-mendoza-se-capacito-en-china-sobre-gestion-de-desastres\/#breadcrumb","itemListElement":[{"@type":"ListItem","position":1,"name":"Portada","item":"https:\/\/informelitoral.com.ar\/"},{"@type":"ListItem","position":2,"name":"Aar\u00f3n Mendoza se capacit\u00f3 en China sobre gesti\u00f3n de desastres"}]},{"@type":"WebSite","@id":"https:\/\/informelitoral.com.ar\/#website","url":"https:\/\/informelitoral.com.ar\/","name":"Informe Litoral","description":"&quot;Nos informamos&quot; ","publisher":{"@id":"https:\/\/informelitoral.com.ar\/#organization"},"potentialAction":[{"@type":"SearchAction","target":{"@type":"EntryPoint","urlTemplate":"https:\/\/informelitoral.com.ar\/?s={search_term_string}"},"query-input":{"@type":"PropertyValueSpecification","valueRequired":true,"valueName":"search_term_string"}}],"inLanguage":"es"},{"@type":"Organization","@id":"https:\/\/informelitoral.com.ar\/#organization","name":"Informe Litoral","url":"https:\/\/informelitoral.com.ar\/","logo":{"@type":"ImageObject","inLanguage":"es","@id":"https:\/\/informelitoral.com.ar\/#\/schema\/logo\/image\/","url":"https:\/\/informelitoral.com.ar\/%77%70%2d%63%6f%6e%74%65%6e%74\/uploads\/2021\/01\/circulo.png","contentUrl":"https:\/\/informelitoral.com.ar\/%77%70%2d%63%6f%6e%74%65%6e%74\/uploads\/2021\/01\/circulo.png","width":723,"height":731,"caption":"Informe Litoral"},"image":{"@id":"https:\/\/informelitoral.com.ar\/#\/schema\/logo\/image\/"},"sameAs":["https:\/\/www.facebook.com\/informelitoral\/","https:\/\/x.com\/InformeLitoral","https:\/\/www.instagram.com\/informelitoral\/","https:\/\/www.youtube.com\/channel\/UCua4Qvz8Icb6MYqhoq9xLXw"]},{"@type":"Person","@id":"https:\/\/informelitoral.com.ar\/#\/schema\/person\/b9d00407c836482871ef1d57bf8e3180","name":"Gonzalo Schmidt","image":{"@type":"ImageObject","inLanguage":"es","@id":"https:\/\/secure.gravatar.com\/avatar\/31a1a7b66ff2de83bd0e9fd79d026630d2d99e55e8bfe501287647b4fd9743de?s=96&d=mm&r=g","url":"https:\/\/secure.gravatar.com\/avatar\/31a1a7b66ff2de83bd0e9fd79d026630d2d99e55e8bfe501287647b4fd9743de?s=96&d=mm&r=g","contentUrl":"https:\/\/secure.gravatar.com\/avatar\/31a1a7b66ff2de83bd0e9fd79d026630d2d99e55e8bfe501287647b4fd9743de?s=96&d=mm&r=g","caption":"Gonzalo Schmidt"},"description":"Sitio web de noticias de la provincia de Entre R\u00edos, Argentina. Informaci\u00f3n y entretenimiento. Informe Litoral, nos informamos.","sameAs":["http:\/\/www.isletasnoticias.com.ar"],"url":"https:\/\/informelitoral.com.ar\/author\/gonzalo\/"}]}},"_links":{"self":[{"href":"https:\/\/informelitoral.com.ar\/%77%70%2d%6a%73%6f%6e\/wp\/v2\/posts\/197260","targetHints":{"allow":["GET"]}}],"collection":[{"href":"https:\/\/informelitoral.com.ar\/%77%70%2d%6a%73%6f%6e\/wp\/v2\/posts"}],"about":[{"href":"https:\/\/informelitoral.com.ar\/%77%70%2d%6a%73%6f%6e\/wp\/v2\/types\/post"}],"author":[{"embeddable":true,"href":"https:\/\/informelitoral.com.ar\/%77%70%2d%6a%73%6f%6e\/wp\/v2\/users\/2"}],"replies":[{"embeddable":true,"href":"https:\/\/informelitoral.com.ar\/%77%70%2d%6a%73%6f%6e\/wp\/v2\/comments?post=197260"}],"version-history":[{"count":0,"href":"https:\/\/informelitoral.com.ar\/%77%70%2d%6a%73%6f%6e\/wp\/v2\/posts\/197260\/revisions"}],"wp:featuredmedia":[{"embeddable":true,"href":"https:\/\/informelitoral.com.ar\/%77%70%2d%6a%73%6f%6e\/wp\/v2\/media\/197262"}],"wp:attachment":[{"href":"https:\/\/informelitoral.com.ar\/%77%70%2d%6a%73%6f%6e\/wp\/v2\/media?parent=197260"}],"wp:term":[{"taxonomy":"category","embeddable":true,"href":"https:\/\/informelitoral.com.ar\/%77%70%2d%6a%73%6f%6e\/wp\/v2\/categories?post=197260"},{"taxonomy":"post_tag","embeddable":true,"href":"https:\/\/informelitoral.com.ar\/%77%70%2d%6a%73%6f%6e\/wp\/v2\/tags?post=197260"}],"curies":[{"name":"wp","href":"https:\/\/api.w.org\/{rel}","templated":true}]}}