{"id":1972,"date":"2013-05-29T23:52:26","date_gmt":"2013-05-30T02:52:26","guid":{"rendered":"http:\/\/www.isletasnoticias.com.ar\/?p=1972"},"modified":"2013-05-29T23:52:26","modified_gmt":"2013-05-30T02:52:26","slug":"en-una-dramatica-definicion-por-penales-newells-elimino-a-boca-de-la-copa-libertadores","status":"publish","type":"post","link":"https:\/\/informelitoral.com.ar\/en-una-dramatica-definicion-por-penales-newells-elimino-a-boca-de-la-copa-libertadores\/","title":{"rendered":"En una dram\u00e1tica definici\u00f3n por penales, Newell&#8217;s elimin\u00f3 a Boca de la Copa Libertadores"},"content":{"rendered":"<p><strong>\u00a0 Los rosarinos ganaron 10-9 en la tanda de penales luego del empate sin goles. En una definici\u00f3n infartante, los dirigidos por Gerardo Martino se metieron en la semifinal y\u00a0<strong>van por todo: Torneo Final y tambi\u00e9n Copa Argentina.<\/strong><\/strong><\/p>\n<p><img loading=\"lazy\" decoding=\"async\" class=\"size-medium wp-image-1973 alignright\" alt=\"boca\" src=\"http:\/\/www.isletasnoticias.com.ar\/%77%70%2d%63%6f%6e%74%65%6e%74\/uploads\/2013\/05\/boca-300x225.jpg\" width=\"300\" height=\"225\" srcset=\"https:\/\/informelitoral.com.ar\/%77%70%2d%63%6f%6e%74%65%6e%74\/uploads\/2013\/05\/boca-300x225.jpg 300w, https:\/\/informelitoral.com.ar\/%77%70%2d%63%6f%6e%74%65%6e%74\/uploads\/2013\/05\/boca.jpg 432w\" sizes=\"auto, (max-width: 300px) 100vw, 300px\" \/><\/p>\n<p>En Rosario, Newell\u00b4s dej\u00f3 en el camino a Boca y se meti\u00f3 en las semifinales de\u00a0la Copa Libertadores de Am\u00e9rica. Los penales le dieron dramatismo y expectativa a un flojo partido, que como en la ida termin\u00f3 0-0, y fue la Lepra el que festej\u00f3 despu\u00e9s de una larga definici\u00f3n.<\/p>\n<p>Si a la ida en la Bombonera ya no le hab\u00edan sobrado muchas luces, el primer tiempo en Rosario fue todav\u00eda peor. Newell\u00b4s fue el que intent\u00f3 un poco m\u00e1s (especialmente en el arranque) aunque sin la ambici\u00f3n que suele mostrar, mientras que Boca opt\u00f3 por pararse de mitad de cancha hacia atr\u00e1s y sacar espor\u00e1dicamente sus jugadores en ataque.<\/p>\n<p>En ese contexto, no hubo situaciones claras para abrir el marcador. Se pudo rescatar un cabezazo de Marcos C\u00e1ceres y una corrida por izquierda de Maxi Rodr\u00edguez, que termin\u00f3 sin \u00e1ngulo y definiendo exigido; mientras que la visita reci\u00e9n a los 36m hilvan\u00f3 varios toques seguido y Gabriel Heinze, con pifia, termin\u00f3 con el peligro. Nada m\u00e1s.<\/p>\n<p>Boca encontr\u00f3 un c\u00f3rner y, a los siete, Milton Casco le sac\u00f3 el gol en la l\u00ednea a Nicol\u00e1s Blandi. Un rato m\u00e1s tarde, el palo evit\u00f3 el grito del delantero del Xeneize y, en la r\u00e9plica, Clemente Rodr\u00edguez vio la roja: falta, amarilla, protesta, peche\u00f3 a Germ\u00e1n Delfino y el \u00e1rbitro lo mand\u00f3 al vestuario.<\/p>\n<p>L\u00f3gicamente, el desarrollo cambi\u00f3 dr\u00e1sticamente y Carlos Bianchi se encarg\u00f3 de dejar claro el mensaje: afuera Blandi y adentro Nahuel Z\u00e1rate. El objetivo eran los penales, la Lepra no encontr\u00f3 la manera de evitarlos (en el final Agust\u00edn Ori\u00f3n se lo sac\u00f3 a C\u00e1ceres) y ah\u00ed fueron&#8230;<br \/>\n0-0 Guzm\u00e1n se lo ataj\u00f3 a Riquelme, que pate\u00f3 al medio<br \/>\n1-0 Scocco, fuerte y cruzado. Adivina Ori\u00f3n, imposible.<br \/>\n1-1 Gran definici\u00f3n de Chiqui P\u00e9rez. Toque suave a la derecha, Guzm\u00e1n al otro lado<br \/>\n2-1 Vergini, al medio. Como Riquelme, pero Ori\u00f3n fue a la izquierda.\u00a02-2 Mart\u00ednez, a la derecha. Guzm\u00e1n va para ah\u00ed, pero no llega.<br \/>\n3-2 Maxi Rodr\u00edguez la tira a la izquierda y el arquero va al otro lado.<br \/>\n3-3 Somoza la coloca al lado del palo derecho, Guzm\u00e1n va al otro lado.<br \/>\n3-3 C\u00e1ceres a la derecha, palo. Todo igualado.<br \/>\n3-3 Caruzzo la tira afuera. La chance de Newell\u00b4s.<br \/>\n3-3 Urruti a la derecha, ataja Ori\u00f3n. Serie de uno.<br \/>\n3-4 Ori\u00f3n patea al medio, cerca Guzm\u00e1n. Boca arriba por primera vez.<br \/>\n4-4 Casco la clava arriba, travesa\u00f1o y adentro.<br \/>\n4-5 Ribair Rodr\u00edguez a la derecha, Guzm\u00e1n otra vez cerca.<br \/>\n5-5 Tonso a la derecha, Ori\u00f3n manotea y se le mete por abajo.<br \/>\n5-6 Erbes elige la derecha, se estira Guzm\u00e1n y otra vez no llega por poco.<\/p>\n<p>6-6 Bernardi, palo derecho y adentro. Ori\u00f3n al otro lado. Corazones paralizados.<\/p>\n<p>6-6 Z\u00e1rate la tira arriba. La chance de Newell\u00b4s otra vez.<\/p>\n<p>6-6 Orz\u00e1n, horrible. A un metro del palo derecho<\/p>\n<p>6-7 Mar\u00edn, al \u00e1ngulo derecho. Gran definici\u00f3n.<br \/>\n7-7 Guzm\u00e1n a la derecha, Ori\u00f3n va a ah\u00ed pero no llega. Se termin\u00f3 la ronda.<br \/>\n7-8 Riquelme a la derecha, Guzm\u00e1n la manotea pero no puede sacarla.<br \/>\n8-8 Scocco, igual en la primera vez. Fuerte a la derecha, no llega Ori\u00f3n.<br \/>\n8-9 Chiqui P\u00e9rez no falla.<br \/>\n9-9 Vergini elige la izquierda, va ah\u00ed Ori\u00f3n y de milagro no la saca.<br \/>\n9-9 Guzm\u00e1n se tira a la derecha y se lo ataja al Burrito Mart\u00ednez.<br \/>\n10-9 Maxi Rodr\u00edguez no falla. Newell\u00b4s a semifinales.<\/p>\n<p>Fuente: Elonce.com.<\/p>\n","protected":false},"excerpt":{"rendered":"<p>&nbsp; Los rosarinos ganaron 10-9 en la tanda de penales luego del empate sin goles. En una definici&oacute;n infartante, los dirigidos por Gerardo Martino se metieron en la semifinal y&nbsp;van por todo: Torneo Final y tambi&eacute;n Copa Argentina. En Rosario, Newell&acute;s dej&oacute; en el camino a Boca y se meti&oacute; en las semifinales de&nbsp;la Copa [&hellip;]<\/p>\n","protected":false},"author":2,"featured_media":0,"comment_status":"open","ping_status":"open","sticky":false,"template":"","format":"standard","meta":{"fifu_image_url":"","fifu_image_alt":"","footnotes":""},"categories":[13],"tags":[],"class_list":{"0":"post-1972","1":"post","2":"type-post","3":"status-publish","4":"format-standard","6":"category-deportes"},"yoast_head":"<title>En una dram\u00e1tica definici\u00f3n por penales, Newell&#039;s elimin\u00f3 a Boca de la Copa Libertadores - Informe Litoral<\/title>\n<meta name=\"robots\" content=\"index, follow, max-snippet:-1, max-image-preview:large, max-video-preview:-1\" \/>\n<link rel=\"canonical\" href=\"https:\/\/informelitoral.com.ar\/en-una-dramatica-definicion-por-penales-newells-elimino-a-boca-de-la-copa-libertadores\/\" \/>\n<meta property=\"og:locale\" content=\"es_ES\" \/>\n<meta property=\"og:type\" content=\"article\" \/>\n<meta property=\"og:title\" content=\"En una dram\u00e1tica definici\u00f3n por penales, Newell&#039;s elimin\u00f3 a Boca de la Copa Libertadores - Informe Litoral\" \/>\n<meta property=\"og:description\" content=\"&nbsp; Los rosarinos ganaron 10-9 en la tanda de penales luego del empate sin goles. En una definici&oacute;n infartante, los dirigidos por Gerardo Martino se metieron en la semifinal y&nbsp;van por todo: Torneo Final y tambi&eacute;n Copa Argentina. En Rosario, Newell&acute;s dej&oacute; en el camino a Boca y se meti&oacute; en las semifinales de&nbsp;la Copa [&hellip;]\" \/>\n<meta property=\"og:url\" content=\"https:\/\/informelitoral.com.ar\/en-una-dramatica-definicion-por-penales-newells-elimino-a-boca-de-la-copa-libertadores\/\" \/>\n<meta property=\"og:site_name\" content=\"Informe Litoral\" \/>\n<meta property=\"article:publisher\" content=\"https:\/\/www.facebook.com\/informelitoral\/\" \/>\n<meta property=\"article:published_time\" content=\"2013-05-30T02:52:26+00:00\" \/>\n<meta property=\"og:image\" content=\"https:\/\/informelitoral.com.ar\/%77%70%2d%63%6f%6e%74%65%6e%74\/uploads\/2013\/05\/boca.jpg\" \/>\n\t<meta property=\"og:image:width\" content=\"432\" \/>\n\t<meta property=\"og:image:height\" content=\"324\" \/>\n\t<meta property=\"og:image:type\" content=\"image\/jpeg\" \/>\n<meta name=\"author\" content=\"Gonzalo Schmidt\" \/>\n<meta name=\"twitter:card\" content=\"summary_large_image\" \/>\n<meta name=\"twitter:creator\" content=\"@InformeLitoral\" \/>\n<meta name=\"twitter:site\" content=\"@InformeLitoral\" \/>\n<meta name=\"twitter:label1\" content=\"Escrito por\" \/>\n\t<meta name=\"twitter:data1\" content=\"Gonzalo Schmidt\" \/>\n\t<meta name=\"twitter:label2\" content=\"Tiempo de lectura\" \/>\n\t<meta name=\"twitter:data2\" content=\"3 minutos\" \/>\n<script type=\"application\/ld+json\" class=\"yoast-schema-graph\">{\"@context\":\"https:\\\/\\\/schema.org\",\"@graph\":[{\"@type\":\"Article\",\"@id\":\"https:\\\/\\\/informelitoral.com.ar\\\/en-una-dramatica-definicion-por-penales-newells-elimino-a-boca-de-la-copa-libertadores\\\/#article\",\"isPartOf\":{\"@id\":\"https:\\\/\\\/informelitoral.com.ar\\\/en-una-dramatica-definicion-por-penales-newells-elimino-a-boca-de-la-copa-libertadores\\\/\"},\"author\":{\"name\":\"Gonzalo Schmidt\",\"@id\":\"https:\\\/\\\/informelitoral.com.ar\\\/#\\\/schema\\\/person\\\/b9d00407c836482871ef1d57bf8e3180\"},\"headline\":\"En una dram\u00e1tica definici\u00f3n por penales, Newell&#8217;s elimin\u00f3 a Boca de la Copa Libertadores\",\"datePublished\":\"2013-05-30T02:52:26+00:00\",\"mainEntityOfPage\":{\"@id\":\"https:\\\/\\\/informelitoral.com.ar\\\/en-una-dramatica-definicion-por-penales-newells-elimino-a-boca-de-la-copa-libertadores\\\/\"},\"wordCount\":689,\"commentCount\":0,\"publisher\":{\"@id\":\"https:\\\/\\\/informelitoral.com.ar\\\/#organization\"},\"image\":{\"@id\":\"https:\\\/\\\/informelitoral.com.ar\\\/en-una-dramatica-definicion-por-penales-newells-elimino-a-boca-de-la-copa-libertadores\\\/#primaryimage\"},\"thumbnailUrl\":\"http:\\\/\\\/www.isletasnoticias.com.ar\\\/%77%70%2d%63%6f%6e%74%65%6e%74\\\/uploads\\\/2013\\\/05\\\/boca-300x225.jpg\",\"articleSection\":[\"Deportes\"],\"inLanguage\":\"es\",\"potentialAction\":[{\"@type\":\"CommentAction\",\"name\":\"Comment\",\"target\":[\"https:\\\/\\\/informelitoral.com.ar\\\/en-una-dramatica-definicion-por-penales-newells-elimino-a-boca-de-la-copa-libertadores\\\/#respond\"]}]},{\"@type\":\"WebPage\",\"@id\":\"https:\\\/\\\/informelitoral.com.ar\\\/en-una-dramatica-definicion-por-penales-newells-elimino-a-boca-de-la-copa-libertadores\\\/\",\"url\":\"https:\\\/\\\/informelitoral.com.ar\\\/en-una-dramatica-definicion-por-penales-newells-elimino-a-boca-de-la-copa-libertadores\\\/\",\"name\":\"En una dram\u00e1tica definici\u00f3n por penales, Newell's elimin\u00f3 a Boca de la Copa Libertadores - Informe Litoral\",\"isPartOf\":{\"@id\":\"https:\\\/\\\/informelitoral.com.ar\\\/#website\"},\"primaryImageOfPage\":{\"@id\":\"https:\\\/\\\/informelitoral.com.ar\\\/en-una-dramatica-definicion-por-penales-newells-elimino-a-boca-de-la-copa-libertadores\\\/#primaryimage\"},\"image\":{\"@id\":\"https:\\\/\\\/informelitoral.com.ar\\\/en-una-dramatica-definicion-por-penales-newells-elimino-a-boca-de-la-copa-libertadores\\\/#primaryimage\"},\"thumbnailUrl\":\"http:\\\/\\\/www.isletasnoticias.com.ar\\\/%77%70%2d%63%6f%6e%74%65%6e%74\\\/uploads\\\/2013\\\/05\\\/boca-300x225.jpg\",\"datePublished\":\"2013-05-30T02:52:26+00:00\",\"breadcrumb\":{\"@id\":\"https:\\\/\\\/informelitoral.com.ar\\\/en-una-dramatica-definicion-por-penales-newells-elimino-a-boca-de-la-copa-libertadores\\\/#breadcrumb\"},\"inLanguage\":\"es\",\"potentialAction\":[{\"@type\":\"ReadAction\",\"target\":[\"https:\\\/\\\/informelitoral.com.ar\\\/en-una-dramatica-definicion-por-penales-newells-elimino-a-boca-de-la-copa-libertadores\\\/\"]}]},{\"@type\":\"ImageObject\",\"inLanguage\":\"es\",\"@id\":\"https:\\\/\\\/informelitoral.com.ar\\\/en-una-dramatica-definicion-por-penales-newells-elimino-a-boca-de-la-copa-libertadores\\\/#primaryimage\",\"url\":\"http:\\\/\\\/www.isletasnoticias.com.ar\\\/%77%70%2d%63%6f%6e%74%65%6e%74\\\/uploads\\\/2013\\\/05\\\/boca-300x225.jpg\",\"contentUrl\":\"http:\\\/\\\/www.isletasnoticias.com.ar\\\/%77%70%2d%63%6f%6e%74%65%6e%74\\\/uploads\\\/2013\\\/05\\\/boca-300x225.jpg\"},{\"@type\":\"BreadcrumbList\",\"@id\":\"https:\\\/\\\/informelitoral.com.ar\\\/en-una-dramatica-definicion-por-penales-newells-elimino-a-boca-de-la-copa-libertadores\\\/#breadcrumb\",\"itemListElement\":[{\"@type\":\"ListItem\",\"position\":1,\"name\":\"Portada\",\"item\":\"https:\\\/\\\/informelitoral.com.ar\\\/\"},{\"@type\":\"ListItem\",\"position\":2,\"name\":\"En una dram\u00e1tica definici\u00f3n por penales, Newell&#8217;s elimin\u00f3 a Boca de la Copa Libertadores\"}]},{\"@type\":\"WebSite\",\"@id\":\"https:\\\/\\\/informelitoral.com.ar\\\/#website\",\"url\":\"https:\\\/\\\/informelitoral.com.ar\\\/\",\"name\":\"Informe Litoral\",\"description\":\"&quot;Nos informamos&quot; \",\"publisher\":{\"@id\":\"https:\\\/\\\/informelitoral.com.ar\\\/#organization\"},\"potentialAction\":[{\"@type\":\"SearchAction\",\"target\":{\"@type\":\"EntryPoint\",\"urlTemplate\":\"https:\\\/\\\/informelitoral.com.ar\\\/?s={search_term_string}\"},\"query-input\":{\"@type\":\"PropertyValueSpecification\",\"valueRequired\":true,\"valueName\":\"search_term_string\"}}],\"inLanguage\":\"es\"},{\"@type\":\"Organization\",\"@id\":\"https:\\\/\\\/informelitoral.com.ar\\\/#organization\",\"name\":\"Informe Litoral\",\"url\":\"https:\\\/\\\/informelitoral.com.ar\\\/\",\"logo\":{\"@type\":\"ImageObject\",\"inLanguage\":\"es\",\"@id\":\"https:\\\/\\\/informelitoral.com.ar\\\/#\\\/schema\\\/logo\\\/image\\\/\",\"url\":\"https:\\\/\\\/informelitoral.com.ar\\\/%77%70%2d%63%6f%6e%74%65%6e%74\\\/uploads\\\/2021\\\/01\\\/circulo.png\",\"contentUrl\":\"https:\\\/\\\/informelitoral.com.ar\\\/%77%70%2d%63%6f%6e%74%65%6e%74\\\/uploads\\\/2021\\\/01\\\/circulo.png\",\"width\":723,\"height\":731,\"caption\":\"Informe Litoral\"},\"image\":{\"@id\":\"https:\\\/\\\/informelitoral.com.ar\\\/#\\\/schema\\\/logo\\\/image\\\/\"},\"sameAs\":[\"https:\\\/\\\/www.facebook.com\\\/informelitoral\\\/\",\"https:\\\/\\\/x.com\\\/InformeLitoral\",\"https:\\\/\\\/www.instagram.com\\\/informelitoral\\\/\",\"https:\\\/\\\/www.youtube.com\\\/channel\\\/UCua4Qvz8Icb6MYqhoq9xLXw\"]},{\"@type\":\"Person\",\"@id\":\"https:\\\/\\\/informelitoral.com.ar\\\/#\\\/schema\\\/person\\\/b9d00407c836482871ef1d57bf8e3180\",\"name\":\"Gonzalo Schmidt\",\"image\":{\"@type\":\"ImageObject\",\"inLanguage\":\"es\",\"@id\":\"https:\\\/\\\/secure.gravatar.com\\\/avatar\\\/31a1a7b66ff2de83bd0e9fd79d026630d2d99e55e8bfe501287647b4fd9743de?s=96&d=mm&r=g\",\"url\":\"https:\\\/\\\/secure.gravatar.com\\\/avatar\\\/31a1a7b66ff2de83bd0e9fd79d026630d2d99e55e8bfe501287647b4fd9743de?s=96&d=mm&r=g\",\"contentUrl\":\"https:\\\/\\\/secure.gravatar.com\\\/avatar\\\/31a1a7b66ff2de83bd0e9fd79d026630d2d99e55e8bfe501287647b4fd9743de?s=96&d=mm&r=g\",\"caption\":\"Gonzalo Schmidt\"},\"description\":\"Sitio web de noticias de la provincia de Entre R\u00edos, Argentina. Informaci\u00f3n y entretenimiento. Informe Litoral, nos informamos.\",\"sameAs\":[\"http:\\\/\\\/www.isletasnoticias.com.ar\"],\"url\":\"https:\\\/\\\/informelitoral.com.ar\\\/author\\\/gonzalo\\\/\"}]}<\/script>","yoast_head_json":{"title":"En una dram\u00e1tica definici\u00f3n por penales, Newell's elimin\u00f3 a Boca de la Copa Libertadores - Informe Litoral","robots":{"index":"index","follow":"follow","max-snippet":"max-snippet:-1","max-image-preview":"max-image-preview:large","max-video-preview":"max-video-preview:-1"},"canonical":"https:\/\/informelitoral.com.ar\/en-una-dramatica-definicion-por-penales-newells-elimino-a-boca-de-la-copa-libertadores\/","og_locale":"es_ES","og_type":"article","og_title":"En una dram\u00e1tica definici\u00f3n por penales, Newell's elimin\u00f3 a Boca de la Copa Libertadores - Informe Litoral","og_description":"&nbsp; Los rosarinos ganaron 10-9 en la tanda de penales luego del empate sin goles. En una definici&oacute;n infartante, los dirigidos por Gerardo Martino se metieron en la semifinal y&nbsp;van por todo: Torneo Final y tambi&eacute;n Copa Argentina. En Rosario, Newell&acute;s dej&oacute; en el camino a Boca y se meti&oacute; en las semifinales de&nbsp;la Copa [&hellip;]","og_url":"https:\/\/informelitoral.com.ar\/en-una-dramatica-definicion-por-penales-newells-elimino-a-boca-de-la-copa-libertadores\/","og_site_name":"Informe Litoral","article_publisher":"https:\/\/www.facebook.com\/informelitoral\/","article_published_time":"2013-05-30T02:52:26+00:00","og_image":[{"width":432,"height":324,"url":"https:\/\/informelitoral.com.ar\/%77%70%2d%63%6f%6e%74%65%6e%74\/uploads\/2013\/05\/boca.jpg","type":"image\/jpeg"}],"author":"Gonzalo Schmidt","twitter_card":"summary_large_image","twitter_creator":"@InformeLitoral","twitter_site":"@InformeLitoral","twitter_misc":{"Escrito por":"Gonzalo Schmidt","Tiempo de lectura":"3 minutos"},"schema":{"@context":"https:\/\/schema.org","@graph":[{"@type":"Article","@id":"https:\/\/informelitoral.com.ar\/en-una-dramatica-definicion-por-penales-newells-elimino-a-boca-de-la-copa-libertadores\/#article","isPartOf":{"@id":"https:\/\/informelitoral.com.ar\/en-una-dramatica-definicion-por-penales-newells-elimino-a-boca-de-la-copa-libertadores\/"},"author":{"name":"Gonzalo Schmidt","@id":"https:\/\/informelitoral.com.ar\/#\/schema\/person\/b9d00407c836482871ef1d57bf8e3180"},"headline":"En una dram\u00e1tica definici\u00f3n por penales, Newell&#8217;s elimin\u00f3 a Boca de la Copa Libertadores","datePublished":"2013-05-30T02:52:26+00:00","mainEntityOfPage":{"@id":"https:\/\/informelitoral.com.ar\/en-una-dramatica-definicion-por-penales-newells-elimino-a-boca-de-la-copa-libertadores\/"},"wordCount":689,"commentCount":0,"publisher":{"@id":"https:\/\/informelitoral.com.ar\/#organization"},"image":{"@id":"https:\/\/informelitoral.com.ar\/en-una-dramatica-definicion-por-penales-newells-elimino-a-boca-de-la-copa-libertadores\/#primaryimage"},"thumbnailUrl":"http:\/\/www.isletasnoticias.com.ar\/%77%70%2d%63%6f%6e%74%65%6e%74\/uploads\/2013\/05\/boca-300x225.jpg","articleSection":["Deportes"],"inLanguage":"es","potentialAction":[{"@type":"CommentAction","name":"Comment","target":["https:\/\/informelitoral.com.ar\/en-una-dramatica-definicion-por-penales-newells-elimino-a-boca-de-la-copa-libertadores\/#respond"]}]},{"@type":"WebPage","@id":"https:\/\/informelitoral.com.ar\/en-una-dramatica-definicion-por-penales-newells-elimino-a-boca-de-la-copa-libertadores\/","url":"https:\/\/informelitoral.com.ar\/en-una-dramatica-definicion-por-penales-newells-elimino-a-boca-de-la-copa-libertadores\/","name":"En una dram\u00e1tica definici\u00f3n por penales, Newell's elimin\u00f3 a Boca de la Copa Libertadores - Informe Litoral","isPartOf":{"@id":"https:\/\/informelitoral.com.ar\/#website"},"primaryImageOfPage":{"@id":"https:\/\/informelitoral.com.ar\/en-una-dramatica-definicion-por-penales-newells-elimino-a-boca-de-la-copa-libertadores\/#primaryimage"},"image":{"@id":"https:\/\/informelitoral.com.ar\/en-una-dramatica-definicion-por-penales-newells-elimino-a-boca-de-la-copa-libertadores\/#primaryimage"},"thumbnailUrl":"http:\/\/www.isletasnoticias.com.ar\/%77%70%2d%63%6f%6e%74%65%6e%74\/uploads\/2013\/05\/boca-300x225.jpg","datePublished":"2013-05-30T02:52:26+00:00","breadcrumb":{"@id":"https:\/\/informelitoral.com.ar\/en-una-dramatica-definicion-por-penales-newells-elimino-a-boca-de-la-copa-libertadores\/#breadcrumb"},"inLanguage":"es","potentialAction":[{"@type":"ReadAction","target":["https:\/\/informelitoral.com.ar\/en-una-dramatica-definicion-por-penales-newells-elimino-a-boca-de-la-copa-libertadores\/"]}]},{"@type":"ImageObject","inLanguage":"es","@id":"https:\/\/informelitoral.com.ar\/en-una-dramatica-definicion-por-penales-newells-elimino-a-boca-de-la-copa-libertadores\/#primaryimage","url":"http:\/\/www.isletasnoticias.com.ar\/%77%70%2d%63%6f%6e%74%65%6e%74\/uploads\/2013\/05\/boca-300x225.jpg","contentUrl":"http:\/\/www.isletasnoticias.com.ar\/%77%70%2d%63%6f%6e%74%65%6e%74\/uploads\/2013\/05\/boca-300x225.jpg"},{"@type":"BreadcrumbList","@id":"https:\/\/informelitoral.com.ar\/en-una-dramatica-definicion-por-penales-newells-elimino-a-boca-de-la-copa-libertadores\/#breadcrumb","itemListElement":[{"@type":"ListItem","position":1,"name":"Portada","item":"https:\/\/informelitoral.com.ar\/"},{"@type":"ListItem","position":2,"name":"En una dram\u00e1tica definici\u00f3n por penales, Newell&#8217;s elimin\u00f3 a Boca de la Copa Libertadores"}]},{"@type":"WebSite","@id":"https:\/\/informelitoral.com.ar\/#website","url":"https:\/\/informelitoral.com.ar\/","name":"Informe Litoral","description":"&quot;Nos informamos&quot; ","publisher":{"@id":"https:\/\/informelitoral.com.ar\/#organization"},"potentialAction":[{"@type":"SearchAction","target":{"@type":"EntryPoint","urlTemplate":"https:\/\/informelitoral.com.ar\/?s={search_term_string}"},"query-input":{"@type":"PropertyValueSpecification","valueRequired":true,"valueName":"search_term_string"}}],"inLanguage":"es"},{"@type":"Organization","@id":"https:\/\/informelitoral.com.ar\/#organization","name":"Informe Litoral","url":"https:\/\/informelitoral.com.ar\/","logo":{"@type":"ImageObject","inLanguage":"es","@id":"https:\/\/informelitoral.com.ar\/#\/schema\/logo\/image\/","url":"https:\/\/informelitoral.com.ar\/%77%70%2d%63%6f%6e%74%65%6e%74\/uploads\/2021\/01\/circulo.png","contentUrl":"https:\/\/informelitoral.com.ar\/%77%70%2d%63%6f%6e%74%65%6e%74\/uploads\/2021\/01\/circulo.png","width":723,"height":731,"caption":"Informe Litoral"},"image":{"@id":"https:\/\/informelitoral.com.ar\/#\/schema\/logo\/image\/"},"sameAs":["https:\/\/www.facebook.com\/informelitoral\/","https:\/\/x.com\/InformeLitoral","https:\/\/www.instagram.com\/informelitoral\/","https:\/\/www.youtube.com\/channel\/UCua4Qvz8Icb6MYqhoq9xLXw"]},{"@type":"Person","@id":"https:\/\/informelitoral.com.ar\/#\/schema\/person\/b9d00407c836482871ef1d57bf8e3180","name":"Gonzalo Schmidt","image":{"@type":"ImageObject","inLanguage":"es","@id":"https:\/\/secure.gravatar.com\/avatar\/31a1a7b66ff2de83bd0e9fd79d026630d2d99e55e8bfe501287647b4fd9743de?s=96&d=mm&r=g","url":"https:\/\/secure.gravatar.com\/avatar\/31a1a7b66ff2de83bd0e9fd79d026630d2d99e55e8bfe501287647b4fd9743de?s=96&d=mm&r=g","contentUrl":"https:\/\/secure.gravatar.com\/avatar\/31a1a7b66ff2de83bd0e9fd79d026630d2d99e55e8bfe501287647b4fd9743de?s=96&d=mm&r=g","caption":"Gonzalo Schmidt"},"description":"Sitio web de noticias de la provincia de Entre R\u00edos, Argentina. Informaci\u00f3n y entretenimiento. Informe Litoral, nos informamos.","sameAs":["http:\/\/www.isletasnoticias.com.ar"],"url":"https:\/\/informelitoral.com.ar\/author\/gonzalo\/"}]}},"_links":{"self":[{"href":"https:\/\/informelitoral.com.ar\/%77%70%2d%6a%73%6f%6e\/wp\/v2\/posts\/1972","targetHints":{"allow":["GET"]}}],"collection":[{"href":"https:\/\/informelitoral.com.ar\/%77%70%2d%6a%73%6f%6e\/wp\/v2\/posts"}],"about":[{"href":"https:\/\/informelitoral.com.ar\/%77%70%2d%6a%73%6f%6e\/wp\/v2\/types\/post"}],"author":[{"embeddable":true,"href":"https:\/\/informelitoral.com.ar\/%77%70%2d%6a%73%6f%6e\/wp\/v2\/users\/2"}],"replies":[{"embeddable":true,"href":"https:\/\/informelitoral.com.ar\/%77%70%2d%6a%73%6f%6e\/wp\/v2\/comments?post=1972"}],"version-history":[{"count":0,"href":"https:\/\/informelitoral.com.ar\/%77%70%2d%6a%73%6f%6e\/wp\/v2\/posts\/1972\/revisions"}],"wp:attachment":[{"href":"https:\/\/informelitoral.com.ar\/%77%70%2d%6a%73%6f%6e\/wp\/v2\/media?parent=1972"}],"wp:term":[{"taxonomy":"category","embeddable":true,"href":"https:\/\/informelitoral.com.ar\/%77%70%2d%6a%73%6f%6e\/wp\/v2\/categories?post=1972"},{"taxonomy":"post_tag","embeddable":true,"href":"https:\/\/informelitoral.com.ar\/%77%70%2d%6a%73%6f%6e\/wp\/v2\/tags?post=1972"}],"curies":[{"name":"wp","href":"https:\/\/api.w.org\/{rel}","templated":true}]}}