{"id":196796,"date":"2024-09-02T09:22:23","date_gmt":"2024-09-02T12:22:23","guid":{"rendered":"https:\/\/www.informelitoral.com.ar\/?p=196796"},"modified":"2024-09-02T10:33:25","modified_gmt":"2024-09-02T13:33:25","slug":"siembra-de-maiz-que-se-recomienda-para-cada-region","status":"publish","type":"post","link":"https:\/\/informelitoral.com.ar\/siembra-de-maiz-que-se-recomienda-para-cada-region\/","title":{"rendered":"Siembra de ma\u00edz: qu\u00e9 se recomienda para cada regi\u00f3n"},"content":{"rendered":"<p>En el contexto del achaparramiento del ma\u00edz, el monitoreo de la chicharrita (Dalbulus maidis) es una herramienta complementaria para guiar las decisiones de manejo en la regi\u00f3n maicera. Por esto, y gracias a la conformaci\u00f3n de una red de entom\u00f3logos y extensionistas dedicada a registrar -en sitios de monitoreo georreferenciados- el n\u00famero de individuos que se encuentran en los lotes, y en base al an\u00e1lisis de condiciones ambientales t\u00edpicas de diferentes zonas, especialistas del<a href=\"https:\/\/www.argentina.gob.ar\/inta\" target=\"_blank\" rel=\"noopener\">\u00a0INTA<\/a>\u00a0analizan la tendencia de cambio de la densidad poblacional de la chicharrita y brindan recomendaciones sobre la siembra para la pr\u00f3xima campa\u00f1a. Se trata de una propuesta de ventanas de fechas de siembra con base en un esquema de cuatro grandes zonas en todo el pa\u00eds.<\/p>\n<p>\u201cA m\u00e1s de un mes de la implementaci\u00f3n del Sistema de monitoreo oto\u00f1o-invernal en la regi\u00f3n maicera, los datos actuales muestran una marcada disminuci\u00f3n en la abundancia de chicharritas\u201d, subray\u00f3\u00a0<strong>Eduardo Trumper<\/strong> \u2013coordinador del Programa Nacional de Protecci\u00f3n Vegetal del INTA\u2013 y agreg\u00f3: \u201cEste descenso se atribuye a la ausencia de ma\u00edz guacho y a las frecuentes en intensas heladas, fen\u00f3meno que se intensifica hacia el sur\u201d.<\/p>\n<p>En el marco de la problem\u00e1tica del achaparramiento del ma\u00edz, los investigadores del INTA aseguran que es muy importante sostener el monitoreo de Dalbulus maidis en cada regi\u00f3n maicera para confirmar, en primer lugar, el descenso substancial de la poblaci\u00f3n y, en segundo t\u00e9rmino, para vigilar su evoluci\u00f3n principalmente en el norte del pa\u00eds.<\/p>\n<h6><b><i>Te puede interesar:\u00a0<a href=\"https:\/\/www.informelitoral.com.ar\/precios-del-remate-de-hacienda-de-la-ganadera-en-general-ramirez-del-jueves-29-de-agosto-de-2024\/\" target=\"_blank\" rel=\"noopener\">Precios del remate de hacienda de La Ganadera en General Ram\u00edrez del jueves 29 de agosto de 2024<\/a><\/i><\/b><\/h6>\n<p>\u201cSi bien hoy no podemos asegurar que la chicharrita haya desaparecido, en amplias zonas, especialmente en las provincias de Buenos Aires y La Pampa y en el sur de C\u00f3rdoba y Santa Fe, s\u00ed podemos decir que hemos dejado muy atr\u00e1s la situaci\u00f3n de alto riesgo por elevada abundancia de chicharritas locales\u201d que se hab\u00eda alcanzado durante el verano, sostuvo Trumper.<\/p>\n<p>En relaci\u00f3n con las recomendaciones, Trumper explic\u00f3 que \u2013para el an\u00e1lisis\u2013 se dividi\u00f3 a la zona maicera en cuatro grandes regiones y, a partir de eso, la Mesa T\u00e9cnica Nacional del INTA elabor\u00f3 una propuesta de fechas de siembra para la pr\u00f3xima campa\u00f1a. \u201cEl documento propone una estrategia basada en el vac\u00edo sanitario, que consiste en monitorear plantas voluntarias de ma\u00edz, controlarlas cuando ya no hay perspectivas de heladas y su permanencia compromete el vac\u00edo sanitario, y ajustar la fecha de siembra del cultivo\u201d, indic\u00f3 Trumper.<\/p>\n<div class=\"inreadBox\">\n<div class=\"banner\">\n<div id=\"video_programatic_tag\"><\/div>\n<\/div>\n<\/div>\n<h2><strong>Recomendaciones para la siembra de ma\u00edz por regi\u00f3n<\/strong><\/h2>\n<p>En la zona 1 (norte del pa\u00eds hasta el norte del litoral, pasando por el Chaco semi\u00e1rido a h\u00famedo, incluyendo todo el norte\u202fde\u202fSanta\u202fFe) se recomienda concentrar las siembras entre el 25 de diciembre y el 15 de enero. Para la zona 2 (noroeste de C\u00f3rdoba-sudoeste de Santiago, el norte de San Luis y Villa Dolores, y en la zona de los Altos, Catamarca, todos ambientes Chaque\u00f1os meridionales) tambi\u00e9n se recomiendan siembras entre fin de noviembre y fin de diciembre, buscando la mayor concentraci\u00f3n posible. \u201cEstas ventanas se ajustan a distintas ofertas ambientales, especialmente disponibilidad de agua para la siembra, y est\u00e1n orientadas a reducir, dentro de las restricciones ambientales caracter\u00edsticas de cada zona, la exposici\u00f3n del estado vegetativo del cultivo a los picos poblacionales de la chicharrita\u201d, se\u00f1al\u00f3 Trumper.<\/p>\n<p>En la zona 3 (incluye el centro-sur de C\u00f3rdoba y Santa Fe, Entre R\u00edos y el norte de Buenos\u202fAires) \u201cla necesidad local de grano de ma\u00edz cosechado temprano, o de silo, limita el vac\u00edo sanitario completo, por lo que se sugiere concentrar las siembras tempranas en septiembre para equilibrar el riesgo y la demanda, con una atenci\u00f3n especial a la siembra escalonada, ya que demorarse a octubre expondr\u00eda el cultivo a mayor presi\u00f3n del insecto y favorecer\u00eda tambi\u00e9n su crecimiento poblacional\u201d, indic\u00f3 Trumper.<\/p>\n<p>En el esquema, los l\u00edmites geogr\u00e1ficos para las recomendaciones propuestas, especialmente los lindantes con la zona 3 en el centro de la regi\u00f3n productora, se pueden desplazar. \u201cAunque \u2013seg\u00fan Trumper \u2013 no se ha definido qu\u00e9 constituye una alta o baja densidad de la poblaci\u00f3n invernante, se recomienda poner el foco en los datos regionales proporcionados por las redes de monitoreo y las interpretaciones correspondientes por parte de especialistas\u201d.<\/p>\n<h5><em><strong>Te puede interesar:\u00a0<a href=\"https:\/\/www.informelitoral.com.ar\/chicharrita-del-maiz-disminuyo-la-cantidad-de-insectos-capturados\/\" target=\"_blank\" rel=\"noopener\">Chicharrita del Ma\u00edz: disminuy\u00f3 la cantidad de insectos capturados<\/a><\/strong><\/em><\/h5>\n<p>No existen puntos de referencia espec\u00edficos, como umbrales econ\u00f3micos o de acci\u00f3n, para contrastar los niveles de abundancia. \u201cEl monitoreo no busca definir si se debe aplicar una medida de control, sino verificar en qu\u00e9 medida la poblaci\u00f3n de chicharritas disminuye en invierno, en concordancia con la hip\u00f3tesis de que la baja temperatura y la ausencia de alimento, como el ma\u00edz guacho, afectan su supervivencia y por consiguiente su abundancia\u201d, expres\u00f3 el especialista del INTA y agreg\u00f3 que \u201cel seguimiento continuo es crucial para confirmar la disminuci\u00f3n de la poblaci\u00f3n de chicharritas y para ajustar las estrategias de manejo en funci\u00f3n de su evoluci\u00f3n en diferentes regiones\u201d.<\/p>\n<p>Seg\u00fan el monitoreo realizado por el equipo del INTA (con los datos actualizados al 28 de agosto), la densidad relativa de la poblaci\u00f3n de chicharrita fue extremadamente baja o nula en todos los sitios monitoreados en el extremo sur de la regi\u00f3n maicera. Hilario Ascasubi, Bordenave y Balcarce, en el sur de la provincia de Buenos Aires, mostraron desde principios de junio en adelante, valores nulos o muy bajos. Durante agosto, incluso en localidades del Norte argentino, las densidades han resultado considerablemente bajas.<\/p>\n<p>De acuerdo con Trumper, \u201cesas ventanas permiten adaptar la siembra a distinta oferta ambiental en secano, al comienzo en los mejores ambientes de recarga h\u00eddrica, dejando para el final aquellos con las condiciones menos favorables y cultivos de segunda\u201d, a lo que agreg\u00f3: \u201cAunque muchos de los productores que riegan usan al ma\u00edz como segundo cultivo y la ventana de siembra es compatible con esos planteos, ser\u00eda conveniente acordar en la regi\u00f3n, que bajo riego no se realicen siembras tempranas\u201d.<\/p>\n<p>En oto\u00f1o hubo buena recarga de los perfiles hacia el este y, si bien hoy las lluvias son necesarias, las siembras tempranas podr\u00edan lograr buenos rendimientos y estar, a la vez, expuestas a una m\u00ednima presi\u00f3n de achaparramiento\u201d, sugiri\u00f3 el especialista.<\/p>\n<p>En esta l\u00ednea, Trumper aclar\u00f3 que \u201cantes de la implementaci\u00f3n del sistema de monitoreo oto\u00f1o-invernal, s\u00f3lo se pod\u00eda esperar que se cumpliera la acci\u00f3n de las bajas temperaturas y especialmente la ausencia de alimento, el ma\u00edz guacho. Hoy, ya se dispone de datos concretos que lo confirman\u201d.<\/p>\n<p>Es importante se\u00f1alar que en relaci\u00f3n al monitoreo de la chicharrita, los informes que se generaron en el marco de la red nacional de trampas crom\u00e1ticas adhesivas (consorcio p\u00fablico-privado liderado por MAIZAR https:\/\/www.maizar.org.ar\/seccion.php?id=39), \u201cen l\u00edneas generales, son coincidentes con los an\u00e1lisis que emergen del estudio de la din\u00e1mica temporal del vector que el INTA publica regularmente en el micrositio de achaparramiento del\u202fma\u00edz \u202f(<a href=\"https:\/\/www.argentina.gob.ar\/achaparramiento-del-maiz-0\" target=\"_blank\" rel=\"noopener\">https:\/\/www.argentina.gob.ar\/achaparramiento-del-maiz-0<\/a>)\u201d, se\u00f1al\u00f3 Trumper.<\/p>\n","protected":false},"excerpt":{"rendered":"<p>El monitoreo de la chicharrita del ma\u00edz (Dalbulus maidis) se consolid\u00f3 como una herramienta complementaria para guiar las decisiones de manejo por regi\u00f3n.<\/p>\n","protected":false},"author":8,"featured_media":80730,"comment_status":"open","ping_status":"open","sticky":false,"template":"","format":"standard","meta":{"fifu_image_url":"","fifu_image_alt":"","footnotes":""},"categories":[10],"tags":[],"class_list":{"0":"post-196796","1":"post","2":"type-post","3":"status-publish","4":"format-standard","5":"has-post-thumbnail","7":"category-campo"},"yoast_head":"<title>Siembra de ma\u00edz: qu\u00e9 se recomienda para cada regi\u00f3n - Informe Litoral<\/title>\n<meta name=\"robots\" content=\"index, follow, max-snippet:-1, max-image-preview:large, max-video-preview:-1\" \/>\n<link rel=\"canonical\" href=\"https:\/\/informelitoral.com.ar\/siembra-de-maiz-que-se-recomienda-para-cada-region\/\" \/>\n<meta property=\"og:locale\" content=\"es_ES\" \/>\n<meta property=\"og:type\" content=\"article\" \/>\n<meta property=\"og:title\" content=\"Siembra de ma\u00edz: qu\u00e9 se recomienda para cada regi\u00f3n - Informe Litoral\" \/>\n<meta property=\"og:description\" content=\"El monitoreo de la chicharrita del ma\u00edz (Dalbulus maidis) se consolid\u00f3 como una herramienta complementaria para guiar las decisiones de manejo por regi\u00f3n.\" \/>\n<meta property=\"og:url\" content=\"https:\/\/informelitoral.com.ar\/siembra-de-maiz-que-se-recomienda-para-cada-region\/\" \/>\n<meta property=\"og:site_name\" content=\"Informe Litoral\" \/>\n<meta property=\"article:publisher\" content=\"https:\/\/www.facebook.com\/informelitoral\/\" \/>\n<meta property=\"article:published_time\" content=\"2024-09-02T12:22:23+00:00\" \/>\n<meta property=\"article:modified_time\" content=\"2024-09-02T13:33:25+00:00\" \/>\n<meta property=\"og:image\" content=\"https:\/\/informelitoral.com.ar\/%77%70%2d%63%6f%6e%74%65%6e%74\/uploads\/2022\/06\/en-huesca-se-cultiva-la-mayor-parte-del-maiz-aragones-en-torno-al-78-de-la-superficie.jpeg\" \/>\n\t<meta property=\"og:image:width\" content=\"990\" \/>\n\t<meta property=\"og:image:height\" content=\"742\" \/>\n\t<meta property=\"og:image:type\" content=\"image\/jpeg\" \/>\n<meta name=\"author\" content=\"Sebastian\" \/>\n<meta name=\"twitter:card\" content=\"summary_large_image\" \/>\n<meta name=\"twitter:creator\" content=\"@InformeLitoral\" \/>\n<meta name=\"twitter:site\" content=\"@InformeLitoral\" \/>\n<meta name=\"twitter:label1\" content=\"Escrito por\" \/>\n\t<meta name=\"twitter:data1\" content=\"Sebastian\" \/>\n\t<meta name=\"twitter:label2\" content=\"Tiempo de lectura\" \/>\n\t<meta name=\"twitter:data2\" content=\"6 minutos\" \/>\n<script type=\"application\/ld+json\" class=\"yoast-schema-graph\">{\"@context\":\"https:\\\/\\\/schema.org\",\"@graph\":[{\"@type\":\"Article\",\"@id\":\"https:\\\/\\\/informelitoral.com.ar\\\/siembra-de-maiz-que-se-recomienda-para-cada-region\\\/#article\",\"isPartOf\":{\"@id\":\"https:\\\/\\\/informelitoral.com.ar\\\/siembra-de-maiz-que-se-recomienda-para-cada-region\\\/\"},\"author\":{\"name\":\"Sebastian\",\"@id\":\"https:\\\/\\\/informelitoral.com.ar\\\/#\\\/schema\\\/person\\\/f05f9f461677119578717524b127d6d5\"},\"headline\":\"Siembra de ma\u00edz: qu\u00e9 se recomienda para cada regi\u00f3n\",\"datePublished\":\"2024-09-02T12:22:23+00:00\",\"dateModified\":\"2024-09-02T13:33:25+00:00\",\"mainEntityOfPage\":{\"@id\":\"https:\\\/\\\/informelitoral.com.ar\\\/siembra-de-maiz-que-se-recomienda-para-cada-region\\\/\"},\"wordCount\":1255,\"commentCount\":0,\"publisher\":{\"@id\":\"https:\\\/\\\/informelitoral.com.ar\\\/#organization\"},\"image\":{\"@id\":\"https:\\\/\\\/informelitoral.com.ar\\\/siembra-de-maiz-que-se-recomienda-para-cada-region\\\/#primaryimage\"},\"thumbnailUrl\":\"https:\\\/\\\/informelitoral.com.ar\\\/%77%70%2d%63%6f%6e%74%65%6e%74\\\/uploads\\\/2022\\\/06\\\/en-huesca-se-cultiva-la-mayor-parte-del-maiz-aragones-en-torno-al-78-de-la-superficie.jpeg\",\"articleSection\":[\"Campo\"],\"inLanguage\":\"es\",\"potentialAction\":[{\"@type\":\"CommentAction\",\"name\":\"Comment\",\"target\":[\"https:\\\/\\\/informelitoral.com.ar\\\/siembra-de-maiz-que-se-recomienda-para-cada-region\\\/#respond\"]}]},{\"@type\":\"WebPage\",\"@id\":\"https:\\\/\\\/informelitoral.com.ar\\\/siembra-de-maiz-que-se-recomienda-para-cada-region\\\/\",\"url\":\"https:\\\/\\\/informelitoral.com.ar\\\/siembra-de-maiz-que-se-recomienda-para-cada-region\\\/\",\"name\":\"Siembra de ma\u00edz: qu\u00e9 se recomienda para cada regi\u00f3n - Informe Litoral\",\"isPartOf\":{\"@id\":\"https:\\\/\\\/informelitoral.com.ar\\\/#website\"},\"primaryImageOfPage\":{\"@id\":\"https:\\\/\\\/informelitoral.com.ar\\\/siembra-de-maiz-que-se-recomienda-para-cada-region\\\/#primaryimage\"},\"image\":{\"@id\":\"https:\\\/\\\/informelitoral.com.ar\\\/siembra-de-maiz-que-se-recomienda-para-cada-region\\\/#primaryimage\"},\"thumbnailUrl\":\"https:\\\/\\\/informelitoral.com.ar\\\/%77%70%2d%63%6f%6e%74%65%6e%74\\\/uploads\\\/2022\\\/06\\\/en-huesca-se-cultiva-la-mayor-parte-del-maiz-aragones-en-torno-al-78-de-la-superficie.jpeg\",\"datePublished\":\"2024-09-02T12:22:23+00:00\",\"dateModified\":\"2024-09-02T13:33:25+00:00\",\"breadcrumb\":{\"@id\":\"https:\\\/\\\/informelitoral.com.ar\\\/siembra-de-maiz-que-se-recomienda-para-cada-region\\\/#breadcrumb\"},\"inLanguage\":\"es\",\"potentialAction\":[{\"@type\":\"ReadAction\",\"target\":[\"https:\\\/\\\/informelitoral.com.ar\\\/siembra-de-maiz-que-se-recomienda-para-cada-region\\\/\"]}]},{\"@type\":\"ImageObject\",\"inLanguage\":\"es\",\"@id\":\"https:\\\/\\\/informelitoral.com.ar\\\/siembra-de-maiz-que-se-recomienda-para-cada-region\\\/#primaryimage\",\"url\":\"https:\\\/\\\/informelitoral.com.ar\\\/%77%70%2d%63%6f%6e%74%65%6e%74\\\/uploads\\\/2022\\\/06\\\/en-huesca-se-cultiva-la-mayor-parte-del-maiz-aragones-en-torno-al-78-de-la-superficie.jpeg\",\"contentUrl\":\"https:\\\/\\\/informelitoral.com.ar\\\/%77%70%2d%63%6f%6e%74%65%6e%74\\\/uploads\\\/2022\\\/06\\\/en-huesca-se-cultiva-la-mayor-parte-del-maiz-aragones-en-torno-al-78-de-la-superficie.jpeg\",\"width\":990,\"height\":742},{\"@type\":\"BreadcrumbList\",\"@id\":\"https:\\\/\\\/informelitoral.com.ar\\\/siembra-de-maiz-que-se-recomienda-para-cada-region\\\/#breadcrumb\",\"itemListElement\":[{\"@type\":\"ListItem\",\"position\":1,\"name\":\"Portada\",\"item\":\"https:\\\/\\\/informelitoral.com.ar\\\/\"},{\"@type\":\"ListItem\",\"position\":2,\"name\":\"Siembra de ma\u00edz: qu\u00e9 se recomienda para cada regi\u00f3n\"}]},{\"@type\":\"WebSite\",\"@id\":\"https:\\\/\\\/informelitoral.com.ar\\\/#website\",\"url\":\"https:\\\/\\\/informelitoral.com.ar\\\/\",\"name\":\"Informe Litoral\",\"description\":\"&quot;Nos informamos&quot; \",\"publisher\":{\"@id\":\"https:\\\/\\\/informelitoral.com.ar\\\/#organization\"},\"potentialAction\":[{\"@type\":\"SearchAction\",\"target\":{\"@type\":\"EntryPoint\",\"urlTemplate\":\"https:\\\/\\\/informelitoral.com.ar\\\/?s={search_term_string}\"},\"query-input\":{\"@type\":\"PropertyValueSpecification\",\"valueRequired\":true,\"valueName\":\"search_term_string\"}}],\"inLanguage\":\"es\"},{\"@type\":\"Organization\",\"@id\":\"https:\\\/\\\/informelitoral.com.ar\\\/#organization\",\"name\":\"Informe Litoral\",\"url\":\"https:\\\/\\\/informelitoral.com.ar\\\/\",\"logo\":{\"@type\":\"ImageObject\",\"inLanguage\":\"es\",\"@id\":\"https:\\\/\\\/informelitoral.com.ar\\\/#\\\/schema\\\/logo\\\/image\\\/\",\"url\":\"https:\\\/\\\/informelitoral.com.ar\\\/%77%70%2d%63%6f%6e%74%65%6e%74\\\/uploads\\\/2021\\\/01\\\/circulo.png\",\"contentUrl\":\"https:\\\/\\\/informelitoral.com.ar\\\/%77%70%2d%63%6f%6e%74%65%6e%74\\\/uploads\\\/2021\\\/01\\\/circulo.png\",\"width\":723,\"height\":731,\"caption\":\"Informe Litoral\"},\"image\":{\"@id\":\"https:\\\/\\\/informelitoral.com.ar\\\/#\\\/schema\\\/logo\\\/image\\\/\"},\"sameAs\":[\"https:\\\/\\\/www.facebook.com\\\/informelitoral\\\/\",\"https:\\\/\\\/x.com\\\/InformeLitoral\",\"https:\\\/\\\/www.instagram.com\\\/informelitoral\\\/\",\"https:\\\/\\\/www.youtube.com\\\/channel\\\/UCua4Qvz8Icb6MYqhoq9xLXw\"]},{\"@type\":\"Person\",\"@id\":\"https:\\\/\\\/informelitoral.com.ar\\\/#\\\/schema\\\/person\\\/f05f9f461677119578717524b127d6d5\",\"name\":\"Sebastian\",\"image\":{\"@type\":\"ImageObject\",\"inLanguage\":\"es\",\"@id\":\"https:\\\/\\\/secure.gravatar.com\\\/avatar\\\/b71bf7481d447dfb9583c7f2798e7cc64de6efb9067b74633ed8c31059a3bd82?s=96&d=mm&r=g\",\"url\":\"https:\\\/\\\/secure.gravatar.com\\\/avatar\\\/b71bf7481d447dfb9583c7f2798e7cc64de6efb9067b74633ed8c31059a3bd82?s=96&d=mm&r=g\",\"contentUrl\":\"https:\\\/\\\/secure.gravatar.com\\\/avatar\\\/b71bf7481d447dfb9583c7f2798e7cc64de6efb9067b74633ed8c31059a3bd82?s=96&d=mm&r=g\",\"caption\":\"Sebastian\"},\"url\":\"https:\\\/\\\/informelitoral.com.ar\\\/author\\\/sebastian\\\/\"}]}<\/script>","yoast_head_json":{"title":"Siembra de ma\u00edz: qu\u00e9 se recomienda para cada regi\u00f3n - Informe Litoral","robots":{"index":"index","follow":"follow","max-snippet":"max-snippet:-1","max-image-preview":"max-image-preview:large","max-video-preview":"max-video-preview:-1"},"canonical":"https:\/\/informelitoral.com.ar\/siembra-de-maiz-que-se-recomienda-para-cada-region\/","og_locale":"es_ES","og_type":"article","og_title":"Siembra de ma\u00edz: qu\u00e9 se recomienda para cada regi\u00f3n - Informe Litoral","og_description":"El monitoreo de la chicharrita del ma\u00edz (Dalbulus maidis) se consolid\u00f3 como una herramienta complementaria para guiar las decisiones de manejo por regi\u00f3n.","og_url":"https:\/\/informelitoral.com.ar\/siembra-de-maiz-que-se-recomienda-para-cada-region\/","og_site_name":"Informe Litoral","article_publisher":"https:\/\/www.facebook.com\/informelitoral\/","article_published_time":"2024-09-02T12:22:23+00:00","article_modified_time":"2024-09-02T13:33:25+00:00","og_image":[{"width":990,"height":742,"url":"https:\/\/informelitoral.com.ar\/%77%70%2d%63%6f%6e%74%65%6e%74\/uploads\/2022\/06\/en-huesca-se-cultiva-la-mayor-parte-del-maiz-aragones-en-torno-al-78-de-la-superficie.jpeg","type":"image\/jpeg"}],"author":"Sebastian","twitter_card":"summary_large_image","twitter_creator":"@InformeLitoral","twitter_site":"@InformeLitoral","twitter_misc":{"Escrito por":"Sebastian","Tiempo de lectura":"6 minutos"},"schema":{"@context":"https:\/\/schema.org","@graph":[{"@type":"Article","@id":"https:\/\/informelitoral.com.ar\/siembra-de-maiz-que-se-recomienda-para-cada-region\/#article","isPartOf":{"@id":"https:\/\/informelitoral.com.ar\/siembra-de-maiz-que-se-recomienda-para-cada-region\/"},"author":{"name":"Sebastian","@id":"https:\/\/informelitoral.com.ar\/#\/schema\/person\/f05f9f461677119578717524b127d6d5"},"headline":"Siembra de ma\u00edz: qu\u00e9 se recomienda para cada regi\u00f3n","datePublished":"2024-09-02T12:22:23+00:00","dateModified":"2024-09-02T13:33:25+00:00","mainEntityOfPage":{"@id":"https:\/\/informelitoral.com.ar\/siembra-de-maiz-que-se-recomienda-para-cada-region\/"},"wordCount":1255,"commentCount":0,"publisher":{"@id":"https:\/\/informelitoral.com.ar\/#organization"},"image":{"@id":"https:\/\/informelitoral.com.ar\/siembra-de-maiz-que-se-recomienda-para-cada-region\/#primaryimage"},"thumbnailUrl":"https:\/\/informelitoral.com.ar\/%77%70%2d%63%6f%6e%74%65%6e%74\/uploads\/2022\/06\/en-huesca-se-cultiva-la-mayor-parte-del-maiz-aragones-en-torno-al-78-de-la-superficie.jpeg","articleSection":["Campo"],"inLanguage":"es","potentialAction":[{"@type":"CommentAction","name":"Comment","target":["https:\/\/informelitoral.com.ar\/siembra-de-maiz-que-se-recomienda-para-cada-region\/#respond"]}]},{"@type":"WebPage","@id":"https:\/\/informelitoral.com.ar\/siembra-de-maiz-que-se-recomienda-para-cada-region\/","url":"https:\/\/informelitoral.com.ar\/siembra-de-maiz-que-se-recomienda-para-cada-region\/","name":"Siembra de ma\u00edz: qu\u00e9 se recomienda para cada regi\u00f3n - Informe Litoral","isPartOf":{"@id":"https:\/\/informelitoral.com.ar\/#website"},"primaryImageOfPage":{"@id":"https:\/\/informelitoral.com.ar\/siembra-de-maiz-que-se-recomienda-para-cada-region\/#primaryimage"},"image":{"@id":"https:\/\/informelitoral.com.ar\/siembra-de-maiz-que-se-recomienda-para-cada-region\/#primaryimage"},"thumbnailUrl":"https:\/\/informelitoral.com.ar\/%77%70%2d%63%6f%6e%74%65%6e%74\/uploads\/2022\/06\/en-huesca-se-cultiva-la-mayor-parte-del-maiz-aragones-en-torno-al-78-de-la-superficie.jpeg","datePublished":"2024-09-02T12:22:23+00:00","dateModified":"2024-09-02T13:33:25+00:00","breadcrumb":{"@id":"https:\/\/informelitoral.com.ar\/siembra-de-maiz-que-se-recomienda-para-cada-region\/#breadcrumb"},"inLanguage":"es","potentialAction":[{"@type":"ReadAction","target":["https:\/\/informelitoral.com.ar\/siembra-de-maiz-que-se-recomienda-para-cada-region\/"]}]},{"@type":"ImageObject","inLanguage":"es","@id":"https:\/\/informelitoral.com.ar\/siembra-de-maiz-que-se-recomienda-para-cada-region\/#primaryimage","url":"https:\/\/informelitoral.com.ar\/%77%70%2d%63%6f%6e%74%65%6e%74\/uploads\/2022\/06\/en-huesca-se-cultiva-la-mayor-parte-del-maiz-aragones-en-torno-al-78-de-la-superficie.jpeg","contentUrl":"https:\/\/informelitoral.com.ar\/%77%70%2d%63%6f%6e%74%65%6e%74\/uploads\/2022\/06\/en-huesca-se-cultiva-la-mayor-parte-del-maiz-aragones-en-torno-al-78-de-la-superficie.jpeg","width":990,"height":742},{"@type":"BreadcrumbList","@id":"https:\/\/informelitoral.com.ar\/siembra-de-maiz-que-se-recomienda-para-cada-region\/#breadcrumb","itemListElement":[{"@type":"ListItem","position":1,"name":"Portada","item":"https:\/\/informelitoral.com.ar\/"},{"@type":"ListItem","position":2,"name":"Siembra de ma\u00edz: qu\u00e9 se recomienda para cada regi\u00f3n"}]},{"@type":"WebSite","@id":"https:\/\/informelitoral.com.ar\/#website","url":"https:\/\/informelitoral.com.ar\/","name":"Informe Litoral","description":"&quot;Nos informamos&quot; ","publisher":{"@id":"https:\/\/informelitoral.com.ar\/#organization"},"potentialAction":[{"@type":"SearchAction","target":{"@type":"EntryPoint","urlTemplate":"https:\/\/informelitoral.com.ar\/?s={search_term_string}"},"query-input":{"@type":"PropertyValueSpecification","valueRequired":true,"valueName":"search_term_string"}}],"inLanguage":"es"},{"@type":"Organization","@id":"https:\/\/informelitoral.com.ar\/#organization","name":"Informe Litoral","url":"https:\/\/informelitoral.com.ar\/","logo":{"@type":"ImageObject","inLanguage":"es","@id":"https:\/\/informelitoral.com.ar\/#\/schema\/logo\/image\/","url":"https:\/\/informelitoral.com.ar\/%77%70%2d%63%6f%6e%74%65%6e%74\/uploads\/2021\/01\/circulo.png","contentUrl":"https:\/\/informelitoral.com.ar\/%77%70%2d%63%6f%6e%74%65%6e%74\/uploads\/2021\/01\/circulo.png","width":723,"height":731,"caption":"Informe Litoral"},"image":{"@id":"https:\/\/informelitoral.com.ar\/#\/schema\/logo\/image\/"},"sameAs":["https:\/\/www.facebook.com\/informelitoral\/","https:\/\/x.com\/InformeLitoral","https:\/\/www.instagram.com\/informelitoral\/","https:\/\/www.youtube.com\/channel\/UCua4Qvz8Icb6MYqhoq9xLXw"]},{"@type":"Person","@id":"https:\/\/informelitoral.com.ar\/#\/schema\/person\/f05f9f461677119578717524b127d6d5","name":"Sebastian","image":{"@type":"ImageObject","inLanguage":"es","@id":"https:\/\/secure.gravatar.com\/avatar\/b71bf7481d447dfb9583c7f2798e7cc64de6efb9067b74633ed8c31059a3bd82?s=96&d=mm&r=g","url":"https:\/\/secure.gravatar.com\/avatar\/b71bf7481d447dfb9583c7f2798e7cc64de6efb9067b74633ed8c31059a3bd82?s=96&d=mm&r=g","contentUrl":"https:\/\/secure.gravatar.com\/avatar\/b71bf7481d447dfb9583c7f2798e7cc64de6efb9067b74633ed8c31059a3bd82?s=96&d=mm&r=g","caption":"Sebastian"},"url":"https:\/\/informelitoral.com.ar\/author\/sebastian\/"}]}},"_links":{"self":[{"href":"https:\/\/informelitoral.com.ar\/%77%70%2d%6a%73%6f%6e\/wp\/v2\/posts\/196796","targetHints":{"allow":["GET"]}}],"collection":[{"href":"https:\/\/informelitoral.com.ar\/%77%70%2d%6a%73%6f%6e\/wp\/v2\/posts"}],"about":[{"href":"https:\/\/informelitoral.com.ar\/%77%70%2d%6a%73%6f%6e\/wp\/v2\/types\/post"}],"author":[{"embeddable":true,"href":"https:\/\/informelitoral.com.ar\/%77%70%2d%6a%73%6f%6e\/wp\/v2\/users\/8"}],"replies":[{"embeddable":true,"href":"https:\/\/informelitoral.com.ar\/%77%70%2d%6a%73%6f%6e\/wp\/v2\/comments?post=196796"}],"version-history":[{"count":0,"href":"https:\/\/informelitoral.com.ar\/%77%70%2d%6a%73%6f%6e\/wp\/v2\/posts\/196796\/revisions"}],"wp:featuredmedia":[{"embeddable":true,"href":"https:\/\/informelitoral.com.ar\/%77%70%2d%6a%73%6f%6e\/wp\/v2\/media\/80730"}],"wp:attachment":[{"href":"https:\/\/informelitoral.com.ar\/%77%70%2d%6a%73%6f%6e\/wp\/v2\/media?parent=196796"}],"wp:term":[{"taxonomy":"category","embeddable":true,"href":"https:\/\/informelitoral.com.ar\/%77%70%2d%6a%73%6f%6e\/wp\/v2\/categories?post=196796"},{"taxonomy":"post_tag","embeddable":true,"href":"https:\/\/informelitoral.com.ar\/%77%70%2d%6a%73%6f%6e\/wp\/v2\/tags?post=196796"}],"curies":[{"name":"wp","href":"https:\/\/api.w.org\/{rel}","templated":true}]}}