{"id":1965,"date":"2013-05-29T11:18:43","date_gmt":"2013-05-29T14:18:43","guid":{"rendered":"http:\/\/www.isletasnoticias.com.ar\/?p=1965"},"modified":"2013-05-29T11:18:43","modified_gmt":"2013-05-29T14:18:43","slug":"la-presidente-lo-recibira-en-la-vida-real","status":"publish","type":"post","link":"https:\/\/informelitoral.com.ar\/la-presidente-lo-recibira-en-la-vida-real\/","title":{"rendered":"La Presidente lo recibir\u00e1 en la \u201cvida real\u201d"},"content":{"rendered":"<div>\n<p><strong>\u00a0 <em>Agust\u00edn,<\/em> el ni\u00f1o que se hizo conocido a trav\u00e9s de las redes sociales por sus intenci\u00f3n de \u00abver a Cristina en la vida real\u00bb, ser\u00e1 recibido este mediod\u00eda por <em>Cristina Fern\u00e1ndez<\/em> <em>de Kirchner,<\/em> momentos antes de la inauguraci\u00f3n de la Bienal de Venecia en el Museo del Bicentenario. Tambi\u00e9n recibir\u00e1 a una nieta de desaparecidos.<\/strong><\/p>\n<\/div>\n<p style=\"text-align: left;\"><img loading=\"lazy\" decoding=\"async\" class=\"aligncenter\" alt=\"\" src=\"http:\/\/www.unoentrerios.com.ar\/export\/sites\/diariouno\/imagenes\/2013\/05\/29\/agustin_x1x.jpg_869080375.jpg\" width=\"624\" height=\"468\" \/>\u00a0 \u00a0La\u00a0presidente<strong> Cristina Fern\u00e1ndez de Kirchner<\/strong> recibir\u00e1 este mediod\u00eda a <strong>Agust\u00edn<\/strong> el nene que hizo furor en las redes sociales, luego que su padre difundiera por Youtube un video en el que el ni\u00f1o muestra su enojo por no poder ver a Cristina \u201cen la vida real\u201d, durante el multitudinario acto del 25 de Mayo.<\/p>\n<p>Esta ma\u00f1ana, Cristina dijo v\u00eda Twitter que lo recibir\u00e1 este mediod\u00eda, antes de la inauguraci\u00f3n de la Bienal de Venecia desde el Museo del Bicentenario. Asimismo, recibir\u00e1 a <strong>Mara,<\/strong> una ni\u00f1a de seis a\u00f1os, nieta de desaparecidos.<\/p>\n<p>\u201cEl domingo por la tarde alguien me dice: &#8216;Dra. \u00bfvi\u00f3 el video del nene que la quiere ver?&#8217;. \u00bfDe qu\u00e9 me habl\u00e1s? Miro la pantalla de la compu y aparece Agust\u00edn. Campera azul. S\u00faper abrigado. Chiquito. Terco. Adorable. Va de la mano de su pap\u00e1 y dice algo que me mata: &#8216;Yo quiero ver a Cristina en la vida real&#8217;. Est\u00e1 claro que van a la plaza de Mayo para la fiesta del 25\u201d, tuite\u00f3 la Presidente.<\/p>\n<p>Acto seguido, a\u00f1adi\u00f3: \u201cAgust\u00edn que no debe llegar a los cuatro a\u00f1os, distingue perfectamente, entre la vida real y la tele. Qu\u00e9 notable \u00bfno?. Hay algunos que no se dan cuenta de la diferencia durante toda su vida. Una l\u00e1stima, no saben lo que se pierden\u201d.<\/p>\n<p>Tambi\u00e9n se\u00f1al\u00f3 que recibir\u00e1 a Mara, de seis a\u00f1os, nieta de desaparecidos. \u201cEl pasado viernes (Carlos) Zannini habl\u00f3 en la cena que hab\u00eda organizado H.I.J.O.S . Eran m\u00e1s de 700. Hab\u00edan venido de todo el pa\u00eds, tambi\u00e9n para el acto del 25 de Mayo, el de la d\u00e9cada ganada, entre ellos estaba Mara. Me hab\u00eda escuchado en un discurso en el que dec\u00eda que las netbooks las compr\u00e1bamos con el aporte de los trabajadores. Lo encar\u00f3 a Carlos y le dijo: &#8216;Vos la ves a Cristina?&#8217;. Zanini: &#8216;Si, claro&#8217;. &#8216;Dale este dibujo mio , y este dinero que lo junt\u00e9 para que ella pueda seguir comprando las netbooks&#8217;\u201d, relat\u00f3 la Presidenta.<\/p>\n<p>\u201cCon la carta ademas del dibujo vienen un poco mas de treinta pesos en billetes muy ajados de 2 pesos, de 5 pesos y monedas. El dibujo son tres personas presas tras las rejas. Casi me largo a llorar\u201d, expres\u00f3. Fuente: UNO.<\/p>\n","protected":false},"excerpt":{"rendered":"<p>&nbsp; Agust&iacute;n, el ni&ntilde;o que se hizo conocido a trav&eacute;s de las redes sociales por sus intenci&oacute;n de &laquo;ver a Cristina en la vida real&raquo;, ser&aacute; recibido este mediod&iacute;a por Cristina Fern&aacute;ndez de Kirchner, momentos antes de la inauguraci&oacute;n de la Bienal de Venecia en el Museo del Bicentenario. Tambi&eacute;n recibir&aacute; a una nieta de [&hellip;]<\/p>\n","protected":false},"author":2,"featured_media":0,"comment_status":"open","ping_status":"open","sticky":false,"template":"","format":"standard","meta":{"fifu_image_url":"","fifu_image_alt":"","footnotes":""},"categories":[7,16],"tags":[],"class_list":{"0":"post-1965","1":"post","2":"type-post","3":"status-publish","4":"format-standard","6":"category-nacionales","7":"category-politi"},"yoast_head":"<title>La Presidente lo recibir\u00e1 en la \u201cvida real\u201d - Informe Litoral<\/title>\n<meta name=\"robots\" content=\"index, follow, max-snippet:-1, max-image-preview:large, max-video-preview:-1\" \/>\n<link rel=\"canonical\" href=\"https:\/\/informelitoral.com.ar\/la-presidente-lo-recibira-en-la-vida-real\/\" \/>\n<meta property=\"og:locale\" content=\"es_ES\" \/>\n<meta property=\"og:type\" content=\"article\" \/>\n<meta property=\"og:title\" content=\"La Presidente lo recibir\u00e1 en la \u201cvida real\u201d - Informe Litoral\" \/>\n<meta property=\"og:description\" content=\"&nbsp; Agust&iacute;n, el ni&ntilde;o que se hizo conocido a trav&eacute;s de las redes sociales por sus intenci&oacute;n de &laquo;ver a Cristina en la vida real&raquo;, ser&aacute; recibido este mediod&iacute;a por Cristina Fern&aacute;ndez de Kirchner, momentos antes de la inauguraci&oacute;n de la Bienal de Venecia en el Museo del Bicentenario. Tambi&eacute;n recibir&aacute; a una nieta de [&hellip;]\" \/>\n<meta property=\"og:url\" content=\"https:\/\/informelitoral.com.ar\/la-presidente-lo-recibira-en-la-vida-real\/\" \/>\n<meta property=\"og:site_name\" content=\"Informe Litoral\" \/>\n<meta property=\"article:publisher\" content=\"https:\/\/www.facebook.com\/informelitoral\/\" \/>\n<meta property=\"article:published_time\" content=\"2013-05-29T14:18:43+00:00\" \/>\n<meta property=\"og:image\" content=\"http:\/\/www.unoentrerios.com.ar\/export\/sites\/diariouno\/imagenes\/2013\/05\/29\/agustin_x1x.jpg_869080375.jpg\" \/>\n<meta name=\"author\" content=\"Gonzalo Schmidt\" \/>\n<meta name=\"twitter:card\" content=\"summary_large_image\" \/>\n<meta name=\"twitter:creator\" content=\"@InformeLitoral\" \/>\n<meta name=\"twitter:site\" content=\"@InformeLitoral\" \/>\n<meta name=\"twitter:label1\" content=\"Escrito por\" \/>\n\t<meta name=\"twitter:data1\" content=\"Gonzalo Schmidt\" \/>\n\t<meta name=\"twitter:label2\" content=\"Tiempo de lectura\" \/>\n\t<meta name=\"twitter:data2\" content=\"2 minutos\" \/>\n<script type=\"application\/ld+json\" class=\"yoast-schema-graph\">{\"@context\":\"https:\\\/\\\/schema.org\",\"@graph\":[{\"@type\":\"Article\",\"@id\":\"https:\\\/\\\/informelitoral.com.ar\\\/la-presidente-lo-recibira-en-la-vida-real\\\/#article\",\"isPartOf\":{\"@id\":\"https:\\\/\\\/informelitoral.com.ar\\\/la-presidente-lo-recibira-en-la-vida-real\\\/\"},\"author\":{\"name\":\"Gonzalo Schmidt\",\"@id\":\"https:\\\/\\\/informelitoral.com.ar\\\/#\\\/schema\\\/person\\\/b9d00407c836482871ef1d57bf8e3180\"},\"headline\":\"La Presidente lo recibir\u00e1 en la \u201cvida real\u201d\",\"datePublished\":\"2013-05-29T14:18:43+00:00\",\"mainEntityOfPage\":{\"@id\":\"https:\\\/\\\/informelitoral.com.ar\\\/la-presidente-lo-recibira-en-la-vida-real\\\/\"},\"wordCount\":464,\"commentCount\":0,\"publisher\":{\"@id\":\"https:\\\/\\\/informelitoral.com.ar\\\/#organization\"},\"image\":{\"@id\":\"https:\\\/\\\/informelitoral.com.ar\\\/la-presidente-lo-recibira-en-la-vida-real\\\/#primaryimage\"},\"thumbnailUrl\":\"http:\\\/\\\/www.unoentrerios.com.ar\\\/export\\\/sites\\\/diariouno\\\/imagenes\\\/2013\\\/05\\\/29\\\/agustin_x1x.jpg_869080375.jpg\",\"articleSection\":[\"Nacionales\",\"Politica\"],\"inLanguage\":\"es\",\"potentialAction\":[{\"@type\":\"CommentAction\",\"name\":\"Comment\",\"target\":[\"https:\\\/\\\/informelitoral.com.ar\\\/la-presidente-lo-recibira-en-la-vida-real\\\/#respond\"]}]},{\"@type\":\"WebPage\",\"@id\":\"https:\\\/\\\/informelitoral.com.ar\\\/la-presidente-lo-recibira-en-la-vida-real\\\/\",\"url\":\"https:\\\/\\\/informelitoral.com.ar\\\/la-presidente-lo-recibira-en-la-vida-real\\\/\",\"name\":\"La Presidente lo recibir\u00e1 en la \u201cvida real\u201d - Informe Litoral\",\"isPartOf\":{\"@id\":\"https:\\\/\\\/informelitoral.com.ar\\\/#website\"},\"primaryImageOfPage\":{\"@id\":\"https:\\\/\\\/informelitoral.com.ar\\\/la-presidente-lo-recibira-en-la-vida-real\\\/#primaryimage\"},\"image\":{\"@id\":\"https:\\\/\\\/informelitoral.com.ar\\\/la-presidente-lo-recibira-en-la-vida-real\\\/#primaryimage\"},\"thumbnailUrl\":\"http:\\\/\\\/www.unoentrerios.com.ar\\\/export\\\/sites\\\/diariouno\\\/imagenes\\\/2013\\\/05\\\/29\\\/agustin_x1x.jpg_869080375.jpg\",\"datePublished\":\"2013-05-29T14:18:43+00:00\",\"breadcrumb\":{\"@id\":\"https:\\\/\\\/informelitoral.com.ar\\\/la-presidente-lo-recibira-en-la-vida-real\\\/#breadcrumb\"},\"inLanguage\":\"es\",\"potentialAction\":[{\"@type\":\"ReadAction\",\"target\":[\"https:\\\/\\\/informelitoral.com.ar\\\/la-presidente-lo-recibira-en-la-vida-real\\\/\"]}]},{\"@type\":\"ImageObject\",\"inLanguage\":\"es\",\"@id\":\"https:\\\/\\\/informelitoral.com.ar\\\/la-presidente-lo-recibira-en-la-vida-real\\\/#primaryimage\",\"url\":\"http:\\\/\\\/www.unoentrerios.com.ar\\\/export\\\/sites\\\/diariouno\\\/imagenes\\\/2013\\\/05\\\/29\\\/agustin_x1x.jpg_869080375.jpg\",\"contentUrl\":\"http:\\\/\\\/www.unoentrerios.com.ar\\\/export\\\/sites\\\/diariouno\\\/imagenes\\\/2013\\\/05\\\/29\\\/agustin_x1x.jpg_869080375.jpg\"},{\"@type\":\"BreadcrumbList\",\"@id\":\"https:\\\/\\\/informelitoral.com.ar\\\/la-presidente-lo-recibira-en-la-vida-real\\\/#breadcrumb\",\"itemListElement\":[{\"@type\":\"ListItem\",\"position\":1,\"name\":\"Portada\",\"item\":\"https:\\\/\\\/informelitoral.com.ar\\\/\"},{\"@type\":\"ListItem\",\"position\":2,\"name\":\"La Presidente lo recibir\u00e1 en la \u201cvida real\u201d\"}]},{\"@type\":\"WebSite\",\"@id\":\"https:\\\/\\\/informelitoral.com.ar\\\/#website\",\"url\":\"https:\\\/\\\/informelitoral.com.ar\\\/\",\"name\":\"Informe Litoral\",\"description\":\"&quot;Nos informamos&quot; \",\"publisher\":{\"@id\":\"https:\\\/\\\/informelitoral.com.ar\\\/#organization\"},\"potentialAction\":[{\"@type\":\"SearchAction\",\"target\":{\"@type\":\"EntryPoint\",\"urlTemplate\":\"https:\\\/\\\/informelitoral.com.ar\\\/?s={search_term_string}\"},\"query-input\":{\"@type\":\"PropertyValueSpecification\",\"valueRequired\":true,\"valueName\":\"search_term_string\"}}],\"inLanguage\":\"es\"},{\"@type\":\"Organization\",\"@id\":\"https:\\\/\\\/informelitoral.com.ar\\\/#organization\",\"name\":\"Informe Litoral\",\"url\":\"https:\\\/\\\/informelitoral.com.ar\\\/\",\"logo\":{\"@type\":\"ImageObject\",\"inLanguage\":\"es\",\"@id\":\"https:\\\/\\\/informelitoral.com.ar\\\/#\\\/schema\\\/logo\\\/image\\\/\",\"url\":\"https:\\\/\\\/informelitoral.com.ar\\\/%77%70%2d%63%6f%6e%74%65%6e%74\\\/uploads\\\/2021\\\/01\\\/circulo.png\",\"contentUrl\":\"https:\\\/\\\/informelitoral.com.ar\\\/%77%70%2d%63%6f%6e%74%65%6e%74\\\/uploads\\\/2021\\\/01\\\/circulo.png\",\"width\":723,\"height\":731,\"caption\":\"Informe Litoral\"},\"image\":{\"@id\":\"https:\\\/\\\/informelitoral.com.ar\\\/#\\\/schema\\\/logo\\\/image\\\/\"},\"sameAs\":[\"https:\\\/\\\/www.facebook.com\\\/informelitoral\\\/\",\"https:\\\/\\\/x.com\\\/InformeLitoral\",\"https:\\\/\\\/www.instagram.com\\\/informelitoral\\\/\",\"https:\\\/\\\/www.youtube.com\\\/channel\\\/UCua4Qvz8Icb6MYqhoq9xLXw\"]},{\"@type\":\"Person\",\"@id\":\"https:\\\/\\\/informelitoral.com.ar\\\/#\\\/schema\\\/person\\\/b9d00407c836482871ef1d57bf8e3180\",\"name\":\"Gonzalo Schmidt\",\"image\":{\"@type\":\"ImageObject\",\"inLanguage\":\"es\",\"@id\":\"https:\\\/\\\/secure.gravatar.com\\\/avatar\\\/31a1a7b66ff2de83bd0e9fd79d026630d2d99e55e8bfe501287647b4fd9743de?s=96&d=mm&r=g\",\"url\":\"https:\\\/\\\/secure.gravatar.com\\\/avatar\\\/31a1a7b66ff2de83bd0e9fd79d026630d2d99e55e8bfe501287647b4fd9743de?s=96&d=mm&r=g\",\"contentUrl\":\"https:\\\/\\\/secure.gravatar.com\\\/avatar\\\/31a1a7b66ff2de83bd0e9fd79d026630d2d99e55e8bfe501287647b4fd9743de?s=96&d=mm&r=g\",\"caption\":\"Gonzalo Schmidt\"},\"description\":\"Sitio web de noticias de la provincia de Entre R\u00edos, Argentina. Informaci\u00f3n y entretenimiento. Informe Litoral, nos informamos.\",\"sameAs\":[\"http:\\\/\\\/www.isletasnoticias.com.ar\"],\"url\":\"https:\\\/\\\/informelitoral.com.ar\\\/author\\\/gonzalo\\\/\"}]}<\/script>","yoast_head_json":{"title":"La Presidente lo recibir\u00e1 en la \u201cvida real\u201d - Informe Litoral","robots":{"index":"index","follow":"follow","max-snippet":"max-snippet:-1","max-image-preview":"max-image-preview:large","max-video-preview":"max-video-preview:-1"},"canonical":"https:\/\/informelitoral.com.ar\/la-presidente-lo-recibira-en-la-vida-real\/","og_locale":"es_ES","og_type":"article","og_title":"La Presidente lo recibir\u00e1 en la \u201cvida real\u201d - Informe Litoral","og_description":"&nbsp; Agust&iacute;n, el ni&ntilde;o que se hizo conocido a trav&eacute;s de las redes sociales por sus intenci&oacute;n de &laquo;ver a Cristina en la vida real&raquo;, ser&aacute; recibido este mediod&iacute;a por Cristina Fern&aacute;ndez de Kirchner, momentos antes de la inauguraci&oacute;n de la Bienal de Venecia en el Museo del Bicentenario. Tambi&eacute;n recibir&aacute; a una nieta de [&hellip;]","og_url":"https:\/\/informelitoral.com.ar\/la-presidente-lo-recibira-en-la-vida-real\/","og_site_name":"Informe Litoral","article_publisher":"https:\/\/www.facebook.com\/informelitoral\/","article_published_time":"2013-05-29T14:18:43+00:00","og_image":[{"url":"http:\/\/www.unoentrerios.com.ar\/export\/sites\/diariouno\/imagenes\/2013\/05\/29\/agustin_x1x.jpg_869080375.jpg","type":"","width":"","height":""}],"author":"Gonzalo Schmidt","twitter_card":"summary_large_image","twitter_creator":"@InformeLitoral","twitter_site":"@InformeLitoral","twitter_misc":{"Escrito por":"Gonzalo Schmidt","Tiempo de lectura":"2 minutos"},"schema":{"@context":"https:\/\/schema.org","@graph":[{"@type":"Article","@id":"https:\/\/informelitoral.com.ar\/la-presidente-lo-recibira-en-la-vida-real\/#article","isPartOf":{"@id":"https:\/\/informelitoral.com.ar\/la-presidente-lo-recibira-en-la-vida-real\/"},"author":{"name":"Gonzalo Schmidt","@id":"https:\/\/informelitoral.com.ar\/#\/schema\/person\/b9d00407c836482871ef1d57bf8e3180"},"headline":"La Presidente lo recibir\u00e1 en la \u201cvida real\u201d","datePublished":"2013-05-29T14:18:43+00:00","mainEntityOfPage":{"@id":"https:\/\/informelitoral.com.ar\/la-presidente-lo-recibira-en-la-vida-real\/"},"wordCount":464,"commentCount":0,"publisher":{"@id":"https:\/\/informelitoral.com.ar\/#organization"},"image":{"@id":"https:\/\/informelitoral.com.ar\/la-presidente-lo-recibira-en-la-vida-real\/#primaryimage"},"thumbnailUrl":"http:\/\/www.unoentrerios.com.ar\/export\/sites\/diariouno\/imagenes\/2013\/05\/29\/agustin_x1x.jpg_869080375.jpg","articleSection":["Nacionales","Politica"],"inLanguage":"es","potentialAction":[{"@type":"CommentAction","name":"Comment","target":["https:\/\/informelitoral.com.ar\/la-presidente-lo-recibira-en-la-vida-real\/#respond"]}]},{"@type":"WebPage","@id":"https:\/\/informelitoral.com.ar\/la-presidente-lo-recibira-en-la-vida-real\/","url":"https:\/\/informelitoral.com.ar\/la-presidente-lo-recibira-en-la-vida-real\/","name":"La Presidente lo recibir\u00e1 en la \u201cvida real\u201d - Informe Litoral","isPartOf":{"@id":"https:\/\/informelitoral.com.ar\/#website"},"primaryImageOfPage":{"@id":"https:\/\/informelitoral.com.ar\/la-presidente-lo-recibira-en-la-vida-real\/#primaryimage"},"image":{"@id":"https:\/\/informelitoral.com.ar\/la-presidente-lo-recibira-en-la-vida-real\/#primaryimage"},"thumbnailUrl":"http:\/\/www.unoentrerios.com.ar\/export\/sites\/diariouno\/imagenes\/2013\/05\/29\/agustin_x1x.jpg_869080375.jpg","datePublished":"2013-05-29T14:18:43+00:00","breadcrumb":{"@id":"https:\/\/informelitoral.com.ar\/la-presidente-lo-recibira-en-la-vida-real\/#breadcrumb"},"inLanguage":"es","potentialAction":[{"@type":"ReadAction","target":["https:\/\/informelitoral.com.ar\/la-presidente-lo-recibira-en-la-vida-real\/"]}]},{"@type":"ImageObject","inLanguage":"es","@id":"https:\/\/informelitoral.com.ar\/la-presidente-lo-recibira-en-la-vida-real\/#primaryimage","url":"http:\/\/www.unoentrerios.com.ar\/export\/sites\/diariouno\/imagenes\/2013\/05\/29\/agustin_x1x.jpg_869080375.jpg","contentUrl":"http:\/\/www.unoentrerios.com.ar\/export\/sites\/diariouno\/imagenes\/2013\/05\/29\/agustin_x1x.jpg_869080375.jpg"},{"@type":"BreadcrumbList","@id":"https:\/\/informelitoral.com.ar\/la-presidente-lo-recibira-en-la-vida-real\/#breadcrumb","itemListElement":[{"@type":"ListItem","position":1,"name":"Portada","item":"https:\/\/informelitoral.com.ar\/"},{"@type":"ListItem","position":2,"name":"La Presidente lo recibir\u00e1 en la \u201cvida real\u201d"}]},{"@type":"WebSite","@id":"https:\/\/informelitoral.com.ar\/#website","url":"https:\/\/informelitoral.com.ar\/","name":"Informe Litoral","description":"&quot;Nos informamos&quot; ","publisher":{"@id":"https:\/\/informelitoral.com.ar\/#organization"},"potentialAction":[{"@type":"SearchAction","target":{"@type":"EntryPoint","urlTemplate":"https:\/\/informelitoral.com.ar\/?s={search_term_string}"},"query-input":{"@type":"PropertyValueSpecification","valueRequired":true,"valueName":"search_term_string"}}],"inLanguage":"es"},{"@type":"Organization","@id":"https:\/\/informelitoral.com.ar\/#organization","name":"Informe Litoral","url":"https:\/\/informelitoral.com.ar\/","logo":{"@type":"ImageObject","inLanguage":"es","@id":"https:\/\/informelitoral.com.ar\/#\/schema\/logo\/image\/","url":"https:\/\/informelitoral.com.ar\/%77%70%2d%63%6f%6e%74%65%6e%74\/uploads\/2021\/01\/circulo.png","contentUrl":"https:\/\/informelitoral.com.ar\/%77%70%2d%63%6f%6e%74%65%6e%74\/uploads\/2021\/01\/circulo.png","width":723,"height":731,"caption":"Informe Litoral"},"image":{"@id":"https:\/\/informelitoral.com.ar\/#\/schema\/logo\/image\/"},"sameAs":["https:\/\/www.facebook.com\/informelitoral\/","https:\/\/x.com\/InformeLitoral","https:\/\/www.instagram.com\/informelitoral\/","https:\/\/www.youtube.com\/channel\/UCua4Qvz8Icb6MYqhoq9xLXw"]},{"@type":"Person","@id":"https:\/\/informelitoral.com.ar\/#\/schema\/person\/b9d00407c836482871ef1d57bf8e3180","name":"Gonzalo Schmidt","image":{"@type":"ImageObject","inLanguage":"es","@id":"https:\/\/secure.gravatar.com\/avatar\/31a1a7b66ff2de83bd0e9fd79d026630d2d99e55e8bfe501287647b4fd9743de?s=96&d=mm&r=g","url":"https:\/\/secure.gravatar.com\/avatar\/31a1a7b66ff2de83bd0e9fd79d026630d2d99e55e8bfe501287647b4fd9743de?s=96&d=mm&r=g","contentUrl":"https:\/\/secure.gravatar.com\/avatar\/31a1a7b66ff2de83bd0e9fd79d026630d2d99e55e8bfe501287647b4fd9743de?s=96&d=mm&r=g","caption":"Gonzalo Schmidt"},"description":"Sitio web de noticias de la provincia de Entre R\u00edos, Argentina. Informaci\u00f3n y entretenimiento. Informe Litoral, nos informamos.","sameAs":["http:\/\/www.isletasnoticias.com.ar"],"url":"https:\/\/informelitoral.com.ar\/author\/gonzalo\/"}]}},"_links":{"self":[{"href":"https:\/\/informelitoral.com.ar\/%77%70%2d%6a%73%6f%6e\/wp\/v2\/posts\/1965","targetHints":{"allow":["GET"]}}],"collection":[{"href":"https:\/\/informelitoral.com.ar\/%77%70%2d%6a%73%6f%6e\/wp\/v2\/posts"}],"about":[{"href":"https:\/\/informelitoral.com.ar\/%77%70%2d%6a%73%6f%6e\/wp\/v2\/types\/post"}],"author":[{"embeddable":true,"href":"https:\/\/informelitoral.com.ar\/%77%70%2d%6a%73%6f%6e\/wp\/v2\/users\/2"}],"replies":[{"embeddable":true,"href":"https:\/\/informelitoral.com.ar\/%77%70%2d%6a%73%6f%6e\/wp\/v2\/comments?post=1965"}],"version-history":[{"count":0,"href":"https:\/\/informelitoral.com.ar\/%77%70%2d%6a%73%6f%6e\/wp\/v2\/posts\/1965\/revisions"}],"wp:attachment":[{"href":"https:\/\/informelitoral.com.ar\/%77%70%2d%6a%73%6f%6e\/wp\/v2\/media?parent=1965"}],"wp:term":[{"taxonomy":"category","embeddable":true,"href":"https:\/\/informelitoral.com.ar\/%77%70%2d%6a%73%6f%6e\/wp\/v2\/categories?post=1965"},{"taxonomy":"post_tag","embeddable":true,"href":"https:\/\/informelitoral.com.ar\/%77%70%2d%6a%73%6f%6e\/wp\/v2\/tags?post=1965"}],"curies":[{"name":"wp","href":"https:\/\/api.w.org\/{rel}","templated":true}]}}