{"id":196241,"date":"2024-08-27T13:15:32","date_gmt":"2024-08-27T16:15:32","guid":{"rendered":"https:\/\/www.informelitoral.com.ar\/?p=196241"},"modified":"2024-08-27T13:15:32","modified_gmt":"2024-08-27T16:15:32","slug":"citan-a-sofia-pacchi-a-declarar-en-la-causa-contra-alberto-fernandez","status":"publish","type":"post","link":"https:\/\/informelitoral.com.ar\/citan-a-sofia-pacchi-a-declarar-en-la-causa-contra-alberto-fernandez\/","title":{"rendered":"Citan a Sof\u00eda Pacchi a declarar en la causa contra Alberto Fern\u00e1ndez"},"content":{"rendered":"<p>El fiscal federal\u00a0<strong>Ramiro Ramiro Gonz\u00e1lez<\/strong>\u00a0cit\u00f3 a declarar a la modelo\u00a0<strong>Sof\u00eda Pacchi<\/strong>\u00a0para el\u00a0<strong>12 de septiembre<\/strong>\u00a0en el marco de la causa que investiga al ex presidente<strong>\u00a0Alberto Fern\u00e1ndez<\/strong>\u00a0por violencia de g\u00e9nero contra su ex pareja\u00a0<strong>Fabiola Y\u00e1\u00f1ez.\u00a0<\/strong><\/p>\n<p>La joven fue mencionada por Ya\u00f1ez en su declaraci\u00f3n al alegar que, tras una serie de mensajes con Pacchi enviados por el mandatario, se gener\u00f3 una discusi\u00f3n que deriv\u00f3 en agresiones f\u00edsicas por el que se lo investiga al ex jefe de Estado.<\/p>\n<p>En su declaraci\u00f3n, la ex primera dama detall\u00f3 que por el reclamo a su pareja,\u00a0<strong>el ex presidente la \u201czamarre\u00f3 de sus brazos, provoc\u00e1ndole una lesi\u00f3n en una de sus extremidades y la sujet\u00f3 con sus manos del cuello\u201d.<\/strong><\/p>\n<p>De esta forma, el fiscal llam\u00f3 a declarar a Pacchi; a la exsecretaria de Alberto Fern\u00e1ndez, Mar\u00eda Cantero; al titular de la Unidad M\u00e9dica Presidencial durante la gesti\u00f3n de Fern\u00e1ndez, Federico Saavedra; al intendente de la Quinta de Olivos, Daniel Rodr\u00edguez; a Miriam Ya\u00f1ez Verdugo, mam\u00e1 de la ex primera dama; y a la periodista Alicia Barros.<\/p>\n<p>Al imputar al ex presidente, la fiscal\u00eda investiga nueve hechos que sustentan los delitos atribuidos. En dos de ellos se hace referencia a Sof\u00eda Pacchi, amiga de la ex primera dama y asidua visitante de la quinta de Olivos, hasta la viralizaci\u00f3n de la fiesta de cumplea\u00f1os de Ya\u00f1ez, en la que estuvo presente.<\/p>\n<p>En las \u00faltimas horas, la ex asesora hizo p\u00fablico un comunicado en el que\u00a0<strong>neg\u00f3 cualquier tipo de\u00a0\u201cv\u00ednculo sentimental de ninguna naturaleza con el ex presidente<\/strong><em><strong>\u201d<\/strong><\/em><strong>,<\/strong>\u00a0mientras que su abogado defensor\u00a0<strong>Fernando Burlando<\/strong>, confirm\u00f3 que\u00a0<strong>se pidi\u00f3 un pr\u00f3rroga en la fecha establecida para declarar en la justicia debido a que Pacchi fue madre recientemente.<\/strong><\/p>\n<p>El pasado lunes, el ex intendente de la quinta de Olivos bajo la administraci\u00f3n de Alberto Fern\u00e1ndez, Daniel Rodr\u00edguez, declar\u00f3 que \u201cSof\u00eda Pacchi era concurrente a la Quinta de Olivos hasta la foto, era colaboradora de la primera dama\u201d. \u00abDespu\u00e9s, no la vi m\u00e1s. Me enter\u00e9 que hab\u00eda tenido un cargo en gobierno, Casa Rosada. Una vez, al final del mandato fue a la Quinta, cuando Fabiola no estaba\u201d, declar\u00f3.<\/p>\n","protected":false},"excerpt":{"rendered":"<p>El 12 de septiembre la modelo y ex asesora ser\u00e1 indagada ante el fiscal Ramiro Gonz\u00e1lez por los episodios de violencia contra Fabiola Ya\u00f1ez en los que se la menciona.<\/p>\n","protected":false},"author":8,"featured_media":196242,"comment_status":"open","ping_status":"open","sticky":false,"template":"","format":"standard","meta":{"fifu_image_url":"","fifu_image_alt":"","footnotes":""},"categories":[16],"tags":[1311,333,2076,126],"class_list":{"0":"post-196241","1":"post","2":"type-post","3":"status-publish","4":"format-standard","5":"has-post-thumbnail","7":"category-politi","8":"tag-alberto-fernandez","9":"tag-denuncia","10":"tag-fabiola-yanez","11":"tag-violencia-de-genero"},"yoast_head":"<title>Citan a Sof\u00eda Pacchi a declarar en la causa contra Alberto Fern\u00e1ndez - Informe Litoral<\/title>\n<meta name=\"robots\" content=\"index, follow, max-snippet:-1, max-image-preview:large, max-video-preview:-1\" \/>\n<link rel=\"canonical\" href=\"https:\/\/informelitoral.com.ar\/citan-a-sofia-pacchi-a-declarar-en-la-causa-contra-alberto-fernandez\/\" \/>\n<meta property=\"og:locale\" content=\"es_ES\" \/>\n<meta property=\"og:type\" content=\"article\" \/>\n<meta property=\"og:title\" content=\"Citan a Sof\u00eda Pacchi a declarar en la causa contra Alberto Fern\u00e1ndez - Informe Litoral\" \/>\n<meta property=\"og:description\" content=\"El 12 de septiembre la modelo y ex asesora ser\u00e1 indagada ante el fiscal Ramiro Gonz\u00e1lez por los episodios de violencia contra Fabiola Ya\u00f1ez en los que se la menciona.\" \/>\n<meta property=\"og:url\" content=\"https:\/\/informelitoral.com.ar\/citan-a-sofia-pacchi-a-declarar-en-la-causa-contra-alberto-fernandez\/\" \/>\n<meta property=\"og:site_name\" content=\"Informe Litoral\" \/>\n<meta property=\"article:publisher\" content=\"https:\/\/www.facebook.com\/informelitoral\/\" \/>\n<meta property=\"article:published_time\" content=\"2024-08-27T16:15:32+00:00\" \/>\n<meta property=\"og:image\" content=\"https:\/\/informelitoral.com.ar\/%77%70%2d%63%6f%6e%74%65%6e%74\/uploads\/2024\/08\/360-1-5.webp\" \/>\n\t<meta property=\"og:image:width\" content=\"540\" \/>\n\t<meta property=\"og:image:height\" content=\"360\" \/>\n\t<meta property=\"og:image:type\" content=\"image\/webp\" \/>\n<meta name=\"author\" content=\"Sebastian\" \/>\n<meta name=\"twitter:card\" content=\"summary_large_image\" \/>\n<meta name=\"twitter:creator\" content=\"@InformeLitoral\" \/>\n<meta name=\"twitter:site\" content=\"@InformeLitoral\" \/>\n<meta name=\"twitter:label1\" content=\"Escrito por\" \/>\n\t<meta name=\"twitter:data1\" content=\"Sebastian\" \/>\n\t<meta name=\"twitter:label2\" content=\"Tiempo de lectura\" \/>\n\t<meta name=\"twitter:data2\" content=\"2 minutos\" \/>\n<script type=\"application\/ld+json\" class=\"yoast-schema-graph\">{\"@context\":\"https:\\\/\\\/schema.org\",\"@graph\":[{\"@type\":\"Article\",\"@id\":\"https:\\\/\\\/informelitoral.com.ar\\\/citan-a-sofia-pacchi-a-declarar-en-la-causa-contra-alberto-fernandez\\\/#article\",\"isPartOf\":{\"@id\":\"https:\\\/\\\/informelitoral.com.ar\\\/citan-a-sofia-pacchi-a-declarar-en-la-causa-contra-alberto-fernandez\\\/\"},\"author\":{\"name\":\"Sebastian\",\"@id\":\"https:\\\/\\\/informelitoral.com.ar\\\/#\\\/schema\\\/person\\\/f05f9f461677119578717524b127d6d5\"},\"headline\":\"Citan a Sof\u00eda Pacchi a declarar en la causa contra Alberto Fern\u00e1ndez\",\"datePublished\":\"2024-08-27T16:15:32+00:00\",\"mainEntityOfPage\":{\"@id\":\"https:\\\/\\\/informelitoral.com.ar\\\/citan-a-sofia-pacchi-a-declarar-en-la-causa-contra-alberto-fernandez\\\/\"},\"wordCount\":408,\"commentCount\":0,\"publisher\":{\"@id\":\"https:\\\/\\\/informelitoral.com.ar\\\/#organization\"},\"image\":{\"@id\":\"https:\\\/\\\/informelitoral.com.ar\\\/citan-a-sofia-pacchi-a-declarar-en-la-causa-contra-alberto-fernandez\\\/#primaryimage\"},\"thumbnailUrl\":\"https:\\\/\\\/informelitoral.com.ar\\\/%77%70%2d%63%6f%6e%74%65%6e%74\\\/uploads\\\/2024\\\/08\\\/360-1-5.webp\",\"keywords\":[\"Alberto Fern\u00e1ndez\",\"Denuncia\",\"Fabiola Ya\u00f1ez\",\"Violencia de g\u00e9nero\"],\"articleSection\":[\"Politica\"],\"inLanguage\":\"es\",\"potentialAction\":[{\"@type\":\"CommentAction\",\"name\":\"Comment\",\"target\":[\"https:\\\/\\\/informelitoral.com.ar\\\/citan-a-sofia-pacchi-a-declarar-en-la-causa-contra-alberto-fernandez\\\/#respond\"]}]},{\"@type\":\"WebPage\",\"@id\":\"https:\\\/\\\/informelitoral.com.ar\\\/citan-a-sofia-pacchi-a-declarar-en-la-causa-contra-alberto-fernandez\\\/\",\"url\":\"https:\\\/\\\/informelitoral.com.ar\\\/citan-a-sofia-pacchi-a-declarar-en-la-causa-contra-alberto-fernandez\\\/\",\"name\":\"Citan a Sof\u00eda Pacchi a declarar en la causa contra Alberto Fern\u00e1ndez - Informe Litoral\",\"isPartOf\":{\"@id\":\"https:\\\/\\\/informelitoral.com.ar\\\/#website\"},\"primaryImageOfPage\":{\"@id\":\"https:\\\/\\\/informelitoral.com.ar\\\/citan-a-sofia-pacchi-a-declarar-en-la-causa-contra-alberto-fernandez\\\/#primaryimage\"},\"image\":{\"@id\":\"https:\\\/\\\/informelitoral.com.ar\\\/citan-a-sofia-pacchi-a-declarar-en-la-causa-contra-alberto-fernandez\\\/#primaryimage\"},\"thumbnailUrl\":\"https:\\\/\\\/informelitoral.com.ar\\\/%77%70%2d%63%6f%6e%74%65%6e%74\\\/uploads\\\/2024\\\/08\\\/360-1-5.webp\",\"datePublished\":\"2024-08-27T16:15:32+00:00\",\"breadcrumb\":{\"@id\":\"https:\\\/\\\/informelitoral.com.ar\\\/citan-a-sofia-pacchi-a-declarar-en-la-causa-contra-alberto-fernandez\\\/#breadcrumb\"},\"inLanguage\":\"es\",\"potentialAction\":[{\"@type\":\"ReadAction\",\"target\":[\"https:\\\/\\\/informelitoral.com.ar\\\/citan-a-sofia-pacchi-a-declarar-en-la-causa-contra-alberto-fernandez\\\/\"]}]},{\"@type\":\"ImageObject\",\"inLanguage\":\"es\",\"@id\":\"https:\\\/\\\/informelitoral.com.ar\\\/citan-a-sofia-pacchi-a-declarar-en-la-causa-contra-alberto-fernandez\\\/#primaryimage\",\"url\":\"https:\\\/\\\/informelitoral.com.ar\\\/%77%70%2d%63%6f%6e%74%65%6e%74\\\/uploads\\\/2024\\\/08\\\/360-1-5.webp\",\"contentUrl\":\"https:\\\/\\\/informelitoral.com.ar\\\/%77%70%2d%63%6f%6e%74%65%6e%74\\\/uploads\\\/2024\\\/08\\\/360-1-5.webp\",\"width\":540,\"height\":360},{\"@type\":\"BreadcrumbList\",\"@id\":\"https:\\\/\\\/informelitoral.com.ar\\\/citan-a-sofia-pacchi-a-declarar-en-la-causa-contra-alberto-fernandez\\\/#breadcrumb\",\"itemListElement\":[{\"@type\":\"ListItem\",\"position\":1,\"name\":\"Portada\",\"item\":\"https:\\\/\\\/informelitoral.com.ar\\\/\"},{\"@type\":\"ListItem\",\"position\":2,\"name\":\"Citan a Sof\u00eda Pacchi a declarar en la causa contra Alberto Fern\u00e1ndez\"}]},{\"@type\":\"WebSite\",\"@id\":\"https:\\\/\\\/informelitoral.com.ar\\\/#website\",\"url\":\"https:\\\/\\\/informelitoral.com.ar\\\/\",\"name\":\"Informe Litoral\",\"description\":\"&quot;Nos informamos&quot; \",\"publisher\":{\"@id\":\"https:\\\/\\\/informelitoral.com.ar\\\/#organization\"},\"potentialAction\":[{\"@type\":\"SearchAction\",\"target\":{\"@type\":\"EntryPoint\",\"urlTemplate\":\"https:\\\/\\\/informelitoral.com.ar\\\/?s={search_term_string}\"},\"query-input\":{\"@type\":\"PropertyValueSpecification\",\"valueRequired\":true,\"valueName\":\"search_term_string\"}}],\"inLanguage\":\"es\"},{\"@type\":\"Organization\",\"@id\":\"https:\\\/\\\/informelitoral.com.ar\\\/#organization\",\"name\":\"Informe Litoral\",\"url\":\"https:\\\/\\\/informelitoral.com.ar\\\/\",\"logo\":{\"@type\":\"ImageObject\",\"inLanguage\":\"es\",\"@id\":\"https:\\\/\\\/informelitoral.com.ar\\\/#\\\/schema\\\/logo\\\/image\\\/\",\"url\":\"https:\\\/\\\/informelitoral.com.ar\\\/%77%70%2d%63%6f%6e%74%65%6e%74\\\/uploads\\\/2021\\\/01\\\/circulo.png\",\"contentUrl\":\"https:\\\/\\\/informelitoral.com.ar\\\/%77%70%2d%63%6f%6e%74%65%6e%74\\\/uploads\\\/2021\\\/01\\\/circulo.png\",\"width\":723,\"height\":731,\"caption\":\"Informe Litoral\"},\"image\":{\"@id\":\"https:\\\/\\\/informelitoral.com.ar\\\/#\\\/schema\\\/logo\\\/image\\\/\"},\"sameAs\":[\"https:\\\/\\\/www.facebook.com\\\/informelitoral\\\/\",\"https:\\\/\\\/x.com\\\/InformeLitoral\",\"https:\\\/\\\/www.instagram.com\\\/informelitoral\\\/\",\"https:\\\/\\\/www.youtube.com\\\/channel\\\/UCua4Qvz8Icb6MYqhoq9xLXw\"]},{\"@type\":\"Person\",\"@id\":\"https:\\\/\\\/informelitoral.com.ar\\\/#\\\/schema\\\/person\\\/f05f9f461677119578717524b127d6d5\",\"name\":\"Sebastian\",\"image\":{\"@type\":\"ImageObject\",\"inLanguage\":\"es\",\"@id\":\"https:\\\/\\\/secure.gravatar.com\\\/avatar\\\/b71bf7481d447dfb9583c7f2798e7cc64de6efb9067b74633ed8c31059a3bd82?s=96&d=mm&r=g\",\"url\":\"https:\\\/\\\/secure.gravatar.com\\\/avatar\\\/b71bf7481d447dfb9583c7f2798e7cc64de6efb9067b74633ed8c31059a3bd82?s=96&d=mm&r=g\",\"contentUrl\":\"https:\\\/\\\/secure.gravatar.com\\\/avatar\\\/b71bf7481d447dfb9583c7f2798e7cc64de6efb9067b74633ed8c31059a3bd82?s=96&d=mm&r=g\",\"caption\":\"Sebastian\"},\"url\":\"https:\\\/\\\/informelitoral.com.ar\\\/author\\\/sebastian\\\/\"}]}<\/script>","yoast_head_json":{"title":"Citan a Sof\u00eda Pacchi a declarar en la causa contra Alberto Fern\u00e1ndez - Informe Litoral","robots":{"index":"index","follow":"follow","max-snippet":"max-snippet:-1","max-image-preview":"max-image-preview:large","max-video-preview":"max-video-preview:-1"},"canonical":"https:\/\/informelitoral.com.ar\/citan-a-sofia-pacchi-a-declarar-en-la-causa-contra-alberto-fernandez\/","og_locale":"es_ES","og_type":"article","og_title":"Citan a Sof\u00eda Pacchi a declarar en la causa contra Alberto Fern\u00e1ndez - Informe Litoral","og_description":"El 12 de septiembre la modelo y ex asesora ser\u00e1 indagada ante el fiscal Ramiro Gonz\u00e1lez por los episodios de violencia contra Fabiola Ya\u00f1ez en los que se la menciona.","og_url":"https:\/\/informelitoral.com.ar\/citan-a-sofia-pacchi-a-declarar-en-la-causa-contra-alberto-fernandez\/","og_site_name":"Informe Litoral","article_publisher":"https:\/\/www.facebook.com\/informelitoral\/","article_published_time":"2024-08-27T16:15:32+00:00","og_image":[{"width":540,"height":360,"url":"https:\/\/informelitoral.com.ar\/%77%70%2d%63%6f%6e%74%65%6e%74\/uploads\/2024\/08\/360-1-5.webp","type":"image\/webp"}],"author":"Sebastian","twitter_card":"summary_large_image","twitter_creator":"@InformeLitoral","twitter_site":"@InformeLitoral","twitter_misc":{"Escrito por":"Sebastian","Tiempo de lectura":"2 minutos"},"schema":{"@context":"https:\/\/schema.org","@graph":[{"@type":"Article","@id":"https:\/\/informelitoral.com.ar\/citan-a-sofia-pacchi-a-declarar-en-la-causa-contra-alberto-fernandez\/#article","isPartOf":{"@id":"https:\/\/informelitoral.com.ar\/citan-a-sofia-pacchi-a-declarar-en-la-causa-contra-alberto-fernandez\/"},"author":{"name":"Sebastian","@id":"https:\/\/informelitoral.com.ar\/#\/schema\/person\/f05f9f461677119578717524b127d6d5"},"headline":"Citan a Sof\u00eda Pacchi a declarar en la causa contra Alberto Fern\u00e1ndez","datePublished":"2024-08-27T16:15:32+00:00","mainEntityOfPage":{"@id":"https:\/\/informelitoral.com.ar\/citan-a-sofia-pacchi-a-declarar-en-la-causa-contra-alberto-fernandez\/"},"wordCount":408,"commentCount":0,"publisher":{"@id":"https:\/\/informelitoral.com.ar\/#organization"},"image":{"@id":"https:\/\/informelitoral.com.ar\/citan-a-sofia-pacchi-a-declarar-en-la-causa-contra-alberto-fernandez\/#primaryimage"},"thumbnailUrl":"https:\/\/informelitoral.com.ar\/%77%70%2d%63%6f%6e%74%65%6e%74\/uploads\/2024\/08\/360-1-5.webp","keywords":["Alberto Fern\u00e1ndez","Denuncia","Fabiola Ya\u00f1ez","Violencia de g\u00e9nero"],"articleSection":["Politica"],"inLanguage":"es","potentialAction":[{"@type":"CommentAction","name":"Comment","target":["https:\/\/informelitoral.com.ar\/citan-a-sofia-pacchi-a-declarar-en-la-causa-contra-alberto-fernandez\/#respond"]}]},{"@type":"WebPage","@id":"https:\/\/informelitoral.com.ar\/citan-a-sofia-pacchi-a-declarar-en-la-causa-contra-alberto-fernandez\/","url":"https:\/\/informelitoral.com.ar\/citan-a-sofia-pacchi-a-declarar-en-la-causa-contra-alberto-fernandez\/","name":"Citan a Sof\u00eda Pacchi a declarar en la causa contra Alberto Fern\u00e1ndez - Informe Litoral","isPartOf":{"@id":"https:\/\/informelitoral.com.ar\/#website"},"primaryImageOfPage":{"@id":"https:\/\/informelitoral.com.ar\/citan-a-sofia-pacchi-a-declarar-en-la-causa-contra-alberto-fernandez\/#primaryimage"},"image":{"@id":"https:\/\/informelitoral.com.ar\/citan-a-sofia-pacchi-a-declarar-en-la-causa-contra-alberto-fernandez\/#primaryimage"},"thumbnailUrl":"https:\/\/informelitoral.com.ar\/%77%70%2d%63%6f%6e%74%65%6e%74\/uploads\/2024\/08\/360-1-5.webp","datePublished":"2024-08-27T16:15:32+00:00","breadcrumb":{"@id":"https:\/\/informelitoral.com.ar\/citan-a-sofia-pacchi-a-declarar-en-la-causa-contra-alberto-fernandez\/#breadcrumb"},"inLanguage":"es","potentialAction":[{"@type":"ReadAction","target":["https:\/\/informelitoral.com.ar\/citan-a-sofia-pacchi-a-declarar-en-la-causa-contra-alberto-fernandez\/"]}]},{"@type":"ImageObject","inLanguage":"es","@id":"https:\/\/informelitoral.com.ar\/citan-a-sofia-pacchi-a-declarar-en-la-causa-contra-alberto-fernandez\/#primaryimage","url":"https:\/\/informelitoral.com.ar\/%77%70%2d%63%6f%6e%74%65%6e%74\/uploads\/2024\/08\/360-1-5.webp","contentUrl":"https:\/\/informelitoral.com.ar\/%77%70%2d%63%6f%6e%74%65%6e%74\/uploads\/2024\/08\/360-1-5.webp","width":540,"height":360},{"@type":"BreadcrumbList","@id":"https:\/\/informelitoral.com.ar\/citan-a-sofia-pacchi-a-declarar-en-la-causa-contra-alberto-fernandez\/#breadcrumb","itemListElement":[{"@type":"ListItem","position":1,"name":"Portada","item":"https:\/\/informelitoral.com.ar\/"},{"@type":"ListItem","position":2,"name":"Citan a Sof\u00eda Pacchi a declarar en la causa contra Alberto Fern\u00e1ndez"}]},{"@type":"WebSite","@id":"https:\/\/informelitoral.com.ar\/#website","url":"https:\/\/informelitoral.com.ar\/","name":"Informe Litoral","description":"&quot;Nos informamos&quot; ","publisher":{"@id":"https:\/\/informelitoral.com.ar\/#organization"},"potentialAction":[{"@type":"SearchAction","target":{"@type":"EntryPoint","urlTemplate":"https:\/\/informelitoral.com.ar\/?s={search_term_string}"},"query-input":{"@type":"PropertyValueSpecification","valueRequired":true,"valueName":"search_term_string"}}],"inLanguage":"es"},{"@type":"Organization","@id":"https:\/\/informelitoral.com.ar\/#organization","name":"Informe Litoral","url":"https:\/\/informelitoral.com.ar\/","logo":{"@type":"ImageObject","inLanguage":"es","@id":"https:\/\/informelitoral.com.ar\/#\/schema\/logo\/image\/","url":"https:\/\/informelitoral.com.ar\/%77%70%2d%63%6f%6e%74%65%6e%74\/uploads\/2021\/01\/circulo.png","contentUrl":"https:\/\/informelitoral.com.ar\/%77%70%2d%63%6f%6e%74%65%6e%74\/uploads\/2021\/01\/circulo.png","width":723,"height":731,"caption":"Informe Litoral"},"image":{"@id":"https:\/\/informelitoral.com.ar\/#\/schema\/logo\/image\/"},"sameAs":["https:\/\/www.facebook.com\/informelitoral\/","https:\/\/x.com\/InformeLitoral","https:\/\/www.instagram.com\/informelitoral\/","https:\/\/www.youtube.com\/channel\/UCua4Qvz8Icb6MYqhoq9xLXw"]},{"@type":"Person","@id":"https:\/\/informelitoral.com.ar\/#\/schema\/person\/f05f9f461677119578717524b127d6d5","name":"Sebastian","image":{"@type":"ImageObject","inLanguage":"es","@id":"https:\/\/secure.gravatar.com\/avatar\/b71bf7481d447dfb9583c7f2798e7cc64de6efb9067b74633ed8c31059a3bd82?s=96&d=mm&r=g","url":"https:\/\/secure.gravatar.com\/avatar\/b71bf7481d447dfb9583c7f2798e7cc64de6efb9067b74633ed8c31059a3bd82?s=96&d=mm&r=g","contentUrl":"https:\/\/secure.gravatar.com\/avatar\/b71bf7481d447dfb9583c7f2798e7cc64de6efb9067b74633ed8c31059a3bd82?s=96&d=mm&r=g","caption":"Sebastian"},"url":"https:\/\/informelitoral.com.ar\/author\/sebastian\/"}]}},"_links":{"self":[{"href":"https:\/\/informelitoral.com.ar\/%77%70%2d%6a%73%6f%6e\/wp\/v2\/posts\/196241","targetHints":{"allow":["GET"]}}],"collection":[{"href":"https:\/\/informelitoral.com.ar\/%77%70%2d%6a%73%6f%6e\/wp\/v2\/posts"}],"about":[{"href":"https:\/\/informelitoral.com.ar\/%77%70%2d%6a%73%6f%6e\/wp\/v2\/types\/post"}],"author":[{"embeddable":true,"href":"https:\/\/informelitoral.com.ar\/%77%70%2d%6a%73%6f%6e\/wp\/v2\/users\/8"}],"replies":[{"embeddable":true,"href":"https:\/\/informelitoral.com.ar\/%77%70%2d%6a%73%6f%6e\/wp\/v2\/comments?post=196241"}],"version-history":[{"count":0,"href":"https:\/\/informelitoral.com.ar\/%77%70%2d%6a%73%6f%6e\/wp\/v2\/posts\/196241\/revisions"}],"wp:featuredmedia":[{"embeddable":true,"href":"https:\/\/informelitoral.com.ar\/%77%70%2d%6a%73%6f%6e\/wp\/v2\/media\/196242"}],"wp:attachment":[{"href":"https:\/\/informelitoral.com.ar\/%77%70%2d%6a%73%6f%6e\/wp\/v2\/media?parent=196241"}],"wp:term":[{"taxonomy":"category","embeddable":true,"href":"https:\/\/informelitoral.com.ar\/%77%70%2d%6a%73%6f%6e\/wp\/v2\/categories?post=196241"},{"taxonomy":"post_tag","embeddable":true,"href":"https:\/\/informelitoral.com.ar\/%77%70%2d%6a%73%6f%6e\/wp\/v2\/tags?post=196241"}],"curies":[{"name":"wp","href":"https:\/\/api.w.org\/{rel}","templated":true}]}}