{"id":196098,"date":"2024-08-26T17:36:20","date_gmt":"2024-08-26T20:36:20","guid":{"rendered":"https:\/\/www.informelitoral.com.ar\/?p=196098"},"modified":"2024-08-26T19:38:33","modified_gmt":"2024-08-26T22:38:33","slug":"preparan-las-jornadas-internacionales-de-derecho-de-familia","status":"publish","type":"post","link":"https:\/\/informelitoral.com.ar\/preparan-las-jornadas-internacionales-de-derecho-de-familia\/","title":{"rendered":"Preparan las Jornadas Internacionales de Derecho de Familia"},"content":{"rendered":"<p><strong>La C\u00e1mara baja declar\u00f3 de inter\u00e9s legislativo las Jornadas Internacionales de Derecho de Familia, a realizarse en el Centro de Convenciones de Concordia el 29 y 30 de agosto. Radio Diputados convers\u00f3 al respecto con Graciela Chiappa, titular de la secci\u00f3n local del Colegio de la Abogac\u00eda de Entre R\u00edos, organizadora del encuentro.<\/strong><\/p>\n<p>\u201cSon las primeras jornadas que hacemos en Derecho de Familia con estas caracter\u00edsticas, internacional\u201d, dijo Chiappa, quien agradeci\u00f3 el apoyo de la C\u00e1mara de Diputados y, espec\u00edficamente del autor de la iniciativa, Marcelo L\u00f3pez.<\/p>\n<p>En cuanto a los contenidos que se desarrollar\u00e1n en el encuentro, dijo que comprender\u00e1n toda la problem\u00e1tica actual de esta rama del Derecho y la complejizaci\u00f3n que cada d\u00eda va tomando y que \u201crequiere de soluciones cada vez m\u00e1s novedosas y acores al caso planteado\u201d. Tambi\u00e9n destac\u00f3 el intercambio que se establecer\u00e1 con los profesionales extranjeros que participar\u00e1n, algunos de manera remota y otros en forma presencial. Habr\u00e1 expositores de M\u00e9xico, Per\u00fa, Brasil, Paraguay, Chile, Uruguay y Argentina.<\/p>\n<p>La entrevistada repas\u00f3 los distintos temas que abordar\u00e1n los expositores, los cuales hacen hincapi\u00e9 en los derechos de las infancias, que son el eje del Derecho de Familia, y de los adultos mayores, que \u201cse est\u00e1n haciendo muy visibles\u201d.<\/p>\n<p>La organizaci\u00f3n est\u00e1 a cargo del Colegio de la Abogac\u00eda de Entre R\u00edos Secci\u00f3n Concordia y cuenta con la colaboraci\u00f3n de la Asociaci\u00f3n de Abogados de Salto -Rep\u00fablica Oriental del Uruguay, el Centro de Estudiantes de la Facultad de Derecho de la Universidad de la Rep\u00fablica (UDELAR) y el Colegio de la Abogac\u00eda de Entre R\u00edos.<\/p>\n<h2><strong>Escuch\u00e1 la entrevista completa:<\/strong><\/h2>\n<p><iframe title=\"Spotify Embed: Preparan las Jornadas Internacionales de Derecho de Familia\" style=\"border-radius: 12px\" width=\"100%\" height=\"152\" frameborder=\"0\" allowfullscreen allow=\"autoplay; clipboard-write; encrypted-media; fullscreen; picture-in-picture\" loading=\"lazy\" src=\"https:\/\/open.spotify.com\/embed\/episode\/423tr2ReXIVpcOx49bKxqc?go=1&#038;sp_cid=20341c91156251b0c9d1eed619eb12c9&#038;utm_source=oembed&#038;utm_medium=desktop\"><\/iframe><\/p>\n","protected":false},"excerpt":{"rendered":"<p>Graciela Chiappa, titular de la secci\u00f3n Concordia del Colegio de la Abogac\u00eda de Entre R\u00edos, repas\u00f3 los ejes y tem\u00e1ticas que estar\u00e1n presentes en este encuentro que fue declarado de inter\u00e9s por Diputados.<\/p>\n","protected":false},"author":2,"featured_media":196099,"comment_status":"open","ping_status":"open","sticky":false,"template":"","format":"standard","meta":{"fifu_image_url":"","fifu_image_alt":"","footnotes":""},"categories":[16],"tags":[3627,196,287],"class_list":{"0":"post-196098","1":"post","2":"type-post","3":"status-publish","4":"format-standard","5":"has-post-thumbnail","7":"category-politi","8":"tag-camara-de-diputados","9":"tag-diputados","10":"tag-legislativas"},"yoast_head":"<title>Preparan las Jornadas Internacionales de Derecho de Familia - Informe Litoral<\/title>\n<meta name=\"robots\" content=\"index, follow, max-snippet:-1, max-image-preview:large, max-video-preview:-1\" \/>\n<link rel=\"canonical\" href=\"https:\/\/informelitoral.com.ar\/preparan-las-jornadas-internacionales-de-derecho-de-familia\/\" \/>\n<meta property=\"og:locale\" content=\"es_ES\" \/>\n<meta property=\"og:type\" content=\"article\" \/>\n<meta property=\"og:title\" content=\"Preparan las Jornadas Internacionales de Derecho de Familia - Informe Litoral\" \/>\n<meta property=\"og:description\" content=\"Graciela Chiappa, titular de la secci\u00f3n Concordia del Colegio de la Abogac\u00eda de Entre R\u00edos, repas\u00f3 los ejes y tem\u00e1ticas que estar\u00e1n presentes en este encuentro que fue declarado de inter\u00e9s por Diputados.\" \/>\n<meta property=\"og:url\" content=\"https:\/\/informelitoral.com.ar\/preparan-las-jornadas-internacionales-de-derecho-de-familia\/\" \/>\n<meta property=\"og:site_name\" content=\"Informe Litoral\" \/>\n<meta property=\"article:publisher\" content=\"https:\/\/www.facebook.com\/informelitoral\/\" \/>\n<meta property=\"article:published_time\" content=\"2024-08-26T20:36:20+00:00\" \/>\n<meta property=\"article:modified_time\" content=\"2024-08-26T22:38:33+00:00\" \/>\n<meta property=\"og:image\" content=\"https:\/\/informelitoral.com.ar\/%77%70%2d%63%6f%6e%74%65%6e%74\/uploads\/2024\/08\/CARMELO-agosto-2024-08-26T161140.572.jpg\" \/>\n\t<meta property=\"og:image:width\" content=\"640\" \/>\n\t<meta property=\"og:image:height\" content=\"427\" \/>\n\t<meta property=\"og:image:type\" content=\"image\/jpeg\" \/>\n<meta name=\"author\" content=\"Gonzalo Schmidt\" \/>\n<meta name=\"twitter:card\" content=\"summary_large_image\" \/>\n<meta name=\"twitter:creator\" content=\"@InformeLitoral\" \/>\n<meta name=\"twitter:site\" content=\"@InformeLitoral\" \/>\n<meta name=\"twitter:label1\" content=\"Escrito por\" \/>\n\t<meta name=\"twitter:data1\" content=\"Gonzalo Schmidt\" \/>\n\t<meta name=\"twitter:label2\" content=\"Tiempo de lectura\" \/>\n\t<meta name=\"twitter:data2\" content=\"2 minutos\" \/>\n<script type=\"application\/ld+json\" class=\"yoast-schema-graph\">{\"@context\":\"https:\\\/\\\/schema.org\",\"@graph\":[{\"@type\":\"Article\",\"@id\":\"https:\\\/\\\/informelitoral.com.ar\\\/preparan-las-jornadas-internacionales-de-derecho-de-familia\\\/#article\",\"isPartOf\":{\"@id\":\"https:\\\/\\\/informelitoral.com.ar\\\/preparan-las-jornadas-internacionales-de-derecho-de-familia\\\/\"},\"author\":{\"name\":\"Gonzalo Schmidt\",\"@id\":\"https:\\\/\\\/informelitoral.com.ar\\\/#\\\/schema\\\/person\\\/b9d00407c836482871ef1d57bf8e3180\"},\"headline\":\"Preparan las Jornadas Internacionales de Derecho de Familia\",\"datePublished\":\"2024-08-26T20:36:20+00:00\",\"dateModified\":\"2024-08-26T22:38:33+00:00\",\"mainEntityOfPage\":{\"@id\":\"https:\\\/\\\/informelitoral.com.ar\\\/preparan-las-jornadas-internacionales-de-derecho-de-familia\\\/\"},\"wordCount\":329,\"commentCount\":0,\"publisher\":{\"@id\":\"https:\\\/\\\/informelitoral.com.ar\\\/#organization\"},\"image\":{\"@id\":\"https:\\\/\\\/informelitoral.com.ar\\\/preparan-las-jornadas-internacionales-de-derecho-de-familia\\\/#primaryimage\"},\"thumbnailUrl\":\"https:\\\/\\\/informelitoral.com.ar\\\/%77%70%2d%63%6f%6e%74%65%6e%74\\\/uploads\\\/2024\\\/08\\\/CARMELO-agosto-2024-08-26T161140.572.jpg\",\"keywords\":[\"C\u00e1mara de Diputados\",\"Diputados\",\"Legislativas\"],\"articleSection\":[\"Politica\"],\"inLanguage\":\"es\",\"potentialAction\":[{\"@type\":\"CommentAction\",\"name\":\"Comment\",\"target\":[\"https:\\\/\\\/informelitoral.com.ar\\\/preparan-las-jornadas-internacionales-de-derecho-de-familia\\\/#respond\"]}]},{\"@type\":\"WebPage\",\"@id\":\"https:\\\/\\\/informelitoral.com.ar\\\/preparan-las-jornadas-internacionales-de-derecho-de-familia\\\/\",\"url\":\"https:\\\/\\\/informelitoral.com.ar\\\/preparan-las-jornadas-internacionales-de-derecho-de-familia\\\/\",\"name\":\"Preparan las Jornadas Internacionales de Derecho de Familia - Informe Litoral\",\"isPartOf\":{\"@id\":\"https:\\\/\\\/informelitoral.com.ar\\\/#website\"},\"primaryImageOfPage\":{\"@id\":\"https:\\\/\\\/informelitoral.com.ar\\\/preparan-las-jornadas-internacionales-de-derecho-de-familia\\\/#primaryimage\"},\"image\":{\"@id\":\"https:\\\/\\\/informelitoral.com.ar\\\/preparan-las-jornadas-internacionales-de-derecho-de-familia\\\/#primaryimage\"},\"thumbnailUrl\":\"https:\\\/\\\/informelitoral.com.ar\\\/%77%70%2d%63%6f%6e%74%65%6e%74\\\/uploads\\\/2024\\\/08\\\/CARMELO-agosto-2024-08-26T161140.572.jpg\",\"datePublished\":\"2024-08-26T20:36:20+00:00\",\"dateModified\":\"2024-08-26T22:38:33+00:00\",\"breadcrumb\":{\"@id\":\"https:\\\/\\\/informelitoral.com.ar\\\/preparan-las-jornadas-internacionales-de-derecho-de-familia\\\/#breadcrumb\"},\"inLanguage\":\"es\",\"potentialAction\":[{\"@type\":\"ReadAction\",\"target\":[\"https:\\\/\\\/informelitoral.com.ar\\\/preparan-las-jornadas-internacionales-de-derecho-de-familia\\\/\"]}]},{\"@type\":\"ImageObject\",\"inLanguage\":\"es\",\"@id\":\"https:\\\/\\\/informelitoral.com.ar\\\/preparan-las-jornadas-internacionales-de-derecho-de-familia\\\/#primaryimage\",\"url\":\"https:\\\/\\\/informelitoral.com.ar\\\/%77%70%2d%63%6f%6e%74%65%6e%74\\\/uploads\\\/2024\\\/08\\\/CARMELO-agosto-2024-08-26T161140.572.jpg\",\"contentUrl\":\"https:\\\/\\\/informelitoral.com.ar\\\/%77%70%2d%63%6f%6e%74%65%6e%74\\\/uploads\\\/2024\\\/08\\\/CARMELO-agosto-2024-08-26T161140.572.jpg\",\"width\":640,\"height\":427},{\"@type\":\"BreadcrumbList\",\"@id\":\"https:\\\/\\\/informelitoral.com.ar\\\/preparan-las-jornadas-internacionales-de-derecho-de-familia\\\/#breadcrumb\",\"itemListElement\":[{\"@type\":\"ListItem\",\"position\":1,\"name\":\"Portada\",\"item\":\"https:\\\/\\\/informelitoral.com.ar\\\/\"},{\"@type\":\"ListItem\",\"position\":2,\"name\":\"Preparan las Jornadas Internacionales de Derecho de Familia\"}]},{\"@type\":\"WebSite\",\"@id\":\"https:\\\/\\\/informelitoral.com.ar\\\/#website\",\"url\":\"https:\\\/\\\/informelitoral.com.ar\\\/\",\"name\":\"Informe Litoral\",\"description\":\"&quot;Nos informamos&quot; \",\"publisher\":{\"@id\":\"https:\\\/\\\/informelitoral.com.ar\\\/#organization\"},\"potentialAction\":[{\"@type\":\"SearchAction\",\"target\":{\"@type\":\"EntryPoint\",\"urlTemplate\":\"https:\\\/\\\/informelitoral.com.ar\\\/?s={search_term_string}\"},\"query-input\":{\"@type\":\"PropertyValueSpecification\",\"valueRequired\":true,\"valueName\":\"search_term_string\"}}],\"inLanguage\":\"es\"},{\"@type\":\"Organization\",\"@id\":\"https:\\\/\\\/informelitoral.com.ar\\\/#organization\",\"name\":\"Informe Litoral\",\"url\":\"https:\\\/\\\/informelitoral.com.ar\\\/\",\"logo\":{\"@type\":\"ImageObject\",\"inLanguage\":\"es\",\"@id\":\"https:\\\/\\\/informelitoral.com.ar\\\/#\\\/schema\\\/logo\\\/image\\\/\",\"url\":\"https:\\\/\\\/informelitoral.com.ar\\\/%77%70%2d%63%6f%6e%74%65%6e%74\\\/uploads\\\/2021\\\/01\\\/circulo.png\",\"contentUrl\":\"https:\\\/\\\/informelitoral.com.ar\\\/%77%70%2d%63%6f%6e%74%65%6e%74\\\/uploads\\\/2021\\\/01\\\/circulo.png\",\"width\":723,\"height\":731,\"caption\":\"Informe Litoral\"},\"image\":{\"@id\":\"https:\\\/\\\/informelitoral.com.ar\\\/#\\\/schema\\\/logo\\\/image\\\/\"},\"sameAs\":[\"https:\\\/\\\/www.facebook.com\\\/informelitoral\\\/\",\"https:\\\/\\\/x.com\\\/InformeLitoral\",\"https:\\\/\\\/www.instagram.com\\\/informelitoral\\\/\",\"https:\\\/\\\/www.youtube.com\\\/channel\\\/UCua4Qvz8Icb6MYqhoq9xLXw\"]},{\"@type\":\"Person\",\"@id\":\"https:\\\/\\\/informelitoral.com.ar\\\/#\\\/schema\\\/person\\\/b9d00407c836482871ef1d57bf8e3180\",\"name\":\"Gonzalo Schmidt\",\"image\":{\"@type\":\"ImageObject\",\"inLanguage\":\"es\",\"@id\":\"https:\\\/\\\/secure.gravatar.com\\\/avatar\\\/31a1a7b66ff2de83bd0e9fd79d026630d2d99e55e8bfe501287647b4fd9743de?s=96&d=mm&r=g\",\"url\":\"https:\\\/\\\/secure.gravatar.com\\\/avatar\\\/31a1a7b66ff2de83bd0e9fd79d026630d2d99e55e8bfe501287647b4fd9743de?s=96&d=mm&r=g\",\"contentUrl\":\"https:\\\/\\\/secure.gravatar.com\\\/avatar\\\/31a1a7b66ff2de83bd0e9fd79d026630d2d99e55e8bfe501287647b4fd9743de?s=96&d=mm&r=g\",\"caption\":\"Gonzalo Schmidt\"},\"description\":\"Sitio web de noticias de la provincia de Entre R\u00edos, Argentina. Informaci\u00f3n y entretenimiento. Informe Litoral, nos informamos.\",\"sameAs\":[\"http:\\\/\\\/www.isletasnoticias.com.ar\"],\"url\":\"https:\\\/\\\/informelitoral.com.ar\\\/author\\\/gonzalo\\\/\"}]}<\/script>","yoast_head_json":{"title":"Preparan las Jornadas Internacionales de Derecho de Familia - Informe Litoral","robots":{"index":"index","follow":"follow","max-snippet":"max-snippet:-1","max-image-preview":"max-image-preview:large","max-video-preview":"max-video-preview:-1"},"canonical":"https:\/\/informelitoral.com.ar\/preparan-las-jornadas-internacionales-de-derecho-de-familia\/","og_locale":"es_ES","og_type":"article","og_title":"Preparan las Jornadas Internacionales de Derecho de Familia - Informe Litoral","og_description":"Graciela Chiappa, titular de la secci\u00f3n Concordia del Colegio de la Abogac\u00eda de Entre R\u00edos, repas\u00f3 los ejes y tem\u00e1ticas que estar\u00e1n presentes en este encuentro que fue declarado de inter\u00e9s por Diputados.","og_url":"https:\/\/informelitoral.com.ar\/preparan-las-jornadas-internacionales-de-derecho-de-familia\/","og_site_name":"Informe Litoral","article_publisher":"https:\/\/www.facebook.com\/informelitoral\/","article_published_time":"2024-08-26T20:36:20+00:00","article_modified_time":"2024-08-26T22:38:33+00:00","og_image":[{"width":640,"height":427,"url":"https:\/\/informelitoral.com.ar\/%77%70%2d%63%6f%6e%74%65%6e%74\/uploads\/2024\/08\/CARMELO-agosto-2024-08-26T161140.572.jpg","type":"image\/jpeg"}],"author":"Gonzalo Schmidt","twitter_card":"summary_large_image","twitter_creator":"@InformeLitoral","twitter_site":"@InformeLitoral","twitter_misc":{"Escrito por":"Gonzalo Schmidt","Tiempo de lectura":"2 minutos"},"schema":{"@context":"https:\/\/schema.org","@graph":[{"@type":"Article","@id":"https:\/\/informelitoral.com.ar\/preparan-las-jornadas-internacionales-de-derecho-de-familia\/#article","isPartOf":{"@id":"https:\/\/informelitoral.com.ar\/preparan-las-jornadas-internacionales-de-derecho-de-familia\/"},"author":{"name":"Gonzalo Schmidt","@id":"https:\/\/informelitoral.com.ar\/#\/schema\/person\/b9d00407c836482871ef1d57bf8e3180"},"headline":"Preparan las Jornadas Internacionales de Derecho de Familia","datePublished":"2024-08-26T20:36:20+00:00","dateModified":"2024-08-26T22:38:33+00:00","mainEntityOfPage":{"@id":"https:\/\/informelitoral.com.ar\/preparan-las-jornadas-internacionales-de-derecho-de-familia\/"},"wordCount":329,"commentCount":0,"publisher":{"@id":"https:\/\/informelitoral.com.ar\/#organization"},"image":{"@id":"https:\/\/informelitoral.com.ar\/preparan-las-jornadas-internacionales-de-derecho-de-familia\/#primaryimage"},"thumbnailUrl":"https:\/\/informelitoral.com.ar\/%77%70%2d%63%6f%6e%74%65%6e%74\/uploads\/2024\/08\/CARMELO-agosto-2024-08-26T161140.572.jpg","keywords":["C\u00e1mara de Diputados","Diputados","Legislativas"],"articleSection":["Politica"],"inLanguage":"es","potentialAction":[{"@type":"CommentAction","name":"Comment","target":["https:\/\/informelitoral.com.ar\/preparan-las-jornadas-internacionales-de-derecho-de-familia\/#respond"]}]},{"@type":"WebPage","@id":"https:\/\/informelitoral.com.ar\/preparan-las-jornadas-internacionales-de-derecho-de-familia\/","url":"https:\/\/informelitoral.com.ar\/preparan-las-jornadas-internacionales-de-derecho-de-familia\/","name":"Preparan las Jornadas Internacionales de Derecho de Familia - Informe Litoral","isPartOf":{"@id":"https:\/\/informelitoral.com.ar\/#website"},"primaryImageOfPage":{"@id":"https:\/\/informelitoral.com.ar\/preparan-las-jornadas-internacionales-de-derecho-de-familia\/#primaryimage"},"image":{"@id":"https:\/\/informelitoral.com.ar\/preparan-las-jornadas-internacionales-de-derecho-de-familia\/#primaryimage"},"thumbnailUrl":"https:\/\/informelitoral.com.ar\/%77%70%2d%63%6f%6e%74%65%6e%74\/uploads\/2024\/08\/CARMELO-agosto-2024-08-26T161140.572.jpg","datePublished":"2024-08-26T20:36:20+00:00","dateModified":"2024-08-26T22:38:33+00:00","breadcrumb":{"@id":"https:\/\/informelitoral.com.ar\/preparan-las-jornadas-internacionales-de-derecho-de-familia\/#breadcrumb"},"inLanguage":"es","potentialAction":[{"@type":"ReadAction","target":["https:\/\/informelitoral.com.ar\/preparan-las-jornadas-internacionales-de-derecho-de-familia\/"]}]},{"@type":"ImageObject","inLanguage":"es","@id":"https:\/\/informelitoral.com.ar\/preparan-las-jornadas-internacionales-de-derecho-de-familia\/#primaryimage","url":"https:\/\/informelitoral.com.ar\/%77%70%2d%63%6f%6e%74%65%6e%74\/uploads\/2024\/08\/CARMELO-agosto-2024-08-26T161140.572.jpg","contentUrl":"https:\/\/informelitoral.com.ar\/%77%70%2d%63%6f%6e%74%65%6e%74\/uploads\/2024\/08\/CARMELO-agosto-2024-08-26T161140.572.jpg","width":640,"height":427},{"@type":"BreadcrumbList","@id":"https:\/\/informelitoral.com.ar\/preparan-las-jornadas-internacionales-de-derecho-de-familia\/#breadcrumb","itemListElement":[{"@type":"ListItem","position":1,"name":"Portada","item":"https:\/\/informelitoral.com.ar\/"},{"@type":"ListItem","position":2,"name":"Preparan las Jornadas Internacionales de Derecho de Familia"}]},{"@type":"WebSite","@id":"https:\/\/informelitoral.com.ar\/#website","url":"https:\/\/informelitoral.com.ar\/","name":"Informe Litoral","description":"&quot;Nos informamos&quot; ","publisher":{"@id":"https:\/\/informelitoral.com.ar\/#organization"},"potentialAction":[{"@type":"SearchAction","target":{"@type":"EntryPoint","urlTemplate":"https:\/\/informelitoral.com.ar\/?s={search_term_string}"},"query-input":{"@type":"PropertyValueSpecification","valueRequired":true,"valueName":"search_term_string"}}],"inLanguage":"es"},{"@type":"Organization","@id":"https:\/\/informelitoral.com.ar\/#organization","name":"Informe Litoral","url":"https:\/\/informelitoral.com.ar\/","logo":{"@type":"ImageObject","inLanguage":"es","@id":"https:\/\/informelitoral.com.ar\/#\/schema\/logo\/image\/","url":"https:\/\/informelitoral.com.ar\/%77%70%2d%63%6f%6e%74%65%6e%74\/uploads\/2021\/01\/circulo.png","contentUrl":"https:\/\/informelitoral.com.ar\/%77%70%2d%63%6f%6e%74%65%6e%74\/uploads\/2021\/01\/circulo.png","width":723,"height":731,"caption":"Informe Litoral"},"image":{"@id":"https:\/\/informelitoral.com.ar\/#\/schema\/logo\/image\/"},"sameAs":["https:\/\/www.facebook.com\/informelitoral\/","https:\/\/x.com\/InformeLitoral","https:\/\/www.instagram.com\/informelitoral\/","https:\/\/www.youtube.com\/channel\/UCua4Qvz8Icb6MYqhoq9xLXw"]},{"@type":"Person","@id":"https:\/\/informelitoral.com.ar\/#\/schema\/person\/b9d00407c836482871ef1d57bf8e3180","name":"Gonzalo Schmidt","image":{"@type":"ImageObject","inLanguage":"es","@id":"https:\/\/secure.gravatar.com\/avatar\/31a1a7b66ff2de83bd0e9fd79d026630d2d99e55e8bfe501287647b4fd9743de?s=96&d=mm&r=g","url":"https:\/\/secure.gravatar.com\/avatar\/31a1a7b66ff2de83bd0e9fd79d026630d2d99e55e8bfe501287647b4fd9743de?s=96&d=mm&r=g","contentUrl":"https:\/\/secure.gravatar.com\/avatar\/31a1a7b66ff2de83bd0e9fd79d026630d2d99e55e8bfe501287647b4fd9743de?s=96&d=mm&r=g","caption":"Gonzalo Schmidt"},"description":"Sitio web de noticias de la provincia de Entre R\u00edos, Argentina. Informaci\u00f3n y entretenimiento. Informe Litoral, nos informamos.","sameAs":["http:\/\/www.isletasnoticias.com.ar"],"url":"https:\/\/informelitoral.com.ar\/author\/gonzalo\/"}]}},"_links":{"self":[{"href":"https:\/\/informelitoral.com.ar\/%77%70%2d%6a%73%6f%6e\/wp\/v2\/posts\/196098","targetHints":{"allow":["GET"]}}],"collection":[{"href":"https:\/\/informelitoral.com.ar\/%77%70%2d%6a%73%6f%6e\/wp\/v2\/posts"}],"about":[{"href":"https:\/\/informelitoral.com.ar\/%77%70%2d%6a%73%6f%6e\/wp\/v2\/types\/post"}],"author":[{"embeddable":true,"href":"https:\/\/informelitoral.com.ar\/%77%70%2d%6a%73%6f%6e\/wp\/v2\/users\/2"}],"replies":[{"embeddable":true,"href":"https:\/\/informelitoral.com.ar\/%77%70%2d%6a%73%6f%6e\/wp\/v2\/comments?post=196098"}],"version-history":[{"count":0,"href":"https:\/\/informelitoral.com.ar\/%77%70%2d%6a%73%6f%6e\/wp\/v2\/posts\/196098\/revisions"}],"wp:featuredmedia":[{"embeddable":true,"href":"https:\/\/informelitoral.com.ar\/%77%70%2d%6a%73%6f%6e\/wp\/v2\/media\/196099"}],"wp:attachment":[{"href":"https:\/\/informelitoral.com.ar\/%77%70%2d%6a%73%6f%6e\/wp\/v2\/media?parent=196098"}],"wp:term":[{"taxonomy":"category","embeddable":true,"href":"https:\/\/informelitoral.com.ar\/%77%70%2d%6a%73%6f%6e\/wp\/v2\/categories?post=196098"},{"taxonomy":"post_tag","embeddable":true,"href":"https:\/\/informelitoral.com.ar\/%77%70%2d%6a%73%6f%6e\/wp\/v2\/tags?post=196098"}],"curies":[{"name":"wp","href":"https:\/\/api.w.org\/{rel}","templated":true}]}}