{"id":196069,"date":"2024-08-26T14:30:10","date_gmt":"2024-08-26T17:30:10","guid":{"rendered":"https:\/\/www.informelitoral.com.ar\/?p=196069"},"modified":"2024-08-26T14:31:16","modified_gmt":"2024-08-26T17:31:16","slug":"river-plate-vs-colo-colo-hora-y-tv","status":"publish","type":"post","link":"https:\/\/informelitoral.com.ar\/river-plate-vs-colo-colo-hora-y-tv\/","title":{"rendered":"River Plate vs. Colo Colo: hora y TV"},"content":{"rendered":"<div class=\"common-layout wrapper-layout center-content center_story max-width story article\">\n<div class=\"col-content\">\n<p><b>River\u00a0<\/b>ya conoce el d\u00eda y el horario en el que jugar\u00e1 la serie de cuartos de final de la\u00a0<b>Copa Libertadores<\/b>\u00a0ante\u00a0<b>Colo Colo.\u00a0<\/b>El partido de ida se disputar\u00e1\u00a0<b>el martes 17 de semptiembre, mientras que la vuelta ser\u00e1 una semana despu\u00e9s.<\/b><\/p>\n<div class=\"default-article-color article__body article__article\">\n<p class=\"paragraph\"><b>Ambos partidos se jugar\u00e1n a las 21.30.<\/b>\u00a0El primero ser\u00e1 en el Estadio Monumental David Arellano en Santiago de Chile, mientras que la vuelta se disputar\u00e1 en el Mas Monumental.<\/p>\n<figure class=\"\" data-testid=\"figure-testid\">\n<div class=\"aspect_ratio__container\"><picture class=\"responsive-image\"><source srcset=\"https:\/\/tn.com.ar\/resizer\/v2\/el-millonario-jugara-ante-colo-colo-por-los-cuartos-de-la-libertadores-foto-copa-libertadorestwitter-AIDFADJUV5AS5HJWF4SCJHJFLU.jfif?auth=0d59d9131dbb4c679f5329e9e1b4eaee13ce5b24144b4793f1e9e430b11b9754&amp;width=767\" type=\"image\/jpg\" media=\"(max-width: 728px)\" \/><source srcset=\"https:\/\/tn.com.ar\/resizer\/v2\/el-millonario-jugara-ante-colo-colo-por-los-cuartos-de-la-libertadores-foto-copa-libertadorestwitter-AIDFADJUV5AS5HJWF4SCJHJFLU.jfif?auth=0d59d9131dbb4c679f5329e9e1b4eaee13ce5b24144b4793f1e9e430b11b9754&amp;width=1023\" type=\"image\/jpg\" media=\"(max-width: 1023px)\" \/><source srcset=\"https:\/\/tn.com.ar\/resizer\/v2\/el-millonario-jugara-ante-colo-colo-por-los-cuartos-de-la-libertadores-foto-copa-libertadorestwitter-AIDFADJUV5AS5HJWF4SCJHJFLU.jfif?auth=0d59d9131dbb4c679f5329e9e1b4eaee13ce5b24144b4793f1e9e430b11b9754&amp;width=1440\" type=\"image\/jpg\" \/><img loading=\"lazy\" decoding=\"async\" class=\"image content-image image_placeholder\" src=\"https:\/\/tn.com.ar\/resizer\/v2\/el-millonario-jugara-ante-colo-colo-por-los-cuartos-de-la-libertadores-foto-copa-libertadorestwitter-AIDFADJUV5AS5HJWF4SCJHJFLU.jfif?auth=0d59d9131dbb4c679f5329e9e1b4eaee13ce5b24144b4793f1e9e430b11b9754&amp;width=767\" alt=\"El Millonario jugar\u00e1 ante Colo Colo por los cuartos de la Libertadores. (Foto: Copa Libertadores\/Twitter\" width=\"767\" height=\"959\" data-testid=\"loading-testid\" \/><\/picture><\/div>\n<\/figure>\n<h2 class=\"font--primary\"><strong>\u00bfSe mueve de fecha el Supercl\u00e1sico?<\/strong><\/h2>\n<p class=\"paragraph\">La decisi\u00f3n de Conmebol de que River juegue el partido de vuelta el martes 24 de septiembre hara que el\u00a0<b>Supercl\u00e1sico cambie de fecha<\/b>. Si bien estaba estipulado que se jugar\u00e1 el domingo 22 de septiembre,\u00a0<b>podr\u00eda pasarse al s\u00e1bado 21, con horario a confirmar.<\/b><\/p>\n<p class=\"paragraph\">Con esa modificaci\u00f3n,\u00a0<b>el Millonario podr\u00e1 cumplir con los tres d\u00edas de descanso\u00a0<\/b>que debe tener para afrontar el torneo internacional, tal como indica el reglamento.<\/p>\n<p class=\"paragraph\">El encuentro entre los dirigidos por Gallardo y los de Diego Mart\u00ednez ser\u00e1 en la Bombonera, por la fecha 15 del certamen local. El \u00faltimo enfrentamiento en la cancha del Xeneize fue para River que gan\u00f3 2 a 0.<\/p>\n<\/div>\n<\/div>\n<\/div>\n","protected":false},"excerpt":{"rendered":"<p>Tras la clasificaci\u00f3n ante Talleres de C\u00f3rdoba, el Millonario ya conoce cuando jugar\u00e1 los cuartos de final ante el equipo chileno. Esta noticia podr\u00eda hacer que el Supercl\u00e1sico cambie de d\u00eda.<\/p>\n","protected":false},"author":8,"featured_media":77578,"comment_status":"open","ping_status":"open","sticky":false,"template":"","format":"standard","meta":{"fifu_image_url":"","fifu_image_alt":"","footnotes":""},"categories":[13],"tags":[5104,400,3528],"class_list":{"0":"post-196069","1":"post","2":"type-post","3":"status-publish","4":"format-standard","5":"has-post-thumbnail","7":"category-deportes","8":"tag-colo-colo","9":"tag-copa-libertadores","10":"tag-river-plate"},"yoast_head":"<title>River Plate vs. Colo Colo: hora y TV - Informe Litoral<\/title>\n<meta name=\"robots\" content=\"index, follow, max-snippet:-1, max-image-preview:large, max-video-preview:-1\" \/>\n<link rel=\"canonical\" href=\"https:\/\/informelitoral.com.ar\/river-plate-vs-colo-colo-hora-y-tv\/\" \/>\n<meta property=\"og:locale\" content=\"es_ES\" \/>\n<meta property=\"og:type\" content=\"article\" \/>\n<meta property=\"og:title\" content=\"River Plate vs. Colo Colo: hora y TV - Informe Litoral\" \/>\n<meta property=\"og:description\" content=\"Tras la clasificaci\u00f3n ante Talleres de C\u00f3rdoba, el Millonario ya conoce cuando jugar\u00e1 los cuartos de final ante el equipo chileno. Esta noticia podr\u00eda hacer que el Supercl\u00e1sico cambie de d\u00eda.\" \/>\n<meta property=\"og:url\" content=\"https:\/\/informelitoral.com.ar\/river-plate-vs-colo-colo-hora-y-tv\/\" \/>\n<meta property=\"og:site_name\" content=\"Informe Litoral\" \/>\n<meta property=\"article:publisher\" content=\"https:\/\/www.facebook.com\/informelitoral\/\" \/>\n<meta property=\"article:published_time\" content=\"2024-08-26T17:30:10+00:00\" \/>\n<meta property=\"article:modified_time\" content=\"2024-08-26T17:31:16+00:00\" \/>\n<meta property=\"og:image\" content=\"https:\/\/informelitoral.com.ar\/%77%70%2d%63%6f%6e%74%65%6e%74\/uploads\/2022\/05\/river-le-gano-a-colocolo_00.jpg\" \/>\n\t<meta property=\"og:image:width\" content=\"1296\" \/>\n\t<meta property=\"og:image:height\" content=\"729\" \/>\n\t<meta property=\"og:image:type\" content=\"image\/jpeg\" \/>\n<meta name=\"author\" content=\"Sebastian\" \/>\n<meta name=\"twitter:card\" content=\"summary_large_image\" \/>\n<meta name=\"twitter:creator\" content=\"@InformeLitoral\" \/>\n<meta name=\"twitter:site\" content=\"@InformeLitoral\" \/>\n<meta name=\"twitter:label1\" content=\"Escrito por\" \/>\n\t<meta name=\"twitter:data1\" content=\"Sebastian\" \/>\n\t<meta name=\"twitter:label2\" content=\"Tiempo de lectura\" \/>\n\t<meta name=\"twitter:data2\" content=\"1 minuto\" \/>\n<script type=\"application\/ld+json\" class=\"yoast-schema-graph\">{\"@context\":\"https:\\\/\\\/schema.org\",\"@graph\":[{\"@type\":\"Article\",\"@id\":\"https:\\\/\\\/informelitoral.com.ar\\\/river-plate-vs-colo-colo-hora-y-tv\\\/#article\",\"isPartOf\":{\"@id\":\"https:\\\/\\\/informelitoral.com.ar\\\/river-plate-vs-colo-colo-hora-y-tv\\\/\"},\"author\":{\"name\":\"Sebastian\",\"@id\":\"https:\\\/\\\/informelitoral.com.ar\\\/#\\\/schema\\\/person\\\/f05f9f461677119578717524b127d6d5\"},\"headline\":\"River Plate vs. Colo Colo: hora y TV\",\"datePublished\":\"2024-08-26T17:30:10+00:00\",\"dateModified\":\"2024-08-26T17:31:16+00:00\",\"mainEntityOfPage\":{\"@id\":\"https:\\\/\\\/informelitoral.com.ar\\\/river-plate-vs-colo-colo-hora-y-tv\\\/\"},\"wordCount\":201,\"commentCount\":0,\"publisher\":{\"@id\":\"https:\\\/\\\/informelitoral.com.ar\\\/#organization\"},\"image\":{\"@id\":\"https:\\\/\\\/informelitoral.com.ar\\\/river-plate-vs-colo-colo-hora-y-tv\\\/#primaryimage\"},\"thumbnailUrl\":\"https:\\\/\\\/informelitoral.com.ar\\\/%77%70%2d%63%6f%6e%74%65%6e%74\\\/uploads\\\/2022\\\/05\\\/river-le-gano-a-colocolo_00.jpg\",\"keywords\":[\"Colo Colo\",\"Copa Libertadores\",\"River Plate\"],\"articleSection\":[\"Deportes\"],\"inLanguage\":\"es\",\"potentialAction\":[{\"@type\":\"CommentAction\",\"name\":\"Comment\",\"target\":[\"https:\\\/\\\/informelitoral.com.ar\\\/river-plate-vs-colo-colo-hora-y-tv\\\/#respond\"]}]},{\"@type\":\"WebPage\",\"@id\":\"https:\\\/\\\/informelitoral.com.ar\\\/river-plate-vs-colo-colo-hora-y-tv\\\/\",\"url\":\"https:\\\/\\\/informelitoral.com.ar\\\/river-plate-vs-colo-colo-hora-y-tv\\\/\",\"name\":\"River Plate vs. Colo Colo: hora y TV - Informe Litoral\",\"isPartOf\":{\"@id\":\"https:\\\/\\\/informelitoral.com.ar\\\/#website\"},\"primaryImageOfPage\":{\"@id\":\"https:\\\/\\\/informelitoral.com.ar\\\/river-plate-vs-colo-colo-hora-y-tv\\\/#primaryimage\"},\"image\":{\"@id\":\"https:\\\/\\\/informelitoral.com.ar\\\/river-plate-vs-colo-colo-hora-y-tv\\\/#primaryimage\"},\"thumbnailUrl\":\"https:\\\/\\\/informelitoral.com.ar\\\/%77%70%2d%63%6f%6e%74%65%6e%74\\\/uploads\\\/2022\\\/05\\\/river-le-gano-a-colocolo_00.jpg\",\"datePublished\":\"2024-08-26T17:30:10+00:00\",\"dateModified\":\"2024-08-26T17:31:16+00:00\",\"breadcrumb\":{\"@id\":\"https:\\\/\\\/informelitoral.com.ar\\\/river-plate-vs-colo-colo-hora-y-tv\\\/#breadcrumb\"},\"inLanguage\":\"es\",\"potentialAction\":[{\"@type\":\"ReadAction\",\"target\":[\"https:\\\/\\\/informelitoral.com.ar\\\/river-plate-vs-colo-colo-hora-y-tv\\\/\"]}]},{\"@type\":\"ImageObject\",\"inLanguage\":\"es\",\"@id\":\"https:\\\/\\\/informelitoral.com.ar\\\/river-plate-vs-colo-colo-hora-y-tv\\\/#primaryimage\",\"url\":\"https:\\\/\\\/informelitoral.com.ar\\\/%77%70%2d%63%6f%6e%74%65%6e%74\\\/uploads\\\/2022\\\/05\\\/river-le-gano-a-colocolo_00.jpg\",\"contentUrl\":\"https:\\\/\\\/informelitoral.com.ar\\\/%77%70%2d%63%6f%6e%74%65%6e%74\\\/uploads\\\/2022\\\/05\\\/river-le-gano-a-colocolo_00.jpg\",\"width\":1296,\"height\":729},{\"@type\":\"BreadcrumbList\",\"@id\":\"https:\\\/\\\/informelitoral.com.ar\\\/river-plate-vs-colo-colo-hora-y-tv\\\/#breadcrumb\",\"itemListElement\":[{\"@type\":\"ListItem\",\"position\":1,\"name\":\"Portada\",\"item\":\"https:\\\/\\\/informelitoral.com.ar\\\/\"},{\"@type\":\"ListItem\",\"position\":2,\"name\":\"River Plate vs. Colo Colo: hora y TV\"}]},{\"@type\":\"WebSite\",\"@id\":\"https:\\\/\\\/informelitoral.com.ar\\\/#website\",\"url\":\"https:\\\/\\\/informelitoral.com.ar\\\/\",\"name\":\"Informe Litoral\",\"description\":\"&quot;Nos informamos&quot; \",\"publisher\":{\"@id\":\"https:\\\/\\\/informelitoral.com.ar\\\/#organization\"},\"potentialAction\":[{\"@type\":\"SearchAction\",\"target\":{\"@type\":\"EntryPoint\",\"urlTemplate\":\"https:\\\/\\\/informelitoral.com.ar\\\/?s={search_term_string}\"},\"query-input\":{\"@type\":\"PropertyValueSpecification\",\"valueRequired\":true,\"valueName\":\"search_term_string\"}}],\"inLanguage\":\"es\"},{\"@type\":\"Organization\",\"@id\":\"https:\\\/\\\/informelitoral.com.ar\\\/#organization\",\"name\":\"Informe Litoral\",\"url\":\"https:\\\/\\\/informelitoral.com.ar\\\/\",\"logo\":{\"@type\":\"ImageObject\",\"inLanguage\":\"es\",\"@id\":\"https:\\\/\\\/informelitoral.com.ar\\\/#\\\/schema\\\/logo\\\/image\\\/\",\"url\":\"https:\\\/\\\/informelitoral.com.ar\\\/%77%70%2d%63%6f%6e%74%65%6e%74\\\/uploads\\\/2021\\\/01\\\/circulo.png\",\"contentUrl\":\"https:\\\/\\\/informelitoral.com.ar\\\/%77%70%2d%63%6f%6e%74%65%6e%74\\\/uploads\\\/2021\\\/01\\\/circulo.png\",\"width\":723,\"height\":731,\"caption\":\"Informe Litoral\"},\"image\":{\"@id\":\"https:\\\/\\\/informelitoral.com.ar\\\/#\\\/schema\\\/logo\\\/image\\\/\"},\"sameAs\":[\"https:\\\/\\\/www.facebook.com\\\/informelitoral\\\/\",\"https:\\\/\\\/x.com\\\/InformeLitoral\",\"https:\\\/\\\/www.instagram.com\\\/informelitoral\\\/\",\"https:\\\/\\\/www.youtube.com\\\/channel\\\/UCua4Qvz8Icb6MYqhoq9xLXw\"]},{\"@type\":\"Person\",\"@id\":\"https:\\\/\\\/informelitoral.com.ar\\\/#\\\/schema\\\/person\\\/f05f9f461677119578717524b127d6d5\",\"name\":\"Sebastian\",\"image\":{\"@type\":\"ImageObject\",\"inLanguage\":\"es\",\"@id\":\"https:\\\/\\\/secure.gravatar.com\\\/avatar\\\/b71bf7481d447dfb9583c7f2798e7cc64de6efb9067b74633ed8c31059a3bd82?s=96&d=mm&r=g\",\"url\":\"https:\\\/\\\/secure.gravatar.com\\\/avatar\\\/b71bf7481d447dfb9583c7f2798e7cc64de6efb9067b74633ed8c31059a3bd82?s=96&d=mm&r=g\",\"contentUrl\":\"https:\\\/\\\/secure.gravatar.com\\\/avatar\\\/b71bf7481d447dfb9583c7f2798e7cc64de6efb9067b74633ed8c31059a3bd82?s=96&d=mm&r=g\",\"caption\":\"Sebastian\"},\"url\":\"https:\\\/\\\/informelitoral.com.ar\\\/author\\\/sebastian\\\/\"}]}<\/script>","yoast_head_json":{"title":"River Plate vs. Colo Colo: hora y TV - Informe Litoral","robots":{"index":"index","follow":"follow","max-snippet":"max-snippet:-1","max-image-preview":"max-image-preview:large","max-video-preview":"max-video-preview:-1"},"canonical":"https:\/\/informelitoral.com.ar\/river-plate-vs-colo-colo-hora-y-tv\/","og_locale":"es_ES","og_type":"article","og_title":"River Plate vs. Colo Colo: hora y TV - Informe Litoral","og_description":"Tras la clasificaci\u00f3n ante Talleres de C\u00f3rdoba, el Millonario ya conoce cuando jugar\u00e1 los cuartos de final ante el equipo chileno. Esta noticia podr\u00eda hacer que el Supercl\u00e1sico cambie de d\u00eda.","og_url":"https:\/\/informelitoral.com.ar\/river-plate-vs-colo-colo-hora-y-tv\/","og_site_name":"Informe Litoral","article_publisher":"https:\/\/www.facebook.com\/informelitoral\/","article_published_time":"2024-08-26T17:30:10+00:00","article_modified_time":"2024-08-26T17:31:16+00:00","og_image":[{"width":1296,"height":729,"url":"https:\/\/informelitoral.com.ar\/%77%70%2d%63%6f%6e%74%65%6e%74\/uploads\/2022\/05\/river-le-gano-a-colocolo_00.jpg","type":"image\/jpeg"}],"author":"Sebastian","twitter_card":"summary_large_image","twitter_creator":"@InformeLitoral","twitter_site":"@InformeLitoral","twitter_misc":{"Escrito por":"Sebastian","Tiempo de lectura":"1 minuto"},"schema":{"@context":"https:\/\/schema.org","@graph":[{"@type":"Article","@id":"https:\/\/informelitoral.com.ar\/river-plate-vs-colo-colo-hora-y-tv\/#article","isPartOf":{"@id":"https:\/\/informelitoral.com.ar\/river-plate-vs-colo-colo-hora-y-tv\/"},"author":{"name":"Sebastian","@id":"https:\/\/informelitoral.com.ar\/#\/schema\/person\/f05f9f461677119578717524b127d6d5"},"headline":"River Plate vs. Colo Colo: hora y TV","datePublished":"2024-08-26T17:30:10+00:00","dateModified":"2024-08-26T17:31:16+00:00","mainEntityOfPage":{"@id":"https:\/\/informelitoral.com.ar\/river-plate-vs-colo-colo-hora-y-tv\/"},"wordCount":201,"commentCount":0,"publisher":{"@id":"https:\/\/informelitoral.com.ar\/#organization"},"image":{"@id":"https:\/\/informelitoral.com.ar\/river-plate-vs-colo-colo-hora-y-tv\/#primaryimage"},"thumbnailUrl":"https:\/\/informelitoral.com.ar\/%77%70%2d%63%6f%6e%74%65%6e%74\/uploads\/2022\/05\/river-le-gano-a-colocolo_00.jpg","keywords":["Colo Colo","Copa Libertadores","River Plate"],"articleSection":["Deportes"],"inLanguage":"es","potentialAction":[{"@type":"CommentAction","name":"Comment","target":["https:\/\/informelitoral.com.ar\/river-plate-vs-colo-colo-hora-y-tv\/#respond"]}]},{"@type":"WebPage","@id":"https:\/\/informelitoral.com.ar\/river-plate-vs-colo-colo-hora-y-tv\/","url":"https:\/\/informelitoral.com.ar\/river-plate-vs-colo-colo-hora-y-tv\/","name":"River Plate vs. Colo Colo: hora y TV - Informe Litoral","isPartOf":{"@id":"https:\/\/informelitoral.com.ar\/#website"},"primaryImageOfPage":{"@id":"https:\/\/informelitoral.com.ar\/river-plate-vs-colo-colo-hora-y-tv\/#primaryimage"},"image":{"@id":"https:\/\/informelitoral.com.ar\/river-plate-vs-colo-colo-hora-y-tv\/#primaryimage"},"thumbnailUrl":"https:\/\/informelitoral.com.ar\/%77%70%2d%63%6f%6e%74%65%6e%74\/uploads\/2022\/05\/river-le-gano-a-colocolo_00.jpg","datePublished":"2024-08-26T17:30:10+00:00","dateModified":"2024-08-26T17:31:16+00:00","breadcrumb":{"@id":"https:\/\/informelitoral.com.ar\/river-plate-vs-colo-colo-hora-y-tv\/#breadcrumb"},"inLanguage":"es","potentialAction":[{"@type":"ReadAction","target":["https:\/\/informelitoral.com.ar\/river-plate-vs-colo-colo-hora-y-tv\/"]}]},{"@type":"ImageObject","inLanguage":"es","@id":"https:\/\/informelitoral.com.ar\/river-plate-vs-colo-colo-hora-y-tv\/#primaryimage","url":"https:\/\/informelitoral.com.ar\/%77%70%2d%63%6f%6e%74%65%6e%74\/uploads\/2022\/05\/river-le-gano-a-colocolo_00.jpg","contentUrl":"https:\/\/informelitoral.com.ar\/%77%70%2d%63%6f%6e%74%65%6e%74\/uploads\/2022\/05\/river-le-gano-a-colocolo_00.jpg","width":1296,"height":729},{"@type":"BreadcrumbList","@id":"https:\/\/informelitoral.com.ar\/river-plate-vs-colo-colo-hora-y-tv\/#breadcrumb","itemListElement":[{"@type":"ListItem","position":1,"name":"Portada","item":"https:\/\/informelitoral.com.ar\/"},{"@type":"ListItem","position":2,"name":"River Plate vs. Colo Colo: hora y TV"}]},{"@type":"WebSite","@id":"https:\/\/informelitoral.com.ar\/#website","url":"https:\/\/informelitoral.com.ar\/","name":"Informe Litoral","description":"&quot;Nos informamos&quot; ","publisher":{"@id":"https:\/\/informelitoral.com.ar\/#organization"},"potentialAction":[{"@type":"SearchAction","target":{"@type":"EntryPoint","urlTemplate":"https:\/\/informelitoral.com.ar\/?s={search_term_string}"},"query-input":{"@type":"PropertyValueSpecification","valueRequired":true,"valueName":"search_term_string"}}],"inLanguage":"es"},{"@type":"Organization","@id":"https:\/\/informelitoral.com.ar\/#organization","name":"Informe Litoral","url":"https:\/\/informelitoral.com.ar\/","logo":{"@type":"ImageObject","inLanguage":"es","@id":"https:\/\/informelitoral.com.ar\/#\/schema\/logo\/image\/","url":"https:\/\/informelitoral.com.ar\/%77%70%2d%63%6f%6e%74%65%6e%74\/uploads\/2021\/01\/circulo.png","contentUrl":"https:\/\/informelitoral.com.ar\/%77%70%2d%63%6f%6e%74%65%6e%74\/uploads\/2021\/01\/circulo.png","width":723,"height":731,"caption":"Informe Litoral"},"image":{"@id":"https:\/\/informelitoral.com.ar\/#\/schema\/logo\/image\/"},"sameAs":["https:\/\/www.facebook.com\/informelitoral\/","https:\/\/x.com\/InformeLitoral","https:\/\/www.instagram.com\/informelitoral\/","https:\/\/www.youtube.com\/channel\/UCua4Qvz8Icb6MYqhoq9xLXw"]},{"@type":"Person","@id":"https:\/\/informelitoral.com.ar\/#\/schema\/person\/f05f9f461677119578717524b127d6d5","name":"Sebastian","image":{"@type":"ImageObject","inLanguage":"es","@id":"https:\/\/secure.gravatar.com\/avatar\/b71bf7481d447dfb9583c7f2798e7cc64de6efb9067b74633ed8c31059a3bd82?s=96&d=mm&r=g","url":"https:\/\/secure.gravatar.com\/avatar\/b71bf7481d447dfb9583c7f2798e7cc64de6efb9067b74633ed8c31059a3bd82?s=96&d=mm&r=g","contentUrl":"https:\/\/secure.gravatar.com\/avatar\/b71bf7481d447dfb9583c7f2798e7cc64de6efb9067b74633ed8c31059a3bd82?s=96&d=mm&r=g","caption":"Sebastian"},"url":"https:\/\/informelitoral.com.ar\/author\/sebastian\/"}]}},"_links":{"self":[{"href":"https:\/\/informelitoral.com.ar\/%77%70%2d%6a%73%6f%6e\/wp\/v2\/posts\/196069","targetHints":{"allow":["GET"]}}],"collection":[{"href":"https:\/\/informelitoral.com.ar\/%77%70%2d%6a%73%6f%6e\/wp\/v2\/posts"}],"about":[{"href":"https:\/\/informelitoral.com.ar\/%77%70%2d%6a%73%6f%6e\/wp\/v2\/types\/post"}],"author":[{"embeddable":true,"href":"https:\/\/informelitoral.com.ar\/%77%70%2d%6a%73%6f%6e\/wp\/v2\/users\/8"}],"replies":[{"embeddable":true,"href":"https:\/\/informelitoral.com.ar\/%77%70%2d%6a%73%6f%6e\/wp\/v2\/comments?post=196069"}],"version-history":[{"count":0,"href":"https:\/\/informelitoral.com.ar\/%77%70%2d%6a%73%6f%6e\/wp\/v2\/posts\/196069\/revisions"}],"wp:featuredmedia":[{"embeddable":true,"href":"https:\/\/informelitoral.com.ar\/%77%70%2d%6a%73%6f%6e\/wp\/v2\/media\/77578"}],"wp:attachment":[{"href":"https:\/\/informelitoral.com.ar\/%77%70%2d%6a%73%6f%6e\/wp\/v2\/media?parent=196069"}],"wp:term":[{"taxonomy":"category","embeddable":true,"href":"https:\/\/informelitoral.com.ar\/%77%70%2d%6a%73%6f%6e\/wp\/v2\/categories?post=196069"},{"taxonomy":"post_tag","embeddable":true,"href":"https:\/\/informelitoral.com.ar\/%77%70%2d%6a%73%6f%6e\/wp\/v2\/tags?post=196069"}],"curies":[{"name":"wp","href":"https:\/\/api.w.org\/{rel}","templated":true}]}}