{"id":195768,"date":"2024-08-23T09:20:34","date_gmt":"2024-08-23T12:20:34","guid":{"rendered":"https:\/\/www.informelitoral.com.ar\/?p=195768"},"modified":"2024-08-23T09:20:34","modified_gmt":"2024-08-23T12:20:34","slug":"el-gobernador-visito-vialidad-y-avanzo-sobre-el-plan-de-obras-con-sus-autoridades","status":"publish","type":"post","link":"https:\/\/informelitoral.com.ar\/el-gobernador-visito-vialidad-y-avanzo-sobre-el-plan-de-obras-con-sus-autoridades\/","title":{"rendered":"El gobernador visit\u00f3 Vialidad y avanz\u00f3 sobre el plan de obras con sus autoridades"},"content":{"rendered":"<p>El mandatario fue recibido por el titular de la <strong>DPV<\/strong>, <strong>Exequiel Donda<\/strong>; y el subadministrador del organismo, <strong>Alfredo Bel<\/strong>.<\/p>\n<p>Tras el encuentro, Donda calific\u00f3 como \u00abhist\u00f3rica\u00bb la visita del mandatario, quien \u00abpudo apreciar c\u00f3mo se trabaja ac\u00e1, pero adem\u00e1s estuvimos conversando sobre todas las obras que tiene la provincia, tanto las que est\u00e1n en marcha, como las neutralizadas; de c\u00f3mo generar un plan para lo que resta del a\u00f1o; y para el futuro, las posibilidades de ejecuci\u00f3n\u00bb.<\/p>\n<h5><em><strong>Te puede interesar:\u00a0<a href=\"https:\/\/www.informelitoral.com.ar\/https-www-informelitoral-com-ar-%77%70%2D%61%64%6D%69%6E-post-phppost193537actionedit\/\" target=\"_blank\" rel=\"noopener\">Se reactiv\u00f3 la obra de reconstrucci\u00f3n de la Ruta 10<\/a><\/strong><\/em><\/h5>\n<p>\u00abEstamos ya trabajando en esto, como tambi\u00e9n comenzando con todas las prioridades de nuevas obras para los a\u00f1os siguientes, que si bien seguramente van a ser con b\u00fasqueda de financiamiento, el gobernador nos dio las pautas para que podamos priorizar la b\u00fasqueda en las rutas de la provincia que m\u00e1s lo necesiten\u00bb.<\/p>\n<p><strong>\u00abA nosotros nos sirve tener estas directivas del gobernador, porque nos pone m\u00e1s en foco de lo que tenemos que buscar en la tarea diaria\u00bb<\/strong>, dijo Donda.<\/p>\n<p>Por su parte, Bel destac\u00f3 que \u00abestamos en la plena etapa de elaborar todo el plan de trabajo, dentro de la emergencia que tenemos, buscando las prioridades, con la austeridad con la que tenemos que manejarnos. El gobernador nos pone esas prioridades, en funci\u00f3n de cerrar el 2024 y ver lo que se va a poder trabajar para el presupuesto del a\u00f1o pr\u00f3ximo\u00bb.<\/p>\n<p><iframe loading=\"lazy\" title=\"El gobernador visit\u00f3 Vialidad y avanz\u00f3 sobre el plan de obras con sus autoridades\" width=\"696\" height=\"392\" src=\"https:\/\/www.youtube.com\/embed\/hJY-6DNtJE0?feature=oembed\" frameborder=\"0\" allow=\"accelerometer; autoplay; clipboard-write; encrypted-media; gyroscope; picture-in-picture; web-share\" referrerpolicy=\"strict-origin-when-cross-origin\" allowfullscreen><\/iframe><\/p>\n","protected":false},"excerpt":{"rendered":"<p>El gobernador Rogelio Frigerio visit\u00f3 las oficinas de la Direcci\u00f3n Provincial de Vialidad (DPV) y mantuvo una reuni\u00f3n de trabajo con sus autoridades, donde se planificaron las prioridades de obras para lo que resta del a\u00f1o y a futuro.<\/p>\n","protected":false},"author":8,"featured_media":195769,"comment_status":"open","ping_status":"open","sticky":false,"template":"","format":"standard","meta":{"fifu_image_url":"","fifu_image_alt":"","footnotes":""},"categories":[6],"tags":[728,642,949],"class_list":{"0":"post-195768","1":"post","2":"type-post","3":"status-publish","4":"format-standard","5":"has-post-thumbnail","7":"category-entre-rios","8":"tag-dpv","9":"tag-reunion","10":"tag-rogelio-frigerio"},"yoast_head":"<title>El gobernador visit\u00f3 Vialidad y avanz\u00f3 sobre el plan de obras con sus autoridades - Informe Litoral<\/title>\n<meta name=\"robots\" content=\"index, follow, max-snippet:-1, max-image-preview:large, max-video-preview:-1\" \/>\n<link rel=\"canonical\" href=\"https:\/\/informelitoral.com.ar\/el-gobernador-visito-vialidad-y-avanzo-sobre-el-plan-de-obras-con-sus-autoridades\/\" \/>\n<meta property=\"og:locale\" content=\"es_ES\" \/>\n<meta property=\"og:type\" content=\"article\" \/>\n<meta property=\"og:title\" content=\"El gobernador visit\u00f3 Vialidad y avanz\u00f3 sobre el plan de obras con sus autoridades - Informe Litoral\" \/>\n<meta property=\"og:description\" content=\"El gobernador Rogelio Frigerio visit\u00f3 las oficinas de la Direcci\u00f3n Provincial de Vialidad (DPV) y mantuvo una reuni\u00f3n de trabajo con sus autoridades, donde se planificaron las prioridades de obras para lo que resta del a\u00f1o y a futuro.\" \/>\n<meta property=\"og:url\" content=\"https:\/\/informelitoral.com.ar\/el-gobernador-visito-vialidad-y-avanzo-sobre-el-plan-de-obras-con-sus-autoridades\/\" \/>\n<meta property=\"og:site_name\" content=\"Informe Litoral\" \/>\n<meta property=\"article:publisher\" content=\"https:\/\/www.facebook.com\/informelitoral\/\" \/>\n<meta property=\"article:published_time\" content=\"2024-08-23T12:20:34+00:00\" \/>\n<meta property=\"og:image\" content=\"https:\/\/informelitoral.com.ar\/%77%70%2d%63%6f%6e%74%65%6e%74\/uploads\/2024\/08\/VDF4601.jpg\" \/>\n\t<meta property=\"og:image:width\" content=\"1920\" \/>\n\t<meta property=\"og:image:height\" content=\"1280\" \/>\n\t<meta property=\"og:image:type\" content=\"image\/jpeg\" \/>\n<meta name=\"author\" content=\"Sebastian\" \/>\n<meta name=\"twitter:card\" content=\"summary_large_image\" \/>\n<meta name=\"twitter:creator\" content=\"@InformeLitoral\" \/>\n<meta name=\"twitter:site\" content=\"@InformeLitoral\" \/>\n<meta name=\"twitter:label1\" content=\"Escrito por\" \/>\n\t<meta name=\"twitter:data1\" content=\"Sebastian\" \/>\n\t<meta name=\"twitter:label2\" content=\"Tiempo de lectura\" \/>\n\t<meta name=\"twitter:data2\" content=\"1 minuto\" \/>\n<script type=\"application\/ld+json\" class=\"yoast-schema-graph\">{\"@context\":\"https:\\\/\\\/schema.org\",\"@graph\":[{\"@type\":\"Article\",\"@id\":\"https:\\\/\\\/informelitoral.com.ar\\\/el-gobernador-visito-vialidad-y-avanzo-sobre-el-plan-de-obras-con-sus-autoridades\\\/#article\",\"isPartOf\":{\"@id\":\"https:\\\/\\\/informelitoral.com.ar\\\/el-gobernador-visito-vialidad-y-avanzo-sobre-el-plan-de-obras-con-sus-autoridades\\\/\"},\"author\":{\"name\":\"Sebastian\",\"@id\":\"https:\\\/\\\/informelitoral.com.ar\\\/#\\\/schema\\\/person\\\/f05f9f461677119578717524b127d6d5\"},\"headline\":\"El gobernador visit\u00f3 Vialidad y avanz\u00f3 sobre el plan de obras con sus autoridades\",\"datePublished\":\"2024-08-23T12:20:34+00:00\",\"mainEntityOfPage\":{\"@id\":\"https:\\\/\\\/informelitoral.com.ar\\\/el-gobernador-visito-vialidad-y-avanzo-sobre-el-plan-de-obras-con-sus-autoridades\\\/\"},\"wordCount\":266,\"commentCount\":0,\"publisher\":{\"@id\":\"https:\\\/\\\/informelitoral.com.ar\\\/#organization\"},\"image\":{\"@id\":\"https:\\\/\\\/informelitoral.com.ar\\\/el-gobernador-visito-vialidad-y-avanzo-sobre-el-plan-de-obras-con-sus-autoridades\\\/#primaryimage\"},\"thumbnailUrl\":\"https:\\\/\\\/informelitoral.com.ar\\\/%77%70%2d%63%6f%6e%74%65%6e%74\\\/uploads\\\/2024\\\/08\\\/VDF4601.jpg\",\"keywords\":[\"DPV\",\"Reuni\u00f3n\",\"Rogelio Frigerio\"],\"articleSection\":[\"Entre R\u00edos\"],\"inLanguage\":\"es\",\"potentialAction\":[{\"@type\":\"CommentAction\",\"name\":\"Comment\",\"target\":[\"https:\\\/\\\/informelitoral.com.ar\\\/el-gobernador-visito-vialidad-y-avanzo-sobre-el-plan-de-obras-con-sus-autoridades\\\/#respond\"]}]},{\"@type\":\"WebPage\",\"@id\":\"https:\\\/\\\/informelitoral.com.ar\\\/el-gobernador-visito-vialidad-y-avanzo-sobre-el-plan-de-obras-con-sus-autoridades\\\/\",\"url\":\"https:\\\/\\\/informelitoral.com.ar\\\/el-gobernador-visito-vialidad-y-avanzo-sobre-el-plan-de-obras-con-sus-autoridades\\\/\",\"name\":\"El gobernador visit\u00f3 Vialidad y avanz\u00f3 sobre el plan de obras con sus autoridades - Informe Litoral\",\"isPartOf\":{\"@id\":\"https:\\\/\\\/informelitoral.com.ar\\\/#website\"},\"primaryImageOfPage\":{\"@id\":\"https:\\\/\\\/informelitoral.com.ar\\\/el-gobernador-visito-vialidad-y-avanzo-sobre-el-plan-de-obras-con-sus-autoridades\\\/#primaryimage\"},\"image\":{\"@id\":\"https:\\\/\\\/informelitoral.com.ar\\\/el-gobernador-visito-vialidad-y-avanzo-sobre-el-plan-de-obras-con-sus-autoridades\\\/#primaryimage\"},\"thumbnailUrl\":\"https:\\\/\\\/informelitoral.com.ar\\\/%77%70%2d%63%6f%6e%74%65%6e%74\\\/uploads\\\/2024\\\/08\\\/VDF4601.jpg\",\"datePublished\":\"2024-08-23T12:20:34+00:00\",\"breadcrumb\":{\"@id\":\"https:\\\/\\\/informelitoral.com.ar\\\/el-gobernador-visito-vialidad-y-avanzo-sobre-el-plan-de-obras-con-sus-autoridades\\\/#breadcrumb\"},\"inLanguage\":\"es\",\"potentialAction\":[{\"@type\":\"ReadAction\",\"target\":[\"https:\\\/\\\/informelitoral.com.ar\\\/el-gobernador-visito-vialidad-y-avanzo-sobre-el-plan-de-obras-con-sus-autoridades\\\/\"]}]},{\"@type\":\"ImageObject\",\"inLanguage\":\"es\",\"@id\":\"https:\\\/\\\/informelitoral.com.ar\\\/el-gobernador-visito-vialidad-y-avanzo-sobre-el-plan-de-obras-con-sus-autoridades\\\/#primaryimage\",\"url\":\"https:\\\/\\\/informelitoral.com.ar\\\/%77%70%2d%63%6f%6e%74%65%6e%74\\\/uploads\\\/2024\\\/08\\\/VDF4601.jpg\",\"contentUrl\":\"https:\\\/\\\/informelitoral.com.ar\\\/%77%70%2d%63%6f%6e%74%65%6e%74\\\/uploads\\\/2024\\\/08\\\/VDF4601.jpg\",\"width\":1920,\"height\":1280},{\"@type\":\"BreadcrumbList\",\"@id\":\"https:\\\/\\\/informelitoral.com.ar\\\/el-gobernador-visito-vialidad-y-avanzo-sobre-el-plan-de-obras-con-sus-autoridades\\\/#breadcrumb\",\"itemListElement\":[{\"@type\":\"ListItem\",\"position\":1,\"name\":\"Portada\",\"item\":\"https:\\\/\\\/informelitoral.com.ar\\\/\"},{\"@type\":\"ListItem\",\"position\":2,\"name\":\"El gobernador visit\u00f3 Vialidad y avanz\u00f3 sobre el plan de obras con sus autoridades\"}]},{\"@type\":\"WebSite\",\"@id\":\"https:\\\/\\\/informelitoral.com.ar\\\/#website\",\"url\":\"https:\\\/\\\/informelitoral.com.ar\\\/\",\"name\":\"Informe Litoral\",\"description\":\"&quot;Nos informamos&quot; \",\"publisher\":{\"@id\":\"https:\\\/\\\/informelitoral.com.ar\\\/#organization\"},\"potentialAction\":[{\"@type\":\"SearchAction\",\"target\":{\"@type\":\"EntryPoint\",\"urlTemplate\":\"https:\\\/\\\/informelitoral.com.ar\\\/?s={search_term_string}\"},\"query-input\":{\"@type\":\"PropertyValueSpecification\",\"valueRequired\":true,\"valueName\":\"search_term_string\"}}],\"inLanguage\":\"es\"},{\"@type\":\"Organization\",\"@id\":\"https:\\\/\\\/informelitoral.com.ar\\\/#organization\",\"name\":\"Informe Litoral\",\"url\":\"https:\\\/\\\/informelitoral.com.ar\\\/\",\"logo\":{\"@type\":\"ImageObject\",\"inLanguage\":\"es\",\"@id\":\"https:\\\/\\\/informelitoral.com.ar\\\/#\\\/schema\\\/logo\\\/image\\\/\",\"url\":\"https:\\\/\\\/informelitoral.com.ar\\\/%77%70%2d%63%6f%6e%74%65%6e%74\\\/uploads\\\/2021\\\/01\\\/circulo.png\",\"contentUrl\":\"https:\\\/\\\/informelitoral.com.ar\\\/%77%70%2d%63%6f%6e%74%65%6e%74\\\/uploads\\\/2021\\\/01\\\/circulo.png\",\"width\":723,\"height\":731,\"caption\":\"Informe Litoral\"},\"image\":{\"@id\":\"https:\\\/\\\/informelitoral.com.ar\\\/#\\\/schema\\\/logo\\\/image\\\/\"},\"sameAs\":[\"https:\\\/\\\/www.facebook.com\\\/informelitoral\\\/\",\"https:\\\/\\\/x.com\\\/InformeLitoral\",\"https:\\\/\\\/www.instagram.com\\\/informelitoral\\\/\",\"https:\\\/\\\/www.youtube.com\\\/channel\\\/UCua4Qvz8Icb6MYqhoq9xLXw\"]},{\"@type\":\"Person\",\"@id\":\"https:\\\/\\\/informelitoral.com.ar\\\/#\\\/schema\\\/person\\\/f05f9f461677119578717524b127d6d5\",\"name\":\"Sebastian\",\"image\":{\"@type\":\"ImageObject\",\"inLanguage\":\"es\",\"@id\":\"https:\\\/\\\/secure.gravatar.com\\\/avatar\\\/b71bf7481d447dfb9583c7f2798e7cc64de6efb9067b74633ed8c31059a3bd82?s=96&d=mm&r=g\",\"url\":\"https:\\\/\\\/secure.gravatar.com\\\/avatar\\\/b71bf7481d447dfb9583c7f2798e7cc64de6efb9067b74633ed8c31059a3bd82?s=96&d=mm&r=g\",\"contentUrl\":\"https:\\\/\\\/secure.gravatar.com\\\/avatar\\\/b71bf7481d447dfb9583c7f2798e7cc64de6efb9067b74633ed8c31059a3bd82?s=96&d=mm&r=g\",\"caption\":\"Sebastian\"},\"url\":\"https:\\\/\\\/informelitoral.com.ar\\\/author\\\/sebastian\\\/\"}]}<\/script>","yoast_head_json":{"title":"El gobernador visit\u00f3 Vialidad y avanz\u00f3 sobre el plan de obras con sus autoridades - Informe Litoral","robots":{"index":"index","follow":"follow","max-snippet":"max-snippet:-1","max-image-preview":"max-image-preview:large","max-video-preview":"max-video-preview:-1"},"canonical":"https:\/\/informelitoral.com.ar\/el-gobernador-visito-vialidad-y-avanzo-sobre-el-plan-de-obras-con-sus-autoridades\/","og_locale":"es_ES","og_type":"article","og_title":"El gobernador visit\u00f3 Vialidad y avanz\u00f3 sobre el plan de obras con sus autoridades - Informe Litoral","og_description":"El gobernador Rogelio Frigerio visit\u00f3 las oficinas de la Direcci\u00f3n Provincial de Vialidad (DPV) y mantuvo una reuni\u00f3n de trabajo con sus autoridades, donde se planificaron las prioridades de obras para lo que resta del a\u00f1o y a futuro.","og_url":"https:\/\/informelitoral.com.ar\/el-gobernador-visito-vialidad-y-avanzo-sobre-el-plan-de-obras-con-sus-autoridades\/","og_site_name":"Informe Litoral","article_publisher":"https:\/\/www.facebook.com\/informelitoral\/","article_published_time":"2024-08-23T12:20:34+00:00","og_image":[{"width":1920,"height":1280,"url":"https:\/\/informelitoral.com.ar\/%77%70%2d%63%6f%6e%74%65%6e%74\/uploads\/2024\/08\/VDF4601.jpg","type":"image\/jpeg"}],"author":"Sebastian","twitter_card":"summary_large_image","twitter_creator":"@InformeLitoral","twitter_site":"@InformeLitoral","twitter_misc":{"Escrito por":"Sebastian","Tiempo de lectura":"1 minuto"},"schema":{"@context":"https:\/\/schema.org","@graph":[{"@type":"Article","@id":"https:\/\/informelitoral.com.ar\/el-gobernador-visito-vialidad-y-avanzo-sobre-el-plan-de-obras-con-sus-autoridades\/#article","isPartOf":{"@id":"https:\/\/informelitoral.com.ar\/el-gobernador-visito-vialidad-y-avanzo-sobre-el-plan-de-obras-con-sus-autoridades\/"},"author":{"name":"Sebastian","@id":"https:\/\/informelitoral.com.ar\/#\/schema\/person\/f05f9f461677119578717524b127d6d5"},"headline":"El gobernador visit\u00f3 Vialidad y avanz\u00f3 sobre el plan de obras con sus autoridades","datePublished":"2024-08-23T12:20:34+00:00","mainEntityOfPage":{"@id":"https:\/\/informelitoral.com.ar\/el-gobernador-visito-vialidad-y-avanzo-sobre-el-plan-de-obras-con-sus-autoridades\/"},"wordCount":266,"commentCount":0,"publisher":{"@id":"https:\/\/informelitoral.com.ar\/#organization"},"image":{"@id":"https:\/\/informelitoral.com.ar\/el-gobernador-visito-vialidad-y-avanzo-sobre-el-plan-de-obras-con-sus-autoridades\/#primaryimage"},"thumbnailUrl":"https:\/\/informelitoral.com.ar\/%77%70%2d%63%6f%6e%74%65%6e%74\/uploads\/2024\/08\/VDF4601.jpg","keywords":["DPV","Reuni\u00f3n","Rogelio Frigerio"],"articleSection":["Entre R\u00edos"],"inLanguage":"es","potentialAction":[{"@type":"CommentAction","name":"Comment","target":["https:\/\/informelitoral.com.ar\/el-gobernador-visito-vialidad-y-avanzo-sobre-el-plan-de-obras-con-sus-autoridades\/#respond"]}]},{"@type":"WebPage","@id":"https:\/\/informelitoral.com.ar\/el-gobernador-visito-vialidad-y-avanzo-sobre-el-plan-de-obras-con-sus-autoridades\/","url":"https:\/\/informelitoral.com.ar\/el-gobernador-visito-vialidad-y-avanzo-sobre-el-plan-de-obras-con-sus-autoridades\/","name":"El gobernador visit\u00f3 Vialidad y avanz\u00f3 sobre el plan de obras con sus autoridades - Informe Litoral","isPartOf":{"@id":"https:\/\/informelitoral.com.ar\/#website"},"primaryImageOfPage":{"@id":"https:\/\/informelitoral.com.ar\/el-gobernador-visito-vialidad-y-avanzo-sobre-el-plan-de-obras-con-sus-autoridades\/#primaryimage"},"image":{"@id":"https:\/\/informelitoral.com.ar\/el-gobernador-visito-vialidad-y-avanzo-sobre-el-plan-de-obras-con-sus-autoridades\/#primaryimage"},"thumbnailUrl":"https:\/\/informelitoral.com.ar\/%77%70%2d%63%6f%6e%74%65%6e%74\/uploads\/2024\/08\/VDF4601.jpg","datePublished":"2024-08-23T12:20:34+00:00","breadcrumb":{"@id":"https:\/\/informelitoral.com.ar\/el-gobernador-visito-vialidad-y-avanzo-sobre-el-plan-de-obras-con-sus-autoridades\/#breadcrumb"},"inLanguage":"es","potentialAction":[{"@type":"ReadAction","target":["https:\/\/informelitoral.com.ar\/el-gobernador-visito-vialidad-y-avanzo-sobre-el-plan-de-obras-con-sus-autoridades\/"]}]},{"@type":"ImageObject","inLanguage":"es","@id":"https:\/\/informelitoral.com.ar\/el-gobernador-visito-vialidad-y-avanzo-sobre-el-plan-de-obras-con-sus-autoridades\/#primaryimage","url":"https:\/\/informelitoral.com.ar\/%77%70%2d%63%6f%6e%74%65%6e%74\/uploads\/2024\/08\/VDF4601.jpg","contentUrl":"https:\/\/informelitoral.com.ar\/%77%70%2d%63%6f%6e%74%65%6e%74\/uploads\/2024\/08\/VDF4601.jpg","width":1920,"height":1280},{"@type":"BreadcrumbList","@id":"https:\/\/informelitoral.com.ar\/el-gobernador-visito-vialidad-y-avanzo-sobre-el-plan-de-obras-con-sus-autoridades\/#breadcrumb","itemListElement":[{"@type":"ListItem","position":1,"name":"Portada","item":"https:\/\/informelitoral.com.ar\/"},{"@type":"ListItem","position":2,"name":"El gobernador visit\u00f3 Vialidad y avanz\u00f3 sobre el plan de obras con sus autoridades"}]},{"@type":"WebSite","@id":"https:\/\/informelitoral.com.ar\/#website","url":"https:\/\/informelitoral.com.ar\/","name":"Informe Litoral","description":"&quot;Nos informamos&quot; ","publisher":{"@id":"https:\/\/informelitoral.com.ar\/#organization"},"potentialAction":[{"@type":"SearchAction","target":{"@type":"EntryPoint","urlTemplate":"https:\/\/informelitoral.com.ar\/?s={search_term_string}"},"query-input":{"@type":"PropertyValueSpecification","valueRequired":true,"valueName":"search_term_string"}}],"inLanguage":"es"},{"@type":"Organization","@id":"https:\/\/informelitoral.com.ar\/#organization","name":"Informe Litoral","url":"https:\/\/informelitoral.com.ar\/","logo":{"@type":"ImageObject","inLanguage":"es","@id":"https:\/\/informelitoral.com.ar\/#\/schema\/logo\/image\/","url":"https:\/\/informelitoral.com.ar\/%77%70%2d%63%6f%6e%74%65%6e%74\/uploads\/2021\/01\/circulo.png","contentUrl":"https:\/\/informelitoral.com.ar\/%77%70%2d%63%6f%6e%74%65%6e%74\/uploads\/2021\/01\/circulo.png","width":723,"height":731,"caption":"Informe Litoral"},"image":{"@id":"https:\/\/informelitoral.com.ar\/#\/schema\/logo\/image\/"},"sameAs":["https:\/\/www.facebook.com\/informelitoral\/","https:\/\/x.com\/InformeLitoral","https:\/\/www.instagram.com\/informelitoral\/","https:\/\/www.youtube.com\/channel\/UCua4Qvz8Icb6MYqhoq9xLXw"]},{"@type":"Person","@id":"https:\/\/informelitoral.com.ar\/#\/schema\/person\/f05f9f461677119578717524b127d6d5","name":"Sebastian","image":{"@type":"ImageObject","inLanguage":"es","@id":"https:\/\/secure.gravatar.com\/avatar\/b71bf7481d447dfb9583c7f2798e7cc64de6efb9067b74633ed8c31059a3bd82?s=96&d=mm&r=g","url":"https:\/\/secure.gravatar.com\/avatar\/b71bf7481d447dfb9583c7f2798e7cc64de6efb9067b74633ed8c31059a3bd82?s=96&d=mm&r=g","contentUrl":"https:\/\/secure.gravatar.com\/avatar\/b71bf7481d447dfb9583c7f2798e7cc64de6efb9067b74633ed8c31059a3bd82?s=96&d=mm&r=g","caption":"Sebastian"},"url":"https:\/\/informelitoral.com.ar\/author\/sebastian\/"}]}},"_links":{"self":[{"href":"https:\/\/informelitoral.com.ar\/%77%70%2d%6a%73%6f%6e\/wp\/v2\/posts\/195768","targetHints":{"allow":["GET"]}}],"collection":[{"href":"https:\/\/informelitoral.com.ar\/%77%70%2d%6a%73%6f%6e\/wp\/v2\/posts"}],"about":[{"href":"https:\/\/informelitoral.com.ar\/%77%70%2d%6a%73%6f%6e\/wp\/v2\/types\/post"}],"author":[{"embeddable":true,"href":"https:\/\/informelitoral.com.ar\/%77%70%2d%6a%73%6f%6e\/wp\/v2\/users\/8"}],"replies":[{"embeddable":true,"href":"https:\/\/informelitoral.com.ar\/%77%70%2d%6a%73%6f%6e\/wp\/v2\/comments?post=195768"}],"version-history":[{"count":0,"href":"https:\/\/informelitoral.com.ar\/%77%70%2d%6a%73%6f%6e\/wp\/v2\/posts\/195768\/revisions"}],"wp:featuredmedia":[{"embeddable":true,"href":"https:\/\/informelitoral.com.ar\/%77%70%2d%6a%73%6f%6e\/wp\/v2\/media\/195769"}],"wp:attachment":[{"href":"https:\/\/informelitoral.com.ar\/%77%70%2d%6a%73%6f%6e\/wp\/v2\/media?parent=195768"}],"wp:term":[{"taxonomy":"category","embeddable":true,"href":"https:\/\/informelitoral.com.ar\/%77%70%2d%6a%73%6f%6e\/wp\/v2\/categories?post=195768"},{"taxonomy":"post_tag","embeddable":true,"href":"https:\/\/informelitoral.com.ar\/%77%70%2d%6a%73%6f%6e\/wp\/v2\/tags?post=195768"}],"curies":[{"name":"wp","href":"https:\/\/api.w.org\/{rel}","templated":true}]}}