{"id":195619,"date":"2024-08-22T09:26:26","date_gmt":"2024-08-22T12:26:26","guid":{"rendered":"https:\/\/www.informelitoral.com.ar\/?p=195619"},"modified":"2024-08-22T09:26:56","modified_gmt":"2024-08-22T12:26:56","slug":"cuantos-dias-de-paro-definio-agmer","status":"publish","type":"post","link":"https:\/\/informelitoral.com.ar\/cuantos-dias-de-paro-definio-agmer\/","title":{"rendered":"Cu\u00e1ntos d\u00edas de paro defini\u00f3 Agmer"},"content":{"rendered":"<p>Luego del anuncio por decreto por parte del Gobierno de los incrementos en los salarios docentes, Agmer llevo a cabo un nuevo Congreso Extraordinario en Paran\u00e1 y determin\u00f3 5 dias de paro.<\/p>\n<p>La medida de fuerza se dividir\u00e1 en dos partes: este jueves y viernes cada departamental definir\u00e1 que acciones llevar\u00e1 a cabo \u00a0mientras que el martes, mi\u00e9rcoles y jueves adem\u00e1s del no dictado de clases habr\u00e1 una acci\u00f3n provincial de corte de rutas de acceso a Entre R\u00edos.<\/p>\n<h5><em><strong>Te puede interesar:\u00a0<a href=\"https:\/\/www.informelitoral.com.ar\/precios-del-remate-de-hacienda-de-la-ganadera-en-general-ramirez-del-jueves-15-de-agosto-de-2024\/\" target=\"_blank\" rel=\"noopener\">Precios del remate de hacienda de La Ganadera en General Ram\u00edrez del jueves 15 de agosto de 2024<\/a><\/strong><\/em><\/h5>\n<p>Los motivos se debe a que \u201cno se cumplio\u201d lo solicitado en el Congreso anterior, que se realiz\u00f3 en Colon. Alli se hab\u00eda solicitado \u201ccumplimiento inmediato\u201d del pago correspondiente a la diferencia entre la inflaci\u00f3n acumulada y la pauta salarial del 1er semestre; un porcentaje del incremento para todo el escalaf\u00f3n; sin sumas fijas no remunerativa ni bonificable excluyendo a jubilados; e incremento sin topes del C\u00f3digo 029.<\/p>\n","protected":false},"excerpt":{"rendered":"<p>Este jueves y viernes cada departamental definir\u00e1 la medida de fuerza a aplicar mientras que el martes, mi\u00e9rcoles y jueves se llevara a cabo de manera provincial cortes de ruta de acceso a la provincia a fin de \u201cvisibilizar la situaci\u00f3n educativa\u201d.<\/p>\n","protected":false},"author":8,"featured_media":74130,"comment_status":"open","ping_status":"open","sticky":false,"template":"","format":"standard","meta":{"fifu_image_url":"","fifu_image_alt":"","footnotes":""},"categories":[6],"tags":[64,1014],"class_list":{"0":"post-195619","1":"post","2":"type-post","3":"status-publish","4":"format-standard","5":"has-post-thumbnail","7":"category-entre-rios","8":"tag-agmer","9":"tag-paro-docente"},"yoast_head":"<title>Cu\u00e1ntos d\u00edas de paro defini\u00f3 Agmer - Informe Litoral<\/title>\n<meta name=\"robots\" content=\"index, follow, max-snippet:-1, max-image-preview:large, max-video-preview:-1\" \/>\n<link rel=\"canonical\" href=\"https:\/\/informelitoral.com.ar\/cuantos-dias-de-paro-definio-agmer\/\" \/>\n<meta property=\"og:locale\" content=\"es_ES\" \/>\n<meta property=\"og:type\" content=\"article\" \/>\n<meta property=\"og:title\" content=\"Cu\u00e1ntos d\u00edas de paro defini\u00f3 Agmer - Informe Litoral\" \/>\n<meta property=\"og:description\" content=\"Este jueves y viernes cada departamental definir\u00e1 la medida de fuerza a aplicar mientras que el martes, mi\u00e9rcoles y jueves se llevara a cabo de manera provincial cortes de ruta de acceso a la provincia a fin de \u201cvisibilizar la situaci\u00f3n educativa\u201d.\" \/>\n<meta property=\"og:url\" content=\"https:\/\/informelitoral.com.ar\/cuantos-dias-de-paro-definio-agmer\/\" \/>\n<meta property=\"og:site_name\" content=\"Informe Litoral\" \/>\n<meta property=\"article:publisher\" content=\"https:\/\/www.facebook.com\/informelitoral\/\" \/>\n<meta property=\"article:published_time\" content=\"2024-08-22T12:26:26+00:00\" \/>\n<meta property=\"article:modified_time\" content=\"2024-08-22T12:26:56+00:00\" \/>\n<meta property=\"og:image\" content=\"https:\/\/informelitoral.com.ar\/%77%70%2d%63%6f%6e%74%65%6e%74\/uploads\/2022\/03\/agmer-banderitas.jpg\" \/>\n\t<meta property=\"og:image:width\" content=\"616\" \/>\n\t<meta property=\"og:image:height\" content=\"463\" \/>\n\t<meta property=\"og:image:type\" content=\"image\/jpeg\" \/>\n<meta name=\"author\" content=\"Sebastian\" \/>\n<meta name=\"twitter:card\" content=\"summary_large_image\" \/>\n<meta name=\"twitter:creator\" content=\"@InformeLitoral\" \/>\n<meta name=\"twitter:site\" content=\"@InformeLitoral\" \/>\n<meta name=\"twitter:label1\" content=\"Escrito por\" \/>\n\t<meta name=\"twitter:data1\" content=\"Sebastian\" \/>\n\t<meta name=\"twitter:label2\" content=\"Tiempo de lectura\" \/>\n\t<meta name=\"twitter:data2\" content=\"1 minuto\" \/>\n<script type=\"application\/ld+json\" class=\"yoast-schema-graph\">{\"@context\":\"https:\\\/\\\/schema.org\",\"@graph\":[{\"@type\":\"Article\",\"@id\":\"https:\\\/\\\/informelitoral.com.ar\\\/cuantos-dias-de-paro-definio-agmer\\\/#article\",\"isPartOf\":{\"@id\":\"https:\\\/\\\/informelitoral.com.ar\\\/cuantos-dias-de-paro-definio-agmer\\\/\"},\"author\":{\"name\":\"Sebastian\",\"@id\":\"https:\\\/\\\/informelitoral.com.ar\\\/#\\\/schema\\\/person\\\/f05f9f461677119578717524b127d6d5\"},\"headline\":\"Cu\u00e1ntos d\u00edas de paro defini\u00f3 Agmer\",\"datePublished\":\"2024-08-22T12:26:26+00:00\",\"dateModified\":\"2024-08-22T12:26:56+00:00\",\"mainEntityOfPage\":{\"@id\":\"https:\\\/\\\/informelitoral.com.ar\\\/cuantos-dias-de-paro-definio-agmer\\\/\"},\"wordCount\":181,\"commentCount\":0,\"publisher\":{\"@id\":\"https:\\\/\\\/informelitoral.com.ar\\\/#organization\"},\"image\":{\"@id\":\"https:\\\/\\\/informelitoral.com.ar\\\/cuantos-dias-de-paro-definio-agmer\\\/#primaryimage\"},\"thumbnailUrl\":\"https:\\\/\\\/informelitoral.com.ar\\\/%77%70%2d%63%6f%6e%74%65%6e%74\\\/uploads\\\/2022\\\/03\\\/agmer-banderitas.jpg\",\"keywords\":[\"Agmer\",\"Paro docente\"],\"articleSection\":[\"Entre R\u00edos\"],\"inLanguage\":\"es\",\"potentialAction\":[{\"@type\":\"CommentAction\",\"name\":\"Comment\",\"target\":[\"https:\\\/\\\/informelitoral.com.ar\\\/cuantos-dias-de-paro-definio-agmer\\\/#respond\"]}]},{\"@type\":\"WebPage\",\"@id\":\"https:\\\/\\\/informelitoral.com.ar\\\/cuantos-dias-de-paro-definio-agmer\\\/\",\"url\":\"https:\\\/\\\/informelitoral.com.ar\\\/cuantos-dias-de-paro-definio-agmer\\\/\",\"name\":\"Cu\u00e1ntos d\u00edas de paro defini\u00f3 Agmer - Informe Litoral\",\"isPartOf\":{\"@id\":\"https:\\\/\\\/informelitoral.com.ar\\\/#website\"},\"primaryImageOfPage\":{\"@id\":\"https:\\\/\\\/informelitoral.com.ar\\\/cuantos-dias-de-paro-definio-agmer\\\/#primaryimage\"},\"image\":{\"@id\":\"https:\\\/\\\/informelitoral.com.ar\\\/cuantos-dias-de-paro-definio-agmer\\\/#primaryimage\"},\"thumbnailUrl\":\"https:\\\/\\\/informelitoral.com.ar\\\/%77%70%2d%63%6f%6e%74%65%6e%74\\\/uploads\\\/2022\\\/03\\\/agmer-banderitas.jpg\",\"datePublished\":\"2024-08-22T12:26:26+00:00\",\"dateModified\":\"2024-08-22T12:26:56+00:00\",\"breadcrumb\":{\"@id\":\"https:\\\/\\\/informelitoral.com.ar\\\/cuantos-dias-de-paro-definio-agmer\\\/#breadcrumb\"},\"inLanguage\":\"es\",\"potentialAction\":[{\"@type\":\"ReadAction\",\"target\":[\"https:\\\/\\\/informelitoral.com.ar\\\/cuantos-dias-de-paro-definio-agmer\\\/\"]}]},{\"@type\":\"ImageObject\",\"inLanguage\":\"es\",\"@id\":\"https:\\\/\\\/informelitoral.com.ar\\\/cuantos-dias-de-paro-definio-agmer\\\/#primaryimage\",\"url\":\"https:\\\/\\\/informelitoral.com.ar\\\/%77%70%2d%63%6f%6e%74%65%6e%74\\\/uploads\\\/2022\\\/03\\\/agmer-banderitas.jpg\",\"contentUrl\":\"https:\\\/\\\/informelitoral.com.ar\\\/%77%70%2d%63%6f%6e%74%65%6e%74\\\/uploads\\\/2022\\\/03\\\/agmer-banderitas.jpg\",\"width\":616,\"height\":463},{\"@type\":\"BreadcrumbList\",\"@id\":\"https:\\\/\\\/informelitoral.com.ar\\\/cuantos-dias-de-paro-definio-agmer\\\/#breadcrumb\",\"itemListElement\":[{\"@type\":\"ListItem\",\"position\":1,\"name\":\"Portada\",\"item\":\"https:\\\/\\\/informelitoral.com.ar\\\/\"},{\"@type\":\"ListItem\",\"position\":2,\"name\":\"Cu\u00e1ntos d\u00edas de paro defini\u00f3 Agmer\"}]},{\"@type\":\"WebSite\",\"@id\":\"https:\\\/\\\/informelitoral.com.ar\\\/#website\",\"url\":\"https:\\\/\\\/informelitoral.com.ar\\\/\",\"name\":\"Informe Litoral\",\"description\":\"&quot;Nos informamos&quot; \",\"publisher\":{\"@id\":\"https:\\\/\\\/informelitoral.com.ar\\\/#organization\"},\"potentialAction\":[{\"@type\":\"SearchAction\",\"target\":{\"@type\":\"EntryPoint\",\"urlTemplate\":\"https:\\\/\\\/informelitoral.com.ar\\\/?s={search_term_string}\"},\"query-input\":{\"@type\":\"PropertyValueSpecification\",\"valueRequired\":true,\"valueName\":\"search_term_string\"}}],\"inLanguage\":\"es\"},{\"@type\":\"Organization\",\"@id\":\"https:\\\/\\\/informelitoral.com.ar\\\/#organization\",\"name\":\"Informe Litoral\",\"url\":\"https:\\\/\\\/informelitoral.com.ar\\\/\",\"logo\":{\"@type\":\"ImageObject\",\"inLanguage\":\"es\",\"@id\":\"https:\\\/\\\/informelitoral.com.ar\\\/#\\\/schema\\\/logo\\\/image\\\/\",\"url\":\"https:\\\/\\\/informelitoral.com.ar\\\/%77%70%2d%63%6f%6e%74%65%6e%74\\\/uploads\\\/2021\\\/01\\\/circulo.png\",\"contentUrl\":\"https:\\\/\\\/informelitoral.com.ar\\\/%77%70%2d%63%6f%6e%74%65%6e%74\\\/uploads\\\/2021\\\/01\\\/circulo.png\",\"width\":723,\"height\":731,\"caption\":\"Informe Litoral\"},\"image\":{\"@id\":\"https:\\\/\\\/informelitoral.com.ar\\\/#\\\/schema\\\/logo\\\/image\\\/\"},\"sameAs\":[\"https:\\\/\\\/www.facebook.com\\\/informelitoral\\\/\",\"https:\\\/\\\/x.com\\\/InformeLitoral\",\"https:\\\/\\\/www.instagram.com\\\/informelitoral\\\/\",\"https:\\\/\\\/www.youtube.com\\\/channel\\\/UCua4Qvz8Icb6MYqhoq9xLXw\"]},{\"@type\":\"Person\",\"@id\":\"https:\\\/\\\/informelitoral.com.ar\\\/#\\\/schema\\\/person\\\/f05f9f461677119578717524b127d6d5\",\"name\":\"Sebastian\",\"image\":{\"@type\":\"ImageObject\",\"inLanguage\":\"es\",\"@id\":\"https:\\\/\\\/secure.gravatar.com\\\/avatar\\\/b71bf7481d447dfb9583c7f2798e7cc64de6efb9067b74633ed8c31059a3bd82?s=96&d=mm&r=g\",\"url\":\"https:\\\/\\\/secure.gravatar.com\\\/avatar\\\/b71bf7481d447dfb9583c7f2798e7cc64de6efb9067b74633ed8c31059a3bd82?s=96&d=mm&r=g\",\"contentUrl\":\"https:\\\/\\\/secure.gravatar.com\\\/avatar\\\/b71bf7481d447dfb9583c7f2798e7cc64de6efb9067b74633ed8c31059a3bd82?s=96&d=mm&r=g\",\"caption\":\"Sebastian\"},\"url\":\"https:\\\/\\\/informelitoral.com.ar\\\/author\\\/sebastian\\\/\"}]}<\/script>","yoast_head_json":{"title":"Cu\u00e1ntos d\u00edas de paro defini\u00f3 Agmer - Informe Litoral","robots":{"index":"index","follow":"follow","max-snippet":"max-snippet:-1","max-image-preview":"max-image-preview:large","max-video-preview":"max-video-preview:-1"},"canonical":"https:\/\/informelitoral.com.ar\/cuantos-dias-de-paro-definio-agmer\/","og_locale":"es_ES","og_type":"article","og_title":"Cu\u00e1ntos d\u00edas de paro defini\u00f3 Agmer - Informe Litoral","og_description":"Este jueves y viernes cada departamental definir\u00e1 la medida de fuerza a aplicar mientras que el martes, mi\u00e9rcoles y jueves se llevara a cabo de manera provincial cortes de ruta de acceso a la provincia a fin de \u201cvisibilizar la situaci\u00f3n educativa\u201d.","og_url":"https:\/\/informelitoral.com.ar\/cuantos-dias-de-paro-definio-agmer\/","og_site_name":"Informe Litoral","article_publisher":"https:\/\/www.facebook.com\/informelitoral\/","article_published_time":"2024-08-22T12:26:26+00:00","article_modified_time":"2024-08-22T12:26:56+00:00","og_image":[{"width":616,"height":463,"url":"https:\/\/informelitoral.com.ar\/%77%70%2d%63%6f%6e%74%65%6e%74\/uploads\/2022\/03\/agmer-banderitas.jpg","type":"image\/jpeg"}],"author":"Sebastian","twitter_card":"summary_large_image","twitter_creator":"@InformeLitoral","twitter_site":"@InformeLitoral","twitter_misc":{"Escrito por":"Sebastian","Tiempo de lectura":"1 minuto"},"schema":{"@context":"https:\/\/schema.org","@graph":[{"@type":"Article","@id":"https:\/\/informelitoral.com.ar\/cuantos-dias-de-paro-definio-agmer\/#article","isPartOf":{"@id":"https:\/\/informelitoral.com.ar\/cuantos-dias-de-paro-definio-agmer\/"},"author":{"name":"Sebastian","@id":"https:\/\/informelitoral.com.ar\/#\/schema\/person\/f05f9f461677119578717524b127d6d5"},"headline":"Cu\u00e1ntos d\u00edas de paro defini\u00f3 Agmer","datePublished":"2024-08-22T12:26:26+00:00","dateModified":"2024-08-22T12:26:56+00:00","mainEntityOfPage":{"@id":"https:\/\/informelitoral.com.ar\/cuantos-dias-de-paro-definio-agmer\/"},"wordCount":181,"commentCount":0,"publisher":{"@id":"https:\/\/informelitoral.com.ar\/#organization"},"image":{"@id":"https:\/\/informelitoral.com.ar\/cuantos-dias-de-paro-definio-agmer\/#primaryimage"},"thumbnailUrl":"https:\/\/informelitoral.com.ar\/%77%70%2d%63%6f%6e%74%65%6e%74\/uploads\/2022\/03\/agmer-banderitas.jpg","keywords":["Agmer","Paro docente"],"articleSection":["Entre R\u00edos"],"inLanguage":"es","potentialAction":[{"@type":"CommentAction","name":"Comment","target":["https:\/\/informelitoral.com.ar\/cuantos-dias-de-paro-definio-agmer\/#respond"]}]},{"@type":"WebPage","@id":"https:\/\/informelitoral.com.ar\/cuantos-dias-de-paro-definio-agmer\/","url":"https:\/\/informelitoral.com.ar\/cuantos-dias-de-paro-definio-agmer\/","name":"Cu\u00e1ntos d\u00edas de paro defini\u00f3 Agmer - Informe Litoral","isPartOf":{"@id":"https:\/\/informelitoral.com.ar\/#website"},"primaryImageOfPage":{"@id":"https:\/\/informelitoral.com.ar\/cuantos-dias-de-paro-definio-agmer\/#primaryimage"},"image":{"@id":"https:\/\/informelitoral.com.ar\/cuantos-dias-de-paro-definio-agmer\/#primaryimage"},"thumbnailUrl":"https:\/\/informelitoral.com.ar\/%77%70%2d%63%6f%6e%74%65%6e%74\/uploads\/2022\/03\/agmer-banderitas.jpg","datePublished":"2024-08-22T12:26:26+00:00","dateModified":"2024-08-22T12:26:56+00:00","breadcrumb":{"@id":"https:\/\/informelitoral.com.ar\/cuantos-dias-de-paro-definio-agmer\/#breadcrumb"},"inLanguage":"es","potentialAction":[{"@type":"ReadAction","target":["https:\/\/informelitoral.com.ar\/cuantos-dias-de-paro-definio-agmer\/"]}]},{"@type":"ImageObject","inLanguage":"es","@id":"https:\/\/informelitoral.com.ar\/cuantos-dias-de-paro-definio-agmer\/#primaryimage","url":"https:\/\/informelitoral.com.ar\/%77%70%2d%63%6f%6e%74%65%6e%74\/uploads\/2022\/03\/agmer-banderitas.jpg","contentUrl":"https:\/\/informelitoral.com.ar\/%77%70%2d%63%6f%6e%74%65%6e%74\/uploads\/2022\/03\/agmer-banderitas.jpg","width":616,"height":463},{"@type":"BreadcrumbList","@id":"https:\/\/informelitoral.com.ar\/cuantos-dias-de-paro-definio-agmer\/#breadcrumb","itemListElement":[{"@type":"ListItem","position":1,"name":"Portada","item":"https:\/\/informelitoral.com.ar\/"},{"@type":"ListItem","position":2,"name":"Cu\u00e1ntos d\u00edas de paro defini\u00f3 Agmer"}]},{"@type":"WebSite","@id":"https:\/\/informelitoral.com.ar\/#website","url":"https:\/\/informelitoral.com.ar\/","name":"Informe Litoral","description":"&quot;Nos informamos&quot; ","publisher":{"@id":"https:\/\/informelitoral.com.ar\/#organization"},"potentialAction":[{"@type":"SearchAction","target":{"@type":"EntryPoint","urlTemplate":"https:\/\/informelitoral.com.ar\/?s={search_term_string}"},"query-input":{"@type":"PropertyValueSpecification","valueRequired":true,"valueName":"search_term_string"}}],"inLanguage":"es"},{"@type":"Organization","@id":"https:\/\/informelitoral.com.ar\/#organization","name":"Informe Litoral","url":"https:\/\/informelitoral.com.ar\/","logo":{"@type":"ImageObject","inLanguage":"es","@id":"https:\/\/informelitoral.com.ar\/#\/schema\/logo\/image\/","url":"https:\/\/informelitoral.com.ar\/%77%70%2d%63%6f%6e%74%65%6e%74\/uploads\/2021\/01\/circulo.png","contentUrl":"https:\/\/informelitoral.com.ar\/%77%70%2d%63%6f%6e%74%65%6e%74\/uploads\/2021\/01\/circulo.png","width":723,"height":731,"caption":"Informe Litoral"},"image":{"@id":"https:\/\/informelitoral.com.ar\/#\/schema\/logo\/image\/"},"sameAs":["https:\/\/www.facebook.com\/informelitoral\/","https:\/\/x.com\/InformeLitoral","https:\/\/www.instagram.com\/informelitoral\/","https:\/\/www.youtube.com\/channel\/UCua4Qvz8Icb6MYqhoq9xLXw"]},{"@type":"Person","@id":"https:\/\/informelitoral.com.ar\/#\/schema\/person\/f05f9f461677119578717524b127d6d5","name":"Sebastian","image":{"@type":"ImageObject","inLanguage":"es","@id":"https:\/\/secure.gravatar.com\/avatar\/b71bf7481d447dfb9583c7f2798e7cc64de6efb9067b74633ed8c31059a3bd82?s=96&d=mm&r=g","url":"https:\/\/secure.gravatar.com\/avatar\/b71bf7481d447dfb9583c7f2798e7cc64de6efb9067b74633ed8c31059a3bd82?s=96&d=mm&r=g","contentUrl":"https:\/\/secure.gravatar.com\/avatar\/b71bf7481d447dfb9583c7f2798e7cc64de6efb9067b74633ed8c31059a3bd82?s=96&d=mm&r=g","caption":"Sebastian"},"url":"https:\/\/informelitoral.com.ar\/author\/sebastian\/"}]}},"_links":{"self":[{"href":"https:\/\/informelitoral.com.ar\/%77%70%2d%6a%73%6f%6e\/wp\/v2\/posts\/195619","targetHints":{"allow":["GET"]}}],"collection":[{"href":"https:\/\/informelitoral.com.ar\/%77%70%2d%6a%73%6f%6e\/wp\/v2\/posts"}],"about":[{"href":"https:\/\/informelitoral.com.ar\/%77%70%2d%6a%73%6f%6e\/wp\/v2\/types\/post"}],"author":[{"embeddable":true,"href":"https:\/\/informelitoral.com.ar\/%77%70%2d%6a%73%6f%6e\/wp\/v2\/users\/8"}],"replies":[{"embeddable":true,"href":"https:\/\/informelitoral.com.ar\/%77%70%2d%6a%73%6f%6e\/wp\/v2\/comments?post=195619"}],"version-history":[{"count":0,"href":"https:\/\/informelitoral.com.ar\/%77%70%2d%6a%73%6f%6e\/wp\/v2\/posts\/195619\/revisions"}],"wp:featuredmedia":[{"embeddable":true,"href":"https:\/\/informelitoral.com.ar\/%77%70%2d%6a%73%6f%6e\/wp\/v2\/media\/74130"}],"wp:attachment":[{"href":"https:\/\/informelitoral.com.ar\/%77%70%2d%6a%73%6f%6e\/wp\/v2\/media?parent=195619"}],"wp:term":[{"taxonomy":"category","embeddable":true,"href":"https:\/\/informelitoral.com.ar\/%77%70%2d%6a%73%6f%6e\/wp\/v2\/categories?post=195619"},{"taxonomy":"post_tag","embeddable":true,"href":"https:\/\/informelitoral.com.ar\/%77%70%2d%6a%73%6f%6e\/wp\/v2\/tags?post=195619"}],"curies":[{"name":"wp","href":"https:\/\/api.w.org\/{rel}","templated":true}]}}