{"id":195610,"date":"2024-08-22T09:09:43","date_gmt":"2024-08-22T12:09:43","guid":{"rendered":"https:\/\/www.informelitoral.com.ar\/?p=195610"},"modified":"2024-08-22T14:38:36","modified_gmt":"2024-08-22T17:38:36","slug":"como-sera-el-agro-del-futuro","status":"publish","type":"post","link":"https:\/\/informelitoral.com.ar\/como-sera-el-agro-del-futuro\/","title":{"rendered":"C\u00f3mo ser\u00e1 el agro del futuro"},"content":{"rendered":"<p>Desde hace una d\u00e9cada, la adopci\u00f3n de equipos de agricultura de precisi\u00f3n registra un continuo crecimiento en el agro de la Argentina que se debe a la amplia oferta de empresas con desarrollos e innovaciones nacionales y otras en representaci\u00f3n de firmas multinacionales. En el marco del 20.\u00ba Congreso Internacional de Agricultura de Precisi\u00f3n -que se realizar\u00e1 el 21 y 22 de agosto en\u00a0INTA Manfredi, C\u00f3rdoba- se presentar\u00e1 el an\u00e1lisis de evoluci\u00f3n de la agricultura de precisi\u00f3n y la adopci\u00f3n e incorporaci\u00f3n de tecnolog\u00eda a escala nacional en el proceso productivo.<\/p>\n<p>De acuerdo con Fernando Scaramuzza \u2013especialista en agricultura de precisi\u00f3n del INTA Manfredi, C\u00f3rdoba\u2013, \u201cen la Argentina, las tecnolog\u00edas tienen alta relevancia en la producci\u00f3n agropecuaria nacional y la adopci\u00f3n de nuevas herramientas es un factor creciente\u201d. Para el investigador, la revoluci\u00f3n digital de los \u00faltimos tiempos est\u00e1 modificando todas las actividades, incluido el sector agropecuario.<\/p>\n<p>\u201cEn los \u00faltimos a\u00f1os, la influencia y expansi\u00f3n de las tecnolog\u00edas en el \u00e1mbito agr\u00edcola han sido notables, con un crecimiento tanto en su amplitud como en su profundidad. El desarrollo de la conectividad a internet, junto con el avance del internet de las cosas (IoT), an\u00e1lisis avanzados, dispositivos accesibles y aplicaciones novedosas, est\u00e1n estableciendo las bases de la innovaci\u00f3n en el agro\u201d, puntualiz\u00f3.<\/p>\n<p>\u201cHay una fuerte tecnificaci\u00f3n del campo argentino que se proyecta como un sistema mucho m\u00e1s eficiente que lo observado a\u00f1os atr\u00e1s y como una fuente importante de generaci\u00f3n de datos\u201d, reconoci\u00f3 Scaramuzza. En este sentido, puntualiz\u00f3 que hay un marcado incremento sobre algunos componentes en particular directamente relacionados con la generaci\u00f3n y procesamiento de los datos, la eficiencia y efectividad en las aplicaciones, as\u00ed como la trazabilidad y la certificaci\u00f3n de la producci\u00f3n agropecuaria.<\/p>\n<p>Entre los principales rubros tecnol\u00f3gicos que han crecido sostenidamente en los \u00faltimos 10 a\u00f1os, el especialista destac\u00f3 la gu\u00eda autom\u00e1tica, la precisi\u00f3n en la siembra, el monitoreo de rendimiento, los sensores para aplicaci\u00f3n selectiva en el control de malezas y la telemetr\u00eda en las labores de la maquinaria. \u201cHay una fuerte tendencias en tecnificaci\u00f3n de la maquinaria, el automatismo, la rob\u00f3tica y la inteligencia artificial, como as\u00ed tambi\u00e9n una marcada necesidad de tener un personal comprometido y capacitado para sacar m\u00e1ximo provecho a los desarrollos actuales y futuros\u201d y en ello venimos trabajando, indic\u00f3.<\/p>\n<p>\u201cLa adopci\u00f3n de tecnolog\u00edas de precisi\u00f3n en la agricultura argentina est\u00e1 transformando significativamente el sector, mejorando la eficiencia, productividad y sostenibilidad de la producci\u00f3n agr\u00edcola\u201d, se\u00f1al\u00f3. A su vez, Scaramuzza reconoci\u00f3 que \u201cen la zona n\u00facleo, el ma\u00edz, el trigo y la soja son los cultivos que mayor agricultura de precisi\u00f3n incorporan, con evidencias en las mejoras productivas que rondan entre el 5 y el 10 % con el actual paquete tecnol\u00f3gico\u201d.<\/p>\n<h2><b>La innovaci\u00f3n, en expansi\u00f3n<\/b><\/h2>\n<p>Por su parte, Diego Villarroel -especialista en agricultura de precisi\u00f3n del INTA Manfredi, C\u00f3rdoba\u2013, coment\u00f3 que, en los \u00faltimos tiempos, se viene registrando una evoluci\u00f3n significativa en la incorporaci\u00f3n de nuevas tecnolog\u00edas en la maquinaria agr\u00edcola asociada a incrementar la eficiencia en el proceso productivo agr\u00edcola, como as\u00ed tambi\u00e9n ser m\u00e1s asertivos en la toma de decisiones basadas en datos. As\u00ed lo reconoci\u00f3 el equipo de especialistas del INTA que analiz\u00f3 las tendencias de incorporaci\u00f3n de tecnolog\u00eda a escala nacional.<\/p>\n<p>Seg\u00fan el an\u00e1lisis, las tecnolog\u00edas est\u00e1n directamente vinculadas al automatismo, la precisi\u00f3n y digitalizaci\u00f3n del agro, al tiempo que los agrocomponentes de precisi\u00f3n con los que hoy cuentan las maquinarias agr\u00edcolas son, en parte, responsables de la mayor eficiencia productiva que se observa en la producci\u00f3n agr\u00edcola.<\/p>\n<p>En referencia a los avances tecnol\u00f3gicos, observaron que el 95 % del parque de cosechadoras cuentan con monitores de rendimiento, una herramienta fundamental que permite el registro datos sin costo extra, con el fin de identificar ambientes o zonas de manejo diferencial a nivel de lote.<\/p>\n<p>\u201cEn el caso de las sembradoras, se observa una fuerte tendencia a incorporar motores el\u00e9ctricos en la dosificaci\u00f3n de semillas y\/o fertilizantes, lo cual permite tener mayor control sobre la uniformidad de la distribuci\u00f3n espacial de las semillas y a trav\u00e9s de la incorporaci\u00f3n de sistemas de control de carga en los cuerpos de siembra, tener control en la uniformidad de emergencia\u201d, detall\u00f3 Villarroel.<\/p>\n<p>En el rubro de las m\u00e1quinas pulverizadoras, sigue en constante crecimiento la incorporaci\u00f3n de sensores para aplicaci\u00f3n selectiva en el control de malezas. Ya es una tecnolog\u00eda incorporada en el NOA y el NEA, pero en los \u00faltimos a\u00f1os con fuerte incremento en la regi\u00f3n pampeana. \u201cEs una tecnolog\u00eda importada y adaptada a las herramientas de agricultura de precisi\u00f3n en la maquinaria agr\u00edcola, pero que actualmente ya se observan desarrollos nacionales que se brindan como una alternativa competitiva\u201d, explic\u00f3 Villarroel.<\/p>\n<p>A su vez, el especialista consider\u00f3 \u201cimportante\u201d destacar que, junto al crecimiento de la incorporaci\u00f3n de drones aplicadores, estas herramientas est\u00e1n marcando una alta eficiencia en el control de malezas, en el ahorro significativo de insumos y costos de producci\u00f3n, pero principalmente en el bajo impacto ambiental ocasionado debido a la reducci\u00f3n de los vol\u00famenes y superficies de aplicaci\u00f3n con fitosanitarios.<\/p>\n","protected":false},"excerpt":{"rendered":"<p>En la \u00faltima d\u00e9cada se registr\u00f3 un fuerte incremento en la incorporaci\u00f3n de tecnolog\u00edas relacionados con la generaci\u00f3n y procesamiento de datos, la eficiencia y efectividad en las aplicaciones, as\u00ed como la trazabilidad y la certificaci\u00f3n de las actividades en el agro.<\/p>\n","protected":false},"author":8,"featured_media":195611,"comment_status":"open","ping_status":"open","sticky":false,"template":"","format":"standard","meta":{"fifu_image_url":"","fifu_image_alt":"","footnotes":""},"categories":[10],"tags":[1966,129],"class_list":{"0":"post-195610","1":"post","2":"type-post","3":"status-publish","4":"format-standard","5":"has-post-thumbnail","7":"category-campo","8":"tag-agro","9":"tag-tecnologia"},"yoast_head":"<title>C\u00f3mo ser\u00e1 el agro del futuro - Informe Litoral<\/title>\n<meta name=\"robots\" content=\"index, follow, max-snippet:-1, max-image-preview:large, max-video-preview:-1\" \/>\n<link rel=\"canonical\" href=\"https:\/\/informelitoral.com.ar\/como-sera-el-agro-del-futuro\/\" \/>\n<meta property=\"og:locale\" content=\"es_ES\" \/>\n<meta property=\"og:type\" content=\"article\" \/>\n<meta property=\"og:title\" content=\"C\u00f3mo ser\u00e1 el agro del futuro - Informe Litoral\" \/>\n<meta property=\"og:description\" content=\"En la \u00faltima d\u00e9cada se registr\u00f3 un fuerte incremento en la incorporaci\u00f3n de tecnolog\u00edas relacionados con la generaci\u00f3n y procesamiento de datos, la eficiencia y efectividad en las aplicaciones, as\u00ed como la trazabilidad y la certificaci\u00f3n de las actividades en el agro.\" \/>\n<meta property=\"og:url\" content=\"https:\/\/informelitoral.com.ar\/como-sera-el-agro-del-futuro\/\" \/>\n<meta property=\"og:site_name\" content=\"Informe Litoral\" \/>\n<meta property=\"article:publisher\" content=\"https:\/\/www.facebook.com\/informelitoral\/\" \/>\n<meta property=\"article:published_time\" content=\"2024-08-22T12:09:43+00:00\" \/>\n<meta property=\"article:modified_time\" content=\"2024-08-22T17:38:36+00:00\" \/>\n<meta property=\"og:image\" content=\"https:\/\/informelitoral.com.ar\/%77%70%2d%63%6f%6e%74%65%6e%74\/uploads\/2024\/08\/agronomo1.jpeg\" \/>\n\t<meta property=\"og:image:width\" content=\"1500\" \/>\n\t<meta property=\"og:image:height\" content=\"1001\" \/>\n\t<meta property=\"og:image:type\" content=\"image\/jpeg\" \/>\n<meta name=\"author\" content=\"Sebastian\" \/>\n<meta name=\"twitter:card\" content=\"summary_large_image\" \/>\n<meta name=\"twitter:creator\" content=\"@InformeLitoral\" \/>\n<meta name=\"twitter:site\" content=\"@InformeLitoral\" \/>\n<meta name=\"twitter:label1\" content=\"Escrito por\" \/>\n\t<meta name=\"twitter:data1\" content=\"Sebastian\" \/>\n\t<meta name=\"twitter:label2\" content=\"Tiempo de lectura\" \/>\n\t<meta name=\"twitter:data2\" content=\"5 minutos\" \/>\n<script type=\"application\/ld+json\" class=\"yoast-schema-graph\">{\"@context\":\"https:\\\/\\\/schema.org\",\"@graph\":[{\"@type\":\"Article\",\"@id\":\"https:\\\/\\\/informelitoral.com.ar\\\/como-sera-el-agro-del-futuro\\\/#article\",\"isPartOf\":{\"@id\":\"https:\\\/\\\/informelitoral.com.ar\\\/como-sera-el-agro-del-futuro\\\/\"},\"author\":{\"name\":\"Sebastian\",\"@id\":\"https:\\\/\\\/informelitoral.com.ar\\\/#\\\/schema\\\/person\\\/f05f9f461677119578717524b127d6d5\"},\"headline\":\"C\u00f3mo ser\u00e1 el agro del futuro\",\"datePublished\":\"2024-08-22T12:09:43+00:00\",\"dateModified\":\"2024-08-22T17:38:36+00:00\",\"mainEntityOfPage\":{\"@id\":\"https:\\\/\\\/informelitoral.com.ar\\\/como-sera-el-agro-del-futuro\\\/\"},\"wordCount\":931,\"commentCount\":0,\"publisher\":{\"@id\":\"https:\\\/\\\/informelitoral.com.ar\\\/#organization\"},\"image\":{\"@id\":\"https:\\\/\\\/informelitoral.com.ar\\\/como-sera-el-agro-del-futuro\\\/#primaryimage\"},\"thumbnailUrl\":\"https:\\\/\\\/informelitoral.com.ar\\\/%77%70%2d%63%6f%6e%74%65%6e%74\\\/uploads\\\/2024\\\/08\\\/agronomo1.jpeg\",\"keywords\":[\"Agro\",\"Tecnolog\u00eda\"],\"articleSection\":[\"Campo\"],\"inLanguage\":\"es\",\"potentialAction\":[{\"@type\":\"CommentAction\",\"name\":\"Comment\",\"target\":[\"https:\\\/\\\/informelitoral.com.ar\\\/como-sera-el-agro-del-futuro\\\/#respond\"]}]},{\"@type\":\"WebPage\",\"@id\":\"https:\\\/\\\/informelitoral.com.ar\\\/como-sera-el-agro-del-futuro\\\/\",\"url\":\"https:\\\/\\\/informelitoral.com.ar\\\/como-sera-el-agro-del-futuro\\\/\",\"name\":\"C\u00f3mo ser\u00e1 el agro del futuro - Informe Litoral\",\"isPartOf\":{\"@id\":\"https:\\\/\\\/informelitoral.com.ar\\\/#website\"},\"primaryImageOfPage\":{\"@id\":\"https:\\\/\\\/informelitoral.com.ar\\\/como-sera-el-agro-del-futuro\\\/#primaryimage\"},\"image\":{\"@id\":\"https:\\\/\\\/informelitoral.com.ar\\\/como-sera-el-agro-del-futuro\\\/#primaryimage\"},\"thumbnailUrl\":\"https:\\\/\\\/informelitoral.com.ar\\\/%77%70%2d%63%6f%6e%74%65%6e%74\\\/uploads\\\/2024\\\/08\\\/agronomo1.jpeg\",\"datePublished\":\"2024-08-22T12:09:43+00:00\",\"dateModified\":\"2024-08-22T17:38:36+00:00\",\"breadcrumb\":{\"@id\":\"https:\\\/\\\/informelitoral.com.ar\\\/como-sera-el-agro-del-futuro\\\/#breadcrumb\"},\"inLanguage\":\"es\",\"potentialAction\":[{\"@type\":\"ReadAction\",\"target\":[\"https:\\\/\\\/informelitoral.com.ar\\\/como-sera-el-agro-del-futuro\\\/\"]}]},{\"@type\":\"ImageObject\",\"inLanguage\":\"es\",\"@id\":\"https:\\\/\\\/informelitoral.com.ar\\\/como-sera-el-agro-del-futuro\\\/#primaryimage\",\"url\":\"https:\\\/\\\/informelitoral.com.ar\\\/%77%70%2d%63%6f%6e%74%65%6e%74\\\/uploads\\\/2024\\\/08\\\/agronomo1.jpeg\",\"contentUrl\":\"https:\\\/\\\/informelitoral.com.ar\\\/%77%70%2d%63%6f%6e%74%65%6e%74\\\/uploads\\\/2024\\\/08\\\/agronomo1.jpeg\",\"width\":1500,\"height\":1001},{\"@type\":\"BreadcrumbList\",\"@id\":\"https:\\\/\\\/informelitoral.com.ar\\\/como-sera-el-agro-del-futuro\\\/#breadcrumb\",\"itemListElement\":[{\"@type\":\"ListItem\",\"position\":1,\"name\":\"Portada\",\"item\":\"https:\\\/\\\/informelitoral.com.ar\\\/\"},{\"@type\":\"ListItem\",\"position\":2,\"name\":\"C\u00f3mo ser\u00e1 el agro del futuro\"}]},{\"@type\":\"WebSite\",\"@id\":\"https:\\\/\\\/informelitoral.com.ar\\\/#website\",\"url\":\"https:\\\/\\\/informelitoral.com.ar\\\/\",\"name\":\"Informe Litoral\",\"description\":\"&quot;Nos informamos&quot; \",\"publisher\":{\"@id\":\"https:\\\/\\\/informelitoral.com.ar\\\/#organization\"},\"potentialAction\":[{\"@type\":\"SearchAction\",\"target\":{\"@type\":\"EntryPoint\",\"urlTemplate\":\"https:\\\/\\\/informelitoral.com.ar\\\/?s={search_term_string}\"},\"query-input\":{\"@type\":\"PropertyValueSpecification\",\"valueRequired\":true,\"valueName\":\"search_term_string\"}}],\"inLanguage\":\"es\"},{\"@type\":\"Organization\",\"@id\":\"https:\\\/\\\/informelitoral.com.ar\\\/#organization\",\"name\":\"Informe Litoral\",\"url\":\"https:\\\/\\\/informelitoral.com.ar\\\/\",\"logo\":{\"@type\":\"ImageObject\",\"inLanguage\":\"es\",\"@id\":\"https:\\\/\\\/informelitoral.com.ar\\\/#\\\/schema\\\/logo\\\/image\\\/\",\"url\":\"https:\\\/\\\/informelitoral.com.ar\\\/%77%70%2d%63%6f%6e%74%65%6e%74\\\/uploads\\\/2021\\\/01\\\/circulo.png\",\"contentUrl\":\"https:\\\/\\\/informelitoral.com.ar\\\/%77%70%2d%63%6f%6e%74%65%6e%74\\\/uploads\\\/2021\\\/01\\\/circulo.png\",\"width\":723,\"height\":731,\"caption\":\"Informe Litoral\"},\"image\":{\"@id\":\"https:\\\/\\\/informelitoral.com.ar\\\/#\\\/schema\\\/logo\\\/image\\\/\"},\"sameAs\":[\"https:\\\/\\\/www.facebook.com\\\/informelitoral\\\/\",\"https:\\\/\\\/x.com\\\/InformeLitoral\",\"https:\\\/\\\/www.instagram.com\\\/informelitoral\\\/\",\"https:\\\/\\\/www.youtube.com\\\/channel\\\/UCua4Qvz8Icb6MYqhoq9xLXw\"]},{\"@type\":\"Person\",\"@id\":\"https:\\\/\\\/informelitoral.com.ar\\\/#\\\/schema\\\/person\\\/f05f9f461677119578717524b127d6d5\",\"name\":\"Sebastian\",\"image\":{\"@type\":\"ImageObject\",\"inLanguage\":\"es\",\"@id\":\"https:\\\/\\\/secure.gravatar.com\\\/avatar\\\/b71bf7481d447dfb9583c7f2798e7cc64de6efb9067b74633ed8c31059a3bd82?s=96&d=mm&r=g\",\"url\":\"https:\\\/\\\/secure.gravatar.com\\\/avatar\\\/b71bf7481d447dfb9583c7f2798e7cc64de6efb9067b74633ed8c31059a3bd82?s=96&d=mm&r=g\",\"contentUrl\":\"https:\\\/\\\/secure.gravatar.com\\\/avatar\\\/b71bf7481d447dfb9583c7f2798e7cc64de6efb9067b74633ed8c31059a3bd82?s=96&d=mm&r=g\",\"caption\":\"Sebastian\"},\"url\":\"https:\\\/\\\/informelitoral.com.ar\\\/author\\\/sebastian\\\/\"}]}<\/script>","yoast_head_json":{"title":"C\u00f3mo ser\u00e1 el agro del futuro - Informe Litoral","robots":{"index":"index","follow":"follow","max-snippet":"max-snippet:-1","max-image-preview":"max-image-preview:large","max-video-preview":"max-video-preview:-1"},"canonical":"https:\/\/informelitoral.com.ar\/como-sera-el-agro-del-futuro\/","og_locale":"es_ES","og_type":"article","og_title":"C\u00f3mo ser\u00e1 el agro del futuro - Informe Litoral","og_description":"En la \u00faltima d\u00e9cada se registr\u00f3 un fuerte incremento en la incorporaci\u00f3n de tecnolog\u00edas relacionados con la generaci\u00f3n y procesamiento de datos, la eficiencia y efectividad en las aplicaciones, as\u00ed como la trazabilidad y la certificaci\u00f3n de las actividades en el agro.","og_url":"https:\/\/informelitoral.com.ar\/como-sera-el-agro-del-futuro\/","og_site_name":"Informe Litoral","article_publisher":"https:\/\/www.facebook.com\/informelitoral\/","article_published_time":"2024-08-22T12:09:43+00:00","article_modified_time":"2024-08-22T17:38:36+00:00","og_image":[{"width":1500,"height":1001,"url":"https:\/\/informelitoral.com.ar\/%77%70%2d%63%6f%6e%74%65%6e%74\/uploads\/2024\/08\/agronomo1.jpeg","type":"image\/jpeg"}],"author":"Sebastian","twitter_card":"summary_large_image","twitter_creator":"@InformeLitoral","twitter_site":"@InformeLitoral","twitter_misc":{"Escrito por":"Sebastian","Tiempo de lectura":"5 minutos"},"schema":{"@context":"https:\/\/schema.org","@graph":[{"@type":"Article","@id":"https:\/\/informelitoral.com.ar\/como-sera-el-agro-del-futuro\/#article","isPartOf":{"@id":"https:\/\/informelitoral.com.ar\/como-sera-el-agro-del-futuro\/"},"author":{"name":"Sebastian","@id":"https:\/\/informelitoral.com.ar\/#\/schema\/person\/f05f9f461677119578717524b127d6d5"},"headline":"C\u00f3mo ser\u00e1 el agro del futuro","datePublished":"2024-08-22T12:09:43+00:00","dateModified":"2024-08-22T17:38:36+00:00","mainEntityOfPage":{"@id":"https:\/\/informelitoral.com.ar\/como-sera-el-agro-del-futuro\/"},"wordCount":931,"commentCount":0,"publisher":{"@id":"https:\/\/informelitoral.com.ar\/#organization"},"image":{"@id":"https:\/\/informelitoral.com.ar\/como-sera-el-agro-del-futuro\/#primaryimage"},"thumbnailUrl":"https:\/\/informelitoral.com.ar\/%77%70%2d%63%6f%6e%74%65%6e%74\/uploads\/2024\/08\/agronomo1.jpeg","keywords":["Agro","Tecnolog\u00eda"],"articleSection":["Campo"],"inLanguage":"es","potentialAction":[{"@type":"CommentAction","name":"Comment","target":["https:\/\/informelitoral.com.ar\/como-sera-el-agro-del-futuro\/#respond"]}]},{"@type":"WebPage","@id":"https:\/\/informelitoral.com.ar\/como-sera-el-agro-del-futuro\/","url":"https:\/\/informelitoral.com.ar\/como-sera-el-agro-del-futuro\/","name":"C\u00f3mo ser\u00e1 el agro del futuro - Informe Litoral","isPartOf":{"@id":"https:\/\/informelitoral.com.ar\/#website"},"primaryImageOfPage":{"@id":"https:\/\/informelitoral.com.ar\/como-sera-el-agro-del-futuro\/#primaryimage"},"image":{"@id":"https:\/\/informelitoral.com.ar\/como-sera-el-agro-del-futuro\/#primaryimage"},"thumbnailUrl":"https:\/\/informelitoral.com.ar\/%77%70%2d%63%6f%6e%74%65%6e%74\/uploads\/2024\/08\/agronomo1.jpeg","datePublished":"2024-08-22T12:09:43+00:00","dateModified":"2024-08-22T17:38:36+00:00","breadcrumb":{"@id":"https:\/\/informelitoral.com.ar\/como-sera-el-agro-del-futuro\/#breadcrumb"},"inLanguage":"es","potentialAction":[{"@type":"ReadAction","target":["https:\/\/informelitoral.com.ar\/como-sera-el-agro-del-futuro\/"]}]},{"@type":"ImageObject","inLanguage":"es","@id":"https:\/\/informelitoral.com.ar\/como-sera-el-agro-del-futuro\/#primaryimage","url":"https:\/\/informelitoral.com.ar\/%77%70%2d%63%6f%6e%74%65%6e%74\/uploads\/2024\/08\/agronomo1.jpeg","contentUrl":"https:\/\/informelitoral.com.ar\/%77%70%2d%63%6f%6e%74%65%6e%74\/uploads\/2024\/08\/agronomo1.jpeg","width":1500,"height":1001},{"@type":"BreadcrumbList","@id":"https:\/\/informelitoral.com.ar\/como-sera-el-agro-del-futuro\/#breadcrumb","itemListElement":[{"@type":"ListItem","position":1,"name":"Portada","item":"https:\/\/informelitoral.com.ar\/"},{"@type":"ListItem","position":2,"name":"C\u00f3mo ser\u00e1 el agro del futuro"}]},{"@type":"WebSite","@id":"https:\/\/informelitoral.com.ar\/#website","url":"https:\/\/informelitoral.com.ar\/","name":"Informe Litoral","description":"&quot;Nos informamos&quot; ","publisher":{"@id":"https:\/\/informelitoral.com.ar\/#organization"},"potentialAction":[{"@type":"SearchAction","target":{"@type":"EntryPoint","urlTemplate":"https:\/\/informelitoral.com.ar\/?s={search_term_string}"},"query-input":{"@type":"PropertyValueSpecification","valueRequired":true,"valueName":"search_term_string"}}],"inLanguage":"es"},{"@type":"Organization","@id":"https:\/\/informelitoral.com.ar\/#organization","name":"Informe Litoral","url":"https:\/\/informelitoral.com.ar\/","logo":{"@type":"ImageObject","inLanguage":"es","@id":"https:\/\/informelitoral.com.ar\/#\/schema\/logo\/image\/","url":"https:\/\/informelitoral.com.ar\/%77%70%2d%63%6f%6e%74%65%6e%74\/uploads\/2021\/01\/circulo.png","contentUrl":"https:\/\/informelitoral.com.ar\/%77%70%2d%63%6f%6e%74%65%6e%74\/uploads\/2021\/01\/circulo.png","width":723,"height":731,"caption":"Informe Litoral"},"image":{"@id":"https:\/\/informelitoral.com.ar\/#\/schema\/logo\/image\/"},"sameAs":["https:\/\/www.facebook.com\/informelitoral\/","https:\/\/x.com\/InformeLitoral","https:\/\/www.instagram.com\/informelitoral\/","https:\/\/www.youtube.com\/channel\/UCua4Qvz8Icb6MYqhoq9xLXw"]},{"@type":"Person","@id":"https:\/\/informelitoral.com.ar\/#\/schema\/person\/f05f9f461677119578717524b127d6d5","name":"Sebastian","image":{"@type":"ImageObject","inLanguage":"es","@id":"https:\/\/secure.gravatar.com\/avatar\/b71bf7481d447dfb9583c7f2798e7cc64de6efb9067b74633ed8c31059a3bd82?s=96&d=mm&r=g","url":"https:\/\/secure.gravatar.com\/avatar\/b71bf7481d447dfb9583c7f2798e7cc64de6efb9067b74633ed8c31059a3bd82?s=96&d=mm&r=g","contentUrl":"https:\/\/secure.gravatar.com\/avatar\/b71bf7481d447dfb9583c7f2798e7cc64de6efb9067b74633ed8c31059a3bd82?s=96&d=mm&r=g","caption":"Sebastian"},"url":"https:\/\/informelitoral.com.ar\/author\/sebastian\/"}]}},"_links":{"self":[{"href":"https:\/\/informelitoral.com.ar\/%77%70%2d%6a%73%6f%6e\/wp\/v2\/posts\/195610","targetHints":{"allow":["GET"]}}],"collection":[{"href":"https:\/\/informelitoral.com.ar\/%77%70%2d%6a%73%6f%6e\/wp\/v2\/posts"}],"about":[{"href":"https:\/\/informelitoral.com.ar\/%77%70%2d%6a%73%6f%6e\/wp\/v2\/types\/post"}],"author":[{"embeddable":true,"href":"https:\/\/informelitoral.com.ar\/%77%70%2d%6a%73%6f%6e\/wp\/v2\/users\/8"}],"replies":[{"embeddable":true,"href":"https:\/\/informelitoral.com.ar\/%77%70%2d%6a%73%6f%6e\/wp\/v2\/comments?post=195610"}],"version-history":[{"count":0,"href":"https:\/\/informelitoral.com.ar\/%77%70%2d%6a%73%6f%6e\/wp\/v2\/posts\/195610\/revisions"}],"wp:featuredmedia":[{"embeddable":true,"href":"https:\/\/informelitoral.com.ar\/%77%70%2d%6a%73%6f%6e\/wp\/v2\/media\/195611"}],"wp:attachment":[{"href":"https:\/\/informelitoral.com.ar\/%77%70%2d%6a%73%6f%6e\/wp\/v2\/media?parent=195610"}],"wp:term":[{"taxonomy":"category","embeddable":true,"href":"https:\/\/informelitoral.com.ar\/%77%70%2d%6a%73%6f%6e\/wp\/v2\/categories?post=195610"},{"taxonomy":"post_tag","embeddable":true,"href":"https:\/\/informelitoral.com.ar\/%77%70%2d%6a%73%6f%6e\/wp\/v2\/tags?post=195610"}],"curies":[{"name":"wp","href":"https:\/\/api.w.org\/{rel}","templated":true}]}}