{"id":194914,"date":"2024-08-16T14:36:01","date_gmt":"2024-08-16T17:36:01","guid":{"rendered":"https:\/\/www.informelitoral.com.ar\/?p=194914"},"modified":"2024-08-16T21:24:41","modified_gmt":"2024-08-17T00:24:41","slug":"gustavo-hein-recibio-a-la-titular-de-la-asociacion-de-conexiones-internacionales-de-la-republica-popular-china-y-argentina","status":"publish","type":"post","link":"https:\/\/informelitoral.com.ar\/gustavo-hein-recibio-a-la-titular-de-la-asociacion-de-conexiones-internacionales-de-la-republica-popular-china-y-argentina\/","title":{"rendered":"Gustavo Hein recibi\u00f3 a la titular de la Asociaci\u00f3n de Conexiones Internacionales de la Rep\u00fablica Popular China y Argentina"},"content":{"rendered":"<section class=\"tv-container\">\n<article>\u201cEstuvimos hablando de las herramientas que tiene la Rep\u00fablica Popular de China, no s\u00f3lo para Entre R\u00edos sino para la Argentina. Sabemos que es el segundo destino de exportaciones del pa\u00eds: es un mercado crucial que tiene m\u00e1s de 1.300 millones de consumidores\u201d, expres\u00f3 la entrevistada. \u201cEntre R\u00edos tiene un capital como para poder exportar a China\u201d, agreg\u00f3.<\/p>\n<p>Por otro lado, Silva coment\u00f3: \u201cEstamos en un proceso de tratativas con el gobernador Rogelio Frigerio y su equipo, porque en Entre R\u00edos tenemos una comunidad muy fuerte de la Rep\u00fablica Popular de China, no solamente de supermercadistas sino tambi\u00e9n negocios de comedores, cafeter\u00edas e industrias en la provincia. Somos una comunidad muy grande; estamos hablando de 260 nada m\u00e1s de supermercados en Entre R\u00edos y son herramientas que tenemos que explotar\u201d.<\/p>\n<p>Al respecto, afirm\u00f3: \u201cHablar de herramientas es hablar de productos entrerrianos en g\u00f3ndolas de los supermercados asi\u00e1ticos y de exportaciones\u201d.<\/p>\n<p>\u201cVamos a largar un programa entre el Estado y la Asociaci\u00f3n de Conexiones Internacionales que es de pol\u00edticas de cuidados a los supermercadistas y buenas pr\u00e1cticas comerciales\u201d, agreg\u00f3.<\/p>\n<p>Durante el encuentro con Hein, tambi\u00e9n dialogaron acerca de la actualidad de los supermercados asi\u00e1ticos, las dificultades por las que atraviesan ante la ca\u00edda del consumo y la necesidad de financiamiento para el sector.<\/p>\n<\/article>\n<article class=\"new\">\n<h2><strong>Escuch\u00e1 la entrevista completa:<\/strong><\/h2>\n<p><iframe loading=\"lazy\" src=\"https:\/\/open.spotify.com\/embed\/episode\/5CtJCcmv3mjEZueeGZ3v0h?utm_source=generator\" width=\"100%\" height=\"352\" frameborder=\"0\" data-mce-fragment=\"1\"><\/iframe><\/p>\n<\/article>\n<\/section>\n<aside class=\"radio\"><\/aside>\n<p>&nbsp;<\/p>\n","protected":false},"excerpt":{"rendered":"<p>Mar\u00eda Candela Silva, titular de la Asociaci\u00f3n de Conexiones Internacionales de la Rep\u00fablica Popular China y Argentina, expuso cu\u00e1les fueron los temas tratados con el presidente de la C\u00e1mara de Diputados, Gustavo Hein, en una reuni\u00f3n que mantuvieron este jueves en Paran\u00e1.<\/p>\n","protected":false},"author":8,"featured_media":194915,"comment_status":"open","ping_status":"open","sticky":false,"template":"","format":"standard","meta":{"fifu_image_url":"","fifu_image_alt":"","footnotes":""},"categories":[16],"tags":[5062,196,1589,287],"class_list":{"0":"post-194914","1":"post","2":"type-post","3":"status-publish","4":"format-standard","5":"has-post-thumbnail","7":"category-politi","8":"tag-asociacion-de-conexiones-internacionales-de-la-republica-popular-china-y-argentina","9":"tag-diputados","10":"tag-gustavo-hein","11":"tag-legislativas"},"yoast_head":"<title>Gustavo Hein recibi\u00f3 a la titular de la Asociaci\u00f3n de Conexiones Internacionales de la Rep\u00fablica Popular China y Argentina - Informe Litoral<\/title>\n<meta name=\"robots\" content=\"index, follow, max-snippet:-1, max-image-preview:large, max-video-preview:-1\" \/>\n<link rel=\"canonical\" href=\"https:\/\/informelitoral.com.ar\/gustavo-hein-recibio-a-la-titular-de-la-asociacion-de-conexiones-internacionales-de-la-republica-popular-china-y-argentina\/\" \/>\n<meta property=\"og:locale\" content=\"es_ES\" \/>\n<meta property=\"og:type\" content=\"article\" \/>\n<meta property=\"og:title\" content=\"Gustavo Hein recibi\u00f3 a la titular de la Asociaci\u00f3n de Conexiones Internacionales de la Rep\u00fablica Popular China y Argentina - Informe Litoral\" \/>\n<meta property=\"og:description\" content=\"Mar\u00eda Candela Silva, titular de la Asociaci\u00f3n de Conexiones Internacionales de la Rep\u00fablica Popular China y Argentina, expuso cu\u00e1les fueron los temas tratados con el presidente de la C\u00e1mara de Diputados, Gustavo Hein, en una reuni\u00f3n que mantuvieron este jueves en Paran\u00e1.\" \/>\n<meta property=\"og:url\" content=\"https:\/\/informelitoral.com.ar\/gustavo-hein-recibio-a-la-titular-de-la-asociacion-de-conexiones-internacionales-de-la-republica-popular-china-y-argentina\/\" \/>\n<meta property=\"og:site_name\" content=\"Informe Litoral\" \/>\n<meta property=\"article:publisher\" content=\"https:\/\/www.facebook.com\/informelitoral\/\" \/>\n<meta property=\"article:published_time\" content=\"2024-08-16T17:36:01+00:00\" \/>\n<meta property=\"article:modified_time\" content=\"2024-08-17T00:24:41+00:00\" \/>\n<meta property=\"og:image\" content=\"https:\/\/informelitoral.com.ar\/%77%70%2d%63%6f%6e%74%65%6e%74\/uploads\/2024\/08\/candela-china.jpg\" \/>\n\t<meta property=\"og:image:width\" content=\"1600\" \/>\n\t<meta property=\"og:image:height\" content=\"994\" \/>\n\t<meta property=\"og:image:type\" content=\"image\/jpeg\" \/>\n<meta name=\"author\" content=\"Sebastian\" \/>\n<meta name=\"twitter:card\" content=\"summary_large_image\" \/>\n<meta name=\"twitter:creator\" content=\"@InformeLitoral\" \/>\n<meta name=\"twitter:site\" content=\"@InformeLitoral\" \/>\n<meta name=\"twitter:label1\" content=\"Escrito por\" \/>\n\t<meta name=\"twitter:data1\" content=\"Sebastian\" \/>\n\t<meta name=\"twitter:label2\" content=\"Tiempo de lectura\" \/>\n\t<meta name=\"twitter:data2\" content=\"1 minuto\" \/>\n<script type=\"application\/ld+json\" class=\"yoast-schema-graph\">{\"@context\":\"https:\\\/\\\/schema.org\",\"@graph\":[{\"@type\":\"Article\",\"@id\":\"https:\\\/\\\/informelitoral.com.ar\\\/gustavo-hein-recibio-a-la-titular-de-la-asociacion-de-conexiones-internacionales-de-la-republica-popular-china-y-argentina\\\/#article\",\"isPartOf\":{\"@id\":\"https:\\\/\\\/informelitoral.com.ar\\\/gustavo-hein-recibio-a-la-titular-de-la-asociacion-de-conexiones-internacionales-de-la-republica-popular-china-y-argentina\\\/\"},\"author\":{\"name\":\"Sebastian\",\"@id\":\"https:\\\/\\\/informelitoral.com.ar\\\/#\\\/schema\\\/person\\\/f05f9f461677119578717524b127d6d5\"},\"headline\":\"Gustavo Hein recibi\u00f3 a la titular de la Asociaci\u00f3n de Conexiones Internacionales de la Rep\u00fablica Popular China y Argentina\",\"datePublished\":\"2024-08-16T17:36:01+00:00\",\"dateModified\":\"2024-08-17T00:24:41+00:00\",\"mainEntityOfPage\":{\"@id\":\"https:\\\/\\\/informelitoral.com.ar\\\/gustavo-hein-recibio-a-la-titular-de-la-asociacion-de-conexiones-internacionales-de-la-republica-popular-china-y-argentina\\\/\"},\"wordCount\":256,\"commentCount\":0,\"publisher\":{\"@id\":\"https:\\\/\\\/informelitoral.com.ar\\\/#organization\"},\"image\":{\"@id\":\"https:\\\/\\\/informelitoral.com.ar\\\/gustavo-hein-recibio-a-la-titular-de-la-asociacion-de-conexiones-internacionales-de-la-republica-popular-china-y-argentina\\\/#primaryimage\"},\"thumbnailUrl\":\"https:\\\/\\\/informelitoral.com.ar\\\/%77%70%2d%63%6f%6e%74%65%6e%74\\\/uploads\\\/2024\\\/08\\\/candela-china.jpg\",\"keywords\":[\"Asociaci\u00f3n de Conexiones Internacionales de la Rep\u00fablica Popular China y Argentina\",\"Diputados\",\"Gustavo Hein\",\"Legislativas\"],\"articleSection\":[\"Politica\"],\"inLanguage\":\"es\",\"potentialAction\":[{\"@type\":\"CommentAction\",\"name\":\"Comment\",\"target\":[\"https:\\\/\\\/informelitoral.com.ar\\\/gustavo-hein-recibio-a-la-titular-de-la-asociacion-de-conexiones-internacionales-de-la-republica-popular-china-y-argentina\\\/#respond\"]}]},{\"@type\":\"WebPage\",\"@id\":\"https:\\\/\\\/informelitoral.com.ar\\\/gustavo-hein-recibio-a-la-titular-de-la-asociacion-de-conexiones-internacionales-de-la-republica-popular-china-y-argentina\\\/\",\"url\":\"https:\\\/\\\/informelitoral.com.ar\\\/gustavo-hein-recibio-a-la-titular-de-la-asociacion-de-conexiones-internacionales-de-la-republica-popular-china-y-argentina\\\/\",\"name\":\"Gustavo Hein recibi\u00f3 a la titular de la Asociaci\u00f3n de Conexiones Internacionales de la Rep\u00fablica Popular China y Argentina - Informe Litoral\",\"isPartOf\":{\"@id\":\"https:\\\/\\\/informelitoral.com.ar\\\/#website\"},\"primaryImageOfPage\":{\"@id\":\"https:\\\/\\\/informelitoral.com.ar\\\/gustavo-hein-recibio-a-la-titular-de-la-asociacion-de-conexiones-internacionales-de-la-republica-popular-china-y-argentina\\\/#primaryimage\"},\"image\":{\"@id\":\"https:\\\/\\\/informelitoral.com.ar\\\/gustavo-hein-recibio-a-la-titular-de-la-asociacion-de-conexiones-internacionales-de-la-republica-popular-china-y-argentina\\\/#primaryimage\"},\"thumbnailUrl\":\"https:\\\/\\\/informelitoral.com.ar\\\/%77%70%2d%63%6f%6e%74%65%6e%74\\\/uploads\\\/2024\\\/08\\\/candela-china.jpg\",\"datePublished\":\"2024-08-16T17:36:01+00:00\",\"dateModified\":\"2024-08-17T00:24:41+00:00\",\"breadcrumb\":{\"@id\":\"https:\\\/\\\/informelitoral.com.ar\\\/gustavo-hein-recibio-a-la-titular-de-la-asociacion-de-conexiones-internacionales-de-la-republica-popular-china-y-argentina\\\/#breadcrumb\"},\"inLanguage\":\"es\",\"potentialAction\":[{\"@type\":\"ReadAction\",\"target\":[\"https:\\\/\\\/informelitoral.com.ar\\\/gustavo-hein-recibio-a-la-titular-de-la-asociacion-de-conexiones-internacionales-de-la-republica-popular-china-y-argentina\\\/\"]}]},{\"@type\":\"ImageObject\",\"inLanguage\":\"es\",\"@id\":\"https:\\\/\\\/informelitoral.com.ar\\\/gustavo-hein-recibio-a-la-titular-de-la-asociacion-de-conexiones-internacionales-de-la-republica-popular-china-y-argentina\\\/#primaryimage\",\"url\":\"https:\\\/\\\/informelitoral.com.ar\\\/%77%70%2d%63%6f%6e%74%65%6e%74\\\/uploads\\\/2024\\\/08\\\/candela-china.jpg\",\"contentUrl\":\"https:\\\/\\\/informelitoral.com.ar\\\/%77%70%2d%63%6f%6e%74%65%6e%74\\\/uploads\\\/2024\\\/08\\\/candela-china.jpg\",\"width\":1600,\"height\":994},{\"@type\":\"BreadcrumbList\",\"@id\":\"https:\\\/\\\/informelitoral.com.ar\\\/gustavo-hein-recibio-a-la-titular-de-la-asociacion-de-conexiones-internacionales-de-la-republica-popular-china-y-argentina\\\/#breadcrumb\",\"itemListElement\":[{\"@type\":\"ListItem\",\"position\":1,\"name\":\"Portada\",\"item\":\"https:\\\/\\\/informelitoral.com.ar\\\/\"},{\"@type\":\"ListItem\",\"position\":2,\"name\":\"Gustavo Hein recibi\u00f3 a la titular de la Asociaci\u00f3n de Conexiones Internacionales de la Rep\u00fablica Popular China y Argentina\"}]},{\"@type\":\"WebSite\",\"@id\":\"https:\\\/\\\/informelitoral.com.ar\\\/#website\",\"url\":\"https:\\\/\\\/informelitoral.com.ar\\\/\",\"name\":\"Informe Litoral\",\"description\":\"&quot;Nos informamos&quot; \",\"publisher\":{\"@id\":\"https:\\\/\\\/informelitoral.com.ar\\\/#organization\"},\"potentialAction\":[{\"@type\":\"SearchAction\",\"target\":{\"@type\":\"EntryPoint\",\"urlTemplate\":\"https:\\\/\\\/informelitoral.com.ar\\\/?s={search_term_string}\"},\"query-input\":{\"@type\":\"PropertyValueSpecification\",\"valueRequired\":true,\"valueName\":\"search_term_string\"}}],\"inLanguage\":\"es\"},{\"@type\":\"Organization\",\"@id\":\"https:\\\/\\\/informelitoral.com.ar\\\/#organization\",\"name\":\"Informe Litoral\",\"url\":\"https:\\\/\\\/informelitoral.com.ar\\\/\",\"logo\":{\"@type\":\"ImageObject\",\"inLanguage\":\"es\",\"@id\":\"https:\\\/\\\/informelitoral.com.ar\\\/#\\\/schema\\\/logo\\\/image\\\/\",\"url\":\"https:\\\/\\\/informelitoral.com.ar\\\/%77%70%2d%63%6f%6e%74%65%6e%74\\\/uploads\\\/2021\\\/01\\\/circulo.png\",\"contentUrl\":\"https:\\\/\\\/informelitoral.com.ar\\\/%77%70%2d%63%6f%6e%74%65%6e%74\\\/uploads\\\/2021\\\/01\\\/circulo.png\",\"width\":723,\"height\":731,\"caption\":\"Informe Litoral\"},\"image\":{\"@id\":\"https:\\\/\\\/informelitoral.com.ar\\\/#\\\/schema\\\/logo\\\/image\\\/\"},\"sameAs\":[\"https:\\\/\\\/www.facebook.com\\\/informelitoral\\\/\",\"https:\\\/\\\/x.com\\\/InformeLitoral\",\"https:\\\/\\\/www.instagram.com\\\/informelitoral\\\/\",\"https:\\\/\\\/www.youtube.com\\\/channel\\\/UCua4Qvz8Icb6MYqhoq9xLXw\"]},{\"@type\":\"Person\",\"@id\":\"https:\\\/\\\/informelitoral.com.ar\\\/#\\\/schema\\\/person\\\/f05f9f461677119578717524b127d6d5\",\"name\":\"Sebastian\",\"image\":{\"@type\":\"ImageObject\",\"inLanguage\":\"es\",\"@id\":\"https:\\\/\\\/secure.gravatar.com\\\/avatar\\\/b71bf7481d447dfb9583c7f2798e7cc64de6efb9067b74633ed8c31059a3bd82?s=96&d=mm&r=g\",\"url\":\"https:\\\/\\\/secure.gravatar.com\\\/avatar\\\/b71bf7481d447dfb9583c7f2798e7cc64de6efb9067b74633ed8c31059a3bd82?s=96&d=mm&r=g\",\"contentUrl\":\"https:\\\/\\\/secure.gravatar.com\\\/avatar\\\/b71bf7481d447dfb9583c7f2798e7cc64de6efb9067b74633ed8c31059a3bd82?s=96&d=mm&r=g\",\"caption\":\"Sebastian\"},\"url\":\"https:\\\/\\\/informelitoral.com.ar\\\/author\\\/sebastian\\\/\"}]}<\/script>","yoast_head_json":{"title":"Gustavo Hein recibi\u00f3 a la titular de la Asociaci\u00f3n de Conexiones Internacionales de la Rep\u00fablica Popular China y Argentina - Informe Litoral","robots":{"index":"index","follow":"follow","max-snippet":"max-snippet:-1","max-image-preview":"max-image-preview:large","max-video-preview":"max-video-preview:-1"},"canonical":"https:\/\/informelitoral.com.ar\/gustavo-hein-recibio-a-la-titular-de-la-asociacion-de-conexiones-internacionales-de-la-republica-popular-china-y-argentina\/","og_locale":"es_ES","og_type":"article","og_title":"Gustavo Hein recibi\u00f3 a la titular de la Asociaci\u00f3n de Conexiones Internacionales de la Rep\u00fablica Popular China y Argentina - Informe Litoral","og_description":"Mar\u00eda Candela Silva, titular de la Asociaci\u00f3n de Conexiones Internacionales de la Rep\u00fablica Popular China y Argentina, expuso cu\u00e1les fueron los temas tratados con el presidente de la C\u00e1mara de Diputados, Gustavo Hein, en una reuni\u00f3n que mantuvieron este jueves en Paran\u00e1.","og_url":"https:\/\/informelitoral.com.ar\/gustavo-hein-recibio-a-la-titular-de-la-asociacion-de-conexiones-internacionales-de-la-republica-popular-china-y-argentina\/","og_site_name":"Informe Litoral","article_publisher":"https:\/\/www.facebook.com\/informelitoral\/","article_published_time":"2024-08-16T17:36:01+00:00","article_modified_time":"2024-08-17T00:24:41+00:00","og_image":[{"width":1600,"height":994,"url":"https:\/\/informelitoral.com.ar\/%77%70%2d%63%6f%6e%74%65%6e%74\/uploads\/2024\/08\/candela-china.jpg","type":"image\/jpeg"}],"author":"Sebastian","twitter_card":"summary_large_image","twitter_creator":"@InformeLitoral","twitter_site":"@InformeLitoral","twitter_misc":{"Escrito por":"Sebastian","Tiempo de lectura":"1 minuto"},"schema":{"@context":"https:\/\/schema.org","@graph":[{"@type":"Article","@id":"https:\/\/informelitoral.com.ar\/gustavo-hein-recibio-a-la-titular-de-la-asociacion-de-conexiones-internacionales-de-la-republica-popular-china-y-argentina\/#article","isPartOf":{"@id":"https:\/\/informelitoral.com.ar\/gustavo-hein-recibio-a-la-titular-de-la-asociacion-de-conexiones-internacionales-de-la-republica-popular-china-y-argentina\/"},"author":{"name":"Sebastian","@id":"https:\/\/informelitoral.com.ar\/#\/schema\/person\/f05f9f461677119578717524b127d6d5"},"headline":"Gustavo Hein recibi\u00f3 a la titular de la Asociaci\u00f3n de Conexiones Internacionales de la Rep\u00fablica Popular China y Argentina","datePublished":"2024-08-16T17:36:01+00:00","dateModified":"2024-08-17T00:24:41+00:00","mainEntityOfPage":{"@id":"https:\/\/informelitoral.com.ar\/gustavo-hein-recibio-a-la-titular-de-la-asociacion-de-conexiones-internacionales-de-la-republica-popular-china-y-argentina\/"},"wordCount":256,"commentCount":0,"publisher":{"@id":"https:\/\/informelitoral.com.ar\/#organization"},"image":{"@id":"https:\/\/informelitoral.com.ar\/gustavo-hein-recibio-a-la-titular-de-la-asociacion-de-conexiones-internacionales-de-la-republica-popular-china-y-argentina\/#primaryimage"},"thumbnailUrl":"https:\/\/informelitoral.com.ar\/%77%70%2d%63%6f%6e%74%65%6e%74\/uploads\/2024\/08\/candela-china.jpg","keywords":["Asociaci\u00f3n de Conexiones Internacionales de la Rep\u00fablica Popular China y Argentina","Diputados","Gustavo Hein","Legislativas"],"articleSection":["Politica"],"inLanguage":"es","potentialAction":[{"@type":"CommentAction","name":"Comment","target":["https:\/\/informelitoral.com.ar\/gustavo-hein-recibio-a-la-titular-de-la-asociacion-de-conexiones-internacionales-de-la-republica-popular-china-y-argentina\/#respond"]}]},{"@type":"WebPage","@id":"https:\/\/informelitoral.com.ar\/gustavo-hein-recibio-a-la-titular-de-la-asociacion-de-conexiones-internacionales-de-la-republica-popular-china-y-argentina\/","url":"https:\/\/informelitoral.com.ar\/gustavo-hein-recibio-a-la-titular-de-la-asociacion-de-conexiones-internacionales-de-la-republica-popular-china-y-argentina\/","name":"Gustavo Hein recibi\u00f3 a la titular de la Asociaci\u00f3n de Conexiones Internacionales de la Rep\u00fablica Popular China y Argentina - Informe Litoral","isPartOf":{"@id":"https:\/\/informelitoral.com.ar\/#website"},"primaryImageOfPage":{"@id":"https:\/\/informelitoral.com.ar\/gustavo-hein-recibio-a-la-titular-de-la-asociacion-de-conexiones-internacionales-de-la-republica-popular-china-y-argentina\/#primaryimage"},"image":{"@id":"https:\/\/informelitoral.com.ar\/gustavo-hein-recibio-a-la-titular-de-la-asociacion-de-conexiones-internacionales-de-la-republica-popular-china-y-argentina\/#primaryimage"},"thumbnailUrl":"https:\/\/informelitoral.com.ar\/%77%70%2d%63%6f%6e%74%65%6e%74\/uploads\/2024\/08\/candela-china.jpg","datePublished":"2024-08-16T17:36:01+00:00","dateModified":"2024-08-17T00:24:41+00:00","breadcrumb":{"@id":"https:\/\/informelitoral.com.ar\/gustavo-hein-recibio-a-la-titular-de-la-asociacion-de-conexiones-internacionales-de-la-republica-popular-china-y-argentina\/#breadcrumb"},"inLanguage":"es","potentialAction":[{"@type":"ReadAction","target":["https:\/\/informelitoral.com.ar\/gustavo-hein-recibio-a-la-titular-de-la-asociacion-de-conexiones-internacionales-de-la-republica-popular-china-y-argentina\/"]}]},{"@type":"ImageObject","inLanguage":"es","@id":"https:\/\/informelitoral.com.ar\/gustavo-hein-recibio-a-la-titular-de-la-asociacion-de-conexiones-internacionales-de-la-republica-popular-china-y-argentina\/#primaryimage","url":"https:\/\/informelitoral.com.ar\/%77%70%2d%63%6f%6e%74%65%6e%74\/uploads\/2024\/08\/candela-china.jpg","contentUrl":"https:\/\/informelitoral.com.ar\/%77%70%2d%63%6f%6e%74%65%6e%74\/uploads\/2024\/08\/candela-china.jpg","width":1600,"height":994},{"@type":"BreadcrumbList","@id":"https:\/\/informelitoral.com.ar\/gustavo-hein-recibio-a-la-titular-de-la-asociacion-de-conexiones-internacionales-de-la-republica-popular-china-y-argentina\/#breadcrumb","itemListElement":[{"@type":"ListItem","position":1,"name":"Portada","item":"https:\/\/informelitoral.com.ar\/"},{"@type":"ListItem","position":2,"name":"Gustavo Hein recibi\u00f3 a la titular de la Asociaci\u00f3n de Conexiones Internacionales de la Rep\u00fablica Popular China y Argentina"}]},{"@type":"WebSite","@id":"https:\/\/informelitoral.com.ar\/#website","url":"https:\/\/informelitoral.com.ar\/","name":"Informe Litoral","description":"&quot;Nos informamos&quot; ","publisher":{"@id":"https:\/\/informelitoral.com.ar\/#organization"},"potentialAction":[{"@type":"SearchAction","target":{"@type":"EntryPoint","urlTemplate":"https:\/\/informelitoral.com.ar\/?s={search_term_string}"},"query-input":{"@type":"PropertyValueSpecification","valueRequired":true,"valueName":"search_term_string"}}],"inLanguage":"es"},{"@type":"Organization","@id":"https:\/\/informelitoral.com.ar\/#organization","name":"Informe Litoral","url":"https:\/\/informelitoral.com.ar\/","logo":{"@type":"ImageObject","inLanguage":"es","@id":"https:\/\/informelitoral.com.ar\/#\/schema\/logo\/image\/","url":"https:\/\/informelitoral.com.ar\/%77%70%2d%63%6f%6e%74%65%6e%74\/uploads\/2021\/01\/circulo.png","contentUrl":"https:\/\/informelitoral.com.ar\/%77%70%2d%63%6f%6e%74%65%6e%74\/uploads\/2021\/01\/circulo.png","width":723,"height":731,"caption":"Informe Litoral"},"image":{"@id":"https:\/\/informelitoral.com.ar\/#\/schema\/logo\/image\/"},"sameAs":["https:\/\/www.facebook.com\/informelitoral\/","https:\/\/x.com\/InformeLitoral","https:\/\/www.instagram.com\/informelitoral\/","https:\/\/www.youtube.com\/channel\/UCua4Qvz8Icb6MYqhoq9xLXw"]},{"@type":"Person","@id":"https:\/\/informelitoral.com.ar\/#\/schema\/person\/f05f9f461677119578717524b127d6d5","name":"Sebastian","image":{"@type":"ImageObject","inLanguage":"es","@id":"https:\/\/secure.gravatar.com\/avatar\/b71bf7481d447dfb9583c7f2798e7cc64de6efb9067b74633ed8c31059a3bd82?s=96&d=mm&r=g","url":"https:\/\/secure.gravatar.com\/avatar\/b71bf7481d447dfb9583c7f2798e7cc64de6efb9067b74633ed8c31059a3bd82?s=96&d=mm&r=g","contentUrl":"https:\/\/secure.gravatar.com\/avatar\/b71bf7481d447dfb9583c7f2798e7cc64de6efb9067b74633ed8c31059a3bd82?s=96&d=mm&r=g","caption":"Sebastian"},"url":"https:\/\/informelitoral.com.ar\/author\/sebastian\/"}]}},"_links":{"self":[{"href":"https:\/\/informelitoral.com.ar\/%77%70%2d%6a%73%6f%6e\/wp\/v2\/posts\/194914","targetHints":{"allow":["GET"]}}],"collection":[{"href":"https:\/\/informelitoral.com.ar\/%77%70%2d%6a%73%6f%6e\/wp\/v2\/posts"}],"about":[{"href":"https:\/\/informelitoral.com.ar\/%77%70%2d%6a%73%6f%6e\/wp\/v2\/types\/post"}],"author":[{"embeddable":true,"href":"https:\/\/informelitoral.com.ar\/%77%70%2d%6a%73%6f%6e\/wp\/v2\/users\/8"}],"replies":[{"embeddable":true,"href":"https:\/\/informelitoral.com.ar\/%77%70%2d%6a%73%6f%6e\/wp\/v2\/comments?post=194914"}],"version-history":[{"count":0,"href":"https:\/\/informelitoral.com.ar\/%77%70%2d%6a%73%6f%6e\/wp\/v2\/posts\/194914\/revisions"}],"wp:featuredmedia":[{"embeddable":true,"href":"https:\/\/informelitoral.com.ar\/%77%70%2d%6a%73%6f%6e\/wp\/v2\/media\/194915"}],"wp:attachment":[{"href":"https:\/\/informelitoral.com.ar\/%77%70%2d%6a%73%6f%6e\/wp\/v2\/media?parent=194914"}],"wp:term":[{"taxonomy":"category","embeddable":true,"href":"https:\/\/informelitoral.com.ar\/%77%70%2d%6a%73%6f%6e\/wp\/v2\/categories?post=194914"},{"taxonomy":"post_tag","embeddable":true,"href":"https:\/\/informelitoral.com.ar\/%77%70%2d%6a%73%6f%6e\/wp\/v2\/tags?post=194914"}],"curies":[{"name":"wp","href":"https:\/\/api.w.org\/{rel}","templated":true}]}}