{"id":1948,"date":"2013-05-27T12:28:00","date_gmt":"2013-05-27T15:28:00","guid":{"rendered":"http:\/\/www.isletasnoticias.com.ar\/?p=1948"},"modified":"2013-05-27T13:28:10","modified_gmt":"2013-05-27T16:28:10","slug":"ramirez-denuncian-actitudes-antidemocraticas-del-presidente-del-hcd","status":"publish","type":"post","link":"https:\/\/informelitoral.com.ar\/ramirez-denuncian-actitudes-antidemocraticas-del-presidente-del-hcd\/","title":{"rendered":"Ram\u00edrez: denuncian \u00abactitudes antidemocr\u00e1ticas\u00bb del presidente del HCD"},"content":{"rendered":"<p><strong> La \u00abAlianza Ramirense\u00bb, en un comunicado repudia supuestas \u00abactitudes antidemocr\u00e1ticas\u00bb por parte del presidente del Honorable Consejo Deliberante de esa ciudad <em>Jorge Poschke<\/em>. A ello se suma la denuncia de una concejal del FPV por la existencia d<strong>e presuntas \u00abamenazas\u00bb desde el propio ejecutivo municipal.<\/strong><\/strong><\/p>\n<p><img loading=\"lazy\" decoding=\"async\" class=\"size-medium wp-image-1951 alignright\" title=\"El presidente del HCD Jorge Poschke, junto al intendente Edelmiro Kramer\" alt=\"poschek\" src=\"http:\/\/www.isletasnoticias.com.ar\/%77%70%2d%63%6f%6e%74%65%6e%74\/uploads\/2013\/05\/poschek-266x300.jpg\" width=\"266\" height=\"300\" srcset=\"https:\/\/informelitoral.com.ar\/%77%70%2d%63%6f%6e%74%65%6e%74\/uploads\/2013\/05\/poschek-266x300.jpg 266w, https:\/\/informelitoral.com.ar\/%77%70%2d%63%6f%6e%74%65%6e%74\/uploads\/2013\/05\/poschek.jpg 398w\" sizes=\"auto, (max-width: 266px) 100vw, 266px\" \/><\/p>\n<p>En las \u00faltimas horas hemos recibido mensajes de lectores de <em><strong>ISLETAS NOTICIA<\/strong><\/em><em><strong>S<\/strong><\/em>, dando cuenta de supuestas situaciones irregulares que se producen en el Honorable Consejo Deliberante de General Ram\u00edrez. Ahora en un comunicado de la \u00abAlianza Ramirense\u00bb lo confirman, pero adem\u00e1s se solidarizan con la concejal del Frente para la Victoria<strong> Carina Reh<\/strong>, quien manifest\u00f3 p\u00fablicamente haber recibido amenazas por diferencias con el Ejecutivo Municipal, presidido por <strong>Edelmiro Kramer.<\/strong><\/p>\n<p><strong>EL COMUNICADO COMPLETO:<\/strong><\/p>\n<p>\u00abFrente a comprobadas actitudes antidemocr\u00e1ticas de parte del Presidente del Honorable Concejo Deliberante Local, Sr.<strong> Jorge Poschke<\/strong>, reveladas en la \u00faltima sesi\u00f3n de ese cuerpo legislativo a trav\u00e9s de gestos autoritarios materializados en la censura al uso de la palabra, las agresiones verbales y el reiterado incumplimiento a las normas reglamentarias en beneficio de intereses personales; la Alianza Ramirense ratifica su compromiso con los valores democr\u00e1ticos y republicanos, cimentados en el respeto hacia el otro. Tales actitudes, exteriorizan una preocupante concepci\u00f3n de la vida p\u00fablica que se resume en la intolerancia y el desprecio hacia quien piensa distinto.<\/p>\n<p><img loading=\"lazy\" decoding=\"async\" class=\"size-full wp-image-1950 alignright\" title=\"Concejal Karina Reh, quien supuestamente fue amenazada.\" alt=\"carina re\" src=\"http:\/\/www.isletasnoticias.com.ar\/%77%70%2d%63%6f%6e%74%65%6e%74\/uploads\/2013\/05\/carina-re.jpg\" width=\"150\" height=\"246\" \/><\/p>\n<p>Reafirmamos nuestro compromiso con el trabajo serio y constructivo al que concurrimos a diario, y que nos excluye de protagonizar cualquier interna pol\u00edtica del gobierno de turno, las que s\u00f3lo alimentan ego\u00edsmos personales y dejan en un segundo plano la calidad de vida de los ramirenses.<\/p>\n<p>Sin perjuicio de ello, nos solidarizamos con la edil del Frente Para la Victoria<strong> Carina Reh,<\/strong> quien denunciara p\u00fablicamente la existencia de amenazas, aparentemente realizadas desde el propio Poder Ejecutivo, hacia su persona y entorno familiar. M\u00e1s all\u00e1 de cualquier diferencia ideol\u00f3gica, repudiamos todo tipo de conducta intimidatoria que pretenda coartar el libre ejercicio de la funci\u00f3n p\u00fablica y de la libertad en general, lo que representa el sin\u00f3nimo m\u00e1s contundente y primitivo de la barbarie y el autoritarismo.<\/p>\n<p>En la defensa de los valores democr\u00e1ticos y las instituciones que pretenden asegurarlos, va la calidad de vida de todos los ciudadanos y el respeto a la esencia de nuestra condici\u00f3n humana. Por ello, bregamos por la seriedad y el di\u00e1logo constructivo en favor de nuestra querida ciudad\u00bb. Finaliza el comunicado que public\u00f3 la agrupaci\u00f3n pol\u00edtica local en su cuenta de Facebook.<\/p>\n","protected":false},"excerpt":{"rendered":"<p>La &laquo;Alianza Ramirense&raquo;, en un comunicado repudia supuestas &laquo;actitudes antidemocr&aacute;ticas&raquo; por parte del presidente del Honorable Consejo Deliberante de esa ciudad Jorge Poschke. A ello se suma la denuncia de una concejal del FPV por la existencia de presuntas &laquo;amenazas&raquo; desde el propio ejecutivo municipal. En las &uacute;ltimas horas hemos recibido mensajes de lectores de [&hellip;]<\/p>\n","protected":false},"author":2,"featured_media":0,"comment_status":"open","ping_status":"open","sticky":false,"template":"","format":"standard","meta":{"fifu_image_url":"","fifu_image_alt":"","footnotes":""},"categories":[5,16],"tags":[],"class_list":{"0":"post-1948","1":"post","2":"type-post","3":"status-publish","4":"format-standard","6":"category-zonales","7":"category-politi"},"yoast_head":"<title>Ram\u00edrez: denuncian &quot;actitudes antidemocr\u00e1ticas&quot; del presidente del HCD  - Informe Litoral<\/title>\n<meta name=\"robots\" content=\"index, follow, max-snippet:-1, max-image-preview:large, max-video-preview:-1\" \/>\n<link rel=\"canonical\" href=\"https:\/\/informelitoral.com.ar\/ramirez-denuncian-actitudes-antidemocraticas-del-presidente-del-hcd\/\" \/>\n<meta property=\"og:locale\" content=\"es_ES\" \/>\n<meta property=\"og:type\" content=\"article\" \/>\n<meta property=\"og:title\" content=\"Ram\u00edrez: denuncian &quot;actitudes antidemocr\u00e1ticas&quot; del presidente del HCD  - Informe Litoral\" \/>\n<meta property=\"og:description\" content=\"La &laquo;Alianza Ramirense&raquo;, en un comunicado repudia supuestas &laquo;actitudes antidemocr&aacute;ticas&raquo; por parte del presidente del Honorable Consejo Deliberante de esa ciudad Jorge Poschke. A ello se suma la denuncia de una concejal del FPV por la existencia de presuntas &laquo;amenazas&raquo; desde el propio ejecutivo municipal. En las &uacute;ltimas horas hemos recibido mensajes de lectores de [&hellip;]\" \/>\n<meta property=\"og:url\" content=\"https:\/\/informelitoral.com.ar\/ramirez-denuncian-actitudes-antidemocraticas-del-presidente-del-hcd\/\" \/>\n<meta property=\"og:site_name\" content=\"Informe Litoral\" \/>\n<meta property=\"article:publisher\" content=\"https:\/\/www.facebook.com\/informelitoral\/\" \/>\n<meta property=\"article:published_time\" content=\"2013-05-27T15:28:00+00:00\" \/>\n<meta property=\"article:modified_time\" content=\"2013-05-27T16:28:10+00:00\" \/>\n<meta property=\"og:image\" content=\"https:\/\/informelitoral.com.ar\/%77%70%2d%63%6f%6e%74%65%6e%74\/uploads\/2013\/05\/poschek.jpg\" \/>\n\t<meta property=\"og:image:width\" content=\"398\" \/>\n\t<meta property=\"og:image:height\" content=\"448\" \/>\n\t<meta property=\"og:image:type\" content=\"image\/jpeg\" \/>\n<meta name=\"author\" content=\"Gonzalo Schmidt\" \/>\n<meta name=\"twitter:card\" content=\"summary_large_image\" \/>\n<meta name=\"twitter:creator\" content=\"@InformeLitoral\" \/>\n<meta name=\"twitter:site\" content=\"@InformeLitoral\" \/>\n<meta name=\"twitter:label1\" content=\"Escrito por\" \/>\n\t<meta name=\"twitter:data1\" content=\"Gonzalo Schmidt\" \/>\n\t<meta name=\"twitter:label2\" content=\"Tiempo de lectura\" \/>\n\t<meta name=\"twitter:data2\" content=\"2 minutos\" \/>\n<script type=\"application\/ld+json\" class=\"yoast-schema-graph\">{\"@context\":\"https:\\\/\\\/schema.org\",\"@graph\":[{\"@type\":\"Article\",\"@id\":\"https:\\\/\\\/informelitoral.com.ar\\\/ramirez-denuncian-actitudes-antidemocraticas-del-presidente-del-hcd\\\/#article\",\"isPartOf\":{\"@id\":\"https:\\\/\\\/informelitoral.com.ar\\\/ramirez-denuncian-actitudes-antidemocraticas-del-presidente-del-hcd\\\/\"},\"author\":{\"name\":\"Gonzalo Schmidt\",\"@id\":\"https:\\\/\\\/informelitoral.com.ar\\\/#\\\/schema\\\/person\\\/b9d00407c836482871ef1d57bf8e3180\"},\"headline\":\"Ram\u00edrez: denuncian \u00abactitudes antidemocr\u00e1ticas\u00bb del presidente del HCD\",\"datePublished\":\"2013-05-27T15:28:00+00:00\",\"dateModified\":\"2013-05-27T16:28:10+00:00\",\"mainEntityOfPage\":{\"@id\":\"https:\\\/\\\/informelitoral.com.ar\\\/ramirez-denuncian-actitudes-antidemocraticas-del-presidente-del-hcd\\\/\"},\"wordCount\":438,\"commentCount\":0,\"publisher\":{\"@id\":\"https:\\\/\\\/informelitoral.com.ar\\\/#organization\"},\"image\":{\"@id\":\"https:\\\/\\\/informelitoral.com.ar\\\/ramirez-denuncian-actitudes-antidemocraticas-del-presidente-del-hcd\\\/#primaryimage\"},\"thumbnailUrl\":\"http:\\\/\\\/www.isletasnoticias.com.ar\\\/%77%70%2d%63%6f%6e%74%65%6e%74\\\/uploads\\\/2013\\\/05\\\/poschek-266x300.jpg\",\"articleSection\":[\"Departamento Diamante\",\"Politica\"],\"inLanguage\":\"es\",\"potentialAction\":[{\"@type\":\"CommentAction\",\"name\":\"Comment\",\"target\":[\"https:\\\/\\\/informelitoral.com.ar\\\/ramirez-denuncian-actitudes-antidemocraticas-del-presidente-del-hcd\\\/#respond\"]}]},{\"@type\":\"WebPage\",\"@id\":\"https:\\\/\\\/informelitoral.com.ar\\\/ramirez-denuncian-actitudes-antidemocraticas-del-presidente-del-hcd\\\/\",\"url\":\"https:\\\/\\\/informelitoral.com.ar\\\/ramirez-denuncian-actitudes-antidemocraticas-del-presidente-del-hcd\\\/\",\"name\":\"Ram\u00edrez: denuncian \\\"actitudes antidemocr\u00e1ticas\\\" del presidente del HCD - Informe Litoral\",\"isPartOf\":{\"@id\":\"https:\\\/\\\/informelitoral.com.ar\\\/#website\"},\"primaryImageOfPage\":{\"@id\":\"https:\\\/\\\/informelitoral.com.ar\\\/ramirez-denuncian-actitudes-antidemocraticas-del-presidente-del-hcd\\\/#primaryimage\"},\"image\":{\"@id\":\"https:\\\/\\\/informelitoral.com.ar\\\/ramirez-denuncian-actitudes-antidemocraticas-del-presidente-del-hcd\\\/#primaryimage\"},\"thumbnailUrl\":\"http:\\\/\\\/www.isletasnoticias.com.ar\\\/%77%70%2d%63%6f%6e%74%65%6e%74\\\/uploads\\\/2013\\\/05\\\/poschek-266x300.jpg\",\"datePublished\":\"2013-05-27T15:28:00+00:00\",\"dateModified\":\"2013-05-27T16:28:10+00:00\",\"breadcrumb\":{\"@id\":\"https:\\\/\\\/informelitoral.com.ar\\\/ramirez-denuncian-actitudes-antidemocraticas-del-presidente-del-hcd\\\/#breadcrumb\"},\"inLanguage\":\"es\",\"potentialAction\":[{\"@type\":\"ReadAction\",\"target\":[\"https:\\\/\\\/informelitoral.com.ar\\\/ramirez-denuncian-actitudes-antidemocraticas-del-presidente-del-hcd\\\/\"]}]},{\"@type\":\"ImageObject\",\"inLanguage\":\"es\",\"@id\":\"https:\\\/\\\/informelitoral.com.ar\\\/ramirez-denuncian-actitudes-antidemocraticas-del-presidente-del-hcd\\\/#primaryimage\",\"url\":\"http:\\\/\\\/www.isletasnoticias.com.ar\\\/%77%70%2d%63%6f%6e%74%65%6e%74\\\/uploads\\\/2013\\\/05\\\/poschek-266x300.jpg\",\"contentUrl\":\"http:\\\/\\\/www.isletasnoticias.com.ar\\\/%77%70%2d%63%6f%6e%74%65%6e%74\\\/uploads\\\/2013\\\/05\\\/poschek-266x300.jpg\"},{\"@type\":\"BreadcrumbList\",\"@id\":\"https:\\\/\\\/informelitoral.com.ar\\\/ramirez-denuncian-actitudes-antidemocraticas-del-presidente-del-hcd\\\/#breadcrumb\",\"itemListElement\":[{\"@type\":\"ListItem\",\"position\":1,\"name\":\"Portada\",\"item\":\"https:\\\/\\\/informelitoral.com.ar\\\/\"},{\"@type\":\"ListItem\",\"position\":2,\"name\":\"Ram\u00edrez: denuncian \u00abactitudes antidemocr\u00e1ticas\u00bb del presidente del HCD\"}]},{\"@type\":\"WebSite\",\"@id\":\"https:\\\/\\\/informelitoral.com.ar\\\/#website\",\"url\":\"https:\\\/\\\/informelitoral.com.ar\\\/\",\"name\":\"Informe Litoral\",\"description\":\"&quot;Nos informamos&quot; \",\"publisher\":{\"@id\":\"https:\\\/\\\/informelitoral.com.ar\\\/#organization\"},\"potentialAction\":[{\"@type\":\"SearchAction\",\"target\":{\"@type\":\"EntryPoint\",\"urlTemplate\":\"https:\\\/\\\/informelitoral.com.ar\\\/?s={search_term_string}\"},\"query-input\":{\"@type\":\"PropertyValueSpecification\",\"valueRequired\":true,\"valueName\":\"search_term_string\"}}],\"inLanguage\":\"es\"},{\"@type\":\"Organization\",\"@id\":\"https:\\\/\\\/informelitoral.com.ar\\\/#organization\",\"name\":\"Informe Litoral\",\"url\":\"https:\\\/\\\/informelitoral.com.ar\\\/\",\"logo\":{\"@type\":\"ImageObject\",\"inLanguage\":\"es\",\"@id\":\"https:\\\/\\\/informelitoral.com.ar\\\/#\\\/schema\\\/logo\\\/image\\\/\",\"url\":\"https:\\\/\\\/informelitoral.com.ar\\\/%77%70%2d%63%6f%6e%74%65%6e%74\\\/uploads\\\/2021\\\/01\\\/circulo.png\",\"contentUrl\":\"https:\\\/\\\/informelitoral.com.ar\\\/%77%70%2d%63%6f%6e%74%65%6e%74\\\/uploads\\\/2021\\\/01\\\/circulo.png\",\"width\":723,\"height\":731,\"caption\":\"Informe Litoral\"},\"image\":{\"@id\":\"https:\\\/\\\/informelitoral.com.ar\\\/#\\\/schema\\\/logo\\\/image\\\/\"},\"sameAs\":[\"https:\\\/\\\/www.facebook.com\\\/informelitoral\\\/\",\"https:\\\/\\\/x.com\\\/InformeLitoral\",\"https:\\\/\\\/www.instagram.com\\\/informelitoral\\\/\",\"https:\\\/\\\/www.youtube.com\\\/channel\\\/UCua4Qvz8Icb6MYqhoq9xLXw\"]},{\"@type\":\"Person\",\"@id\":\"https:\\\/\\\/informelitoral.com.ar\\\/#\\\/schema\\\/person\\\/b9d00407c836482871ef1d57bf8e3180\",\"name\":\"Gonzalo Schmidt\",\"image\":{\"@type\":\"ImageObject\",\"inLanguage\":\"es\",\"@id\":\"https:\\\/\\\/secure.gravatar.com\\\/avatar\\\/31a1a7b66ff2de83bd0e9fd79d026630d2d99e55e8bfe501287647b4fd9743de?s=96&d=mm&r=g\",\"url\":\"https:\\\/\\\/secure.gravatar.com\\\/avatar\\\/31a1a7b66ff2de83bd0e9fd79d026630d2d99e55e8bfe501287647b4fd9743de?s=96&d=mm&r=g\",\"contentUrl\":\"https:\\\/\\\/secure.gravatar.com\\\/avatar\\\/31a1a7b66ff2de83bd0e9fd79d026630d2d99e55e8bfe501287647b4fd9743de?s=96&d=mm&r=g\",\"caption\":\"Gonzalo Schmidt\"},\"description\":\"Sitio web de noticias de la provincia de Entre R\u00edos, Argentina. Informaci\u00f3n y entretenimiento. Informe Litoral, nos informamos.\",\"sameAs\":[\"http:\\\/\\\/www.isletasnoticias.com.ar\"],\"url\":\"https:\\\/\\\/informelitoral.com.ar\\\/author\\\/gonzalo\\\/\"}]}<\/script>","yoast_head_json":{"title":"Ram\u00edrez: denuncian \"actitudes antidemocr\u00e1ticas\" del presidente del HCD  - Informe Litoral","robots":{"index":"index","follow":"follow","max-snippet":"max-snippet:-1","max-image-preview":"max-image-preview:large","max-video-preview":"max-video-preview:-1"},"canonical":"https:\/\/informelitoral.com.ar\/ramirez-denuncian-actitudes-antidemocraticas-del-presidente-del-hcd\/","og_locale":"es_ES","og_type":"article","og_title":"Ram\u00edrez: denuncian \"actitudes antidemocr\u00e1ticas\" del presidente del HCD  - Informe Litoral","og_description":"La &laquo;Alianza Ramirense&raquo;, en un comunicado repudia supuestas &laquo;actitudes antidemocr&aacute;ticas&raquo; por parte del presidente del Honorable Consejo Deliberante de esa ciudad Jorge Poschke. A ello se suma la denuncia de una concejal del FPV por la existencia de presuntas &laquo;amenazas&raquo; desde el propio ejecutivo municipal. En las &uacute;ltimas horas hemos recibido mensajes de lectores de [&hellip;]","og_url":"https:\/\/informelitoral.com.ar\/ramirez-denuncian-actitudes-antidemocraticas-del-presidente-del-hcd\/","og_site_name":"Informe Litoral","article_publisher":"https:\/\/www.facebook.com\/informelitoral\/","article_published_time":"2013-05-27T15:28:00+00:00","article_modified_time":"2013-05-27T16:28:10+00:00","og_image":[{"width":398,"height":448,"url":"https:\/\/informelitoral.com.ar\/%77%70%2d%63%6f%6e%74%65%6e%74\/uploads\/2013\/05\/poschek.jpg","type":"image\/jpeg"}],"author":"Gonzalo Schmidt","twitter_card":"summary_large_image","twitter_creator":"@InformeLitoral","twitter_site":"@InformeLitoral","twitter_misc":{"Escrito por":"Gonzalo Schmidt","Tiempo de lectura":"2 minutos"},"schema":{"@context":"https:\/\/schema.org","@graph":[{"@type":"Article","@id":"https:\/\/informelitoral.com.ar\/ramirez-denuncian-actitudes-antidemocraticas-del-presidente-del-hcd\/#article","isPartOf":{"@id":"https:\/\/informelitoral.com.ar\/ramirez-denuncian-actitudes-antidemocraticas-del-presidente-del-hcd\/"},"author":{"name":"Gonzalo Schmidt","@id":"https:\/\/informelitoral.com.ar\/#\/schema\/person\/b9d00407c836482871ef1d57bf8e3180"},"headline":"Ram\u00edrez: denuncian \u00abactitudes antidemocr\u00e1ticas\u00bb del presidente del HCD","datePublished":"2013-05-27T15:28:00+00:00","dateModified":"2013-05-27T16:28:10+00:00","mainEntityOfPage":{"@id":"https:\/\/informelitoral.com.ar\/ramirez-denuncian-actitudes-antidemocraticas-del-presidente-del-hcd\/"},"wordCount":438,"commentCount":0,"publisher":{"@id":"https:\/\/informelitoral.com.ar\/#organization"},"image":{"@id":"https:\/\/informelitoral.com.ar\/ramirez-denuncian-actitudes-antidemocraticas-del-presidente-del-hcd\/#primaryimage"},"thumbnailUrl":"http:\/\/www.isletasnoticias.com.ar\/%77%70%2d%63%6f%6e%74%65%6e%74\/uploads\/2013\/05\/poschek-266x300.jpg","articleSection":["Departamento Diamante","Politica"],"inLanguage":"es","potentialAction":[{"@type":"CommentAction","name":"Comment","target":["https:\/\/informelitoral.com.ar\/ramirez-denuncian-actitudes-antidemocraticas-del-presidente-del-hcd\/#respond"]}]},{"@type":"WebPage","@id":"https:\/\/informelitoral.com.ar\/ramirez-denuncian-actitudes-antidemocraticas-del-presidente-del-hcd\/","url":"https:\/\/informelitoral.com.ar\/ramirez-denuncian-actitudes-antidemocraticas-del-presidente-del-hcd\/","name":"Ram\u00edrez: denuncian \"actitudes antidemocr\u00e1ticas\" del presidente del HCD - Informe Litoral","isPartOf":{"@id":"https:\/\/informelitoral.com.ar\/#website"},"primaryImageOfPage":{"@id":"https:\/\/informelitoral.com.ar\/ramirez-denuncian-actitudes-antidemocraticas-del-presidente-del-hcd\/#primaryimage"},"image":{"@id":"https:\/\/informelitoral.com.ar\/ramirez-denuncian-actitudes-antidemocraticas-del-presidente-del-hcd\/#primaryimage"},"thumbnailUrl":"http:\/\/www.isletasnoticias.com.ar\/%77%70%2d%63%6f%6e%74%65%6e%74\/uploads\/2013\/05\/poschek-266x300.jpg","datePublished":"2013-05-27T15:28:00+00:00","dateModified":"2013-05-27T16:28:10+00:00","breadcrumb":{"@id":"https:\/\/informelitoral.com.ar\/ramirez-denuncian-actitudes-antidemocraticas-del-presidente-del-hcd\/#breadcrumb"},"inLanguage":"es","potentialAction":[{"@type":"ReadAction","target":["https:\/\/informelitoral.com.ar\/ramirez-denuncian-actitudes-antidemocraticas-del-presidente-del-hcd\/"]}]},{"@type":"ImageObject","inLanguage":"es","@id":"https:\/\/informelitoral.com.ar\/ramirez-denuncian-actitudes-antidemocraticas-del-presidente-del-hcd\/#primaryimage","url":"http:\/\/www.isletasnoticias.com.ar\/%77%70%2d%63%6f%6e%74%65%6e%74\/uploads\/2013\/05\/poschek-266x300.jpg","contentUrl":"http:\/\/www.isletasnoticias.com.ar\/%77%70%2d%63%6f%6e%74%65%6e%74\/uploads\/2013\/05\/poschek-266x300.jpg"},{"@type":"BreadcrumbList","@id":"https:\/\/informelitoral.com.ar\/ramirez-denuncian-actitudes-antidemocraticas-del-presidente-del-hcd\/#breadcrumb","itemListElement":[{"@type":"ListItem","position":1,"name":"Portada","item":"https:\/\/informelitoral.com.ar\/"},{"@type":"ListItem","position":2,"name":"Ram\u00edrez: denuncian \u00abactitudes antidemocr\u00e1ticas\u00bb del presidente del HCD"}]},{"@type":"WebSite","@id":"https:\/\/informelitoral.com.ar\/#website","url":"https:\/\/informelitoral.com.ar\/","name":"Informe Litoral","description":"&quot;Nos informamos&quot; ","publisher":{"@id":"https:\/\/informelitoral.com.ar\/#organization"},"potentialAction":[{"@type":"SearchAction","target":{"@type":"EntryPoint","urlTemplate":"https:\/\/informelitoral.com.ar\/?s={search_term_string}"},"query-input":{"@type":"PropertyValueSpecification","valueRequired":true,"valueName":"search_term_string"}}],"inLanguage":"es"},{"@type":"Organization","@id":"https:\/\/informelitoral.com.ar\/#organization","name":"Informe Litoral","url":"https:\/\/informelitoral.com.ar\/","logo":{"@type":"ImageObject","inLanguage":"es","@id":"https:\/\/informelitoral.com.ar\/#\/schema\/logo\/image\/","url":"https:\/\/informelitoral.com.ar\/%77%70%2d%63%6f%6e%74%65%6e%74\/uploads\/2021\/01\/circulo.png","contentUrl":"https:\/\/informelitoral.com.ar\/%77%70%2d%63%6f%6e%74%65%6e%74\/uploads\/2021\/01\/circulo.png","width":723,"height":731,"caption":"Informe Litoral"},"image":{"@id":"https:\/\/informelitoral.com.ar\/#\/schema\/logo\/image\/"},"sameAs":["https:\/\/www.facebook.com\/informelitoral\/","https:\/\/x.com\/InformeLitoral","https:\/\/www.instagram.com\/informelitoral\/","https:\/\/www.youtube.com\/channel\/UCua4Qvz8Icb6MYqhoq9xLXw"]},{"@type":"Person","@id":"https:\/\/informelitoral.com.ar\/#\/schema\/person\/b9d00407c836482871ef1d57bf8e3180","name":"Gonzalo Schmidt","image":{"@type":"ImageObject","inLanguage":"es","@id":"https:\/\/secure.gravatar.com\/avatar\/31a1a7b66ff2de83bd0e9fd79d026630d2d99e55e8bfe501287647b4fd9743de?s=96&d=mm&r=g","url":"https:\/\/secure.gravatar.com\/avatar\/31a1a7b66ff2de83bd0e9fd79d026630d2d99e55e8bfe501287647b4fd9743de?s=96&d=mm&r=g","contentUrl":"https:\/\/secure.gravatar.com\/avatar\/31a1a7b66ff2de83bd0e9fd79d026630d2d99e55e8bfe501287647b4fd9743de?s=96&d=mm&r=g","caption":"Gonzalo Schmidt"},"description":"Sitio web de noticias de la provincia de Entre R\u00edos, Argentina. Informaci\u00f3n y entretenimiento. Informe Litoral, nos informamos.","sameAs":["http:\/\/www.isletasnoticias.com.ar"],"url":"https:\/\/informelitoral.com.ar\/author\/gonzalo\/"}]}},"_links":{"self":[{"href":"https:\/\/informelitoral.com.ar\/%77%70%2d%6a%73%6f%6e\/wp\/v2\/posts\/1948","targetHints":{"allow":["GET"]}}],"collection":[{"href":"https:\/\/informelitoral.com.ar\/%77%70%2d%6a%73%6f%6e\/wp\/v2\/posts"}],"about":[{"href":"https:\/\/informelitoral.com.ar\/%77%70%2d%6a%73%6f%6e\/wp\/v2\/types\/post"}],"author":[{"embeddable":true,"href":"https:\/\/informelitoral.com.ar\/%77%70%2d%6a%73%6f%6e\/wp\/v2\/users\/2"}],"replies":[{"embeddable":true,"href":"https:\/\/informelitoral.com.ar\/%77%70%2d%6a%73%6f%6e\/wp\/v2\/comments?post=1948"}],"version-history":[{"count":0,"href":"https:\/\/informelitoral.com.ar\/%77%70%2d%6a%73%6f%6e\/wp\/v2\/posts\/1948\/revisions"}],"wp:attachment":[{"href":"https:\/\/informelitoral.com.ar\/%77%70%2d%6a%73%6f%6e\/wp\/v2\/media?parent=1948"}],"wp:term":[{"taxonomy":"category","embeddable":true,"href":"https:\/\/informelitoral.com.ar\/%77%70%2d%6a%73%6f%6e\/wp\/v2\/categories?post=1948"},{"taxonomy":"post_tag","embeddable":true,"href":"https:\/\/informelitoral.com.ar\/%77%70%2d%6a%73%6f%6e\/wp\/v2\/tags?post=1948"}],"curies":[{"name":"wp","href":"https:\/\/api.w.org\/{rel}","templated":true}]}}