{"id":194477,"date":"2024-08-13T20:06:56","date_gmt":"2024-08-13T23:06:56","guid":{"rendered":"https:\/\/www.informelitoral.com.ar\/?p=194477"},"modified":"2024-08-13T20:06:56","modified_gmt":"2024-08-13T23:06:56","slug":"personal-del-hospital-san-roque-recibe-asistencia-psicologica-luego-del-incendio-y-se-continua-con-las-obras","status":"publish","type":"post","link":"https:\/\/informelitoral.com.ar\/personal-del-hospital-san-roque-recibe-asistencia-psicologica-luego-del-incendio-y-se-continua-con-las-obras\/","title":{"rendered":"Personal del Hospital San Roque recibe asistencia psicol\u00f3gica luego del incendio y se contin\u00faa con las obras"},"content":{"rendered":"<p>El director del Hospital Materno Infantil San Roque,\u00a0Alejandro Cal\u00f3gero, y de Recursos Materiales Hospitalarios y de CAPS de la provincia,\u00a0Santiago Romero Ayala, informaron sobre las gestiones que se contin\u00faan realizando para garantizar la seguridad de este centro de referencia.<\/p>\n<p>\u00abSe est\u00e1 asistiendo servicio por servicio\u00bb dijo Cal\u00f3gero, al informar que \u00abhoras despu\u00e9s del siniestro, los equipos del\u00a0Servicio de Salud Mental activaron el protocolo\u00a0de ayuda, desde esta \u00e1rea provincial, un servicio integrado con psicopedagogos, psic\u00f3logos, psiquiatras,\u00a0para asistir en su estr\u00e9s postraum\u00e1tico a las personas que estuvieron en el siniestro del 4 de agosto\u00bb, lo cual se suma al trabajo que viene desarrollando el Servicio de Salud Mental del propio hospital.<\/p>\n<p>Al referirse a las reparaciones se\u00f1al\u00f3 que se repusieron los vidrios y se repararon 14 ventanas afectadas por el incendio, y se contin\u00faa con obras de reparaci\u00f3n y de gesti\u00f3n aunque asegur\u00f3 que \u00abquedan muchas cosas por hacer, y se cuenta con el apoyo incondicional por parte del Ministerio y de las autoridades provinciales\u00bb.<\/p>\n<p>Respecto al protocolo que se implement\u00f3 el director del HMISR destac\u00f3 que \u00abfue bajo las gu\u00edas absolutas del personal de Bomberos Voluntarios, donde incluso particip\u00f3 el cuerpo de bomberos de la Polic\u00eda. Y se dio de manera inmediata, casi en un 100 por ciento, hasta el tercer piso, ya que los bomberos fueron\u00a0 quienes dieron la orden de evacuar hasta ese nivel por una cuesti\u00f3n preventiva\u00bb.<\/p>\n<p>El director general de Recursos Materiales Hospitalarios y de CAPS de la provincia, Santiago Romero Ayala, indic\u00f3 que, se est\u00e1n elaborando planes de mejoras en cuanto a la calidad y seguridad frente a la probabilidad de riesgos. \u00abPresentamos un nuevo plan de capacitaci\u00f3n para el personal para que ante una situaci\u00f3n como esta, podamos contener la afectaci\u00f3n y evitar los riesgos\u00bb, sostuvo.<\/p>\n<p>\u00abCon m\u00e1s capacitaci\u00f3n y mejorando las pautas de seguridad, sabemos que se reduce el riesgo, y eso es lo que pretendemos para los hospitales de la provincia\u00bb destac\u00f3 el funcionario y detall\u00f3 que en estos ocho meses de gesti\u00f3n, se est\u00e1 trabajando en una programaci\u00f3n y sobre lo que debe ser la seguridad en los hospitales y centros de salud de la provincia.<\/p>\n<p>En esa planificaci\u00f3n est\u00e1 previsto realizar la mejora de la parte edilicia, que es una de las\u00a0 principales necesidades que los funcionarios relevaron desde el inicio de la gesti\u00f3n. En este sentido, Romero Ayala indic\u00f3 que en el HMISR \u00abse har\u00e1n obras de mejoras edilicias, y particularmente se renovar\u00e1 la Sala 4, dot\u00e1ndola de otra salida de emergencia\u00bb. Est\u00e1 previsto, realizar el cambio de aberturas, la mejora en general del edificio, la colocaci\u00f3n de paneles de cabecera en cada habitaci\u00f3n para tener los gases medicinales necesarios, as\u00ed como la pintura, revoque, y una mejora en la internalizaci\u00f3n del techo. \u00abEs una obra grande que se coordina desde el Ministerio de Salud con el Ministerio de Planeamiento, Infraestructura y Servicios. Estamos trabajando a codo con ellos para acelerar los tr\u00e1mites administrativos que lleva una obra de este tipo\u00bb.<\/p>\n<p>Cal\u00f3gero advirti\u00f3 que si bien antes del Covid, hab\u00eda un proyecto muy alentador de reforma de toda la sala, lo \u00fanico que se hizo fue pintarla, ya que qued\u00f3 \u00a0todo supeditado por la pandemia y\u00a0 post pandemia. En la actualidad las autoridades del Ministerio de Salud han establecido un plan para resolver aspectos que hacen a la seguridad, una demanda de d\u00e9cadas.<\/p>\n","protected":false},"excerpt":{"rendered":"<p>El director del Hospital Materno Infantil San Roque, Alejandro Cal\u00f3gero, y de Recursos Materiales Hospitalarios y de CAPS de la provincia, Santiago Romero Ayala, informaron sobre las gestiones que se contin\u00faan realizando para garantizar la seguridad de este centro de referencia.<\/p>\n","protected":false},"author":8,"featured_media":194478,"comment_status":"open","ping_status":"open","sticky":false,"template":"","format":"standard","meta":{"fifu_image_url":"","fifu_image_alt":"","footnotes":""},"categories":[6],"tags":[1292,509,45],"class_list":{"0":"post-194477","1":"post","2":"type-post","3":"status-publish","4":"format-standard","5":"has-post-thumbnail","7":"category-entre-rios","8":"tag-hospital-san-roque","9":"tag-incendio","10":"tag-parana"},"yoast_head":"<title>Personal del Hospital San Roque recibe asistencia psicol\u00f3gica luego del incendio y se contin\u00faa con las obras - Informe Litoral<\/title>\n<meta name=\"robots\" content=\"index, follow, max-snippet:-1, max-image-preview:large, max-video-preview:-1\" \/>\n<link rel=\"canonical\" href=\"https:\/\/informelitoral.com.ar\/personal-del-hospital-san-roque-recibe-asistencia-psicologica-luego-del-incendio-y-se-continua-con-las-obras\/\" \/>\n<meta property=\"og:locale\" content=\"es_ES\" \/>\n<meta property=\"og:type\" content=\"article\" \/>\n<meta property=\"og:title\" content=\"Personal del Hospital San Roque recibe asistencia psicol\u00f3gica luego del incendio y se contin\u00faa con las obras - Informe Litoral\" \/>\n<meta property=\"og:description\" content=\"El director del Hospital Materno Infantil San Roque, Alejandro Cal\u00f3gero, y de Recursos Materiales Hospitalarios y de CAPS de la provincia, Santiago Romero Ayala, informaron sobre las gestiones que se contin\u00faan realizando para garantizar la seguridad de este centro de referencia.\" \/>\n<meta property=\"og:url\" content=\"https:\/\/informelitoral.com.ar\/personal-del-hospital-san-roque-recibe-asistencia-psicologica-luego-del-incendio-y-se-continua-con-las-obras\/\" \/>\n<meta property=\"og:site_name\" content=\"Informe Litoral\" \/>\n<meta property=\"article:publisher\" content=\"https:\/\/www.facebook.com\/informelitoral\/\" \/>\n<meta property=\"article:published_time\" content=\"2024-08-13T23:06:56+00:00\" \/>\n<meta property=\"og:image\" content=\"https:\/\/informelitoral.com.ar\/%77%70%2d%63%6f%6e%74%65%6e%74\/uploads\/2024\/08\/l_1723579079_57553.webp\" \/>\n\t<meta property=\"og:image:width\" content=\"1200\" \/>\n\t<meta property=\"og:image:height\" content=\"800\" \/>\n\t<meta property=\"og:image:type\" content=\"image\/webp\" \/>\n<meta name=\"author\" content=\"Sebastian\" \/>\n<meta name=\"twitter:card\" content=\"summary_large_image\" \/>\n<meta name=\"twitter:creator\" content=\"@InformeLitoral\" \/>\n<meta name=\"twitter:site\" content=\"@InformeLitoral\" \/>\n<meta name=\"twitter:label1\" content=\"Escrito por\" \/>\n\t<meta name=\"twitter:data1\" content=\"Sebastian\" \/>\n\t<meta name=\"twitter:label2\" content=\"Tiempo de lectura\" \/>\n\t<meta name=\"twitter:data2\" content=\"3 minutos\" \/>\n<script type=\"application\/ld+json\" class=\"yoast-schema-graph\">{\"@context\":\"https:\\\/\\\/schema.org\",\"@graph\":[{\"@type\":\"Article\",\"@id\":\"https:\\\/\\\/informelitoral.com.ar\\\/personal-del-hospital-san-roque-recibe-asistencia-psicologica-luego-del-incendio-y-se-continua-con-las-obras\\\/#article\",\"isPartOf\":{\"@id\":\"https:\\\/\\\/informelitoral.com.ar\\\/personal-del-hospital-san-roque-recibe-asistencia-psicologica-luego-del-incendio-y-se-continua-con-las-obras\\\/\"},\"author\":{\"name\":\"Sebastian\",\"@id\":\"https:\\\/\\\/informelitoral.com.ar\\\/#\\\/schema\\\/person\\\/f05f9f461677119578717524b127d6d5\"},\"headline\":\"Personal del Hospital San Roque recibe asistencia psicol\u00f3gica luego del incendio y se contin\u00faa con las obras\",\"datePublished\":\"2024-08-13T23:06:56+00:00\",\"mainEntityOfPage\":{\"@id\":\"https:\\\/\\\/informelitoral.com.ar\\\/personal-del-hospital-san-roque-recibe-asistencia-psicologica-luego-del-incendio-y-se-continua-con-las-obras\\\/\"},\"wordCount\":606,\"commentCount\":0,\"publisher\":{\"@id\":\"https:\\\/\\\/informelitoral.com.ar\\\/#organization\"},\"image\":{\"@id\":\"https:\\\/\\\/informelitoral.com.ar\\\/personal-del-hospital-san-roque-recibe-asistencia-psicologica-luego-del-incendio-y-se-continua-con-las-obras\\\/#primaryimage\"},\"thumbnailUrl\":\"https:\\\/\\\/informelitoral.com.ar\\\/%77%70%2d%63%6f%6e%74%65%6e%74\\\/uploads\\\/2024\\\/08\\\/l_1723579079_57553.webp\",\"keywords\":[\"Hospital San Roque\",\"Incendio\",\"Paran\u00e1\"],\"articleSection\":[\"Entre R\u00edos\"],\"inLanguage\":\"es\",\"potentialAction\":[{\"@type\":\"CommentAction\",\"name\":\"Comment\",\"target\":[\"https:\\\/\\\/informelitoral.com.ar\\\/personal-del-hospital-san-roque-recibe-asistencia-psicologica-luego-del-incendio-y-se-continua-con-las-obras\\\/#respond\"]}]},{\"@type\":\"WebPage\",\"@id\":\"https:\\\/\\\/informelitoral.com.ar\\\/personal-del-hospital-san-roque-recibe-asistencia-psicologica-luego-del-incendio-y-se-continua-con-las-obras\\\/\",\"url\":\"https:\\\/\\\/informelitoral.com.ar\\\/personal-del-hospital-san-roque-recibe-asistencia-psicologica-luego-del-incendio-y-se-continua-con-las-obras\\\/\",\"name\":\"Personal del Hospital San Roque recibe asistencia psicol\u00f3gica luego del incendio y se contin\u00faa con las obras - Informe Litoral\",\"isPartOf\":{\"@id\":\"https:\\\/\\\/informelitoral.com.ar\\\/#website\"},\"primaryImageOfPage\":{\"@id\":\"https:\\\/\\\/informelitoral.com.ar\\\/personal-del-hospital-san-roque-recibe-asistencia-psicologica-luego-del-incendio-y-se-continua-con-las-obras\\\/#primaryimage\"},\"image\":{\"@id\":\"https:\\\/\\\/informelitoral.com.ar\\\/personal-del-hospital-san-roque-recibe-asistencia-psicologica-luego-del-incendio-y-se-continua-con-las-obras\\\/#primaryimage\"},\"thumbnailUrl\":\"https:\\\/\\\/informelitoral.com.ar\\\/%77%70%2d%63%6f%6e%74%65%6e%74\\\/uploads\\\/2024\\\/08\\\/l_1723579079_57553.webp\",\"datePublished\":\"2024-08-13T23:06:56+00:00\",\"breadcrumb\":{\"@id\":\"https:\\\/\\\/informelitoral.com.ar\\\/personal-del-hospital-san-roque-recibe-asistencia-psicologica-luego-del-incendio-y-se-continua-con-las-obras\\\/#breadcrumb\"},\"inLanguage\":\"es\",\"potentialAction\":[{\"@type\":\"ReadAction\",\"target\":[\"https:\\\/\\\/informelitoral.com.ar\\\/personal-del-hospital-san-roque-recibe-asistencia-psicologica-luego-del-incendio-y-se-continua-con-las-obras\\\/\"]}]},{\"@type\":\"ImageObject\",\"inLanguage\":\"es\",\"@id\":\"https:\\\/\\\/informelitoral.com.ar\\\/personal-del-hospital-san-roque-recibe-asistencia-psicologica-luego-del-incendio-y-se-continua-con-las-obras\\\/#primaryimage\",\"url\":\"https:\\\/\\\/informelitoral.com.ar\\\/%77%70%2d%63%6f%6e%74%65%6e%74\\\/uploads\\\/2024\\\/08\\\/l_1723579079_57553.webp\",\"contentUrl\":\"https:\\\/\\\/informelitoral.com.ar\\\/%77%70%2d%63%6f%6e%74%65%6e%74\\\/uploads\\\/2024\\\/08\\\/l_1723579079_57553.webp\",\"width\":1200,\"height\":800},{\"@type\":\"BreadcrumbList\",\"@id\":\"https:\\\/\\\/informelitoral.com.ar\\\/personal-del-hospital-san-roque-recibe-asistencia-psicologica-luego-del-incendio-y-se-continua-con-las-obras\\\/#breadcrumb\",\"itemListElement\":[{\"@type\":\"ListItem\",\"position\":1,\"name\":\"Portada\",\"item\":\"https:\\\/\\\/informelitoral.com.ar\\\/\"},{\"@type\":\"ListItem\",\"position\":2,\"name\":\"Personal del Hospital San Roque recibe asistencia psicol\u00f3gica luego del incendio y se contin\u00faa con las obras\"}]},{\"@type\":\"WebSite\",\"@id\":\"https:\\\/\\\/informelitoral.com.ar\\\/#website\",\"url\":\"https:\\\/\\\/informelitoral.com.ar\\\/\",\"name\":\"Informe Litoral\",\"description\":\"&quot;Nos informamos&quot; \",\"publisher\":{\"@id\":\"https:\\\/\\\/informelitoral.com.ar\\\/#organization\"},\"potentialAction\":[{\"@type\":\"SearchAction\",\"target\":{\"@type\":\"EntryPoint\",\"urlTemplate\":\"https:\\\/\\\/informelitoral.com.ar\\\/?s={search_term_string}\"},\"query-input\":{\"@type\":\"PropertyValueSpecification\",\"valueRequired\":true,\"valueName\":\"search_term_string\"}}],\"inLanguage\":\"es\"},{\"@type\":\"Organization\",\"@id\":\"https:\\\/\\\/informelitoral.com.ar\\\/#organization\",\"name\":\"Informe Litoral\",\"url\":\"https:\\\/\\\/informelitoral.com.ar\\\/\",\"logo\":{\"@type\":\"ImageObject\",\"inLanguage\":\"es\",\"@id\":\"https:\\\/\\\/informelitoral.com.ar\\\/#\\\/schema\\\/logo\\\/image\\\/\",\"url\":\"https:\\\/\\\/informelitoral.com.ar\\\/%77%70%2d%63%6f%6e%74%65%6e%74\\\/uploads\\\/2021\\\/01\\\/circulo.png\",\"contentUrl\":\"https:\\\/\\\/informelitoral.com.ar\\\/%77%70%2d%63%6f%6e%74%65%6e%74\\\/uploads\\\/2021\\\/01\\\/circulo.png\",\"width\":723,\"height\":731,\"caption\":\"Informe Litoral\"},\"image\":{\"@id\":\"https:\\\/\\\/informelitoral.com.ar\\\/#\\\/schema\\\/logo\\\/image\\\/\"},\"sameAs\":[\"https:\\\/\\\/www.facebook.com\\\/informelitoral\\\/\",\"https:\\\/\\\/x.com\\\/InformeLitoral\",\"https:\\\/\\\/www.instagram.com\\\/informelitoral\\\/\",\"https:\\\/\\\/www.youtube.com\\\/channel\\\/UCua4Qvz8Icb6MYqhoq9xLXw\"]},{\"@type\":\"Person\",\"@id\":\"https:\\\/\\\/informelitoral.com.ar\\\/#\\\/schema\\\/person\\\/f05f9f461677119578717524b127d6d5\",\"name\":\"Sebastian\",\"image\":{\"@type\":\"ImageObject\",\"inLanguage\":\"es\",\"@id\":\"https:\\\/\\\/secure.gravatar.com\\\/avatar\\\/b71bf7481d447dfb9583c7f2798e7cc64de6efb9067b74633ed8c31059a3bd82?s=96&d=mm&r=g\",\"url\":\"https:\\\/\\\/secure.gravatar.com\\\/avatar\\\/b71bf7481d447dfb9583c7f2798e7cc64de6efb9067b74633ed8c31059a3bd82?s=96&d=mm&r=g\",\"contentUrl\":\"https:\\\/\\\/secure.gravatar.com\\\/avatar\\\/b71bf7481d447dfb9583c7f2798e7cc64de6efb9067b74633ed8c31059a3bd82?s=96&d=mm&r=g\",\"caption\":\"Sebastian\"},\"url\":\"https:\\\/\\\/informelitoral.com.ar\\\/author\\\/sebastian\\\/\"}]}<\/script>","yoast_head_json":{"title":"Personal del Hospital San Roque recibe asistencia psicol\u00f3gica luego del incendio y se contin\u00faa con las obras - Informe Litoral","robots":{"index":"index","follow":"follow","max-snippet":"max-snippet:-1","max-image-preview":"max-image-preview:large","max-video-preview":"max-video-preview:-1"},"canonical":"https:\/\/informelitoral.com.ar\/personal-del-hospital-san-roque-recibe-asistencia-psicologica-luego-del-incendio-y-se-continua-con-las-obras\/","og_locale":"es_ES","og_type":"article","og_title":"Personal del Hospital San Roque recibe asistencia psicol\u00f3gica luego del incendio y se contin\u00faa con las obras - Informe Litoral","og_description":"El director del Hospital Materno Infantil San Roque, Alejandro Cal\u00f3gero, y de Recursos Materiales Hospitalarios y de CAPS de la provincia, Santiago Romero Ayala, informaron sobre las gestiones que se contin\u00faan realizando para garantizar la seguridad de este centro de referencia.","og_url":"https:\/\/informelitoral.com.ar\/personal-del-hospital-san-roque-recibe-asistencia-psicologica-luego-del-incendio-y-se-continua-con-las-obras\/","og_site_name":"Informe Litoral","article_publisher":"https:\/\/www.facebook.com\/informelitoral\/","article_published_time":"2024-08-13T23:06:56+00:00","og_image":[{"width":1200,"height":800,"url":"https:\/\/informelitoral.com.ar\/%77%70%2d%63%6f%6e%74%65%6e%74\/uploads\/2024\/08\/l_1723579079_57553.webp","type":"image\/webp"}],"author":"Sebastian","twitter_card":"summary_large_image","twitter_creator":"@InformeLitoral","twitter_site":"@InformeLitoral","twitter_misc":{"Escrito por":"Sebastian","Tiempo de lectura":"3 minutos"},"schema":{"@context":"https:\/\/schema.org","@graph":[{"@type":"Article","@id":"https:\/\/informelitoral.com.ar\/personal-del-hospital-san-roque-recibe-asistencia-psicologica-luego-del-incendio-y-se-continua-con-las-obras\/#article","isPartOf":{"@id":"https:\/\/informelitoral.com.ar\/personal-del-hospital-san-roque-recibe-asistencia-psicologica-luego-del-incendio-y-se-continua-con-las-obras\/"},"author":{"name":"Sebastian","@id":"https:\/\/informelitoral.com.ar\/#\/schema\/person\/f05f9f461677119578717524b127d6d5"},"headline":"Personal del Hospital San Roque recibe asistencia psicol\u00f3gica luego del incendio y se contin\u00faa con las obras","datePublished":"2024-08-13T23:06:56+00:00","mainEntityOfPage":{"@id":"https:\/\/informelitoral.com.ar\/personal-del-hospital-san-roque-recibe-asistencia-psicologica-luego-del-incendio-y-se-continua-con-las-obras\/"},"wordCount":606,"commentCount":0,"publisher":{"@id":"https:\/\/informelitoral.com.ar\/#organization"},"image":{"@id":"https:\/\/informelitoral.com.ar\/personal-del-hospital-san-roque-recibe-asistencia-psicologica-luego-del-incendio-y-se-continua-con-las-obras\/#primaryimage"},"thumbnailUrl":"https:\/\/informelitoral.com.ar\/%77%70%2d%63%6f%6e%74%65%6e%74\/uploads\/2024\/08\/l_1723579079_57553.webp","keywords":["Hospital San Roque","Incendio","Paran\u00e1"],"articleSection":["Entre R\u00edos"],"inLanguage":"es","potentialAction":[{"@type":"CommentAction","name":"Comment","target":["https:\/\/informelitoral.com.ar\/personal-del-hospital-san-roque-recibe-asistencia-psicologica-luego-del-incendio-y-se-continua-con-las-obras\/#respond"]}]},{"@type":"WebPage","@id":"https:\/\/informelitoral.com.ar\/personal-del-hospital-san-roque-recibe-asistencia-psicologica-luego-del-incendio-y-se-continua-con-las-obras\/","url":"https:\/\/informelitoral.com.ar\/personal-del-hospital-san-roque-recibe-asistencia-psicologica-luego-del-incendio-y-se-continua-con-las-obras\/","name":"Personal del Hospital San Roque recibe asistencia psicol\u00f3gica luego del incendio y se contin\u00faa con las obras - Informe Litoral","isPartOf":{"@id":"https:\/\/informelitoral.com.ar\/#website"},"primaryImageOfPage":{"@id":"https:\/\/informelitoral.com.ar\/personal-del-hospital-san-roque-recibe-asistencia-psicologica-luego-del-incendio-y-se-continua-con-las-obras\/#primaryimage"},"image":{"@id":"https:\/\/informelitoral.com.ar\/personal-del-hospital-san-roque-recibe-asistencia-psicologica-luego-del-incendio-y-se-continua-con-las-obras\/#primaryimage"},"thumbnailUrl":"https:\/\/informelitoral.com.ar\/%77%70%2d%63%6f%6e%74%65%6e%74\/uploads\/2024\/08\/l_1723579079_57553.webp","datePublished":"2024-08-13T23:06:56+00:00","breadcrumb":{"@id":"https:\/\/informelitoral.com.ar\/personal-del-hospital-san-roque-recibe-asistencia-psicologica-luego-del-incendio-y-se-continua-con-las-obras\/#breadcrumb"},"inLanguage":"es","potentialAction":[{"@type":"ReadAction","target":["https:\/\/informelitoral.com.ar\/personal-del-hospital-san-roque-recibe-asistencia-psicologica-luego-del-incendio-y-se-continua-con-las-obras\/"]}]},{"@type":"ImageObject","inLanguage":"es","@id":"https:\/\/informelitoral.com.ar\/personal-del-hospital-san-roque-recibe-asistencia-psicologica-luego-del-incendio-y-se-continua-con-las-obras\/#primaryimage","url":"https:\/\/informelitoral.com.ar\/%77%70%2d%63%6f%6e%74%65%6e%74\/uploads\/2024\/08\/l_1723579079_57553.webp","contentUrl":"https:\/\/informelitoral.com.ar\/%77%70%2d%63%6f%6e%74%65%6e%74\/uploads\/2024\/08\/l_1723579079_57553.webp","width":1200,"height":800},{"@type":"BreadcrumbList","@id":"https:\/\/informelitoral.com.ar\/personal-del-hospital-san-roque-recibe-asistencia-psicologica-luego-del-incendio-y-se-continua-con-las-obras\/#breadcrumb","itemListElement":[{"@type":"ListItem","position":1,"name":"Portada","item":"https:\/\/informelitoral.com.ar\/"},{"@type":"ListItem","position":2,"name":"Personal del Hospital San Roque recibe asistencia psicol\u00f3gica luego del incendio y se contin\u00faa con las obras"}]},{"@type":"WebSite","@id":"https:\/\/informelitoral.com.ar\/#website","url":"https:\/\/informelitoral.com.ar\/","name":"Informe Litoral","description":"&quot;Nos informamos&quot; ","publisher":{"@id":"https:\/\/informelitoral.com.ar\/#organization"},"potentialAction":[{"@type":"SearchAction","target":{"@type":"EntryPoint","urlTemplate":"https:\/\/informelitoral.com.ar\/?s={search_term_string}"},"query-input":{"@type":"PropertyValueSpecification","valueRequired":true,"valueName":"search_term_string"}}],"inLanguage":"es"},{"@type":"Organization","@id":"https:\/\/informelitoral.com.ar\/#organization","name":"Informe Litoral","url":"https:\/\/informelitoral.com.ar\/","logo":{"@type":"ImageObject","inLanguage":"es","@id":"https:\/\/informelitoral.com.ar\/#\/schema\/logo\/image\/","url":"https:\/\/informelitoral.com.ar\/%77%70%2d%63%6f%6e%74%65%6e%74\/uploads\/2021\/01\/circulo.png","contentUrl":"https:\/\/informelitoral.com.ar\/%77%70%2d%63%6f%6e%74%65%6e%74\/uploads\/2021\/01\/circulo.png","width":723,"height":731,"caption":"Informe Litoral"},"image":{"@id":"https:\/\/informelitoral.com.ar\/#\/schema\/logo\/image\/"},"sameAs":["https:\/\/www.facebook.com\/informelitoral\/","https:\/\/x.com\/InformeLitoral","https:\/\/www.instagram.com\/informelitoral\/","https:\/\/www.youtube.com\/channel\/UCua4Qvz8Icb6MYqhoq9xLXw"]},{"@type":"Person","@id":"https:\/\/informelitoral.com.ar\/#\/schema\/person\/f05f9f461677119578717524b127d6d5","name":"Sebastian","image":{"@type":"ImageObject","inLanguage":"es","@id":"https:\/\/secure.gravatar.com\/avatar\/b71bf7481d447dfb9583c7f2798e7cc64de6efb9067b74633ed8c31059a3bd82?s=96&d=mm&r=g","url":"https:\/\/secure.gravatar.com\/avatar\/b71bf7481d447dfb9583c7f2798e7cc64de6efb9067b74633ed8c31059a3bd82?s=96&d=mm&r=g","contentUrl":"https:\/\/secure.gravatar.com\/avatar\/b71bf7481d447dfb9583c7f2798e7cc64de6efb9067b74633ed8c31059a3bd82?s=96&d=mm&r=g","caption":"Sebastian"},"url":"https:\/\/informelitoral.com.ar\/author\/sebastian\/"}]}},"_links":{"self":[{"href":"https:\/\/informelitoral.com.ar\/%77%70%2d%6a%73%6f%6e\/wp\/v2\/posts\/194477","targetHints":{"allow":["GET"]}}],"collection":[{"href":"https:\/\/informelitoral.com.ar\/%77%70%2d%6a%73%6f%6e\/wp\/v2\/posts"}],"about":[{"href":"https:\/\/informelitoral.com.ar\/%77%70%2d%6a%73%6f%6e\/wp\/v2\/types\/post"}],"author":[{"embeddable":true,"href":"https:\/\/informelitoral.com.ar\/%77%70%2d%6a%73%6f%6e\/wp\/v2\/users\/8"}],"replies":[{"embeddable":true,"href":"https:\/\/informelitoral.com.ar\/%77%70%2d%6a%73%6f%6e\/wp\/v2\/comments?post=194477"}],"version-history":[{"count":0,"href":"https:\/\/informelitoral.com.ar\/%77%70%2d%6a%73%6f%6e\/wp\/v2\/posts\/194477\/revisions"}],"wp:featuredmedia":[{"embeddable":true,"href":"https:\/\/informelitoral.com.ar\/%77%70%2d%6a%73%6f%6e\/wp\/v2\/media\/194478"}],"wp:attachment":[{"href":"https:\/\/informelitoral.com.ar\/%77%70%2d%6a%73%6f%6e\/wp\/v2\/media?parent=194477"}],"wp:term":[{"taxonomy":"category","embeddable":true,"href":"https:\/\/informelitoral.com.ar\/%77%70%2d%6a%73%6f%6e\/wp\/v2\/categories?post=194477"},{"taxonomy":"post_tag","embeddable":true,"href":"https:\/\/informelitoral.com.ar\/%77%70%2d%6a%73%6f%6e\/wp\/v2\/tags?post=194477"}],"curies":[{"name":"wp","href":"https:\/\/api.w.org\/{rel}","templated":true}]}}