{"id":193977,"date":"2024-08-08T22:19:39","date_gmt":"2024-08-09T01:19:39","guid":{"rendered":"https:\/\/www.informelitoral.com.ar\/?p=193977"},"modified":"2024-08-08T23:17:48","modified_gmt":"2024-08-09T02:17:48","slug":"aparecieron-las-fotos-de-fabiola-yanez-golpeada","status":"publish","type":"post","link":"https:\/\/informelitoral.com.ar\/aparecieron-las-fotos-de-fabiola-yanez-golpeada\/","title":{"rendered":"Aparecieron las fotos de Fabiola Ya\u00f1ez golpeada"},"content":{"rendered":"<p class=\"paragraph\" data-mrf-recirculation=\"Links inline\">Seg\u00fan se desprende de las capturas, parte de los golpes del ex presidente contra su ex pareja ocurrieron en agosto de 2021, plena pandemia del coronavirus.<\/p>\n<p class=\"paragraph\" data-mrf-recirculation=\"Links inline\">En las im\u00e1genes se puede ver a la ex primera dama con moretones en el brazo y la cara. Son fotos que ella le manda al ex mandatario reproch\u00e1ndole su actitud violenta:<b>\u00a0\u201cEsto no funciona as\u00ed todo el tiempo me golpeas. Es ins\u00f3lito. No puede dejar que me hagas esto cuando yo no te hice nada. Y todo lo que trato de hacer con la mente centrada es defenderte y vos me golpeas f\u00edsicamente. No hay explicaci\u00f3n\u201d.<\/b><\/p>\n<div class=\"visual__image\"><img loading=\"lazy\" decoding=\"async\" class=\"\" src=\"https:\/\/www.infobae.com\/new-resizer\/vP2-JkOBZrW9xCQydn8bqbOfaSA=\/420x747\/filters:format(webp):quality(85)\/cloudfront-us-east-1.images.arcpublishing.com\/infobae\/2HLN3L6MABF3XGRT2INTEZLISM.jpg%20420w\" sizes=\"auto, (min-width: 1560px) 856px, (min-width: 1000px) calc(74.63vw - 293px), (min-width: 780px) calc(100vw - 376px), (min-width: 580px) calc(100vw - 32px), 100vw\" srcset=\"https:\/\/www.infobae.com\/new-resizer\/vP2-JkOBZrW9xCQydn8bqbOfaSA=\/420x747\/filters:format(webp):quality(85)\/cloudfront-us-east-1.images.arcpublishing.com\/infobae\/2HLN3L6MABF3XGRT2INTEZLISM.jpg 420w,https:\/\/www.infobae.com\/new-resizer\/AqjkL2QhQ8LyCGof4zN3om3bjP8=\/768x1365\/filters:format(webp):quality(85)\/cloudfront-us-east-1.images.arcpublishing.com\/infobae\/2HLN3L6MABF3XGRT2INTEZLISM.jpg 768w,https:\/\/www.infobae.com\/new-resizer\/daNnicXMWq1faAKecK-AhNl12PI=\/992x1764\/filters:format(webp):quality(85)\/cloudfront-us-east-1.images.arcpublishing.com\/infobae\/2HLN3L6MABF3XGRT2INTEZLISM.jpg 992w,https:\/\/www.infobae.com\/new-resizer\/pZ6jGvM2OzNm82Xg6c07M3EmWVs=\/1200x2133\/filters:format(webp):quality(85)\/cloudfront-us-east-1.images.arcpublishing.com\/infobae\/2HLN3L6MABF3XGRT2INTEZLISM.jpg 1200w\" alt=\"Parte de la conversaci\u00f3n entre la ex primera dama y Alberto Fern\u00e1ndez\" width=\"1920\" height=\"3235\" data-src=\"https:\/\/www.infobae.com\/new-resizer\/vP2-JkOBZrW9xCQydn8bqbOfaSA=\/420x747\/filters:format(webp):quality(85)\/cloudfront-us-east-1.images.arcpublishing.com\/infobae\/2HLN3L6MABF3XGRT2INTEZLISM.jpg 420w\" \/>Parte de la conversaci\u00f3n entre la ex primera dama y Alberto Fern\u00e1ndez<\/div>\n<div class=\"news-module\" data-mrf-recirculation=\"IL_wv5lqF4aQ7G5etrMMyn62Q\" data-testid=\"text-html\" data-mrf-experience=\"IL_wv5lqF4aQ7G5etrMMyn62Q\">\n<div class=\"recommended-card__info\">\n<div class=\"recommended-card__info-button recommended-card__info-button--deportes\"><\/div>\n<\/div>\n<\/div>\n<p class=\"paragraph\" data-mrf-recirculation=\"Links inline\">Ante esto, Ya\u00f1ez insiste: \u201cMe volves a golpear. Est\u00e1s loco\u201d. Y Fern\u00e1ndez replica: \u201cMe siento mal\u201d.<\/p>\n<p class=\"paragraph\" data-mrf-recirculation=\"Links inline\"><b>\u201cVen\u00eds golpe\u00e1ndome hace 3 d\u00edas seguidos\u201d,<\/b>\u00a0responde, contundente, Ya\u00f1ez, a lo que el ex presidente reacciona:\u00a0<b>\u201cMe cuesta respirar. Por favor par\u00e1. Me siento muy mal\u201d.<\/b><\/p>\n<div class=\"news-module\" data-mrf-recirculation=\"IL_JkB3GTBFTj2urpbOlzOORQ\" data-testid=\"text-html\" data-mrf-experience=\"IL_JkB3GTBFTj2urpbOlzOORQ\">\n<div class=\"recommended-card__image-container\"><\/div>\n<\/div>\n<div class=\"visual__image\"><img loading=\"lazy\" decoding=\"async\" class=\"\" src=\"https:\/\/www.infobae.com\/new-resizer\/njnsqUsnEj-F-CaLfqe2RQAD7Ts=\/420x630\/filters:format(webp):quality(85)\/cloudfront-us-east-1.images.arcpublishing.com\/infobae\/NZOXXGPYMRC6ZOY3CEJY76LUAU.jpg%20420w\" sizes=\"auto, (min-width: 1560px) 856px, (min-width: 1000px) calc(74.63vw - 293px), (min-width: 780px) calc(100vw - 376px), (min-width: 580px) calc(100vw - 32px), 100vw\" srcset=\"https:\/\/www.infobae.com\/new-resizer\/njnsqUsnEj-F-CaLfqe2RQAD7Ts=\/420x630\/filters:format(webp):quality(85)\/cloudfront-us-east-1.images.arcpublishing.com\/infobae\/NZOXXGPYMRC6ZOY3CEJY76LUAU.jpg 420w,https:\/\/www.infobae.com\/new-resizer\/jPpTx6f2dE0LQAhVLJtI8kZ3mtA=\/768x1152\/filters:format(webp):quality(85)\/cloudfront-us-east-1.images.arcpublishing.com\/infobae\/NZOXXGPYMRC6ZOY3CEJY76LUAU.jpg 768w,https:\/\/www.infobae.com\/new-resizer\/9_rDxyICM9YYlMNksmQmgI2qc8E=\/992x1488\/filters:format(webp):quality(85)\/cloudfront-us-east-1.images.arcpublishing.com\/infobae\/NZOXXGPYMRC6ZOY3CEJY76LUAU.jpg 992w,https:\/\/www.infobae.com\/new-resizer\/E57OMCUIcnCJ7EabyIIckV3k0ns=\/1200x1800\/filters:format(webp):quality(85)\/cloudfront-us-east-1.images.arcpublishing.com\/infobae\/NZOXXGPYMRC6ZOY3CEJY76LUAU.jpg 1200w\" alt=\"&quot;Me ven\u00eds golpeando hace tres d\u00edas seguidos&quot;, le dice Fabiola Ya\u00f1ez a Alberto Fern\u00e1ndez\" width=\"1920\" height=\"3011\" data-src=\"https:\/\/www.infobae.com\/new-resizer\/njnsqUsnEj-F-CaLfqe2RQAD7Ts=\/420x630\/filters:format(webp):quality(85)\/cloudfront-us-east-1.images.arcpublishing.com\/infobae\/NZOXXGPYMRC6ZOY3CEJY76LUAU.jpg 420w\" \/><\/div>\n<p class=\"paragraph\" data-mrf-recirculation=\"Links inline\">Ya\u00f1ez le enviaba las fotos a Fern\u00e1ndez reclam\u00e1ndole por su actitud violenta:\u00a0<b>\u201cY cuando me samarreaste de los brazos me dejaste moretones. Esto es cuando me samarreaste\u201d.<\/b><\/p>\n<p class=\"paragraph\" data-mrf-recirculation=\"Links inline\">Luego le env\u00eda una foto del ojo totalmente morado y le dice, ir\u00f3nicamente:<b>\u00a0\u201cEsto es cuando me pegaste sin querer\u201d.<\/b><\/p>\n<div class=\"visual__image\"><img loading=\"lazy\" decoding=\"async\" class=\"\" src=\"https:\/\/www.infobae.com\/new-resizer\/eYQoWH2PQSB0AR3Hr5XLC18gJ4c=\/420x560\/filters:format(webp):quality(85)\/cloudfront-us-east-1.images.arcpublishing.com\/infobae\/AGQWHNQZVVDIRKF4E43FZGTVXM.jpg%20420w\" sizes=\"auto, (min-width: 1560px) 856px, (min-width: 1000px) calc(74.63vw - 293px), (min-width: 780px) calc(100vw - 376px), (min-width: 580px) calc(100vw - 32px), 100vw\" srcset=\"https:\/\/www.infobae.com\/new-resizer\/eYQoWH2PQSB0AR3Hr5XLC18gJ4c=\/420x560\/filters:format(webp):quality(85)\/cloudfront-us-east-1.images.arcpublishing.com\/infobae\/AGQWHNQZVVDIRKF4E43FZGTVXM.jpg 420w,https:\/\/www.infobae.com\/new-resizer\/k8A8Dm9MSUxgM4k-nG9iFf9sh_8=\/768x1024\/filters:format(webp):quality(85)\/cloudfront-us-east-1.images.arcpublishing.com\/infobae\/AGQWHNQZVVDIRKF4E43FZGTVXM.jpg 768w,https:\/\/www.infobae.com\/new-resizer\/mjwVkSI7DLVrzQOFFcGs_TdRgmg=\/992x1323\/filters:format(webp):quality(85)\/cloudfront-us-east-1.images.arcpublishing.com\/infobae\/AGQWHNQZVVDIRKF4E43FZGTVXM.jpg 992w,https:\/\/www.infobae.com\/new-resizer\/9chOwiz1ZurGgtZ3tT8GwBg914Q=\/1200x1600\/filters:format(webp):quality(85)\/cloudfront-us-east-1.images.arcpublishing.com\/infobae\/AGQWHNQZVVDIRKF4E43FZGTVXM.jpg 1200w\" alt=\"La foto del ojo morado tras la golpiza\" width=\"1920\" height=\"2455\" data-src=\"https:\/\/www.infobae.com\/new-resizer\/eYQoWH2PQSB0AR3Hr5XLC18gJ4c=\/420x560\/filters:format(webp):quality(85)\/cloudfront-us-east-1.images.arcpublishing.com\/infobae\/AGQWHNQZVVDIRKF4E43FZGTVXM.jpg 420w\" \/><\/div>\n<p class=\"paragraph\" data-mrf-recirculation=\"Links inline\">Fabiola Ya\u00f1ez concret\u00f3 la denuncia contra Alberto Fern\u00e1ndez este martes 6 de agosto. Lo hizo durante una comunicaci\u00f3n por videoconferencia con el juez federal Juli\u00e1n Ercolini, quien imput\u00f3 al ex presidente por lesiones leves.<\/p>\n<div class=\"visual__image\"><img loading=\"lazy\" decoding=\"async\" class=\"\" src=\"https:\/\/www.infobae.com\/new-resizer\/xo3vxu94AfitOnCO-MDKpkAfihg=\/420x560\/filters:format(webp):quality(85)\/cloudfront-us-east-1.images.arcpublishing.com\/infobae\/RCW3P3UVONDPXMVD5TBJNYWW6A.jpg%20420w\" sizes=\"auto, (min-width: 1560px) 856px, (min-width: 1000px) calc(74.63vw - 293px), (min-width: 780px) calc(100vw - 376px), (min-width: 580px) calc(100vw - 32px), 100vw\" srcset=\"https:\/\/www.infobae.com\/new-resizer\/xo3vxu94AfitOnCO-MDKpkAfihg=\/420x560\/filters:format(webp):quality(85)\/cloudfront-us-east-1.images.arcpublishing.com\/infobae\/RCW3P3UVONDPXMVD5TBJNYWW6A.jpg 420w,https:\/\/www.infobae.com\/new-resizer\/FbkYc7tvgu0ifmIululdiNPI2CA=\/768x1024\/filters:format(webp):quality(85)\/cloudfront-us-east-1.images.arcpublishing.com\/infobae\/RCW3P3UVONDPXMVD5TBJNYWW6A.jpg 768w,https:\/\/www.infobae.com\/new-resizer\/MQQWxyWnlC0GVl-fKt0cqpwfJBY=\/992x1323\/filters:format(webp):quality(85)\/cloudfront-us-east-1.images.arcpublishing.com\/infobae\/RCW3P3UVONDPXMVD5TBJNYWW6A.jpg 992w,https:\/\/www.infobae.com\/new-resizer\/9RcPD0Ng20IPdbfwmSpDrCkfoRY=\/1200x1600\/filters:format(webp):quality(85)\/cloudfront-us-east-1.images.arcpublishing.com\/infobae\/RCW3P3UVONDPXMVD5TBJNYWW6A.jpg 1200w\" alt=\"Una de las fotos que Fabiola Ya\u00f1ez present\u00f3 ante la Justicia \" width=\"1920\" height=\"2395\" data-src=\"https:\/\/www.infobae.com\/new-resizer\/xo3vxu94AfitOnCO-MDKpkAfihg=\/420x560\/filters:format(webp):quality(85)\/cloudfront-us-east-1.images.arcpublishing.com\/infobae\/RCW3P3UVONDPXMVD5TBJNYWW6A.jpg 420w\" \/><\/div>\n<p class=\"paragraph\" data-mrf-recirculation=\"Links inline\">Ercolini contaba con material audiovisual que alertaba sobre hechos de violencia de g\u00e9nero contra la ex primera dama, a partir del peritaje del tel\u00e9fono celular de Mar\u00eda Cantero, hist\u00f3rica secretaria de Alberto Fern\u00e1ndez, en el marco de otra causa en la que el ex jefe de Estado es investigado por presunto tr\u00e1fico de influencia.<\/p>\n<p class=\"paragraph\" data-mrf-recirculation=\"Links inline\">Advertido de tal documentaci\u00f3n, Ercolini dispuso abrir una carpeta paralela y darle participaci\u00f3n a la oficina especializada en violencia de g\u00e9nero del Poder Judicial de la Naci\u00f3n. Fueron los funcionarios de esta \u00e1rea quien se contactaron con Ya\u00f1ez y le ofrecieron garant\u00edas en caso de que decidiera formalizar la acusaci\u00f3n contra Fern\u00e1ndez.<\/p>\n<p class=\"paragraph\" data-mrf-recirculation=\"Links inline\">Una vez que esto ocurri\u00f3, el juez dict\u00f3 una serie de medidas de restricci\u00f3n contra el ex presidente. Fueron notificadas oficialmente este jueves 8 de agosto. Alberto Fern\u00e1ndez tiene prohibido salir del pa\u00eds, acercarse a la denunciante y comunicarse con ella por cualquier v\u00eda. Esto \u00faltimo se puso de relevancia, ya que Ya\u00f1ez dijo estar sufriendo terrorismo psicol\u00f3gico en su contacto con Ercolini.<\/p>\n<p class=\"paragraph\" data-mrf-recirculation=\"Links inline\">Uno de los pr\u00f3ximos pasos en el expediente es la declaraci\u00f3n de la ex primera dama, que si bien a\u00fan no tiene fecha, podr\u00eda darse en breve. Como antesala de ese paso procesal, Ya\u00f1ez mantuvo un encuentro con especialistas de la fiscal\u00eda especializada en violencia de g\u00e9nero, d\u00f3nde fue informada de las implicancias que tendr\u00e1 cada avance del expediente.<\/p>\n","protected":false},"excerpt":{"rendered":"<p>Se filtraron las fotos y los chat que acompa\u00f1an la denuncia de la exprimera dama contra el expresidente, Alberto Fern\u00e1ndez.<\/p>\n","protected":false},"author":8,"featured_media":193978,"comment_status":"open","ping_status":"open","sticky":false,"template":"","format":"standard","meta":{"fifu_image_url":"","fifu_image_alt":"","footnotes":""},"categories":[16],"tags":[1311,333,2076,5029],"class_list":{"0":"post-193977","1":"post","2":"type-post","3":"status-publish","4":"format-standard","5":"has-post-thumbnail","7":"category-politi","8":"tag-alberto-fernandez","9":"tag-denuncia","10":"tag-fabiola-yanez","11":"tag-fotos"},"yoast_head":"<title>Aparecieron las fotos de Fabiola Ya\u00f1ez golpeada - Informe Litoral<\/title>\n<meta name=\"robots\" content=\"index, follow, max-snippet:-1, max-image-preview:large, max-video-preview:-1\" \/>\n<link rel=\"canonical\" href=\"https:\/\/informelitoral.com.ar\/aparecieron-las-fotos-de-fabiola-yanez-golpeada\/\" \/>\n<meta property=\"og:locale\" content=\"es_ES\" \/>\n<meta property=\"og:type\" content=\"article\" \/>\n<meta property=\"og:title\" content=\"Aparecieron las fotos de Fabiola Ya\u00f1ez golpeada - Informe Litoral\" \/>\n<meta property=\"og:description\" content=\"Se filtraron las fotos y los chat que acompa\u00f1an la denuncia de la exprimera dama contra el expresidente, Alberto Fern\u00e1ndez.\" \/>\n<meta property=\"og:url\" content=\"https:\/\/informelitoral.com.ar\/aparecieron-las-fotos-de-fabiola-yanez-golpeada\/\" \/>\n<meta property=\"og:site_name\" content=\"Informe Litoral\" \/>\n<meta property=\"article:publisher\" content=\"https:\/\/www.facebook.com\/informelitoral\/\" \/>\n<meta property=\"article:published_time\" content=\"2024-08-09T01:19:39+00:00\" \/>\n<meta property=\"article:modified_time\" content=\"2024-08-09T02:17:48+00:00\" \/>\n<meta property=\"og:image\" content=\"https:\/\/informelitoral.com.ar\/%77%70%2d%63%6f%6e%74%65%6e%74\/uploads\/2024\/08\/451136416_819572810285040_6011249965730410230_n.jpg\" \/>\n\t<meta property=\"og:image:width\" content=\"1080\" \/>\n\t<meta property=\"og:image:height\" content=\"1080\" \/>\n\t<meta property=\"og:image:type\" content=\"image\/jpeg\" \/>\n<meta name=\"author\" content=\"Sebastian\" \/>\n<meta name=\"twitter:card\" content=\"summary_large_image\" \/>\n<meta name=\"twitter:creator\" content=\"@InformeLitoral\" \/>\n<meta name=\"twitter:site\" content=\"@InformeLitoral\" \/>\n<meta name=\"twitter:label1\" content=\"Escrito por\" \/>\n\t<meta name=\"twitter:data1\" content=\"Sebastian\" \/>\n\t<meta name=\"twitter:label2\" content=\"Tiempo de lectura\" \/>\n\t<meta name=\"twitter:data2\" content=\"3 minutos\" \/>\n<script type=\"application\/ld+json\" class=\"yoast-schema-graph\">{\"@context\":\"https:\\\/\\\/schema.org\",\"@graph\":[{\"@type\":\"Article\",\"@id\":\"https:\\\/\\\/informelitoral.com.ar\\\/aparecieron-las-fotos-de-fabiola-yanez-golpeada\\\/#article\",\"isPartOf\":{\"@id\":\"https:\\\/\\\/informelitoral.com.ar\\\/aparecieron-las-fotos-de-fabiola-yanez-golpeada\\\/\"},\"author\":{\"name\":\"Sebastian\",\"@id\":\"https:\\\/\\\/informelitoral.com.ar\\\/#\\\/schema\\\/person\\\/f05f9f461677119578717524b127d6d5\"},\"headline\":\"Aparecieron las fotos de Fabiola Ya\u00f1ez golpeada\",\"datePublished\":\"2024-08-09T01:19:39+00:00\",\"dateModified\":\"2024-08-09T02:17:48+00:00\",\"mainEntityOfPage\":{\"@id\":\"https:\\\/\\\/informelitoral.com.ar\\\/aparecieron-las-fotos-de-fabiola-yanez-golpeada\\\/\"},\"wordCount\":522,\"commentCount\":0,\"publisher\":{\"@id\":\"https:\\\/\\\/informelitoral.com.ar\\\/#organization\"},\"image\":{\"@id\":\"https:\\\/\\\/informelitoral.com.ar\\\/aparecieron-las-fotos-de-fabiola-yanez-golpeada\\\/#primaryimage\"},\"thumbnailUrl\":\"https:\\\/\\\/informelitoral.com.ar\\\/%77%70%2d%63%6f%6e%74%65%6e%74\\\/uploads\\\/2024\\\/08\\\/451136416_819572810285040_6011249965730410230_n.jpg\",\"keywords\":[\"Alberto Fern\u00e1ndez\",\"Denuncia\",\"Fabiola Ya\u00f1ez\",\"Fotos\"],\"articleSection\":[\"Politica\"],\"inLanguage\":\"es\",\"potentialAction\":[{\"@type\":\"CommentAction\",\"name\":\"Comment\",\"target\":[\"https:\\\/\\\/informelitoral.com.ar\\\/aparecieron-las-fotos-de-fabiola-yanez-golpeada\\\/#respond\"]}]},{\"@type\":\"WebPage\",\"@id\":\"https:\\\/\\\/informelitoral.com.ar\\\/aparecieron-las-fotos-de-fabiola-yanez-golpeada\\\/\",\"url\":\"https:\\\/\\\/informelitoral.com.ar\\\/aparecieron-las-fotos-de-fabiola-yanez-golpeada\\\/\",\"name\":\"Aparecieron las fotos de Fabiola Ya\u00f1ez golpeada - Informe Litoral\",\"isPartOf\":{\"@id\":\"https:\\\/\\\/informelitoral.com.ar\\\/#website\"},\"primaryImageOfPage\":{\"@id\":\"https:\\\/\\\/informelitoral.com.ar\\\/aparecieron-las-fotos-de-fabiola-yanez-golpeada\\\/#primaryimage\"},\"image\":{\"@id\":\"https:\\\/\\\/informelitoral.com.ar\\\/aparecieron-las-fotos-de-fabiola-yanez-golpeada\\\/#primaryimage\"},\"thumbnailUrl\":\"https:\\\/\\\/informelitoral.com.ar\\\/%77%70%2d%63%6f%6e%74%65%6e%74\\\/uploads\\\/2024\\\/08\\\/451136416_819572810285040_6011249965730410230_n.jpg\",\"datePublished\":\"2024-08-09T01:19:39+00:00\",\"dateModified\":\"2024-08-09T02:17:48+00:00\",\"breadcrumb\":{\"@id\":\"https:\\\/\\\/informelitoral.com.ar\\\/aparecieron-las-fotos-de-fabiola-yanez-golpeada\\\/#breadcrumb\"},\"inLanguage\":\"es\",\"potentialAction\":[{\"@type\":\"ReadAction\",\"target\":[\"https:\\\/\\\/informelitoral.com.ar\\\/aparecieron-las-fotos-de-fabiola-yanez-golpeada\\\/\"]}]},{\"@type\":\"ImageObject\",\"inLanguage\":\"es\",\"@id\":\"https:\\\/\\\/informelitoral.com.ar\\\/aparecieron-las-fotos-de-fabiola-yanez-golpeada\\\/#primaryimage\",\"url\":\"https:\\\/\\\/informelitoral.com.ar\\\/%77%70%2d%63%6f%6e%74%65%6e%74\\\/uploads\\\/2024\\\/08\\\/451136416_819572810285040_6011249965730410230_n.jpg\",\"contentUrl\":\"https:\\\/\\\/informelitoral.com.ar\\\/%77%70%2d%63%6f%6e%74%65%6e%74\\\/uploads\\\/2024\\\/08\\\/451136416_819572810285040_6011249965730410230_n.jpg\",\"width\":1080,\"height\":1080},{\"@type\":\"BreadcrumbList\",\"@id\":\"https:\\\/\\\/informelitoral.com.ar\\\/aparecieron-las-fotos-de-fabiola-yanez-golpeada\\\/#breadcrumb\",\"itemListElement\":[{\"@type\":\"ListItem\",\"position\":1,\"name\":\"Portada\",\"item\":\"https:\\\/\\\/informelitoral.com.ar\\\/\"},{\"@type\":\"ListItem\",\"position\":2,\"name\":\"Aparecieron las fotos de Fabiola Ya\u00f1ez golpeada\"}]},{\"@type\":\"WebSite\",\"@id\":\"https:\\\/\\\/informelitoral.com.ar\\\/#website\",\"url\":\"https:\\\/\\\/informelitoral.com.ar\\\/\",\"name\":\"Informe Litoral\",\"description\":\"&quot;Nos informamos&quot; \",\"publisher\":{\"@id\":\"https:\\\/\\\/informelitoral.com.ar\\\/#organization\"},\"potentialAction\":[{\"@type\":\"SearchAction\",\"target\":{\"@type\":\"EntryPoint\",\"urlTemplate\":\"https:\\\/\\\/informelitoral.com.ar\\\/?s={search_term_string}\"},\"query-input\":{\"@type\":\"PropertyValueSpecification\",\"valueRequired\":true,\"valueName\":\"search_term_string\"}}],\"inLanguage\":\"es\"},{\"@type\":\"Organization\",\"@id\":\"https:\\\/\\\/informelitoral.com.ar\\\/#organization\",\"name\":\"Informe Litoral\",\"url\":\"https:\\\/\\\/informelitoral.com.ar\\\/\",\"logo\":{\"@type\":\"ImageObject\",\"inLanguage\":\"es\",\"@id\":\"https:\\\/\\\/informelitoral.com.ar\\\/#\\\/schema\\\/logo\\\/image\\\/\",\"url\":\"https:\\\/\\\/informelitoral.com.ar\\\/%77%70%2d%63%6f%6e%74%65%6e%74\\\/uploads\\\/2021\\\/01\\\/circulo.png\",\"contentUrl\":\"https:\\\/\\\/informelitoral.com.ar\\\/%77%70%2d%63%6f%6e%74%65%6e%74\\\/uploads\\\/2021\\\/01\\\/circulo.png\",\"width\":723,\"height\":731,\"caption\":\"Informe Litoral\"},\"image\":{\"@id\":\"https:\\\/\\\/informelitoral.com.ar\\\/#\\\/schema\\\/logo\\\/image\\\/\"},\"sameAs\":[\"https:\\\/\\\/www.facebook.com\\\/informelitoral\\\/\",\"https:\\\/\\\/x.com\\\/InformeLitoral\",\"https:\\\/\\\/www.instagram.com\\\/informelitoral\\\/\",\"https:\\\/\\\/www.youtube.com\\\/channel\\\/UCua4Qvz8Icb6MYqhoq9xLXw\"]},{\"@type\":\"Person\",\"@id\":\"https:\\\/\\\/informelitoral.com.ar\\\/#\\\/schema\\\/person\\\/f05f9f461677119578717524b127d6d5\",\"name\":\"Sebastian\",\"image\":{\"@type\":\"ImageObject\",\"inLanguage\":\"es\",\"@id\":\"https:\\\/\\\/secure.gravatar.com\\\/avatar\\\/b71bf7481d447dfb9583c7f2798e7cc64de6efb9067b74633ed8c31059a3bd82?s=96&d=mm&r=g\",\"url\":\"https:\\\/\\\/secure.gravatar.com\\\/avatar\\\/b71bf7481d447dfb9583c7f2798e7cc64de6efb9067b74633ed8c31059a3bd82?s=96&d=mm&r=g\",\"contentUrl\":\"https:\\\/\\\/secure.gravatar.com\\\/avatar\\\/b71bf7481d447dfb9583c7f2798e7cc64de6efb9067b74633ed8c31059a3bd82?s=96&d=mm&r=g\",\"caption\":\"Sebastian\"},\"url\":\"https:\\\/\\\/informelitoral.com.ar\\\/author\\\/sebastian\\\/\"}]}<\/script>","yoast_head_json":{"title":"Aparecieron las fotos de Fabiola Ya\u00f1ez golpeada - Informe Litoral","robots":{"index":"index","follow":"follow","max-snippet":"max-snippet:-1","max-image-preview":"max-image-preview:large","max-video-preview":"max-video-preview:-1"},"canonical":"https:\/\/informelitoral.com.ar\/aparecieron-las-fotos-de-fabiola-yanez-golpeada\/","og_locale":"es_ES","og_type":"article","og_title":"Aparecieron las fotos de Fabiola Ya\u00f1ez golpeada - Informe Litoral","og_description":"Se filtraron las fotos y los chat que acompa\u00f1an la denuncia de la exprimera dama contra el expresidente, Alberto Fern\u00e1ndez.","og_url":"https:\/\/informelitoral.com.ar\/aparecieron-las-fotos-de-fabiola-yanez-golpeada\/","og_site_name":"Informe Litoral","article_publisher":"https:\/\/www.facebook.com\/informelitoral\/","article_published_time":"2024-08-09T01:19:39+00:00","article_modified_time":"2024-08-09T02:17:48+00:00","og_image":[{"width":1080,"height":1080,"url":"https:\/\/informelitoral.com.ar\/%77%70%2d%63%6f%6e%74%65%6e%74\/uploads\/2024\/08\/451136416_819572810285040_6011249965730410230_n.jpg","type":"image\/jpeg"}],"author":"Sebastian","twitter_card":"summary_large_image","twitter_creator":"@InformeLitoral","twitter_site":"@InformeLitoral","twitter_misc":{"Escrito por":"Sebastian","Tiempo de lectura":"3 minutos"},"schema":{"@context":"https:\/\/schema.org","@graph":[{"@type":"Article","@id":"https:\/\/informelitoral.com.ar\/aparecieron-las-fotos-de-fabiola-yanez-golpeada\/#article","isPartOf":{"@id":"https:\/\/informelitoral.com.ar\/aparecieron-las-fotos-de-fabiola-yanez-golpeada\/"},"author":{"name":"Sebastian","@id":"https:\/\/informelitoral.com.ar\/#\/schema\/person\/f05f9f461677119578717524b127d6d5"},"headline":"Aparecieron las fotos de Fabiola Ya\u00f1ez golpeada","datePublished":"2024-08-09T01:19:39+00:00","dateModified":"2024-08-09T02:17:48+00:00","mainEntityOfPage":{"@id":"https:\/\/informelitoral.com.ar\/aparecieron-las-fotos-de-fabiola-yanez-golpeada\/"},"wordCount":522,"commentCount":0,"publisher":{"@id":"https:\/\/informelitoral.com.ar\/#organization"},"image":{"@id":"https:\/\/informelitoral.com.ar\/aparecieron-las-fotos-de-fabiola-yanez-golpeada\/#primaryimage"},"thumbnailUrl":"https:\/\/informelitoral.com.ar\/%77%70%2d%63%6f%6e%74%65%6e%74\/uploads\/2024\/08\/451136416_819572810285040_6011249965730410230_n.jpg","keywords":["Alberto Fern\u00e1ndez","Denuncia","Fabiola Ya\u00f1ez","Fotos"],"articleSection":["Politica"],"inLanguage":"es","potentialAction":[{"@type":"CommentAction","name":"Comment","target":["https:\/\/informelitoral.com.ar\/aparecieron-las-fotos-de-fabiola-yanez-golpeada\/#respond"]}]},{"@type":"WebPage","@id":"https:\/\/informelitoral.com.ar\/aparecieron-las-fotos-de-fabiola-yanez-golpeada\/","url":"https:\/\/informelitoral.com.ar\/aparecieron-las-fotos-de-fabiola-yanez-golpeada\/","name":"Aparecieron las fotos de Fabiola Ya\u00f1ez golpeada - Informe Litoral","isPartOf":{"@id":"https:\/\/informelitoral.com.ar\/#website"},"primaryImageOfPage":{"@id":"https:\/\/informelitoral.com.ar\/aparecieron-las-fotos-de-fabiola-yanez-golpeada\/#primaryimage"},"image":{"@id":"https:\/\/informelitoral.com.ar\/aparecieron-las-fotos-de-fabiola-yanez-golpeada\/#primaryimage"},"thumbnailUrl":"https:\/\/informelitoral.com.ar\/%77%70%2d%63%6f%6e%74%65%6e%74\/uploads\/2024\/08\/451136416_819572810285040_6011249965730410230_n.jpg","datePublished":"2024-08-09T01:19:39+00:00","dateModified":"2024-08-09T02:17:48+00:00","breadcrumb":{"@id":"https:\/\/informelitoral.com.ar\/aparecieron-las-fotos-de-fabiola-yanez-golpeada\/#breadcrumb"},"inLanguage":"es","potentialAction":[{"@type":"ReadAction","target":["https:\/\/informelitoral.com.ar\/aparecieron-las-fotos-de-fabiola-yanez-golpeada\/"]}]},{"@type":"ImageObject","inLanguage":"es","@id":"https:\/\/informelitoral.com.ar\/aparecieron-las-fotos-de-fabiola-yanez-golpeada\/#primaryimage","url":"https:\/\/informelitoral.com.ar\/%77%70%2d%63%6f%6e%74%65%6e%74\/uploads\/2024\/08\/451136416_819572810285040_6011249965730410230_n.jpg","contentUrl":"https:\/\/informelitoral.com.ar\/%77%70%2d%63%6f%6e%74%65%6e%74\/uploads\/2024\/08\/451136416_819572810285040_6011249965730410230_n.jpg","width":1080,"height":1080},{"@type":"BreadcrumbList","@id":"https:\/\/informelitoral.com.ar\/aparecieron-las-fotos-de-fabiola-yanez-golpeada\/#breadcrumb","itemListElement":[{"@type":"ListItem","position":1,"name":"Portada","item":"https:\/\/informelitoral.com.ar\/"},{"@type":"ListItem","position":2,"name":"Aparecieron las fotos de Fabiola Ya\u00f1ez golpeada"}]},{"@type":"WebSite","@id":"https:\/\/informelitoral.com.ar\/#website","url":"https:\/\/informelitoral.com.ar\/","name":"Informe Litoral","description":"&quot;Nos informamos&quot; ","publisher":{"@id":"https:\/\/informelitoral.com.ar\/#organization"},"potentialAction":[{"@type":"SearchAction","target":{"@type":"EntryPoint","urlTemplate":"https:\/\/informelitoral.com.ar\/?s={search_term_string}"},"query-input":{"@type":"PropertyValueSpecification","valueRequired":true,"valueName":"search_term_string"}}],"inLanguage":"es"},{"@type":"Organization","@id":"https:\/\/informelitoral.com.ar\/#organization","name":"Informe Litoral","url":"https:\/\/informelitoral.com.ar\/","logo":{"@type":"ImageObject","inLanguage":"es","@id":"https:\/\/informelitoral.com.ar\/#\/schema\/logo\/image\/","url":"https:\/\/informelitoral.com.ar\/%77%70%2d%63%6f%6e%74%65%6e%74\/uploads\/2021\/01\/circulo.png","contentUrl":"https:\/\/informelitoral.com.ar\/%77%70%2d%63%6f%6e%74%65%6e%74\/uploads\/2021\/01\/circulo.png","width":723,"height":731,"caption":"Informe Litoral"},"image":{"@id":"https:\/\/informelitoral.com.ar\/#\/schema\/logo\/image\/"},"sameAs":["https:\/\/www.facebook.com\/informelitoral\/","https:\/\/x.com\/InformeLitoral","https:\/\/www.instagram.com\/informelitoral\/","https:\/\/www.youtube.com\/channel\/UCua4Qvz8Icb6MYqhoq9xLXw"]},{"@type":"Person","@id":"https:\/\/informelitoral.com.ar\/#\/schema\/person\/f05f9f461677119578717524b127d6d5","name":"Sebastian","image":{"@type":"ImageObject","inLanguage":"es","@id":"https:\/\/secure.gravatar.com\/avatar\/b71bf7481d447dfb9583c7f2798e7cc64de6efb9067b74633ed8c31059a3bd82?s=96&d=mm&r=g","url":"https:\/\/secure.gravatar.com\/avatar\/b71bf7481d447dfb9583c7f2798e7cc64de6efb9067b74633ed8c31059a3bd82?s=96&d=mm&r=g","contentUrl":"https:\/\/secure.gravatar.com\/avatar\/b71bf7481d447dfb9583c7f2798e7cc64de6efb9067b74633ed8c31059a3bd82?s=96&d=mm&r=g","caption":"Sebastian"},"url":"https:\/\/informelitoral.com.ar\/author\/sebastian\/"}]}},"_links":{"self":[{"href":"https:\/\/informelitoral.com.ar\/%77%70%2d%6a%73%6f%6e\/wp\/v2\/posts\/193977","targetHints":{"allow":["GET"]}}],"collection":[{"href":"https:\/\/informelitoral.com.ar\/%77%70%2d%6a%73%6f%6e\/wp\/v2\/posts"}],"about":[{"href":"https:\/\/informelitoral.com.ar\/%77%70%2d%6a%73%6f%6e\/wp\/v2\/types\/post"}],"author":[{"embeddable":true,"href":"https:\/\/informelitoral.com.ar\/%77%70%2d%6a%73%6f%6e\/wp\/v2\/users\/8"}],"replies":[{"embeddable":true,"href":"https:\/\/informelitoral.com.ar\/%77%70%2d%6a%73%6f%6e\/wp\/v2\/comments?post=193977"}],"version-history":[{"count":0,"href":"https:\/\/informelitoral.com.ar\/%77%70%2d%6a%73%6f%6e\/wp\/v2\/posts\/193977\/revisions"}],"wp:featuredmedia":[{"embeddable":true,"href":"https:\/\/informelitoral.com.ar\/%77%70%2d%6a%73%6f%6e\/wp\/v2\/media\/193978"}],"wp:attachment":[{"href":"https:\/\/informelitoral.com.ar\/%77%70%2d%6a%73%6f%6e\/wp\/v2\/media?parent=193977"}],"wp:term":[{"taxonomy":"category","embeddable":true,"href":"https:\/\/informelitoral.com.ar\/%77%70%2d%6a%73%6f%6e\/wp\/v2\/categories?post=193977"},{"taxonomy":"post_tag","embeddable":true,"href":"https:\/\/informelitoral.com.ar\/%77%70%2d%6a%73%6f%6e\/wp\/v2\/tags?post=193977"}],"curies":[{"name":"wp","href":"https:\/\/api.w.org\/{rel}","templated":true}]}}