{"id":1936,"date":"2013-05-26T22:11:06","date_gmt":"2013-05-27T01:11:06","guid":{"rendered":"http:\/\/www.isletasnoticias.com.ar\/?p=1936"},"modified":"2013-05-26T22:11:06","modified_gmt":"2013-05-27T01:11:06","slug":"automovilismo-ganaron-de-diego-herlein-y-trossero","status":"publish","type":"post","link":"https:\/\/informelitoral.com.ar\/automovilismo-ganaron-de-diego-herlein-y-trossero\/","title":{"rendered":"Automovilismo: Ganaron De Diego, Herlein y Trossero"},"content":{"rendered":"<p><span style=\"color: #666666; font-size: medium;\">\u00a0<strong> <span style=\"color: #000000;\">Treinta autos animaron la segunda fecha del SP 1000 Diamantino y de la F\u00f3rmula Renault Entrerriana, este domingo 26 de mayo, en el Circuito &#8216;Don Tito&#8217; de Libertador San Mart\u00edn. La pr\u00f3xima ser\u00e1 en el mismo escenario el 16 de junio.<\/span><\/strong><\/span><\/p>\n<p><strong>POSICIONES FINALES:<a href=\"http:\/\/www.isletasnoticias.com.ar\/%77%70%2d%63%6f%6e%74%65%6e%74\/uploads\/2013\/05\/pancho.jpg\"><img loading=\"lazy\" decoding=\"async\" class=\"size-medium wp-image-1937 alignright\" title=\"El piloto de Costa Grande Francisco &quot;Pancho&quot; de Diego se qued\u00f3 con el primer puesto en la Clase A\" alt=\"pancho\" src=\"http:\/\/www.isletasnoticias.com.ar\/%77%70%2d%63%6f%6e%74%65%6e%74\/uploads\/2013\/05\/pancho-300x225.jpg\" width=\"300\" height=\"225\" srcset=\"https:\/\/informelitoral.com.ar\/%77%70%2d%63%6f%6e%74%65%6e%74\/uploads\/2013\/05\/pancho-300x225.jpg 300w, https:\/\/informelitoral.com.ar\/%77%70%2d%63%6f%6e%74%65%6e%74\/uploads\/2013\/05\/pancho.jpg 960w\" sizes=\"auto, (max-width: 300px) 100vw, 300px\" \/><\/a><\/strong><\/p>\n<p><b>*SP 1000 CLASE \u2018A\u2019\u00a0<\/b>(8 autos, 15 vueltas)<br \/>\n1\u00b0) <strong>Francisco De Diego<\/strong> (Costa Grande)<br \/>\n2\u00b0) <strong>Lucas Trossero<\/strong> (Puiggari)<br \/>\n3\u00b0) <strong>Pablo Gieco<\/strong> (Diamante)<br \/>\n4\u00b0) <strong>Rafael Naibert<\/strong> (Crespo)<br \/>\n5\u00b0) <strong>Gabriel Herlein<\/strong> (Nogoy\u00e1)<br \/>\n6\u00b0) <strong>Germ\u00e1n Gieco<\/strong> (Diamante)<br \/>\nGanadores de series: <strong>Pablo Gieco<\/strong> (primera) y <strong>Rafael Naiber<\/strong>t (segunda).<\/p>\n<p><b>*SP 1000 CLASE \u2018B\u2019<\/b>\u00a0(15 autos, 15 vueltas)<br \/>\n1\u00b0) <strong>Facundo Herlein<\/strong> (Nogoy\u00e1)<br \/>\n2\u00b0)<strong> Alexis Heinze<\/strong> (Costa Grande)<br \/>\n3\u00b0) <strong>Patricio Gim\u00e9nez<\/strong> (Crespo)<br \/>\n4\u00b0) <strong>Alejandro Hern\u00e1ndez<\/strong> (Crespo)<br \/>\n5\u00b0) <strong>Jos\u00e9 Diez<\/strong> (Nogoy\u00e1)<br \/>\n6\u00b0) <strong>Ariel Reynoso<\/strong> (Nogoy\u00e1)<br \/>\n7\u00b0) <strong>Dami\u00e1n Venutti<\/strong> (Crespo)<br \/>\n8\u00b0) <strong>Juan Alberto Tonutti<\/strong> (Puiggari)<br \/>\n9\u00b0)<strong> Ariel Erbes<\/strong> (Aldea Protestante)<br \/>\n10\u00b0) <strong>Juan Ignacio Herlein<\/strong> (Nogoy\u00e1)<br \/>\n11\u00b0) <strong>Alexis Block<\/strong> (Lib. San Mart\u00edn)<br \/>\n12\u00b0) <strong>Abel Mayer<\/strong> (Ram\u00edrez)<br \/>\nGanadores de series: <strong>Juan Herlein<\/strong> (primera) y <strong>Alexis Block<\/strong> (segunda).<\/p>\n<p><b>*FORMULA RENAULT ENTRERRIANA<\/b>\u00a0(7 autos, 10 vueltas)<br \/>\n1\u00b0) <strong>Lucas Trossero<\/strong> (Puiggari)<br \/>\n2\u00b0)<strong> Walter Buch<\/strong> (Crespo)<br \/>\n3\u00b0) <strong>Osvaldo Kessler<\/strong> (Lib. San Mart\u00edn)<br \/>\n4\u00b0)<strong> Gabriel Trossero<\/strong> (Puiggari)<br \/>\n5\u00b0) <strong>Gabriel Garc\u00eda<\/strong> (Gob. Etchevehere)<br \/>\n6\u00b0)<strong> Juli\u00e1n Bonn\u00edn<\/strong> (Valle Mar\u00eda)<\/p>\n<p>Gustavo Pussineri (Prensa SP 1000 Diamantino)<\/p>\n","protected":false},"excerpt":{"rendered":"<p>&nbsp; Treinta autos animaron la segunda fecha del SP 1000 Diamantino y de la F&oacute;rmula Renault Entrerriana, este domingo 26 de mayo, en el Circuito &lsquo;Don Tito&rsquo; de Libertador San Mart&iacute;n. La pr&oacute;xima ser&aacute; en el mismo escenario el 16 de junio. POSICIONES FINALES: *SP 1000 CLASE &lsquo;A&rsquo;&nbsp;(8 autos, 15 vueltas) 1&deg;) Francisco De Diego [&hellip;]<\/p>\n","protected":false},"author":2,"featured_media":0,"comment_status":"open","ping_status":"open","sticky":false,"template":"","format":"standard","meta":{"fifu_image_url":"","fifu_image_alt":"","footnotes":""},"categories":[5,13],"tags":[],"class_list":{"0":"post-1936","1":"post","2":"type-post","3":"status-publish","4":"format-standard","6":"category-zonales","7":"category-deportes"},"yoast_head":"<title>Automovilismo: Ganaron De Diego, Herlein y Trossero - Informe Litoral<\/title>\n<meta name=\"robots\" content=\"index, follow, max-snippet:-1, max-image-preview:large, max-video-preview:-1\" \/>\n<link rel=\"canonical\" href=\"https:\/\/informelitoral.com.ar\/automovilismo-ganaron-de-diego-herlein-y-trossero\/\" \/>\n<meta property=\"og:locale\" content=\"es_ES\" \/>\n<meta property=\"og:type\" content=\"article\" \/>\n<meta property=\"og:title\" content=\"Automovilismo: Ganaron De Diego, Herlein y Trossero - Informe Litoral\" \/>\n<meta property=\"og:description\" content=\"&nbsp; Treinta autos animaron la segunda fecha del SP 1000 Diamantino y de la F&oacute;rmula Renault Entrerriana, este domingo 26 de mayo, en el Circuito &lsquo;Don Tito&rsquo; de Libertador San Mart&iacute;n. La pr&oacute;xima ser&aacute; en el mismo escenario el 16 de junio. POSICIONES FINALES: *SP 1000 CLASE &lsquo;A&rsquo;&nbsp;(8 autos, 15 vueltas) 1&deg;) Francisco De Diego [&hellip;]\" \/>\n<meta property=\"og:url\" content=\"https:\/\/informelitoral.com.ar\/automovilismo-ganaron-de-diego-herlein-y-trossero\/\" \/>\n<meta property=\"og:site_name\" content=\"Informe Litoral\" \/>\n<meta property=\"article:publisher\" content=\"https:\/\/www.facebook.com\/informelitoral\/\" \/>\n<meta property=\"article:published_time\" content=\"2013-05-27T01:11:06+00:00\" \/>\n<meta property=\"og:image\" content=\"https:\/\/informelitoral.com.ar\/%77%70%2d%63%6f%6e%74%65%6e%74\/uploads\/2013\/05\/pancho.jpg\" \/>\n\t<meta property=\"og:image:width\" content=\"960\" \/>\n\t<meta property=\"og:image:height\" content=\"720\" \/>\n\t<meta property=\"og:image:type\" content=\"image\/jpeg\" \/>\n<meta name=\"author\" content=\"Gonzalo Schmidt\" \/>\n<meta name=\"twitter:card\" content=\"summary_large_image\" \/>\n<meta name=\"twitter:creator\" content=\"@InformeLitoral\" \/>\n<meta name=\"twitter:site\" content=\"@InformeLitoral\" \/>\n<meta name=\"twitter:label1\" content=\"Escrito por\" \/>\n\t<meta name=\"twitter:data1\" content=\"Gonzalo Schmidt\" \/>\n\t<meta name=\"twitter:label2\" content=\"Tiempo de lectura\" \/>\n\t<meta name=\"twitter:data2\" content=\"1 minuto\" \/>\n<script type=\"application\/ld+json\" class=\"yoast-schema-graph\">{\"@context\":\"https:\\\/\\\/schema.org\",\"@graph\":[{\"@type\":\"Article\",\"@id\":\"https:\\\/\\\/informelitoral.com.ar\\\/automovilismo-ganaron-de-diego-herlein-y-trossero\\\/#article\",\"isPartOf\":{\"@id\":\"https:\\\/\\\/informelitoral.com.ar\\\/automovilismo-ganaron-de-diego-herlein-y-trossero\\\/\"},\"author\":{\"name\":\"Gonzalo Schmidt\",\"@id\":\"https:\\\/\\\/informelitoral.com.ar\\\/#\\\/schema\\\/person\\\/b9d00407c836482871ef1d57bf8e3180\"},\"headline\":\"Automovilismo: Ganaron De Diego, Herlein y Trossero\",\"datePublished\":\"2013-05-27T01:11:06+00:00\",\"mainEntityOfPage\":{\"@id\":\"https:\\\/\\\/informelitoral.com.ar\\\/automovilismo-ganaron-de-diego-herlein-y-trossero\\\/\"},\"wordCount\":185,\"commentCount\":0,\"publisher\":{\"@id\":\"https:\\\/\\\/informelitoral.com.ar\\\/#organization\"},\"image\":{\"@id\":\"https:\\\/\\\/informelitoral.com.ar\\\/automovilismo-ganaron-de-diego-herlein-y-trossero\\\/#primaryimage\"},\"thumbnailUrl\":\"http:\\\/\\\/www.isletasnoticias.com.ar\\\/%77%70%2d%63%6f%6e%74%65%6e%74\\\/uploads\\\/2013\\\/05\\\/pancho-300x225.jpg\",\"articleSection\":[\"Departamento Diamante\",\"Deportes\"],\"inLanguage\":\"es\",\"potentialAction\":[{\"@type\":\"CommentAction\",\"name\":\"Comment\",\"target\":[\"https:\\\/\\\/informelitoral.com.ar\\\/automovilismo-ganaron-de-diego-herlein-y-trossero\\\/#respond\"]}]},{\"@type\":\"WebPage\",\"@id\":\"https:\\\/\\\/informelitoral.com.ar\\\/automovilismo-ganaron-de-diego-herlein-y-trossero\\\/\",\"url\":\"https:\\\/\\\/informelitoral.com.ar\\\/automovilismo-ganaron-de-diego-herlein-y-trossero\\\/\",\"name\":\"Automovilismo: Ganaron De Diego, Herlein y Trossero - Informe Litoral\",\"isPartOf\":{\"@id\":\"https:\\\/\\\/informelitoral.com.ar\\\/#website\"},\"primaryImageOfPage\":{\"@id\":\"https:\\\/\\\/informelitoral.com.ar\\\/automovilismo-ganaron-de-diego-herlein-y-trossero\\\/#primaryimage\"},\"image\":{\"@id\":\"https:\\\/\\\/informelitoral.com.ar\\\/automovilismo-ganaron-de-diego-herlein-y-trossero\\\/#primaryimage\"},\"thumbnailUrl\":\"http:\\\/\\\/www.isletasnoticias.com.ar\\\/%77%70%2d%63%6f%6e%74%65%6e%74\\\/uploads\\\/2013\\\/05\\\/pancho-300x225.jpg\",\"datePublished\":\"2013-05-27T01:11:06+00:00\",\"breadcrumb\":{\"@id\":\"https:\\\/\\\/informelitoral.com.ar\\\/automovilismo-ganaron-de-diego-herlein-y-trossero\\\/#breadcrumb\"},\"inLanguage\":\"es\",\"potentialAction\":[{\"@type\":\"ReadAction\",\"target\":[\"https:\\\/\\\/informelitoral.com.ar\\\/automovilismo-ganaron-de-diego-herlein-y-trossero\\\/\"]}]},{\"@type\":\"ImageObject\",\"inLanguage\":\"es\",\"@id\":\"https:\\\/\\\/informelitoral.com.ar\\\/automovilismo-ganaron-de-diego-herlein-y-trossero\\\/#primaryimage\",\"url\":\"http:\\\/\\\/www.isletasnoticias.com.ar\\\/%77%70%2d%63%6f%6e%74%65%6e%74\\\/uploads\\\/2013\\\/05\\\/pancho-300x225.jpg\",\"contentUrl\":\"http:\\\/\\\/www.isletasnoticias.com.ar\\\/%77%70%2d%63%6f%6e%74%65%6e%74\\\/uploads\\\/2013\\\/05\\\/pancho-300x225.jpg\"},{\"@type\":\"BreadcrumbList\",\"@id\":\"https:\\\/\\\/informelitoral.com.ar\\\/automovilismo-ganaron-de-diego-herlein-y-trossero\\\/#breadcrumb\",\"itemListElement\":[{\"@type\":\"ListItem\",\"position\":1,\"name\":\"Portada\",\"item\":\"https:\\\/\\\/informelitoral.com.ar\\\/\"},{\"@type\":\"ListItem\",\"position\":2,\"name\":\"Automovilismo: Ganaron De Diego, Herlein y Trossero\"}]},{\"@type\":\"WebSite\",\"@id\":\"https:\\\/\\\/informelitoral.com.ar\\\/#website\",\"url\":\"https:\\\/\\\/informelitoral.com.ar\\\/\",\"name\":\"Informe Litoral\",\"description\":\"&quot;Nos informamos&quot; \",\"publisher\":{\"@id\":\"https:\\\/\\\/informelitoral.com.ar\\\/#organization\"},\"potentialAction\":[{\"@type\":\"SearchAction\",\"target\":{\"@type\":\"EntryPoint\",\"urlTemplate\":\"https:\\\/\\\/informelitoral.com.ar\\\/?s={search_term_string}\"},\"query-input\":{\"@type\":\"PropertyValueSpecification\",\"valueRequired\":true,\"valueName\":\"search_term_string\"}}],\"inLanguage\":\"es\"},{\"@type\":\"Organization\",\"@id\":\"https:\\\/\\\/informelitoral.com.ar\\\/#organization\",\"name\":\"Informe Litoral\",\"url\":\"https:\\\/\\\/informelitoral.com.ar\\\/\",\"logo\":{\"@type\":\"ImageObject\",\"inLanguage\":\"es\",\"@id\":\"https:\\\/\\\/informelitoral.com.ar\\\/#\\\/schema\\\/logo\\\/image\\\/\",\"url\":\"https:\\\/\\\/informelitoral.com.ar\\\/%77%70%2d%63%6f%6e%74%65%6e%74\\\/uploads\\\/2021\\\/01\\\/circulo.png\",\"contentUrl\":\"https:\\\/\\\/informelitoral.com.ar\\\/%77%70%2d%63%6f%6e%74%65%6e%74\\\/uploads\\\/2021\\\/01\\\/circulo.png\",\"width\":723,\"height\":731,\"caption\":\"Informe Litoral\"},\"image\":{\"@id\":\"https:\\\/\\\/informelitoral.com.ar\\\/#\\\/schema\\\/logo\\\/image\\\/\"},\"sameAs\":[\"https:\\\/\\\/www.facebook.com\\\/informelitoral\\\/\",\"https:\\\/\\\/x.com\\\/InformeLitoral\",\"https:\\\/\\\/www.instagram.com\\\/informelitoral\\\/\",\"https:\\\/\\\/www.youtube.com\\\/channel\\\/UCua4Qvz8Icb6MYqhoq9xLXw\"]},{\"@type\":\"Person\",\"@id\":\"https:\\\/\\\/informelitoral.com.ar\\\/#\\\/schema\\\/person\\\/b9d00407c836482871ef1d57bf8e3180\",\"name\":\"Gonzalo Schmidt\",\"image\":{\"@type\":\"ImageObject\",\"inLanguage\":\"es\",\"@id\":\"https:\\\/\\\/secure.gravatar.com\\\/avatar\\\/31a1a7b66ff2de83bd0e9fd79d026630d2d99e55e8bfe501287647b4fd9743de?s=96&d=mm&r=g\",\"url\":\"https:\\\/\\\/secure.gravatar.com\\\/avatar\\\/31a1a7b66ff2de83bd0e9fd79d026630d2d99e55e8bfe501287647b4fd9743de?s=96&d=mm&r=g\",\"contentUrl\":\"https:\\\/\\\/secure.gravatar.com\\\/avatar\\\/31a1a7b66ff2de83bd0e9fd79d026630d2d99e55e8bfe501287647b4fd9743de?s=96&d=mm&r=g\",\"caption\":\"Gonzalo Schmidt\"},\"description\":\"Sitio web de noticias de la provincia de Entre R\u00edos, Argentina. Informaci\u00f3n y entretenimiento. Informe Litoral, nos informamos.\",\"sameAs\":[\"http:\\\/\\\/www.isletasnoticias.com.ar\"],\"url\":\"https:\\\/\\\/informelitoral.com.ar\\\/author\\\/gonzalo\\\/\"}]}<\/script>","yoast_head_json":{"title":"Automovilismo: Ganaron De Diego, Herlein y Trossero - Informe Litoral","robots":{"index":"index","follow":"follow","max-snippet":"max-snippet:-1","max-image-preview":"max-image-preview:large","max-video-preview":"max-video-preview:-1"},"canonical":"https:\/\/informelitoral.com.ar\/automovilismo-ganaron-de-diego-herlein-y-trossero\/","og_locale":"es_ES","og_type":"article","og_title":"Automovilismo: Ganaron De Diego, Herlein y Trossero - Informe Litoral","og_description":"&nbsp; Treinta autos animaron la segunda fecha del SP 1000 Diamantino y de la F&oacute;rmula Renault Entrerriana, este domingo 26 de mayo, en el Circuito &lsquo;Don Tito&rsquo; de Libertador San Mart&iacute;n. La pr&oacute;xima ser&aacute; en el mismo escenario el 16 de junio. POSICIONES FINALES: *SP 1000 CLASE &lsquo;A&rsquo;&nbsp;(8 autos, 15 vueltas) 1&deg;) Francisco De Diego [&hellip;]","og_url":"https:\/\/informelitoral.com.ar\/automovilismo-ganaron-de-diego-herlein-y-trossero\/","og_site_name":"Informe Litoral","article_publisher":"https:\/\/www.facebook.com\/informelitoral\/","article_published_time":"2013-05-27T01:11:06+00:00","og_image":[{"width":960,"height":720,"url":"https:\/\/informelitoral.com.ar\/%77%70%2d%63%6f%6e%74%65%6e%74\/uploads\/2013\/05\/pancho.jpg","type":"image\/jpeg"}],"author":"Gonzalo Schmidt","twitter_card":"summary_large_image","twitter_creator":"@InformeLitoral","twitter_site":"@InformeLitoral","twitter_misc":{"Escrito por":"Gonzalo Schmidt","Tiempo de lectura":"1 minuto"},"schema":{"@context":"https:\/\/schema.org","@graph":[{"@type":"Article","@id":"https:\/\/informelitoral.com.ar\/automovilismo-ganaron-de-diego-herlein-y-trossero\/#article","isPartOf":{"@id":"https:\/\/informelitoral.com.ar\/automovilismo-ganaron-de-diego-herlein-y-trossero\/"},"author":{"name":"Gonzalo Schmidt","@id":"https:\/\/informelitoral.com.ar\/#\/schema\/person\/b9d00407c836482871ef1d57bf8e3180"},"headline":"Automovilismo: Ganaron De Diego, Herlein y Trossero","datePublished":"2013-05-27T01:11:06+00:00","mainEntityOfPage":{"@id":"https:\/\/informelitoral.com.ar\/automovilismo-ganaron-de-diego-herlein-y-trossero\/"},"wordCount":185,"commentCount":0,"publisher":{"@id":"https:\/\/informelitoral.com.ar\/#organization"},"image":{"@id":"https:\/\/informelitoral.com.ar\/automovilismo-ganaron-de-diego-herlein-y-trossero\/#primaryimage"},"thumbnailUrl":"http:\/\/www.isletasnoticias.com.ar\/%77%70%2d%63%6f%6e%74%65%6e%74\/uploads\/2013\/05\/pancho-300x225.jpg","articleSection":["Departamento Diamante","Deportes"],"inLanguage":"es","potentialAction":[{"@type":"CommentAction","name":"Comment","target":["https:\/\/informelitoral.com.ar\/automovilismo-ganaron-de-diego-herlein-y-trossero\/#respond"]}]},{"@type":"WebPage","@id":"https:\/\/informelitoral.com.ar\/automovilismo-ganaron-de-diego-herlein-y-trossero\/","url":"https:\/\/informelitoral.com.ar\/automovilismo-ganaron-de-diego-herlein-y-trossero\/","name":"Automovilismo: Ganaron De Diego, Herlein y Trossero - Informe Litoral","isPartOf":{"@id":"https:\/\/informelitoral.com.ar\/#website"},"primaryImageOfPage":{"@id":"https:\/\/informelitoral.com.ar\/automovilismo-ganaron-de-diego-herlein-y-trossero\/#primaryimage"},"image":{"@id":"https:\/\/informelitoral.com.ar\/automovilismo-ganaron-de-diego-herlein-y-trossero\/#primaryimage"},"thumbnailUrl":"http:\/\/www.isletasnoticias.com.ar\/%77%70%2d%63%6f%6e%74%65%6e%74\/uploads\/2013\/05\/pancho-300x225.jpg","datePublished":"2013-05-27T01:11:06+00:00","breadcrumb":{"@id":"https:\/\/informelitoral.com.ar\/automovilismo-ganaron-de-diego-herlein-y-trossero\/#breadcrumb"},"inLanguage":"es","potentialAction":[{"@type":"ReadAction","target":["https:\/\/informelitoral.com.ar\/automovilismo-ganaron-de-diego-herlein-y-trossero\/"]}]},{"@type":"ImageObject","inLanguage":"es","@id":"https:\/\/informelitoral.com.ar\/automovilismo-ganaron-de-diego-herlein-y-trossero\/#primaryimage","url":"http:\/\/www.isletasnoticias.com.ar\/%77%70%2d%63%6f%6e%74%65%6e%74\/uploads\/2013\/05\/pancho-300x225.jpg","contentUrl":"http:\/\/www.isletasnoticias.com.ar\/%77%70%2d%63%6f%6e%74%65%6e%74\/uploads\/2013\/05\/pancho-300x225.jpg"},{"@type":"BreadcrumbList","@id":"https:\/\/informelitoral.com.ar\/automovilismo-ganaron-de-diego-herlein-y-trossero\/#breadcrumb","itemListElement":[{"@type":"ListItem","position":1,"name":"Portada","item":"https:\/\/informelitoral.com.ar\/"},{"@type":"ListItem","position":2,"name":"Automovilismo: Ganaron De Diego, Herlein y Trossero"}]},{"@type":"WebSite","@id":"https:\/\/informelitoral.com.ar\/#website","url":"https:\/\/informelitoral.com.ar\/","name":"Informe Litoral","description":"&quot;Nos informamos&quot; ","publisher":{"@id":"https:\/\/informelitoral.com.ar\/#organization"},"potentialAction":[{"@type":"SearchAction","target":{"@type":"EntryPoint","urlTemplate":"https:\/\/informelitoral.com.ar\/?s={search_term_string}"},"query-input":{"@type":"PropertyValueSpecification","valueRequired":true,"valueName":"search_term_string"}}],"inLanguage":"es"},{"@type":"Organization","@id":"https:\/\/informelitoral.com.ar\/#organization","name":"Informe Litoral","url":"https:\/\/informelitoral.com.ar\/","logo":{"@type":"ImageObject","inLanguage":"es","@id":"https:\/\/informelitoral.com.ar\/#\/schema\/logo\/image\/","url":"https:\/\/informelitoral.com.ar\/%77%70%2d%63%6f%6e%74%65%6e%74\/uploads\/2021\/01\/circulo.png","contentUrl":"https:\/\/informelitoral.com.ar\/%77%70%2d%63%6f%6e%74%65%6e%74\/uploads\/2021\/01\/circulo.png","width":723,"height":731,"caption":"Informe Litoral"},"image":{"@id":"https:\/\/informelitoral.com.ar\/#\/schema\/logo\/image\/"},"sameAs":["https:\/\/www.facebook.com\/informelitoral\/","https:\/\/x.com\/InformeLitoral","https:\/\/www.instagram.com\/informelitoral\/","https:\/\/www.youtube.com\/channel\/UCua4Qvz8Icb6MYqhoq9xLXw"]},{"@type":"Person","@id":"https:\/\/informelitoral.com.ar\/#\/schema\/person\/b9d00407c836482871ef1d57bf8e3180","name":"Gonzalo Schmidt","image":{"@type":"ImageObject","inLanguage":"es","@id":"https:\/\/secure.gravatar.com\/avatar\/31a1a7b66ff2de83bd0e9fd79d026630d2d99e55e8bfe501287647b4fd9743de?s=96&d=mm&r=g","url":"https:\/\/secure.gravatar.com\/avatar\/31a1a7b66ff2de83bd0e9fd79d026630d2d99e55e8bfe501287647b4fd9743de?s=96&d=mm&r=g","contentUrl":"https:\/\/secure.gravatar.com\/avatar\/31a1a7b66ff2de83bd0e9fd79d026630d2d99e55e8bfe501287647b4fd9743de?s=96&d=mm&r=g","caption":"Gonzalo Schmidt"},"description":"Sitio web de noticias de la provincia de Entre R\u00edos, Argentina. Informaci\u00f3n y entretenimiento. Informe Litoral, nos informamos.","sameAs":["http:\/\/www.isletasnoticias.com.ar"],"url":"https:\/\/informelitoral.com.ar\/author\/gonzalo\/"}]}},"_links":{"self":[{"href":"https:\/\/informelitoral.com.ar\/%77%70%2d%6a%73%6f%6e\/wp\/v2\/posts\/1936","targetHints":{"allow":["GET"]}}],"collection":[{"href":"https:\/\/informelitoral.com.ar\/%77%70%2d%6a%73%6f%6e\/wp\/v2\/posts"}],"about":[{"href":"https:\/\/informelitoral.com.ar\/%77%70%2d%6a%73%6f%6e\/wp\/v2\/types\/post"}],"author":[{"embeddable":true,"href":"https:\/\/informelitoral.com.ar\/%77%70%2d%6a%73%6f%6e\/wp\/v2\/users\/2"}],"replies":[{"embeddable":true,"href":"https:\/\/informelitoral.com.ar\/%77%70%2d%6a%73%6f%6e\/wp\/v2\/comments?post=1936"}],"version-history":[{"count":0,"href":"https:\/\/informelitoral.com.ar\/%77%70%2d%6a%73%6f%6e\/wp\/v2\/posts\/1936\/revisions"}],"wp:attachment":[{"href":"https:\/\/informelitoral.com.ar\/%77%70%2d%6a%73%6f%6e\/wp\/v2\/media?parent=1936"}],"wp:term":[{"taxonomy":"category","embeddable":true,"href":"https:\/\/informelitoral.com.ar\/%77%70%2d%6a%73%6f%6e\/wp\/v2\/categories?post=1936"},{"taxonomy":"post_tag","embeddable":true,"href":"https:\/\/informelitoral.com.ar\/%77%70%2d%6a%73%6f%6e\/wp\/v2\/tags?post=1936"}],"curies":[{"name":"wp","href":"https:\/\/api.w.org\/{rel}","templated":true}]}}