{"id":193524,"date":"2024-08-05T08:14:53","date_gmt":"2024-08-05T11:14:53","guid":{"rendered":"https:\/\/www.informelitoral.com.ar\/?p=193524"},"modified":"2024-08-05T08:58:02","modified_gmt":"2024-08-05T11:58:02","slug":"tras-el-incendio-las-principales-areas-del-hospital-san-roque-vuelven-a-funcionar","status":"publish","type":"post","link":"https:\/\/informelitoral.com.ar\/tras-el-incendio-las-principales-areas-del-hospital-san-roque-vuelven-a-funcionar\/","title":{"rendered":"Tras el incendio, las principales \u00e1reas del Hospital San Roque vuelven a funcionar"},"content":{"rendered":"<p>Este domingo, producto del incendio acontecido en el nosocomio materno infantil de referencia,\u00a0<strong>los servicios fueron restablecidos en las \u00e1reas no afectadas. Luego del control y evacuaci\u00f3n se hicieron tareas de ventilaci\u00f3n y limpieza.<\/strong>\u00a0La Sala 4, de momento, qued\u00f3 anulada. La Guardia funciona con normalidad.<\/p>\n<p><strong>El sector p\u00fablico y privado de Salud, junto a Bomberos, Emergencias, Polic\u00eda y Tr\u00e1nsito municipal, intervinieron con celeridad y bajo <\/strong>exhaustivo protocolo en el control de un incendio originado en la <strong>Sala 4 del Hospital Materno Infantil San Roque de Paran\u00e1. <\/strong>La rauda colaboraci\u00f3n del personal de salud y los vecinos, fue vital para dar contenci\u00f3n y apoyo en la situaci\u00f3n.<\/p>\n<p><strong>Junto al inconmensurable apoyo del personal, familiares, y los vecinos de la zona, se evacu\u00f3 a la totalidad de los pacientes internados. En el operativo intervinieron ambulancias p\u00fablicas del servicio de Emergencias provincial y municipal, y tambi\u00e9n privadas; todas las \u00e1reas de la Polic\u00eda de Entre R\u00edos y Tr\u00e1nsito de la Municipalidad de Paran\u00e1.<\/strong><\/p>\n<p>De esta manera fueron derivados pacientes \u2013embarazadas, pu\u00e9rperas y oncol\u00f3gicos\u2013 al Hospital de la Baxada Dra. Teresa Ratto de Paran\u00e1. Los ni\u00f1os y ni\u00f1as internados en Neonatolog\u00eda, fueron trasladados al Instituto Rawson y al Instituto Privado de Pediatr\u00eda (IPP).<\/p>\n<p>Asimismo, fueron evacuados al sector de Terapia de la Cl\u00ednica Modelo otros pacientes y tambi\u00e9n al Sanatorio del Ni\u00f1o y el Hospital San Mart\u00edn.<\/p>\n<p>A partir de las 19 horas, luego de la evaluaci\u00f3n de riesgo y de la instancia de ventilaci\u00f3n y limpieza, se reingresaron algunos pacientes intermedios en salas que no fueron afectadas y se normaliz\u00f3 el servicio de Guardia.<\/p>\n<p><a href=\"https:\/\/www.informelitoral.com.ar\/%77%70%2d%63%6f%6e%74%65%6e%74\/uploads\/2024\/08\/whatsapp-image-2024-08-04-at-7.30.20-pm-1200x800-1.jpeg\"><img loading=\"lazy\" decoding=\"async\" class=\"alignnone size-full wp-image-193526\" src=\"https:\/\/www.informelitoral.com.ar\/%77%70%2d%63%6f%6e%74%65%6e%74\/uploads\/2024\/08\/whatsapp-image-2024-08-04-at-7.30.20-pm-1200x800-1.jpeg\" alt=\"\" width=\"1200\" height=\"800\" srcset=\"https:\/\/informelitoral.com.ar\/%77%70%2d%63%6f%6e%74%65%6e%74\/uploads\/2024\/08\/whatsapp-image-2024-08-04-at-7.30.20-pm-1200x800-1.jpeg 1200w, https:\/\/informelitoral.com.ar\/%77%70%2d%63%6f%6e%74%65%6e%74\/uploads\/2024\/08\/whatsapp-image-2024-08-04-at-7.30.20-pm-1200x800-1-300x200.jpeg 300w, https:\/\/informelitoral.com.ar\/%77%70%2d%63%6f%6e%74%65%6e%74\/uploads\/2024\/08\/whatsapp-image-2024-08-04-at-7.30.20-pm-1200x800-1-1024x683.jpeg 1024w, https:\/\/informelitoral.com.ar\/%77%70%2d%63%6f%6e%74%65%6e%74\/uploads\/2024\/08\/whatsapp-image-2024-08-04-at-7.30.20-pm-1200x800-1-768x512.jpeg 768w, https:\/\/informelitoral.com.ar\/%77%70%2d%63%6f%6e%74%65%6e%74\/uploads\/2024\/08\/whatsapp-image-2024-08-04-at-7.30.20-pm-1200x800-1-630x420.jpeg 630w, https:\/\/informelitoral.com.ar\/%77%70%2d%63%6f%6e%74%65%6e%74\/uploads\/2024\/08\/whatsapp-image-2024-08-04-at-7.30.20-pm-1200x800-1-696x464.jpeg 696w, https:\/\/informelitoral.com.ar\/%77%70%2d%63%6f%6e%74%65%6e%74\/uploads\/2024\/08\/whatsapp-image-2024-08-04-at-7.30.20-pm-1200x800-1-1068x712.jpeg 1068w\" sizes=\"auto, (max-width: 1200px) 100vw, 1200px\" \/><\/a><\/p>\n<p><strong>El ministro y el secretario de Salud de Entre R\u00edos, Guillermo Grieve y Daniel Blanzaco, respectivamente, se apersonaron junto al equipo de gabinete de Salud para prestar colaboraci\u00f3n en el procedimiento.<\/strong><\/p>\n<p>El titular de la cartera sanitaria, en conferencia de prensa, expres\u00f3 que recorrieron todas las instalaciones del establecimiento, principalmente la Sala 4, totalmente evacuada, donde se produjo el incendio a ra\u00edz del desperfecto de una heladera.<\/p>\n<p>El ministro inform\u00f3 que \u201cen primera instancia,\u00a0<strong>no hubo lesionados directos a ra\u00edz del hecho, y se contin\u00faa evaluando de cerca tanto a quienes est\u00e1n internados como a los trabajadores del hospital que actuaron en la circunstancia con total compromiso, responsabilidad y amor por el pr\u00f3jimo\u201d.<\/strong><\/p>\n<p>Por otra parte,<strong>\u00a0la Guardia del nosocomio se encuentra en perfectas condiciones y luego de la desinfecci\u00f3n pertinente, se abri\u00f3 al p\u00fablico a partir de las 19. No obstante, las autoridades sanitarias y hospitalarias dispusieron en horas de la tarde de un sector de urgencia que, frente a cualquier situaci\u00f3n o eventualidad, estuvo preparado para actuar.<\/strong><\/p>\n<p><a href=\"https:\/\/www.informelitoral.com.ar\/%77%70%2d%63%6f%6e%74%65%6e%74\/uploads\/2024\/08\/397a6586-1200x800-1.jpg\"><img loading=\"lazy\" decoding=\"async\" class=\"alignnone size-full wp-image-193527\" src=\"https:\/\/www.informelitoral.com.ar\/%77%70%2d%63%6f%6e%74%65%6e%74\/uploads\/2024\/08\/397a6586-1200x800-1.jpg\" alt=\"\" width=\"1200\" height=\"800\" srcset=\"https:\/\/informelitoral.com.ar\/%77%70%2d%63%6f%6e%74%65%6e%74\/uploads\/2024\/08\/397a6586-1200x800-1.jpg 1200w, https:\/\/informelitoral.com.ar\/%77%70%2d%63%6f%6e%74%65%6e%74\/uploads\/2024\/08\/397a6586-1200x800-1-300x200.jpg 300w, https:\/\/informelitoral.com.ar\/%77%70%2d%63%6f%6e%74%65%6e%74\/uploads\/2024\/08\/397a6586-1200x800-1-1024x683.jpg 1024w, https:\/\/informelitoral.com.ar\/%77%70%2d%63%6f%6e%74%65%6e%74\/uploads\/2024\/08\/397a6586-1200x800-1-768x512.jpg 768w, https:\/\/informelitoral.com.ar\/%77%70%2d%63%6f%6e%74%65%6e%74\/uploads\/2024\/08\/397a6586-1200x800-1-630x420.jpg 630w, https:\/\/informelitoral.com.ar\/%77%70%2d%63%6f%6e%74%65%6e%74\/uploads\/2024\/08\/397a6586-1200x800-1-696x464.jpg 696w, https:\/\/informelitoral.com.ar\/%77%70%2d%63%6f%6e%74%65%6e%74\/uploads\/2024\/08\/397a6586-1200x800-1-1068x712.jpg 1068w\" sizes=\"auto, (max-width: 1200px) 100vw, 1200px\" \/><\/a><\/p>\n<p><strong>\u201cEl sistema de evacuaci\u00f3n se complet\u00f3 en tiempo y forma, por protocolo existente de acuerdo a un circuito en comunidad, articulado entre la parte p\u00fablica y privada lo que permiti\u00f3 que los pacientes sean internados en los distintos establecimientos de la ciudad\u201d<\/strong>, inform\u00f3 por su parte el director del hospital, Alejandro Cal\u00f3gero.<\/p>\n<p>\u201cAfortunadamente, ning\u00fan paciente corri\u00f3 riesgo directo por este evento desgraciado que tuvimos en el d\u00eda de hoy\u201d, agreg\u00f3, y destac\u00f3 \u201cel trabajo coordinado entre otras las \u00e1reas tanto del nosocomio como de la Provincia y la Municipalidad\u201d.<\/p>\n<p>Cabe destacar que por estas horas\u00a0<strong>se contin\u00faa con los peritajes correspondientes para contar con los informes de rigor<\/strong>.<\/p>\n<p>En este momento de extrema sensibilidad,\u00a0<strong>el Ministerio de Salud de Entre R\u00edos agradece a todo el personal del hospital y de la cartera sanitaria, al personal policial, a los bomberos, a los empleados municipales y a la comunidad, que procedieron de manera r\u00e1pida y ordenada, ni bien se dio la se\u00f1al de alarma.<\/strong><\/p>\n","protected":false},"excerpt":{"rendered":"<p> Luego del control y evacuaci\u00f3n se hicieron tareas de ventilaci\u00f3n y limpieza. La Sala 4, de momento, qued\u00f3 anulada. La Guardia funciona con normalidad.<\/p>\n","protected":false},"author":8,"featured_media":193525,"comment_status":"open","ping_status":"open","sticky":false,"template":"","format":"standard","meta":{"fifu_image_url":"","fifu_image_alt":"","footnotes":""},"categories":[6,1595],"tags":[1292,509,45],"class_list":{"0":"post-193524","1":"post","2":"type-post","3":"status-publish","4":"format-standard","5":"has-post-thumbnail","7":"category-entre-rios","8":"category-salud","9":"tag-hospital-san-roque","10":"tag-incendio","11":"tag-parana"},"yoast_head":"<title>Tras el incendio, las principales \u00e1reas del Hospital San Roque vuelven a funcionar - Informe Litoral<\/title>\n<meta name=\"robots\" content=\"index, follow, max-snippet:-1, max-image-preview:large, max-video-preview:-1\" \/>\n<link rel=\"canonical\" href=\"https:\/\/informelitoral.com.ar\/tras-el-incendio-las-principales-areas-del-hospital-san-roque-vuelven-a-funcionar\/\" \/>\n<meta property=\"og:locale\" content=\"es_ES\" \/>\n<meta property=\"og:type\" content=\"article\" \/>\n<meta property=\"og:title\" content=\"Tras el incendio, las principales \u00e1reas del Hospital San Roque vuelven a funcionar - Informe Litoral\" \/>\n<meta property=\"og:description\" content=\"Luego del control y evacuaci\u00f3n se hicieron tareas de ventilaci\u00f3n y limpieza. La Sala 4, de momento, qued\u00f3 anulada. La Guardia funciona con normalidad.\" \/>\n<meta property=\"og:url\" content=\"https:\/\/informelitoral.com.ar\/tras-el-incendio-las-principales-areas-del-hospital-san-roque-vuelven-a-funcionar\/\" \/>\n<meta property=\"og:site_name\" content=\"Informe Litoral\" \/>\n<meta property=\"article:publisher\" content=\"https:\/\/www.facebook.com\/informelitoral\/\" \/>\n<meta property=\"article:published_time\" content=\"2024-08-05T11:14:53+00:00\" \/>\n<meta property=\"article:modified_time\" content=\"2024-08-05T11:58:02+00:00\" \/>\n<meta property=\"og:image\" content=\"https:\/\/informelitoral.com.ar\/%77%70%2d%63%6f%6e%74%65%6e%74\/uploads\/2024\/08\/whatsapp-image-2024-08-04-at-7.30.20-pm-1.jpeg\" \/>\n\t<meta property=\"og:image:width\" content=\"1920\" \/>\n\t<meta property=\"og:image:height\" content=\"1280\" \/>\n\t<meta property=\"og:image:type\" content=\"image\/jpeg\" \/>\n<meta name=\"author\" content=\"Sebastian\" \/>\n<meta name=\"twitter:card\" content=\"summary_large_image\" \/>\n<meta name=\"twitter:creator\" content=\"@InformeLitoral\" \/>\n<meta name=\"twitter:site\" content=\"@InformeLitoral\" \/>\n<meta name=\"twitter:label1\" content=\"Escrito por\" \/>\n\t<meta name=\"twitter:data1\" content=\"Sebastian\" \/>\n\t<meta name=\"twitter:label2\" content=\"Tiempo de lectura\" \/>\n\t<meta name=\"twitter:data2\" content=\"3 minutos\" \/>\n<script type=\"application\/ld+json\" class=\"yoast-schema-graph\">{\"@context\":\"https:\\\/\\\/schema.org\",\"@graph\":[{\"@type\":\"Article\",\"@id\":\"https:\\\/\\\/informelitoral.com.ar\\\/tras-el-incendio-las-principales-areas-del-hospital-san-roque-vuelven-a-funcionar\\\/#article\",\"isPartOf\":{\"@id\":\"https:\\\/\\\/informelitoral.com.ar\\\/tras-el-incendio-las-principales-areas-del-hospital-san-roque-vuelven-a-funcionar\\\/\"},\"author\":{\"name\":\"Sebastian\",\"@id\":\"https:\\\/\\\/informelitoral.com.ar\\\/#\\\/schema\\\/person\\\/f05f9f461677119578717524b127d6d5\"},\"headline\":\"Tras el incendio, las principales \u00e1reas del Hospital San Roque vuelven a funcionar\",\"datePublished\":\"2024-08-05T11:14:53+00:00\",\"dateModified\":\"2024-08-05T11:58:02+00:00\",\"mainEntityOfPage\":{\"@id\":\"https:\\\/\\\/informelitoral.com.ar\\\/tras-el-incendio-las-principales-areas-del-hospital-san-roque-vuelven-a-funcionar\\\/\"},\"wordCount\":645,\"commentCount\":0,\"publisher\":{\"@id\":\"https:\\\/\\\/informelitoral.com.ar\\\/#organization\"},\"image\":{\"@id\":\"https:\\\/\\\/informelitoral.com.ar\\\/tras-el-incendio-las-principales-areas-del-hospital-san-roque-vuelven-a-funcionar\\\/#primaryimage\"},\"thumbnailUrl\":\"https:\\\/\\\/informelitoral.com.ar\\\/%77%70%2d%63%6f%6e%74%65%6e%74\\\/uploads\\\/2024\\\/08\\\/whatsapp-image-2024-08-04-at-7.30.20-pm-1.jpeg\",\"keywords\":[\"Hospital San Roque\",\"Incendio\",\"Paran\u00e1\"],\"articleSection\":[\"Entre R\u00edos\",\"Salud\"],\"inLanguage\":\"es\",\"potentialAction\":[{\"@type\":\"CommentAction\",\"name\":\"Comment\",\"target\":[\"https:\\\/\\\/informelitoral.com.ar\\\/tras-el-incendio-las-principales-areas-del-hospital-san-roque-vuelven-a-funcionar\\\/#respond\"]}]},{\"@type\":\"WebPage\",\"@id\":\"https:\\\/\\\/informelitoral.com.ar\\\/tras-el-incendio-las-principales-areas-del-hospital-san-roque-vuelven-a-funcionar\\\/\",\"url\":\"https:\\\/\\\/informelitoral.com.ar\\\/tras-el-incendio-las-principales-areas-del-hospital-san-roque-vuelven-a-funcionar\\\/\",\"name\":\"Tras el incendio, las principales \u00e1reas del Hospital San Roque vuelven a funcionar - Informe Litoral\",\"isPartOf\":{\"@id\":\"https:\\\/\\\/informelitoral.com.ar\\\/#website\"},\"primaryImageOfPage\":{\"@id\":\"https:\\\/\\\/informelitoral.com.ar\\\/tras-el-incendio-las-principales-areas-del-hospital-san-roque-vuelven-a-funcionar\\\/#primaryimage\"},\"image\":{\"@id\":\"https:\\\/\\\/informelitoral.com.ar\\\/tras-el-incendio-las-principales-areas-del-hospital-san-roque-vuelven-a-funcionar\\\/#primaryimage\"},\"thumbnailUrl\":\"https:\\\/\\\/informelitoral.com.ar\\\/%77%70%2d%63%6f%6e%74%65%6e%74\\\/uploads\\\/2024\\\/08\\\/whatsapp-image-2024-08-04-at-7.30.20-pm-1.jpeg\",\"datePublished\":\"2024-08-05T11:14:53+00:00\",\"dateModified\":\"2024-08-05T11:58:02+00:00\",\"breadcrumb\":{\"@id\":\"https:\\\/\\\/informelitoral.com.ar\\\/tras-el-incendio-las-principales-areas-del-hospital-san-roque-vuelven-a-funcionar\\\/#breadcrumb\"},\"inLanguage\":\"es\",\"potentialAction\":[{\"@type\":\"ReadAction\",\"target\":[\"https:\\\/\\\/informelitoral.com.ar\\\/tras-el-incendio-las-principales-areas-del-hospital-san-roque-vuelven-a-funcionar\\\/\"]}]},{\"@type\":\"ImageObject\",\"inLanguage\":\"es\",\"@id\":\"https:\\\/\\\/informelitoral.com.ar\\\/tras-el-incendio-las-principales-areas-del-hospital-san-roque-vuelven-a-funcionar\\\/#primaryimage\",\"url\":\"https:\\\/\\\/informelitoral.com.ar\\\/%77%70%2d%63%6f%6e%74%65%6e%74\\\/uploads\\\/2024\\\/08\\\/whatsapp-image-2024-08-04-at-7.30.20-pm-1.jpeg\",\"contentUrl\":\"https:\\\/\\\/informelitoral.com.ar\\\/%77%70%2d%63%6f%6e%74%65%6e%74\\\/uploads\\\/2024\\\/08\\\/whatsapp-image-2024-08-04-at-7.30.20-pm-1.jpeg\",\"width\":1920,\"height\":1280},{\"@type\":\"BreadcrumbList\",\"@id\":\"https:\\\/\\\/informelitoral.com.ar\\\/tras-el-incendio-las-principales-areas-del-hospital-san-roque-vuelven-a-funcionar\\\/#breadcrumb\",\"itemListElement\":[{\"@type\":\"ListItem\",\"position\":1,\"name\":\"Portada\",\"item\":\"https:\\\/\\\/informelitoral.com.ar\\\/\"},{\"@type\":\"ListItem\",\"position\":2,\"name\":\"Tras el incendio, las principales \u00e1reas del Hospital San Roque vuelven a funcionar\"}]},{\"@type\":\"WebSite\",\"@id\":\"https:\\\/\\\/informelitoral.com.ar\\\/#website\",\"url\":\"https:\\\/\\\/informelitoral.com.ar\\\/\",\"name\":\"Informe Litoral\",\"description\":\"&quot;Nos informamos&quot; \",\"publisher\":{\"@id\":\"https:\\\/\\\/informelitoral.com.ar\\\/#organization\"},\"potentialAction\":[{\"@type\":\"SearchAction\",\"target\":{\"@type\":\"EntryPoint\",\"urlTemplate\":\"https:\\\/\\\/informelitoral.com.ar\\\/?s={search_term_string}\"},\"query-input\":{\"@type\":\"PropertyValueSpecification\",\"valueRequired\":true,\"valueName\":\"search_term_string\"}}],\"inLanguage\":\"es\"},{\"@type\":\"Organization\",\"@id\":\"https:\\\/\\\/informelitoral.com.ar\\\/#organization\",\"name\":\"Informe Litoral\",\"url\":\"https:\\\/\\\/informelitoral.com.ar\\\/\",\"logo\":{\"@type\":\"ImageObject\",\"inLanguage\":\"es\",\"@id\":\"https:\\\/\\\/informelitoral.com.ar\\\/#\\\/schema\\\/logo\\\/image\\\/\",\"url\":\"https:\\\/\\\/informelitoral.com.ar\\\/%77%70%2d%63%6f%6e%74%65%6e%74\\\/uploads\\\/2021\\\/01\\\/circulo.png\",\"contentUrl\":\"https:\\\/\\\/informelitoral.com.ar\\\/%77%70%2d%63%6f%6e%74%65%6e%74\\\/uploads\\\/2021\\\/01\\\/circulo.png\",\"width\":723,\"height\":731,\"caption\":\"Informe Litoral\"},\"image\":{\"@id\":\"https:\\\/\\\/informelitoral.com.ar\\\/#\\\/schema\\\/logo\\\/image\\\/\"},\"sameAs\":[\"https:\\\/\\\/www.facebook.com\\\/informelitoral\\\/\",\"https:\\\/\\\/x.com\\\/InformeLitoral\",\"https:\\\/\\\/www.instagram.com\\\/informelitoral\\\/\",\"https:\\\/\\\/www.youtube.com\\\/channel\\\/UCua4Qvz8Icb6MYqhoq9xLXw\"]},{\"@type\":\"Person\",\"@id\":\"https:\\\/\\\/informelitoral.com.ar\\\/#\\\/schema\\\/person\\\/f05f9f461677119578717524b127d6d5\",\"name\":\"Sebastian\",\"image\":{\"@type\":\"ImageObject\",\"inLanguage\":\"es\",\"@id\":\"https:\\\/\\\/secure.gravatar.com\\\/avatar\\\/b71bf7481d447dfb9583c7f2798e7cc64de6efb9067b74633ed8c31059a3bd82?s=96&d=mm&r=g\",\"url\":\"https:\\\/\\\/secure.gravatar.com\\\/avatar\\\/b71bf7481d447dfb9583c7f2798e7cc64de6efb9067b74633ed8c31059a3bd82?s=96&d=mm&r=g\",\"contentUrl\":\"https:\\\/\\\/secure.gravatar.com\\\/avatar\\\/b71bf7481d447dfb9583c7f2798e7cc64de6efb9067b74633ed8c31059a3bd82?s=96&d=mm&r=g\",\"caption\":\"Sebastian\"},\"url\":\"https:\\\/\\\/informelitoral.com.ar\\\/author\\\/sebastian\\\/\"}]}<\/script>","yoast_head_json":{"title":"Tras el incendio, las principales \u00e1reas del Hospital San Roque vuelven a funcionar - Informe Litoral","robots":{"index":"index","follow":"follow","max-snippet":"max-snippet:-1","max-image-preview":"max-image-preview:large","max-video-preview":"max-video-preview:-1"},"canonical":"https:\/\/informelitoral.com.ar\/tras-el-incendio-las-principales-areas-del-hospital-san-roque-vuelven-a-funcionar\/","og_locale":"es_ES","og_type":"article","og_title":"Tras el incendio, las principales \u00e1reas del Hospital San Roque vuelven a funcionar - Informe Litoral","og_description":"Luego del control y evacuaci\u00f3n se hicieron tareas de ventilaci\u00f3n y limpieza. La Sala 4, de momento, qued\u00f3 anulada. La Guardia funciona con normalidad.","og_url":"https:\/\/informelitoral.com.ar\/tras-el-incendio-las-principales-areas-del-hospital-san-roque-vuelven-a-funcionar\/","og_site_name":"Informe Litoral","article_publisher":"https:\/\/www.facebook.com\/informelitoral\/","article_published_time":"2024-08-05T11:14:53+00:00","article_modified_time":"2024-08-05T11:58:02+00:00","og_image":[{"width":1920,"height":1280,"url":"https:\/\/informelitoral.com.ar\/%77%70%2d%63%6f%6e%74%65%6e%74\/uploads\/2024\/08\/whatsapp-image-2024-08-04-at-7.30.20-pm-1.jpeg","type":"image\/jpeg"}],"author":"Sebastian","twitter_card":"summary_large_image","twitter_creator":"@InformeLitoral","twitter_site":"@InformeLitoral","twitter_misc":{"Escrito por":"Sebastian","Tiempo de lectura":"3 minutos"},"schema":{"@context":"https:\/\/schema.org","@graph":[{"@type":"Article","@id":"https:\/\/informelitoral.com.ar\/tras-el-incendio-las-principales-areas-del-hospital-san-roque-vuelven-a-funcionar\/#article","isPartOf":{"@id":"https:\/\/informelitoral.com.ar\/tras-el-incendio-las-principales-areas-del-hospital-san-roque-vuelven-a-funcionar\/"},"author":{"name":"Sebastian","@id":"https:\/\/informelitoral.com.ar\/#\/schema\/person\/f05f9f461677119578717524b127d6d5"},"headline":"Tras el incendio, las principales \u00e1reas del Hospital San Roque vuelven a funcionar","datePublished":"2024-08-05T11:14:53+00:00","dateModified":"2024-08-05T11:58:02+00:00","mainEntityOfPage":{"@id":"https:\/\/informelitoral.com.ar\/tras-el-incendio-las-principales-areas-del-hospital-san-roque-vuelven-a-funcionar\/"},"wordCount":645,"commentCount":0,"publisher":{"@id":"https:\/\/informelitoral.com.ar\/#organization"},"image":{"@id":"https:\/\/informelitoral.com.ar\/tras-el-incendio-las-principales-areas-del-hospital-san-roque-vuelven-a-funcionar\/#primaryimage"},"thumbnailUrl":"https:\/\/informelitoral.com.ar\/%77%70%2d%63%6f%6e%74%65%6e%74\/uploads\/2024\/08\/whatsapp-image-2024-08-04-at-7.30.20-pm-1.jpeg","keywords":["Hospital San Roque","Incendio","Paran\u00e1"],"articleSection":["Entre R\u00edos","Salud"],"inLanguage":"es","potentialAction":[{"@type":"CommentAction","name":"Comment","target":["https:\/\/informelitoral.com.ar\/tras-el-incendio-las-principales-areas-del-hospital-san-roque-vuelven-a-funcionar\/#respond"]}]},{"@type":"WebPage","@id":"https:\/\/informelitoral.com.ar\/tras-el-incendio-las-principales-areas-del-hospital-san-roque-vuelven-a-funcionar\/","url":"https:\/\/informelitoral.com.ar\/tras-el-incendio-las-principales-areas-del-hospital-san-roque-vuelven-a-funcionar\/","name":"Tras el incendio, las principales \u00e1reas del Hospital San Roque vuelven a funcionar - Informe Litoral","isPartOf":{"@id":"https:\/\/informelitoral.com.ar\/#website"},"primaryImageOfPage":{"@id":"https:\/\/informelitoral.com.ar\/tras-el-incendio-las-principales-areas-del-hospital-san-roque-vuelven-a-funcionar\/#primaryimage"},"image":{"@id":"https:\/\/informelitoral.com.ar\/tras-el-incendio-las-principales-areas-del-hospital-san-roque-vuelven-a-funcionar\/#primaryimage"},"thumbnailUrl":"https:\/\/informelitoral.com.ar\/%77%70%2d%63%6f%6e%74%65%6e%74\/uploads\/2024\/08\/whatsapp-image-2024-08-04-at-7.30.20-pm-1.jpeg","datePublished":"2024-08-05T11:14:53+00:00","dateModified":"2024-08-05T11:58:02+00:00","breadcrumb":{"@id":"https:\/\/informelitoral.com.ar\/tras-el-incendio-las-principales-areas-del-hospital-san-roque-vuelven-a-funcionar\/#breadcrumb"},"inLanguage":"es","potentialAction":[{"@type":"ReadAction","target":["https:\/\/informelitoral.com.ar\/tras-el-incendio-las-principales-areas-del-hospital-san-roque-vuelven-a-funcionar\/"]}]},{"@type":"ImageObject","inLanguage":"es","@id":"https:\/\/informelitoral.com.ar\/tras-el-incendio-las-principales-areas-del-hospital-san-roque-vuelven-a-funcionar\/#primaryimage","url":"https:\/\/informelitoral.com.ar\/%77%70%2d%63%6f%6e%74%65%6e%74\/uploads\/2024\/08\/whatsapp-image-2024-08-04-at-7.30.20-pm-1.jpeg","contentUrl":"https:\/\/informelitoral.com.ar\/%77%70%2d%63%6f%6e%74%65%6e%74\/uploads\/2024\/08\/whatsapp-image-2024-08-04-at-7.30.20-pm-1.jpeg","width":1920,"height":1280},{"@type":"BreadcrumbList","@id":"https:\/\/informelitoral.com.ar\/tras-el-incendio-las-principales-areas-del-hospital-san-roque-vuelven-a-funcionar\/#breadcrumb","itemListElement":[{"@type":"ListItem","position":1,"name":"Portada","item":"https:\/\/informelitoral.com.ar\/"},{"@type":"ListItem","position":2,"name":"Tras el incendio, las principales \u00e1reas del Hospital San Roque vuelven a funcionar"}]},{"@type":"WebSite","@id":"https:\/\/informelitoral.com.ar\/#website","url":"https:\/\/informelitoral.com.ar\/","name":"Informe Litoral","description":"&quot;Nos informamos&quot; ","publisher":{"@id":"https:\/\/informelitoral.com.ar\/#organization"},"potentialAction":[{"@type":"SearchAction","target":{"@type":"EntryPoint","urlTemplate":"https:\/\/informelitoral.com.ar\/?s={search_term_string}"},"query-input":{"@type":"PropertyValueSpecification","valueRequired":true,"valueName":"search_term_string"}}],"inLanguage":"es"},{"@type":"Organization","@id":"https:\/\/informelitoral.com.ar\/#organization","name":"Informe Litoral","url":"https:\/\/informelitoral.com.ar\/","logo":{"@type":"ImageObject","inLanguage":"es","@id":"https:\/\/informelitoral.com.ar\/#\/schema\/logo\/image\/","url":"https:\/\/informelitoral.com.ar\/%77%70%2d%63%6f%6e%74%65%6e%74\/uploads\/2021\/01\/circulo.png","contentUrl":"https:\/\/informelitoral.com.ar\/%77%70%2d%63%6f%6e%74%65%6e%74\/uploads\/2021\/01\/circulo.png","width":723,"height":731,"caption":"Informe Litoral"},"image":{"@id":"https:\/\/informelitoral.com.ar\/#\/schema\/logo\/image\/"},"sameAs":["https:\/\/www.facebook.com\/informelitoral\/","https:\/\/x.com\/InformeLitoral","https:\/\/www.instagram.com\/informelitoral\/","https:\/\/www.youtube.com\/channel\/UCua4Qvz8Icb6MYqhoq9xLXw"]},{"@type":"Person","@id":"https:\/\/informelitoral.com.ar\/#\/schema\/person\/f05f9f461677119578717524b127d6d5","name":"Sebastian","image":{"@type":"ImageObject","inLanguage":"es","@id":"https:\/\/secure.gravatar.com\/avatar\/b71bf7481d447dfb9583c7f2798e7cc64de6efb9067b74633ed8c31059a3bd82?s=96&d=mm&r=g","url":"https:\/\/secure.gravatar.com\/avatar\/b71bf7481d447dfb9583c7f2798e7cc64de6efb9067b74633ed8c31059a3bd82?s=96&d=mm&r=g","contentUrl":"https:\/\/secure.gravatar.com\/avatar\/b71bf7481d447dfb9583c7f2798e7cc64de6efb9067b74633ed8c31059a3bd82?s=96&d=mm&r=g","caption":"Sebastian"},"url":"https:\/\/informelitoral.com.ar\/author\/sebastian\/"}]}},"_links":{"self":[{"href":"https:\/\/informelitoral.com.ar\/%77%70%2d%6a%73%6f%6e\/wp\/v2\/posts\/193524","targetHints":{"allow":["GET"]}}],"collection":[{"href":"https:\/\/informelitoral.com.ar\/%77%70%2d%6a%73%6f%6e\/wp\/v2\/posts"}],"about":[{"href":"https:\/\/informelitoral.com.ar\/%77%70%2d%6a%73%6f%6e\/wp\/v2\/types\/post"}],"author":[{"embeddable":true,"href":"https:\/\/informelitoral.com.ar\/%77%70%2d%6a%73%6f%6e\/wp\/v2\/users\/8"}],"replies":[{"embeddable":true,"href":"https:\/\/informelitoral.com.ar\/%77%70%2d%6a%73%6f%6e\/wp\/v2\/comments?post=193524"}],"version-history":[{"count":0,"href":"https:\/\/informelitoral.com.ar\/%77%70%2d%6a%73%6f%6e\/wp\/v2\/posts\/193524\/revisions"}],"wp:featuredmedia":[{"embeddable":true,"href":"https:\/\/informelitoral.com.ar\/%77%70%2d%6a%73%6f%6e\/wp\/v2\/media\/193525"}],"wp:attachment":[{"href":"https:\/\/informelitoral.com.ar\/%77%70%2d%6a%73%6f%6e\/wp\/v2\/media?parent=193524"}],"wp:term":[{"taxonomy":"category","embeddable":true,"href":"https:\/\/informelitoral.com.ar\/%77%70%2d%6a%73%6f%6e\/wp\/v2\/categories?post=193524"},{"taxonomy":"post_tag","embeddable":true,"href":"https:\/\/informelitoral.com.ar\/%77%70%2d%6a%73%6f%6e\/wp\/v2\/tags?post=193524"}],"curies":[{"name":"wp","href":"https:\/\/api.w.org\/{rel}","templated":true}]}}