{"id":192877,"date":"2024-07-29T08:56:59","date_gmt":"2024-07-29T11:56:59","guid":{"rendered":"https:\/\/www.informelitoral.com.ar\/?p=192877"},"modified":"2024-07-29T10:38:07","modified_gmt":"2024-07-29T13:38:07","slug":"marcelo-gallardo-esta-cada-vez-mas-cerca-de-river","status":"publish","type":"post","link":"https:\/\/informelitoral.com.ar\/marcelo-gallardo-esta-cada-vez-mas-cerca-de-river\/","title":{"rendered":"Marcelo Gallardo est\u00e1 cada vez m\u00e1s cerca de River"},"content":{"rendered":"<p class=\"paragraph\"><b>Mart\u00edn Demichelis<\/b>\u00a0dej\u00f3 de ser el entrenador de\u00a0<b>River<\/b>y\u00a0<b>Marcelo Gallardo<\/b> est\u00e1 cada vez m\u00e1s cerca de volver al club. Micho se despidi\u00f3 del Monumental tras la victoria 1-0 ante Sarmiento de Jun\u00edn.<\/p>\n<p class=\"paragraph\">Seg\u00fan la informaci\u00f3n que trascendi\u00f3 es que<b>\u00a0Jorge Brito habl\u00f3 directamente con Gallardo<\/b>\u00a0para que regrese al club, ya que el entrenador no tiene representante luego de la muerte de su amigo y agente\u00a0<b>Juan Berros<\/b>.<\/p>\n<p class=\"paragraph\">El Mu\u00f1eco estuvo el fin de semana en Mendoza para ver a su hijo Nahuel en el partido que Independiente Rivadavia le gan\u00f3 a Independiente. Este lunes <b>se espera que en el transcurso del d\u00eda concrete su regreso al Millonario.\u00a0<\/b>Cerca del mediod\u00eda se reunir\u00e1 con el presidente del Millonario, Jorge Brito.<\/p>\n<h5><em><strong>Te puede interesar:\u00a0<a href=\"https:\/\/www.informelitoral.com.ar\/desde-municipalidad-de-general-ramirez-hacen-un-llamado-para-cubrir-el-cargo-de-seguridad-vial\/\" target=\"_blank\" rel=\"noopener\">Llamado para cubrir un cargo de agente de Seguridad Vial en General Ram\u00edrez<\/a><\/strong><\/em><\/h5>\n<p class=\"paragraph\">Luego de la confirmaci\u00f3n de que la salida de Micho fue \u201cde com\u00fan acuerdo\u201d, los dirigentes comenzaron a pensar en su reemplazante y la mira est\u00e1 en la vuelta del Mu\u00f1eco, que se encuentra sin club luego de su paso por el Al Ittihad de Arabia Saudita.<\/p>\n<p class=\"paragraph\">Cuando termin\u00f3 el partido ante Sarmiento,\u00a0<b>todo el Monumental core\u00f3 el apodo de Gallardo<\/b>, un mensaje claro a la dirigencia: es el entrenador que quieren los hinchas.<\/p>\n<p class=\"paragraph\">Despu\u00e9s de ocho a\u00f1os plagados de \u00e9xitos, Gallardo hab\u00eda puesto punto final a su ciclo como entrenador de River a fines de 2022. Estuvo un tiempo sin dirigir y despu\u00e9s acept\u00f3 la propuesta del\u00a0<b>Al-Ittihad de Arabia Saudita<\/b>, donde no consigui\u00f3 buenos resultados. Tras su salida del conjunto asi\u00e1tico, volvi\u00f3 a la Argentina.<\/p>\n","protected":false},"excerpt":{"rendered":"<p>La idea, si todo contin\u00faa por el camino positivo que se est\u00e1 desarrollando, es que el martes el Mu\u00f1eco sea presentado como flamante entrenador de River para asumir el cargo y dirigir el pr\u00f3ximo domingo, cuando el conjunto de N\u00fa\u00f1ez se enfrente desde las 15 a Uni\u00f3n, en Santa Fe.<\/p>\n","protected":false},"author":8,"featured_media":192878,"comment_status":"open","ping_status":"open","sticky":false,"template":"","format":"standard","meta":{"fifu_image_url":"","fifu_image_alt":"","footnotes":""},"categories":[13],"tags":[2635,1254],"class_list":{"0":"post-192877","1":"post","2":"type-post","3":"status-publish","4":"format-standard","5":"has-post-thumbnail","7":"category-deportes","8":"tag-marcelo-gallardo","9":"tag-river"},"yoast_head":"<title>Marcelo Gallardo est\u00e1 cada vez m\u00e1s cerca de River - Informe Litoral<\/title>\n<meta name=\"robots\" content=\"index, follow, max-snippet:-1, max-image-preview:large, max-video-preview:-1\" \/>\n<link rel=\"canonical\" href=\"https:\/\/informelitoral.com.ar\/marcelo-gallardo-esta-cada-vez-mas-cerca-de-river\/\" \/>\n<meta property=\"og:locale\" content=\"es_ES\" \/>\n<meta property=\"og:type\" content=\"article\" \/>\n<meta property=\"og:title\" content=\"Marcelo Gallardo est\u00e1 cada vez m\u00e1s cerca de River - Informe Litoral\" \/>\n<meta property=\"og:description\" content=\"La idea, si todo contin\u00faa por el camino positivo que se est\u00e1 desarrollando, es que el martes el Mu\u00f1eco sea presentado como flamante entrenador de River para asumir el cargo y dirigir el pr\u00f3ximo domingo, cuando el conjunto de N\u00fa\u00f1ez se enfrente desde las 15 a Uni\u00f3n, en Santa Fe.\" \/>\n<meta property=\"og:url\" content=\"https:\/\/informelitoral.com.ar\/marcelo-gallardo-esta-cada-vez-mas-cerca-de-river\/\" \/>\n<meta property=\"og:site_name\" content=\"Informe Litoral\" \/>\n<meta property=\"article:publisher\" content=\"https:\/\/www.facebook.com\/informelitoral\/\" \/>\n<meta property=\"article:published_time\" content=\"2024-07-29T11:56:59+00:00\" \/>\n<meta property=\"article:modified_time\" content=\"2024-07-29T13:38:07+00:00\" \/>\n<meta property=\"og:image\" content=\"https:\/\/informelitoral.com.ar\/%77%70%2d%63%6f%6e%74%65%6e%74\/uploads\/2024\/07\/o_1722172068.jpg\" \/>\n\t<meta property=\"og:image:width\" content=\"1024\" \/>\n\t<meta property=\"og:image:height\" content=\"683\" \/>\n\t<meta property=\"og:image:type\" content=\"image\/jpeg\" \/>\n<meta name=\"author\" content=\"Sebastian\" \/>\n<meta name=\"twitter:card\" content=\"summary_large_image\" \/>\n<meta name=\"twitter:creator\" content=\"@InformeLitoral\" \/>\n<meta name=\"twitter:site\" content=\"@InformeLitoral\" \/>\n<meta name=\"twitter:label1\" content=\"Escrito por\" \/>\n\t<meta name=\"twitter:data1\" content=\"Sebastian\" \/>\n\t<meta name=\"twitter:label2\" content=\"Tiempo de lectura\" \/>\n\t<meta name=\"twitter:data2\" content=\"1 minuto\" \/>\n<script type=\"application\/ld+json\" class=\"yoast-schema-graph\">{\"@context\":\"https:\\\/\\\/schema.org\",\"@graph\":[{\"@type\":\"Article\",\"@id\":\"https:\\\/\\\/informelitoral.com.ar\\\/marcelo-gallardo-esta-cada-vez-mas-cerca-de-river\\\/#article\",\"isPartOf\":{\"@id\":\"https:\\\/\\\/informelitoral.com.ar\\\/marcelo-gallardo-esta-cada-vez-mas-cerca-de-river\\\/\"},\"author\":{\"name\":\"Sebastian\",\"@id\":\"https:\\\/\\\/informelitoral.com.ar\\\/#\\\/schema\\\/person\\\/f05f9f461677119578717524b127d6d5\"},\"headline\":\"Marcelo Gallardo est\u00e1 cada vez m\u00e1s cerca de River\",\"datePublished\":\"2024-07-29T11:56:59+00:00\",\"dateModified\":\"2024-07-29T13:38:07+00:00\",\"mainEntityOfPage\":{\"@id\":\"https:\\\/\\\/informelitoral.com.ar\\\/marcelo-gallardo-esta-cada-vez-mas-cerca-de-river\\\/\"},\"wordCount\":290,\"commentCount\":0,\"publisher\":{\"@id\":\"https:\\\/\\\/informelitoral.com.ar\\\/#organization\"},\"image\":{\"@id\":\"https:\\\/\\\/informelitoral.com.ar\\\/marcelo-gallardo-esta-cada-vez-mas-cerca-de-river\\\/#primaryimage\"},\"thumbnailUrl\":\"https:\\\/\\\/informelitoral.com.ar\\\/%77%70%2d%63%6f%6e%74%65%6e%74\\\/uploads\\\/2024\\\/07\\\/o_1722172068.jpg\",\"keywords\":[\"Marcelo Gallardo\",\"River\"],\"articleSection\":[\"Deportes\"],\"inLanguage\":\"es\",\"potentialAction\":[{\"@type\":\"CommentAction\",\"name\":\"Comment\",\"target\":[\"https:\\\/\\\/informelitoral.com.ar\\\/marcelo-gallardo-esta-cada-vez-mas-cerca-de-river\\\/#respond\"]}]},{\"@type\":\"WebPage\",\"@id\":\"https:\\\/\\\/informelitoral.com.ar\\\/marcelo-gallardo-esta-cada-vez-mas-cerca-de-river\\\/\",\"url\":\"https:\\\/\\\/informelitoral.com.ar\\\/marcelo-gallardo-esta-cada-vez-mas-cerca-de-river\\\/\",\"name\":\"Marcelo Gallardo est\u00e1 cada vez m\u00e1s cerca de River - Informe Litoral\",\"isPartOf\":{\"@id\":\"https:\\\/\\\/informelitoral.com.ar\\\/#website\"},\"primaryImageOfPage\":{\"@id\":\"https:\\\/\\\/informelitoral.com.ar\\\/marcelo-gallardo-esta-cada-vez-mas-cerca-de-river\\\/#primaryimage\"},\"image\":{\"@id\":\"https:\\\/\\\/informelitoral.com.ar\\\/marcelo-gallardo-esta-cada-vez-mas-cerca-de-river\\\/#primaryimage\"},\"thumbnailUrl\":\"https:\\\/\\\/informelitoral.com.ar\\\/%77%70%2d%63%6f%6e%74%65%6e%74\\\/uploads\\\/2024\\\/07\\\/o_1722172068.jpg\",\"datePublished\":\"2024-07-29T11:56:59+00:00\",\"dateModified\":\"2024-07-29T13:38:07+00:00\",\"breadcrumb\":{\"@id\":\"https:\\\/\\\/informelitoral.com.ar\\\/marcelo-gallardo-esta-cada-vez-mas-cerca-de-river\\\/#breadcrumb\"},\"inLanguage\":\"es\",\"potentialAction\":[{\"@type\":\"ReadAction\",\"target\":[\"https:\\\/\\\/informelitoral.com.ar\\\/marcelo-gallardo-esta-cada-vez-mas-cerca-de-river\\\/\"]}]},{\"@type\":\"ImageObject\",\"inLanguage\":\"es\",\"@id\":\"https:\\\/\\\/informelitoral.com.ar\\\/marcelo-gallardo-esta-cada-vez-mas-cerca-de-river\\\/#primaryimage\",\"url\":\"https:\\\/\\\/informelitoral.com.ar\\\/%77%70%2d%63%6f%6e%74%65%6e%74\\\/uploads\\\/2024\\\/07\\\/o_1722172068.jpg\",\"contentUrl\":\"https:\\\/\\\/informelitoral.com.ar\\\/%77%70%2d%63%6f%6e%74%65%6e%74\\\/uploads\\\/2024\\\/07\\\/o_1722172068.jpg\",\"width\":1024,\"height\":683},{\"@type\":\"BreadcrumbList\",\"@id\":\"https:\\\/\\\/informelitoral.com.ar\\\/marcelo-gallardo-esta-cada-vez-mas-cerca-de-river\\\/#breadcrumb\",\"itemListElement\":[{\"@type\":\"ListItem\",\"position\":1,\"name\":\"Portada\",\"item\":\"https:\\\/\\\/informelitoral.com.ar\\\/\"},{\"@type\":\"ListItem\",\"position\":2,\"name\":\"Marcelo Gallardo est\u00e1 cada vez m\u00e1s cerca de River\"}]},{\"@type\":\"WebSite\",\"@id\":\"https:\\\/\\\/informelitoral.com.ar\\\/#website\",\"url\":\"https:\\\/\\\/informelitoral.com.ar\\\/\",\"name\":\"Informe Litoral\",\"description\":\"&quot;Nos informamos&quot; \",\"publisher\":{\"@id\":\"https:\\\/\\\/informelitoral.com.ar\\\/#organization\"},\"potentialAction\":[{\"@type\":\"SearchAction\",\"target\":{\"@type\":\"EntryPoint\",\"urlTemplate\":\"https:\\\/\\\/informelitoral.com.ar\\\/?s={search_term_string}\"},\"query-input\":{\"@type\":\"PropertyValueSpecification\",\"valueRequired\":true,\"valueName\":\"search_term_string\"}}],\"inLanguage\":\"es\"},{\"@type\":\"Organization\",\"@id\":\"https:\\\/\\\/informelitoral.com.ar\\\/#organization\",\"name\":\"Informe Litoral\",\"url\":\"https:\\\/\\\/informelitoral.com.ar\\\/\",\"logo\":{\"@type\":\"ImageObject\",\"inLanguage\":\"es\",\"@id\":\"https:\\\/\\\/informelitoral.com.ar\\\/#\\\/schema\\\/logo\\\/image\\\/\",\"url\":\"https:\\\/\\\/informelitoral.com.ar\\\/%77%70%2d%63%6f%6e%74%65%6e%74\\\/uploads\\\/2021\\\/01\\\/circulo.png\",\"contentUrl\":\"https:\\\/\\\/informelitoral.com.ar\\\/%77%70%2d%63%6f%6e%74%65%6e%74\\\/uploads\\\/2021\\\/01\\\/circulo.png\",\"width\":723,\"height\":731,\"caption\":\"Informe Litoral\"},\"image\":{\"@id\":\"https:\\\/\\\/informelitoral.com.ar\\\/#\\\/schema\\\/logo\\\/image\\\/\"},\"sameAs\":[\"https:\\\/\\\/www.facebook.com\\\/informelitoral\\\/\",\"https:\\\/\\\/x.com\\\/InformeLitoral\",\"https:\\\/\\\/www.instagram.com\\\/informelitoral\\\/\",\"https:\\\/\\\/www.youtube.com\\\/channel\\\/UCua4Qvz8Icb6MYqhoq9xLXw\"]},{\"@type\":\"Person\",\"@id\":\"https:\\\/\\\/informelitoral.com.ar\\\/#\\\/schema\\\/person\\\/f05f9f461677119578717524b127d6d5\",\"name\":\"Sebastian\",\"image\":{\"@type\":\"ImageObject\",\"inLanguage\":\"es\",\"@id\":\"https:\\\/\\\/secure.gravatar.com\\\/avatar\\\/b71bf7481d447dfb9583c7f2798e7cc64de6efb9067b74633ed8c31059a3bd82?s=96&d=mm&r=g\",\"url\":\"https:\\\/\\\/secure.gravatar.com\\\/avatar\\\/b71bf7481d447dfb9583c7f2798e7cc64de6efb9067b74633ed8c31059a3bd82?s=96&d=mm&r=g\",\"contentUrl\":\"https:\\\/\\\/secure.gravatar.com\\\/avatar\\\/b71bf7481d447dfb9583c7f2798e7cc64de6efb9067b74633ed8c31059a3bd82?s=96&d=mm&r=g\",\"caption\":\"Sebastian\"},\"url\":\"https:\\\/\\\/informelitoral.com.ar\\\/author\\\/sebastian\\\/\"}]}<\/script>","yoast_head_json":{"title":"Marcelo Gallardo est\u00e1 cada vez m\u00e1s cerca de River - Informe Litoral","robots":{"index":"index","follow":"follow","max-snippet":"max-snippet:-1","max-image-preview":"max-image-preview:large","max-video-preview":"max-video-preview:-1"},"canonical":"https:\/\/informelitoral.com.ar\/marcelo-gallardo-esta-cada-vez-mas-cerca-de-river\/","og_locale":"es_ES","og_type":"article","og_title":"Marcelo Gallardo est\u00e1 cada vez m\u00e1s cerca de River - Informe Litoral","og_description":"La idea, si todo contin\u00faa por el camino positivo que se est\u00e1 desarrollando, es que el martes el Mu\u00f1eco sea presentado como flamante entrenador de River para asumir el cargo y dirigir el pr\u00f3ximo domingo, cuando el conjunto de N\u00fa\u00f1ez se enfrente desde las 15 a Uni\u00f3n, en Santa Fe.","og_url":"https:\/\/informelitoral.com.ar\/marcelo-gallardo-esta-cada-vez-mas-cerca-de-river\/","og_site_name":"Informe Litoral","article_publisher":"https:\/\/www.facebook.com\/informelitoral\/","article_published_time":"2024-07-29T11:56:59+00:00","article_modified_time":"2024-07-29T13:38:07+00:00","og_image":[{"width":1024,"height":683,"url":"https:\/\/informelitoral.com.ar\/%77%70%2d%63%6f%6e%74%65%6e%74\/uploads\/2024\/07\/o_1722172068.jpg","type":"image\/jpeg"}],"author":"Sebastian","twitter_card":"summary_large_image","twitter_creator":"@InformeLitoral","twitter_site":"@InformeLitoral","twitter_misc":{"Escrito por":"Sebastian","Tiempo de lectura":"1 minuto"},"schema":{"@context":"https:\/\/schema.org","@graph":[{"@type":"Article","@id":"https:\/\/informelitoral.com.ar\/marcelo-gallardo-esta-cada-vez-mas-cerca-de-river\/#article","isPartOf":{"@id":"https:\/\/informelitoral.com.ar\/marcelo-gallardo-esta-cada-vez-mas-cerca-de-river\/"},"author":{"name":"Sebastian","@id":"https:\/\/informelitoral.com.ar\/#\/schema\/person\/f05f9f461677119578717524b127d6d5"},"headline":"Marcelo Gallardo est\u00e1 cada vez m\u00e1s cerca de River","datePublished":"2024-07-29T11:56:59+00:00","dateModified":"2024-07-29T13:38:07+00:00","mainEntityOfPage":{"@id":"https:\/\/informelitoral.com.ar\/marcelo-gallardo-esta-cada-vez-mas-cerca-de-river\/"},"wordCount":290,"commentCount":0,"publisher":{"@id":"https:\/\/informelitoral.com.ar\/#organization"},"image":{"@id":"https:\/\/informelitoral.com.ar\/marcelo-gallardo-esta-cada-vez-mas-cerca-de-river\/#primaryimage"},"thumbnailUrl":"https:\/\/informelitoral.com.ar\/%77%70%2d%63%6f%6e%74%65%6e%74\/uploads\/2024\/07\/o_1722172068.jpg","keywords":["Marcelo Gallardo","River"],"articleSection":["Deportes"],"inLanguage":"es","potentialAction":[{"@type":"CommentAction","name":"Comment","target":["https:\/\/informelitoral.com.ar\/marcelo-gallardo-esta-cada-vez-mas-cerca-de-river\/#respond"]}]},{"@type":"WebPage","@id":"https:\/\/informelitoral.com.ar\/marcelo-gallardo-esta-cada-vez-mas-cerca-de-river\/","url":"https:\/\/informelitoral.com.ar\/marcelo-gallardo-esta-cada-vez-mas-cerca-de-river\/","name":"Marcelo Gallardo est\u00e1 cada vez m\u00e1s cerca de River - Informe Litoral","isPartOf":{"@id":"https:\/\/informelitoral.com.ar\/#website"},"primaryImageOfPage":{"@id":"https:\/\/informelitoral.com.ar\/marcelo-gallardo-esta-cada-vez-mas-cerca-de-river\/#primaryimage"},"image":{"@id":"https:\/\/informelitoral.com.ar\/marcelo-gallardo-esta-cada-vez-mas-cerca-de-river\/#primaryimage"},"thumbnailUrl":"https:\/\/informelitoral.com.ar\/%77%70%2d%63%6f%6e%74%65%6e%74\/uploads\/2024\/07\/o_1722172068.jpg","datePublished":"2024-07-29T11:56:59+00:00","dateModified":"2024-07-29T13:38:07+00:00","breadcrumb":{"@id":"https:\/\/informelitoral.com.ar\/marcelo-gallardo-esta-cada-vez-mas-cerca-de-river\/#breadcrumb"},"inLanguage":"es","potentialAction":[{"@type":"ReadAction","target":["https:\/\/informelitoral.com.ar\/marcelo-gallardo-esta-cada-vez-mas-cerca-de-river\/"]}]},{"@type":"ImageObject","inLanguage":"es","@id":"https:\/\/informelitoral.com.ar\/marcelo-gallardo-esta-cada-vez-mas-cerca-de-river\/#primaryimage","url":"https:\/\/informelitoral.com.ar\/%77%70%2d%63%6f%6e%74%65%6e%74\/uploads\/2024\/07\/o_1722172068.jpg","contentUrl":"https:\/\/informelitoral.com.ar\/%77%70%2d%63%6f%6e%74%65%6e%74\/uploads\/2024\/07\/o_1722172068.jpg","width":1024,"height":683},{"@type":"BreadcrumbList","@id":"https:\/\/informelitoral.com.ar\/marcelo-gallardo-esta-cada-vez-mas-cerca-de-river\/#breadcrumb","itemListElement":[{"@type":"ListItem","position":1,"name":"Portada","item":"https:\/\/informelitoral.com.ar\/"},{"@type":"ListItem","position":2,"name":"Marcelo Gallardo est\u00e1 cada vez m\u00e1s cerca de River"}]},{"@type":"WebSite","@id":"https:\/\/informelitoral.com.ar\/#website","url":"https:\/\/informelitoral.com.ar\/","name":"Informe Litoral","description":"&quot;Nos informamos&quot; ","publisher":{"@id":"https:\/\/informelitoral.com.ar\/#organization"},"potentialAction":[{"@type":"SearchAction","target":{"@type":"EntryPoint","urlTemplate":"https:\/\/informelitoral.com.ar\/?s={search_term_string}"},"query-input":{"@type":"PropertyValueSpecification","valueRequired":true,"valueName":"search_term_string"}}],"inLanguage":"es"},{"@type":"Organization","@id":"https:\/\/informelitoral.com.ar\/#organization","name":"Informe Litoral","url":"https:\/\/informelitoral.com.ar\/","logo":{"@type":"ImageObject","inLanguage":"es","@id":"https:\/\/informelitoral.com.ar\/#\/schema\/logo\/image\/","url":"https:\/\/informelitoral.com.ar\/%77%70%2d%63%6f%6e%74%65%6e%74\/uploads\/2021\/01\/circulo.png","contentUrl":"https:\/\/informelitoral.com.ar\/%77%70%2d%63%6f%6e%74%65%6e%74\/uploads\/2021\/01\/circulo.png","width":723,"height":731,"caption":"Informe Litoral"},"image":{"@id":"https:\/\/informelitoral.com.ar\/#\/schema\/logo\/image\/"},"sameAs":["https:\/\/www.facebook.com\/informelitoral\/","https:\/\/x.com\/InformeLitoral","https:\/\/www.instagram.com\/informelitoral\/","https:\/\/www.youtube.com\/channel\/UCua4Qvz8Icb6MYqhoq9xLXw"]},{"@type":"Person","@id":"https:\/\/informelitoral.com.ar\/#\/schema\/person\/f05f9f461677119578717524b127d6d5","name":"Sebastian","image":{"@type":"ImageObject","inLanguage":"es","@id":"https:\/\/secure.gravatar.com\/avatar\/b71bf7481d447dfb9583c7f2798e7cc64de6efb9067b74633ed8c31059a3bd82?s=96&d=mm&r=g","url":"https:\/\/secure.gravatar.com\/avatar\/b71bf7481d447dfb9583c7f2798e7cc64de6efb9067b74633ed8c31059a3bd82?s=96&d=mm&r=g","contentUrl":"https:\/\/secure.gravatar.com\/avatar\/b71bf7481d447dfb9583c7f2798e7cc64de6efb9067b74633ed8c31059a3bd82?s=96&d=mm&r=g","caption":"Sebastian"},"url":"https:\/\/informelitoral.com.ar\/author\/sebastian\/"}]}},"_links":{"self":[{"href":"https:\/\/informelitoral.com.ar\/%77%70%2d%6a%73%6f%6e\/wp\/v2\/posts\/192877","targetHints":{"allow":["GET"]}}],"collection":[{"href":"https:\/\/informelitoral.com.ar\/%77%70%2d%6a%73%6f%6e\/wp\/v2\/posts"}],"about":[{"href":"https:\/\/informelitoral.com.ar\/%77%70%2d%6a%73%6f%6e\/wp\/v2\/types\/post"}],"author":[{"embeddable":true,"href":"https:\/\/informelitoral.com.ar\/%77%70%2d%6a%73%6f%6e\/wp\/v2\/users\/8"}],"replies":[{"embeddable":true,"href":"https:\/\/informelitoral.com.ar\/%77%70%2d%6a%73%6f%6e\/wp\/v2\/comments?post=192877"}],"version-history":[{"count":0,"href":"https:\/\/informelitoral.com.ar\/%77%70%2d%6a%73%6f%6e\/wp\/v2\/posts\/192877\/revisions"}],"wp:featuredmedia":[{"embeddable":true,"href":"https:\/\/informelitoral.com.ar\/%77%70%2d%6a%73%6f%6e\/wp\/v2\/media\/192878"}],"wp:attachment":[{"href":"https:\/\/informelitoral.com.ar\/%77%70%2d%6a%73%6f%6e\/wp\/v2\/media?parent=192877"}],"wp:term":[{"taxonomy":"category","embeddable":true,"href":"https:\/\/informelitoral.com.ar\/%77%70%2d%6a%73%6f%6e\/wp\/v2\/categories?post=192877"},{"taxonomy":"post_tag","embeddable":true,"href":"https:\/\/informelitoral.com.ar\/%77%70%2d%6a%73%6f%6e\/wp\/v2\/tags?post=192877"}],"curies":[{"name":"wp","href":"https:\/\/api.w.org\/{rel}","templated":true}]}}