{"id":1928,"date":"2013-05-26T00:50:59","date_gmt":"2013-05-26T03:50:59","guid":{"rendered":"http:\/\/www.isletasnoticias.com.ar\/?p=1928"},"modified":"2013-05-26T00:50:59","modified_gmt":"2013-05-26T03:50:59","slug":"el-benedettismo-ofrece-a-de-angeli-la-primera-diputacion","status":"publish","type":"post","link":"https:\/\/informelitoral.com.ar\/el-benedettismo-ofrece-a-de-angeli-la-primera-diputacion\/","title":{"rendered":"El benedettismo ofrece a De \u00c1ngeli la primera diputaci\u00f3n"},"content":{"rendered":"<div><strong>\u00a0 La Corriente Arturo Illia resolvi\u00f3 proponerle a la agruapci\u00f3n Pancho Ram\u00edrez, del ruralista, la primera diputaci\u00f3n nacional. \u00abTenemos que hacer esa propuesta generosa y abierta en funci\u00f3n de la situaci\u00f3n del pa\u00eds\u00bb, afirman.<\/strong><\/div>\n<div><a href=\"http:\/\/www.isletasnoticias.com.ar\/%77%70%2d%63%6f%6e%74%65%6e%74\/uploads\/2013\/05\/benedetti.jpg\"><img loading=\"lazy\" decoding=\"async\" class=\"size-medium wp-image-1929 alignright\" alt=\"benedetti\" src=\"http:\/\/www.isletasnoticias.com.ar\/%77%70%2d%63%6f%6e%74%65%6e%74\/uploads\/2013\/05\/benedetti-300x168.jpg\" width=\"300\" height=\"168\" srcset=\"https:\/\/informelitoral.com.ar\/%77%70%2d%63%6f%6e%74%65%6e%74\/uploads\/2013\/05\/benedetti-300x168.jpg 300w, https:\/\/informelitoral.com.ar\/%77%70%2d%63%6f%6e%74%65%6e%74\/uploads\/2013\/05\/benedetti.jpg 640w\" sizes=\"auto, (max-width: 300px) 100vw, 300px\" \/><\/a><\/div>\n<div><\/div>\n<div>La Corriente Arturo Illia, del radicalismo entrerriano, entendi\u00f3 que \u201cla situaci\u00f3n de enorme amenaza a la democracia que est\u00e1 generando el kirchnerismo en todo el pa\u00eds amerita un frente electoral amplio y generoso. Por eso prim\u00f3 la responsabilidad y se resolvi\u00f3 que el radicalismo debe ofrecer formalmente a la agrupaci\u00f3n Pancho Ram\u00edrez, de Alfredo De Angeli, la primera diputaci\u00f3n nacional\u201d.<\/p>\n<p>\u201cSabemos que hay muchos radicales que leg\u00edtimamente sostienen que la UCR tiene un volumen provincial, una historia y nombres que hacen dif\u00edcil pensar que tenemos que renunciar\u00a0a uno de los dos primeros lugares en las listas hacia las elecciones de octubre, pero hay un reclamo social un\u00e1nime de m\u00e1s del 60 % de la sociedad, que quiere ganarle al kirchnerismo, que reclama que la oposici\u00f3n se junte\u201d, se sostuvo en la asamblea, en un comunicado enviado a <em>Informe Digital.\u00a0<\/em><\/div>\n<p>\u201cNosotros hemos convocado a los partidos pol\u00edticos afines a dialogar, concretamente hemos recibido respuestas de la Pancho Ram\u00edrez, con quienes la semana que viene nos reuniremos org\u00e1nicamente, y donde esperamos ser correspondidos con la misma responsabilidad que la hora exige\u201d.<\/p>\n<p>La Corriente propuso este s\u00e1bado que en esa reuni\u00f3n \u201cse ofrezca la candidatura a\u00a0primer diputado al dirigente agrario, porque a pesar de las posiciones que leg\u00edtimamente han sostenido algunos de nuestros dirigentes, tenemos que hacer esa propuesta generosa y abierta en funci\u00f3n de la situaci\u00f3n del pa\u00eds y la provincia\u201d, se resolvi\u00f3.<\/p>\n","protected":false},"excerpt":{"rendered":"<p>&nbsp; La Corriente Arturo Illia resolvi&oacute; proponerle a la agruapci&oacute;n Pancho Ram&iacute;rez, del ruralista, la primera diputaci&oacute;n nacional. &laquo;Tenemos que hacer esa propuesta generosa y abierta en funci&oacute;n de la situaci&oacute;n del pa&iacute;s&raquo;, afirman. La Corriente Arturo Illia, del radicalismo entrerriano, entendi&oacute; que &ldquo;la situaci&oacute;n de enorme amenaza a la democracia que est&aacute; generando el [&hellip;]<\/p>\n","protected":false},"author":2,"featured_media":0,"comment_status":"open","ping_status":"open","sticky":false,"template":"","format":"standard","meta":{"fifu_image_url":"","fifu_image_alt":"","footnotes":""},"categories":[6,16],"tags":[],"class_list":{"0":"post-1928","1":"post","2":"type-post","3":"status-publish","4":"format-standard","6":"category-entre-rios","7":"category-politi"},"yoast_head":"<title>El benedettismo ofrece a De \u00c1ngeli la primera diputaci\u00f3n - Informe Litoral<\/title>\n<meta name=\"robots\" content=\"index, follow, max-snippet:-1, max-image-preview:large, max-video-preview:-1\" \/>\n<link rel=\"canonical\" href=\"https:\/\/informelitoral.com.ar\/el-benedettismo-ofrece-a-de-angeli-la-primera-diputacion\/\" \/>\n<meta property=\"og:locale\" content=\"es_ES\" \/>\n<meta property=\"og:type\" content=\"article\" \/>\n<meta property=\"og:title\" content=\"El benedettismo ofrece a De \u00c1ngeli la primera diputaci\u00f3n - Informe Litoral\" \/>\n<meta property=\"og:description\" content=\"&nbsp; La Corriente Arturo Illia resolvi&oacute; proponerle a la agruapci&oacute;n Pancho Ram&iacute;rez, del ruralista, la primera diputaci&oacute;n nacional. &laquo;Tenemos que hacer esa propuesta generosa y abierta en funci&oacute;n de la situaci&oacute;n del pa&iacute;s&raquo;, afirman. La Corriente Arturo Illia, del radicalismo entrerriano, entendi&oacute; que &ldquo;la situaci&oacute;n de enorme amenaza a la democracia que est&aacute; generando el [&hellip;]\" \/>\n<meta property=\"og:url\" content=\"https:\/\/informelitoral.com.ar\/el-benedettismo-ofrece-a-de-angeli-la-primera-diputacion\/\" \/>\n<meta property=\"og:site_name\" content=\"Informe Litoral\" \/>\n<meta property=\"article:publisher\" content=\"https:\/\/www.facebook.com\/informelitoral\/\" \/>\n<meta property=\"article:published_time\" content=\"2013-05-26T03:50:59+00:00\" \/>\n<meta property=\"og:image\" content=\"https:\/\/informelitoral.com.ar\/%77%70%2d%63%6f%6e%74%65%6e%74\/uploads\/2013\/05\/benedetti.jpg\" \/>\n\t<meta property=\"og:image:width\" content=\"640\" \/>\n\t<meta property=\"og:image:height\" content=\"360\" \/>\n\t<meta property=\"og:image:type\" content=\"image\/jpeg\" \/>\n<meta name=\"author\" content=\"Gonzalo Schmidt\" \/>\n<meta name=\"twitter:card\" content=\"summary_large_image\" \/>\n<meta name=\"twitter:creator\" content=\"@InformeLitoral\" \/>\n<meta name=\"twitter:site\" content=\"@InformeLitoral\" \/>\n<meta name=\"twitter:label1\" content=\"Escrito por\" \/>\n\t<meta name=\"twitter:data1\" content=\"Gonzalo Schmidt\" \/>\n\t<meta name=\"twitter:label2\" content=\"Tiempo de lectura\" \/>\n\t<meta name=\"twitter:data2\" content=\"1 minuto\" \/>\n<script type=\"application\/ld+json\" class=\"yoast-schema-graph\">{\"@context\":\"https:\\\/\\\/schema.org\",\"@graph\":[{\"@type\":\"Article\",\"@id\":\"https:\\\/\\\/informelitoral.com.ar\\\/el-benedettismo-ofrece-a-de-angeli-la-primera-diputacion\\\/#article\",\"isPartOf\":{\"@id\":\"https:\\\/\\\/informelitoral.com.ar\\\/el-benedettismo-ofrece-a-de-angeli-la-primera-diputacion\\\/\"},\"author\":{\"name\":\"Gonzalo Schmidt\",\"@id\":\"https:\\\/\\\/informelitoral.com.ar\\\/#\\\/schema\\\/person\\\/b9d00407c836482871ef1d57bf8e3180\"},\"headline\":\"El benedettismo ofrece a De \u00c1ngeli la primera diputaci\u00f3n\",\"datePublished\":\"2013-05-26T03:50:59+00:00\",\"mainEntityOfPage\":{\"@id\":\"https:\\\/\\\/informelitoral.com.ar\\\/el-benedettismo-ofrece-a-de-angeli-la-primera-diputacion\\\/\"},\"wordCount\":299,\"commentCount\":0,\"publisher\":{\"@id\":\"https:\\\/\\\/informelitoral.com.ar\\\/#organization\"},\"image\":{\"@id\":\"https:\\\/\\\/informelitoral.com.ar\\\/el-benedettismo-ofrece-a-de-angeli-la-primera-diputacion\\\/#primaryimage\"},\"thumbnailUrl\":\"http:\\\/\\\/www.isletasnoticias.com.ar\\\/%77%70%2d%63%6f%6e%74%65%6e%74\\\/uploads\\\/2013\\\/05\\\/benedetti-300x168.jpg\",\"articleSection\":[\"Entre R\u00edos\",\"Politica\"],\"inLanguage\":\"es\",\"potentialAction\":[{\"@type\":\"CommentAction\",\"name\":\"Comment\",\"target\":[\"https:\\\/\\\/informelitoral.com.ar\\\/el-benedettismo-ofrece-a-de-angeli-la-primera-diputacion\\\/#respond\"]}]},{\"@type\":\"WebPage\",\"@id\":\"https:\\\/\\\/informelitoral.com.ar\\\/el-benedettismo-ofrece-a-de-angeli-la-primera-diputacion\\\/\",\"url\":\"https:\\\/\\\/informelitoral.com.ar\\\/el-benedettismo-ofrece-a-de-angeli-la-primera-diputacion\\\/\",\"name\":\"El benedettismo ofrece a De \u00c1ngeli la primera diputaci\u00f3n - Informe Litoral\",\"isPartOf\":{\"@id\":\"https:\\\/\\\/informelitoral.com.ar\\\/#website\"},\"primaryImageOfPage\":{\"@id\":\"https:\\\/\\\/informelitoral.com.ar\\\/el-benedettismo-ofrece-a-de-angeli-la-primera-diputacion\\\/#primaryimage\"},\"image\":{\"@id\":\"https:\\\/\\\/informelitoral.com.ar\\\/el-benedettismo-ofrece-a-de-angeli-la-primera-diputacion\\\/#primaryimage\"},\"thumbnailUrl\":\"http:\\\/\\\/www.isletasnoticias.com.ar\\\/%77%70%2d%63%6f%6e%74%65%6e%74\\\/uploads\\\/2013\\\/05\\\/benedetti-300x168.jpg\",\"datePublished\":\"2013-05-26T03:50:59+00:00\",\"breadcrumb\":{\"@id\":\"https:\\\/\\\/informelitoral.com.ar\\\/el-benedettismo-ofrece-a-de-angeli-la-primera-diputacion\\\/#breadcrumb\"},\"inLanguage\":\"es\",\"potentialAction\":[{\"@type\":\"ReadAction\",\"target\":[\"https:\\\/\\\/informelitoral.com.ar\\\/el-benedettismo-ofrece-a-de-angeli-la-primera-diputacion\\\/\"]}]},{\"@type\":\"ImageObject\",\"inLanguage\":\"es\",\"@id\":\"https:\\\/\\\/informelitoral.com.ar\\\/el-benedettismo-ofrece-a-de-angeli-la-primera-diputacion\\\/#primaryimage\",\"url\":\"http:\\\/\\\/www.isletasnoticias.com.ar\\\/%77%70%2d%63%6f%6e%74%65%6e%74\\\/uploads\\\/2013\\\/05\\\/benedetti-300x168.jpg\",\"contentUrl\":\"http:\\\/\\\/www.isletasnoticias.com.ar\\\/%77%70%2d%63%6f%6e%74%65%6e%74\\\/uploads\\\/2013\\\/05\\\/benedetti-300x168.jpg\"},{\"@type\":\"BreadcrumbList\",\"@id\":\"https:\\\/\\\/informelitoral.com.ar\\\/el-benedettismo-ofrece-a-de-angeli-la-primera-diputacion\\\/#breadcrumb\",\"itemListElement\":[{\"@type\":\"ListItem\",\"position\":1,\"name\":\"Portada\",\"item\":\"https:\\\/\\\/informelitoral.com.ar\\\/\"},{\"@type\":\"ListItem\",\"position\":2,\"name\":\"El benedettismo ofrece a De \u00c1ngeli la primera diputaci\u00f3n\"}]},{\"@type\":\"WebSite\",\"@id\":\"https:\\\/\\\/informelitoral.com.ar\\\/#website\",\"url\":\"https:\\\/\\\/informelitoral.com.ar\\\/\",\"name\":\"Informe Litoral\",\"description\":\"&quot;Nos informamos&quot; \",\"publisher\":{\"@id\":\"https:\\\/\\\/informelitoral.com.ar\\\/#organization\"},\"potentialAction\":[{\"@type\":\"SearchAction\",\"target\":{\"@type\":\"EntryPoint\",\"urlTemplate\":\"https:\\\/\\\/informelitoral.com.ar\\\/?s={search_term_string}\"},\"query-input\":{\"@type\":\"PropertyValueSpecification\",\"valueRequired\":true,\"valueName\":\"search_term_string\"}}],\"inLanguage\":\"es\"},{\"@type\":\"Organization\",\"@id\":\"https:\\\/\\\/informelitoral.com.ar\\\/#organization\",\"name\":\"Informe Litoral\",\"url\":\"https:\\\/\\\/informelitoral.com.ar\\\/\",\"logo\":{\"@type\":\"ImageObject\",\"inLanguage\":\"es\",\"@id\":\"https:\\\/\\\/informelitoral.com.ar\\\/#\\\/schema\\\/logo\\\/image\\\/\",\"url\":\"https:\\\/\\\/informelitoral.com.ar\\\/%77%70%2d%63%6f%6e%74%65%6e%74\\\/uploads\\\/2021\\\/01\\\/circulo.png\",\"contentUrl\":\"https:\\\/\\\/informelitoral.com.ar\\\/%77%70%2d%63%6f%6e%74%65%6e%74\\\/uploads\\\/2021\\\/01\\\/circulo.png\",\"width\":723,\"height\":731,\"caption\":\"Informe Litoral\"},\"image\":{\"@id\":\"https:\\\/\\\/informelitoral.com.ar\\\/#\\\/schema\\\/logo\\\/image\\\/\"},\"sameAs\":[\"https:\\\/\\\/www.facebook.com\\\/informelitoral\\\/\",\"https:\\\/\\\/x.com\\\/InformeLitoral\",\"https:\\\/\\\/www.instagram.com\\\/informelitoral\\\/\",\"https:\\\/\\\/www.youtube.com\\\/channel\\\/UCua4Qvz8Icb6MYqhoq9xLXw\"]},{\"@type\":\"Person\",\"@id\":\"https:\\\/\\\/informelitoral.com.ar\\\/#\\\/schema\\\/person\\\/b9d00407c836482871ef1d57bf8e3180\",\"name\":\"Gonzalo Schmidt\",\"image\":{\"@type\":\"ImageObject\",\"inLanguage\":\"es\",\"@id\":\"https:\\\/\\\/secure.gravatar.com\\\/avatar\\\/31a1a7b66ff2de83bd0e9fd79d026630d2d99e55e8bfe501287647b4fd9743de?s=96&d=mm&r=g\",\"url\":\"https:\\\/\\\/secure.gravatar.com\\\/avatar\\\/31a1a7b66ff2de83bd0e9fd79d026630d2d99e55e8bfe501287647b4fd9743de?s=96&d=mm&r=g\",\"contentUrl\":\"https:\\\/\\\/secure.gravatar.com\\\/avatar\\\/31a1a7b66ff2de83bd0e9fd79d026630d2d99e55e8bfe501287647b4fd9743de?s=96&d=mm&r=g\",\"caption\":\"Gonzalo Schmidt\"},\"description\":\"Sitio web de noticias de la provincia de Entre R\u00edos, Argentina. Informaci\u00f3n y entretenimiento. Informe Litoral, nos informamos.\",\"sameAs\":[\"http:\\\/\\\/www.isletasnoticias.com.ar\"],\"url\":\"https:\\\/\\\/informelitoral.com.ar\\\/author\\\/gonzalo\\\/\"}]}<\/script>","yoast_head_json":{"title":"El benedettismo ofrece a De \u00c1ngeli la primera diputaci\u00f3n - Informe Litoral","robots":{"index":"index","follow":"follow","max-snippet":"max-snippet:-1","max-image-preview":"max-image-preview:large","max-video-preview":"max-video-preview:-1"},"canonical":"https:\/\/informelitoral.com.ar\/el-benedettismo-ofrece-a-de-angeli-la-primera-diputacion\/","og_locale":"es_ES","og_type":"article","og_title":"El benedettismo ofrece a De \u00c1ngeli la primera diputaci\u00f3n - Informe Litoral","og_description":"&nbsp; La Corriente Arturo Illia resolvi&oacute; proponerle a la agruapci&oacute;n Pancho Ram&iacute;rez, del ruralista, la primera diputaci&oacute;n nacional. &laquo;Tenemos que hacer esa propuesta generosa y abierta en funci&oacute;n de la situaci&oacute;n del pa&iacute;s&raquo;, afirman. La Corriente Arturo Illia, del radicalismo entrerriano, entendi&oacute; que &ldquo;la situaci&oacute;n de enorme amenaza a la democracia que est&aacute; generando el [&hellip;]","og_url":"https:\/\/informelitoral.com.ar\/el-benedettismo-ofrece-a-de-angeli-la-primera-diputacion\/","og_site_name":"Informe Litoral","article_publisher":"https:\/\/www.facebook.com\/informelitoral\/","article_published_time":"2013-05-26T03:50:59+00:00","og_image":[{"width":640,"height":360,"url":"https:\/\/informelitoral.com.ar\/%77%70%2d%63%6f%6e%74%65%6e%74\/uploads\/2013\/05\/benedetti.jpg","type":"image\/jpeg"}],"author":"Gonzalo Schmidt","twitter_card":"summary_large_image","twitter_creator":"@InformeLitoral","twitter_site":"@InformeLitoral","twitter_misc":{"Escrito por":"Gonzalo Schmidt","Tiempo de lectura":"1 minuto"},"schema":{"@context":"https:\/\/schema.org","@graph":[{"@type":"Article","@id":"https:\/\/informelitoral.com.ar\/el-benedettismo-ofrece-a-de-angeli-la-primera-diputacion\/#article","isPartOf":{"@id":"https:\/\/informelitoral.com.ar\/el-benedettismo-ofrece-a-de-angeli-la-primera-diputacion\/"},"author":{"name":"Gonzalo Schmidt","@id":"https:\/\/informelitoral.com.ar\/#\/schema\/person\/b9d00407c836482871ef1d57bf8e3180"},"headline":"El benedettismo ofrece a De \u00c1ngeli la primera diputaci\u00f3n","datePublished":"2013-05-26T03:50:59+00:00","mainEntityOfPage":{"@id":"https:\/\/informelitoral.com.ar\/el-benedettismo-ofrece-a-de-angeli-la-primera-diputacion\/"},"wordCount":299,"commentCount":0,"publisher":{"@id":"https:\/\/informelitoral.com.ar\/#organization"},"image":{"@id":"https:\/\/informelitoral.com.ar\/el-benedettismo-ofrece-a-de-angeli-la-primera-diputacion\/#primaryimage"},"thumbnailUrl":"http:\/\/www.isletasnoticias.com.ar\/%77%70%2d%63%6f%6e%74%65%6e%74\/uploads\/2013\/05\/benedetti-300x168.jpg","articleSection":["Entre R\u00edos","Politica"],"inLanguage":"es","potentialAction":[{"@type":"CommentAction","name":"Comment","target":["https:\/\/informelitoral.com.ar\/el-benedettismo-ofrece-a-de-angeli-la-primera-diputacion\/#respond"]}]},{"@type":"WebPage","@id":"https:\/\/informelitoral.com.ar\/el-benedettismo-ofrece-a-de-angeli-la-primera-diputacion\/","url":"https:\/\/informelitoral.com.ar\/el-benedettismo-ofrece-a-de-angeli-la-primera-diputacion\/","name":"El benedettismo ofrece a De \u00c1ngeli la primera diputaci\u00f3n - Informe Litoral","isPartOf":{"@id":"https:\/\/informelitoral.com.ar\/#website"},"primaryImageOfPage":{"@id":"https:\/\/informelitoral.com.ar\/el-benedettismo-ofrece-a-de-angeli-la-primera-diputacion\/#primaryimage"},"image":{"@id":"https:\/\/informelitoral.com.ar\/el-benedettismo-ofrece-a-de-angeli-la-primera-diputacion\/#primaryimage"},"thumbnailUrl":"http:\/\/www.isletasnoticias.com.ar\/%77%70%2d%63%6f%6e%74%65%6e%74\/uploads\/2013\/05\/benedetti-300x168.jpg","datePublished":"2013-05-26T03:50:59+00:00","breadcrumb":{"@id":"https:\/\/informelitoral.com.ar\/el-benedettismo-ofrece-a-de-angeli-la-primera-diputacion\/#breadcrumb"},"inLanguage":"es","potentialAction":[{"@type":"ReadAction","target":["https:\/\/informelitoral.com.ar\/el-benedettismo-ofrece-a-de-angeli-la-primera-diputacion\/"]}]},{"@type":"ImageObject","inLanguage":"es","@id":"https:\/\/informelitoral.com.ar\/el-benedettismo-ofrece-a-de-angeli-la-primera-diputacion\/#primaryimage","url":"http:\/\/www.isletasnoticias.com.ar\/%77%70%2d%63%6f%6e%74%65%6e%74\/uploads\/2013\/05\/benedetti-300x168.jpg","contentUrl":"http:\/\/www.isletasnoticias.com.ar\/%77%70%2d%63%6f%6e%74%65%6e%74\/uploads\/2013\/05\/benedetti-300x168.jpg"},{"@type":"BreadcrumbList","@id":"https:\/\/informelitoral.com.ar\/el-benedettismo-ofrece-a-de-angeli-la-primera-diputacion\/#breadcrumb","itemListElement":[{"@type":"ListItem","position":1,"name":"Portada","item":"https:\/\/informelitoral.com.ar\/"},{"@type":"ListItem","position":2,"name":"El benedettismo ofrece a De \u00c1ngeli la primera diputaci\u00f3n"}]},{"@type":"WebSite","@id":"https:\/\/informelitoral.com.ar\/#website","url":"https:\/\/informelitoral.com.ar\/","name":"Informe Litoral","description":"&quot;Nos informamos&quot; ","publisher":{"@id":"https:\/\/informelitoral.com.ar\/#organization"},"potentialAction":[{"@type":"SearchAction","target":{"@type":"EntryPoint","urlTemplate":"https:\/\/informelitoral.com.ar\/?s={search_term_string}"},"query-input":{"@type":"PropertyValueSpecification","valueRequired":true,"valueName":"search_term_string"}}],"inLanguage":"es"},{"@type":"Organization","@id":"https:\/\/informelitoral.com.ar\/#organization","name":"Informe Litoral","url":"https:\/\/informelitoral.com.ar\/","logo":{"@type":"ImageObject","inLanguage":"es","@id":"https:\/\/informelitoral.com.ar\/#\/schema\/logo\/image\/","url":"https:\/\/informelitoral.com.ar\/%77%70%2d%63%6f%6e%74%65%6e%74\/uploads\/2021\/01\/circulo.png","contentUrl":"https:\/\/informelitoral.com.ar\/%77%70%2d%63%6f%6e%74%65%6e%74\/uploads\/2021\/01\/circulo.png","width":723,"height":731,"caption":"Informe Litoral"},"image":{"@id":"https:\/\/informelitoral.com.ar\/#\/schema\/logo\/image\/"},"sameAs":["https:\/\/www.facebook.com\/informelitoral\/","https:\/\/x.com\/InformeLitoral","https:\/\/www.instagram.com\/informelitoral\/","https:\/\/www.youtube.com\/channel\/UCua4Qvz8Icb6MYqhoq9xLXw"]},{"@type":"Person","@id":"https:\/\/informelitoral.com.ar\/#\/schema\/person\/b9d00407c836482871ef1d57bf8e3180","name":"Gonzalo Schmidt","image":{"@type":"ImageObject","inLanguage":"es","@id":"https:\/\/secure.gravatar.com\/avatar\/31a1a7b66ff2de83bd0e9fd79d026630d2d99e55e8bfe501287647b4fd9743de?s=96&d=mm&r=g","url":"https:\/\/secure.gravatar.com\/avatar\/31a1a7b66ff2de83bd0e9fd79d026630d2d99e55e8bfe501287647b4fd9743de?s=96&d=mm&r=g","contentUrl":"https:\/\/secure.gravatar.com\/avatar\/31a1a7b66ff2de83bd0e9fd79d026630d2d99e55e8bfe501287647b4fd9743de?s=96&d=mm&r=g","caption":"Gonzalo Schmidt"},"description":"Sitio web de noticias de la provincia de Entre R\u00edos, Argentina. Informaci\u00f3n y entretenimiento. Informe Litoral, nos informamos.","sameAs":["http:\/\/www.isletasnoticias.com.ar"],"url":"https:\/\/informelitoral.com.ar\/author\/gonzalo\/"}]}},"_links":{"self":[{"href":"https:\/\/informelitoral.com.ar\/%77%70%2d%6a%73%6f%6e\/wp\/v2\/posts\/1928","targetHints":{"allow":["GET"]}}],"collection":[{"href":"https:\/\/informelitoral.com.ar\/%77%70%2d%6a%73%6f%6e\/wp\/v2\/posts"}],"about":[{"href":"https:\/\/informelitoral.com.ar\/%77%70%2d%6a%73%6f%6e\/wp\/v2\/types\/post"}],"author":[{"embeddable":true,"href":"https:\/\/informelitoral.com.ar\/%77%70%2d%6a%73%6f%6e\/wp\/v2\/users\/2"}],"replies":[{"embeddable":true,"href":"https:\/\/informelitoral.com.ar\/%77%70%2d%6a%73%6f%6e\/wp\/v2\/comments?post=1928"}],"version-history":[{"count":0,"href":"https:\/\/informelitoral.com.ar\/%77%70%2d%6a%73%6f%6e\/wp\/v2\/posts\/1928\/revisions"}],"wp:attachment":[{"href":"https:\/\/informelitoral.com.ar\/%77%70%2d%6a%73%6f%6e\/wp\/v2\/media?parent=1928"}],"wp:term":[{"taxonomy":"category","embeddable":true,"href":"https:\/\/informelitoral.com.ar\/%77%70%2d%6a%73%6f%6e\/wp\/v2\/categories?post=1928"},{"taxonomy":"post_tag","embeddable":true,"href":"https:\/\/informelitoral.com.ar\/%77%70%2d%6a%73%6f%6e\/wp\/v2\/tags?post=1928"}],"curies":[{"name":"wp","href":"https:\/\/api.w.org\/{rel}","templated":true}]}}