{"id":1925,"date":"2013-05-26T00:39:51","date_gmt":"2013-05-26T03:39:51","guid":{"rendered":"http:\/\/www.isletasnoticias.com.ar\/?p=1925"},"modified":"2013-05-26T00:39:51","modified_gmt":"2013-05-26T03:39:51","slug":"cristina-nego-un-fin-de-ciclo-y-pidio-que-haya-otra-decada-ganada","status":"publish","type":"post","link":"https:\/\/informelitoral.com.ar\/cristina-nego-un-fin-de-ciclo-y-pidio-que-haya-otra-decada-ganada\/","title":{"rendered":"Cristina neg\u00f3 un \u00abfin de ciclo\u00bb y pidi\u00f3 que haya otra \u00abd\u00e9cada ganada\u00bb"},"content":{"rendered":"<div>\n<p><strong>\u00a0 La presidente fue la \u00fanica oradora del acto\u00a0que organiz\u00f3 el kirchnerismo para celebrar el 25 de Mayo y los diez a\u00f1os de gesti\u00f3n. Advirti\u00f3 que\u00a0no pretende ser \u00abeterna\u00bb\u00a0y llam\u00f3 a \u00abempoderar al pueblo con las reformas\u00bb. Se refiri\u00f3, adem\u00e1s, a la inflaci\u00f3n y apunt\u00f3 contra el empresariado por \u00abfijar los precios\u00bb. Volvi\u00f3 a defender la\u00a0reforma judicial.\u00a0<\/strong><\/p>\n<\/div>\n<p><img loading=\"lazy\" decoding=\"async\" class=\"size-medium wp-image-1926 aligncenter\" alt=\"cris\" src=\"http:\/\/www.isletasnoticias.com.ar\/%77%70%2d%63%6f%6e%74%65%6e%74\/uploads\/2013\/05\/cris-300x116.jpg\" width=\"300\" height=\"116\" srcset=\"https:\/\/informelitoral.com.ar\/%77%70%2d%63%6f%6e%74%65%6e%74\/uploads\/2013\/05\/cris-300x116.jpg 300w, https:\/\/informelitoral.com.ar\/%77%70%2d%63%6f%6e%74%65%6e%74\/uploads\/2013\/05\/cris.jpg 600w\" sizes=\"auto, (max-width: 300px) 100vw, 300px\" \/><\/p>\n<div>\n<p>Con la canci\u00f3n\u00a0<em>Rezo por vos<\/em>\u00a0de Charly Garc\u00eda de fondo, la mandataria subi\u00f3 al escenario cuando ca\u00eda la luz de la tarde. A sus espaldas estaban funcionarios y gobernadores. Tras escuchar una versi\u00f3n del himno de la Bomba del Tiempo y el Chango Spasiuk, tom\u00f3 la palabra.<\/p>\n<p><strong>\u201cNo venimos a insultar ni a agraviar, sino a festejar el d\u00eda de la patria\u201d<\/strong>, comenz\u00f3 ante la multitud y por\u00a0<strong>cadena nacional<\/strong>. Tras recordar la llegada a la Casa Rosada de su esposo,\u00a0<strong>N\u00e9stor Kirchner<\/strong>, dijo:<strong>\u00a0<\/strong><strong>\u201cEsta es la d\u00e9cada ganada, no por el Gobierno, sino por el pueblo\u201d.<\/strong><\/p>\n<p>En ese sentido, convoc\u00f3 a que la pr\u00f3xima d\u00e9cada tambi\u00e9n sea \u201cganada\u201d, al enfatizar la necesidad de sostener los logros alcanzados. De todos modos, aclar\u00f3:<strong>\u00a0<\/strong><strong>\u201cNo soy eterna, tampoco lo quiero ser\u201d. Y llam\u00f3 a \u201cempoderar\u201d al pueblo.\u00a0<\/strong><\/p>\n<\/div>\n<p>La jefa de Estado cuestion\u00f3 a quienes creen que cuando termine su gesti\u00f3n se pondr\u00e1 fin a las \u201cconquistas\u201d logradas en los \u00faltimos 10 a\u00f1os. \u201cMuchas veces leo que hablan del fin de ciclo del kirchnerismo. Yo les pregunto, \u00bfel cambio de un gobierno por otro es\u00a0<strong>fin de ciclo<\/strong>, o a lo que se refieren es que cuando yo me vaya se va a acabar todo lo que hemos conquistado en esta d\u00e9cada ganada?\u201d, dijo.<\/p>\n<p>\u201cTal vez se refieren a que ya no va a haber m\u00e1s todos los a\u00f1os la fijaci\u00f3n del salario m\u00ednimo vital y m\u00f3vil; todos los a\u00f1os convenciones colectivas de trabajo donde incorporamos m\u00e1s poder adquisitivo.\u00a0<strong>Porque a lo mejor ellos piensan que\u00a0<\/strong>l<strong>os salario<\/strong><strong>s son los que provocan la inflaci\u00f3n. Los precios no los ponen los trabajadores ni el gobierno, yo digo que los fijan los empresarios y los grandes monopolios<\/strong>. \u00bfA qu\u00e9 se refieren entonces?\u201d, afirm\u00f3.<\/p>\n<p>Una vez m\u00e1s, defendi\u00f3 la reforma judicial que impuls\u00f3 la Casa Rosada. \u201c\u00bfA qui\u00e9n le molesta elegir a los que van a representarlos en el Consejo de la Magistratura que elige y designa jueces?\u201d, se pregunt\u00f3.<\/p>\n<p>La mandataria hizo un breve repaso hist\u00f3rico.\u00a0<strong>\u201cFrench y Beruti no repart\u00edan escarapelas como nos ense\u00f1\u00f3 Billiken para celebrar la ca\u00edda\u00a0<\/strong><strong>del rey de Espa\u00f1a: eran cintas amarillas marcando a\u00a0 los que \u00fanicamente pod\u00edan ingresar al cabildo. As\u00ed se hizo la revoluci\u00f3n<\/strong>\u201d, coment\u00f3.<\/p>\n<p>\u201cLuego \u2013continu\u00f3\u2013 vinieron siglos de avances y retrocesos, y casi una d\u00e9cada que cambi\u00f3 la historia del siglo XX. Antes de Juan Domingo y Eva Per\u00f3n a la gente se le pagaba dos monedas, no hab\u00eda vacaciones, ni aguinaldos. \u00bfC\u00f3mo no iban a ser denostados?\u201d.<\/p>\n<p>El repaso termin\u00f3 en la actualidad.\u00a0<strong>\u201cTodav\u00eda estamos peleando, ya no por la libertad, sino por la igualdad, que es el gran signo de esta d\u00e9cada y de las que vendr\u00e1n\u201d<\/strong>, reflexion\u00f3.\u00a0<strong>\u201cHay que articular al pueblo para que los logros no se pierdan\u201d<\/strong>, agreg\u00f3. Y reconoci\u00f3 que esa es su\u00a0<strong>\u201cobsesi\u00f3n\u201d<\/strong>.<\/p>\n<p>En el discurso hubo elogios para la pol\u00edtica kirchnerista en materia de educaci\u00f3n,\u00a0<strong>la Asignaci\u00f3n Universal por Hijo\u00a0<\/strong>y la entrega de\u00a0<strong>notebooks<\/strong>. Tambi\u00e9n destac\u00f3 la pol\u00edtica de derechos humanos, aunque dijo que a\u00fan existe \u201c<strong>una deuda con esas madres y abuelas que siguen buscando a sus hijos y nietos\u201d<\/strong>.<\/p>\n<p>Bastante m\u00e1s solapados, hubo mensajes para el gobernador de C\u00f3rdoba,\u00a0<strong>Jos\u00e9 Manuel De la Sota<\/strong>\u00a0(\u201csin memoria, verdad y justicia no hay unidad posible\u201d) y cr\u00edticas contra\u00a0\u201clos que insultan a los que no pueden defenderse les contestaremos con m\u00e1s gesti\u00f3n\u201d.<\/p>\n<p>Sobre el final, Cristina Kirchner se refiri\u00f3 a los cortes de calle. \u201cSabemos que no es justo, pero les pido perd\u00f3n a los que se enojan y dicen que as\u00ed no pueden vivir m\u00e1s\u00bb. Pero advirti\u00f3; \u00ab<strong>Yo no voy a ser una presidenta que le de palos a nadie<\/strong>\u201d.<\/p>\n<p>Cuando termin\u00f3, la presidente permaneci\u00f3 unos minutos en el escenario y bail\u00f3 agitando a sus militantes, que le devolvieron el gesto con sus cl\u00e1sicas canciones. Ya les dio una misi\u00f3n: \u201cbuscar otra d\u00e9cada ganada\u201d.<\/p>\n<p>Fuente: Infobae.<\/p>\n","protected":false},"excerpt":{"rendered":"<p>&nbsp; La presidente fue la &uacute;nica oradora del acto&nbsp;que organiz&oacute; el kirchnerismo para celebrar el 25 de Mayo y los diez a&ntilde;os de gesti&oacute;n. Advirti&oacute; que&nbsp;no pretende ser &laquo;eterna&raquo;&nbsp;y llam&oacute; a &laquo;empoderar al pueblo con las reformas&raquo;. Se refiri&oacute;, adem&aacute;s, a la inflaci&oacute;n y apunt&oacute; contra el empresariado por &laquo;fijar los precios&raquo;. Volvi&oacute; a defender [&hellip;]<\/p>\n","protected":false},"author":2,"featured_media":0,"comment_status":"open","ping_status":"open","sticky":false,"template":"","format":"standard","meta":{"fifu_image_url":"","fifu_image_alt":"","footnotes":""},"categories":[7,16],"tags":[],"class_list":{"0":"post-1925","1":"post","2":"type-post","3":"status-publish","4":"format-standard","6":"category-nacionales","7":"category-politi"},"yoast_head":"<title>Cristina neg\u00f3 un &quot;fin de ciclo&quot; y pidi\u00f3 que haya otra &quot;d\u00e9cada ganada&quot; - Informe Litoral<\/title>\n<meta name=\"robots\" content=\"index, follow, max-snippet:-1, max-image-preview:large, max-video-preview:-1\" \/>\n<link rel=\"canonical\" href=\"https:\/\/informelitoral.com.ar\/cristina-nego-un-fin-de-ciclo-y-pidio-que-haya-otra-decada-ganada\/\" \/>\n<meta property=\"og:locale\" content=\"es_ES\" \/>\n<meta property=\"og:type\" content=\"article\" \/>\n<meta property=\"og:title\" content=\"Cristina neg\u00f3 un &quot;fin de ciclo&quot; y pidi\u00f3 que haya otra &quot;d\u00e9cada ganada&quot; - Informe Litoral\" \/>\n<meta property=\"og:description\" content=\"&nbsp; La presidente fue la &uacute;nica oradora del acto&nbsp;que organiz&oacute; el kirchnerismo para celebrar el 25 de Mayo y los diez a&ntilde;os de gesti&oacute;n. Advirti&oacute; que&nbsp;no pretende ser &laquo;eterna&raquo;&nbsp;y llam&oacute; a &laquo;empoderar al pueblo con las reformas&raquo;. Se refiri&oacute;, adem&aacute;s, a la inflaci&oacute;n y apunt&oacute; contra el empresariado por &laquo;fijar los precios&raquo;. Volvi&oacute; a defender [&hellip;]\" \/>\n<meta property=\"og:url\" content=\"https:\/\/informelitoral.com.ar\/cristina-nego-un-fin-de-ciclo-y-pidio-que-haya-otra-decada-ganada\/\" \/>\n<meta property=\"og:site_name\" content=\"Informe Litoral\" \/>\n<meta property=\"article:publisher\" content=\"https:\/\/www.facebook.com\/informelitoral\/\" \/>\n<meta property=\"article:published_time\" content=\"2013-05-26T03:39:51+00:00\" \/>\n<meta property=\"og:image\" content=\"https:\/\/informelitoral.com.ar\/%77%70%2d%63%6f%6e%74%65%6e%74\/uploads\/2013\/05\/cris.jpg\" \/>\n\t<meta property=\"og:image:width\" content=\"600\" \/>\n\t<meta property=\"og:image:height\" content=\"233\" \/>\n\t<meta property=\"og:image:type\" content=\"image\/jpeg\" \/>\n<meta name=\"author\" content=\"Gonzalo Schmidt\" \/>\n<meta name=\"twitter:card\" content=\"summary_large_image\" \/>\n<meta name=\"twitter:creator\" content=\"@InformeLitoral\" \/>\n<meta name=\"twitter:site\" content=\"@InformeLitoral\" \/>\n<meta name=\"twitter:label1\" content=\"Escrito por\" \/>\n\t<meta name=\"twitter:data1\" content=\"Gonzalo Schmidt\" \/>\n\t<meta name=\"twitter:label2\" content=\"Tiempo de lectura\" \/>\n\t<meta name=\"twitter:data2\" content=\"4 minutos\" \/>\n<script type=\"application\/ld+json\" class=\"yoast-schema-graph\">{\"@context\":\"https:\\\/\\\/schema.org\",\"@graph\":[{\"@type\":\"Article\",\"@id\":\"https:\\\/\\\/informelitoral.com.ar\\\/cristina-nego-un-fin-de-ciclo-y-pidio-que-haya-otra-decada-ganada\\\/#article\",\"isPartOf\":{\"@id\":\"https:\\\/\\\/informelitoral.com.ar\\\/cristina-nego-un-fin-de-ciclo-y-pidio-que-haya-otra-decada-ganada\\\/\"},\"author\":{\"name\":\"Gonzalo Schmidt\",\"@id\":\"https:\\\/\\\/informelitoral.com.ar\\\/#\\\/schema\\\/person\\\/b9d00407c836482871ef1d57bf8e3180\"},\"headline\":\"Cristina neg\u00f3 un \u00abfin de ciclo\u00bb y pidi\u00f3 que haya otra \u00abd\u00e9cada ganada\u00bb\",\"datePublished\":\"2013-05-26T03:39:51+00:00\",\"mainEntityOfPage\":{\"@id\":\"https:\\\/\\\/informelitoral.com.ar\\\/cristina-nego-un-fin-de-ciclo-y-pidio-que-haya-otra-decada-ganada\\\/\"},\"wordCount\":771,\"commentCount\":0,\"publisher\":{\"@id\":\"https:\\\/\\\/informelitoral.com.ar\\\/#organization\"},\"image\":{\"@id\":\"https:\\\/\\\/informelitoral.com.ar\\\/cristina-nego-un-fin-de-ciclo-y-pidio-que-haya-otra-decada-ganada\\\/#primaryimage\"},\"thumbnailUrl\":\"http:\\\/\\\/www.isletasnoticias.com.ar\\\/%77%70%2d%63%6f%6e%74%65%6e%74\\\/uploads\\\/2013\\\/05\\\/cris-300x116.jpg\",\"articleSection\":[\"Nacionales\",\"Politica\"],\"inLanguage\":\"es\",\"potentialAction\":[{\"@type\":\"CommentAction\",\"name\":\"Comment\",\"target\":[\"https:\\\/\\\/informelitoral.com.ar\\\/cristina-nego-un-fin-de-ciclo-y-pidio-que-haya-otra-decada-ganada\\\/#respond\"]}]},{\"@type\":\"WebPage\",\"@id\":\"https:\\\/\\\/informelitoral.com.ar\\\/cristina-nego-un-fin-de-ciclo-y-pidio-que-haya-otra-decada-ganada\\\/\",\"url\":\"https:\\\/\\\/informelitoral.com.ar\\\/cristina-nego-un-fin-de-ciclo-y-pidio-que-haya-otra-decada-ganada\\\/\",\"name\":\"Cristina neg\u00f3 un \\\"fin de ciclo\\\" y pidi\u00f3 que haya otra \\\"d\u00e9cada ganada\\\" - Informe Litoral\",\"isPartOf\":{\"@id\":\"https:\\\/\\\/informelitoral.com.ar\\\/#website\"},\"primaryImageOfPage\":{\"@id\":\"https:\\\/\\\/informelitoral.com.ar\\\/cristina-nego-un-fin-de-ciclo-y-pidio-que-haya-otra-decada-ganada\\\/#primaryimage\"},\"image\":{\"@id\":\"https:\\\/\\\/informelitoral.com.ar\\\/cristina-nego-un-fin-de-ciclo-y-pidio-que-haya-otra-decada-ganada\\\/#primaryimage\"},\"thumbnailUrl\":\"http:\\\/\\\/www.isletasnoticias.com.ar\\\/%77%70%2d%63%6f%6e%74%65%6e%74\\\/uploads\\\/2013\\\/05\\\/cris-300x116.jpg\",\"datePublished\":\"2013-05-26T03:39:51+00:00\",\"breadcrumb\":{\"@id\":\"https:\\\/\\\/informelitoral.com.ar\\\/cristina-nego-un-fin-de-ciclo-y-pidio-que-haya-otra-decada-ganada\\\/#breadcrumb\"},\"inLanguage\":\"es\",\"potentialAction\":[{\"@type\":\"ReadAction\",\"target\":[\"https:\\\/\\\/informelitoral.com.ar\\\/cristina-nego-un-fin-de-ciclo-y-pidio-que-haya-otra-decada-ganada\\\/\"]}]},{\"@type\":\"ImageObject\",\"inLanguage\":\"es\",\"@id\":\"https:\\\/\\\/informelitoral.com.ar\\\/cristina-nego-un-fin-de-ciclo-y-pidio-que-haya-otra-decada-ganada\\\/#primaryimage\",\"url\":\"http:\\\/\\\/www.isletasnoticias.com.ar\\\/%77%70%2d%63%6f%6e%74%65%6e%74\\\/uploads\\\/2013\\\/05\\\/cris-300x116.jpg\",\"contentUrl\":\"http:\\\/\\\/www.isletasnoticias.com.ar\\\/%77%70%2d%63%6f%6e%74%65%6e%74\\\/uploads\\\/2013\\\/05\\\/cris-300x116.jpg\"},{\"@type\":\"BreadcrumbList\",\"@id\":\"https:\\\/\\\/informelitoral.com.ar\\\/cristina-nego-un-fin-de-ciclo-y-pidio-que-haya-otra-decada-ganada\\\/#breadcrumb\",\"itemListElement\":[{\"@type\":\"ListItem\",\"position\":1,\"name\":\"Portada\",\"item\":\"https:\\\/\\\/informelitoral.com.ar\\\/\"},{\"@type\":\"ListItem\",\"position\":2,\"name\":\"Cristina neg\u00f3 un \u00abfin de ciclo\u00bb y pidi\u00f3 que haya otra \u00abd\u00e9cada ganada\u00bb\"}]},{\"@type\":\"WebSite\",\"@id\":\"https:\\\/\\\/informelitoral.com.ar\\\/#website\",\"url\":\"https:\\\/\\\/informelitoral.com.ar\\\/\",\"name\":\"Informe Litoral\",\"description\":\"&quot;Nos informamos&quot; \",\"publisher\":{\"@id\":\"https:\\\/\\\/informelitoral.com.ar\\\/#organization\"},\"potentialAction\":[{\"@type\":\"SearchAction\",\"target\":{\"@type\":\"EntryPoint\",\"urlTemplate\":\"https:\\\/\\\/informelitoral.com.ar\\\/?s={search_term_string}\"},\"query-input\":{\"@type\":\"PropertyValueSpecification\",\"valueRequired\":true,\"valueName\":\"search_term_string\"}}],\"inLanguage\":\"es\"},{\"@type\":\"Organization\",\"@id\":\"https:\\\/\\\/informelitoral.com.ar\\\/#organization\",\"name\":\"Informe Litoral\",\"url\":\"https:\\\/\\\/informelitoral.com.ar\\\/\",\"logo\":{\"@type\":\"ImageObject\",\"inLanguage\":\"es\",\"@id\":\"https:\\\/\\\/informelitoral.com.ar\\\/#\\\/schema\\\/logo\\\/image\\\/\",\"url\":\"https:\\\/\\\/informelitoral.com.ar\\\/%77%70%2d%63%6f%6e%74%65%6e%74\\\/uploads\\\/2021\\\/01\\\/circulo.png\",\"contentUrl\":\"https:\\\/\\\/informelitoral.com.ar\\\/%77%70%2d%63%6f%6e%74%65%6e%74\\\/uploads\\\/2021\\\/01\\\/circulo.png\",\"width\":723,\"height\":731,\"caption\":\"Informe Litoral\"},\"image\":{\"@id\":\"https:\\\/\\\/informelitoral.com.ar\\\/#\\\/schema\\\/logo\\\/image\\\/\"},\"sameAs\":[\"https:\\\/\\\/www.facebook.com\\\/informelitoral\\\/\",\"https:\\\/\\\/x.com\\\/InformeLitoral\",\"https:\\\/\\\/www.instagram.com\\\/informelitoral\\\/\",\"https:\\\/\\\/www.youtube.com\\\/channel\\\/UCua4Qvz8Icb6MYqhoq9xLXw\"]},{\"@type\":\"Person\",\"@id\":\"https:\\\/\\\/informelitoral.com.ar\\\/#\\\/schema\\\/person\\\/b9d00407c836482871ef1d57bf8e3180\",\"name\":\"Gonzalo Schmidt\",\"image\":{\"@type\":\"ImageObject\",\"inLanguage\":\"es\",\"@id\":\"https:\\\/\\\/secure.gravatar.com\\\/avatar\\\/31a1a7b66ff2de83bd0e9fd79d026630d2d99e55e8bfe501287647b4fd9743de?s=96&d=mm&r=g\",\"url\":\"https:\\\/\\\/secure.gravatar.com\\\/avatar\\\/31a1a7b66ff2de83bd0e9fd79d026630d2d99e55e8bfe501287647b4fd9743de?s=96&d=mm&r=g\",\"contentUrl\":\"https:\\\/\\\/secure.gravatar.com\\\/avatar\\\/31a1a7b66ff2de83bd0e9fd79d026630d2d99e55e8bfe501287647b4fd9743de?s=96&d=mm&r=g\",\"caption\":\"Gonzalo Schmidt\"},\"description\":\"Sitio web de noticias de la provincia de Entre R\u00edos, Argentina. Informaci\u00f3n y entretenimiento. Informe Litoral, nos informamos.\",\"sameAs\":[\"http:\\\/\\\/www.isletasnoticias.com.ar\"],\"url\":\"https:\\\/\\\/informelitoral.com.ar\\\/author\\\/gonzalo\\\/\"}]}<\/script>","yoast_head_json":{"title":"Cristina neg\u00f3 un \"fin de ciclo\" y pidi\u00f3 que haya otra \"d\u00e9cada ganada\" - Informe Litoral","robots":{"index":"index","follow":"follow","max-snippet":"max-snippet:-1","max-image-preview":"max-image-preview:large","max-video-preview":"max-video-preview:-1"},"canonical":"https:\/\/informelitoral.com.ar\/cristina-nego-un-fin-de-ciclo-y-pidio-que-haya-otra-decada-ganada\/","og_locale":"es_ES","og_type":"article","og_title":"Cristina neg\u00f3 un \"fin de ciclo\" y pidi\u00f3 que haya otra \"d\u00e9cada ganada\" - Informe Litoral","og_description":"&nbsp; La presidente fue la &uacute;nica oradora del acto&nbsp;que organiz&oacute; el kirchnerismo para celebrar el 25 de Mayo y los diez a&ntilde;os de gesti&oacute;n. Advirti&oacute; que&nbsp;no pretende ser &laquo;eterna&raquo;&nbsp;y llam&oacute; a &laquo;empoderar al pueblo con las reformas&raquo;. Se refiri&oacute;, adem&aacute;s, a la inflaci&oacute;n y apunt&oacute; contra el empresariado por &laquo;fijar los precios&raquo;. Volvi&oacute; a defender [&hellip;]","og_url":"https:\/\/informelitoral.com.ar\/cristina-nego-un-fin-de-ciclo-y-pidio-que-haya-otra-decada-ganada\/","og_site_name":"Informe Litoral","article_publisher":"https:\/\/www.facebook.com\/informelitoral\/","article_published_time":"2013-05-26T03:39:51+00:00","og_image":[{"width":600,"height":233,"url":"https:\/\/informelitoral.com.ar\/%77%70%2d%63%6f%6e%74%65%6e%74\/uploads\/2013\/05\/cris.jpg","type":"image\/jpeg"}],"author":"Gonzalo Schmidt","twitter_card":"summary_large_image","twitter_creator":"@InformeLitoral","twitter_site":"@InformeLitoral","twitter_misc":{"Escrito por":"Gonzalo Schmidt","Tiempo de lectura":"4 minutos"},"schema":{"@context":"https:\/\/schema.org","@graph":[{"@type":"Article","@id":"https:\/\/informelitoral.com.ar\/cristina-nego-un-fin-de-ciclo-y-pidio-que-haya-otra-decada-ganada\/#article","isPartOf":{"@id":"https:\/\/informelitoral.com.ar\/cristina-nego-un-fin-de-ciclo-y-pidio-que-haya-otra-decada-ganada\/"},"author":{"name":"Gonzalo Schmidt","@id":"https:\/\/informelitoral.com.ar\/#\/schema\/person\/b9d00407c836482871ef1d57bf8e3180"},"headline":"Cristina neg\u00f3 un \u00abfin de ciclo\u00bb y pidi\u00f3 que haya otra \u00abd\u00e9cada ganada\u00bb","datePublished":"2013-05-26T03:39:51+00:00","mainEntityOfPage":{"@id":"https:\/\/informelitoral.com.ar\/cristina-nego-un-fin-de-ciclo-y-pidio-que-haya-otra-decada-ganada\/"},"wordCount":771,"commentCount":0,"publisher":{"@id":"https:\/\/informelitoral.com.ar\/#organization"},"image":{"@id":"https:\/\/informelitoral.com.ar\/cristina-nego-un-fin-de-ciclo-y-pidio-que-haya-otra-decada-ganada\/#primaryimage"},"thumbnailUrl":"http:\/\/www.isletasnoticias.com.ar\/%77%70%2d%63%6f%6e%74%65%6e%74\/uploads\/2013\/05\/cris-300x116.jpg","articleSection":["Nacionales","Politica"],"inLanguage":"es","potentialAction":[{"@type":"CommentAction","name":"Comment","target":["https:\/\/informelitoral.com.ar\/cristina-nego-un-fin-de-ciclo-y-pidio-que-haya-otra-decada-ganada\/#respond"]}]},{"@type":"WebPage","@id":"https:\/\/informelitoral.com.ar\/cristina-nego-un-fin-de-ciclo-y-pidio-que-haya-otra-decada-ganada\/","url":"https:\/\/informelitoral.com.ar\/cristina-nego-un-fin-de-ciclo-y-pidio-que-haya-otra-decada-ganada\/","name":"Cristina neg\u00f3 un \"fin de ciclo\" y pidi\u00f3 que haya otra \"d\u00e9cada ganada\" - Informe Litoral","isPartOf":{"@id":"https:\/\/informelitoral.com.ar\/#website"},"primaryImageOfPage":{"@id":"https:\/\/informelitoral.com.ar\/cristina-nego-un-fin-de-ciclo-y-pidio-que-haya-otra-decada-ganada\/#primaryimage"},"image":{"@id":"https:\/\/informelitoral.com.ar\/cristina-nego-un-fin-de-ciclo-y-pidio-que-haya-otra-decada-ganada\/#primaryimage"},"thumbnailUrl":"http:\/\/www.isletasnoticias.com.ar\/%77%70%2d%63%6f%6e%74%65%6e%74\/uploads\/2013\/05\/cris-300x116.jpg","datePublished":"2013-05-26T03:39:51+00:00","breadcrumb":{"@id":"https:\/\/informelitoral.com.ar\/cristina-nego-un-fin-de-ciclo-y-pidio-que-haya-otra-decada-ganada\/#breadcrumb"},"inLanguage":"es","potentialAction":[{"@type":"ReadAction","target":["https:\/\/informelitoral.com.ar\/cristina-nego-un-fin-de-ciclo-y-pidio-que-haya-otra-decada-ganada\/"]}]},{"@type":"ImageObject","inLanguage":"es","@id":"https:\/\/informelitoral.com.ar\/cristina-nego-un-fin-de-ciclo-y-pidio-que-haya-otra-decada-ganada\/#primaryimage","url":"http:\/\/www.isletasnoticias.com.ar\/%77%70%2d%63%6f%6e%74%65%6e%74\/uploads\/2013\/05\/cris-300x116.jpg","contentUrl":"http:\/\/www.isletasnoticias.com.ar\/%77%70%2d%63%6f%6e%74%65%6e%74\/uploads\/2013\/05\/cris-300x116.jpg"},{"@type":"BreadcrumbList","@id":"https:\/\/informelitoral.com.ar\/cristina-nego-un-fin-de-ciclo-y-pidio-que-haya-otra-decada-ganada\/#breadcrumb","itemListElement":[{"@type":"ListItem","position":1,"name":"Portada","item":"https:\/\/informelitoral.com.ar\/"},{"@type":"ListItem","position":2,"name":"Cristina neg\u00f3 un \u00abfin de ciclo\u00bb y pidi\u00f3 que haya otra \u00abd\u00e9cada ganada\u00bb"}]},{"@type":"WebSite","@id":"https:\/\/informelitoral.com.ar\/#website","url":"https:\/\/informelitoral.com.ar\/","name":"Informe Litoral","description":"&quot;Nos informamos&quot; ","publisher":{"@id":"https:\/\/informelitoral.com.ar\/#organization"},"potentialAction":[{"@type":"SearchAction","target":{"@type":"EntryPoint","urlTemplate":"https:\/\/informelitoral.com.ar\/?s={search_term_string}"},"query-input":{"@type":"PropertyValueSpecification","valueRequired":true,"valueName":"search_term_string"}}],"inLanguage":"es"},{"@type":"Organization","@id":"https:\/\/informelitoral.com.ar\/#organization","name":"Informe Litoral","url":"https:\/\/informelitoral.com.ar\/","logo":{"@type":"ImageObject","inLanguage":"es","@id":"https:\/\/informelitoral.com.ar\/#\/schema\/logo\/image\/","url":"https:\/\/informelitoral.com.ar\/%77%70%2d%63%6f%6e%74%65%6e%74\/uploads\/2021\/01\/circulo.png","contentUrl":"https:\/\/informelitoral.com.ar\/%77%70%2d%63%6f%6e%74%65%6e%74\/uploads\/2021\/01\/circulo.png","width":723,"height":731,"caption":"Informe Litoral"},"image":{"@id":"https:\/\/informelitoral.com.ar\/#\/schema\/logo\/image\/"},"sameAs":["https:\/\/www.facebook.com\/informelitoral\/","https:\/\/x.com\/InformeLitoral","https:\/\/www.instagram.com\/informelitoral\/","https:\/\/www.youtube.com\/channel\/UCua4Qvz8Icb6MYqhoq9xLXw"]},{"@type":"Person","@id":"https:\/\/informelitoral.com.ar\/#\/schema\/person\/b9d00407c836482871ef1d57bf8e3180","name":"Gonzalo Schmidt","image":{"@type":"ImageObject","inLanguage":"es","@id":"https:\/\/secure.gravatar.com\/avatar\/31a1a7b66ff2de83bd0e9fd79d026630d2d99e55e8bfe501287647b4fd9743de?s=96&d=mm&r=g","url":"https:\/\/secure.gravatar.com\/avatar\/31a1a7b66ff2de83bd0e9fd79d026630d2d99e55e8bfe501287647b4fd9743de?s=96&d=mm&r=g","contentUrl":"https:\/\/secure.gravatar.com\/avatar\/31a1a7b66ff2de83bd0e9fd79d026630d2d99e55e8bfe501287647b4fd9743de?s=96&d=mm&r=g","caption":"Gonzalo Schmidt"},"description":"Sitio web de noticias de la provincia de Entre R\u00edos, Argentina. Informaci\u00f3n y entretenimiento. Informe Litoral, nos informamos.","sameAs":["http:\/\/www.isletasnoticias.com.ar"],"url":"https:\/\/informelitoral.com.ar\/author\/gonzalo\/"}]}},"_links":{"self":[{"href":"https:\/\/informelitoral.com.ar\/%77%70%2d%6a%73%6f%6e\/wp\/v2\/posts\/1925","targetHints":{"allow":["GET"]}}],"collection":[{"href":"https:\/\/informelitoral.com.ar\/%77%70%2d%6a%73%6f%6e\/wp\/v2\/posts"}],"about":[{"href":"https:\/\/informelitoral.com.ar\/%77%70%2d%6a%73%6f%6e\/wp\/v2\/types\/post"}],"author":[{"embeddable":true,"href":"https:\/\/informelitoral.com.ar\/%77%70%2d%6a%73%6f%6e\/wp\/v2\/users\/2"}],"replies":[{"embeddable":true,"href":"https:\/\/informelitoral.com.ar\/%77%70%2d%6a%73%6f%6e\/wp\/v2\/comments?post=1925"}],"version-history":[{"count":0,"href":"https:\/\/informelitoral.com.ar\/%77%70%2d%6a%73%6f%6e\/wp\/v2\/posts\/1925\/revisions"}],"wp:attachment":[{"href":"https:\/\/informelitoral.com.ar\/%77%70%2d%6a%73%6f%6e\/wp\/v2\/media?parent=1925"}],"wp:term":[{"taxonomy":"category","embeddable":true,"href":"https:\/\/informelitoral.com.ar\/%77%70%2d%6a%73%6f%6e\/wp\/v2\/categories?post=1925"},{"taxonomy":"post_tag","embeddable":true,"href":"https:\/\/informelitoral.com.ar\/%77%70%2d%6a%73%6f%6e\/wp\/v2\/tags?post=1925"}],"curies":[{"name":"wp","href":"https:\/\/api.w.org\/{rel}","templated":true}]}}