{"id":192294,"date":"2024-07-23T08:46:16","date_gmt":"2024-07-23T11:46:16","guid":{"rendered":"https:\/\/www.informelitoral.com.ar\/?p=192294"},"modified":"2024-07-23T08:46:43","modified_gmt":"2024-07-23T11:46:43","slug":"nuevo-aumento-para-jubilaciones-de-cuanto-son-y-cuando-se-pagaran","status":"publish","type":"post","link":"https:\/\/informelitoral.com.ar\/nuevo-aumento-para-jubilaciones-de-cuanto-son-y-cuando-se-pagaran\/","title":{"rendered":"Nuevo aumento para jubilados: de cu\u00e1nto son y cu\u00e1ndo se pagar\u00e1n"},"content":{"rendered":"<p>El Gobierno oficializ\u00f3 este martes un incremento de 4,58% en jubilaciones y pensiones. Mediante la Resoluci\u00f3n 390\/2024 fij\u00f3 en 225.454,42 el monto de la m\u00ednima y en $ 1.517.094,80 la jubilaci\u00f3n m\u00e1xima. En tanto, la Prestaci\u00f3n B\u00e1sica Universal (PBU) se estableci\u00f3 en $103.135,11 y la Pensi\u00f3n Universal para el Adulto Mayor (PUAM) en $180.363,54<\/p>\n<p>De esta forma, el Ejecutivo sigue la nueva f\u00f3rmula en relaci\u00f3n con el \u00cdndice de Precios al Consumidor (IPC) de junio.<\/p>\n<h5><em><strong>Te puede interesar:\u00a0<a href=\"https:\/\/www.informelitoral.com.ar\/campana-eco-botellas-en-aranguren-sortearon-el-primer-cesto-de-residuos\/\" target=\"_blank\" rel=\"noopener\">Campa\u00f1a Eco-botellas en Aranguren: sortearon el primer cesto de residuos<\/a><\/strong><\/em><\/h5>\n<h2><strong>Cu\u00e1nto cobrar\u00e1n los jubilados en agosto 2024<\/strong><\/h2>\n<p>En agosto de 2024, los jubilados de ANSES ver\u00e1n reflejado el aumento del 4,58% en sus haberes. Los nuevos montos de las jubilaciones, ajustados por el aumento del IPC de junio, son los siguientes:<\/p>\n<p><b>Jubilaci\u00f3n m\u00ednima:<\/b>\u00a0$225.454,42<br \/>\n<b>Jubilaci\u00f3n m\u00e1xima:<\/b>\u00a0$1.517.094,80<br \/>\n<b>Pensi\u00f3n Universal para el Adulto Mayor (PUAM):<\/b>\u00a0$180.363,54<br \/>\n<b>Prestaci\u00f3n B\u00e1sica Universal (PBU):<\/b>\u00a0$103.135,11<br \/>\n<b>Bases imponibles m\u00ednima y m\u00e1xima:<\/b>\u00a0$75.933,01 y $2.467.787,04 respectivamente<\/p>\n<p>Adem\u00e1s del incremento, los jubilados y pensionados que cobran el haber m\u00ednimo recibir\u00e1n un nuevo bono de $70.000. Para aquellos cuyos haberes superan el m\u00ednimo, se aplicar\u00e1 un bono proporcional para alcanzar el monto de la jubilaci\u00f3n m\u00ednima m\u00e1s el bono.<\/p>\n<p><em><strong>Te puede interesar:\u00a0<a href=\"https:\/\/www.informelitoral.com.ar\/se-presento-un-proyecto-para-eliminar-la-renovacion-de-la-licencia-de-conducir\/\" target=\"_blank\" rel=\"noopener\">Frigerio visit\u00f3 la Exposici\u00f3n Rural de Palermo<\/a><\/strong><\/em><\/p>\n<h2><strong>Calendario de pagos de agosto<\/strong><\/h2>\n<h2><strong>Jubilados que cobran un haber m\u00ednimo:<\/strong><\/h2>\n<h5>Documentos terminados en 0: 8 de agosto de 2024.<br \/>\nDocumentos terminados en 1: 9 de agosto de 2024.<br \/>\nDocumentos terminados en 2: 12 de agosto de 2024.<br \/>\nDocumentos terminados en 3: 13 de agosto de 2024.<br \/>\nDocumentos terminados en 4: 14 de agosto de 2024.<br \/>\nDocumentos terminados en 5: 15 de agosto de 2024.<br \/>\nDocumentos terminados en 6: 16 de agosto de 2024.<br \/>\nDocumentos terminados en 7: 19 de agosto de 2024.<br \/>\nDocumentos terminados en 8: 20 de agosto de 2024.<br \/>\nDocumentos terminados en 9: 21 de agosto de 2024.<\/h5>\n<h2><strong>Jubilados que cobran la m\u00ednima:\u00a0<\/strong><\/h2>\n<p>Documentos terminados en 0 y 1: 22 de agosto de 2024.<br \/>\nDocumentos terminados en 2 y 3: 23 de agosto de 2024.<br \/>\nDocumentos terminados en 4 y 5: 26 de agosto de 2024.<br \/>\nDocumentos terminados en 6 y 7: 27 de agosto de 2024.<br \/>\nDocumentos terminados en 8 y 9: 28 de agosto de 2024.<\/p>\n","protected":false},"excerpt":{"rendered":"<p>El Gobierno dispuso un aumento de 4,58% en jubilaciones y pensiones. Fij\u00f3 as\u00ed los montos m\u00e1ximos y m\u00ednimos de las mismas, incluidas las prestaciones b\u00e1sicas universales.<\/p>\n","protected":false},"author":8,"featured_media":24481,"comment_status":"open","ping_status":"open","sticky":false,"template":"","format":"standard","meta":{"fifu_image_url":"","fifu_image_alt":"","footnotes":""},"categories":[1594,7],"tags":[172,102],"class_list":{"0":"post-192294","1":"post","2":"type-post","3":"status-publish","4":"format-standard","5":"has-post-thumbnail","7":"category-economia","8":"category-nacionales","9":"tag-aumento","10":"tag-jubilados"},"yoast_head":"<title>Nuevo aumento para jubilados: de cu\u00e1nto son y cu\u00e1ndo se pagar\u00e1n - Informe Litoral<\/title>\n<meta name=\"robots\" content=\"index, follow, max-snippet:-1, max-image-preview:large, max-video-preview:-1\" \/>\n<link rel=\"canonical\" href=\"https:\/\/informelitoral.com.ar\/nuevo-aumento-para-jubilaciones-de-cuanto-son-y-cuando-se-pagaran\/\" \/>\n<meta property=\"og:locale\" content=\"es_ES\" \/>\n<meta property=\"og:type\" content=\"article\" \/>\n<meta property=\"og:title\" content=\"Nuevo aumento para jubilados: de cu\u00e1nto son y cu\u00e1ndo se pagar\u00e1n - Informe Litoral\" \/>\n<meta property=\"og:description\" content=\"El Gobierno dispuso un aumento de 4,58% en jubilaciones y pensiones. Fij\u00f3 as\u00ed los montos m\u00e1ximos y m\u00ednimos de las mismas, incluidas las prestaciones b\u00e1sicas universales.\" \/>\n<meta property=\"og:url\" content=\"https:\/\/informelitoral.com.ar\/nuevo-aumento-para-jubilaciones-de-cuanto-son-y-cuando-se-pagaran\/\" \/>\n<meta property=\"og:site_name\" content=\"Informe Litoral\" \/>\n<meta property=\"article:publisher\" content=\"https:\/\/www.facebook.com\/informelitoral\/\" \/>\n<meta property=\"article:published_time\" content=\"2024-07-23T11:46:16+00:00\" \/>\n<meta property=\"article:modified_time\" content=\"2024-07-23T11:46:43+00:00\" \/>\n<meta property=\"og:image\" content=\"https:\/\/informelitoral.com.ar\/%77%70%2d%63%6f%6e%74%65%6e%74\/uploads\/2018\/01\/anses_39_0_0.jpg\" \/>\n\t<meta property=\"og:image:width\" content=\"1020\" \/>\n\t<meta property=\"og:image:height\" content=\"560\" \/>\n\t<meta property=\"og:image:type\" content=\"image\/jpeg\" \/>\n<meta name=\"author\" content=\"Sebastian\" \/>\n<meta name=\"twitter:card\" content=\"summary_large_image\" \/>\n<meta name=\"twitter:creator\" content=\"@InformeLitoral\" \/>\n<meta name=\"twitter:site\" content=\"@InformeLitoral\" \/>\n<meta name=\"twitter:label1\" content=\"Escrito por\" \/>\n\t<meta name=\"twitter:data1\" content=\"Sebastian\" \/>\n\t<meta name=\"twitter:label2\" content=\"Tiempo de lectura\" \/>\n\t<meta name=\"twitter:data2\" content=\"2 minutos\" \/>\n<script type=\"application\/ld+json\" class=\"yoast-schema-graph\">{\"@context\":\"https:\\\/\\\/schema.org\",\"@graph\":[{\"@type\":\"Article\",\"@id\":\"https:\\\/\\\/informelitoral.com.ar\\\/nuevo-aumento-para-jubilaciones-de-cuanto-son-y-cuando-se-pagaran\\\/#article\",\"isPartOf\":{\"@id\":\"https:\\\/\\\/informelitoral.com.ar\\\/nuevo-aumento-para-jubilaciones-de-cuanto-son-y-cuando-se-pagaran\\\/\"},\"author\":{\"name\":\"Sebastian\",\"@id\":\"https:\\\/\\\/informelitoral.com.ar\\\/#\\\/schema\\\/person\\\/f05f9f461677119578717524b127d6d5\"},\"headline\":\"Nuevo aumento para jubilados: de cu\u00e1nto son y cu\u00e1ndo se pagar\u00e1n\",\"datePublished\":\"2024-07-23T11:46:16+00:00\",\"dateModified\":\"2024-07-23T11:46:43+00:00\",\"mainEntityOfPage\":{\"@id\":\"https:\\\/\\\/informelitoral.com.ar\\\/nuevo-aumento-para-jubilaciones-de-cuanto-son-y-cuando-se-pagaran\\\/\"},\"wordCount\":348,\"commentCount\":0,\"publisher\":{\"@id\":\"https:\\\/\\\/informelitoral.com.ar\\\/#organization\"},\"image\":{\"@id\":\"https:\\\/\\\/informelitoral.com.ar\\\/nuevo-aumento-para-jubilaciones-de-cuanto-son-y-cuando-se-pagaran\\\/#primaryimage\"},\"thumbnailUrl\":\"https:\\\/\\\/informelitoral.com.ar\\\/%77%70%2d%63%6f%6e%74%65%6e%74\\\/uploads\\\/2018\\\/01\\\/anses_39_0_0.jpg\",\"keywords\":[\"Aumento\",\"Jubilados\"],\"articleSection\":[\"Econom\u00eda\",\"Nacionales\"],\"inLanguage\":\"es\",\"potentialAction\":[{\"@type\":\"CommentAction\",\"name\":\"Comment\",\"target\":[\"https:\\\/\\\/informelitoral.com.ar\\\/nuevo-aumento-para-jubilaciones-de-cuanto-son-y-cuando-se-pagaran\\\/#respond\"]}]},{\"@type\":\"WebPage\",\"@id\":\"https:\\\/\\\/informelitoral.com.ar\\\/nuevo-aumento-para-jubilaciones-de-cuanto-son-y-cuando-se-pagaran\\\/\",\"url\":\"https:\\\/\\\/informelitoral.com.ar\\\/nuevo-aumento-para-jubilaciones-de-cuanto-son-y-cuando-se-pagaran\\\/\",\"name\":\"Nuevo aumento para jubilados: de cu\u00e1nto son y cu\u00e1ndo se pagar\u00e1n - Informe Litoral\",\"isPartOf\":{\"@id\":\"https:\\\/\\\/informelitoral.com.ar\\\/#website\"},\"primaryImageOfPage\":{\"@id\":\"https:\\\/\\\/informelitoral.com.ar\\\/nuevo-aumento-para-jubilaciones-de-cuanto-son-y-cuando-se-pagaran\\\/#primaryimage\"},\"image\":{\"@id\":\"https:\\\/\\\/informelitoral.com.ar\\\/nuevo-aumento-para-jubilaciones-de-cuanto-son-y-cuando-se-pagaran\\\/#primaryimage\"},\"thumbnailUrl\":\"https:\\\/\\\/informelitoral.com.ar\\\/%77%70%2d%63%6f%6e%74%65%6e%74\\\/uploads\\\/2018\\\/01\\\/anses_39_0_0.jpg\",\"datePublished\":\"2024-07-23T11:46:16+00:00\",\"dateModified\":\"2024-07-23T11:46:43+00:00\",\"breadcrumb\":{\"@id\":\"https:\\\/\\\/informelitoral.com.ar\\\/nuevo-aumento-para-jubilaciones-de-cuanto-son-y-cuando-se-pagaran\\\/#breadcrumb\"},\"inLanguage\":\"es\",\"potentialAction\":[{\"@type\":\"ReadAction\",\"target\":[\"https:\\\/\\\/informelitoral.com.ar\\\/nuevo-aumento-para-jubilaciones-de-cuanto-son-y-cuando-se-pagaran\\\/\"]}]},{\"@type\":\"ImageObject\",\"inLanguage\":\"es\",\"@id\":\"https:\\\/\\\/informelitoral.com.ar\\\/nuevo-aumento-para-jubilaciones-de-cuanto-son-y-cuando-se-pagaran\\\/#primaryimage\",\"url\":\"https:\\\/\\\/informelitoral.com.ar\\\/%77%70%2d%63%6f%6e%74%65%6e%74\\\/uploads\\\/2018\\\/01\\\/anses_39_0_0.jpg\",\"contentUrl\":\"https:\\\/\\\/informelitoral.com.ar\\\/%77%70%2d%63%6f%6e%74%65%6e%74\\\/uploads\\\/2018\\\/01\\\/anses_39_0_0.jpg\",\"width\":1020,\"height\":560},{\"@type\":\"BreadcrumbList\",\"@id\":\"https:\\\/\\\/informelitoral.com.ar\\\/nuevo-aumento-para-jubilaciones-de-cuanto-son-y-cuando-se-pagaran\\\/#breadcrumb\",\"itemListElement\":[{\"@type\":\"ListItem\",\"position\":1,\"name\":\"Portada\",\"item\":\"https:\\\/\\\/informelitoral.com.ar\\\/\"},{\"@type\":\"ListItem\",\"position\":2,\"name\":\"Nuevo aumento para jubilados: de cu\u00e1nto son y cu\u00e1ndo se pagar\u00e1n\"}]},{\"@type\":\"WebSite\",\"@id\":\"https:\\\/\\\/informelitoral.com.ar\\\/#website\",\"url\":\"https:\\\/\\\/informelitoral.com.ar\\\/\",\"name\":\"Informe Litoral\",\"description\":\"&quot;Nos informamos&quot; \",\"publisher\":{\"@id\":\"https:\\\/\\\/informelitoral.com.ar\\\/#organization\"},\"potentialAction\":[{\"@type\":\"SearchAction\",\"target\":{\"@type\":\"EntryPoint\",\"urlTemplate\":\"https:\\\/\\\/informelitoral.com.ar\\\/?s={search_term_string}\"},\"query-input\":{\"@type\":\"PropertyValueSpecification\",\"valueRequired\":true,\"valueName\":\"search_term_string\"}}],\"inLanguage\":\"es\"},{\"@type\":\"Organization\",\"@id\":\"https:\\\/\\\/informelitoral.com.ar\\\/#organization\",\"name\":\"Informe Litoral\",\"url\":\"https:\\\/\\\/informelitoral.com.ar\\\/\",\"logo\":{\"@type\":\"ImageObject\",\"inLanguage\":\"es\",\"@id\":\"https:\\\/\\\/informelitoral.com.ar\\\/#\\\/schema\\\/logo\\\/image\\\/\",\"url\":\"https:\\\/\\\/informelitoral.com.ar\\\/%77%70%2d%63%6f%6e%74%65%6e%74\\\/uploads\\\/2021\\\/01\\\/circulo.png\",\"contentUrl\":\"https:\\\/\\\/informelitoral.com.ar\\\/%77%70%2d%63%6f%6e%74%65%6e%74\\\/uploads\\\/2021\\\/01\\\/circulo.png\",\"width\":723,\"height\":731,\"caption\":\"Informe Litoral\"},\"image\":{\"@id\":\"https:\\\/\\\/informelitoral.com.ar\\\/#\\\/schema\\\/logo\\\/image\\\/\"},\"sameAs\":[\"https:\\\/\\\/www.facebook.com\\\/informelitoral\\\/\",\"https:\\\/\\\/x.com\\\/InformeLitoral\",\"https:\\\/\\\/www.instagram.com\\\/informelitoral\\\/\",\"https:\\\/\\\/www.youtube.com\\\/channel\\\/UCua4Qvz8Icb6MYqhoq9xLXw\"]},{\"@type\":\"Person\",\"@id\":\"https:\\\/\\\/informelitoral.com.ar\\\/#\\\/schema\\\/person\\\/f05f9f461677119578717524b127d6d5\",\"name\":\"Sebastian\",\"image\":{\"@type\":\"ImageObject\",\"inLanguage\":\"es\",\"@id\":\"https:\\\/\\\/secure.gravatar.com\\\/avatar\\\/b71bf7481d447dfb9583c7f2798e7cc64de6efb9067b74633ed8c31059a3bd82?s=96&d=mm&r=g\",\"url\":\"https:\\\/\\\/secure.gravatar.com\\\/avatar\\\/b71bf7481d447dfb9583c7f2798e7cc64de6efb9067b74633ed8c31059a3bd82?s=96&d=mm&r=g\",\"contentUrl\":\"https:\\\/\\\/secure.gravatar.com\\\/avatar\\\/b71bf7481d447dfb9583c7f2798e7cc64de6efb9067b74633ed8c31059a3bd82?s=96&d=mm&r=g\",\"caption\":\"Sebastian\"},\"url\":\"https:\\\/\\\/informelitoral.com.ar\\\/author\\\/sebastian\\\/\"}]}<\/script>","yoast_head_json":{"title":"Nuevo aumento para jubilados: de cu\u00e1nto son y cu\u00e1ndo se pagar\u00e1n - Informe Litoral","robots":{"index":"index","follow":"follow","max-snippet":"max-snippet:-1","max-image-preview":"max-image-preview:large","max-video-preview":"max-video-preview:-1"},"canonical":"https:\/\/informelitoral.com.ar\/nuevo-aumento-para-jubilaciones-de-cuanto-son-y-cuando-se-pagaran\/","og_locale":"es_ES","og_type":"article","og_title":"Nuevo aumento para jubilados: de cu\u00e1nto son y cu\u00e1ndo se pagar\u00e1n - Informe Litoral","og_description":"El Gobierno dispuso un aumento de 4,58% en jubilaciones y pensiones. Fij\u00f3 as\u00ed los montos m\u00e1ximos y m\u00ednimos de las mismas, incluidas las prestaciones b\u00e1sicas universales.","og_url":"https:\/\/informelitoral.com.ar\/nuevo-aumento-para-jubilaciones-de-cuanto-son-y-cuando-se-pagaran\/","og_site_name":"Informe Litoral","article_publisher":"https:\/\/www.facebook.com\/informelitoral\/","article_published_time":"2024-07-23T11:46:16+00:00","article_modified_time":"2024-07-23T11:46:43+00:00","og_image":[{"width":1020,"height":560,"url":"https:\/\/informelitoral.com.ar\/%77%70%2d%63%6f%6e%74%65%6e%74\/uploads\/2018\/01\/anses_39_0_0.jpg","type":"image\/jpeg"}],"author":"Sebastian","twitter_card":"summary_large_image","twitter_creator":"@InformeLitoral","twitter_site":"@InformeLitoral","twitter_misc":{"Escrito por":"Sebastian","Tiempo de lectura":"2 minutos"},"schema":{"@context":"https:\/\/schema.org","@graph":[{"@type":"Article","@id":"https:\/\/informelitoral.com.ar\/nuevo-aumento-para-jubilaciones-de-cuanto-son-y-cuando-se-pagaran\/#article","isPartOf":{"@id":"https:\/\/informelitoral.com.ar\/nuevo-aumento-para-jubilaciones-de-cuanto-son-y-cuando-se-pagaran\/"},"author":{"name":"Sebastian","@id":"https:\/\/informelitoral.com.ar\/#\/schema\/person\/f05f9f461677119578717524b127d6d5"},"headline":"Nuevo aumento para jubilados: de cu\u00e1nto son y cu\u00e1ndo se pagar\u00e1n","datePublished":"2024-07-23T11:46:16+00:00","dateModified":"2024-07-23T11:46:43+00:00","mainEntityOfPage":{"@id":"https:\/\/informelitoral.com.ar\/nuevo-aumento-para-jubilaciones-de-cuanto-son-y-cuando-se-pagaran\/"},"wordCount":348,"commentCount":0,"publisher":{"@id":"https:\/\/informelitoral.com.ar\/#organization"},"image":{"@id":"https:\/\/informelitoral.com.ar\/nuevo-aumento-para-jubilaciones-de-cuanto-son-y-cuando-se-pagaran\/#primaryimage"},"thumbnailUrl":"https:\/\/informelitoral.com.ar\/%77%70%2d%63%6f%6e%74%65%6e%74\/uploads\/2018\/01\/anses_39_0_0.jpg","keywords":["Aumento","Jubilados"],"articleSection":["Econom\u00eda","Nacionales"],"inLanguage":"es","potentialAction":[{"@type":"CommentAction","name":"Comment","target":["https:\/\/informelitoral.com.ar\/nuevo-aumento-para-jubilaciones-de-cuanto-son-y-cuando-se-pagaran\/#respond"]}]},{"@type":"WebPage","@id":"https:\/\/informelitoral.com.ar\/nuevo-aumento-para-jubilaciones-de-cuanto-son-y-cuando-se-pagaran\/","url":"https:\/\/informelitoral.com.ar\/nuevo-aumento-para-jubilaciones-de-cuanto-son-y-cuando-se-pagaran\/","name":"Nuevo aumento para jubilados: de cu\u00e1nto son y cu\u00e1ndo se pagar\u00e1n - Informe Litoral","isPartOf":{"@id":"https:\/\/informelitoral.com.ar\/#website"},"primaryImageOfPage":{"@id":"https:\/\/informelitoral.com.ar\/nuevo-aumento-para-jubilaciones-de-cuanto-son-y-cuando-se-pagaran\/#primaryimage"},"image":{"@id":"https:\/\/informelitoral.com.ar\/nuevo-aumento-para-jubilaciones-de-cuanto-son-y-cuando-se-pagaran\/#primaryimage"},"thumbnailUrl":"https:\/\/informelitoral.com.ar\/%77%70%2d%63%6f%6e%74%65%6e%74\/uploads\/2018\/01\/anses_39_0_0.jpg","datePublished":"2024-07-23T11:46:16+00:00","dateModified":"2024-07-23T11:46:43+00:00","breadcrumb":{"@id":"https:\/\/informelitoral.com.ar\/nuevo-aumento-para-jubilaciones-de-cuanto-son-y-cuando-se-pagaran\/#breadcrumb"},"inLanguage":"es","potentialAction":[{"@type":"ReadAction","target":["https:\/\/informelitoral.com.ar\/nuevo-aumento-para-jubilaciones-de-cuanto-son-y-cuando-se-pagaran\/"]}]},{"@type":"ImageObject","inLanguage":"es","@id":"https:\/\/informelitoral.com.ar\/nuevo-aumento-para-jubilaciones-de-cuanto-son-y-cuando-se-pagaran\/#primaryimage","url":"https:\/\/informelitoral.com.ar\/%77%70%2d%63%6f%6e%74%65%6e%74\/uploads\/2018\/01\/anses_39_0_0.jpg","contentUrl":"https:\/\/informelitoral.com.ar\/%77%70%2d%63%6f%6e%74%65%6e%74\/uploads\/2018\/01\/anses_39_0_0.jpg","width":1020,"height":560},{"@type":"BreadcrumbList","@id":"https:\/\/informelitoral.com.ar\/nuevo-aumento-para-jubilaciones-de-cuanto-son-y-cuando-se-pagaran\/#breadcrumb","itemListElement":[{"@type":"ListItem","position":1,"name":"Portada","item":"https:\/\/informelitoral.com.ar\/"},{"@type":"ListItem","position":2,"name":"Nuevo aumento para jubilados: de cu\u00e1nto son y cu\u00e1ndo se pagar\u00e1n"}]},{"@type":"WebSite","@id":"https:\/\/informelitoral.com.ar\/#website","url":"https:\/\/informelitoral.com.ar\/","name":"Informe Litoral","description":"&quot;Nos informamos&quot; ","publisher":{"@id":"https:\/\/informelitoral.com.ar\/#organization"},"potentialAction":[{"@type":"SearchAction","target":{"@type":"EntryPoint","urlTemplate":"https:\/\/informelitoral.com.ar\/?s={search_term_string}"},"query-input":{"@type":"PropertyValueSpecification","valueRequired":true,"valueName":"search_term_string"}}],"inLanguage":"es"},{"@type":"Organization","@id":"https:\/\/informelitoral.com.ar\/#organization","name":"Informe Litoral","url":"https:\/\/informelitoral.com.ar\/","logo":{"@type":"ImageObject","inLanguage":"es","@id":"https:\/\/informelitoral.com.ar\/#\/schema\/logo\/image\/","url":"https:\/\/informelitoral.com.ar\/%77%70%2d%63%6f%6e%74%65%6e%74\/uploads\/2021\/01\/circulo.png","contentUrl":"https:\/\/informelitoral.com.ar\/%77%70%2d%63%6f%6e%74%65%6e%74\/uploads\/2021\/01\/circulo.png","width":723,"height":731,"caption":"Informe Litoral"},"image":{"@id":"https:\/\/informelitoral.com.ar\/#\/schema\/logo\/image\/"},"sameAs":["https:\/\/www.facebook.com\/informelitoral\/","https:\/\/x.com\/InformeLitoral","https:\/\/www.instagram.com\/informelitoral\/","https:\/\/www.youtube.com\/channel\/UCua4Qvz8Icb6MYqhoq9xLXw"]},{"@type":"Person","@id":"https:\/\/informelitoral.com.ar\/#\/schema\/person\/f05f9f461677119578717524b127d6d5","name":"Sebastian","image":{"@type":"ImageObject","inLanguage":"es","@id":"https:\/\/secure.gravatar.com\/avatar\/b71bf7481d447dfb9583c7f2798e7cc64de6efb9067b74633ed8c31059a3bd82?s=96&d=mm&r=g","url":"https:\/\/secure.gravatar.com\/avatar\/b71bf7481d447dfb9583c7f2798e7cc64de6efb9067b74633ed8c31059a3bd82?s=96&d=mm&r=g","contentUrl":"https:\/\/secure.gravatar.com\/avatar\/b71bf7481d447dfb9583c7f2798e7cc64de6efb9067b74633ed8c31059a3bd82?s=96&d=mm&r=g","caption":"Sebastian"},"url":"https:\/\/informelitoral.com.ar\/author\/sebastian\/"}]}},"_links":{"self":[{"href":"https:\/\/informelitoral.com.ar\/%77%70%2d%6a%73%6f%6e\/wp\/v2\/posts\/192294","targetHints":{"allow":["GET"]}}],"collection":[{"href":"https:\/\/informelitoral.com.ar\/%77%70%2d%6a%73%6f%6e\/wp\/v2\/posts"}],"about":[{"href":"https:\/\/informelitoral.com.ar\/%77%70%2d%6a%73%6f%6e\/wp\/v2\/types\/post"}],"author":[{"embeddable":true,"href":"https:\/\/informelitoral.com.ar\/%77%70%2d%6a%73%6f%6e\/wp\/v2\/users\/8"}],"replies":[{"embeddable":true,"href":"https:\/\/informelitoral.com.ar\/%77%70%2d%6a%73%6f%6e\/wp\/v2\/comments?post=192294"}],"version-history":[{"count":0,"href":"https:\/\/informelitoral.com.ar\/%77%70%2d%6a%73%6f%6e\/wp\/v2\/posts\/192294\/revisions"}],"wp:featuredmedia":[{"embeddable":true,"href":"https:\/\/informelitoral.com.ar\/%77%70%2d%6a%73%6f%6e\/wp\/v2\/media\/24481"}],"wp:attachment":[{"href":"https:\/\/informelitoral.com.ar\/%77%70%2d%6a%73%6f%6e\/wp\/v2\/media?parent=192294"}],"wp:term":[{"taxonomy":"category","embeddable":true,"href":"https:\/\/informelitoral.com.ar\/%77%70%2d%6a%73%6f%6e\/wp\/v2\/categories?post=192294"},{"taxonomy":"post_tag","embeddable":true,"href":"https:\/\/informelitoral.com.ar\/%77%70%2d%6a%73%6f%6e\/wp\/v2\/tags?post=192294"}],"curies":[{"name":"wp","href":"https:\/\/api.w.org\/{rel}","templated":true}]}}