{"id":1922,"date":"2013-05-26T00:22:45","date_gmt":"2013-05-26T03:22:45","guid":{"rendered":"http:\/\/www.isletasnoticias.com.ar\/?p=1922"},"modified":"2013-05-26T00:22:45","modified_gmt":"2013-05-26T03:22:45","slug":"ley-de-comunas-el-poder-ejecutivo-enviara-el-proyecto-al-senado","status":"publish","type":"post","link":"https:\/\/informelitoral.com.ar\/ley-de-comunas-el-poder-ejecutivo-enviara-el-proyecto-al-senado\/","title":{"rendered":"Ley de Comunas: el Poder Ejecutivo enviar\u00e1 el proyecto al Senado"},"content":{"rendered":"<p><strong>\u00a0 La iniciativa establece que toda comunidad que tenga entre 200 y 1.500 habitantes se definir\u00e1 como \u201cComuna\u201d. El presidente del bloque del FPV en Senadores, Enrique Cresto, dijo que el proyecto s<strong>er\u00e1 remitido \u00aben los pr\u00f3ximos d\u00edas\u201d.<\/strong><\/strong><\/p>\n<p><img loading=\"lazy\" decoding=\"async\" class=\"size-medium wp-image-1923 alignleft\" alt=\"senado\" src=\"http:\/\/www.isletasnoticias.com.ar\/%77%70%2d%63%6f%6e%74%65%6e%74\/uploads\/2013\/05\/senado-300x168.jpg\" width=\"300\" height=\"168\" srcset=\"https:\/\/informelitoral.com.ar\/%77%70%2d%63%6f%6e%74%65%6e%74\/uploads\/2013\/05\/senado-300x168.jpg 300w, https:\/\/informelitoral.com.ar\/%77%70%2d%63%6f%6e%74%65%6e%74\/uploads\/2013\/05\/senado.jpg 640w\" sizes=\"auto, (max-width: 300px) 100vw, 300px\" \/><\/p>\n<p>\u201cEn la ley de comunas est\u00e1 trabajando fuertemente el Ministerio de Gobierno, la secretaria general de la Gobernaci\u00f3n, la Fiscal\u00eda de Estado, ATER, Catastro, todos trabajando desde el Poder Ejecutivo, que seguramente va a remitir el proyecto en los pr\u00f3ximos d\u00edas\u201d, adelant\u00f3 Cresto.<br \/>\nAl respecto, record\u00f3 a Apf: \u201cHubo una reforma de la Constituci\u00f3n en el a\u00f1o 2008 donde Horacio Rosatti fue uno de los asesores en la convenci\u00f3n y estableci\u00f3 todo un r\u00e9gimen constitucional sobre el tema de las comunas y los municipios. Esa reforma de la Constituci\u00f3n se tiene que plasmar en la reglamentaci\u00f3n a trav\u00e9s de la Legislatura. Lo contrat\u00f3 el Senado despu\u00e9s que termin\u00f3 la Constituyente, \u00e9l elabor\u00f3 ese proyecto de ley adaptando a la Constituci\u00f3n las leyes necesarias, la modificaci\u00f3n de la ley de centros rurales de poblaci\u00f3n y la ley 3001\u201d.<\/p>\n<p>Y a\u00f1adi\u00f3: \u201cEst\u00e1 el proyecto en macro con algunas modificaciones que hay que hacerle para adaptarlo. Es un sistema parecido al de Santa Fe, teniendo en cuenta que Rosatti es uno de las personas que ha escrito sobre municipalismo mas respetados en el pa\u00eds, adem\u00e1s de ser ex intendente de la ciudad de Santa Fe\u201d.<\/p>\n<p>El proyecto establece que toda comunidad que tenga entre 200 y 1.500 habitantes se definir\u00e1 como \u201cComuna\u201d, la que tendr\u00e1 autonom\u00eda y ser\u00e1 gobernada por una Comisi\u00f3n Comunal, un \u201c\u00f3rgano colegiado que concentra las funciones deliberativas y ejecutivas, y toma sus decisiones por el voto de sus miembros\u201d.<\/p>\n<p>Los miembros de la Comisi\u00f3n Comunal ser\u00e1n elegidos directamente por el electorado y durar\u00e1n en sus cargos cuatro a\u00f1os. Habr\u00e1 cinco titulares y tres suplentes. La lista ganadora se adjudicar\u00e1 la mitad m\u00e1s uno de los cargos. Quien encabece la lista de candidatos de la lista ganadora ejercer\u00e1 la funci\u00f3n de presidente de la Comuna.<\/p>\n","protected":false},"excerpt":{"rendered":"<p>&nbsp; La iniciativa establece que toda comunidad que tenga entre 200 y 1.500 habitantes se definir&aacute; como &ldquo;Comuna&rdquo;. El presidente del bloque del FPV en Senadores, Enrique Cresto, dijo que el proyecto ser&aacute; remitido &laquo;en los pr&oacute;ximos d&iacute;as&rdquo;. &ldquo;En la ley de comunas est&aacute; trabajando fuertemente el Ministerio de Gobierno, la secretaria general de la [&hellip;]<\/p>\n","protected":false},"author":2,"featured_media":0,"comment_status":"open","ping_status":"open","sticky":false,"template":"","format":"standard","meta":{"fifu_image_url":"","fifu_image_alt":"","footnotes":""},"categories":[6,16],"tags":[],"class_list":{"0":"post-1922","1":"post","2":"type-post","3":"status-publish","4":"format-standard","6":"category-entre-rios","7":"category-politi"},"yoast_head":"<title>Ley de Comunas: el Poder Ejecutivo enviar\u00e1 el proyecto al Senado - Informe Litoral<\/title>\n<meta name=\"robots\" content=\"index, follow, max-snippet:-1, max-image-preview:large, max-video-preview:-1\" \/>\n<link rel=\"canonical\" href=\"https:\/\/informelitoral.com.ar\/ley-de-comunas-el-poder-ejecutivo-enviara-el-proyecto-al-senado\/\" \/>\n<meta property=\"og:locale\" content=\"es_ES\" \/>\n<meta property=\"og:type\" content=\"article\" \/>\n<meta property=\"og:title\" content=\"Ley de Comunas: el Poder Ejecutivo enviar\u00e1 el proyecto al Senado - Informe Litoral\" \/>\n<meta property=\"og:description\" content=\"&nbsp; La iniciativa establece que toda comunidad que tenga entre 200 y 1.500 habitantes se definir&aacute; como &ldquo;Comuna&rdquo;. El presidente del bloque del FPV en Senadores, Enrique Cresto, dijo que el proyecto ser&aacute; remitido &laquo;en los pr&oacute;ximos d&iacute;as&rdquo;. &ldquo;En la ley de comunas est&aacute; trabajando fuertemente el Ministerio de Gobierno, la secretaria general de la [&hellip;]\" \/>\n<meta property=\"og:url\" content=\"https:\/\/informelitoral.com.ar\/ley-de-comunas-el-poder-ejecutivo-enviara-el-proyecto-al-senado\/\" \/>\n<meta property=\"og:site_name\" content=\"Informe Litoral\" \/>\n<meta property=\"article:publisher\" content=\"https:\/\/www.facebook.com\/informelitoral\/\" \/>\n<meta property=\"article:published_time\" content=\"2013-05-26T03:22:45+00:00\" \/>\n<meta property=\"og:image\" content=\"https:\/\/informelitoral.com.ar\/%77%70%2d%63%6f%6e%74%65%6e%74\/uploads\/2013\/05\/senado.jpg\" \/>\n\t<meta property=\"og:image:width\" content=\"640\" \/>\n\t<meta property=\"og:image:height\" content=\"360\" \/>\n\t<meta property=\"og:image:type\" content=\"image\/jpeg\" \/>\n<meta name=\"author\" content=\"Gonzalo Schmidt\" \/>\n<meta name=\"twitter:card\" content=\"summary_large_image\" \/>\n<meta name=\"twitter:creator\" content=\"@InformeLitoral\" \/>\n<meta name=\"twitter:site\" content=\"@InformeLitoral\" \/>\n<meta name=\"twitter:label1\" content=\"Escrito por\" \/>\n\t<meta name=\"twitter:data1\" content=\"Gonzalo Schmidt\" \/>\n\t<meta name=\"twitter:label2\" content=\"Tiempo de lectura\" \/>\n\t<meta name=\"twitter:data2\" content=\"2 minutos\" \/>\n<script type=\"application\/ld+json\" class=\"yoast-schema-graph\">{\"@context\":\"https:\\\/\\\/schema.org\",\"@graph\":[{\"@type\":\"Article\",\"@id\":\"https:\\\/\\\/informelitoral.com.ar\\\/ley-de-comunas-el-poder-ejecutivo-enviara-el-proyecto-al-senado\\\/#article\",\"isPartOf\":{\"@id\":\"https:\\\/\\\/informelitoral.com.ar\\\/ley-de-comunas-el-poder-ejecutivo-enviara-el-proyecto-al-senado\\\/\"},\"author\":{\"name\":\"Gonzalo Schmidt\",\"@id\":\"https:\\\/\\\/informelitoral.com.ar\\\/#\\\/schema\\\/person\\\/b9d00407c836482871ef1d57bf8e3180\"},\"headline\":\"Ley de Comunas: el Poder Ejecutivo enviar\u00e1 el proyecto al Senado\",\"datePublished\":\"2013-05-26T03:22:45+00:00\",\"mainEntityOfPage\":{\"@id\":\"https:\\\/\\\/informelitoral.com.ar\\\/ley-de-comunas-el-poder-ejecutivo-enviara-el-proyecto-al-senado\\\/\"},\"wordCount\":365,\"commentCount\":0,\"publisher\":{\"@id\":\"https:\\\/\\\/informelitoral.com.ar\\\/#organization\"},\"image\":{\"@id\":\"https:\\\/\\\/informelitoral.com.ar\\\/ley-de-comunas-el-poder-ejecutivo-enviara-el-proyecto-al-senado\\\/#primaryimage\"},\"thumbnailUrl\":\"http:\\\/\\\/www.isletasnoticias.com.ar\\\/%77%70%2d%63%6f%6e%74%65%6e%74\\\/uploads\\\/2013\\\/05\\\/senado-300x168.jpg\",\"articleSection\":[\"Entre R\u00edos\",\"Politica\"],\"inLanguage\":\"es\",\"potentialAction\":[{\"@type\":\"CommentAction\",\"name\":\"Comment\",\"target\":[\"https:\\\/\\\/informelitoral.com.ar\\\/ley-de-comunas-el-poder-ejecutivo-enviara-el-proyecto-al-senado\\\/#respond\"]}]},{\"@type\":\"WebPage\",\"@id\":\"https:\\\/\\\/informelitoral.com.ar\\\/ley-de-comunas-el-poder-ejecutivo-enviara-el-proyecto-al-senado\\\/\",\"url\":\"https:\\\/\\\/informelitoral.com.ar\\\/ley-de-comunas-el-poder-ejecutivo-enviara-el-proyecto-al-senado\\\/\",\"name\":\"Ley de Comunas: el Poder Ejecutivo enviar\u00e1 el proyecto al Senado - Informe Litoral\",\"isPartOf\":{\"@id\":\"https:\\\/\\\/informelitoral.com.ar\\\/#website\"},\"primaryImageOfPage\":{\"@id\":\"https:\\\/\\\/informelitoral.com.ar\\\/ley-de-comunas-el-poder-ejecutivo-enviara-el-proyecto-al-senado\\\/#primaryimage\"},\"image\":{\"@id\":\"https:\\\/\\\/informelitoral.com.ar\\\/ley-de-comunas-el-poder-ejecutivo-enviara-el-proyecto-al-senado\\\/#primaryimage\"},\"thumbnailUrl\":\"http:\\\/\\\/www.isletasnoticias.com.ar\\\/%77%70%2d%63%6f%6e%74%65%6e%74\\\/uploads\\\/2013\\\/05\\\/senado-300x168.jpg\",\"datePublished\":\"2013-05-26T03:22:45+00:00\",\"breadcrumb\":{\"@id\":\"https:\\\/\\\/informelitoral.com.ar\\\/ley-de-comunas-el-poder-ejecutivo-enviara-el-proyecto-al-senado\\\/#breadcrumb\"},\"inLanguage\":\"es\",\"potentialAction\":[{\"@type\":\"ReadAction\",\"target\":[\"https:\\\/\\\/informelitoral.com.ar\\\/ley-de-comunas-el-poder-ejecutivo-enviara-el-proyecto-al-senado\\\/\"]}]},{\"@type\":\"ImageObject\",\"inLanguage\":\"es\",\"@id\":\"https:\\\/\\\/informelitoral.com.ar\\\/ley-de-comunas-el-poder-ejecutivo-enviara-el-proyecto-al-senado\\\/#primaryimage\",\"url\":\"http:\\\/\\\/www.isletasnoticias.com.ar\\\/%77%70%2d%63%6f%6e%74%65%6e%74\\\/uploads\\\/2013\\\/05\\\/senado-300x168.jpg\",\"contentUrl\":\"http:\\\/\\\/www.isletasnoticias.com.ar\\\/%77%70%2d%63%6f%6e%74%65%6e%74\\\/uploads\\\/2013\\\/05\\\/senado-300x168.jpg\"},{\"@type\":\"BreadcrumbList\",\"@id\":\"https:\\\/\\\/informelitoral.com.ar\\\/ley-de-comunas-el-poder-ejecutivo-enviara-el-proyecto-al-senado\\\/#breadcrumb\",\"itemListElement\":[{\"@type\":\"ListItem\",\"position\":1,\"name\":\"Portada\",\"item\":\"https:\\\/\\\/informelitoral.com.ar\\\/\"},{\"@type\":\"ListItem\",\"position\":2,\"name\":\"Ley de Comunas: el Poder Ejecutivo enviar\u00e1 el proyecto al Senado\"}]},{\"@type\":\"WebSite\",\"@id\":\"https:\\\/\\\/informelitoral.com.ar\\\/#website\",\"url\":\"https:\\\/\\\/informelitoral.com.ar\\\/\",\"name\":\"Informe Litoral\",\"description\":\"&quot;Nos informamos&quot; \",\"publisher\":{\"@id\":\"https:\\\/\\\/informelitoral.com.ar\\\/#organization\"},\"potentialAction\":[{\"@type\":\"SearchAction\",\"target\":{\"@type\":\"EntryPoint\",\"urlTemplate\":\"https:\\\/\\\/informelitoral.com.ar\\\/?s={search_term_string}\"},\"query-input\":{\"@type\":\"PropertyValueSpecification\",\"valueRequired\":true,\"valueName\":\"search_term_string\"}}],\"inLanguage\":\"es\"},{\"@type\":\"Organization\",\"@id\":\"https:\\\/\\\/informelitoral.com.ar\\\/#organization\",\"name\":\"Informe Litoral\",\"url\":\"https:\\\/\\\/informelitoral.com.ar\\\/\",\"logo\":{\"@type\":\"ImageObject\",\"inLanguage\":\"es\",\"@id\":\"https:\\\/\\\/informelitoral.com.ar\\\/#\\\/schema\\\/logo\\\/image\\\/\",\"url\":\"https:\\\/\\\/informelitoral.com.ar\\\/%77%70%2d%63%6f%6e%74%65%6e%74\\\/uploads\\\/2021\\\/01\\\/circulo.png\",\"contentUrl\":\"https:\\\/\\\/informelitoral.com.ar\\\/%77%70%2d%63%6f%6e%74%65%6e%74\\\/uploads\\\/2021\\\/01\\\/circulo.png\",\"width\":723,\"height\":731,\"caption\":\"Informe Litoral\"},\"image\":{\"@id\":\"https:\\\/\\\/informelitoral.com.ar\\\/#\\\/schema\\\/logo\\\/image\\\/\"},\"sameAs\":[\"https:\\\/\\\/www.facebook.com\\\/informelitoral\\\/\",\"https:\\\/\\\/x.com\\\/InformeLitoral\",\"https:\\\/\\\/www.instagram.com\\\/informelitoral\\\/\",\"https:\\\/\\\/www.youtube.com\\\/channel\\\/UCua4Qvz8Icb6MYqhoq9xLXw\"]},{\"@type\":\"Person\",\"@id\":\"https:\\\/\\\/informelitoral.com.ar\\\/#\\\/schema\\\/person\\\/b9d00407c836482871ef1d57bf8e3180\",\"name\":\"Gonzalo Schmidt\",\"image\":{\"@type\":\"ImageObject\",\"inLanguage\":\"es\",\"@id\":\"https:\\\/\\\/secure.gravatar.com\\\/avatar\\\/31a1a7b66ff2de83bd0e9fd79d026630d2d99e55e8bfe501287647b4fd9743de?s=96&d=mm&r=g\",\"url\":\"https:\\\/\\\/secure.gravatar.com\\\/avatar\\\/31a1a7b66ff2de83bd0e9fd79d026630d2d99e55e8bfe501287647b4fd9743de?s=96&d=mm&r=g\",\"contentUrl\":\"https:\\\/\\\/secure.gravatar.com\\\/avatar\\\/31a1a7b66ff2de83bd0e9fd79d026630d2d99e55e8bfe501287647b4fd9743de?s=96&d=mm&r=g\",\"caption\":\"Gonzalo Schmidt\"},\"description\":\"Sitio web de noticias de la provincia de Entre R\u00edos, Argentina. Informaci\u00f3n y entretenimiento. Informe Litoral, nos informamos.\",\"sameAs\":[\"http:\\\/\\\/www.isletasnoticias.com.ar\"],\"url\":\"https:\\\/\\\/informelitoral.com.ar\\\/author\\\/gonzalo\\\/\"}]}<\/script>","yoast_head_json":{"title":"Ley de Comunas: el Poder Ejecutivo enviar\u00e1 el proyecto al Senado - Informe Litoral","robots":{"index":"index","follow":"follow","max-snippet":"max-snippet:-1","max-image-preview":"max-image-preview:large","max-video-preview":"max-video-preview:-1"},"canonical":"https:\/\/informelitoral.com.ar\/ley-de-comunas-el-poder-ejecutivo-enviara-el-proyecto-al-senado\/","og_locale":"es_ES","og_type":"article","og_title":"Ley de Comunas: el Poder Ejecutivo enviar\u00e1 el proyecto al Senado - Informe Litoral","og_description":"&nbsp; La iniciativa establece que toda comunidad que tenga entre 200 y 1.500 habitantes se definir&aacute; como &ldquo;Comuna&rdquo;. El presidente del bloque del FPV en Senadores, Enrique Cresto, dijo que el proyecto ser&aacute; remitido &laquo;en los pr&oacute;ximos d&iacute;as&rdquo;. &ldquo;En la ley de comunas est&aacute; trabajando fuertemente el Ministerio de Gobierno, la secretaria general de la [&hellip;]","og_url":"https:\/\/informelitoral.com.ar\/ley-de-comunas-el-poder-ejecutivo-enviara-el-proyecto-al-senado\/","og_site_name":"Informe Litoral","article_publisher":"https:\/\/www.facebook.com\/informelitoral\/","article_published_time":"2013-05-26T03:22:45+00:00","og_image":[{"width":640,"height":360,"url":"https:\/\/informelitoral.com.ar\/%77%70%2d%63%6f%6e%74%65%6e%74\/uploads\/2013\/05\/senado.jpg","type":"image\/jpeg"}],"author":"Gonzalo Schmidt","twitter_card":"summary_large_image","twitter_creator":"@InformeLitoral","twitter_site":"@InformeLitoral","twitter_misc":{"Escrito por":"Gonzalo Schmidt","Tiempo de lectura":"2 minutos"},"schema":{"@context":"https:\/\/schema.org","@graph":[{"@type":"Article","@id":"https:\/\/informelitoral.com.ar\/ley-de-comunas-el-poder-ejecutivo-enviara-el-proyecto-al-senado\/#article","isPartOf":{"@id":"https:\/\/informelitoral.com.ar\/ley-de-comunas-el-poder-ejecutivo-enviara-el-proyecto-al-senado\/"},"author":{"name":"Gonzalo Schmidt","@id":"https:\/\/informelitoral.com.ar\/#\/schema\/person\/b9d00407c836482871ef1d57bf8e3180"},"headline":"Ley de Comunas: el Poder Ejecutivo enviar\u00e1 el proyecto al Senado","datePublished":"2013-05-26T03:22:45+00:00","mainEntityOfPage":{"@id":"https:\/\/informelitoral.com.ar\/ley-de-comunas-el-poder-ejecutivo-enviara-el-proyecto-al-senado\/"},"wordCount":365,"commentCount":0,"publisher":{"@id":"https:\/\/informelitoral.com.ar\/#organization"},"image":{"@id":"https:\/\/informelitoral.com.ar\/ley-de-comunas-el-poder-ejecutivo-enviara-el-proyecto-al-senado\/#primaryimage"},"thumbnailUrl":"http:\/\/www.isletasnoticias.com.ar\/%77%70%2d%63%6f%6e%74%65%6e%74\/uploads\/2013\/05\/senado-300x168.jpg","articleSection":["Entre R\u00edos","Politica"],"inLanguage":"es","potentialAction":[{"@type":"CommentAction","name":"Comment","target":["https:\/\/informelitoral.com.ar\/ley-de-comunas-el-poder-ejecutivo-enviara-el-proyecto-al-senado\/#respond"]}]},{"@type":"WebPage","@id":"https:\/\/informelitoral.com.ar\/ley-de-comunas-el-poder-ejecutivo-enviara-el-proyecto-al-senado\/","url":"https:\/\/informelitoral.com.ar\/ley-de-comunas-el-poder-ejecutivo-enviara-el-proyecto-al-senado\/","name":"Ley de Comunas: el Poder Ejecutivo enviar\u00e1 el proyecto al Senado - Informe Litoral","isPartOf":{"@id":"https:\/\/informelitoral.com.ar\/#website"},"primaryImageOfPage":{"@id":"https:\/\/informelitoral.com.ar\/ley-de-comunas-el-poder-ejecutivo-enviara-el-proyecto-al-senado\/#primaryimage"},"image":{"@id":"https:\/\/informelitoral.com.ar\/ley-de-comunas-el-poder-ejecutivo-enviara-el-proyecto-al-senado\/#primaryimage"},"thumbnailUrl":"http:\/\/www.isletasnoticias.com.ar\/%77%70%2d%63%6f%6e%74%65%6e%74\/uploads\/2013\/05\/senado-300x168.jpg","datePublished":"2013-05-26T03:22:45+00:00","breadcrumb":{"@id":"https:\/\/informelitoral.com.ar\/ley-de-comunas-el-poder-ejecutivo-enviara-el-proyecto-al-senado\/#breadcrumb"},"inLanguage":"es","potentialAction":[{"@type":"ReadAction","target":["https:\/\/informelitoral.com.ar\/ley-de-comunas-el-poder-ejecutivo-enviara-el-proyecto-al-senado\/"]}]},{"@type":"ImageObject","inLanguage":"es","@id":"https:\/\/informelitoral.com.ar\/ley-de-comunas-el-poder-ejecutivo-enviara-el-proyecto-al-senado\/#primaryimage","url":"http:\/\/www.isletasnoticias.com.ar\/%77%70%2d%63%6f%6e%74%65%6e%74\/uploads\/2013\/05\/senado-300x168.jpg","contentUrl":"http:\/\/www.isletasnoticias.com.ar\/%77%70%2d%63%6f%6e%74%65%6e%74\/uploads\/2013\/05\/senado-300x168.jpg"},{"@type":"BreadcrumbList","@id":"https:\/\/informelitoral.com.ar\/ley-de-comunas-el-poder-ejecutivo-enviara-el-proyecto-al-senado\/#breadcrumb","itemListElement":[{"@type":"ListItem","position":1,"name":"Portada","item":"https:\/\/informelitoral.com.ar\/"},{"@type":"ListItem","position":2,"name":"Ley de Comunas: el Poder Ejecutivo enviar\u00e1 el proyecto al Senado"}]},{"@type":"WebSite","@id":"https:\/\/informelitoral.com.ar\/#website","url":"https:\/\/informelitoral.com.ar\/","name":"Informe Litoral","description":"&quot;Nos informamos&quot; ","publisher":{"@id":"https:\/\/informelitoral.com.ar\/#organization"},"potentialAction":[{"@type":"SearchAction","target":{"@type":"EntryPoint","urlTemplate":"https:\/\/informelitoral.com.ar\/?s={search_term_string}"},"query-input":{"@type":"PropertyValueSpecification","valueRequired":true,"valueName":"search_term_string"}}],"inLanguage":"es"},{"@type":"Organization","@id":"https:\/\/informelitoral.com.ar\/#organization","name":"Informe Litoral","url":"https:\/\/informelitoral.com.ar\/","logo":{"@type":"ImageObject","inLanguage":"es","@id":"https:\/\/informelitoral.com.ar\/#\/schema\/logo\/image\/","url":"https:\/\/informelitoral.com.ar\/%77%70%2d%63%6f%6e%74%65%6e%74\/uploads\/2021\/01\/circulo.png","contentUrl":"https:\/\/informelitoral.com.ar\/%77%70%2d%63%6f%6e%74%65%6e%74\/uploads\/2021\/01\/circulo.png","width":723,"height":731,"caption":"Informe Litoral"},"image":{"@id":"https:\/\/informelitoral.com.ar\/#\/schema\/logo\/image\/"},"sameAs":["https:\/\/www.facebook.com\/informelitoral\/","https:\/\/x.com\/InformeLitoral","https:\/\/www.instagram.com\/informelitoral\/","https:\/\/www.youtube.com\/channel\/UCua4Qvz8Icb6MYqhoq9xLXw"]},{"@type":"Person","@id":"https:\/\/informelitoral.com.ar\/#\/schema\/person\/b9d00407c836482871ef1d57bf8e3180","name":"Gonzalo Schmidt","image":{"@type":"ImageObject","inLanguage":"es","@id":"https:\/\/secure.gravatar.com\/avatar\/31a1a7b66ff2de83bd0e9fd79d026630d2d99e55e8bfe501287647b4fd9743de?s=96&d=mm&r=g","url":"https:\/\/secure.gravatar.com\/avatar\/31a1a7b66ff2de83bd0e9fd79d026630d2d99e55e8bfe501287647b4fd9743de?s=96&d=mm&r=g","contentUrl":"https:\/\/secure.gravatar.com\/avatar\/31a1a7b66ff2de83bd0e9fd79d026630d2d99e55e8bfe501287647b4fd9743de?s=96&d=mm&r=g","caption":"Gonzalo Schmidt"},"description":"Sitio web de noticias de la provincia de Entre R\u00edos, Argentina. Informaci\u00f3n y entretenimiento. Informe Litoral, nos informamos.","sameAs":["http:\/\/www.isletasnoticias.com.ar"],"url":"https:\/\/informelitoral.com.ar\/author\/gonzalo\/"}]}},"_links":{"self":[{"href":"https:\/\/informelitoral.com.ar\/%77%70%2d%6a%73%6f%6e\/wp\/v2\/posts\/1922","targetHints":{"allow":["GET"]}}],"collection":[{"href":"https:\/\/informelitoral.com.ar\/%77%70%2d%6a%73%6f%6e\/wp\/v2\/posts"}],"about":[{"href":"https:\/\/informelitoral.com.ar\/%77%70%2d%6a%73%6f%6e\/wp\/v2\/types\/post"}],"author":[{"embeddable":true,"href":"https:\/\/informelitoral.com.ar\/%77%70%2d%6a%73%6f%6e\/wp\/v2\/users\/2"}],"replies":[{"embeddable":true,"href":"https:\/\/informelitoral.com.ar\/%77%70%2d%6a%73%6f%6e\/wp\/v2\/comments?post=1922"}],"version-history":[{"count":0,"href":"https:\/\/informelitoral.com.ar\/%77%70%2d%6a%73%6f%6e\/wp\/v2\/posts\/1922\/revisions"}],"wp:attachment":[{"href":"https:\/\/informelitoral.com.ar\/%77%70%2d%6a%73%6f%6e\/wp\/v2\/media?parent=1922"}],"wp:term":[{"taxonomy":"category","embeddable":true,"href":"https:\/\/informelitoral.com.ar\/%77%70%2d%6a%73%6f%6e\/wp\/v2\/categories?post=1922"},{"taxonomy":"post_tag","embeddable":true,"href":"https:\/\/informelitoral.com.ar\/%77%70%2d%6a%73%6f%6e\/wp\/v2\/tags?post=1922"}],"curies":[{"name":"wp","href":"https:\/\/api.w.org\/{rel}","templated":true}]}}