{"id":191975,"date":"2024-07-18T09:06:38","date_gmt":"2024-07-18T12:06:38","guid":{"rendered":"https:\/\/www.informelitoral.com.ar\/?p=191975"},"modified":"2024-07-18T09:12:53","modified_gmt":"2024-07-18T12:12:53","slug":"como-queda-la-seleccion-argentina-en-el-ranking-tras-su-nueva-actualizacion","status":"publish","type":"post","link":"https:\/\/informelitoral.com.ar\/como-queda-la-seleccion-argentina-en-el-ranking-tras-su-nueva-actualizacion\/","title":{"rendered":"FIFA: com\u00f3 qued\u00f3 la Selecci\u00f3n Argentina en el ranking tras su nueva actualizaci\u00f3n"},"content":{"rendered":"<p class=\"paragraph\" data-mrf-recirculation=\"Links inline\">La Federaci\u00f3n Internacional de F\u00fatbol Asociaci\u00f3n\u00a0<b>(FIFA)\u00a0<\/b>publi\u00f3 su m\u00e1s reciente actualizaci\u00f3n del r\u00e1nking mundial de selecciones, tras el final de las competencias continentales en Am\u00e9rica y Europa. En esta nueva clasificaci\u00f3n,\u00a0<b>la selecci\u00f3n argentina mantuvo el liderazgo\u00a0<\/b>global, consolidando una vez m\u00e1s su posici\u00f3n tras conquistar por segunda vez consecutiva la\u00a0<b>Copa Am\u00e9rica.<\/b>\u00a0El conjunto dirigido por Lionel Scaloni se impuso en la final a Colombia por 1-0 en el Hard Rock Stadium de Miami, lo que les ha permitido ampliar su dominio con<b>\u00a01901,48 puntos.<\/b><\/p>\n<div class=\"news-module\" data-mrf-recirculation=\"IL_Ct0zZTd2RqSjHGMXsLzz7w\" data-testid=\"text-html\" data-mrf-experience=\"IL_Ct0zZTd2RqSjHGMXsLzz7w\">\n<h5 class=\"recommended-card__image-container\"><em><strong>Te puede interesar:\u00a0<a href=\"https:\/\/www.informelitoral.com.ar\/se-realizo-encuentro-del-comite-intersectorial-de-manejo-cim-del-sitio-ramsar-delta-del-parana-en-las-cuevas\/\" target=\"_blank\" rel=\"noopener\">Se realiz\u00f3 un encuentro del Comit\u00e9 Intersectorial de Manejo del Sitio \u00abRamsar Delta del Paran\u00e1\u00bb en Las Cuevas<\/a><\/strong><\/em><\/h5>\n<div><\/div>\n<\/div>\n<p class=\"paragraph\" data-mrf-recirculation=\"Links inline\">El seleccionado argentino sigue acumulando m\u00e9ritos bajo la direcci\u00f3n de Scaloni. La victoria en el certamen no solo reafirm\u00f3 su calidad t\u00e9cnica y t\u00e1ctica, sino que tambi\u00e9n les otorg\u00f3 u<b>na ventaja considerable<\/b> en el r\u00e1nking mundial.<\/p>\n<p class=\"paragraph\" data-mrf-recirculation=\"Links inline\"><b>Francia<\/b>, con\u00a0<b>1854,91 puntos,<\/b>\u00a0qued\u00f3 en la segunda posici\u00f3n en la tabla. A pesar de no alcanzar la final de la Eurocopa y<b>\u00a0ser eliminada por Espa\u00f1a en la fase anterior con un 2-1\u00a0<\/b>a favor de los ib\u00e9ricos, los galos consiguieron sostener su puesto. La constancia en su desempe\u00f1o a nivel internacional permiti\u00f3 al equipo dirigido por Didier Deschamps mantenerse entre los l\u00edderes del r\u00e1nking.<\/p>\n<p class=\"paragraph\" data-mrf-recirculation=\"Links inline\">El gran salto en esta actualizaci\u00f3n lo protagoniza\u00a0<b>Espa\u00f1a<\/b>.\u00a0<i>La Roja\u00a0<\/i>escal\u00f3\u00a0<b>cinco posiciones<\/b>\u00a0gracias a un rendimiento excepcional en su torneo continental, ganando todos los partidos que disput\u00f3: tres de fase de grupos, octavos, cuartos, semifinales y final. Estos<b>\u00a0siete triunfos\u00a0<\/b>permitieron a los dirigidos por Luis de la Fuente alcanzar 1835,67 puntos, ocupando as\u00ed<b>\u00a0el tercer puesto en el podio mundial.<\/b><\/p>\n<div class=\"visual__image\"><img loading=\"lazy\" decoding=\"async\" class=\"\" src=\"https:\/\/www.infobae.com\/new-resizer\/LsobRJJb2AV9q636IvzSyvhrcUM=\/420x236\/filters:format(webp):quality(85)\/cloudfront-us-east-1.images.arcpublishing.com\/infobae\/IN3PQJRGKVDHNKMJ4F2W4BFKTU.jpg%20420w\" sizes=\"auto, (min-width: 1560px) 856px, (min-width: 1000px) calc(74.63vw - 293px), (min-width: 780px) calc(100vw - 376px), (min-width: 580px) calc(100vw - 32px), 100vw\" srcset=\"https:\/\/www.infobae.com\/new-resizer\/LsobRJJb2AV9q636IvzSyvhrcUM=\/420x236\/filters:format(webp):quality(85)\/cloudfront-us-east-1.images.arcpublishing.com\/infobae\/IN3PQJRGKVDHNKMJ4F2W4BFKTU.jpg 420w,https:\/\/www.infobae.com\/new-resizer\/c3qjxt6ZxPVZ5j8rz5IOX235wmo=\/768x432\/filters:format(webp):quality(85)\/cloudfront-us-east-1.images.arcpublishing.com\/infobae\/IN3PQJRGKVDHNKMJ4F2W4BFKTU.jpg 768w,https:\/\/www.infobae.com\/new-resizer\/8Ice_vq8Ya1ma7t9D_FsPRus_7Q=\/992x558\/filters:format(webp):quality(85)\/cloudfront-us-east-1.images.arcpublishing.com\/infobae\/IN3PQJRGKVDHNKMJ4F2W4BFKTU.jpg 992w,https:\/\/www.infobae.com\/new-resizer\/ER73TluVjE3SZc72XgXcXVi_C8s=\/1200x675\/filters:format(webp):quality(85)\/cloudfront-us-east-1.images.arcpublishing.com\/infobae\/IN3PQJRGKVDHNKMJ4F2W4BFKTU.jpg 1200w,https:\/\/www.infobae.com\/new-resizer\/KHicIpnu4eqObLEyIU1XGPP132k=\/1440x810\/filters:format(webp):quality(85)\/cloudfront-us-east-1.images.arcpublishing.com\/infobae\/IN3PQJRGKVDHNKMJ4F2W4BFKTU.jpg 1440w\" alt=\"infobae\" width=\"1920\" height=\"1080\" data-src=\"https:\/\/www.infobae.com\/new-resizer\/LsobRJJb2AV9q636IvzSyvhrcUM=\/420x236\/filters:format(webp):quality(85)\/cloudfront-us-east-1.images.arcpublishing.com\/infobae\/IN3PQJRGKVDHNKMJ4F2W4BFKTU.jpg 420w\" \/><\/div>\n<p class=\"paragraph\" data-mrf-recirculation=\"Links inline\">La excelente campa\u00f1a de Espa\u00f1a no solo les permiti\u00f3 ascender posiciones, sino tambi\u00e9n convertirse en\u00a0<b>la selecci\u00f3n que m\u00e1s puntos obtuvo\u00a0<\/b>en esta actualizaci\u00f3n, sumando 105,75 unidades. La subida de Espa\u00f1a ha desplazado a selecciones de la talla de Brasil, Inglaterra, Portugal, B\u00e9lgica y Pa\u00edses Bajos, quienes vieron alteradas sus posiciones en la tabla.<\/p>\n<p class=\"paragraph\" data-mrf-recirculation=\"Links inline\">En relaci\u00f3n a\u00a0<b>Brasil<\/b>, la selecci\u00f3n sudamericana no tuvo un buen desempe\u00f1o en la Copa Am\u00e9rica que le permitiera mantenerse entre los cuatro primeros. La<b>\u00a0irregularidad en su presente\u00a0<\/b>a nivel internacional hicieron que caiga un puesto, situ\u00e1ndose en la\u00a0<b>quinta posici\u00f3n\u00a0<\/b>del r\u00e1nking mundial, justo detr\u00e1s de\u00a0<b>Inglaterra<\/b>, que ascendi\u00f3 un escal\u00f3n al llegar a la final de la Eurocopa.<\/p>\n<h5 data-mrf-recirculation=\"Links inline\"><em><strong>Te puede interesar:\u00a0<a href=\"https:\/\/www.informelitoral.com.ar\/se-elimino-controles-aduaneros-para-ropa-y-calzado-que-ingresan-al-pais\/\" target=\"_blank\" rel=\"noopener\">El Gobierno elimin\u00f3 controles aduaneros para ropa y calzado que ingresan a la Argentina<\/a><\/strong><\/em><\/h5>\n<p class=\"paragraph\" data-mrf-recirculation=\"Links inline\">Por otro lado,\u00a0<b>Colombia ha logrado instalarse en el TOP 10 del r\u00e1nking FIFA<\/b>. A pesar de la derrota en la final de la Copa Am\u00e9rica, los\u00a0<i>cafeteros\u00a0<\/i>sumaron<b>\u00a059 puntos<\/b>\u00a0que les permitieron ascender tres posiciones para situarse en el noveno puesto. Este resultado reflej\u00f3 el buen momento del equipo colombiano en el plano internacional.<\/p>\n<p class=\"paragraph\" data-mrf-recirculation=\"Links inline\">Un caso destacable en esta actualizaci\u00f3n del r\u00e1nking es la selecci\u00f3n\u00a0<b>venezolana\u00a0<\/b>de Batista, que protagoniz\u00f3 la mayor subida. La<i>\u00a0vinotino<\/i><i><b>\u00a0<\/b><\/i><b>escal\u00f3 17 posiciones<\/b>\u00a0para situarse en el puesto 37, resultado de un notable desempe\u00f1o que les permiti\u00f3 sacar el mayor provecho del torneo continental.<\/p>\n<p class=\"paragraph\" data-mrf-recirculation=\"Links inline\">Las posiciones en el r\u00e1nking FIFA son fundamentales a la hora de los emparejamientos en competencias internacionales, como la Copa del Mundo o la Copa Am\u00e9rica. Los equipos mejor posicionados suelen ser\u00a0<b>cabeza de serie en los sorteos,\u00a0<\/b>lo que les ofrece un horizonte te\u00f3ricamente m\u00e1s favorable en la fase de grupos.<\/p>\n<h2 class=\"paragraph\" data-mrf-recirculation=\"Links inline\"><b>EL TOP 10 del r\u00e1nking FIFA:<\/b><\/h2>\n<p class=\"paragraph\" data-mrf-recirculation=\"Links inline\">1 &#8211; Argentina<\/p>\n<p class=\"paragraph\" data-mrf-recirculation=\"Links inline\">2 &#8211; Francia<\/p>\n<p class=\"paragraph\" data-mrf-recirculation=\"Links inline\">3 &#8211; Espa\u00f1a<\/p>\n<p class=\"paragraph\" data-mrf-recirculation=\"Links inline\">4 &#8211; Inglaterra<\/p>\n<p class=\"paragraph\" data-mrf-recirculation=\"Links inline\">5 &#8211; Brasil<\/p>\n<p class=\"paragraph\" data-mrf-recirculation=\"Links inline\">6 &#8211; B\u00e9lgica<\/p>\n<p class=\"paragraph\" data-mrf-recirculation=\"Links inline\">7 &#8211; Pa\u00edses Bajos<\/p>\n<p class=\"paragraph\" data-mrf-recirculation=\"Links inline\">8 &#8211; Portugal<\/p>\n<p class=\"paragraph\" data-mrf-recirculation=\"Links inline\">9 &#8211; Colombia<\/p>\n<div class=\"undefined ad-wrapper\">\n<div class=\"dfpAd \">\n<div id=\"infobae\/deportes\/nota\/undefined\" class=\"infobae\/deportes\/nota\/undefined arcad\"><\/div>\n<\/div>\n<\/div>\n<p class=\"paragraph\" data-mrf-recirculation=\"Links inline\">10 &#8211; Italia<\/p>\n<p class=\"paragraph\" data-mrf-recirculation=\"Links inline\"><b>El TOP 5 de Am\u00e9rica<\/b><\/p>\n<p class=\"paragraph\" data-mrf-recirculation=\"Links inline\">1- Argentina (1)<\/p>\n<p class=\"paragraph\" data-mrf-recirculation=\"Links inline\">2- Brasil (5)<\/p>\n<p class=\"paragraph\" data-mrf-recirculation=\"Links inline\">3- Colombia (9)<\/p>\n<p class=\"paragraph\" data-mrf-recirculation=\"Links inline\">4- Uruguay (11)<\/p>\n<p class=\"paragraph\" data-mrf-recirculation=\"Links inline\">5- Estados Unidos (16)<\/p>\n<p class=\"paragraph\" data-mrf-recirculation=\"Links inline\"><b>El TOP 5 de Europa<\/b><\/p>\n<p class=\"paragraph\" data-mrf-recirculation=\"Links inline\">1- Francia (2)<\/p>\n<p class=\"paragraph\" data-mrf-recirculation=\"Links inline\">2- Espa\u00f1a (3)<\/p>\n<p class=\"paragraph\" data-mrf-recirculation=\"Links inline\">3- Inglaterra (4)<\/p>\n<p class=\"paragraph\" data-mrf-recirculation=\"Links inline\">4- B\u00e9lgica (6)<\/p>\n<p class=\"paragraph\" data-mrf-recirculation=\"Links inline\">5- Pa\u00edses Bajos (7)<\/p>\n","protected":false},"excerpt":{"rendered":"<p>El desenlace de los \u00faltimos torneos continentales movi\u00f3 la aguja en la tabla. La albiceleste y los franceses mantuvieron sus posiciones<\/p>\n","protected":false},"author":8,"featured_media":191977,"comment_status":"open","ping_status":"open","sticky":false,"template":"","format":"standard","meta":{"fifu_image_url":"","fifu_image_alt":"","footnotes":""},"categories":[13],"tags":[705,4972,116],"class_list":{"0":"post-191975","1":"post","2":"type-post","3":"status-publish","4":"format-standard","5":"has-post-thumbnail","7":"category-deportes","8":"tag-fifa","9":"tag-ranking","10":"tag-seleccion-argentina"},"yoast_head":"<title>FIFA: com\u00f3 qued\u00f3 la Selecci\u00f3n Argentina en el ranking tras su nueva actualizaci\u00f3n - Informe Litoral<\/title>\n<meta name=\"robots\" content=\"index, follow, max-snippet:-1, max-image-preview:large, max-video-preview:-1\" \/>\n<link rel=\"canonical\" href=\"https:\/\/informelitoral.com.ar\/como-queda-la-seleccion-argentina-en-el-ranking-tras-su-nueva-actualizacion\/\" \/>\n<meta property=\"og:locale\" content=\"es_ES\" \/>\n<meta property=\"og:type\" content=\"article\" \/>\n<meta property=\"og:title\" content=\"FIFA: com\u00f3 qued\u00f3 la Selecci\u00f3n Argentina en el ranking tras su nueva actualizaci\u00f3n - Informe Litoral\" \/>\n<meta property=\"og:description\" content=\"El desenlace de los \u00faltimos torneos continentales movi\u00f3 la aguja en la tabla. La albiceleste y los franceses mantuvieron sus posiciones\" \/>\n<meta property=\"og:url\" content=\"https:\/\/informelitoral.com.ar\/como-queda-la-seleccion-argentina-en-el-ranking-tras-su-nueva-actualizacion\/\" \/>\n<meta property=\"og:site_name\" content=\"Informe Litoral\" \/>\n<meta property=\"article:publisher\" content=\"https:\/\/www.facebook.com\/informelitoral\/\" \/>\n<meta property=\"article:published_time\" content=\"2024-07-18T12:06:38+00:00\" \/>\n<meta property=\"article:modified_time\" content=\"2024-07-18T12:12:53+00:00\" \/>\n<meta property=\"og:image\" content=\"https:\/\/informelitoral.com.ar\/%77%70%2d%63%6f%6e%74%65%6e%74\/uploads\/2024\/07\/argentina-2-canada-0-1833120.webp\" \/>\n\t<meta property=\"og:image:width\" content=\"987\" \/>\n\t<meta property=\"og:image:height\" content=\"555\" \/>\n\t<meta property=\"og:image:type\" content=\"image\/webp\" \/>\n<meta name=\"author\" content=\"Sebastian\" \/>\n<meta name=\"twitter:card\" content=\"summary_large_image\" \/>\n<meta name=\"twitter:creator\" content=\"@InformeLitoral\" \/>\n<meta name=\"twitter:site\" content=\"@InformeLitoral\" \/>\n<meta name=\"twitter:label1\" content=\"Escrito por\" \/>\n\t<meta name=\"twitter:data1\" content=\"Sebastian\" \/>\n\t<meta name=\"twitter:label2\" content=\"Tiempo de lectura\" \/>\n\t<meta name=\"twitter:data2\" content=\"3 minutos\" \/>\n<script type=\"application\/ld+json\" class=\"yoast-schema-graph\">{\"@context\":\"https:\\\/\\\/schema.org\",\"@graph\":[{\"@type\":\"Article\",\"@id\":\"https:\\\/\\\/informelitoral.com.ar\\\/como-queda-la-seleccion-argentina-en-el-ranking-tras-su-nueva-actualizacion\\\/#article\",\"isPartOf\":{\"@id\":\"https:\\\/\\\/informelitoral.com.ar\\\/como-queda-la-seleccion-argentina-en-el-ranking-tras-su-nueva-actualizacion\\\/\"},\"author\":{\"name\":\"Sebastian\",\"@id\":\"https:\\\/\\\/informelitoral.com.ar\\\/#\\\/schema\\\/person\\\/f05f9f461677119578717524b127d6d5\"},\"headline\":\"FIFA: com\u00f3 qued\u00f3 la Selecci\u00f3n Argentina en el ranking tras su nueva actualizaci\u00f3n\",\"datePublished\":\"2024-07-18T12:06:38+00:00\",\"dateModified\":\"2024-07-18T12:12:53+00:00\",\"mainEntityOfPage\":{\"@id\":\"https:\\\/\\\/informelitoral.com.ar\\\/como-queda-la-seleccion-argentina-en-el-ranking-tras-su-nueva-actualizacion\\\/\"},\"wordCount\":683,\"commentCount\":0,\"publisher\":{\"@id\":\"https:\\\/\\\/informelitoral.com.ar\\\/#organization\"},\"image\":{\"@id\":\"https:\\\/\\\/informelitoral.com.ar\\\/como-queda-la-seleccion-argentina-en-el-ranking-tras-su-nueva-actualizacion\\\/#primaryimage\"},\"thumbnailUrl\":\"https:\\\/\\\/informelitoral.com.ar\\\/%77%70%2d%63%6f%6e%74%65%6e%74\\\/uploads\\\/2024\\\/07\\\/argentina-2-canada-0-1833120.webp\",\"keywords\":[\"FIFA\",\"Ranking\",\"Selecci\u00f3n argentina\"],\"articleSection\":[\"Deportes\"],\"inLanguage\":\"es\",\"potentialAction\":[{\"@type\":\"CommentAction\",\"name\":\"Comment\",\"target\":[\"https:\\\/\\\/informelitoral.com.ar\\\/como-queda-la-seleccion-argentina-en-el-ranking-tras-su-nueva-actualizacion\\\/#respond\"]}]},{\"@type\":\"WebPage\",\"@id\":\"https:\\\/\\\/informelitoral.com.ar\\\/como-queda-la-seleccion-argentina-en-el-ranking-tras-su-nueva-actualizacion\\\/\",\"url\":\"https:\\\/\\\/informelitoral.com.ar\\\/como-queda-la-seleccion-argentina-en-el-ranking-tras-su-nueva-actualizacion\\\/\",\"name\":\"FIFA: com\u00f3 qued\u00f3 la Selecci\u00f3n Argentina en el ranking tras su nueva actualizaci\u00f3n - Informe Litoral\",\"isPartOf\":{\"@id\":\"https:\\\/\\\/informelitoral.com.ar\\\/#website\"},\"primaryImageOfPage\":{\"@id\":\"https:\\\/\\\/informelitoral.com.ar\\\/como-queda-la-seleccion-argentina-en-el-ranking-tras-su-nueva-actualizacion\\\/#primaryimage\"},\"image\":{\"@id\":\"https:\\\/\\\/informelitoral.com.ar\\\/como-queda-la-seleccion-argentina-en-el-ranking-tras-su-nueva-actualizacion\\\/#primaryimage\"},\"thumbnailUrl\":\"https:\\\/\\\/informelitoral.com.ar\\\/%77%70%2d%63%6f%6e%74%65%6e%74\\\/uploads\\\/2024\\\/07\\\/argentina-2-canada-0-1833120.webp\",\"datePublished\":\"2024-07-18T12:06:38+00:00\",\"dateModified\":\"2024-07-18T12:12:53+00:00\",\"breadcrumb\":{\"@id\":\"https:\\\/\\\/informelitoral.com.ar\\\/como-queda-la-seleccion-argentina-en-el-ranking-tras-su-nueva-actualizacion\\\/#breadcrumb\"},\"inLanguage\":\"es\",\"potentialAction\":[{\"@type\":\"ReadAction\",\"target\":[\"https:\\\/\\\/informelitoral.com.ar\\\/como-queda-la-seleccion-argentina-en-el-ranking-tras-su-nueva-actualizacion\\\/\"]}]},{\"@type\":\"ImageObject\",\"inLanguage\":\"es\",\"@id\":\"https:\\\/\\\/informelitoral.com.ar\\\/como-queda-la-seleccion-argentina-en-el-ranking-tras-su-nueva-actualizacion\\\/#primaryimage\",\"url\":\"https:\\\/\\\/informelitoral.com.ar\\\/%77%70%2d%63%6f%6e%74%65%6e%74\\\/uploads\\\/2024\\\/07\\\/argentina-2-canada-0-1833120.webp\",\"contentUrl\":\"https:\\\/\\\/informelitoral.com.ar\\\/%77%70%2d%63%6f%6e%74%65%6e%74\\\/uploads\\\/2024\\\/07\\\/argentina-2-canada-0-1833120.webp\",\"width\":987,\"height\":555},{\"@type\":\"BreadcrumbList\",\"@id\":\"https:\\\/\\\/informelitoral.com.ar\\\/como-queda-la-seleccion-argentina-en-el-ranking-tras-su-nueva-actualizacion\\\/#breadcrumb\",\"itemListElement\":[{\"@type\":\"ListItem\",\"position\":1,\"name\":\"Portada\",\"item\":\"https:\\\/\\\/informelitoral.com.ar\\\/\"},{\"@type\":\"ListItem\",\"position\":2,\"name\":\"FIFA: com\u00f3 qued\u00f3 la Selecci\u00f3n Argentina en el ranking tras su nueva actualizaci\u00f3n\"}]},{\"@type\":\"WebSite\",\"@id\":\"https:\\\/\\\/informelitoral.com.ar\\\/#website\",\"url\":\"https:\\\/\\\/informelitoral.com.ar\\\/\",\"name\":\"Informe Litoral\",\"description\":\"&quot;Nos informamos&quot; \",\"publisher\":{\"@id\":\"https:\\\/\\\/informelitoral.com.ar\\\/#organization\"},\"potentialAction\":[{\"@type\":\"SearchAction\",\"target\":{\"@type\":\"EntryPoint\",\"urlTemplate\":\"https:\\\/\\\/informelitoral.com.ar\\\/?s={search_term_string}\"},\"query-input\":{\"@type\":\"PropertyValueSpecification\",\"valueRequired\":true,\"valueName\":\"search_term_string\"}}],\"inLanguage\":\"es\"},{\"@type\":\"Organization\",\"@id\":\"https:\\\/\\\/informelitoral.com.ar\\\/#organization\",\"name\":\"Informe Litoral\",\"url\":\"https:\\\/\\\/informelitoral.com.ar\\\/\",\"logo\":{\"@type\":\"ImageObject\",\"inLanguage\":\"es\",\"@id\":\"https:\\\/\\\/informelitoral.com.ar\\\/#\\\/schema\\\/logo\\\/image\\\/\",\"url\":\"https:\\\/\\\/informelitoral.com.ar\\\/%77%70%2d%63%6f%6e%74%65%6e%74\\\/uploads\\\/2021\\\/01\\\/circulo.png\",\"contentUrl\":\"https:\\\/\\\/informelitoral.com.ar\\\/%77%70%2d%63%6f%6e%74%65%6e%74\\\/uploads\\\/2021\\\/01\\\/circulo.png\",\"width\":723,\"height\":731,\"caption\":\"Informe Litoral\"},\"image\":{\"@id\":\"https:\\\/\\\/informelitoral.com.ar\\\/#\\\/schema\\\/logo\\\/image\\\/\"},\"sameAs\":[\"https:\\\/\\\/www.facebook.com\\\/informelitoral\\\/\",\"https:\\\/\\\/x.com\\\/InformeLitoral\",\"https:\\\/\\\/www.instagram.com\\\/informelitoral\\\/\",\"https:\\\/\\\/www.youtube.com\\\/channel\\\/UCua4Qvz8Icb6MYqhoq9xLXw\"]},{\"@type\":\"Person\",\"@id\":\"https:\\\/\\\/informelitoral.com.ar\\\/#\\\/schema\\\/person\\\/f05f9f461677119578717524b127d6d5\",\"name\":\"Sebastian\",\"image\":{\"@type\":\"ImageObject\",\"inLanguage\":\"es\",\"@id\":\"https:\\\/\\\/secure.gravatar.com\\\/avatar\\\/b71bf7481d447dfb9583c7f2798e7cc64de6efb9067b74633ed8c31059a3bd82?s=96&d=mm&r=g\",\"url\":\"https:\\\/\\\/secure.gravatar.com\\\/avatar\\\/b71bf7481d447dfb9583c7f2798e7cc64de6efb9067b74633ed8c31059a3bd82?s=96&d=mm&r=g\",\"contentUrl\":\"https:\\\/\\\/secure.gravatar.com\\\/avatar\\\/b71bf7481d447dfb9583c7f2798e7cc64de6efb9067b74633ed8c31059a3bd82?s=96&d=mm&r=g\",\"caption\":\"Sebastian\"},\"url\":\"https:\\\/\\\/informelitoral.com.ar\\\/author\\\/sebastian\\\/\"}]}<\/script>","yoast_head_json":{"title":"FIFA: com\u00f3 qued\u00f3 la Selecci\u00f3n Argentina en el ranking tras su nueva actualizaci\u00f3n - Informe Litoral","robots":{"index":"index","follow":"follow","max-snippet":"max-snippet:-1","max-image-preview":"max-image-preview:large","max-video-preview":"max-video-preview:-1"},"canonical":"https:\/\/informelitoral.com.ar\/como-queda-la-seleccion-argentina-en-el-ranking-tras-su-nueva-actualizacion\/","og_locale":"es_ES","og_type":"article","og_title":"FIFA: com\u00f3 qued\u00f3 la Selecci\u00f3n Argentina en el ranking tras su nueva actualizaci\u00f3n - Informe Litoral","og_description":"El desenlace de los \u00faltimos torneos continentales movi\u00f3 la aguja en la tabla. La albiceleste y los franceses mantuvieron sus posiciones","og_url":"https:\/\/informelitoral.com.ar\/como-queda-la-seleccion-argentina-en-el-ranking-tras-su-nueva-actualizacion\/","og_site_name":"Informe Litoral","article_publisher":"https:\/\/www.facebook.com\/informelitoral\/","article_published_time":"2024-07-18T12:06:38+00:00","article_modified_time":"2024-07-18T12:12:53+00:00","og_image":[{"width":987,"height":555,"url":"https:\/\/informelitoral.com.ar\/%77%70%2d%63%6f%6e%74%65%6e%74\/uploads\/2024\/07\/argentina-2-canada-0-1833120.webp","type":"image\/webp"}],"author":"Sebastian","twitter_card":"summary_large_image","twitter_creator":"@InformeLitoral","twitter_site":"@InformeLitoral","twitter_misc":{"Escrito por":"Sebastian","Tiempo de lectura":"3 minutos"},"schema":{"@context":"https:\/\/schema.org","@graph":[{"@type":"Article","@id":"https:\/\/informelitoral.com.ar\/como-queda-la-seleccion-argentina-en-el-ranking-tras-su-nueva-actualizacion\/#article","isPartOf":{"@id":"https:\/\/informelitoral.com.ar\/como-queda-la-seleccion-argentina-en-el-ranking-tras-su-nueva-actualizacion\/"},"author":{"name":"Sebastian","@id":"https:\/\/informelitoral.com.ar\/#\/schema\/person\/f05f9f461677119578717524b127d6d5"},"headline":"FIFA: com\u00f3 qued\u00f3 la Selecci\u00f3n Argentina en el ranking tras su nueva actualizaci\u00f3n","datePublished":"2024-07-18T12:06:38+00:00","dateModified":"2024-07-18T12:12:53+00:00","mainEntityOfPage":{"@id":"https:\/\/informelitoral.com.ar\/como-queda-la-seleccion-argentina-en-el-ranking-tras-su-nueva-actualizacion\/"},"wordCount":683,"commentCount":0,"publisher":{"@id":"https:\/\/informelitoral.com.ar\/#organization"},"image":{"@id":"https:\/\/informelitoral.com.ar\/como-queda-la-seleccion-argentina-en-el-ranking-tras-su-nueva-actualizacion\/#primaryimage"},"thumbnailUrl":"https:\/\/informelitoral.com.ar\/%77%70%2d%63%6f%6e%74%65%6e%74\/uploads\/2024\/07\/argentina-2-canada-0-1833120.webp","keywords":["FIFA","Ranking","Selecci\u00f3n argentina"],"articleSection":["Deportes"],"inLanguage":"es","potentialAction":[{"@type":"CommentAction","name":"Comment","target":["https:\/\/informelitoral.com.ar\/como-queda-la-seleccion-argentina-en-el-ranking-tras-su-nueva-actualizacion\/#respond"]}]},{"@type":"WebPage","@id":"https:\/\/informelitoral.com.ar\/como-queda-la-seleccion-argentina-en-el-ranking-tras-su-nueva-actualizacion\/","url":"https:\/\/informelitoral.com.ar\/como-queda-la-seleccion-argentina-en-el-ranking-tras-su-nueva-actualizacion\/","name":"FIFA: com\u00f3 qued\u00f3 la Selecci\u00f3n Argentina en el ranking tras su nueva actualizaci\u00f3n - Informe Litoral","isPartOf":{"@id":"https:\/\/informelitoral.com.ar\/#website"},"primaryImageOfPage":{"@id":"https:\/\/informelitoral.com.ar\/como-queda-la-seleccion-argentina-en-el-ranking-tras-su-nueva-actualizacion\/#primaryimage"},"image":{"@id":"https:\/\/informelitoral.com.ar\/como-queda-la-seleccion-argentina-en-el-ranking-tras-su-nueva-actualizacion\/#primaryimage"},"thumbnailUrl":"https:\/\/informelitoral.com.ar\/%77%70%2d%63%6f%6e%74%65%6e%74\/uploads\/2024\/07\/argentina-2-canada-0-1833120.webp","datePublished":"2024-07-18T12:06:38+00:00","dateModified":"2024-07-18T12:12:53+00:00","breadcrumb":{"@id":"https:\/\/informelitoral.com.ar\/como-queda-la-seleccion-argentina-en-el-ranking-tras-su-nueva-actualizacion\/#breadcrumb"},"inLanguage":"es","potentialAction":[{"@type":"ReadAction","target":["https:\/\/informelitoral.com.ar\/como-queda-la-seleccion-argentina-en-el-ranking-tras-su-nueva-actualizacion\/"]}]},{"@type":"ImageObject","inLanguage":"es","@id":"https:\/\/informelitoral.com.ar\/como-queda-la-seleccion-argentina-en-el-ranking-tras-su-nueva-actualizacion\/#primaryimage","url":"https:\/\/informelitoral.com.ar\/%77%70%2d%63%6f%6e%74%65%6e%74\/uploads\/2024\/07\/argentina-2-canada-0-1833120.webp","contentUrl":"https:\/\/informelitoral.com.ar\/%77%70%2d%63%6f%6e%74%65%6e%74\/uploads\/2024\/07\/argentina-2-canada-0-1833120.webp","width":987,"height":555},{"@type":"BreadcrumbList","@id":"https:\/\/informelitoral.com.ar\/como-queda-la-seleccion-argentina-en-el-ranking-tras-su-nueva-actualizacion\/#breadcrumb","itemListElement":[{"@type":"ListItem","position":1,"name":"Portada","item":"https:\/\/informelitoral.com.ar\/"},{"@type":"ListItem","position":2,"name":"FIFA: com\u00f3 qued\u00f3 la Selecci\u00f3n Argentina en el ranking tras su nueva actualizaci\u00f3n"}]},{"@type":"WebSite","@id":"https:\/\/informelitoral.com.ar\/#website","url":"https:\/\/informelitoral.com.ar\/","name":"Informe Litoral","description":"&quot;Nos informamos&quot; ","publisher":{"@id":"https:\/\/informelitoral.com.ar\/#organization"},"potentialAction":[{"@type":"SearchAction","target":{"@type":"EntryPoint","urlTemplate":"https:\/\/informelitoral.com.ar\/?s={search_term_string}"},"query-input":{"@type":"PropertyValueSpecification","valueRequired":true,"valueName":"search_term_string"}}],"inLanguage":"es"},{"@type":"Organization","@id":"https:\/\/informelitoral.com.ar\/#organization","name":"Informe Litoral","url":"https:\/\/informelitoral.com.ar\/","logo":{"@type":"ImageObject","inLanguage":"es","@id":"https:\/\/informelitoral.com.ar\/#\/schema\/logo\/image\/","url":"https:\/\/informelitoral.com.ar\/%77%70%2d%63%6f%6e%74%65%6e%74\/uploads\/2021\/01\/circulo.png","contentUrl":"https:\/\/informelitoral.com.ar\/%77%70%2d%63%6f%6e%74%65%6e%74\/uploads\/2021\/01\/circulo.png","width":723,"height":731,"caption":"Informe Litoral"},"image":{"@id":"https:\/\/informelitoral.com.ar\/#\/schema\/logo\/image\/"},"sameAs":["https:\/\/www.facebook.com\/informelitoral\/","https:\/\/x.com\/InformeLitoral","https:\/\/www.instagram.com\/informelitoral\/","https:\/\/www.youtube.com\/channel\/UCua4Qvz8Icb6MYqhoq9xLXw"]},{"@type":"Person","@id":"https:\/\/informelitoral.com.ar\/#\/schema\/person\/f05f9f461677119578717524b127d6d5","name":"Sebastian","image":{"@type":"ImageObject","inLanguage":"es","@id":"https:\/\/secure.gravatar.com\/avatar\/b71bf7481d447dfb9583c7f2798e7cc64de6efb9067b74633ed8c31059a3bd82?s=96&d=mm&r=g","url":"https:\/\/secure.gravatar.com\/avatar\/b71bf7481d447dfb9583c7f2798e7cc64de6efb9067b74633ed8c31059a3bd82?s=96&d=mm&r=g","contentUrl":"https:\/\/secure.gravatar.com\/avatar\/b71bf7481d447dfb9583c7f2798e7cc64de6efb9067b74633ed8c31059a3bd82?s=96&d=mm&r=g","caption":"Sebastian"},"url":"https:\/\/informelitoral.com.ar\/author\/sebastian\/"}]}},"_links":{"self":[{"href":"https:\/\/informelitoral.com.ar\/%77%70%2d%6a%73%6f%6e\/wp\/v2\/posts\/191975","targetHints":{"allow":["GET"]}}],"collection":[{"href":"https:\/\/informelitoral.com.ar\/%77%70%2d%6a%73%6f%6e\/wp\/v2\/posts"}],"about":[{"href":"https:\/\/informelitoral.com.ar\/%77%70%2d%6a%73%6f%6e\/wp\/v2\/types\/post"}],"author":[{"embeddable":true,"href":"https:\/\/informelitoral.com.ar\/%77%70%2d%6a%73%6f%6e\/wp\/v2\/users\/8"}],"replies":[{"embeddable":true,"href":"https:\/\/informelitoral.com.ar\/%77%70%2d%6a%73%6f%6e\/wp\/v2\/comments?post=191975"}],"version-history":[{"count":0,"href":"https:\/\/informelitoral.com.ar\/%77%70%2d%6a%73%6f%6e\/wp\/v2\/posts\/191975\/revisions"}],"wp:featuredmedia":[{"embeddable":true,"href":"https:\/\/informelitoral.com.ar\/%77%70%2d%6a%73%6f%6e\/wp\/v2\/media\/191977"}],"wp:attachment":[{"href":"https:\/\/informelitoral.com.ar\/%77%70%2d%6a%73%6f%6e\/wp\/v2\/media?parent=191975"}],"wp:term":[{"taxonomy":"category","embeddable":true,"href":"https:\/\/informelitoral.com.ar\/%77%70%2d%6a%73%6f%6e\/wp\/v2\/categories?post=191975"},{"taxonomy":"post_tag","embeddable":true,"href":"https:\/\/informelitoral.com.ar\/%77%70%2d%6a%73%6f%6e\/wp\/v2\/tags?post=191975"}],"curies":[{"name":"wp","href":"https:\/\/api.w.org\/{rel}","templated":true}]}}