{"id":1917,"date":"2013-05-26T00:06:21","date_gmt":"2013-05-26T03:06:21","guid":{"rendered":"http:\/\/www.isletasnoticias.com.ar\/?p=1917"},"modified":"2013-05-26T00:06:40","modified_gmt":"2013-05-26T03:06:40","slug":"automovilismo-el-sp-1000-y-la-fre-meten-segunda","status":"publish","type":"post","link":"https:\/\/informelitoral.com.ar\/automovilismo-el-sp-1000-y-la-fre-meten-segunda\/","title":{"rendered":"Automovilismo: El SP 1000 y la FRE meten segunda"},"content":{"rendered":"<p><strong>\u00a0 Este domingo 26, desde las 10:00, se disputar\u00e1 la segunda fecha del SP 1000 Diamantino y de la F\u00f3rmula Renault Entrerriana. La programa<strong>ci\u00f3n se realizar\u00e1 en el circuito \u2018Don Tito\u2019, ubicado a cuatro kil\u00f3metros de Libertador San Mart\u00edn.<\/strong><\/strong><\/p>\n<p><img loading=\"lazy\" decoding=\"async\" class=\"size-medium wp-image-1919 aligncenter\" alt=\"Imagen1759\" src=\"http:\/\/www.isletasnoticias.com.ar\/%77%70%2d%63%6f%6e%74%65%6e%74\/uploads\/2013\/05\/Imagen1759-300x225.jpg\" width=\"300\" height=\"225\" srcset=\"https:\/\/informelitoral.com.ar\/%77%70%2d%63%6f%6e%74%65%6e%74\/uploads\/2013\/05\/Imagen1759-300x225.jpg 300w, https:\/\/informelitoral.com.ar\/%77%70%2d%63%6f%6e%74%65%6e%74\/uploads\/2013\/05\/Imagen1759-1024x768.jpg 1024w, https:\/\/informelitoral.com.ar\/%77%70%2d%63%6f%6e%74%65%6e%74\/uploads\/2013\/05\/Imagen1759.jpg 1600w\" sizes=\"auto, (max-width: 300px) 100vw, 300px\" \/><\/p>\n<p>Este domingo 26, desde las 10:00, se disputar\u00e1 la segunda fecha del SP 1000 Diamantino y de la F\u00f3rmula Renault Entrerriana. La programaci\u00f3n se realizar\u00e1 en el circuito \u2018Don Tito\u2019, ubicado a cuatro kil\u00f3metros de Libertador San Mart\u00edn, camino a Costa Grande. La actividad comenzar\u00e1 con los entrenamientos matinales para luego dar paso a las clasificaciones en horas del mediod\u00eda. Por la tarde, a partir de las 14:00, se pondr\u00e1n en marcha las series selectivas. A continuaci\u00f3n se disputar\u00e1n las finales de las Clases \u2018A\u2019 y \u2018B\u2019 del SP 1000 Diamantino y de la FRE.<\/p>\n<p>Recordemos que el SP 1000 concretar\u00e1 la segunda fecha de sus campeonatos, en tanto que la F\u00f3rmula Renault Entrerriana disputar\u00e1 la segunda jornada de la Copa Renault, que re\u00fane por el momento a siete pilotos. En total se esperan m\u00e1s de 30 autos en pista.<\/p>\n<p>En el SP 1000 se sumar\u00e1n: Ariel Herbel (Aldea Protestante), Abel Mayer (Ram\u00edrez), Lautaro Gim\u00e9nez (Crespo), Leonardo Appelhans (Mar\u00eda Grande), Ulises Gini (Paran\u00e1) y Gabriel Marchesi (Paran\u00e1), todos en la Clase \u2018B\u2019. En tanto que en la divisional mayor lo har\u00e1 Oscar Zanata (Rafaela).<\/p>\n<p><b>CAMPEONATO DE PILOTOS<br \/>\n<\/b><b><br \/>\nCLASE \u2018A\u2019<\/b>\u00a0(18\u00ba Torneo)<br \/>\n1\u00ba) Pablo Gieco (Diamante)\u00a0\u00a0\u00a025<br \/>\n2\u00ba) Lucas Trossero (Puiggari)\u00a025<br \/>\n3\u00ba) Emanuel Bitz (Diamante)\u00a020<br \/>\n4\u00ba) Rafael Naibert (Crespo)\u00a0\u00a0\u00a017<br \/>\n5\u00ba) Gabriel Herlein (Nogoy\u00e1)\u00a016<br \/>\n6\u00ba) Claudio Frank (Crespo)\u00a0\u00a0\u00a0\u00a012<\/p>\n<p style=\"text-align: left;\">7\u00ba) Oscar Ricle (Diamante)\u00a0\u00a0\u00a0\u00a011<\/p>\n<p style=\"text-align: left;\">8\u00ba) Francisco De Diego (Costa Grande) \u00a010<br \/>\n9\u00ba) Juan Alberto Tonutti (Puiggari)\u00a0\u00a0\u00a09<\/p>\n<p><b>CLASE \u2018B\u2019\u00a0<\/b>(13\u00ba Torneo)<br \/>\n1\u00ba) Facundo Herlein (Nogoy\u00e1)\u00a0\u00a0\u00a0\u00a0\u00a0\u00a0\u00a0\u00a0\u00a0\u00a024<br \/>\n2\u00ba) Gonzalo Vel\u00e1zquez (Aranguren)\u00a0\u00a023<br \/>\n3\u00ba) Alexis Heinze (Costa Grande)\u00a0\u00a0\u00a0\u00a0\u00a021<br \/>\n4\u00ba) Patricio Gim\u00e9nez (Crespo)\u00a0\u00a0\u00a0\u00a0\u00a0\u00a0\u00a0\u00a0\u00a0\u00a0\u00a019<\/p>\n<p style=\"text-align: left;\">5\u00ba) Alejandro Hern\u00e1ndez (Crespo)\u00a0\u00a0\u00a0\u00a015<br \/>\n6\u00ba) Alexis Block (Lib. San Mart\u00edn)\u00a0\u00a0\u00a0\u00a013<br \/>\n7\u00ba) Dami\u00e1n Venutti (Crespo)\u00a01<br \/>\n8\u00ba) Ariel Omar Reynoso (Nogoy\u00e1)\u00a0\u00a0\u00a0\u00a01<br \/>\n9\u00ba) Jos\u00e9 Diez (Nogoy\u00e1)\u00a0\u00a0\u00a0\u00a0\u00a0\u00a0\u00a0\u00a0\u00a0\u00a01<br \/>\n10\u00ba) Juan Ignacio Herlein (Nogoy\u00e1)\u00a0\u00a01<\/p>\n<p><b>FORMULA RENAULT ENTRERRIANA 1.4<br \/>\n<\/b>1\u00ba) Walter Buch (Crespo)\u00a0\u00a0\u00a0\u00a0\u00a0\u00a0\u00a016<br \/>\n2\u00ba) Lucas Trossero (Puiggari)\u00a014<\/p>\n<p style=\"text-align: left;\">3\u00ba) Gabriel Trossero (Puiggari)\u00a0\u00a0\u00a0\u00a0\u00a0\u00a0\u00a0\u00a0\u00a0\u00a011<br \/>\n4\u00ba) Nahuel Uhrig (Bovril)\u00a0\u00a0\u00a0\u00a0\u00a0\u00a010<br \/>\n5\u00ba) Osvaldo Kessler (Lib. San Mart\u00edn)\u00a0\u00a0\u00a0\u00a0\u00a0\u00a0\u00a0\u00a0\u00a0\u00a09<br \/>\n6\u00ba) Gabriel Garc\u00eda (Crespo)\u00a0\u00a0\u00a0\u00a01<br \/>\n7\u00ba) Juli\u00e1n Bonn\u00edn (Valle Mar\u00eda)\u00a0\u00a0\u00a0\u00a0\u00a0\u00a0\u00a0\u00a0\u00a01<\/p>\n<p>Gustavo Pusineri (Prensa SP 1000)<\/p>\n","protected":false},"excerpt":{"rendered":"<p>&nbsp; Este domingo 26, desde las 10:00, se disputar&aacute; la segunda fecha del SP 1000 Diamantino y de la F&oacute;rmula Renault Entrerriana. La programaci&oacute;n se realizar&aacute; en el circuito &lsquo;Don Tito&rsquo;, ubicado a cuatro kil&oacute;metros de Libertador San Mart&iacute;n. Este domingo 26, desde las 10:00, se disputar&aacute; la segunda fecha del SP 1000 Diamantino y [&hellip;]<\/p>\n","protected":false},"author":2,"featured_media":0,"comment_status":"open","ping_status":"open","sticky":false,"template":"","format":"standard","meta":{"fifu_image_url":"","fifu_image_alt":"","footnotes":""},"categories":[5,13],"tags":[],"class_list":{"0":"post-1917","1":"post","2":"type-post","3":"status-publish","4":"format-standard","6":"category-zonales","7":"category-deportes"},"yoast_head":"<title>Automovilismo: El SP 1000 y la FRE meten segunda - Informe Litoral<\/title>\n<meta name=\"robots\" content=\"index, follow, max-snippet:-1, max-image-preview:large, max-video-preview:-1\" \/>\n<link rel=\"canonical\" href=\"https:\/\/informelitoral.com.ar\/automovilismo-el-sp-1000-y-la-fre-meten-segunda\/\" \/>\n<meta property=\"og:locale\" content=\"es_ES\" \/>\n<meta property=\"og:type\" content=\"article\" \/>\n<meta property=\"og:title\" content=\"Automovilismo: El SP 1000 y la FRE meten segunda - Informe Litoral\" \/>\n<meta property=\"og:description\" content=\"&nbsp; Este domingo 26, desde las 10:00, se disputar&aacute; la segunda fecha del SP 1000 Diamantino y de la F&oacute;rmula Renault Entrerriana. La programaci&oacute;n se realizar&aacute; en el circuito &lsquo;Don Tito&rsquo;, ubicado a cuatro kil&oacute;metros de Libertador San Mart&iacute;n. Este domingo 26, desde las 10:00, se disputar&aacute; la segunda fecha del SP 1000 Diamantino y [&hellip;]\" \/>\n<meta property=\"og:url\" content=\"https:\/\/informelitoral.com.ar\/automovilismo-el-sp-1000-y-la-fre-meten-segunda\/\" \/>\n<meta property=\"og:site_name\" content=\"Informe Litoral\" \/>\n<meta property=\"article:publisher\" content=\"https:\/\/www.facebook.com\/informelitoral\/\" \/>\n<meta property=\"article:published_time\" content=\"2013-05-26T03:06:21+00:00\" \/>\n<meta property=\"article:modified_time\" content=\"2013-05-26T03:06:40+00:00\" \/>\n<meta property=\"og:image\" content=\"https:\/\/informelitoral.com.ar\/%77%70%2d%63%6f%6e%74%65%6e%74\/uploads\/2013\/05\/Imagen1759.jpg\" \/>\n\t<meta property=\"og:image:width\" content=\"1600\" \/>\n\t<meta property=\"og:image:height\" content=\"1200\" \/>\n\t<meta property=\"og:image:type\" content=\"image\/jpeg\" \/>\n<meta name=\"author\" content=\"Gonzalo Schmidt\" \/>\n<meta name=\"twitter:card\" content=\"summary_large_image\" \/>\n<meta name=\"twitter:creator\" content=\"@InformeLitoral\" \/>\n<meta name=\"twitter:site\" content=\"@InformeLitoral\" \/>\n<meta name=\"twitter:label1\" content=\"Escrito por\" \/>\n\t<meta name=\"twitter:data1\" content=\"Gonzalo Schmidt\" \/>\n\t<meta name=\"twitter:label2\" content=\"Tiempo de lectura\" \/>\n\t<meta name=\"twitter:data2\" content=\"2 minutos\" \/>\n<script type=\"application\/ld+json\" class=\"yoast-schema-graph\">{\"@context\":\"https:\\\/\\\/schema.org\",\"@graph\":[{\"@type\":\"Article\",\"@id\":\"https:\\\/\\\/informelitoral.com.ar\\\/automovilismo-el-sp-1000-y-la-fre-meten-segunda\\\/#article\",\"isPartOf\":{\"@id\":\"https:\\\/\\\/informelitoral.com.ar\\\/automovilismo-el-sp-1000-y-la-fre-meten-segunda\\\/\"},\"author\":{\"name\":\"Gonzalo Schmidt\",\"@id\":\"https:\\\/\\\/informelitoral.com.ar\\\/#\\\/schema\\\/person\\\/b9d00407c836482871ef1d57bf8e3180\"},\"headline\":\"Automovilismo: El SP 1000 y la FRE meten segunda\",\"datePublished\":\"2013-05-26T03:06:21+00:00\",\"dateModified\":\"2013-05-26T03:06:40+00:00\",\"mainEntityOfPage\":{\"@id\":\"https:\\\/\\\/informelitoral.com.ar\\\/automovilismo-el-sp-1000-y-la-fre-meten-segunda\\\/\"},\"wordCount\":353,\"commentCount\":0,\"publisher\":{\"@id\":\"https:\\\/\\\/informelitoral.com.ar\\\/#organization\"},\"image\":{\"@id\":\"https:\\\/\\\/informelitoral.com.ar\\\/automovilismo-el-sp-1000-y-la-fre-meten-segunda\\\/#primaryimage\"},\"thumbnailUrl\":\"http:\\\/\\\/www.isletasnoticias.com.ar\\\/%77%70%2d%63%6f%6e%74%65%6e%74\\\/uploads\\\/2013\\\/05\\\/Imagen1759-300x225.jpg\",\"articleSection\":[\"Departamento Diamante\",\"Deportes\"],\"inLanguage\":\"es\",\"potentialAction\":[{\"@type\":\"CommentAction\",\"name\":\"Comment\",\"target\":[\"https:\\\/\\\/informelitoral.com.ar\\\/automovilismo-el-sp-1000-y-la-fre-meten-segunda\\\/#respond\"]}]},{\"@type\":\"WebPage\",\"@id\":\"https:\\\/\\\/informelitoral.com.ar\\\/automovilismo-el-sp-1000-y-la-fre-meten-segunda\\\/\",\"url\":\"https:\\\/\\\/informelitoral.com.ar\\\/automovilismo-el-sp-1000-y-la-fre-meten-segunda\\\/\",\"name\":\"Automovilismo: El SP 1000 y la FRE meten segunda - Informe Litoral\",\"isPartOf\":{\"@id\":\"https:\\\/\\\/informelitoral.com.ar\\\/#website\"},\"primaryImageOfPage\":{\"@id\":\"https:\\\/\\\/informelitoral.com.ar\\\/automovilismo-el-sp-1000-y-la-fre-meten-segunda\\\/#primaryimage\"},\"image\":{\"@id\":\"https:\\\/\\\/informelitoral.com.ar\\\/automovilismo-el-sp-1000-y-la-fre-meten-segunda\\\/#primaryimage\"},\"thumbnailUrl\":\"http:\\\/\\\/www.isletasnoticias.com.ar\\\/%77%70%2d%63%6f%6e%74%65%6e%74\\\/uploads\\\/2013\\\/05\\\/Imagen1759-300x225.jpg\",\"datePublished\":\"2013-05-26T03:06:21+00:00\",\"dateModified\":\"2013-05-26T03:06:40+00:00\",\"breadcrumb\":{\"@id\":\"https:\\\/\\\/informelitoral.com.ar\\\/automovilismo-el-sp-1000-y-la-fre-meten-segunda\\\/#breadcrumb\"},\"inLanguage\":\"es\",\"potentialAction\":[{\"@type\":\"ReadAction\",\"target\":[\"https:\\\/\\\/informelitoral.com.ar\\\/automovilismo-el-sp-1000-y-la-fre-meten-segunda\\\/\"]}]},{\"@type\":\"ImageObject\",\"inLanguage\":\"es\",\"@id\":\"https:\\\/\\\/informelitoral.com.ar\\\/automovilismo-el-sp-1000-y-la-fre-meten-segunda\\\/#primaryimage\",\"url\":\"http:\\\/\\\/www.isletasnoticias.com.ar\\\/%77%70%2d%63%6f%6e%74%65%6e%74\\\/uploads\\\/2013\\\/05\\\/Imagen1759-300x225.jpg\",\"contentUrl\":\"http:\\\/\\\/www.isletasnoticias.com.ar\\\/%77%70%2d%63%6f%6e%74%65%6e%74\\\/uploads\\\/2013\\\/05\\\/Imagen1759-300x225.jpg\"},{\"@type\":\"BreadcrumbList\",\"@id\":\"https:\\\/\\\/informelitoral.com.ar\\\/automovilismo-el-sp-1000-y-la-fre-meten-segunda\\\/#breadcrumb\",\"itemListElement\":[{\"@type\":\"ListItem\",\"position\":1,\"name\":\"Portada\",\"item\":\"https:\\\/\\\/informelitoral.com.ar\\\/\"},{\"@type\":\"ListItem\",\"position\":2,\"name\":\"Automovilismo: El SP 1000 y la FRE meten segunda\"}]},{\"@type\":\"WebSite\",\"@id\":\"https:\\\/\\\/informelitoral.com.ar\\\/#website\",\"url\":\"https:\\\/\\\/informelitoral.com.ar\\\/\",\"name\":\"Informe Litoral\",\"description\":\"&quot;Nos informamos&quot; \",\"publisher\":{\"@id\":\"https:\\\/\\\/informelitoral.com.ar\\\/#organization\"},\"potentialAction\":[{\"@type\":\"SearchAction\",\"target\":{\"@type\":\"EntryPoint\",\"urlTemplate\":\"https:\\\/\\\/informelitoral.com.ar\\\/?s={search_term_string}\"},\"query-input\":{\"@type\":\"PropertyValueSpecification\",\"valueRequired\":true,\"valueName\":\"search_term_string\"}}],\"inLanguage\":\"es\"},{\"@type\":\"Organization\",\"@id\":\"https:\\\/\\\/informelitoral.com.ar\\\/#organization\",\"name\":\"Informe Litoral\",\"url\":\"https:\\\/\\\/informelitoral.com.ar\\\/\",\"logo\":{\"@type\":\"ImageObject\",\"inLanguage\":\"es\",\"@id\":\"https:\\\/\\\/informelitoral.com.ar\\\/#\\\/schema\\\/logo\\\/image\\\/\",\"url\":\"https:\\\/\\\/informelitoral.com.ar\\\/%77%70%2d%63%6f%6e%74%65%6e%74\\\/uploads\\\/2021\\\/01\\\/circulo.png\",\"contentUrl\":\"https:\\\/\\\/informelitoral.com.ar\\\/%77%70%2d%63%6f%6e%74%65%6e%74\\\/uploads\\\/2021\\\/01\\\/circulo.png\",\"width\":723,\"height\":731,\"caption\":\"Informe Litoral\"},\"image\":{\"@id\":\"https:\\\/\\\/informelitoral.com.ar\\\/#\\\/schema\\\/logo\\\/image\\\/\"},\"sameAs\":[\"https:\\\/\\\/www.facebook.com\\\/informelitoral\\\/\",\"https:\\\/\\\/x.com\\\/InformeLitoral\",\"https:\\\/\\\/www.instagram.com\\\/informelitoral\\\/\",\"https:\\\/\\\/www.youtube.com\\\/channel\\\/UCua4Qvz8Icb6MYqhoq9xLXw\"]},{\"@type\":\"Person\",\"@id\":\"https:\\\/\\\/informelitoral.com.ar\\\/#\\\/schema\\\/person\\\/b9d00407c836482871ef1d57bf8e3180\",\"name\":\"Gonzalo Schmidt\",\"image\":{\"@type\":\"ImageObject\",\"inLanguage\":\"es\",\"@id\":\"https:\\\/\\\/secure.gravatar.com\\\/avatar\\\/31a1a7b66ff2de83bd0e9fd79d026630d2d99e55e8bfe501287647b4fd9743de?s=96&d=mm&r=g\",\"url\":\"https:\\\/\\\/secure.gravatar.com\\\/avatar\\\/31a1a7b66ff2de83bd0e9fd79d026630d2d99e55e8bfe501287647b4fd9743de?s=96&d=mm&r=g\",\"contentUrl\":\"https:\\\/\\\/secure.gravatar.com\\\/avatar\\\/31a1a7b66ff2de83bd0e9fd79d026630d2d99e55e8bfe501287647b4fd9743de?s=96&d=mm&r=g\",\"caption\":\"Gonzalo Schmidt\"},\"description\":\"Sitio web de noticias de la provincia de Entre R\u00edos, Argentina. Informaci\u00f3n y entretenimiento. Informe Litoral, nos informamos.\",\"sameAs\":[\"http:\\\/\\\/www.isletasnoticias.com.ar\"],\"url\":\"https:\\\/\\\/informelitoral.com.ar\\\/author\\\/gonzalo\\\/\"}]}<\/script>","yoast_head_json":{"title":"Automovilismo: El SP 1000 y la FRE meten segunda - Informe Litoral","robots":{"index":"index","follow":"follow","max-snippet":"max-snippet:-1","max-image-preview":"max-image-preview:large","max-video-preview":"max-video-preview:-1"},"canonical":"https:\/\/informelitoral.com.ar\/automovilismo-el-sp-1000-y-la-fre-meten-segunda\/","og_locale":"es_ES","og_type":"article","og_title":"Automovilismo: El SP 1000 y la FRE meten segunda - Informe Litoral","og_description":"&nbsp; Este domingo 26, desde las 10:00, se disputar&aacute; la segunda fecha del SP 1000 Diamantino y de la F&oacute;rmula Renault Entrerriana. La programaci&oacute;n se realizar&aacute; en el circuito &lsquo;Don Tito&rsquo;, ubicado a cuatro kil&oacute;metros de Libertador San Mart&iacute;n. Este domingo 26, desde las 10:00, se disputar&aacute; la segunda fecha del SP 1000 Diamantino y [&hellip;]","og_url":"https:\/\/informelitoral.com.ar\/automovilismo-el-sp-1000-y-la-fre-meten-segunda\/","og_site_name":"Informe Litoral","article_publisher":"https:\/\/www.facebook.com\/informelitoral\/","article_published_time":"2013-05-26T03:06:21+00:00","article_modified_time":"2013-05-26T03:06:40+00:00","og_image":[{"width":1600,"height":1200,"url":"https:\/\/informelitoral.com.ar\/%77%70%2d%63%6f%6e%74%65%6e%74\/uploads\/2013\/05\/Imagen1759.jpg","type":"image\/jpeg"}],"author":"Gonzalo Schmidt","twitter_card":"summary_large_image","twitter_creator":"@InformeLitoral","twitter_site":"@InformeLitoral","twitter_misc":{"Escrito por":"Gonzalo Schmidt","Tiempo de lectura":"2 minutos"},"schema":{"@context":"https:\/\/schema.org","@graph":[{"@type":"Article","@id":"https:\/\/informelitoral.com.ar\/automovilismo-el-sp-1000-y-la-fre-meten-segunda\/#article","isPartOf":{"@id":"https:\/\/informelitoral.com.ar\/automovilismo-el-sp-1000-y-la-fre-meten-segunda\/"},"author":{"name":"Gonzalo Schmidt","@id":"https:\/\/informelitoral.com.ar\/#\/schema\/person\/b9d00407c836482871ef1d57bf8e3180"},"headline":"Automovilismo: El SP 1000 y la FRE meten segunda","datePublished":"2013-05-26T03:06:21+00:00","dateModified":"2013-05-26T03:06:40+00:00","mainEntityOfPage":{"@id":"https:\/\/informelitoral.com.ar\/automovilismo-el-sp-1000-y-la-fre-meten-segunda\/"},"wordCount":353,"commentCount":0,"publisher":{"@id":"https:\/\/informelitoral.com.ar\/#organization"},"image":{"@id":"https:\/\/informelitoral.com.ar\/automovilismo-el-sp-1000-y-la-fre-meten-segunda\/#primaryimage"},"thumbnailUrl":"http:\/\/www.isletasnoticias.com.ar\/%77%70%2d%63%6f%6e%74%65%6e%74\/uploads\/2013\/05\/Imagen1759-300x225.jpg","articleSection":["Departamento Diamante","Deportes"],"inLanguage":"es","potentialAction":[{"@type":"CommentAction","name":"Comment","target":["https:\/\/informelitoral.com.ar\/automovilismo-el-sp-1000-y-la-fre-meten-segunda\/#respond"]}]},{"@type":"WebPage","@id":"https:\/\/informelitoral.com.ar\/automovilismo-el-sp-1000-y-la-fre-meten-segunda\/","url":"https:\/\/informelitoral.com.ar\/automovilismo-el-sp-1000-y-la-fre-meten-segunda\/","name":"Automovilismo: El SP 1000 y la FRE meten segunda - Informe Litoral","isPartOf":{"@id":"https:\/\/informelitoral.com.ar\/#website"},"primaryImageOfPage":{"@id":"https:\/\/informelitoral.com.ar\/automovilismo-el-sp-1000-y-la-fre-meten-segunda\/#primaryimage"},"image":{"@id":"https:\/\/informelitoral.com.ar\/automovilismo-el-sp-1000-y-la-fre-meten-segunda\/#primaryimage"},"thumbnailUrl":"http:\/\/www.isletasnoticias.com.ar\/%77%70%2d%63%6f%6e%74%65%6e%74\/uploads\/2013\/05\/Imagen1759-300x225.jpg","datePublished":"2013-05-26T03:06:21+00:00","dateModified":"2013-05-26T03:06:40+00:00","breadcrumb":{"@id":"https:\/\/informelitoral.com.ar\/automovilismo-el-sp-1000-y-la-fre-meten-segunda\/#breadcrumb"},"inLanguage":"es","potentialAction":[{"@type":"ReadAction","target":["https:\/\/informelitoral.com.ar\/automovilismo-el-sp-1000-y-la-fre-meten-segunda\/"]}]},{"@type":"ImageObject","inLanguage":"es","@id":"https:\/\/informelitoral.com.ar\/automovilismo-el-sp-1000-y-la-fre-meten-segunda\/#primaryimage","url":"http:\/\/www.isletasnoticias.com.ar\/%77%70%2d%63%6f%6e%74%65%6e%74\/uploads\/2013\/05\/Imagen1759-300x225.jpg","contentUrl":"http:\/\/www.isletasnoticias.com.ar\/%77%70%2d%63%6f%6e%74%65%6e%74\/uploads\/2013\/05\/Imagen1759-300x225.jpg"},{"@type":"BreadcrumbList","@id":"https:\/\/informelitoral.com.ar\/automovilismo-el-sp-1000-y-la-fre-meten-segunda\/#breadcrumb","itemListElement":[{"@type":"ListItem","position":1,"name":"Portada","item":"https:\/\/informelitoral.com.ar\/"},{"@type":"ListItem","position":2,"name":"Automovilismo: El SP 1000 y la FRE meten segunda"}]},{"@type":"WebSite","@id":"https:\/\/informelitoral.com.ar\/#website","url":"https:\/\/informelitoral.com.ar\/","name":"Informe Litoral","description":"&quot;Nos informamos&quot; ","publisher":{"@id":"https:\/\/informelitoral.com.ar\/#organization"},"potentialAction":[{"@type":"SearchAction","target":{"@type":"EntryPoint","urlTemplate":"https:\/\/informelitoral.com.ar\/?s={search_term_string}"},"query-input":{"@type":"PropertyValueSpecification","valueRequired":true,"valueName":"search_term_string"}}],"inLanguage":"es"},{"@type":"Organization","@id":"https:\/\/informelitoral.com.ar\/#organization","name":"Informe Litoral","url":"https:\/\/informelitoral.com.ar\/","logo":{"@type":"ImageObject","inLanguage":"es","@id":"https:\/\/informelitoral.com.ar\/#\/schema\/logo\/image\/","url":"https:\/\/informelitoral.com.ar\/%77%70%2d%63%6f%6e%74%65%6e%74\/uploads\/2021\/01\/circulo.png","contentUrl":"https:\/\/informelitoral.com.ar\/%77%70%2d%63%6f%6e%74%65%6e%74\/uploads\/2021\/01\/circulo.png","width":723,"height":731,"caption":"Informe Litoral"},"image":{"@id":"https:\/\/informelitoral.com.ar\/#\/schema\/logo\/image\/"},"sameAs":["https:\/\/www.facebook.com\/informelitoral\/","https:\/\/x.com\/InformeLitoral","https:\/\/www.instagram.com\/informelitoral\/","https:\/\/www.youtube.com\/channel\/UCua4Qvz8Icb6MYqhoq9xLXw"]},{"@type":"Person","@id":"https:\/\/informelitoral.com.ar\/#\/schema\/person\/b9d00407c836482871ef1d57bf8e3180","name":"Gonzalo Schmidt","image":{"@type":"ImageObject","inLanguage":"es","@id":"https:\/\/secure.gravatar.com\/avatar\/31a1a7b66ff2de83bd0e9fd79d026630d2d99e55e8bfe501287647b4fd9743de?s=96&d=mm&r=g","url":"https:\/\/secure.gravatar.com\/avatar\/31a1a7b66ff2de83bd0e9fd79d026630d2d99e55e8bfe501287647b4fd9743de?s=96&d=mm&r=g","contentUrl":"https:\/\/secure.gravatar.com\/avatar\/31a1a7b66ff2de83bd0e9fd79d026630d2d99e55e8bfe501287647b4fd9743de?s=96&d=mm&r=g","caption":"Gonzalo Schmidt"},"description":"Sitio web de noticias de la provincia de Entre R\u00edos, Argentina. Informaci\u00f3n y entretenimiento. Informe Litoral, nos informamos.","sameAs":["http:\/\/www.isletasnoticias.com.ar"],"url":"https:\/\/informelitoral.com.ar\/author\/gonzalo\/"}]}},"_links":{"self":[{"href":"https:\/\/informelitoral.com.ar\/%77%70%2d%6a%73%6f%6e\/wp\/v2\/posts\/1917","targetHints":{"allow":["GET"]}}],"collection":[{"href":"https:\/\/informelitoral.com.ar\/%77%70%2d%6a%73%6f%6e\/wp\/v2\/posts"}],"about":[{"href":"https:\/\/informelitoral.com.ar\/%77%70%2d%6a%73%6f%6e\/wp\/v2\/types\/post"}],"author":[{"embeddable":true,"href":"https:\/\/informelitoral.com.ar\/%77%70%2d%6a%73%6f%6e\/wp\/v2\/users\/2"}],"replies":[{"embeddable":true,"href":"https:\/\/informelitoral.com.ar\/%77%70%2d%6a%73%6f%6e\/wp\/v2\/comments?post=1917"}],"version-history":[{"count":0,"href":"https:\/\/informelitoral.com.ar\/%77%70%2d%6a%73%6f%6e\/wp\/v2\/posts\/1917\/revisions"}],"wp:attachment":[{"href":"https:\/\/informelitoral.com.ar\/%77%70%2d%6a%73%6f%6e\/wp\/v2\/media?parent=1917"}],"wp:term":[{"taxonomy":"category","embeddable":true,"href":"https:\/\/informelitoral.com.ar\/%77%70%2d%6a%73%6f%6e\/wp\/v2\/categories?post=1917"},{"taxonomy":"post_tag","embeddable":true,"href":"https:\/\/informelitoral.com.ar\/%77%70%2d%6a%73%6f%6e\/wp\/v2\/tags?post=1917"}],"curies":[{"name":"wp","href":"https:\/\/api.w.org\/{rel}","templated":true}]}}