{"id":19087,"date":"2016-11-10T07:30:45","date_gmt":"2016-11-10T10:30:45","guid":{"rendered":"http:\/\/www.isletasnoticias.com.ar\/?p=19087"},"modified":"2016-11-10T07:30:45","modified_gmt":"2016-11-10T10:30:45","slug":"bordet-ratifico-la-decision-de-trabajar-en-contra-de-la-violencia-de-genero","status":"publish","type":"post","link":"https:\/\/informelitoral.com.ar\/bordet-ratifico-la-decision-de-trabajar-en-contra-de-la-violencia-de-genero\/","title":{"rendered":"Bordet ratific\u00f3 la decisi\u00f3n de trabajar en contra de la violencia de g\u00e9nero"},"content":{"rendered":"<p><strong>\u201cSi tocan a una mujer en Entre R\u00edos nos tocan a todos. Ni una Menos tiene que ser una realidad en la provincia,\u201d afirm\u00f3 el gobernador <em>Gustavo Bordet<\/em>\u00a0 en Santa Elena. El mandatario tambi\u00e9n dialog\u00f3 con los familiares de <em>Gisela L\u00f3pez.\u00a0<a href=\"http:\/\/www.isletasnoticias.com.ar\/%77%70%2d%63%6f%6e%74%65%6e%74\/uploads\/2016\/11\/b_1478705236.jpg\"><img loading=\"lazy\" decoding=\"async\" class=\"aligncenter wp-image-19088 size-full\" src=\"http:\/\/www.isletasnoticias.com.ar\/%77%70%2d%63%6f%6e%74%65%6e%74\/uploads\/2016\/11\/b_1478705236.jpg\" alt=\"b_1478705236\" width=\"492\" height=\"344\" srcset=\"https:\/\/informelitoral.com.ar\/%77%70%2d%63%6f%6e%74%65%6e%74\/uploads\/2016\/11\/b_1478705236.jpg 492w, https:\/\/informelitoral.com.ar\/%77%70%2d%63%6f%6e%74%65%6e%74\/uploads\/2016\/11\/b_1478705236-300x210.jpg 300w\" sizes=\"auto, (max-width: 492px) 100vw, 492px\" \/><\/a><\/em><\/strong><\/p>\n<p>Bordet, acompa\u00f1ado por el intendente Silvio Moreyra, destac\u00f3 el trabajo conjunto que se realiza con los municipios y la Naci\u00f3n \u201carticulando pol\u00edticas p\u00fablicas\u201d; y apunt\u00f3: \u201cYo quiero aprovechar esta oportunidad para decir que esto no se hace desordenado, se hace trabajando en conjunto, y aqu\u00ed nosotros tenemos un gran desaf\u00edo de poder articular pol\u00edticas p\u00fablicas con el gobierno nacional, provincial y municipales. Necesitamos de todos, estos son tiempos de contenci\u00f3n, de buscar consensos, no de discusiones est\u00e9riles\u201d.<\/p>\n<p>En ese sentido, inst\u00f3 a trabajar de manera articulada y asegur\u00f3: \u201cAc\u00e1 tenemos que pensar qu\u00e9 es lo mejor para las ciudades y poner lo mejor cada uno de nosotros para que a Santa Elena le vaya bien, para que a la provincia le vaya bien y para que a la Naci\u00f3n le vaya bien. Esto lo venimos llevando adelante desde el principio de gesti\u00f3n, con el presidente, con los colegas provinciales y tambi\u00e9n con los intendentes. Este camino es el que queremos seguir\u201d, asegur\u00f3.<\/p>\n<p>En el acto estuvieron presentes tambi\u00e9n los ministros de Gobierno, Mauro Urribarri, y de Producci\u00f3n, Carlos Schepens; el senador Aldo Ballestena; y la directora del Registro Civil, Alicia Albornoz, entre otras autoridades.<\/p>\n<p><strong>Contra la violencia de g\u00e9nero<\/strong><\/p>\n<p>Previo a la ceremonia donde se inaugur\u00f3 el nuevo edificio del Registro Civil, el gobernador dialog\u00f3 con la mam\u00e1, el pap\u00e1 y el hermano de Gisela L\u00f3pez, la joven abusada y asesinada en esa ciudad en abril de este a\u00f1o y cuyo caso est\u00e1 en la Justicia con los implicados en prisi\u00f3n.<\/p>\n<p>Al hacer uso de la palabra durante el acto, el gobernador expres\u00f3 el compromiso para que se haga justicia y tambi\u00e9n se refiri\u00f3 a la acci\u00f3n en contra de la violencia de g\u00e9nero. \u201cQuiero decirles a los familiares de Gisela que tenemos ese compromiso asumido, queremos justicia\u201d, dijo y, haciendo referencia a los femicidios ocurridos en los \u00faltimos d\u00edas, asever\u00f3: \u201cCuando nos tocan a una mujer en Entre R\u00edos nos tocan a todos. Los hechos que pasaron este fin de semana nos han conmovido y conmocionado a todos\u201d.<\/p>\n<p>Dio cuenta de la reuni\u00f3n mantenida en la Casa de Gobierno con los representantes de los tres poderes del Estado, \u201cpara aunar todos los esfuerzo, articular todas las acciones que hagan falta, convocar a todas las instituciones y para hablar con las intendencias\u201d. Adem\u00e1s, consider\u00f3 \u201cmuy bueno lo que se est\u00e1 haciendo en Santa Elena, de capacitar para poder atender y saber c\u00f3mo hacer el abordaje de esta problem\u00e1tica\u201d.<\/p>\n<p>En esa misma l\u00ednea, convoc\u00f3 a otros municipios \u201cpara que todos podamos internalizarlo, porque Ni una Menos tiene que ser una realidad en la provincia de Entre R\u00edos. Hacemos hoy aqu\u00ed este compromiso con todos los vecinos porque no queremos m\u00e1s que pase lo que le pas\u00f3 a Gisela y lo lamentamos profundamente\u201d.<\/p>\n","protected":false},"excerpt":{"rendered":"<p>&ldquo;Si tocan a una mujer en Entre R&iacute;os nos tocan a todos. Ni una Menos tiene que ser una realidad en la provincia,&rdquo; afirm&oacute; el gobernador Gustavo Bordet&nbsp; en Santa Elena. El mandatario tambi&eacute;n dialog&oacute; con los familiares de Gisela L&oacute;pez.&nbsp; Bordet, acompa&ntilde;ado por el intendente Silvio Moreyra, destac&oacute; el trabajo conjunto que se realiza [&hellip;]<\/p>\n","protected":false},"author":2,"featured_media":0,"comment_status":"open","ping_status":"open","sticky":false,"template":"","format":"standard","meta":{"fifu_image_url":"","fifu_image_alt":"","footnotes":""},"categories":[6,16],"tags":[],"class_list":{"0":"post-19087","1":"post","2":"type-post","3":"status-publish","4":"format-standard","6":"category-entre-rios","7":"category-politi"},"yoast_head":"<title>Bordet ratific\u00f3 la decisi\u00f3n de trabajar en contra de la violencia de g\u00e9nero - Informe Litoral<\/title>\n<meta name=\"robots\" content=\"index, follow, max-snippet:-1, max-image-preview:large, max-video-preview:-1\" \/>\n<link rel=\"canonical\" href=\"https:\/\/informelitoral.com.ar\/bordet-ratifico-la-decision-de-trabajar-en-contra-de-la-violencia-de-genero\/\" \/>\n<meta property=\"og:locale\" content=\"es_ES\" \/>\n<meta property=\"og:type\" content=\"article\" \/>\n<meta property=\"og:title\" content=\"Bordet ratific\u00f3 la decisi\u00f3n de trabajar en contra de la violencia de g\u00e9nero - Informe Litoral\" \/>\n<meta property=\"og:description\" content=\"&ldquo;Si tocan a una mujer en Entre R&iacute;os nos tocan a todos. Ni una Menos tiene que ser una realidad en la provincia,&rdquo; afirm&oacute; el gobernador Gustavo Bordet&nbsp; en Santa Elena. El mandatario tambi&eacute;n dialog&oacute; con los familiares de Gisela L&oacute;pez.&nbsp; Bordet, acompa&ntilde;ado por el intendente Silvio Moreyra, destac&oacute; el trabajo conjunto que se realiza [&hellip;]\" \/>\n<meta property=\"og:url\" content=\"https:\/\/informelitoral.com.ar\/bordet-ratifico-la-decision-de-trabajar-en-contra-de-la-violencia-de-genero\/\" \/>\n<meta property=\"og:site_name\" content=\"Informe Litoral\" \/>\n<meta property=\"article:publisher\" content=\"https:\/\/www.facebook.com\/informelitoral\/\" \/>\n<meta property=\"article:published_time\" content=\"2016-11-10T10:30:45+00:00\" \/>\n<meta property=\"og:image\" content=\"https:\/\/informelitoral.com.ar\/%77%70%2d%63%6f%6e%74%65%6e%74\/uploads\/2016\/11\/b_1478705236.jpg\" \/>\n\t<meta property=\"og:image:width\" content=\"492\" \/>\n\t<meta property=\"og:image:height\" content=\"344\" \/>\n\t<meta property=\"og:image:type\" content=\"image\/jpeg\" \/>\n<meta name=\"author\" content=\"Gonzalo Schmidt\" \/>\n<meta name=\"twitter:card\" content=\"summary_large_image\" \/>\n<meta name=\"twitter:creator\" content=\"@InformeLitoral\" \/>\n<meta name=\"twitter:site\" content=\"@InformeLitoral\" \/>\n<meta name=\"twitter:label1\" content=\"Escrito por\" \/>\n\t<meta name=\"twitter:data1\" content=\"Gonzalo Schmidt\" \/>\n\t<meta name=\"twitter:label2\" content=\"Tiempo de lectura\" \/>\n\t<meta name=\"twitter:data2\" content=\"3 minutos\" \/>\n<script type=\"application\/ld+json\" class=\"yoast-schema-graph\">{\"@context\":\"https:\\\/\\\/schema.org\",\"@graph\":[{\"@type\":\"Article\",\"@id\":\"https:\\\/\\\/informelitoral.com.ar\\\/bordet-ratifico-la-decision-de-trabajar-en-contra-de-la-violencia-de-genero\\\/#article\",\"isPartOf\":{\"@id\":\"https:\\\/\\\/informelitoral.com.ar\\\/bordet-ratifico-la-decision-de-trabajar-en-contra-de-la-violencia-de-genero\\\/\"},\"author\":{\"name\":\"Gonzalo Schmidt\",\"@id\":\"https:\\\/\\\/informelitoral.com.ar\\\/#\\\/schema\\\/person\\\/b9d00407c836482871ef1d57bf8e3180\"},\"headline\":\"Bordet ratific\u00f3 la decisi\u00f3n de trabajar en contra de la violencia de g\u00e9nero\",\"datePublished\":\"2016-11-10T10:30:45+00:00\",\"mainEntityOfPage\":{\"@id\":\"https:\\\/\\\/informelitoral.com.ar\\\/bordet-ratifico-la-decision-de-trabajar-en-contra-de-la-violencia-de-genero\\\/\"},\"wordCount\":550,\"commentCount\":0,\"publisher\":{\"@id\":\"https:\\\/\\\/informelitoral.com.ar\\\/#organization\"},\"image\":{\"@id\":\"https:\\\/\\\/informelitoral.com.ar\\\/bordet-ratifico-la-decision-de-trabajar-en-contra-de-la-violencia-de-genero\\\/#primaryimage\"},\"thumbnailUrl\":\"http:\\\/\\\/www.isletasnoticias.com.ar\\\/%77%70%2d%63%6f%6e%74%65%6e%74\\\/uploads\\\/2016\\\/11\\\/b_1478705236.jpg\",\"articleSection\":[\"Entre R\u00edos\",\"Politica\"],\"inLanguage\":\"es\",\"potentialAction\":[{\"@type\":\"CommentAction\",\"name\":\"Comment\",\"target\":[\"https:\\\/\\\/informelitoral.com.ar\\\/bordet-ratifico-la-decision-de-trabajar-en-contra-de-la-violencia-de-genero\\\/#respond\"]}]},{\"@type\":\"WebPage\",\"@id\":\"https:\\\/\\\/informelitoral.com.ar\\\/bordet-ratifico-la-decision-de-trabajar-en-contra-de-la-violencia-de-genero\\\/\",\"url\":\"https:\\\/\\\/informelitoral.com.ar\\\/bordet-ratifico-la-decision-de-trabajar-en-contra-de-la-violencia-de-genero\\\/\",\"name\":\"Bordet ratific\u00f3 la decisi\u00f3n de trabajar en contra de la violencia de g\u00e9nero - Informe Litoral\",\"isPartOf\":{\"@id\":\"https:\\\/\\\/informelitoral.com.ar\\\/#website\"},\"primaryImageOfPage\":{\"@id\":\"https:\\\/\\\/informelitoral.com.ar\\\/bordet-ratifico-la-decision-de-trabajar-en-contra-de-la-violencia-de-genero\\\/#primaryimage\"},\"image\":{\"@id\":\"https:\\\/\\\/informelitoral.com.ar\\\/bordet-ratifico-la-decision-de-trabajar-en-contra-de-la-violencia-de-genero\\\/#primaryimage\"},\"thumbnailUrl\":\"http:\\\/\\\/www.isletasnoticias.com.ar\\\/%77%70%2d%63%6f%6e%74%65%6e%74\\\/uploads\\\/2016\\\/11\\\/b_1478705236.jpg\",\"datePublished\":\"2016-11-10T10:30:45+00:00\",\"breadcrumb\":{\"@id\":\"https:\\\/\\\/informelitoral.com.ar\\\/bordet-ratifico-la-decision-de-trabajar-en-contra-de-la-violencia-de-genero\\\/#breadcrumb\"},\"inLanguage\":\"es\",\"potentialAction\":[{\"@type\":\"ReadAction\",\"target\":[\"https:\\\/\\\/informelitoral.com.ar\\\/bordet-ratifico-la-decision-de-trabajar-en-contra-de-la-violencia-de-genero\\\/\"]}]},{\"@type\":\"ImageObject\",\"inLanguage\":\"es\",\"@id\":\"https:\\\/\\\/informelitoral.com.ar\\\/bordet-ratifico-la-decision-de-trabajar-en-contra-de-la-violencia-de-genero\\\/#primaryimage\",\"url\":\"http:\\\/\\\/www.isletasnoticias.com.ar\\\/%77%70%2d%63%6f%6e%74%65%6e%74\\\/uploads\\\/2016\\\/11\\\/b_1478705236.jpg\",\"contentUrl\":\"http:\\\/\\\/www.isletasnoticias.com.ar\\\/%77%70%2d%63%6f%6e%74%65%6e%74\\\/uploads\\\/2016\\\/11\\\/b_1478705236.jpg\"},{\"@type\":\"BreadcrumbList\",\"@id\":\"https:\\\/\\\/informelitoral.com.ar\\\/bordet-ratifico-la-decision-de-trabajar-en-contra-de-la-violencia-de-genero\\\/#breadcrumb\",\"itemListElement\":[{\"@type\":\"ListItem\",\"position\":1,\"name\":\"Portada\",\"item\":\"https:\\\/\\\/informelitoral.com.ar\\\/\"},{\"@type\":\"ListItem\",\"position\":2,\"name\":\"Bordet ratific\u00f3 la decisi\u00f3n de trabajar en contra de la violencia de g\u00e9nero\"}]},{\"@type\":\"WebSite\",\"@id\":\"https:\\\/\\\/informelitoral.com.ar\\\/#website\",\"url\":\"https:\\\/\\\/informelitoral.com.ar\\\/\",\"name\":\"Informe Litoral\",\"description\":\"&quot;Nos informamos&quot; \",\"publisher\":{\"@id\":\"https:\\\/\\\/informelitoral.com.ar\\\/#organization\"},\"potentialAction\":[{\"@type\":\"SearchAction\",\"target\":{\"@type\":\"EntryPoint\",\"urlTemplate\":\"https:\\\/\\\/informelitoral.com.ar\\\/?s={search_term_string}\"},\"query-input\":{\"@type\":\"PropertyValueSpecification\",\"valueRequired\":true,\"valueName\":\"search_term_string\"}}],\"inLanguage\":\"es\"},{\"@type\":\"Organization\",\"@id\":\"https:\\\/\\\/informelitoral.com.ar\\\/#organization\",\"name\":\"Informe Litoral\",\"url\":\"https:\\\/\\\/informelitoral.com.ar\\\/\",\"logo\":{\"@type\":\"ImageObject\",\"inLanguage\":\"es\",\"@id\":\"https:\\\/\\\/informelitoral.com.ar\\\/#\\\/schema\\\/logo\\\/image\\\/\",\"url\":\"https:\\\/\\\/informelitoral.com.ar\\\/%77%70%2d%63%6f%6e%74%65%6e%74\\\/uploads\\\/2021\\\/01\\\/circulo.png\",\"contentUrl\":\"https:\\\/\\\/informelitoral.com.ar\\\/%77%70%2d%63%6f%6e%74%65%6e%74\\\/uploads\\\/2021\\\/01\\\/circulo.png\",\"width\":723,\"height\":731,\"caption\":\"Informe Litoral\"},\"image\":{\"@id\":\"https:\\\/\\\/informelitoral.com.ar\\\/#\\\/schema\\\/logo\\\/image\\\/\"},\"sameAs\":[\"https:\\\/\\\/www.facebook.com\\\/informelitoral\\\/\",\"https:\\\/\\\/x.com\\\/InformeLitoral\",\"https:\\\/\\\/www.instagram.com\\\/informelitoral\\\/\",\"https:\\\/\\\/www.youtube.com\\\/channel\\\/UCua4Qvz8Icb6MYqhoq9xLXw\"]},{\"@type\":\"Person\",\"@id\":\"https:\\\/\\\/informelitoral.com.ar\\\/#\\\/schema\\\/person\\\/b9d00407c836482871ef1d57bf8e3180\",\"name\":\"Gonzalo Schmidt\",\"image\":{\"@type\":\"ImageObject\",\"inLanguage\":\"es\",\"@id\":\"https:\\\/\\\/secure.gravatar.com\\\/avatar\\\/31a1a7b66ff2de83bd0e9fd79d026630d2d99e55e8bfe501287647b4fd9743de?s=96&d=mm&r=g\",\"url\":\"https:\\\/\\\/secure.gravatar.com\\\/avatar\\\/31a1a7b66ff2de83bd0e9fd79d026630d2d99e55e8bfe501287647b4fd9743de?s=96&d=mm&r=g\",\"contentUrl\":\"https:\\\/\\\/secure.gravatar.com\\\/avatar\\\/31a1a7b66ff2de83bd0e9fd79d026630d2d99e55e8bfe501287647b4fd9743de?s=96&d=mm&r=g\",\"caption\":\"Gonzalo Schmidt\"},\"description\":\"Sitio web de noticias de la provincia de Entre R\u00edos, Argentina. Informaci\u00f3n y entretenimiento. Informe Litoral, nos informamos.\",\"sameAs\":[\"http:\\\/\\\/www.isletasnoticias.com.ar\"],\"url\":\"https:\\\/\\\/informelitoral.com.ar\\\/author\\\/gonzalo\\\/\"}]}<\/script>","yoast_head_json":{"title":"Bordet ratific\u00f3 la decisi\u00f3n de trabajar en contra de la violencia de g\u00e9nero - Informe Litoral","robots":{"index":"index","follow":"follow","max-snippet":"max-snippet:-1","max-image-preview":"max-image-preview:large","max-video-preview":"max-video-preview:-1"},"canonical":"https:\/\/informelitoral.com.ar\/bordet-ratifico-la-decision-de-trabajar-en-contra-de-la-violencia-de-genero\/","og_locale":"es_ES","og_type":"article","og_title":"Bordet ratific\u00f3 la decisi\u00f3n de trabajar en contra de la violencia de g\u00e9nero - Informe Litoral","og_description":"&ldquo;Si tocan a una mujer en Entre R&iacute;os nos tocan a todos. Ni una Menos tiene que ser una realidad en la provincia,&rdquo; afirm&oacute; el gobernador Gustavo Bordet&nbsp; en Santa Elena. El mandatario tambi&eacute;n dialog&oacute; con los familiares de Gisela L&oacute;pez.&nbsp; Bordet, acompa&ntilde;ado por el intendente Silvio Moreyra, destac&oacute; el trabajo conjunto que se realiza [&hellip;]","og_url":"https:\/\/informelitoral.com.ar\/bordet-ratifico-la-decision-de-trabajar-en-contra-de-la-violencia-de-genero\/","og_site_name":"Informe Litoral","article_publisher":"https:\/\/www.facebook.com\/informelitoral\/","article_published_time":"2016-11-10T10:30:45+00:00","og_image":[{"width":492,"height":344,"url":"https:\/\/informelitoral.com.ar\/%77%70%2d%63%6f%6e%74%65%6e%74\/uploads\/2016\/11\/b_1478705236.jpg","type":"image\/jpeg"}],"author":"Gonzalo Schmidt","twitter_card":"summary_large_image","twitter_creator":"@InformeLitoral","twitter_site":"@InformeLitoral","twitter_misc":{"Escrito por":"Gonzalo Schmidt","Tiempo de lectura":"3 minutos"},"schema":{"@context":"https:\/\/schema.org","@graph":[{"@type":"Article","@id":"https:\/\/informelitoral.com.ar\/bordet-ratifico-la-decision-de-trabajar-en-contra-de-la-violencia-de-genero\/#article","isPartOf":{"@id":"https:\/\/informelitoral.com.ar\/bordet-ratifico-la-decision-de-trabajar-en-contra-de-la-violencia-de-genero\/"},"author":{"name":"Gonzalo Schmidt","@id":"https:\/\/informelitoral.com.ar\/#\/schema\/person\/b9d00407c836482871ef1d57bf8e3180"},"headline":"Bordet ratific\u00f3 la decisi\u00f3n de trabajar en contra de la violencia de g\u00e9nero","datePublished":"2016-11-10T10:30:45+00:00","mainEntityOfPage":{"@id":"https:\/\/informelitoral.com.ar\/bordet-ratifico-la-decision-de-trabajar-en-contra-de-la-violencia-de-genero\/"},"wordCount":550,"commentCount":0,"publisher":{"@id":"https:\/\/informelitoral.com.ar\/#organization"},"image":{"@id":"https:\/\/informelitoral.com.ar\/bordet-ratifico-la-decision-de-trabajar-en-contra-de-la-violencia-de-genero\/#primaryimage"},"thumbnailUrl":"http:\/\/www.isletasnoticias.com.ar\/%77%70%2d%63%6f%6e%74%65%6e%74\/uploads\/2016\/11\/b_1478705236.jpg","articleSection":["Entre R\u00edos","Politica"],"inLanguage":"es","potentialAction":[{"@type":"CommentAction","name":"Comment","target":["https:\/\/informelitoral.com.ar\/bordet-ratifico-la-decision-de-trabajar-en-contra-de-la-violencia-de-genero\/#respond"]}]},{"@type":"WebPage","@id":"https:\/\/informelitoral.com.ar\/bordet-ratifico-la-decision-de-trabajar-en-contra-de-la-violencia-de-genero\/","url":"https:\/\/informelitoral.com.ar\/bordet-ratifico-la-decision-de-trabajar-en-contra-de-la-violencia-de-genero\/","name":"Bordet ratific\u00f3 la decisi\u00f3n de trabajar en contra de la violencia de g\u00e9nero - Informe Litoral","isPartOf":{"@id":"https:\/\/informelitoral.com.ar\/#website"},"primaryImageOfPage":{"@id":"https:\/\/informelitoral.com.ar\/bordet-ratifico-la-decision-de-trabajar-en-contra-de-la-violencia-de-genero\/#primaryimage"},"image":{"@id":"https:\/\/informelitoral.com.ar\/bordet-ratifico-la-decision-de-trabajar-en-contra-de-la-violencia-de-genero\/#primaryimage"},"thumbnailUrl":"http:\/\/www.isletasnoticias.com.ar\/%77%70%2d%63%6f%6e%74%65%6e%74\/uploads\/2016\/11\/b_1478705236.jpg","datePublished":"2016-11-10T10:30:45+00:00","breadcrumb":{"@id":"https:\/\/informelitoral.com.ar\/bordet-ratifico-la-decision-de-trabajar-en-contra-de-la-violencia-de-genero\/#breadcrumb"},"inLanguage":"es","potentialAction":[{"@type":"ReadAction","target":["https:\/\/informelitoral.com.ar\/bordet-ratifico-la-decision-de-trabajar-en-contra-de-la-violencia-de-genero\/"]}]},{"@type":"ImageObject","inLanguage":"es","@id":"https:\/\/informelitoral.com.ar\/bordet-ratifico-la-decision-de-trabajar-en-contra-de-la-violencia-de-genero\/#primaryimage","url":"http:\/\/www.isletasnoticias.com.ar\/%77%70%2d%63%6f%6e%74%65%6e%74\/uploads\/2016\/11\/b_1478705236.jpg","contentUrl":"http:\/\/www.isletasnoticias.com.ar\/%77%70%2d%63%6f%6e%74%65%6e%74\/uploads\/2016\/11\/b_1478705236.jpg"},{"@type":"BreadcrumbList","@id":"https:\/\/informelitoral.com.ar\/bordet-ratifico-la-decision-de-trabajar-en-contra-de-la-violencia-de-genero\/#breadcrumb","itemListElement":[{"@type":"ListItem","position":1,"name":"Portada","item":"https:\/\/informelitoral.com.ar\/"},{"@type":"ListItem","position":2,"name":"Bordet ratific\u00f3 la decisi\u00f3n de trabajar en contra de la violencia de g\u00e9nero"}]},{"@type":"WebSite","@id":"https:\/\/informelitoral.com.ar\/#website","url":"https:\/\/informelitoral.com.ar\/","name":"Informe Litoral","description":"&quot;Nos informamos&quot; ","publisher":{"@id":"https:\/\/informelitoral.com.ar\/#organization"},"potentialAction":[{"@type":"SearchAction","target":{"@type":"EntryPoint","urlTemplate":"https:\/\/informelitoral.com.ar\/?s={search_term_string}"},"query-input":{"@type":"PropertyValueSpecification","valueRequired":true,"valueName":"search_term_string"}}],"inLanguage":"es"},{"@type":"Organization","@id":"https:\/\/informelitoral.com.ar\/#organization","name":"Informe Litoral","url":"https:\/\/informelitoral.com.ar\/","logo":{"@type":"ImageObject","inLanguage":"es","@id":"https:\/\/informelitoral.com.ar\/#\/schema\/logo\/image\/","url":"https:\/\/informelitoral.com.ar\/%77%70%2d%63%6f%6e%74%65%6e%74\/uploads\/2021\/01\/circulo.png","contentUrl":"https:\/\/informelitoral.com.ar\/%77%70%2d%63%6f%6e%74%65%6e%74\/uploads\/2021\/01\/circulo.png","width":723,"height":731,"caption":"Informe Litoral"},"image":{"@id":"https:\/\/informelitoral.com.ar\/#\/schema\/logo\/image\/"},"sameAs":["https:\/\/www.facebook.com\/informelitoral\/","https:\/\/x.com\/InformeLitoral","https:\/\/www.instagram.com\/informelitoral\/","https:\/\/www.youtube.com\/channel\/UCua4Qvz8Icb6MYqhoq9xLXw"]},{"@type":"Person","@id":"https:\/\/informelitoral.com.ar\/#\/schema\/person\/b9d00407c836482871ef1d57bf8e3180","name":"Gonzalo Schmidt","image":{"@type":"ImageObject","inLanguage":"es","@id":"https:\/\/secure.gravatar.com\/avatar\/31a1a7b66ff2de83bd0e9fd79d026630d2d99e55e8bfe501287647b4fd9743de?s=96&d=mm&r=g","url":"https:\/\/secure.gravatar.com\/avatar\/31a1a7b66ff2de83bd0e9fd79d026630d2d99e55e8bfe501287647b4fd9743de?s=96&d=mm&r=g","contentUrl":"https:\/\/secure.gravatar.com\/avatar\/31a1a7b66ff2de83bd0e9fd79d026630d2d99e55e8bfe501287647b4fd9743de?s=96&d=mm&r=g","caption":"Gonzalo Schmidt"},"description":"Sitio web de noticias de la provincia de Entre R\u00edos, Argentina. Informaci\u00f3n y entretenimiento. Informe Litoral, nos informamos.","sameAs":["http:\/\/www.isletasnoticias.com.ar"],"url":"https:\/\/informelitoral.com.ar\/author\/gonzalo\/"}]}},"_links":{"self":[{"href":"https:\/\/informelitoral.com.ar\/%77%70%2d%6a%73%6f%6e\/wp\/v2\/posts\/19087","targetHints":{"allow":["GET"]}}],"collection":[{"href":"https:\/\/informelitoral.com.ar\/%77%70%2d%6a%73%6f%6e\/wp\/v2\/posts"}],"about":[{"href":"https:\/\/informelitoral.com.ar\/%77%70%2d%6a%73%6f%6e\/wp\/v2\/types\/post"}],"author":[{"embeddable":true,"href":"https:\/\/informelitoral.com.ar\/%77%70%2d%6a%73%6f%6e\/wp\/v2\/users\/2"}],"replies":[{"embeddable":true,"href":"https:\/\/informelitoral.com.ar\/%77%70%2d%6a%73%6f%6e\/wp\/v2\/comments?post=19087"}],"version-history":[{"count":0,"href":"https:\/\/informelitoral.com.ar\/%77%70%2d%6a%73%6f%6e\/wp\/v2\/posts\/19087\/revisions"}],"wp:attachment":[{"href":"https:\/\/informelitoral.com.ar\/%77%70%2d%6a%73%6f%6e\/wp\/v2\/media?parent=19087"}],"wp:term":[{"taxonomy":"category","embeddable":true,"href":"https:\/\/informelitoral.com.ar\/%77%70%2d%6a%73%6f%6e\/wp\/v2\/categories?post=19087"},{"taxonomy":"post_tag","embeddable":true,"href":"https:\/\/informelitoral.com.ar\/%77%70%2d%6a%73%6f%6e\/wp\/v2\/tags?post=19087"}],"curies":[{"name":"wp","href":"https:\/\/api.w.org\/{rel}","templated":true}]}}