{"id":19083,"date":"2016-11-10T07:22:42","date_gmt":"2016-11-10T10:22:42","guid":{"rendered":"http:\/\/www.isletasnoticias.com.ar\/?p=19083"},"modified":"2016-11-10T07:23:37","modified_gmt":"2016-11-10T10:23:37","slug":"preven-un-fuerte-crecimiento-de-la-demanda-mundial-de-carne-vacuna-en-2017","status":"publish","type":"post","link":"https:\/\/informelitoral.com.ar\/preven-un-fuerte-crecimiento-de-la-demanda-mundial-de-carne-vacuna-en-2017\/","title":{"rendered":"Aseguran que la demanda mundial de carne vacuna crecer\u00e1 en 2017"},"content":{"rendered":"<p><strong>Fue una de las principales conclusiones del del Congreso Mundial de la Carne que se realiz\u00f3 en Uruguay. Indicaron que habr\u00e1 mucha demanda y una alta oferta.<\/strong><\/p>\n<p><a href=\"http:\/\/www.isletasnoticias.com.ar\/%77%70%2d%63%6f%6e%74%65%6e%74\/uploads\/2016\/11\/5355eea7ad4d0de672e40e009ffe8049-2.jpg\"><img loading=\"lazy\" decoding=\"async\" class=\"aligncenter wp-image-19084 size-full\" src=\"http:\/\/www.isletasnoticias.com.ar\/%77%70%2d%63%6f%6e%74%65%6e%74\/uploads\/2016\/11\/5355eea7ad4d0de672e40e009ffe8049-2.jpg\" alt=\"AFP - ARGENTINA-URUGUAY-BEEF-CONSUMERS - FIN - (FILE) Rodolfo Gomez inspects beef split halves in the freezer at the Yaguane Meat Processing Plant Cooperative 29 July, 2005 in the province of Buenos Aires, Argentina. The Argentinians ceased to be the world highest consumers of beef, falling from 68.72 kg per capita in 2009, to 56.56 kg in the first semester of 2010. The new highest beef eaters are now the Uruguayans, with 58.2 kg per capita. AFP PHOTO DANIEL GARCIA ARGENTINA-URUGUAY-BEEF-CONSUMERS - Buenos Aires - Buenos Aires - ARGENTINA - DANIEL GARCIA - FRIGORIFICO YAGUANE, RESES, CARNE\" width=\"960\" height=\"426\" srcset=\"https:\/\/informelitoral.com.ar\/%77%70%2d%63%6f%6e%74%65%6e%74\/uploads\/2016\/11\/5355eea7ad4d0de672e40e009ffe8049-2.jpg 960w, https:\/\/informelitoral.com.ar\/%77%70%2d%63%6f%6e%74%65%6e%74\/uploads\/2016\/11\/5355eea7ad4d0de672e40e009ffe8049-2-300x133.jpg 300w, https:\/\/informelitoral.com.ar\/%77%70%2d%63%6f%6e%74%65%6e%74\/uploads\/2016\/11\/5355eea7ad4d0de672e40e009ffe8049-2-768x341.jpg 768w\" sizes=\"auto, (max-width: 960px) 100vw, 960px\" \/><\/a><\/p>\n<p>En Punta del Este, Uruguay, se realiz\u00f3 la edici\u00f3n n\u00famero 21 del Congreso Mundial de la Carne, las actividades abiertas para el p\u00fablico comenzaron el martes y finalizaron el mi\u00e9rcoles.<\/p>\n<p>En la jornada inaugural el ministro de Ganader\u00eda de Uruguay, Tabar\u00e9 Aguerre, destac\u00f3 que \u201ces necesario que Uruguay encuentre puntos de coincidencia y de inter\u00e9s que permitan proyectar al pa\u00eds como unos de los proveedores de uno de los alimentos m\u00e1s nobles para la nutrici\u00f3n humana\u201d.<\/p>\n<p>Aguerre afirm\u00f3 que el trabajo colectivo entre los pa\u00edses productores de carne es clave para poder posicionarse en los mercados.<\/p>\n<p>Los primeros temas tratados fueron sobre los comportamientos de los mercados. Las primeras conclusiones alcanzadas afirman que se espera un mercado con mucha demanda, que ser\u00e1 acompa\u00f1ada por una alta oferta.<\/p>\n","protected":false},"excerpt":{"rendered":"<p>Fue una de las principales conclusiones del del Congreso Mundial de la Carne que se realiz&oacute; en Uruguay. Indicaron que habr&aacute; mucha demanda y una alta oferta. En Punta del Este, Uruguay, se realiz&oacute; la edici&oacute;n n&uacute;mero 21 del Congreso Mundial de la Carne, las actividades abiertas para el p&uacute;blico comenzaron el martes y finalizaron [&hellip;]<\/p>\n","protected":false},"author":2,"featured_media":0,"comment_status":"open","ping_status":"open","sticky":false,"template":"","format":"standard","meta":{"fifu_image_url":"","fifu_image_alt":"","footnotes":""},"categories":[10],"tags":[],"class_list":{"0":"post-19083","1":"post","2":"type-post","3":"status-publish","4":"format-standard","6":"category-campo"},"yoast_head":"<title>Aseguran que la demanda mundial de carne vacuna crecer\u00e1 en 2017 - Informe Litoral<\/title>\n<meta name=\"robots\" content=\"index, follow, max-snippet:-1, max-image-preview:large, max-video-preview:-1\" \/>\n<link rel=\"canonical\" href=\"https:\/\/informelitoral.com.ar\/preven-un-fuerte-crecimiento-de-la-demanda-mundial-de-carne-vacuna-en-2017\/\" \/>\n<meta property=\"og:locale\" content=\"es_ES\" \/>\n<meta property=\"og:type\" content=\"article\" \/>\n<meta property=\"og:title\" content=\"Aseguran que la demanda mundial de carne vacuna crecer\u00e1 en 2017 - Informe Litoral\" \/>\n<meta property=\"og:description\" content=\"Fue una de las principales conclusiones del del Congreso Mundial de la Carne que se realiz&oacute; en Uruguay. Indicaron que habr&aacute; mucha demanda y una alta oferta. En Punta del Este, Uruguay, se realiz&oacute; la edici&oacute;n n&uacute;mero 21 del Congreso Mundial de la Carne, las actividades abiertas para el p&uacute;blico comenzaron el martes y finalizaron [&hellip;]\" \/>\n<meta property=\"og:url\" content=\"https:\/\/informelitoral.com.ar\/preven-un-fuerte-crecimiento-de-la-demanda-mundial-de-carne-vacuna-en-2017\/\" \/>\n<meta property=\"og:site_name\" content=\"Informe Litoral\" \/>\n<meta property=\"article:publisher\" content=\"https:\/\/www.facebook.com\/informelitoral\/\" \/>\n<meta property=\"article:published_time\" content=\"2016-11-10T10:22:42+00:00\" \/>\n<meta property=\"article:modified_time\" content=\"2016-11-10T10:23:37+00:00\" \/>\n<meta property=\"og:image\" content=\"https:\/\/informelitoral.com.ar\/%77%70%2d%63%6f%6e%74%65%6e%74\/uploads\/2016\/11\/5355eea7ad4d0de672e40e009ffe8049-2.jpg\" \/>\n\t<meta property=\"og:image:width\" content=\"960\" \/>\n\t<meta property=\"og:image:height\" content=\"426\" \/>\n\t<meta property=\"og:image:type\" content=\"image\/jpeg\" \/>\n<meta name=\"author\" content=\"Gonzalo Schmidt\" \/>\n<meta name=\"twitter:card\" content=\"summary_large_image\" \/>\n<meta name=\"twitter:creator\" content=\"@InformeLitoral\" \/>\n<meta name=\"twitter:site\" content=\"@InformeLitoral\" \/>\n<meta name=\"twitter:label1\" content=\"Escrito por\" \/>\n\t<meta name=\"twitter:data1\" content=\"Gonzalo Schmidt\" \/>\n\t<meta name=\"twitter:label2\" content=\"Tiempo de lectura\" \/>\n\t<meta name=\"twitter:data2\" content=\"1 minuto\" \/>\n<script type=\"application\/ld+json\" class=\"yoast-schema-graph\">{\"@context\":\"https:\\\/\\\/schema.org\",\"@graph\":[{\"@type\":\"Article\",\"@id\":\"https:\\\/\\\/informelitoral.com.ar\\\/preven-un-fuerte-crecimiento-de-la-demanda-mundial-de-carne-vacuna-en-2017\\\/#article\",\"isPartOf\":{\"@id\":\"https:\\\/\\\/informelitoral.com.ar\\\/preven-un-fuerte-crecimiento-de-la-demanda-mundial-de-carne-vacuna-en-2017\\\/\"},\"author\":{\"name\":\"Gonzalo Schmidt\",\"@id\":\"https:\\\/\\\/informelitoral.com.ar\\\/#\\\/schema\\\/person\\\/b9d00407c836482871ef1d57bf8e3180\"},\"headline\":\"Aseguran que la demanda mundial de carne vacuna crecer\u00e1 en 2017\",\"datePublished\":\"2016-11-10T10:22:42+00:00\",\"dateModified\":\"2016-11-10T10:23:37+00:00\",\"mainEntityOfPage\":{\"@id\":\"https:\\\/\\\/informelitoral.com.ar\\\/preven-un-fuerte-crecimiento-de-la-demanda-mundial-de-carne-vacuna-en-2017\\\/\"},\"wordCount\":174,\"commentCount\":0,\"publisher\":{\"@id\":\"https:\\\/\\\/informelitoral.com.ar\\\/#organization\"},\"image\":{\"@id\":\"https:\\\/\\\/informelitoral.com.ar\\\/preven-un-fuerte-crecimiento-de-la-demanda-mundial-de-carne-vacuna-en-2017\\\/#primaryimage\"},\"thumbnailUrl\":\"http:\\\/\\\/www.isletasnoticias.com.ar\\\/%77%70%2d%63%6f%6e%74%65%6e%74\\\/uploads\\\/2016\\\/11\\\/5355eea7ad4d0de672e40e009ffe8049-2.jpg\",\"articleSection\":[\"Campo\"],\"inLanguage\":\"es\",\"potentialAction\":[{\"@type\":\"CommentAction\",\"name\":\"Comment\",\"target\":[\"https:\\\/\\\/informelitoral.com.ar\\\/preven-un-fuerte-crecimiento-de-la-demanda-mundial-de-carne-vacuna-en-2017\\\/#respond\"]}]},{\"@type\":\"WebPage\",\"@id\":\"https:\\\/\\\/informelitoral.com.ar\\\/preven-un-fuerte-crecimiento-de-la-demanda-mundial-de-carne-vacuna-en-2017\\\/\",\"url\":\"https:\\\/\\\/informelitoral.com.ar\\\/preven-un-fuerte-crecimiento-de-la-demanda-mundial-de-carne-vacuna-en-2017\\\/\",\"name\":\"Aseguran que la demanda mundial de carne vacuna crecer\u00e1 en 2017 - Informe Litoral\",\"isPartOf\":{\"@id\":\"https:\\\/\\\/informelitoral.com.ar\\\/#website\"},\"primaryImageOfPage\":{\"@id\":\"https:\\\/\\\/informelitoral.com.ar\\\/preven-un-fuerte-crecimiento-de-la-demanda-mundial-de-carne-vacuna-en-2017\\\/#primaryimage\"},\"image\":{\"@id\":\"https:\\\/\\\/informelitoral.com.ar\\\/preven-un-fuerte-crecimiento-de-la-demanda-mundial-de-carne-vacuna-en-2017\\\/#primaryimage\"},\"thumbnailUrl\":\"http:\\\/\\\/www.isletasnoticias.com.ar\\\/%77%70%2d%63%6f%6e%74%65%6e%74\\\/uploads\\\/2016\\\/11\\\/5355eea7ad4d0de672e40e009ffe8049-2.jpg\",\"datePublished\":\"2016-11-10T10:22:42+00:00\",\"dateModified\":\"2016-11-10T10:23:37+00:00\",\"breadcrumb\":{\"@id\":\"https:\\\/\\\/informelitoral.com.ar\\\/preven-un-fuerte-crecimiento-de-la-demanda-mundial-de-carne-vacuna-en-2017\\\/#breadcrumb\"},\"inLanguage\":\"es\",\"potentialAction\":[{\"@type\":\"ReadAction\",\"target\":[\"https:\\\/\\\/informelitoral.com.ar\\\/preven-un-fuerte-crecimiento-de-la-demanda-mundial-de-carne-vacuna-en-2017\\\/\"]}]},{\"@type\":\"ImageObject\",\"inLanguage\":\"es\",\"@id\":\"https:\\\/\\\/informelitoral.com.ar\\\/preven-un-fuerte-crecimiento-de-la-demanda-mundial-de-carne-vacuna-en-2017\\\/#primaryimage\",\"url\":\"http:\\\/\\\/www.isletasnoticias.com.ar\\\/%77%70%2d%63%6f%6e%74%65%6e%74\\\/uploads\\\/2016\\\/11\\\/5355eea7ad4d0de672e40e009ffe8049-2.jpg\",\"contentUrl\":\"http:\\\/\\\/www.isletasnoticias.com.ar\\\/%77%70%2d%63%6f%6e%74%65%6e%74\\\/uploads\\\/2016\\\/11\\\/5355eea7ad4d0de672e40e009ffe8049-2.jpg\"},{\"@type\":\"BreadcrumbList\",\"@id\":\"https:\\\/\\\/informelitoral.com.ar\\\/preven-un-fuerte-crecimiento-de-la-demanda-mundial-de-carne-vacuna-en-2017\\\/#breadcrumb\",\"itemListElement\":[{\"@type\":\"ListItem\",\"position\":1,\"name\":\"Portada\",\"item\":\"https:\\\/\\\/informelitoral.com.ar\\\/\"},{\"@type\":\"ListItem\",\"position\":2,\"name\":\"Aseguran que la demanda mundial de carne vacuna crecer\u00e1 en 2017\"}]},{\"@type\":\"WebSite\",\"@id\":\"https:\\\/\\\/informelitoral.com.ar\\\/#website\",\"url\":\"https:\\\/\\\/informelitoral.com.ar\\\/\",\"name\":\"Informe Litoral\",\"description\":\"&quot;Nos informamos&quot; \",\"publisher\":{\"@id\":\"https:\\\/\\\/informelitoral.com.ar\\\/#organization\"},\"potentialAction\":[{\"@type\":\"SearchAction\",\"target\":{\"@type\":\"EntryPoint\",\"urlTemplate\":\"https:\\\/\\\/informelitoral.com.ar\\\/?s={search_term_string}\"},\"query-input\":{\"@type\":\"PropertyValueSpecification\",\"valueRequired\":true,\"valueName\":\"search_term_string\"}}],\"inLanguage\":\"es\"},{\"@type\":\"Organization\",\"@id\":\"https:\\\/\\\/informelitoral.com.ar\\\/#organization\",\"name\":\"Informe Litoral\",\"url\":\"https:\\\/\\\/informelitoral.com.ar\\\/\",\"logo\":{\"@type\":\"ImageObject\",\"inLanguage\":\"es\",\"@id\":\"https:\\\/\\\/informelitoral.com.ar\\\/#\\\/schema\\\/logo\\\/image\\\/\",\"url\":\"https:\\\/\\\/informelitoral.com.ar\\\/%77%70%2d%63%6f%6e%74%65%6e%74\\\/uploads\\\/2021\\\/01\\\/circulo.png\",\"contentUrl\":\"https:\\\/\\\/informelitoral.com.ar\\\/%77%70%2d%63%6f%6e%74%65%6e%74\\\/uploads\\\/2021\\\/01\\\/circulo.png\",\"width\":723,\"height\":731,\"caption\":\"Informe Litoral\"},\"image\":{\"@id\":\"https:\\\/\\\/informelitoral.com.ar\\\/#\\\/schema\\\/logo\\\/image\\\/\"},\"sameAs\":[\"https:\\\/\\\/www.facebook.com\\\/informelitoral\\\/\",\"https:\\\/\\\/x.com\\\/InformeLitoral\",\"https:\\\/\\\/www.instagram.com\\\/informelitoral\\\/\",\"https:\\\/\\\/www.youtube.com\\\/channel\\\/UCua4Qvz8Icb6MYqhoq9xLXw\"]},{\"@type\":\"Person\",\"@id\":\"https:\\\/\\\/informelitoral.com.ar\\\/#\\\/schema\\\/person\\\/b9d00407c836482871ef1d57bf8e3180\",\"name\":\"Gonzalo Schmidt\",\"image\":{\"@type\":\"ImageObject\",\"inLanguage\":\"es\",\"@id\":\"https:\\\/\\\/secure.gravatar.com\\\/avatar\\\/31a1a7b66ff2de83bd0e9fd79d026630d2d99e55e8bfe501287647b4fd9743de?s=96&d=mm&r=g\",\"url\":\"https:\\\/\\\/secure.gravatar.com\\\/avatar\\\/31a1a7b66ff2de83bd0e9fd79d026630d2d99e55e8bfe501287647b4fd9743de?s=96&d=mm&r=g\",\"contentUrl\":\"https:\\\/\\\/secure.gravatar.com\\\/avatar\\\/31a1a7b66ff2de83bd0e9fd79d026630d2d99e55e8bfe501287647b4fd9743de?s=96&d=mm&r=g\",\"caption\":\"Gonzalo Schmidt\"},\"description\":\"Sitio web de noticias de la provincia de Entre R\u00edos, Argentina. Informaci\u00f3n y entretenimiento. Informe Litoral, nos informamos.\",\"sameAs\":[\"http:\\\/\\\/www.isletasnoticias.com.ar\"],\"url\":\"https:\\\/\\\/informelitoral.com.ar\\\/author\\\/gonzalo\\\/\"}]}<\/script>","yoast_head_json":{"title":"Aseguran que la demanda mundial de carne vacuna crecer\u00e1 en 2017 - Informe Litoral","robots":{"index":"index","follow":"follow","max-snippet":"max-snippet:-1","max-image-preview":"max-image-preview:large","max-video-preview":"max-video-preview:-1"},"canonical":"https:\/\/informelitoral.com.ar\/preven-un-fuerte-crecimiento-de-la-demanda-mundial-de-carne-vacuna-en-2017\/","og_locale":"es_ES","og_type":"article","og_title":"Aseguran que la demanda mundial de carne vacuna crecer\u00e1 en 2017 - Informe Litoral","og_description":"Fue una de las principales conclusiones del del Congreso Mundial de la Carne que se realiz&oacute; en Uruguay. Indicaron que habr&aacute; mucha demanda y una alta oferta. En Punta del Este, Uruguay, se realiz&oacute; la edici&oacute;n n&uacute;mero 21 del Congreso Mundial de la Carne, las actividades abiertas para el p&uacute;blico comenzaron el martes y finalizaron [&hellip;]","og_url":"https:\/\/informelitoral.com.ar\/preven-un-fuerte-crecimiento-de-la-demanda-mundial-de-carne-vacuna-en-2017\/","og_site_name":"Informe Litoral","article_publisher":"https:\/\/www.facebook.com\/informelitoral\/","article_published_time":"2016-11-10T10:22:42+00:00","article_modified_time":"2016-11-10T10:23:37+00:00","og_image":[{"width":960,"height":426,"url":"https:\/\/informelitoral.com.ar\/%77%70%2d%63%6f%6e%74%65%6e%74\/uploads\/2016\/11\/5355eea7ad4d0de672e40e009ffe8049-2.jpg","type":"image\/jpeg"}],"author":"Gonzalo Schmidt","twitter_card":"summary_large_image","twitter_creator":"@InformeLitoral","twitter_site":"@InformeLitoral","twitter_misc":{"Escrito por":"Gonzalo Schmidt","Tiempo de lectura":"1 minuto"},"schema":{"@context":"https:\/\/schema.org","@graph":[{"@type":"Article","@id":"https:\/\/informelitoral.com.ar\/preven-un-fuerte-crecimiento-de-la-demanda-mundial-de-carne-vacuna-en-2017\/#article","isPartOf":{"@id":"https:\/\/informelitoral.com.ar\/preven-un-fuerte-crecimiento-de-la-demanda-mundial-de-carne-vacuna-en-2017\/"},"author":{"name":"Gonzalo Schmidt","@id":"https:\/\/informelitoral.com.ar\/#\/schema\/person\/b9d00407c836482871ef1d57bf8e3180"},"headline":"Aseguran que la demanda mundial de carne vacuna crecer\u00e1 en 2017","datePublished":"2016-11-10T10:22:42+00:00","dateModified":"2016-11-10T10:23:37+00:00","mainEntityOfPage":{"@id":"https:\/\/informelitoral.com.ar\/preven-un-fuerte-crecimiento-de-la-demanda-mundial-de-carne-vacuna-en-2017\/"},"wordCount":174,"commentCount":0,"publisher":{"@id":"https:\/\/informelitoral.com.ar\/#organization"},"image":{"@id":"https:\/\/informelitoral.com.ar\/preven-un-fuerte-crecimiento-de-la-demanda-mundial-de-carne-vacuna-en-2017\/#primaryimage"},"thumbnailUrl":"http:\/\/www.isletasnoticias.com.ar\/%77%70%2d%63%6f%6e%74%65%6e%74\/uploads\/2016\/11\/5355eea7ad4d0de672e40e009ffe8049-2.jpg","articleSection":["Campo"],"inLanguage":"es","potentialAction":[{"@type":"CommentAction","name":"Comment","target":["https:\/\/informelitoral.com.ar\/preven-un-fuerte-crecimiento-de-la-demanda-mundial-de-carne-vacuna-en-2017\/#respond"]}]},{"@type":"WebPage","@id":"https:\/\/informelitoral.com.ar\/preven-un-fuerte-crecimiento-de-la-demanda-mundial-de-carne-vacuna-en-2017\/","url":"https:\/\/informelitoral.com.ar\/preven-un-fuerte-crecimiento-de-la-demanda-mundial-de-carne-vacuna-en-2017\/","name":"Aseguran que la demanda mundial de carne vacuna crecer\u00e1 en 2017 - Informe Litoral","isPartOf":{"@id":"https:\/\/informelitoral.com.ar\/#website"},"primaryImageOfPage":{"@id":"https:\/\/informelitoral.com.ar\/preven-un-fuerte-crecimiento-de-la-demanda-mundial-de-carne-vacuna-en-2017\/#primaryimage"},"image":{"@id":"https:\/\/informelitoral.com.ar\/preven-un-fuerte-crecimiento-de-la-demanda-mundial-de-carne-vacuna-en-2017\/#primaryimage"},"thumbnailUrl":"http:\/\/www.isletasnoticias.com.ar\/%77%70%2d%63%6f%6e%74%65%6e%74\/uploads\/2016\/11\/5355eea7ad4d0de672e40e009ffe8049-2.jpg","datePublished":"2016-11-10T10:22:42+00:00","dateModified":"2016-11-10T10:23:37+00:00","breadcrumb":{"@id":"https:\/\/informelitoral.com.ar\/preven-un-fuerte-crecimiento-de-la-demanda-mundial-de-carne-vacuna-en-2017\/#breadcrumb"},"inLanguage":"es","potentialAction":[{"@type":"ReadAction","target":["https:\/\/informelitoral.com.ar\/preven-un-fuerte-crecimiento-de-la-demanda-mundial-de-carne-vacuna-en-2017\/"]}]},{"@type":"ImageObject","inLanguage":"es","@id":"https:\/\/informelitoral.com.ar\/preven-un-fuerte-crecimiento-de-la-demanda-mundial-de-carne-vacuna-en-2017\/#primaryimage","url":"http:\/\/www.isletasnoticias.com.ar\/%77%70%2d%63%6f%6e%74%65%6e%74\/uploads\/2016\/11\/5355eea7ad4d0de672e40e009ffe8049-2.jpg","contentUrl":"http:\/\/www.isletasnoticias.com.ar\/%77%70%2d%63%6f%6e%74%65%6e%74\/uploads\/2016\/11\/5355eea7ad4d0de672e40e009ffe8049-2.jpg"},{"@type":"BreadcrumbList","@id":"https:\/\/informelitoral.com.ar\/preven-un-fuerte-crecimiento-de-la-demanda-mundial-de-carne-vacuna-en-2017\/#breadcrumb","itemListElement":[{"@type":"ListItem","position":1,"name":"Portada","item":"https:\/\/informelitoral.com.ar\/"},{"@type":"ListItem","position":2,"name":"Aseguran que la demanda mundial de carne vacuna crecer\u00e1 en 2017"}]},{"@type":"WebSite","@id":"https:\/\/informelitoral.com.ar\/#website","url":"https:\/\/informelitoral.com.ar\/","name":"Informe Litoral","description":"&quot;Nos informamos&quot; ","publisher":{"@id":"https:\/\/informelitoral.com.ar\/#organization"},"potentialAction":[{"@type":"SearchAction","target":{"@type":"EntryPoint","urlTemplate":"https:\/\/informelitoral.com.ar\/?s={search_term_string}"},"query-input":{"@type":"PropertyValueSpecification","valueRequired":true,"valueName":"search_term_string"}}],"inLanguage":"es"},{"@type":"Organization","@id":"https:\/\/informelitoral.com.ar\/#organization","name":"Informe Litoral","url":"https:\/\/informelitoral.com.ar\/","logo":{"@type":"ImageObject","inLanguage":"es","@id":"https:\/\/informelitoral.com.ar\/#\/schema\/logo\/image\/","url":"https:\/\/informelitoral.com.ar\/%77%70%2d%63%6f%6e%74%65%6e%74\/uploads\/2021\/01\/circulo.png","contentUrl":"https:\/\/informelitoral.com.ar\/%77%70%2d%63%6f%6e%74%65%6e%74\/uploads\/2021\/01\/circulo.png","width":723,"height":731,"caption":"Informe Litoral"},"image":{"@id":"https:\/\/informelitoral.com.ar\/#\/schema\/logo\/image\/"},"sameAs":["https:\/\/www.facebook.com\/informelitoral\/","https:\/\/x.com\/InformeLitoral","https:\/\/www.instagram.com\/informelitoral\/","https:\/\/www.youtube.com\/channel\/UCua4Qvz8Icb6MYqhoq9xLXw"]},{"@type":"Person","@id":"https:\/\/informelitoral.com.ar\/#\/schema\/person\/b9d00407c836482871ef1d57bf8e3180","name":"Gonzalo Schmidt","image":{"@type":"ImageObject","inLanguage":"es","@id":"https:\/\/secure.gravatar.com\/avatar\/31a1a7b66ff2de83bd0e9fd79d026630d2d99e55e8bfe501287647b4fd9743de?s=96&d=mm&r=g","url":"https:\/\/secure.gravatar.com\/avatar\/31a1a7b66ff2de83bd0e9fd79d026630d2d99e55e8bfe501287647b4fd9743de?s=96&d=mm&r=g","contentUrl":"https:\/\/secure.gravatar.com\/avatar\/31a1a7b66ff2de83bd0e9fd79d026630d2d99e55e8bfe501287647b4fd9743de?s=96&d=mm&r=g","caption":"Gonzalo Schmidt"},"description":"Sitio web de noticias de la provincia de Entre R\u00edos, Argentina. Informaci\u00f3n y entretenimiento. Informe Litoral, nos informamos.","sameAs":["http:\/\/www.isletasnoticias.com.ar"],"url":"https:\/\/informelitoral.com.ar\/author\/gonzalo\/"}]}},"_links":{"self":[{"href":"https:\/\/informelitoral.com.ar\/%77%70%2d%6a%73%6f%6e\/wp\/v2\/posts\/19083","targetHints":{"allow":["GET"]}}],"collection":[{"href":"https:\/\/informelitoral.com.ar\/%77%70%2d%6a%73%6f%6e\/wp\/v2\/posts"}],"about":[{"href":"https:\/\/informelitoral.com.ar\/%77%70%2d%6a%73%6f%6e\/wp\/v2\/types\/post"}],"author":[{"embeddable":true,"href":"https:\/\/informelitoral.com.ar\/%77%70%2d%6a%73%6f%6e\/wp\/v2\/users\/2"}],"replies":[{"embeddable":true,"href":"https:\/\/informelitoral.com.ar\/%77%70%2d%6a%73%6f%6e\/wp\/v2\/comments?post=19083"}],"version-history":[{"count":0,"href":"https:\/\/informelitoral.com.ar\/%77%70%2d%6a%73%6f%6e\/wp\/v2\/posts\/19083\/revisions"}],"wp:attachment":[{"href":"https:\/\/informelitoral.com.ar\/%77%70%2d%6a%73%6f%6e\/wp\/v2\/media?parent=19083"}],"wp:term":[{"taxonomy":"category","embeddable":true,"href":"https:\/\/informelitoral.com.ar\/%77%70%2d%6a%73%6f%6e\/wp\/v2\/categories?post=19083"},{"taxonomy":"post_tag","embeddable":true,"href":"https:\/\/informelitoral.com.ar\/%77%70%2d%6a%73%6f%6e\/wp\/v2\/tags?post=19083"}],"curies":[{"name":"wp","href":"https:\/\/api.w.org\/{rel}","templated":true}]}}