{"id":1908,"date":"2013-05-24T00:57:52","date_gmt":"2013-05-24T03:57:52","guid":{"rendered":"http:\/\/www.isletasnoticias.com.ar\/?p=1908"},"modified":"2013-05-24T00:57:52","modified_gmt":"2013-05-24T03:57:52","slug":"legislativas-de-octubre-de-angeli-confirmo-posible-frente-junto-a-busti-y-benedetti","status":"publish","type":"post","link":"https:\/\/informelitoral.com.ar\/legislativas-de-octubre-de-angeli-confirmo-posible-frente-junto-a-busti-y-benedetti\/","title":{"rendered":"Legislativas de octubre: De \u00c1ngeli confirm\u00f3 posible frente junto a Busti y Benedetti"},"content":{"rendered":"<div><strong>\u00a0 El dirigente rural afirm\u00f3 que est\u00e1n \u201cen conversaciones muy firmes\u201d con el dirigente radical y el ex gobernador de Entre R\u00edos. En tanto aclar\u00f3 que no relegar\u00e1 su candidatura. \u201cVamos a llegar a un buen acuerdo\u201d, remat\u00f3.<\/strong><\/div>\n<p><img loading=\"lazy\" decoding=\"async\" class=\"size-medium wp-image-1186 alignright\" alt=\"alfredo de angelis\" src=\"http:\/\/www.isletasnoticias.com.ar\/%77%70%2d%63%6f%6e%74%65%6e%74\/uploads\/2013\/04\/alfredo-de-angelis-300x199.jpg\" width=\"300\" height=\"199\" srcset=\"https:\/\/informelitoral.com.ar\/%77%70%2d%63%6f%6e%74%65%6e%74\/uploads\/2013\/04\/alfredo-de-angelis-300x199.jpg 300w, https:\/\/informelitoral.com.ar\/%77%70%2d%63%6f%6e%74%65%6e%74\/uploads\/2013\/04\/alfredo-de-angelis.jpg 960w\" sizes=\"auto, (max-width: 300px) 100vw, 300px\" \/><\/p>\n<div><\/div>\n<div>\u00a0En el marco del panel debate de la Fundaci\u00f3n Pensar, del PRO, en Paran\u00e1, el dirigente ruralista y candidato a senador nacional en el frente denominado \u00abPancho Ram\u00edrez\u00bb, habl\u00f3 de los acuerdos electorales que por estas horas se debaten puertas adentro de los partidos de la oposici\u00f3n entrerriana.<\/div>\n<div>\nDe \u00c1ngeli, en di\u00e1logo con\u00a0<em>Informe Digital<\/em>,\u00a0se\u00f1al\u00f3 que \u201cestamos con conversaciones muy firmes con un sector del radicalismo y un sector del peronismo\u201d. Y luego especific\u00f3 que las charlas para los acuerdos electorales incluyen al sector del dirigente y diputado nacional<strong> Atilio Benedetti (UCR)<\/strong> y <strong>Jorge Busti del Frente Entrerriano Federal.\u00a0<\/strong><\/div>\n<div><\/div>\n<p>M\u00e1s adelante el ruralista justific\u00f3 la posibilidad de conformar una alianza \u201camplia\u201d porque \u201cel pueblo te pide la uni\u00f3n. Por ah\u00ed los dirigentes, est\u00e1 bien que tiremos para un lugar pero la gente quiere que estemos juntos\u201d.<\/p>\n<p>Consultado sobre si estar\u00eda dispuesto a relegar su candidatura para lograr el frente con la UCR y el bustismo, expres\u00f3: \u201cno, porque ser\u00eda como defraudar a mis compa\u00f1eros que me impulsaron a m\u00ed en la candidatura de senador nacional\u201d, y a\u00f1adi\u00f3 \u201ccreo en la grandeza de la gente, y vamos a llegar a un buen acuerdo\u201d.<\/p>\n<p>Por otro lado, aclar\u00f3 que con el l\u00edder del FEF tiene una \u201cexcelente\u201d relaci\u00f3n. \u201cNo tengo cero relaci\u00f3n con Busti. No hemos hablado en el \u00faltimo tiempo, respeto al tres veces gobernador de la provincia. Est\u00e1n los compa\u00f1eros nuestro hablando\u201d. En esa l\u00ednea afirm\u00f3 que \u201ccon Busti y Benedetti tengo una excelente relaci\u00f3n\u201d.<\/p>\n<p>Cabe se\u00f1alar que fuera de c\u00e1mara los comentarios del entorno de De \u00c1ngeli hablaban de que se estar\u00eda por llegar a un acuerdo entre el radicalismo y el bustismo. Adem\u00e1s se\u00f1alaron la posibilidad de que algunos dirigentes bajen sus candidaturas para poder confluir.<\/p>\n<div>Luego De \u00c1ngeli manifest\u00f3 que hay un pedido de la sociedad para ver unida a la oposici\u00f3n. \u201cLa gente quiere que no nos pelemos los dirigentes, que hagamos un gran frente y la idea es trabajar para los entrerrianos sin ir en contra de nadie sino a favor de los que mas precisan\u201d.<\/p>\n<p>Por \u00faltimo el candidato a senador nacional se refiri\u00f3 a las posibilidad del acuerdo entre el radicalismo y el bustismo, y remarc\u00f3 que la unidad de la oposici\u00f3n \u201cno perjudicar\u00e1\u201d los resultados en las elecciones. \u201cNo s\u00e9 a quien puede perjudicar, este es un a\u00f1o muy importante porque ac\u00e1 se puede cambiar la conformaci\u00f3n del Congreso. Yo creo que vamos a lograr ese gran frente y la gente va a estar muy contenta\u201d, concluy\u00f3.<\/p><\/div>\n<div><\/div>\n<div>Fuente: Informe Digital.<\/div>\n","protected":false},"excerpt":{"rendered":"<p>&nbsp; El dirigente rural afirm&oacute; que est&aacute;n &ldquo;en conversaciones muy firmes&rdquo; con el dirigente radical y el ex gobernador de Entre R&iacute;os. En tanto aclar&oacute; que no relegar&aacute; su candidatura. &ldquo;Vamos a llegar a un buen acuerdo&rdquo;, remat&oacute;. &nbsp;En el marco del panel debate de la Fundaci&oacute;n Pensar, del PRO, en Paran&aacute;, el dirigente ruralista [&hellip;]<\/p>\n","protected":false},"author":2,"featured_media":0,"comment_status":"open","ping_status":"open","sticky":false,"template":"","format":"standard","meta":{"fifu_image_url":"","fifu_image_alt":"","footnotes":""},"categories":[6,16],"tags":[],"class_list":{"0":"post-1908","1":"post","2":"type-post","3":"status-publish","4":"format-standard","6":"category-entre-rios","7":"category-politi"},"yoast_head":"<title>Legislativas de octubre: De \u00c1ngeli confirm\u00f3 posible frente junto a Busti y Benedetti - Informe Litoral<\/title>\n<meta name=\"robots\" content=\"index, follow, max-snippet:-1, max-image-preview:large, max-video-preview:-1\" \/>\n<link rel=\"canonical\" href=\"https:\/\/informelitoral.com.ar\/legislativas-de-octubre-de-angeli-confirmo-posible-frente-junto-a-busti-y-benedetti\/\" \/>\n<meta property=\"og:locale\" content=\"es_ES\" \/>\n<meta property=\"og:type\" content=\"article\" \/>\n<meta property=\"og:title\" content=\"Legislativas de octubre: De \u00c1ngeli confirm\u00f3 posible frente junto a Busti y Benedetti - Informe Litoral\" \/>\n<meta property=\"og:description\" content=\"&nbsp; El dirigente rural afirm&oacute; que est&aacute;n &ldquo;en conversaciones muy firmes&rdquo; con el dirigente radical y el ex gobernador de Entre R&iacute;os. En tanto aclar&oacute; que no relegar&aacute; su candidatura. &ldquo;Vamos a llegar a un buen acuerdo&rdquo;, remat&oacute;. &nbsp;En el marco del panel debate de la Fundaci&oacute;n Pensar, del PRO, en Paran&aacute;, el dirigente ruralista [&hellip;]\" \/>\n<meta property=\"og:url\" content=\"https:\/\/informelitoral.com.ar\/legislativas-de-octubre-de-angeli-confirmo-posible-frente-junto-a-busti-y-benedetti\/\" \/>\n<meta property=\"og:site_name\" content=\"Informe Litoral\" \/>\n<meta property=\"article:publisher\" content=\"https:\/\/www.facebook.com\/informelitoral\/\" \/>\n<meta property=\"article:published_time\" content=\"2013-05-24T03:57:52+00:00\" \/>\n<meta property=\"og:image\" content=\"https:\/\/informelitoral.com.ar\/%77%70%2d%63%6f%6e%74%65%6e%74\/uploads\/2013\/04\/alfredo-de-angelis.jpg\" \/>\n\t<meta property=\"og:image:width\" content=\"960\" \/>\n\t<meta property=\"og:image:height\" content=\"639\" \/>\n\t<meta property=\"og:image:type\" content=\"image\/jpeg\" \/>\n<meta name=\"author\" content=\"Gonzalo Schmidt\" \/>\n<meta name=\"twitter:card\" content=\"summary_large_image\" \/>\n<meta name=\"twitter:creator\" content=\"@InformeLitoral\" \/>\n<meta name=\"twitter:site\" content=\"@InformeLitoral\" \/>\n<meta name=\"twitter:label1\" content=\"Escrito por\" \/>\n\t<meta name=\"twitter:data1\" content=\"Gonzalo Schmidt\" \/>\n\t<meta name=\"twitter:label2\" content=\"Tiempo de lectura\" \/>\n\t<meta name=\"twitter:data2\" content=\"2 minutos\" \/>\n<script type=\"application\/ld+json\" class=\"yoast-schema-graph\">{\"@context\":\"https:\\\/\\\/schema.org\",\"@graph\":[{\"@type\":\"Article\",\"@id\":\"https:\\\/\\\/informelitoral.com.ar\\\/legislativas-de-octubre-de-angeli-confirmo-posible-frente-junto-a-busti-y-benedetti\\\/#article\",\"isPartOf\":{\"@id\":\"https:\\\/\\\/informelitoral.com.ar\\\/legislativas-de-octubre-de-angeli-confirmo-posible-frente-junto-a-busti-y-benedetti\\\/\"},\"author\":{\"name\":\"Gonzalo Schmidt\",\"@id\":\"https:\\\/\\\/informelitoral.com.ar\\\/#\\\/schema\\\/person\\\/b9d00407c836482871ef1d57bf8e3180\"},\"headline\":\"Legislativas de octubre: De \u00c1ngeli confirm\u00f3 posible frente junto a Busti y Benedetti\",\"datePublished\":\"2013-05-24T03:57:52+00:00\",\"mainEntityOfPage\":{\"@id\":\"https:\\\/\\\/informelitoral.com.ar\\\/legislativas-de-octubre-de-angeli-confirmo-posible-frente-junto-a-busti-y-benedetti\\\/\"},\"wordCount\":498,\"commentCount\":0,\"publisher\":{\"@id\":\"https:\\\/\\\/informelitoral.com.ar\\\/#organization\"},\"image\":{\"@id\":\"https:\\\/\\\/informelitoral.com.ar\\\/legislativas-de-octubre-de-angeli-confirmo-posible-frente-junto-a-busti-y-benedetti\\\/#primaryimage\"},\"thumbnailUrl\":\"http:\\\/\\\/www.isletasnoticias.com.ar\\\/%77%70%2d%63%6f%6e%74%65%6e%74\\\/uploads\\\/2013\\\/04\\\/alfredo-de-angelis-300x199.jpg\",\"articleSection\":[\"Entre R\u00edos\",\"Politica\"],\"inLanguage\":\"es\",\"potentialAction\":[{\"@type\":\"CommentAction\",\"name\":\"Comment\",\"target\":[\"https:\\\/\\\/informelitoral.com.ar\\\/legislativas-de-octubre-de-angeli-confirmo-posible-frente-junto-a-busti-y-benedetti\\\/#respond\"]}]},{\"@type\":\"WebPage\",\"@id\":\"https:\\\/\\\/informelitoral.com.ar\\\/legislativas-de-octubre-de-angeli-confirmo-posible-frente-junto-a-busti-y-benedetti\\\/\",\"url\":\"https:\\\/\\\/informelitoral.com.ar\\\/legislativas-de-octubre-de-angeli-confirmo-posible-frente-junto-a-busti-y-benedetti\\\/\",\"name\":\"Legislativas de octubre: De \u00c1ngeli confirm\u00f3 posible frente junto a Busti y Benedetti - Informe Litoral\",\"isPartOf\":{\"@id\":\"https:\\\/\\\/informelitoral.com.ar\\\/#website\"},\"primaryImageOfPage\":{\"@id\":\"https:\\\/\\\/informelitoral.com.ar\\\/legislativas-de-octubre-de-angeli-confirmo-posible-frente-junto-a-busti-y-benedetti\\\/#primaryimage\"},\"image\":{\"@id\":\"https:\\\/\\\/informelitoral.com.ar\\\/legislativas-de-octubre-de-angeli-confirmo-posible-frente-junto-a-busti-y-benedetti\\\/#primaryimage\"},\"thumbnailUrl\":\"http:\\\/\\\/www.isletasnoticias.com.ar\\\/%77%70%2d%63%6f%6e%74%65%6e%74\\\/uploads\\\/2013\\\/04\\\/alfredo-de-angelis-300x199.jpg\",\"datePublished\":\"2013-05-24T03:57:52+00:00\",\"breadcrumb\":{\"@id\":\"https:\\\/\\\/informelitoral.com.ar\\\/legislativas-de-octubre-de-angeli-confirmo-posible-frente-junto-a-busti-y-benedetti\\\/#breadcrumb\"},\"inLanguage\":\"es\",\"potentialAction\":[{\"@type\":\"ReadAction\",\"target\":[\"https:\\\/\\\/informelitoral.com.ar\\\/legislativas-de-octubre-de-angeli-confirmo-posible-frente-junto-a-busti-y-benedetti\\\/\"]}]},{\"@type\":\"ImageObject\",\"inLanguage\":\"es\",\"@id\":\"https:\\\/\\\/informelitoral.com.ar\\\/legislativas-de-octubre-de-angeli-confirmo-posible-frente-junto-a-busti-y-benedetti\\\/#primaryimage\",\"url\":\"http:\\\/\\\/www.isletasnoticias.com.ar\\\/%77%70%2d%63%6f%6e%74%65%6e%74\\\/uploads\\\/2013\\\/04\\\/alfredo-de-angelis-300x199.jpg\",\"contentUrl\":\"http:\\\/\\\/www.isletasnoticias.com.ar\\\/%77%70%2d%63%6f%6e%74%65%6e%74\\\/uploads\\\/2013\\\/04\\\/alfredo-de-angelis-300x199.jpg\"},{\"@type\":\"BreadcrumbList\",\"@id\":\"https:\\\/\\\/informelitoral.com.ar\\\/legislativas-de-octubre-de-angeli-confirmo-posible-frente-junto-a-busti-y-benedetti\\\/#breadcrumb\",\"itemListElement\":[{\"@type\":\"ListItem\",\"position\":1,\"name\":\"Portada\",\"item\":\"https:\\\/\\\/informelitoral.com.ar\\\/\"},{\"@type\":\"ListItem\",\"position\":2,\"name\":\"Legislativas de octubre: De \u00c1ngeli confirm\u00f3 posible frente junto a Busti y Benedetti\"}]},{\"@type\":\"WebSite\",\"@id\":\"https:\\\/\\\/informelitoral.com.ar\\\/#website\",\"url\":\"https:\\\/\\\/informelitoral.com.ar\\\/\",\"name\":\"Informe Litoral\",\"description\":\"&quot;Nos informamos&quot; \",\"publisher\":{\"@id\":\"https:\\\/\\\/informelitoral.com.ar\\\/#organization\"},\"potentialAction\":[{\"@type\":\"SearchAction\",\"target\":{\"@type\":\"EntryPoint\",\"urlTemplate\":\"https:\\\/\\\/informelitoral.com.ar\\\/?s={search_term_string}\"},\"query-input\":{\"@type\":\"PropertyValueSpecification\",\"valueRequired\":true,\"valueName\":\"search_term_string\"}}],\"inLanguage\":\"es\"},{\"@type\":\"Organization\",\"@id\":\"https:\\\/\\\/informelitoral.com.ar\\\/#organization\",\"name\":\"Informe Litoral\",\"url\":\"https:\\\/\\\/informelitoral.com.ar\\\/\",\"logo\":{\"@type\":\"ImageObject\",\"inLanguage\":\"es\",\"@id\":\"https:\\\/\\\/informelitoral.com.ar\\\/#\\\/schema\\\/logo\\\/image\\\/\",\"url\":\"https:\\\/\\\/informelitoral.com.ar\\\/%77%70%2d%63%6f%6e%74%65%6e%74\\\/uploads\\\/2021\\\/01\\\/circulo.png\",\"contentUrl\":\"https:\\\/\\\/informelitoral.com.ar\\\/%77%70%2d%63%6f%6e%74%65%6e%74\\\/uploads\\\/2021\\\/01\\\/circulo.png\",\"width\":723,\"height\":731,\"caption\":\"Informe Litoral\"},\"image\":{\"@id\":\"https:\\\/\\\/informelitoral.com.ar\\\/#\\\/schema\\\/logo\\\/image\\\/\"},\"sameAs\":[\"https:\\\/\\\/www.facebook.com\\\/informelitoral\\\/\",\"https:\\\/\\\/x.com\\\/InformeLitoral\",\"https:\\\/\\\/www.instagram.com\\\/informelitoral\\\/\",\"https:\\\/\\\/www.youtube.com\\\/channel\\\/UCua4Qvz8Icb6MYqhoq9xLXw\"]},{\"@type\":\"Person\",\"@id\":\"https:\\\/\\\/informelitoral.com.ar\\\/#\\\/schema\\\/person\\\/b9d00407c836482871ef1d57bf8e3180\",\"name\":\"Gonzalo Schmidt\",\"image\":{\"@type\":\"ImageObject\",\"inLanguage\":\"es\",\"@id\":\"https:\\\/\\\/secure.gravatar.com\\\/avatar\\\/31a1a7b66ff2de83bd0e9fd79d026630d2d99e55e8bfe501287647b4fd9743de?s=96&d=mm&r=g\",\"url\":\"https:\\\/\\\/secure.gravatar.com\\\/avatar\\\/31a1a7b66ff2de83bd0e9fd79d026630d2d99e55e8bfe501287647b4fd9743de?s=96&d=mm&r=g\",\"contentUrl\":\"https:\\\/\\\/secure.gravatar.com\\\/avatar\\\/31a1a7b66ff2de83bd0e9fd79d026630d2d99e55e8bfe501287647b4fd9743de?s=96&d=mm&r=g\",\"caption\":\"Gonzalo Schmidt\"},\"description\":\"Sitio web de noticias de la provincia de Entre R\u00edos, Argentina. Informaci\u00f3n y entretenimiento. Informe Litoral, nos informamos.\",\"sameAs\":[\"http:\\\/\\\/www.isletasnoticias.com.ar\"],\"url\":\"https:\\\/\\\/informelitoral.com.ar\\\/author\\\/gonzalo\\\/\"}]}<\/script>","yoast_head_json":{"title":"Legislativas de octubre: De \u00c1ngeli confirm\u00f3 posible frente junto a Busti y Benedetti - Informe Litoral","robots":{"index":"index","follow":"follow","max-snippet":"max-snippet:-1","max-image-preview":"max-image-preview:large","max-video-preview":"max-video-preview:-1"},"canonical":"https:\/\/informelitoral.com.ar\/legislativas-de-octubre-de-angeli-confirmo-posible-frente-junto-a-busti-y-benedetti\/","og_locale":"es_ES","og_type":"article","og_title":"Legislativas de octubre: De \u00c1ngeli confirm\u00f3 posible frente junto a Busti y Benedetti - Informe Litoral","og_description":"&nbsp; El dirigente rural afirm&oacute; que est&aacute;n &ldquo;en conversaciones muy firmes&rdquo; con el dirigente radical y el ex gobernador de Entre R&iacute;os. En tanto aclar&oacute; que no relegar&aacute; su candidatura. &ldquo;Vamos a llegar a un buen acuerdo&rdquo;, remat&oacute;. &nbsp;En el marco del panel debate de la Fundaci&oacute;n Pensar, del PRO, en Paran&aacute;, el dirigente ruralista [&hellip;]","og_url":"https:\/\/informelitoral.com.ar\/legislativas-de-octubre-de-angeli-confirmo-posible-frente-junto-a-busti-y-benedetti\/","og_site_name":"Informe Litoral","article_publisher":"https:\/\/www.facebook.com\/informelitoral\/","article_published_time":"2013-05-24T03:57:52+00:00","og_image":[{"width":960,"height":639,"url":"https:\/\/informelitoral.com.ar\/%77%70%2d%63%6f%6e%74%65%6e%74\/uploads\/2013\/04\/alfredo-de-angelis.jpg","type":"image\/jpeg"}],"author":"Gonzalo Schmidt","twitter_card":"summary_large_image","twitter_creator":"@InformeLitoral","twitter_site":"@InformeLitoral","twitter_misc":{"Escrito por":"Gonzalo Schmidt","Tiempo de lectura":"2 minutos"},"schema":{"@context":"https:\/\/schema.org","@graph":[{"@type":"Article","@id":"https:\/\/informelitoral.com.ar\/legislativas-de-octubre-de-angeli-confirmo-posible-frente-junto-a-busti-y-benedetti\/#article","isPartOf":{"@id":"https:\/\/informelitoral.com.ar\/legislativas-de-octubre-de-angeli-confirmo-posible-frente-junto-a-busti-y-benedetti\/"},"author":{"name":"Gonzalo Schmidt","@id":"https:\/\/informelitoral.com.ar\/#\/schema\/person\/b9d00407c836482871ef1d57bf8e3180"},"headline":"Legislativas de octubre: De \u00c1ngeli confirm\u00f3 posible frente junto a Busti y Benedetti","datePublished":"2013-05-24T03:57:52+00:00","mainEntityOfPage":{"@id":"https:\/\/informelitoral.com.ar\/legislativas-de-octubre-de-angeli-confirmo-posible-frente-junto-a-busti-y-benedetti\/"},"wordCount":498,"commentCount":0,"publisher":{"@id":"https:\/\/informelitoral.com.ar\/#organization"},"image":{"@id":"https:\/\/informelitoral.com.ar\/legislativas-de-octubre-de-angeli-confirmo-posible-frente-junto-a-busti-y-benedetti\/#primaryimage"},"thumbnailUrl":"http:\/\/www.isletasnoticias.com.ar\/%77%70%2d%63%6f%6e%74%65%6e%74\/uploads\/2013\/04\/alfredo-de-angelis-300x199.jpg","articleSection":["Entre R\u00edos","Politica"],"inLanguage":"es","potentialAction":[{"@type":"CommentAction","name":"Comment","target":["https:\/\/informelitoral.com.ar\/legislativas-de-octubre-de-angeli-confirmo-posible-frente-junto-a-busti-y-benedetti\/#respond"]}]},{"@type":"WebPage","@id":"https:\/\/informelitoral.com.ar\/legislativas-de-octubre-de-angeli-confirmo-posible-frente-junto-a-busti-y-benedetti\/","url":"https:\/\/informelitoral.com.ar\/legislativas-de-octubre-de-angeli-confirmo-posible-frente-junto-a-busti-y-benedetti\/","name":"Legislativas de octubre: De \u00c1ngeli confirm\u00f3 posible frente junto a Busti y Benedetti - Informe Litoral","isPartOf":{"@id":"https:\/\/informelitoral.com.ar\/#website"},"primaryImageOfPage":{"@id":"https:\/\/informelitoral.com.ar\/legislativas-de-octubre-de-angeli-confirmo-posible-frente-junto-a-busti-y-benedetti\/#primaryimage"},"image":{"@id":"https:\/\/informelitoral.com.ar\/legislativas-de-octubre-de-angeli-confirmo-posible-frente-junto-a-busti-y-benedetti\/#primaryimage"},"thumbnailUrl":"http:\/\/www.isletasnoticias.com.ar\/%77%70%2d%63%6f%6e%74%65%6e%74\/uploads\/2013\/04\/alfredo-de-angelis-300x199.jpg","datePublished":"2013-05-24T03:57:52+00:00","breadcrumb":{"@id":"https:\/\/informelitoral.com.ar\/legislativas-de-octubre-de-angeli-confirmo-posible-frente-junto-a-busti-y-benedetti\/#breadcrumb"},"inLanguage":"es","potentialAction":[{"@type":"ReadAction","target":["https:\/\/informelitoral.com.ar\/legislativas-de-octubre-de-angeli-confirmo-posible-frente-junto-a-busti-y-benedetti\/"]}]},{"@type":"ImageObject","inLanguage":"es","@id":"https:\/\/informelitoral.com.ar\/legislativas-de-octubre-de-angeli-confirmo-posible-frente-junto-a-busti-y-benedetti\/#primaryimage","url":"http:\/\/www.isletasnoticias.com.ar\/%77%70%2d%63%6f%6e%74%65%6e%74\/uploads\/2013\/04\/alfredo-de-angelis-300x199.jpg","contentUrl":"http:\/\/www.isletasnoticias.com.ar\/%77%70%2d%63%6f%6e%74%65%6e%74\/uploads\/2013\/04\/alfredo-de-angelis-300x199.jpg"},{"@type":"BreadcrumbList","@id":"https:\/\/informelitoral.com.ar\/legislativas-de-octubre-de-angeli-confirmo-posible-frente-junto-a-busti-y-benedetti\/#breadcrumb","itemListElement":[{"@type":"ListItem","position":1,"name":"Portada","item":"https:\/\/informelitoral.com.ar\/"},{"@type":"ListItem","position":2,"name":"Legislativas de octubre: De \u00c1ngeli confirm\u00f3 posible frente junto a Busti y Benedetti"}]},{"@type":"WebSite","@id":"https:\/\/informelitoral.com.ar\/#website","url":"https:\/\/informelitoral.com.ar\/","name":"Informe Litoral","description":"&quot;Nos informamos&quot; ","publisher":{"@id":"https:\/\/informelitoral.com.ar\/#organization"},"potentialAction":[{"@type":"SearchAction","target":{"@type":"EntryPoint","urlTemplate":"https:\/\/informelitoral.com.ar\/?s={search_term_string}"},"query-input":{"@type":"PropertyValueSpecification","valueRequired":true,"valueName":"search_term_string"}}],"inLanguage":"es"},{"@type":"Organization","@id":"https:\/\/informelitoral.com.ar\/#organization","name":"Informe Litoral","url":"https:\/\/informelitoral.com.ar\/","logo":{"@type":"ImageObject","inLanguage":"es","@id":"https:\/\/informelitoral.com.ar\/#\/schema\/logo\/image\/","url":"https:\/\/informelitoral.com.ar\/%77%70%2d%63%6f%6e%74%65%6e%74\/uploads\/2021\/01\/circulo.png","contentUrl":"https:\/\/informelitoral.com.ar\/%77%70%2d%63%6f%6e%74%65%6e%74\/uploads\/2021\/01\/circulo.png","width":723,"height":731,"caption":"Informe Litoral"},"image":{"@id":"https:\/\/informelitoral.com.ar\/#\/schema\/logo\/image\/"},"sameAs":["https:\/\/www.facebook.com\/informelitoral\/","https:\/\/x.com\/InformeLitoral","https:\/\/www.instagram.com\/informelitoral\/","https:\/\/www.youtube.com\/channel\/UCua4Qvz8Icb6MYqhoq9xLXw"]},{"@type":"Person","@id":"https:\/\/informelitoral.com.ar\/#\/schema\/person\/b9d00407c836482871ef1d57bf8e3180","name":"Gonzalo Schmidt","image":{"@type":"ImageObject","inLanguage":"es","@id":"https:\/\/secure.gravatar.com\/avatar\/31a1a7b66ff2de83bd0e9fd79d026630d2d99e55e8bfe501287647b4fd9743de?s=96&d=mm&r=g","url":"https:\/\/secure.gravatar.com\/avatar\/31a1a7b66ff2de83bd0e9fd79d026630d2d99e55e8bfe501287647b4fd9743de?s=96&d=mm&r=g","contentUrl":"https:\/\/secure.gravatar.com\/avatar\/31a1a7b66ff2de83bd0e9fd79d026630d2d99e55e8bfe501287647b4fd9743de?s=96&d=mm&r=g","caption":"Gonzalo Schmidt"},"description":"Sitio web de noticias de la provincia de Entre R\u00edos, Argentina. Informaci\u00f3n y entretenimiento. Informe Litoral, nos informamos.","sameAs":["http:\/\/www.isletasnoticias.com.ar"],"url":"https:\/\/informelitoral.com.ar\/author\/gonzalo\/"}]}},"_links":{"self":[{"href":"https:\/\/informelitoral.com.ar\/%77%70%2d%6a%73%6f%6e\/wp\/v2\/posts\/1908","targetHints":{"allow":["GET"]}}],"collection":[{"href":"https:\/\/informelitoral.com.ar\/%77%70%2d%6a%73%6f%6e\/wp\/v2\/posts"}],"about":[{"href":"https:\/\/informelitoral.com.ar\/%77%70%2d%6a%73%6f%6e\/wp\/v2\/types\/post"}],"author":[{"embeddable":true,"href":"https:\/\/informelitoral.com.ar\/%77%70%2d%6a%73%6f%6e\/wp\/v2\/users\/2"}],"replies":[{"embeddable":true,"href":"https:\/\/informelitoral.com.ar\/%77%70%2d%6a%73%6f%6e\/wp\/v2\/comments?post=1908"}],"version-history":[{"count":0,"href":"https:\/\/informelitoral.com.ar\/%77%70%2d%6a%73%6f%6e\/wp\/v2\/posts\/1908\/revisions"}],"wp:attachment":[{"href":"https:\/\/informelitoral.com.ar\/%77%70%2d%6a%73%6f%6e\/wp\/v2\/media?parent=1908"}],"wp:term":[{"taxonomy":"category","embeddable":true,"href":"https:\/\/informelitoral.com.ar\/%77%70%2d%6a%73%6f%6e\/wp\/v2\/categories?post=1908"},{"taxonomy":"post_tag","embeddable":true,"href":"https:\/\/informelitoral.com.ar\/%77%70%2d%6a%73%6f%6e\/wp\/v2\/tags?post=1908"}],"curies":[{"name":"wp","href":"https:\/\/api.w.org\/{rel}","templated":true}]}}