{"id":190252,"date":"2024-06-26T13:17:22","date_gmt":"2024-06-26T16:17:22","guid":{"rendered":"https:\/\/www.informelitoral.com.ar\/?p=190252"},"modified":"2024-06-26T21:37:01","modified_gmt":"2024-06-27T00:37:01","slug":"ganancias-y-bienes-personales-que-sucedera-si-se-aprueba-la-reforma-fiscal","status":"publish","type":"post","link":"https:\/\/informelitoral.com.ar\/ganancias-y-bienes-personales-que-sucedera-si-se-aprueba-la-reforma-fiscal\/","title":{"rendered":"Ganancias y Bienes Personales: qu\u00e9 suceder\u00e1 si se aprueba la reforma fiscal"},"content":{"rendered":"<div class=\"common-layout wrapper-layout center-content center_story max-width story article\">\n<div class=\"col-content\">\n<p>Diputados tratar\u00e1 este jueves la Ley Bases y la reforma fiscal, con la restituci\u00f3n del<b>\u00a0Impuesto a las Ganancias\u00a0<\/b>y las modificaciones en<b>\u00a0Bienes Personales.\u00a0<\/b>Este martes el oficialismo logr\u00f3 incluir en el dictamen de comisi\u00f3n la versi\u00f3n original para cambiar ambos impuestos, que hab\u00edan sido rechazadas por el Senado, y espera que la C\u00e1mara Baja lo ratifique en el recinto.<\/p>\n<div class=\"default-article-color article__body article__article\">\n<p class=\"paragraph\">Aun cuando es una discusi\u00f3n que se espera sea voto a voto, si se sanciona, la<b>\u00a0restituci\u00f3n de Ganancias<\/b>\u00a0implicar\u00e1 que m\u00e1s de\u00a0<b>1 mill\u00f3n de empleados<\/b>\u00a0en relaci\u00f3n de dependencia con\u00a0<b>ingresos brutos<\/b>\u00a0desde\u00a0<b>$1,8 millones<\/b>\u00a0volver\u00e1n a tributar el gravamen, que se<b>\u00a0coparticipa con las provincias<\/b>. Esos estados recibir\u00e1n entre<b> 0,4% y 0.5% del PBI.<\/b><\/p>\n<p class=\"paragraph\">La<b>\u00a0vuelta de Ganancias<\/b>\u00a0para la cuarta categor\u00eda cosech\u00f3 el<b>\u00a0rechazo de los gobernadores patag\u00f3nicos,<\/b>\u00a0donde est\u00e1n los sindicatos petroleros que por sueldos ser\u00e1n de los m\u00e1s afectados, tambi\u00e9n de los grandes gremios y de los sectores kirchneristas y de izquierda.<\/p>\n<p class=\"paragraph\">Con el cambio, se dejar\u00e1 de lado la\u00a0<b>reforma vigente<\/b>, que impuls\u00f3 el exministro de Econom\u00eda y candidato a presidente, Sergio Massa, y que Javier Milei vot\u00f3 a favor siendo diputado, por la que\u00a0<b>ning\u00fan trabajador con un sueldo bruto inferior a 15 salarios m\u00ednimos\u00a0<\/b>($2.340.000, actualizable reci\u00e9n en julio)<b>\u00a0<\/b>est\u00e1 alcanzado por el tributo.<\/p>\n<h2 class=\"font--primary\"><strong>Qu\u00e9 dice la restituci\u00f3n del Impuesto a las Ganancias que trata Diputados<\/strong><\/h2>\n<p class=\"paragraph\">Uno de los cap\u00edtulos clave de la reforma fiscal del gobierno pasa por la\u00a0<b>restituci\u00f3n del Impuesto a las Ganancias<\/b>, rechazado por el Senado y por el que el oficialismo insiste ahora en Diputados. Entre los principales cambios se encuentran:<\/p>\n<ul class=\"ul__list list\">\n<li class=\"list__item\"><b>Salarios<\/b>. Los empleados\u00a0<b>soltero<\/b>s sin hijos estar\u00e1n alcanzados por Ganancias si su remuneraci\u00f3n bruta mensual supera los\u00a0<b>$1.800.000\u00a0<\/b>y un\u00a0<b>casado<\/b>\u00a0con hijos, desde los\u00a0<b>$2.300.000<\/b>\u00a0en bruto.<\/li>\n<li class=\"list__item\"><b>Mecanismo de actualizaci\u00f3n<\/b>. El proyecto establece que las\u00a0<b>deducciones personales<\/b>\u00a0y las escalas del impuesto se ajustar\u00e1n una vez al a\u00f1o por inflaci\u00f3n a partir del per\u00edodo fiscal 2025.<\/li>\n<li class=\"list__item\"><b>Deducciones personales<\/b>. Se\u00a0<b>incrementan las deducciones personales<\/b>\u00a0entre un 183,75% y un 186,65%, excepto a determinados jubilados. Adem\u00e1s, se incorpora una\u00a0<b>deducci\u00f3n especial para que el aguinaldo est\u00e9 exento<\/b>\u00a0del pago del gravamen.<\/li>\n<li class=\"list__item\"><b>Escalas<\/b>. Propone<b>\u00a0actualizar los tramos de las escalas en l\u00ednea con la variaci\u00f3n de precios<\/b>. Aquellas que se encuentren entre el 5% y 15% se incrementar\u00e1n en un porcentaje menor a la inflaci\u00f3n registrada durante primer trimestre de 2024. En cambio, las m\u00e1s altas tendr\u00e1n una actualizaci\u00f3n mayor.<\/li>\n<li class=\"list__item\">Se establece, adem\u00e1s, que<b>\u00a0<\/b>los cambios comenzar\u00e1n a regir cuando entre en vigencia la nueva ley<b>,<\/b>\u00a0es decir, que<b> no habr\u00e1 retroactivo ni se genera devoluci\u00f3n hasta la nueva reforma.<\/b><\/li>\n<\/ul>\n<h2 class=\"font--primary\"><strong>Bienes Personales: qu\u00e9 cambios busca aplicar la reforma fiscal<\/strong><\/h2>\n<p class=\"paragraph\">Otro cap\u00edtulo clave de la reforma fiscal que vuelve a Diputados tras el rechazo en el Senado, es el del impuesto sobre los\u00a0<b>Bienes Personales<\/b>.<\/p>\n<p class=\"paragraph\">El proyecto establece crea el R\u00e9gimen especial de ingreso del Impuesto sobre los Bienes Personales por todos los per\u00edodos fiscales hasta la fecha de su caducidad, la cual opera el 31 de diciembre de 2027. As\u00ed, se podr\u00e1 pagar el tributo de forma anticipada para los per\u00edodos 2024-2027, con una\u00a0<b>al\u00edcuota de 0,45% anual<\/b>. Los contribuyentes que utilicen este r\u00e9gimen tendr\u00e1n\u00a0<b>estabilidad fiscal hasta 2038<\/b>.<\/p>\n<p class=\"paragraph\">Establece un nuevo\u00a0<b>m\u00ednimo no imponible<\/b>\u00a0de Bienes Personales, de $27 millones a<b>\u00a0$100 millones<\/b>. Aunque, en el caso de\u00a0<b>la vivienda \u00fanica y familiar<\/b>\u00a0(o casa habitaci\u00f3n), esa suma aumenta hasta los\u00a0<b>$350 millones<\/b>\u00a0(hoy en $56 millones).<\/p>\n<p class=\"paragraph\">Las<b>\u00a0al\u00edcuotas<\/b>\u00a0a pagar ser\u00edan<b>\u00a0iguales para los bienes radicados en la Argentina o el exterior.\u00a0<\/b>Para el per\u00edodo fiscal 2023 estar\u00edan entre\u00a0<b>0,5% y 1,5%<\/b>. A\u00f1o tras a\u00f1o, esa escala\u00a0<b>ir\u00e1 bajando<\/b>. Para 2024, llega hasta 1,25%; u m\u00e1ximo de 1% para 2025; y de 0,75% en 2026. Para el per\u00edodo fiscal 2027, la al\u00edcuota ser\u00e1 de 0,25%.<\/p>\n<p class=\"paragraph\">El cap\u00edtulo de BBPP de la reforma fiscal establece como\u00a0<b>beneficio\u00a0<\/b>para contribuyentes que hayan cumplido entre 2020 y 2022. Se trata de una\u00a0<b>reducci\u00f3n de 0,25 puntos<\/b>\u00a0porcentuales en la<b>\u00a0al\u00edcuota<\/b>\u00a0para los per\u00edodos fiscales desde 2023 a 2026 inclusive.<\/p>\n<h2 class=\"font--primary\"><strong>Qu\u00e9 otros cambios incluye la reforma fiscal que trata Diputados<\/strong><\/h2>\n<p class=\"paragraph\">Para el Gobierno, los cambios en\u00a0<b>Bienes Personales son fundamentales para el \u00e9xito del blanqueo (<\/b>R\u00e9gimen de Regularizaci\u00f3n de Activos) y de la\u00a0<b>moratoria de AFIP<\/b>\u00a0(el R\u00e9gimen de Regularizaci\u00f3n de Obligaciones Tributarias, Aduaneras y de Seguridad Social) que ya tuvieron la aprobaci\u00f3n de ambas c\u00e1maras del Congreso.<\/p>\n<p class=\"paragraph\">Tambi\u00e9n se aprobaron las modificaciones en el Impuesto a las transferencias de inmuebles de personas f\u00edsicas y sucesiones indivisas, el R\u00e9gimen de Transparencia Fiscal al Consumidor y los cambios en el R\u00e9gimen Simplificado para Peque\u00f1os Contribuyentes, o Monotributo.<\/p>\n<h2 class=\"paragraph\"><b>Monotributo<\/b><\/h2>\n<p class=\"paragraph\">El\u00a0Monotributo tendr\u00e1 un\u00a0<b>aumento del 300%<\/b>\u00a0en los topes de facturaci\u00f3n y tambi\u00e9n aumentar\u00e1n las cuotas mensuales.<\/p>\n<p class=\"paragraph\">As\u00ed, los monotributistas con menores ingresos\u00a0<b>(categor\u00eda A)\u00a0<\/b>podr\u00e1n facturar\u00a0<b>hasta $6.450.000\u00a0<\/b>-hoy en $2.108.288-, mientras\u00a0<b>la categor\u00eda K, la\u00a0<\/b>m\u00e1s alta, pasa de $16.957.968,71 a\u00a0<b>$68.000.000\u00a0<\/b>de facturaci\u00f3n anual. Adem\u00e1s, quienes brinden servicios podr\u00e1n acceder a las categor\u00edas m\u00e1s altas, hasta ahora reservadas para quienes realizaran ventas.<\/p>\n<p class=\"paragraph\">La\u00a0<b>tabla de topes de facturaci\u00f3n<\/b>\u00a0anual completa que propone el Gobierno queda de la siguiente manera:<\/p>\n<ul class=\"ul__list list\">\n<li class=\"list__item\">Categor\u00eda A: $6.450.000;<\/li>\n<li class=\"list__item\">Categor\u00eda B: $9.450.000;<\/li>\n<li class=\"list__item\">Categor\u00eda C: $13.250.000;<\/li>\n<li class=\"list__item\">Categor\u00eda D: $16.450.000;<\/li>\n<li class=\"list__item\">Categor\u00eda E: $19.350.000;<\/li>\n<li class=\"list__item\">Categor\u00eda F: $24.250.000;<\/li>\n<li class=\"list__item\">Categor\u00eda G: $29.000.000;<\/li>\n<li class=\"list__item\">Categor\u00eda H: $44.000.000;<\/li>\n<li class=\"list__item\">Categor\u00eda I: $49.250.000;<\/li>\n<li class=\"list__item\">Categor\u00eda J: $56.400.000;<\/li>\n<li class=\"list__item\">Categor\u00eda K: $68.000.000.<\/li>\n<\/ul>\n<p class=\"paragraph\">Dentro de este r\u00e9gimen, se mantiene el<b>monotributo<\/b><b>\u00a0social<\/b>, un r\u00e9gimen que permite a sectores de la econom\u00eda popular facturar por sus actividades comerciales, con una cuota mensual reducida. La derogaci\u00f3n de ese esquema estaba en la reforma fiscal original, pero el Senado lo rechaz\u00f3 de plano. Seg\u00fan pudo saber\u00a0<em>TN,<\/em> en el dictamen de mayor\u00eda de comisiones de la C\u00e1mara Baja se acept\u00f3 lo votado en la C\u00e1mara Alta.<\/p>\n<h2 class=\"paragraph\"><b>Blanqueo de capitales<\/b><\/h2>\n<p class=\"paragraph\">La reforma fiscal incluye un<b>\u00a0R\u00e9gimen de Regularizaci\u00f3n de Activos, es decir, un blanqueo de capitales\u00a0<\/b>que estar\u00e1 vigente desde que se apruebe la Ley\u00a0<b>hasta el 30 de abril de 2025<\/b>, con la posibilidad de prorrogarlo hasta el 31 de julio de 2025.<\/p>\n<p class=\"paragraph\">Quienes blanqueen\u00a0<b>hasta US$100.000 no pagar\u00e1n multa<\/b>, pero a partir de ese monto habr\u00e1 una escala progresiva (del 5% al 15%) seg\u00fan el momento en el que ingrese cada contribuyente al blanqueo.<\/p>\n<p class=\"paragraph\">Entre otros \u00edtems ubicados en la Argentina o el exterior, se podr\u00e1n blanquear bienes, efectivo o dep\u00f3sitos bancarios, acciones, participaciones en fideicomisos, inmuebles, bonos, obligaciones negociables, cr\u00e9ditos,\u00a0<b>criptomonedas<\/b>, derechos y bienes intangibles.<\/p>\n<h2 class=\"paragraph\"><b>Moratoria de deudas con la AFIP<\/b><\/h2>\n<p class=\"paragraph\">La iniciativa oficial crea el\u00a0<b>R\u00e9gimen de Regularizaci\u00f3n de Obligaciones Tributarias, Aduaneras y de la Seguridad Social\u00a0<\/b>para incentivar el pago de\u00a0<b>deudas al 31 de marzo de 2024.<\/b><\/p>\n<p class=\"paragraph\">Los beneficios depender\u00e1n del momento en el que cada contribuyente se adhiera al r\u00e9gimen y la cantidad de cuotas en las que regularice su situaci\u00f3n. Habr\u00e1 un\u00a0<b>m\u00e1ximo de 60 cuotas<\/b> para cancelar las deudas. <em>(TN)<\/em><\/p>\n<\/div>\n<\/div>\n<\/div>\n","protected":false},"excerpt":{"rendered":"<p>El impacto del retorno de Ganancias, las modificaciones en Bienes Personales y Monotributo. Qu\u00e9 pasa con el blanqueo y la moratoria de AFIP.<\/p>\n","protected":false},"author":8,"featured_media":49380,"comment_status":"open","ping_status":"open","sticky":false,"template":"","format":"standard","meta":{"fifu_image_url":"","fifu_image_alt":"","footnotes":""},"categories":[1594,7],"tags":[3543,4756,605],"class_list":{"0":"post-190252","1":"post","2":"type-post","3":"status-publish","4":"format-standard","5":"has-post-thumbnail","7":"category-economia","8":"category-nacionales","9":"tag-ganancias","10":"tag-ley-bases","11":"tag-monotributo"},"yoast_head":"<title>Ganancias y Bienes Personales: qu\u00e9 suceder\u00e1 si se aprueba la reforma fiscal - Informe Litoral<\/title>\n<meta name=\"robots\" content=\"index, follow, max-snippet:-1, max-image-preview:large, max-video-preview:-1\" \/>\n<link rel=\"canonical\" href=\"https:\/\/informelitoral.com.ar\/ganancias-y-bienes-personales-que-sucedera-si-se-aprueba-la-reforma-fiscal\/\" \/>\n<meta property=\"og:locale\" content=\"es_ES\" \/>\n<meta property=\"og:type\" content=\"article\" \/>\n<meta property=\"og:title\" content=\"Ganancias y Bienes Personales: qu\u00e9 suceder\u00e1 si se aprueba la reforma fiscal - Informe Litoral\" \/>\n<meta property=\"og:description\" content=\"El impacto del retorno de Ganancias, las modificaciones en Bienes Personales y Monotributo. Qu\u00e9 pasa con el blanqueo y la moratoria de AFIP.\" \/>\n<meta property=\"og:url\" content=\"https:\/\/informelitoral.com.ar\/ganancias-y-bienes-personales-que-sucedera-si-se-aprueba-la-reforma-fiscal\/\" \/>\n<meta property=\"og:site_name\" content=\"Informe Litoral\" \/>\n<meta property=\"article:publisher\" content=\"https:\/\/www.facebook.com\/informelitoral\/\" \/>\n<meta property=\"article:published_time\" content=\"2024-06-26T16:17:22+00:00\" \/>\n<meta property=\"article:modified_time\" content=\"2024-06-27T00:37:01+00:00\" \/>\n<meta property=\"og:image\" content=\"https:\/\/informelitoral.com.ar\/%77%70%2d%63%6f%6e%74%65%6e%74\/uploads\/2020\/09\/Afip.jpg\" \/>\n\t<meta property=\"og:image:width\" content=\"1330\" \/>\n\t<meta property=\"og:image:height\" content=\"880\" \/>\n\t<meta property=\"og:image:type\" content=\"image\/jpeg\" \/>\n<meta name=\"author\" content=\"Sebastian\" \/>\n<meta name=\"twitter:card\" content=\"summary_large_image\" \/>\n<meta name=\"twitter:creator\" content=\"@InformeLitoral\" \/>\n<meta name=\"twitter:site\" content=\"@InformeLitoral\" \/>\n<meta name=\"twitter:label1\" content=\"Escrito por\" \/>\n\t<meta name=\"twitter:data1\" content=\"Sebastian\" \/>\n\t<meta name=\"twitter:label2\" content=\"Tiempo de lectura\" \/>\n\t<meta name=\"twitter:data2\" content=\"6 minutos\" \/>\n<script type=\"application\/ld+json\" class=\"yoast-schema-graph\">{\"@context\":\"https:\\\/\\\/schema.org\",\"@graph\":[{\"@type\":\"Article\",\"@id\":\"https:\\\/\\\/informelitoral.com.ar\\\/ganancias-y-bienes-personales-que-sucedera-si-se-aprueba-la-reforma-fiscal\\\/#article\",\"isPartOf\":{\"@id\":\"https:\\\/\\\/informelitoral.com.ar\\\/ganancias-y-bienes-personales-que-sucedera-si-se-aprueba-la-reforma-fiscal\\\/\"},\"author\":{\"name\":\"Sebastian\",\"@id\":\"https:\\\/\\\/informelitoral.com.ar\\\/#\\\/schema\\\/person\\\/f05f9f461677119578717524b127d6d5\"},\"headline\":\"Ganancias y Bienes Personales: qu\u00e9 suceder\u00e1 si se aprueba la reforma fiscal\",\"datePublished\":\"2024-06-26T16:17:22+00:00\",\"dateModified\":\"2024-06-27T00:37:01+00:00\",\"mainEntityOfPage\":{\"@id\":\"https:\\\/\\\/informelitoral.com.ar\\\/ganancias-y-bienes-personales-que-sucedera-si-se-aprueba-la-reforma-fiscal\\\/\"},\"wordCount\":1208,\"commentCount\":0,\"publisher\":{\"@id\":\"https:\\\/\\\/informelitoral.com.ar\\\/#organization\"},\"image\":{\"@id\":\"https:\\\/\\\/informelitoral.com.ar\\\/ganancias-y-bienes-personales-que-sucedera-si-se-aprueba-la-reforma-fiscal\\\/#primaryimage\"},\"thumbnailUrl\":\"https:\\\/\\\/informelitoral.com.ar\\\/%77%70%2d%63%6f%6e%74%65%6e%74\\\/uploads\\\/2020\\\/09\\\/Afip.jpg\",\"keywords\":[\"Ganancias\",\"Ley Bases\",\"Monotributo\"],\"articleSection\":[\"Econom\u00eda\",\"Nacionales\"],\"inLanguage\":\"es\",\"potentialAction\":[{\"@type\":\"CommentAction\",\"name\":\"Comment\",\"target\":[\"https:\\\/\\\/informelitoral.com.ar\\\/ganancias-y-bienes-personales-que-sucedera-si-se-aprueba-la-reforma-fiscal\\\/#respond\"]}]},{\"@type\":\"WebPage\",\"@id\":\"https:\\\/\\\/informelitoral.com.ar\\\/ganancias-y-bienes-personales-que-sucedera-si-se-aprueba-la-reforma-fiscal\\\/\",\"url\":\"https:\\\/\\\/informelitoral.com.ar\\\/ganancias-y-bienes-personales-que-sucedera-si-se-aprueba-la-reforma-fiscal\\\/\",\"name\":\"Ganancias y Bienes Personales: qu\u00e9 suceder\u00e1 si se aprueba la reforma fiscal - Informe Litoral\",\"isPartOf\":{\"@id\":\"https:\\\/\\\/informelitoral.com.ar\\\/#website\"},\"primaryImageOfPage\":{\"@id\":\"https:\\\/\\\/informelitoral.com.ar\\\/ganancias-y-bienes-personales-que-sucedera-si-se-aprueba-la-reforma-fiscal\\\/#primaryimage\"},\"image\":{\"@id\":\"https:\\\/\\\/informelitoral.com.ar\\\/ganancias-y-bienes-personales-que-sucedera-si-se-aprueba-la-reforma-fiscal\\\/#primaryimage\"},\"thumbnailUrl\":\"https:\\\/\\\/informelitoral.com.ar\\\/%77%70%2d%63%6f%6e%74%65%6e%74\\\/uploads\\\/2020\\\/09\\\/Afip.jpg\",\"datePublished\":\"2024-06-26T16:17:22+00:00\",\"dateModified\":\"2024-06-27T00:37:01+00:00\",\"breadcrumb\":{\"@id\":\"https:\\\/\\\/informelitoral.com.ar\\\/ganancias-y-bienes-personales-que-sucedera-si-se-aprueba-la-reforma-fiscal\\\/#breadcrumb\"},\"inLanguage\":\"es\",\"potentialAction\":[{\"@type\":\"ReadAction\",\"target\":[\"https:\\\/\\\/informelitoral.com.ar\\\/ganancias-y-bienes-personales-que-sucedera-si-se-aprueba-la-reforma-fiscal\\\/\"]}]},{\"@type\":\"ImageObject\",\"inLanguage\":\"es\",\"@id\":\"https:\\\/\\\/informelitoral.com.ar\\\/ganancias-y-bienes-personales-que-sucedera-si-se-aprueba-la-reforma-fiscal\\\/#primaryimage\",\"url\":\"https:\\\/\\\/informelitoral.com.ar\\\/%77%70%2d%63%6f%6e%74%65%6e%74\\\/uploads\\\/2020\\\/09\\\/Afip.jpg\",\"contentUrl\":\"https:\\\/\\\/informelitoral.com.ar\\\/%77%70%2d%63%6f%6e%74%65%6e%74\\\/uploads\\\/2020\\\/09\\\/Afip.jpg\",\"width\":1330,\"height\":880},{\"@type\":\"BreadcrumbList\",\"@id\":\"https:\\\/\\\/informelitoral.com.ar\\\/ganancias-y-bienes-personales-que-sucedera-si-se-aprueba-la-reforma-fiscal\\\/#breadcrumb\",\"itemListElement\":[{\"@type\":\"ListItem\",\"position\":1,\"name\":\"Portada\",\"item\":\"https:\\\/\\\/informelitoral.com.ar\\\/\"},{\"@type\":\"ListItem\",\"position\":2,\"name\":\"Ganancias y Bienes Personales: qu\u00e9 suceder\u00e1 si se aprueba la reforma fiscal\"}]},{\"@type\":\"WebSite\",\"@id\":\"https:\\\/\\\/informelitoral.com.ar\\\/#website\",\"url\":\"https:\\\/\\\/informelitoral.com.ar\\\/\",\"name\":\"Informe Litoral\",\"description\":\"&quot;Nos informamos&quot; \",\"publisher\":{\"@id\":\"https:\\\/\\\/informelitoral.com.ar\\\/#organization\"},\"potentialAction\":[{\"@type\":\"SearchAction\",\"target\":{\"@type\":\"EntryPoint\",\"urlTemplate\":\"https:\\\/\\\/informelitoral.com.ar\\\/?s={search_term_string}\"},\"query-input\":{\"@type\":\"PropertyValueSpecification\",\"valueRequired\":true,\"valueName\":\"search_term_string\"}}],\"inLanguage\":\"es\"},{\"@type\":\"Organization\",\"@id\":\"https:\\\/\\\/informelitoral.com.ar\\\/#organization\",\"name\":\"Informe Litoral\",\"url\":\"https:\\\/\\\/informelitoral.com.ar\\\/\",\"logo\":{\"@type\":\"ImageObject\",\"inLanguage\":\"es\",\"@id\":\"https:\\\/\\\/informelitoral.com.ar\\\/#\\\/schema\\\/logo\\\/image\\\/\",\"url\":\"https:\\\/\\\/informelitoral.com.ar\\\/%77%70%2d%63%6f%6e%74%65%6e%74\\\/uploads\\\/2021\\\/01\\\/circulo.png\",\"contentUrl\":\"https:\\\/\\\/informelitoral.com.ar\\\/%77%70%2d%63%6f%6e%74%65%6e%74\\\/uploads\\\/2021\\\/01\\\/circulo.png\",\"width\":723,\"height\":731,\"caption\":\"Informe Litoral\"},\"image\":{\"@id\":\"https:\\\/\\\/informelitoral.com.ar\\\/#\\\/schema\\\/logo\\\/image\\\/\"},\"sameAs\":[\"https:\\\/\\\/www.facebook.com\\\/informelitoral\\\/\",\"https:\\\/\\\/x.com\\\/InformeLitoral\",\"https:\\\/\\\/www.instagram.com\\\/informelitoral\\\/\",\"https:\\\/\\\/www.youtube.com\\\/channel\\\/UCua4Qvz8Icb6MYqhoq9xLXw\"]},{\"@type\":\"Person\",\"@id\":\"https:\\\/\\\/informelitoral.com.ar\\\/#\\\/schema\\\/person\\\/f05f9f461677119578717524b127d6d5\",\"name\":\"Sebastian\",\"image\":{\"@type\":\"ImageObject\",\"inLanguage\":\"es\",\"@id\":\"https:\\\/\\\/secure.gravatar.com\\\/avatar\\\/b71bf7481d447dfb9583c7f2798e7cc64de6efb9067b74633ed8c31059a3bd82?s=96&d=mm&r=g\",\"url\":\"https:\\\/\\\/secure.gravatar.com\\\/avatar\\\/b71bf7481d447dfb9583c7f2798e7cc64de6efb9067b74633ed8c31059a3bd82?s=96&d=mm&r=g\",\"contentUrl\":\"https:\\\/\\\/secure.gravatar.com\\\/avatar\\\/b71bf7481d447dfb9583c7f2798e7cc64de6efb9067b74633ed8c31059a3bd82?s=96&d=mm&r=g\",\"caption\":\"Sebastian\"},\"url\":\"https:\\\/\\\/informelitoral.com.ar\\\/author\\\/sebastian\\\/\"}]}<\/script>","yoast_head_json":{"title":"Ganancias y Bienes Personales: qu\u00e9 suceder\u00e1 si se aprueba la reforma fiscal - Informe Litoral","robots":{"index":"index","follow":"follow","max-snippet":"max-snippet:-1","max-image-preview":"max-image-preview:large","max-video-preview":"max-video-preview:-1"},"canonical":"https:\/\/informelitoral.com.ar\/ganancias-y-bienes-personales-que-sucedera-si-se-aprueba-la-reforma-fiscal\/","og_locale":"es_ES","og_type":"article","og_title":"Ganancias y Bienes Personales: qu\u00e9 suceder\u00e1 si se aprueba la reforma fiscal - Informe Litoral","og_description":"El impacto del retorno de Ganancias, las modificaciones en Bienes Personales y Monotributo. Qu\u00e9 pasa con el blanqueo y la moratoria de AFIP.","og_url":"https:\/\/informelitoral.com.ar\/ganancias-y-bienes-personales-que-sucedera-si-se-aprueba-la-reforma-fiscal\/","og_site_name":"Informe Litoral","article_publisher":"https:\/\/www.facebook.com\/informelitoral\/","article_published_time":"2024-06-26T16:17:22+00:00","article_modified_time":"2024-06-27T00:37:01+00:00","og_image":[{"width":1330,"height":880,"url":"https:\/\/informelitoral.com.ar\/%77%70%2d%63%6f%6e%74%65%6e%74\/uploads\/2020\/09\/Afip.jpg","type":"image\/jpeg"}],"author":"Sebastian","twitter_card":"summary_large_image","twitter_creator":"@InformeLitoral","twitter_site":"@InformeLitoral","twitter_misc":{"Escrito por":"Sebastian","Tiempo de lectura":"6 minutos"},"schema":{"@context":"https:\/\/schema.org","@graph":[{"@type":"Article","@id":"https:\/\/informelitoral.com.ar\/ganancias-y-bienes-personales-que-sucedera-si-se-aprueba-la-reforma-fiscal\/#article","isPartOf":{"@id":"https:\/\/informelitoral.com.ar\/ganancias-y-bienes-personales-que-sucedera-si-se-aprueba-la-reforma-fiscal\/"},"author":{"name":"Sebastian","@id":"https:\/\/informelitoral.com.ar\/#\/schema\/person\/f05f9f461677119578717524b127d6d5"},"headline":"Ganancias y Bienes Personales: qu\u00e9 suceder\u00e1 si se aprueba la reforma fiscal","datePublished":"2024-06-26T16:17:22+00:00","dateModified":"2024-06-27T00:37:01+00:00","mainEntityOfPage":{"@id":"https:\/\/informelitoral.com.ar\/ganancias-y-bienes-personales-que-sucedera-si-se-aprueba-la-reforma-fiscal\/"},"wordCount":1208,"commentCount":0,"publisher":{"@id":"https:\/\/informelitoral.com.ar\/#organization"},"image":{"@id":"https:\/\/informelitoral.com.ar\/ganancias-y-bienes-personales-que-sucedera-si-se-aprueba-la-reforma-fiscal\/#primaryimage"},"thumbnailUrl":"https:\/\/informelitoral.com.ar\/%77%70%2d%63%6f%6e%74%65%6e%74\/uploads\/2020\/09\/Afip.jpg","keywords":["Ganancias","Ley Bases","Monotributo"],"articleSection":["Econom\u00eda","Nacionales"],"inLanguage":"es","potentialAction":[{"@type":"CommentAction","name":"Comment","target":["https:\/\/informelitoral.com.ar\/ganancias-y-bienes-personales-que-sucedera-si-se-aprueba-la-reforma-fiscal\/#respond"]}]},{"@type":"WebPage","@id":"https:\/\/informelitoral.com.ar\/ganancias-y-bienes-personales-que-sucedera-si-se-aprueba-la-reforma-fiscal\/","url":"https:\/\/informelitoral.com.ar\/ganancias-y-bienes-personales-que-sucedera-si-se-aprueba-la-reforma-fiscal\/","name":"Ganancias y Bienes Personales: qu\u00e9 suceder\u00e1 si se aprueba la reforma fiscal - Informe Litoral","isPartOf":{"@id":"https:\/\/informelitoral.com.ar\/#website"},"primaryImageOfPage":{"@id":"https:\/\/informelitoral.com.ar\/ganancias-y-bienes-personales-que-sucedera-si-se-aprueba-la-reforma-fiscal\/#primaryimage"},"image":{"@id":"https:\/\/informelitoral.com.ar\/ganancias-y-bienes-personales-que-sucedera-si-se-aprueba-la-reforma-fiscal\/#primaryimage"},"thumbnailUrl":"https:\/\/informelitoral.com.ar\/%77%70%2d%63%6f%6e%74%65%6e%74\/uploads\/2020\/09\/Afip.jpg","datePublished":"2024-06-26T16:17:22+00:00","dateModified":"2024-06-27T00:37:01+00:00","breadcrumb":{"@id":"https:\/\/informelitoral.com.ar\/ganancias-y-bienes-personales-que-sucedera-si-se-aprueba-la-reforma-fiscal\/#breadcrumb"},"inLanguage":"es","potentialAction":[{"@type":"ReadAction","target":["https:\/\/informelitoral.com.ar\/ganancias-y-bienes-personales-que-sucedera-si-se-aprueba-la-reforma-fiscal\/"]}]},{"@type":"ImageObject","inLanguage":"es","@id":"https:\/\/informelitoral.com.ar\/ganancias-y-bienes-personales-que-sucedera-si-se-aprueba-la-reforma-fiscal\/#primaryimage","url":"https:\/\/informelitoral.com.ar\/%77%70%2d%63%6f%6e%74%65%6e%74\/uploads\/2020\/09\/Afip.jpg","contentUrl":"https:\/\/informelitoral.com.ar\/%77%70%2d%63%6f%6e%74%65%6e%74\/uploads\/2020\/09\/Afip.jpg","width":1330,"height":880},{"@type":"BreadcrumbList","@id":"https:\/\/informelitoral.com.ar\/ganancias-y-bienes-personales-que-sucedera-si-se-aprueba-la-reforma-fiscal\/#breadcrumb","itemListElement":[{"@type":"ListItem","position":1,"name":"Portada","item":"https:\/\/informelitoral.com.ar\/"},{"@type":"ListItem","position":2,"name":"Ganancias y Bienes Personales: qu\u00e9 suceder\u00e1 si se aprueba la reforma fiscal"}]},{"@type":"WebSite","@id":"https:\/\/informelitoral.com.ar\/#website","url":"https:\/\/informelitoral.com.ar\/","name":"Informe Litoral","description":"&quot;Nos informamos&quot; ","publisher":{"@id":"https:\/\/informelitoral.com.ar\/#organization"},"potentialAction":[{"@type":"SearchAction","target":{"@type":"EntryPoint","urlTemplate":"https:\/\/informelitoral.com.ar\/?s={search_term_string}"},"query-input":{"@type":"PropertyValueSpecification","valueRequired":true,"valueName":"search_term_string"}}],"inLanguage":"es"},{"@type":"Organization","@id":"https:\/\/informelitoral.com.ar\/#organization","name":"Informe Litoral","url":"https:\/\/informelitoral.com.ar\/","logo":{"@type":"ImageObject","inLanguage":"es","@id":"https:\/\/informelitoral.com.ar\/#\/schema\/logo\/image\/","url":"https:\/\/informelitoral.com.ar\/%77%70%2d%63%6f%6e%74%65%6e%74\/uploads\/2021\/01\/circulo.png","contentUrl":"https:\/\/informelitoral.com.ar\/%77%70%2d%63%6f%6e%74%65%6e%74\/uploads\/2021\/01\/circulo.png","width":723,"height":731,"caption":"Informe Litoral"},"image":{"@id":"https:\/\/informelitoral.com.ar\/#\/schema\/logo\/image\/"},"sameAs":["https:\/\/www.facebook.com\/informelitoral\/","https:\/\/x.com\/InformeLitoral","https:\/\/www.instagram.com\/informelitoral\/","https:\/\/www.youtube.com\/channel\/UCua4Qvz8Icb6MYqhoq9xLXw"]},{"@type":"Person","@id":"https:\/\/informelitoral.com.ar\/#\/schema\/person\/f05f9f461677119578717524b127d6d5","name":"Sebastian","image":{"@type":"ImageObject","inLanguage":"es","@id":"https:\/\/secure.gravatar.com\/avatar\/b71bf7481d447dfb9583c7f2798e7cc64de6efb9067b74633ed8c31059a3bd82?s=96&d=mm&r=g","url":"https:\/\/secure.gravatar.com\/avatar\/b71bf7481d447dfb9583c7f2798e7cc64de6efb9067b74633ed8c31059a3bd82?s=96&d=mm&r=g","contentUrl":"https:\/\/secure.gravatar.com\/avatar\/b71bf7481d447dfb9583c7f2798e7cc64de6efb9067b74633ed8c31059a3bd82?s=96&d=mm&r=g","caption":"Sebastian"},"url":"https:\/\/informelitoral.com.ar\/author\/sebastian\/"}]}},"_links":{"self":[{"href":"https:\/\/informelitoral.com.ar\/%77%70%2d%6a%73%6f%6e\/wp\/v2\/posts\/190252","targetHints":{"allow":["GET"]}}],"collection":[{"href":"https:\/\/informelitoral.com.ar\/%77%70%2d%6a%73%6f%6e\/wp\/v2\/posts"}],"about":[{"href":"https:\/\/informelitoral.com.ar\/%77%70%2d%6a%73%6f%6e\/wp\/v2\/types\/post"}],"author":[{"embeddable":true,"href":"https:\/\/informelitoral.com.ar\/%77%70%2d%6a%73%6f%6e\/wp\/v2\/users\/8"}],"replies":[{"embeddable":true,"href":"https:\/\/informelitoral.com.ar\/%77%70%2d%6a%73%6f%6e\/wp\/v2\/comments?post=190252"}],"version-history":[{"count":0,"href":"https:\/\/informelitoral.com.ar\/%77%70%2d%6a%73%6f%6e\/wp\/v2\/posts\/190252\/revisions"}],"wp:featuredmedia":[{"embeddable":true,"href":"https:\/\/informelitoral.com.ar\/%77%70%2d%6a%73%6f%6e\/wp\/v2\/media\/49380"}],"wp:attachment":[{"href":"https:\/\/informelitoral.com.ar\/%77%70%2d%6a%73%6f%6e\/wp\/v2\/media?parent=190252"}],"wp:term":[{"taxonomy":"category","embeddable":true,"href":"https:\/\/informelitoral.com.ar\/%77%70%2d%6a%73%6f%6e\/wp\/v2\/categories?post=190252"},{"taxonomy":"post_tag","embeddable":true,"href":"https:\/\/informelitoral.com.ar\/%77%70%2d%6a%73%6f%6e\/wp\/v2\/tags?post=190252"}],"curies":[{"name":"wp","href":"https:\/\/api.w.org\/{rel}","templated":true}]}}