{"id":1902,"date":"2013-05-23T23:52:05","date_gmt":"2013-05-24T02:52:05","guid":{"rendered":"http:\/\/www.isletasnoticias.com.ar\/?p=1902"},"modified":"2013-05-23T23:58:43","modified_gmt":"2013-05-24T02:58:43","slug":"camion-de-vialidad-quiso-esquivar-un-bache-y-choco","status":"publish","type":"post","link":"https:\/\/informelitoral.com.ar\/camion-de-vialidad-quiso-esquivar-un-bache-y-choco\/","title":{"rendered":"Cami\u00f3n de Vialidad quiso esquivar un bache y choc\u00f3"},"content":{"rendered":"<p><strong>Un cami\u00f3n de Vialidad Provincial que maniobr\u00f3 para esquivar un bache en la cinta asf\u00e1ltica, colision\u00f3 el lateral de un autom\u00f3vil.<\/strong><\/p>\n<p><a style=\"text-align: center;\" href=\"http:\/\/www.isletasnoticias.com.ar\/%77%70%2d%63%6f%6e%74%65%6e%74\/uploads\/2013\/05\/accidenre.jpg\"><img loading=\"lazy\" decoding=\"async\" class=\"size-medium wp-image-1903 aligncenter\" alt=\"accidenre\" src=\"http:\/\/www.isletasnoticias.com.ar\/%77%70%2d%63%6f%6e%74%65%6e%74\/uploads\/2013\/05\/accidenre-300x201.jpg\" width=\"300\" height=\"201\" srcset=\"https:\/\/informelitoral.com.ar\/%77%70%2d%63%6f%6e%74%65%6e%74\/uploads\/2013\/05\/accidenre-300x201.jpg 300w, https:\/\/informelitoral.com.ar\/%77%70%2d%63%6f%6e%74%65%6e%74\/uploads\/2013\/05\/accidenre.jpg 671w\" sizes=\"auto, (max-width: 300px) 100vw, 300px\" \/><\/a><\/p>\n<p><span style=\"color: #222222; font-family: Arial, sans-serif; font-size: small;\">Esta tarde en ruta 32, tramo que une Crespo con Seg<\/span><span style=\"color: #222222; font-family: Arial, sans-serif; font-size: small;\">u\u00ed, siendo aproximadamente las 13.30, un cami\u00f3n semirremolque de la Direcci\u00f3n Provincial de Vialidad que circulaba de norte a sur, al maniobrar para evitar un bache en la cinta asf\u00e1ltica cruz\u00f3 de carril colisionando el lateral de un autom\u00f3vil Volkswagen que marchaba desde Libertador San Mart\u00edn con destino a Federal. El conductor del rodado dijo que ante la maniobra del cami\u00f3n, volante\u00f3 hacia la banquina para evitar impactar, aunque igualmente fue impactado en el lateral izquierdo.<\/span><\/p>\n<p><span style=\"color: #222222; font-family: Arial, sans-serif; font-size: small;\">El empleado de vialidad que conduc\u00eda el veh\u00edculo de carga, que culmin\u00f3 su marcha dentro de un campo, luego de impactar un poste de tendido el\u00e9ctrico rural; fue trasladado hacia el Hospital Lister.\u00a0<\/span><\/p>\n<p><span style=\"color: #222222; font-family: Arial, sans-serif; font-size: small;\">En el lugar trabaj\u00f3 personal de la Comisaria de Segu\u00ed.<\/span><\/p>\n<p>Fuente: Paralelo 32.<span style=\"color: #222222; font-family: Arial, sans-serif; font-size: small;\">\u00a0<\/span><\/p>\n","protected":false},"excerpt":{"rendered":"<p>Un cami&oacute;n de Vialidad Provincial que maniobr&oacute; para esquivar un bache en la cinta asf&aacute;ltica, colision&oacute; el lateral de un autom&oacute;vil. Esta tarde en ruta 32, tramo que une Crespo con Segu&iacute;, siendo aproximadamente las 13.30, un cami&oacute;n semirremolque de la Direcci&oacute;n Provincial de Vialidad que circulaba de norte a sur, al maniobrar para evitar [&hellip;]<\/p>\n","protected":false},"author":2,"featured_media":0,"comment_status":"open","ping_status":"open","sticky":false,"template":"","format":"standard","meta":{"fifu_image_url":"","fifu_image_alt":"","footnotes":""},"categories":[5,6],"tags":[],"class_list":{"0":"post-1902","1":"post","2":"type-post","3":"status-publish","4":"format-standard","6":"category-zonales","7":"category-entre-rios"},"yoast_head":"<title>Cami\u00f3n de Vialidad quiso esquivar un bache y choc\u00f3 - Informe Litoral<\/title>\n<meta name=\"robots\" content=\"index, follow, max-snippet:-1, max-image-preview:large, max-video-preview:-1\" \/>\n<link rel=\"canonical\" href=\"https:\/\/informelitoral.com.ar\/camion-de-vialidad-quiso-esquivar-un-bache-y-choco\/\" \/>\n<meta property=\"og:locale\" content=\"es_ES\" \/>\n<meta property=\"og:type\" content=\"article\" \/>\n<meta property=\"og:title\" content=\"Cami\u00f3n de Vialidad quiso esquivar un bache y choc\u00f3 - Informe Litoral\" \/>\n<meta property=\"og:description\" content=\"Un cami&oacute;n de Vialidad Provincial que maniobr&oacute; para esquivar un bache en la cinta asf&aacute;ltica, colision&oacute; el lateral de un autom&oacute;vil. Esta tarde en ruta 32, tramo que une Crespo con Segu&iacute;, siendo aproximadamente las 13.30, un cami&oacute;n semirremolque de la Direcci&oacute;n Provincial de Vialidad que circulaba de norte a sur, al maniobrar para evitar [&hellip;]\" \/>\n<meta property=\"og:url\" content=\"https:\/\/informelitoral.com.ar\/camion-de-vialidad-quiso-esquivar-un-bache-y-choco\/\" \/>\n<meta property=\"og:site_name\" content=\"Informe Litoral\" \/>\n<meta property=\"article:publisher\" content=\"https:\/\/www.facebook.com\/informelitoral\/\" \/>\n<meta property=\"article:published_time\" content=\"2013-05-24T02:52:05+00:00\" \/>\n<meta property=\"article:modified_time\" content=\"2013-05-24T02:58:43+00:00\" \/>\n<meta property=\"og:image\" content=\"https:\/\/informelitoral.com.ar\/%77%70%2d%63%6f%6e%74%65%6e%74\/uploads\/2013\/05\/accidenre.jpg\" \/>\n\t<meta property=\"og:image:width\" content=\"671\" \/>\n\t<meta property=\"og:image:height\" content=\"450\" \/>\n\t<meta property=\"og:image:type\" content=\"image\/jpeg\" \/>\n<meta name=\"author\" content=\"Gonzalo Schmidt\" \/>\n<meta name=\"twitter:card\" content=\"summary_large_image\" \/>\n<meta name=\"twitter:creator\" content=\"@InformeLitoral\" \/>\n<meta name=\"twitter:site\" content=\"@InformeLitoral\" \/>\n<meta name=\"twitter:label1\" content=\"Escrito por\" \/>\n\t<meta name=\"twitter:data1\" content=\"Gonzalo Schmidt\" \/>\n\t<meta name=\"twitter:label2\" content=\"Tiempo de lectura\" \/>\n\t<meta name=\"twitter:data2\" content=\"1 minuto\" \/>\n<script type=\"application\/ld+json\" class=\"yoast-schema-graph\">{\"@context\":\"https:\\\/\\\/schema.org\",\"@graph\":[{\"@type\":\"Article\",\"@id\":\"https:\\\/\\\/informelitoral.com.ar\\\/camion-de-vialidad-quiso-esquivar-un-bache-y-choco\\\/#article\",\"isPartOf\":{\"@id\":\"https:\\\/\\\/informelitoral.com.ar\\\/camion-de-vialidad-quiso-esquivar-un-bache-y-choco\\\/\"},\"author\":{\"name\":\"Gonzalo Schmidt\",\"@id\":\"https:\\\/\\\/informelitoral.com.ar\\\/#\\\/schema\\\/person\\\/b9d00407c836482871ef1d57bf8e3180\"},\"headline\":\"Cami\u00f3n de Vialidad quiso esquivar un bache y choc\u00f3\",\"datePublished\":\"2013-05-24T02:52:05+00:00\",\"dateModified\":\"2013-05-24T02:58:43+00:00\",\"mainEntityOfPage\":{\"@id\":\"https:\\\/\\\/informelitoral.com.ar\\\/camion-de-vialidad-quiso-esquivar-un-bache-y-choco\\\/\"},\"wordCount\":173,\"commentCount\":0,\"publisher\":{\"@id\":\"https:\\\/\\\/informelitoral.com.ar\\\/#organization\"},\"image\":{\"@id\":\"https:\\\/\\\/informelitoral.com.ar\\\/camion-de-vialidad-quiso-esquivar-un-bache-y-choco\\\/#primaryimage\"},\"thumbnailUrl\":\"http:\\\/\\\/www.isletasnoticias.com.ar\\\/%77%70%2d%63%6f%6e%74%65%6e%74\\\/uploads\\\/2013\\\/05\\\/accidenre-300x201.jpg\",\"articleSection\":[\"Departamento Diamante\",\"Entre R\u00edos\"],\"inLanguage\":\"es\",\"potentialAction\":[{\"@type\":\"CommentAction\",\"name\":\"Comment\",\"target\":[\"https:\\\/\\\/informelitoral.com.ar\\\/camion-de-vialidad-quiso-esquivar-un-bache-y-choco\\\/#respond\"]}]},{\"@type\":\"WebPage\",\"@id\":\"https:\\\/\\\/informelitoral.com.ar\\\/camion-de-vialidad-quiso-esquivar-un-bache-y-choco\\\/\",\"url\":\"https:\\\/\\\/informelitoral.com.ar\\\/camion-de-vialidad-quiso-esquivar-un-bache-y-choco\\\/\",\"name\":\"Cami\u00f3n de Vialidad quiso esquivar un bache y choc\u00f3 - Informe Litoral\",\"isPartOf\":{\"@id\":\"https:\\\/\\\/informelitoral.com.ar\\\/#website\"},\"primaryImageOfPage\":{\"@id\":\"https:\\\/\\\/informelitoral.com.ar\\\/camion-de-vialidad-quiso-esquivar-un-bache-y-choco\\\/#primaryimage\"},\"image\":{\"@id\":\"https:\\\/\\\/informelitoral.com.ar\\\/camion-de-vialidad-quiso-esquivar-un-bache-y-choco\\\/#primaryimage\"},\"thumbnailUrl\":\"http:\\\/\\\/www.isletasnoticias.com.ar\\\/%77%70%2d%63%6f%6e%74%65%6e%74\\\/uploads\\\/2013\\\/05\\\/accidenre-300x201.jpg\",\"datePublished\":\"2013-05-24T02:52:05+00:00\",\"dateModified\":\"2013-05-24T02:58:43+00:00\",\"breadcrumb\":{\"@id\":\"https:\\\/\\\/informelitoral.com.ar\\\/camion-de-vialidad-quiso-esquivar-un-bache-y-choco\\\/#breadcrumb\"},\"inLanguage\":\"es\",\"potentialAction\":[{\"@type\":\"ReadAction\",\"target\":[\"https:\\\/\\\/informelitoral.com.ar\\\/camion-de-vialidad-quiso-esquivar-un-bache-y-choco\\\/\"]}]},{\"@type\":\"ImageObject\",\"inLanguage\":\"es\",\"@id\":\"https:\\\/\\\/informelitoral.com.ar\\\/camion-de-vialidad-quiso-esquivar-un-bache-y-choco\\\/#primaryimage\",\"url\":\"http:\\\/\\\/www.isletasnoticias.com.ar\\\/%77%70%2d%63%6f%6e%74%65%6e%74\\\/uploads\\\/2013\\\/05\\\/accidenre-300x201.jpg\",\"contentUrl\":\"http:\\\/\\\/www.isletasnoticias.com.ar\\\/%77%70%2d%63%6f%6e%74%65%6e%74\\\/uploads\\\/2013\\\/05\\\/accidenre-300x201.jpg\"},{\"@type\":\"BreadcrumbList\",\"@id\":\"https:\\\/\\\/informelitoral.com.ar\\\/camion-de-vialidad-quiso-esquivar-un-bache-y-choco\\\/#breadcrumb\",\"itemListElement\":[{\"@type\":\"ListItem\",\"position\":1,\"name\":\"Portada\",\"item\":\"https:\\\/\\\/informelitoral.com.ar\\\/\"},{\"@type\":\"ListItem\",\"position\":2,\"name\":\"Cami\u00f3n de Vialidad quiso esquivar un bache y choc\u00f3\"}]},{\"@type\":\"WebSite\",\"@id\":\"https:\\\/\\\/informelitoral.com.ar\\\/#website\",\"url\":\"https:\\\/\\\/informelitoral.com.ar\\\/\",\"name\":\"Informe Litoral\",\"description\":\"&quot;Nos informamos&quot; \",\"publisher\":{\"@id\":\"https:\\\/\\\/informelitoral.com.ar\\\/#organization\"},\"potentialAction\":[{\"@type\":\"SearchAction\",\"target\":{\"@type\":\"EntryPoint\",\"urlTemplate\":\"https:\\\/\\\/informelitoral.com.ar\\\/?s={search_term_string}\"},\"query-input\":{\"@type\":\"PropertyValueSpecification\",\"valueRequired\":true,\"valueName\":\"search_term_string\"}}],\"inLanguage\":\"es\"},{\"@type\":\"Organization\",\"@id\":\"https:\\\/\\\/informelitoral.com.ar\\\/#organization\",\"name\":\"Informe Litoral\",\"url\":\"https:\\\/\\\/informelitoral.com.ar\\\/\",\"logo\":{\"@type\":\"ImageObject\",\"inLanguage\":\"es\",\"@id\":\"https:\\\/\\\/informelitoral.com.ar\\\/#\\\/schema\\\/logo\\\/image\\\/\",\"url\":\"https:\\\/\\\/informelitoral.com.ar\\\/%77%70%2d%63%6f%6e%74%65%6e%74\\\/uploads\\\/2021\\\/01\\\/circulo.png\",\"contentUrl\":\"https:\\\/\\\/informelitoral.com.ar\\\/%77%70%2d%63%6f%6e%74%65%6e%74\\\/uploads\\\/2021\\\/01\\\/circulo.png\",\"width\":723,\"height\":731,\"caption\":\"Informe Litoral\"},\"image\":{\"@id\":\"https:\\\/\\\/informelitoral.com.ar\\\/#\\\/schema\\\/logo\\\/image\\\/\"},\"sameAs\":[\"https:\\\/\\\/www.facebook.com\\\/informelitoral\\\/\",\"https:\\\/\\\/x.com\\\/InformeLitoral\",\"https:\\\/\\\/www.instagram.com\\\/informelitoral\\\/\",\"https:\\\/\\\/www.youtube.com\\\/channel\\\/UCua4Qvz8Icb6MYqhoq9xLXw\"]},{\"@type\":\"Person\",\"@id\":\"https:\\\/\\\/informelitoral.com.ar\\\/#\\\/schema\\\/person\\\/b9d00407c836482871ef1d57bf8e3180\",\"name\":\"Gonzalo Schmidt\",\"image\":{\"@type\":\"ImageObject\",\"inLanguage\":\"es\",\"@id\":\"https:\\\/\\\/secure.gravatar.com\\\/avatar\\\/31a1a7b66ff2de83bd0e9fd79d026630d2d99e55e8bfe501287647b4fd9743de?s=96&d=mm&r=g\",\"url\":\"https:\\\/\\\/secure.gravatar.com\\\/avatar\\\/31a1a7b66ff2de83bd0e9fd79d026630d2d99e55e8bfe501287647b4fd9743de?s=96&d=mm&r=g\",\"contentUrl\":\"https:\\\/\\\/secure.gravatar.com\\\/avatar\\\/31a1a7b66ff2de83bd0e9fd79d026630d2d99e55e8bfe501287647b4fd9743de?s=96&d=mm&r=g\",\"caption\":\"Gonzalo Schmidt\"},\"description\":\"Sitio web de noticias de la provincia de Entre R\u00edos, Argentina. Informaci\u00f3n y entretenimiento. Informe Litoral, nos informamos.\",\"sameAs\":[\"http:\\\/\\\/www.isletasnoticias.com.ar\"],\"url\":\"https:\\\/\\\/informelitoral.com.ar\\\/author\\\/gonzalo\\\/\"}]}<\/script>","yoast_head_json":{"title":"Cami\u00f3n de Vialidad quiso esquivar un bache y choc\u00f3 - Informe Litoral","robots":{"index":"index","follow":"follow","max-snippet":"max-snippet:-1","max-image-preview":"max-image-preview:large","max-video-preview":"max-video-preview:-1"},"canonical":"https:\/\/informelitoral.com.ar\/camion-de-vialidad-quiso-esquivar-un-bache-y-choco\/","og_locale":"es_ES","og_type":"article","og_title":"Cami\u00f3n de Vialidad quiso esquivar un bache y choc\u00f3 - Informe Litoral","og_description":"Un cami&oacute;n de Vialidad Provincial que maniobr&oacute; para esquivar un bache en la cinta asf&aacute;ltica, colision&oacute; el lateral de un autom&oacute;vil. Esta tarde en ruta 32, tramo que une Crespo con Segu&iacute;, siendo aproximadamente las 13.30, un cami&oacute;n semirremolque de la Direcci&oacute;n Provincial de Vialidad que circulaba de norte a sur, al maniobrar para evitar [&hellip;]","og_url":"https:\/\/informelitoral.com.ar\/camion-de-vialidad-quiso-esquivar-un-bache-y-choco\/","og_site_name":"Informe Litoral","article_publisher":"https:\/\/www.facebook.com\/informelitoral\/","article_published_time":"2013-05-24T02:52:05+00:00","article_modified_time":"2013-05-24T02:58:43+00:00","og_image":[{"width":671,"height":450,"url":"https:\/\/informelitoral.com.ar\/%77%70%2d%63%6f%6e%74%65%6e%74\/uploads\/2013\/05\/accidenre.jpg","type":"image\/jpeg"}],"author":"Gonzalo Schmidt","twitter_card":"summary_large_image","twitter_creator":"@InformeLitoral","twitter_site":"@InformeLitoral","twitter_misc":{"Escrito por":"Gonzalo Schmidt","Tiempo de lectura":"1 minuto"},"schema":{"@context":"https:\/\/schema.org","@graph":[{"@type":"Article","@id":"https:\/\/informelitoral.com.ar\/camion-de-vialidad-quiso-esquivar-un-bache-y-choco\/#article","isPartOf":{"@id":"https:\/\/informelitoral.com.ar\/camion-de-vialidad-quiso-esquivar-un-bache-y-choco\/"},"author":{"name":"Gonzalo Schmidt","@id":"https:\/\/informelitoral.com.ar\/#\/schema\/person\/b9d00407c836482871ef1d57bf8e3180"},"headline":"Cami\u00f3n de Vialidad quiso esquivar un bache y choc\u00f3","datePublished":"2013-05-24T02:52:05+00:00","dateModified":"2013-05-24T02:58:43+00:00","mainEntityOfPage":{"@id":"https:\/\/informelitoral.com.ar\/camion-de-vialidad-quiso-esquivar-un-bache-y-choco\/"},"wordCount":173,"commentCount":0,"publisher":{"@id":"https:\/\/informelitoral.com.ar\/#organization"},"image":{"@id":"https:\/\/informelitoral.com.ar\/camion-de-vialidad-quiso-esquivar-un-bache-y-choco\/#primaryimage"},"thumbnailUrl":"http:\/\/www.isletasnoticias.com.ar\/%77%70%2d%63%6f%6e%74%65%6e%74\/uploads\/2013\/05\/accidenre-300x201.jpg","articleSection":["Departamento Diamante","Entre R\u00edos"],"inLanguage":"es","potentialAction":[{"@type":"CommentAction","name":"Comment","target":["https:\/\/informelitoral.com.ar\/camion-de-vialidad-quiso-esquivar-un-bache-y-choco\/#respond"]}]},{"@type":"WebPage","@id":"https:\/\/informelitoral.com.ar\/camion-de-vialidad-quiso-esquivar-un-bache-y-choco\/","url":"https:\/\/informelitoral.com.ar\/camion-de-vialidad-quiso-esquivar-un-bache-y-choco\/","name":"Cami\u00f3n de Vialidad quiso esquivar un bache y choc\u00f3 - Informe Litoral","isPartOf":{"@id":"https:\/\/informelitoral.com.ar\/#website"},"primaryImageOfPage":{"@id":"https:\/\/informelitoral.com.ar\/camion-de-vialidad-quiso-esquivar-un-bache-y-choco\/#primaryimage"},"image":{"@id":"https:\/\/informelitoral.com.ar\/camion-de-vialidad-quiso-esquivar-un-bache-y-choco\/#primaryimage"},"thumbnailUrl":"http:\/\/www.isletasnoticias.com.ar\/%77%70%2d%63%6f%6e%74%65%6e%74\/uploads\/2013\/05\/accidenre-300x201.jpg","datePublished":"2013-05-24T02:52:05+00:00","dateModified":"2013-05-24T02:58:43+00:00","breadcrumb":{"@id":"https:\/\/informelitoral.com.ar\/camion-de-vialidad-quiso-esquivar-un-bache-y-choco\/#breadcrumb"},"inLanguage":"es","potentialAction":[{"@type":"ReadAction","target":["https:\/\/informelitoral.com.ar\/camion-de-vialidad-quiso-esquivar-un-bache-y-choco\/"]}]},{"@type":"ImageObject","inLanguage":"es","@id":"https:\/\/informelitoral.com.ar\/camion-de-vialidad-quiso-esquivar-un-bache-y-choco\/#primaryimage","url":"http:\/\/www.isletasnoticias.com.ar\/%77%70%2d%63%6f%6e%74%65%6e%74\/uploads\/2013\/05\/accidenre-300x201.jpg","contentUrl":"http:\/\/www.isletasnoticias.com.ar\/%77%70%2d%63%6f%6e%74%65%6e%74\/uploads\/2013\/05\/accidenre-300x201.jpg"},{"@type":"BreadcrumbList","@id":"https:\/\/informelitoral.com.ar\/camion-de-vialidad-quiso-esquivar-un-bache-y-choco\/#breadcrumb","itemListElement":[{"@type":"ListItem","position":1,"name":"Portada","item":"https:\/\/informelitoral.com.ar\/"},{"@type":"ListItem","position":2,"name":"Cami\u00f3n de Vialidad quiso esquivar un bache y choc\u00f3"}]},{"@type":"WebSite","@id":"https:\/\/informelitoral.com.ar\/#website","url":"https:\/\/informelitoral.com.ar\/","name":"Informe Litoral","description":"&quot;Nos informamos&quot; ","publisher":{"@id":"https:\/\/informelitoral.com.ar\/#organization"},"potentialAction":[{"@type":"SearchAction","target":{"@type":"EntryPoint","urlTemplate":"https:\/\/informelitoral.com.ar\/?s={search_term_string}"},"query-input":{"@type":"PropertyValueSpecification","valueRequired":true,"valueName":"search_term_string"}}],"inLanguage":"es"},{"@type":"Organization","@id":"https:\/\/informelitoral.com.ar\/#organization","name":"Informe Litoral","url":"https:\/\/informelitoral.com.ar\/","logo":{"@type":"ImageObject","inLanguage":"es","@id":"https:\/\/informelitoral.com.ar\/#\/schema\/logo\/image\/","url":"https:\/\/informelitoral.com.ar\/%77%70%2d%63%6f%6e%74%65%6e%74\/uploads\/2021\/01\/circulo.png","contentUrl":"https:\/\/informelitoral.com.ar\/%77%70%2d%63%6f%6e%74%65%6e%74\/uploads\/2021\/01\/circulo.png","width":723,"height":731,"caption":"Informe Litoral"},"image":{"@id":"https:\/\/informelitoral.com.ar\/#\/schema\/logo\/image\/"},"sameAs":["https:\/\/www.facebook.com\/informelitoral\/","https:\/\/x.com\/InformeLitoral","https:\/\/www.instagram.com\/informelitoral\/","https:\/\/www.youtube.com\/channel\/UCua4Qvz8Icb6MYqhoq9xLXw"]},{"@type":"Person","@id":"https:\/\/informelitoral.com.ar\/#\/schema\/person\/b9d00407c836482871ef1d57bf8e3180","name":"Gonzalo Schmidt","image":{"@type":"ImageObject","inLanguage":"es","@id":"https:\/\/secure.gravatar.com\/avatar\/31a1a7b66ff2de83bd0e9fd79d026630d2d99e55e8bfe501287647b4fd9743de?s=96&d=mm&r=g","url":"https:\/\/secure.gravatar.com\/avatar\/31a1a7b66ff2de83bd0e9fd79d026630d2d99e55e8bfe501287647b4fd9743de?s=96&d=mm&r=g","contentUrl":"https:\/\/secure.gravatar.com\/avatar\/31a1a7b66ff2de83bd0e9fd79d026630d2d99e55e8bfe501287647b4fd9743de?s=96&d=mm&r=g","caption":"Gonzalo Schmidt"},"description":"Sitio web de noticias de la provincia de Entre R\u00edos, Argentina. Informaci\u00f3n y entretenimiento. Informe Litoral, nos informamos.","sameAs":["http:\/\/www.isletasnoticias.com.ar"],"url":"https:\/\/informelitoral.com.ar\/author\/gonzalo\/"}]}},"_links":{"self":[{"href":"https:\/\/informelitoral.com.ar\/%77%70%2d%6a%73%6f%6e\/wp\/v2\/posts\/1902","targetHints":{"allow":["GET"]}}],"collection":[{"href":"https:\/\/informelitoral.com.ar\/%77%70%2d%6a%73%6f%6e\/wp\/v2\/posts"}],"about":[{"href":"https:\/\/informelitoral.com.ar\/%77%70%2d%6a%73%6f%6e\/wp\/v2\/types\/post"}],"author":[{"embeddable":true,"href":"https:\/\/informelitoral.com.ar\/%77%70%2d%6a%73%6f%6e\/wp\/v2\/users\/2"}],"replies":[{"embeddable":true,"href":"https:\/\/informelitoral.com.ar\/%77%70%2d%6a%73%6f%6e\/wp\/v2\/comments?post=1902"}],"version-history":[{"count":0,"href":"https:\/\/informelitoral.com.ar\/%77%70%2d%6a%73%6f%6e\/wp\/v2\/posts\/1902\/revisions"}],"wp:attachment":[{"href":"https:\/\/informelitoral.com.ar\/%77%70%2d%6a%73%6f%6e\/wp\/v2\/media?parent=1902"}],"wp:term":[{"taxonomy":"category","embeddable":true,"href":"https:\/\/informelitoral.com.ar\/%77%70%2d%6a%73%6f%6e\/wp\/v2\/categories?post=1902"},{"taxonomy":"post_tag","embeddable":true,"href":"https:\/\/informelitoral.com.ar\/%77%70%2d%6a%73%6f%6e\/wp\/v2\/tags?post=1902"}],"curies":[{"name":"wp","href":"https:\/\/api.w.org\/{rel}","templated":true}]}}