{"id":189794,"date":"2024-06-19T10:51:15","date_gmt":"2024-06-19T13:51:15","guid":{"rendered":"https:\/\/www.informelitoral.com.ar\/?p=189794"},"modified":"2024-06-19T10:54:17","modified_gmt":"2024-06-19T13:54:17","slug":"lionel-messi-hablo-de-su-lado-privado-en-un-mano-a-mano-con-marcelo-tinelli","status":"publish","type":"post","link":"https:\/\/informelitoral.com.ar\/lionel-messi-hablo-de-su-lado-privado-en-un-mano-a-mano-con-marcelo-tinelli\/","title":{"rendered":"Lionel Messi habl\u00f3 de su lado privado en un mano a mano con Marcelo Tinelli"},"content":{"rendered":"<p><strong>Lionel Messi\u00a0<\/strong>contin\u00faa mostr\u00e1ndose como nunca antes, relajado, descontracturado y revelando detalles in\u00e9ditos de su vida futbol\u00edstica y privada.<\/p>\n<p>Primero con el Pollo \u00c1lvarez, despu\u00e9s con Mart\u00edn Arevalo, posteriormente en el programa de streaming de su sobrino Tom\u00e1s y ahora, junto al hist\u00f3rico conductor\u00a0<strong>Marcelo Tinelli,\u00a0<\/strong>con quien comparti\u00f3 un imperdible mano a mano que sali\u00f3 al aire por Am\u00e9rica,\u00a0<strong>Lionel Messi\u00a0<\/strong>particip\u00f3 como nunca antes de marat\u00f3nicas entrevistas desde\u00a0<strong>Miami y Atlanta,\u00a0<\/strong>distendido y con muchas ganas de afrontar una nueva\u00a0<strong>Copa Am\u00e9rica con la Selecci\u00f3n Argentina.<\/strong><\/p>\n<p>Junto a\u00a0<strong>Marcelo Tinelli,\u00a0<\/strong>el diez dej\u00f3 diez momentos imperdibles en la charla que dur\u00f3 cerca de una hora.<\/p>\n<p><em><strong>Te puede interesar:\u00a0<a href=\"https:\/\/www.informelitoral.com.ar\/anses-estara-en-ramirez-el-28-de-junio\/\" target=\"_blank\" rel=\"noopener\">ANSES estar\u00e1 en Ram\u00edrez el 28 de junio<\/a><\/strong><\/em><\/p>\n<h2><strong>Momentos imperdibles de la entrevista<\/strong><\/h2>\n<p>Apuntando a lo estrictamente futbol\u00edstico,\u00a0<strong>Lionel Messi\u00a0<\/strong>cont\u00f3 que a sus 36 a\u00f1os, vive el f\u00fatbol de una manera distinta: \u201cEn lo deportivo, me tomo de otra manera el vivir las cosas y disfrutarlas. Le doy mucho m\u00e1s valor a las cosas, al d\u00eda a d\u00eda y a las concentraciones. A veces son largas y eternas. Mucho tiempo en una habitaci\u00f3n, pero cuando est\u00e1s en un grupo lindo, la pas\u00e1s mejor. Disfrutamos y esas cosas no las disfrutaba, pero el d\u00eda a d\u00eda te lleva a estar pensando en lo que viene. Hoy lo tomo de otra manera\u201d.<\/p>\n<p>La familia, pieza preponderante en su vida deportiva, lo acompa\u00f1\u00f3 en su incursi\u00f3n a\u00a0<strong>Miami<\/strong>\u00a0y se adapt\u00f3 de la mejor manera: \u00abLo viv\u00eds de otra manera. Nosotros ac\u00e1 jugamos un partido por semana y te da m\u00e1s tiempo para hacer cosas que en Europa, que lo pens\u00e1s dos veces. Lo primero es dormir y comer bien. Ac\u00e1 te dan m\u00e1s libertad. Lo tom\u00e1s de otra manera. Antonela es muy independiente, se mueve sola para todos lados. Los nenes se adaptaron rapid\u00edsimo y juegan en la escuelita del club\u201d, destac\u00f3\u00a0<strong>Messi.<\/strong><\/p>\n<p>En cuanto a los parecidos con sus hijos,\u00a0<strong>Messi\u00a0<\/strong>revel\u00f3 que\u00a0<strong>Ciro<\/strong>\u00a0es el que m\u00e1s se asemeja a \u00e9l: \u201cCada vez tiene m\u00e1s cosas del car\u00e1cter m\u00edo. Yo soy raro. Tengo mis locuras o mis momentos. Por ah\u00ed est\u00e1n todos los nenes jugando y a \u00e9l no le importa. Le agarra la locura y no le pod\u00e9s hablar porque arranca para cualquier lado. Est\u00e1 bueno porque es muy parecido\u201d.<\/p>\n<p>Sobre la relaci\u00f3n con sus compa\u00f1eros de la\u00a0<strong>Selecci\u00f3n,\u00a0<\/strong>el diez argentino desliz\u00f3: Ac\u00e1 nos quedamos hasta tarde. Jugamos mucho al truco. Me defiendo y me gusta. Soy conservador. Jugamos de a tres. Yo generalmente juego con\u00a0<strong>Rodrigo De Paul y Leandro Paredes<\/strong>\u201d, manifest\u00f3, y agreg\u00f3: \u201cLo valoro mucho y de alguna manera lo voy a extra\u00f1ar\u201d.<\/p>\n<p>Abriendo un interrogante sobre sus \u00faltimos a\u00f1os en el f\u00fatbol,\u00a0<strong>Messi\u00a0<\/strong>declar\u00f3: \u201cVivo el d\u00eda a d\u00eda y no pienso en lo que pueda llegar a pasar. Si bien la edad es un n\u00famero, yo me siento muy bien\u201d.<\/p>\n<p>En cuanto al favoritismo de la\u00a0<strong>Selecci\u00f3n en la Copa Am\u00e9rica,\u00a0<\/strong>por ser los \u00faltimos campeones, el capit\u00e1n albiceleste se mostr\u00f3 cauteloso: \u00abHoy por hoy podemos decir que somos los mejores, pero no quiere decir que la vayamos a ganar caminando. Va a ser muy igualada, todas las selecciones son muy complicadas\u201d.<\/p>\n<p>Asimismo, no se olvid\u00f3 de su amigo\u00a0<strong>Neymar,\u00a0<\/strong>quien est\u00e1 recuper\u00e1ndose de una larga lesi\u00f3n y no podr\u00e1 estar presente en la\u00a0<strong>Copa Am\u00e9rica: \u00ab<\/strong>Es una l\u00e1stima. Jugadores\u00a0<strong>Brasil<\/strong>\u00a0tienen un mill\u00f3n. De sobra porque saca continuamente. Si bien Ney no est\u00e1, tiene un mill\u00f3n. Un equipo muy fuerte y muy competitivo\u201d.<\/p>\n<p>La pregunta obligada va de la mano con su presencia en la pr\u00f3xima Copa del Mundo en\u00a0<strong>Estados Unidos, M\u00e9xico y Canad\u00e1,\u00a0<\/strong>a lo que\u00a0<strong>Messi\u00a0<\/strong>respondi\u00f3: \u00abYo lo dije un poco\u2026 yo no s\u00e9 lo que va a pasar de ac\u00e1 a dos a\u00f1os, no s\u00e9 c\u00f3mo voy a estar f\u00edsicamente, si voy a estar para seguir aportando cosas, por eso no s\u00e9 si voy a estar como lo dije en su momento\u201d<strong>.<\/strong><\/p>\n<p>En el cierre de la entrevista,\u00a0<strong>Lionel Messi\u00a0<\/strong>repas\u00f3 la conquista mundialista y record\u00f3: Yo lo sent\u00ed. Mucha gente me lo hac\u00edan saber de esa manera. Mis propios compa\u00f1eros. \u2018Quiero salir campe\u00f3n del mundo m\u00e1s por \u00e9l\u2019 dec\u00edan mis compa\u00f1eros. Siempre fui un agradecido del cari\u00f1o que recib\u00ed en mi carrera\u201d.<\/p>\n<p>Por \u00faltimo,\u00a0<strong>Messi\u00a0<\/strong>no se olvid\u00f3 de la final contra\u00a0<strong>Francia\u00a0<\/strong>y remarc\u00f3: \u201cEs f\u00fatbol y pasa. Todo pasa por algo y todo est\u00e1 escrito. Si tiene que ser, va a ser. Ya est\u00e1 marcado. Dios ten\u00eda guardado que ten\u00eda que ser de esta manera\u201d, expres\u00f3.<\/p>\n<p><strong>\u00a0<\/strong><\/p>\n","protected":false},"excerpt":{"rendered":"<p>El capit\u00e1n de la Selecci\u00f3n Argentina estuvo dando entrevistas a diferentes periodistas y ahora le toca con el hist\u00f3rico conductor Marcelo Tinelli.<\/p>\n","protected":false},"author":8,"featured_media":189795,"comment_status":"open","ping_status":"open","sticky":false,"template":"","format":"standard","meta":{"fifu_image_url":"","fifu_image_alt":"","footnotes":""},"categories":[13],"tags":[2453,1255,784],"class_list":{"0":"post-189794","1":"post","2":"type-post","3":"status-publish","4":"format-standard","5":"has-post-thumbnail","7":"category-deportes","8":"tag-entrevista","9":"tag-lionel-messi","10":"tag-marcelo-tinelli"},"yoast_head":"<title>Lionel Messi habl\u00f3 de su lado privado en un mano a mano con Marcelo Tinelli - Informe Litoral<\/title>\n<meta name=\"robots\" content=\"index, follow, max-snippet:-1, max-image-preview:large, max-video-preview:-1\" \/>\n<link rel=\"canonical\" href=\"https:\/\/informelitoral.com.ar\/lionel-messi-hablo-de-su-lado-privado-en-un-mano-a-mano-con-marcelo-tinelli\/\" \/>\n<meta property=\"og:locale\" content=\"es_ES\" \/>\n<meta property=\"og:type\" content=\"article\" \/>\n<meta property=\"og:title\" content=\"Lionel Messi habl\u00f3 de su lado privado en un mano a mano con Marcelo Tinelli - Informe Litoral\" \/>\n<meta property=\"og:description\" content=\"El capit\u00e1n de la Selecci\u00f3n Argentina estuvo dando entrevistas a diferentes periodistas y ahora le toca con el hist\u00f3rico conductor Marcelo Tinelli.\" \/>\n<meta property=\"og:url\" content=\"https:\/\/informelitoral.com.ar\/lionel-messi-hablo-de-su-lado-privado-en-un-mano-a-mano-con-marcelo-tinelli\/\" \/>\n<meta property=\"og:site_name\" content=\"Informe Litoral\" \/>\n<meta property=\"article:publisher\" content=\"https:\/\/www.facebook.com\/informelitoral\/\" \/>\n<meta property=\"article:published_time\" content=\"2024-06-19T13:51:15+00:00\" \/>\n<meta property=\"article:modified_time\" content=\"2024-06-19T13:54:17+00:00\" \/>\n<meta property=\"og:image\" content=\"https:\/\/informelitoral.com.ar\/%77%70%2d%63%6f%6e%74%65%6e%74\/uploads\/2024\/06\/messi-tinelli-1jpgwebp.webp\" \/>\n\t<meta property=\"og:image:width\" content=\"655\" \/>\n\t<meta property=\"og:image:height\" content=\"368\" \/>\n\t<meta property=\"og:image:type\" content=\"image\/webp\" \/>\n<meta name=\"author\" content=\"Sebastian\" \/>\n<meta name=\"twitter:card\" content=\"summary_large_image\" \/>\n<meta name=\"twitter:creator\" content=\"@InformeLitoral\" \/>\n<meta name=\"twitter:site\" content=\"@InformeLitoral\" \/>\n<meta name=\"twitter:label1\" content=\"Escrito por\" \/>\n\t<meta name=\"twitter:data1\" content=\"Sebastian\" \/>\n\t<meta name=\"twitter:label2\" content=\"Tiempo de lectura\" \/>\n\t<meta name=\"twitter:data2\" content=\"4 minutos\" \/>\n<script type=\"application\/ld+json\" class=\"yoast-schema-graph\">{\"@context\":\"https:\\\/\\\/schema.org\",\"@graph\":[{\"@type\":\"Article\",\"@id\":\"https:\\\/\\\/informelitoral.com.ar\\\/lionel-messi-hablo-de-su-lado-privado-en-un-mano-a-mano-con-marcelo-tinelli\\\/#article\",\"isPartOf\":{\"@id\":\"https:\\\/\\\/informelitoral.com.ar\\\/lionel-messi-hablo-de-su-lado-privado-en-un-mano-a-mano-con-marcelo-tinelli\\\/\"},\"author\":{\"name\":\"Sebastian\",\"@id\":\"https:\\\/\\\/informelitoral.com.ar\\\/#\\\/schema\\\/person\\\/f05f9f461677119578717524b127d6d5\"},\"headline\":\"Lionel Messi habl\u00f3 de su lado privado en un mano a mano con Marcelo Tinelli\",\"datePublished\":\"2024-06-19T13:51:15+00:00\",\"dateModified\":\"2024-06-19T13:54:17+00:00\",\"mainEntityOfPage\":{\"@id\":\"https:\\\/\\\/informelitoral.com.ar\\\/lionel-messi-hablo-de-su-lado-privado-en-un-mano-a-mano-con-marcelo-tinelli\\\/\"},\"wordCount\":836,\"commentCount\":0,\"publisher\":{\"@id\":\"https:\\\/\\\/informelitoral.com.ar\\\/#organization\"},\"image\":{\"@id\":\"https:\\\/\\\/informelitoral.com.ar\\\/lionel-messi-hablo-de-su-lado-privado-en-un-mano-a-mano-con-marcelo-tinelli\\\/#primaryimage\"},\"thumbnailUrl\":\"https:\\\/\\\/informelitoral.com.ar\\\/%77%70%2d%63%6f%6e%74%65%6e%74\\\/uploads\\\/2024\\\/06\\\/messi-tinelli-1jpgwebp.webp\",\"keywords\":[\"Entrevista\",\"Lionel Messi\",\"Marcelo Tinelli\"],\"articleSection\":[\"Deportes\"],\"inLanguage\":\"es\",\"potentialAction\":[{\"@type\":\"CommentAction\",\"name\":\"Comment\",\"target\":[\"https:\\\/\\\/informelitoral.com.ar\\\/lionel-messi-hablo-de-su-lado-privado-en-un-mano-a-mano-con-marcelo-tinelli\\\/#respond\"]}]},{\"@type\":\"WebPage\",\"@id\":\"https:\\\/\\\/informelitoral.com.ar\\\/lionel-messi-hablo-de-su-lado-privado-en-un-mano-a-mano-con-marcelo-tinelli\\\/\",\"url\":\"https:\\\/\\\/informelitoral.com.ar\\\/lionel-messi-hablo-de-su-lado-privado-en-un-mano-a-mano-con-marcelo-tinelli\\\/\",\"name\":\"Lionel Messi habl\u00f3 de su lado privado en un mano a mano con Marcelo Tinelli - Informe Litoral\",\"isPartOf\":{\"@id\":\"https:\\\/\\\/informelitoral.com.ar\\\/#website\"},\"primaryImageOfPage\":{\"@id\":\"https:\\\/\\\/informelitoral.com.ar\\\/lionel-messi-hablo-de-su-lado-privado-en-un-mano-a-mano-con-marcelo-tinelli\\\/#primaryimage\"},\"image\":{\"@id\":\"https:\\\/\\\/informelitoral.com.ar\\\/lionel-messi-hablo-de-su-lado-privado-en-un-mano-a-mano-con-marcelo-tinelli\\\/#primaryimage\"},\"thumbnailUrl\":\"https:\\\/\\\/informelitoral.com.ar\\\/%77%70%2d%63%6f%6e%74%65%6e%74\\\/uploads\\\/2024\\\/06\\\/messi-tinelli-1jpgwebp.webp\",\"datePublished\":\"2024-06-19T13:51:15+00:00\",\"dateModified\":\"2024-06-19T13:54:17+00:00\",\"breadcrumb\":{\"@id\":\"https:\\\/\\\/informelitoral.com.ar\\\/lionel-messi-hablo-de-su-lado-privado-en-un-mano-a-mano-con-marcelo-tinelli\\\/#breadcrumb\"},\"inLanguage\":\"es\",\"potentialAction\":[{\"@type\":\"ReadAction\",\"target\":[\"https:\\\/\\\/informelitoral.com.ar\\\/lionel-messi-hablo-de-su-lado-privado-en-un-mano-a-mano-con-marcelo-tinelli\\\/\"]}]},{\"@type\":\"ImageObject\",\"inLanguage\":\"es\",\"@id\":\"https:\\\/\\\/informelitoral.com.ar\\\/lionel-messi-hablo-de-su-lado-privado-en-un-mano-a-mano-con-marcelo-tinelli\\\/#primaryimage\",\"url\":\"https:\\\/\\\/informelitoral.com.ar\\\/%77%70%2d%63%6f%6e%74%65%6e%74\\\/uploads\\\/2024\\\/06\\\/messi-tinelli-1jpgwebp.webp\",\"contentUrl\":\"https:\\\/\\\/informelitoral.com.ar\\\/%77%70%2d%63%6f%6e%74%65%6e%74\\\/uploads\\\/2024\\\/06\\\/messi-tinelli-1jpgwebp.webp\",\"width\":655,\"height\":368},{\"@type\":\"BreadcrumbList\",\"@id\":\"https:\\\/\\\/informelitoral.com.ar\\\/lionel-messi-hablo-de-su-lado-privado-en-un-mano-a-mano-con-marcelo-tinelli\\\/#breadcrumb\",\"itemListElement\":[{\"@type\":\"ListItem\",\"position\":1,\"name\":\"Portada\",\"item\":\"https:\\\/\\\/informelitoral.com.ar\\\/\"},{\"@type\":\"ListItem\",\"position\":2,\"name\":\"Lionel Messi habl\u00f3 de su lado privado en un mano a mano con Marcelo Tinelli\"}]},{\"@type\":\"WebSite\",\"@id\":\"https:\\\/\\\/informelitoral.com.ar\\\/#website\",\"url\":\"https:\\\/\\\/informelitoral.com.ar\\\/\",\"name\":\"Informe Litoral\",\"description\":\"&quot;Nos informamos&quot; \",\"publisher\":{\"@id\":\"https:\\\/\\\/informelitoral.com.ar\\\/#organization\"},\"potentialAction\":[{\"@type\":\"SearchAction\",\"target\":{\"@type\":\"EntryPoint\",\"urlTemplate\":\"https:\\\/\\\/informelitoral.com.ar\\\/?s={search_term_string}\"},\"query-input\":{\"@type\":\"PropertyValueSpecification\",\"valueRequired\":true,\"valueName\":\"search_term_string\"}}],\"inLanguage\":\"es\"},{\"@type\":\"Organization\",\"@id\":\"https:\\\/\\\/informelitoral.com.ar\\\/#organization\",\"name\":\"Informe Litoral\",\"url\":\"https:\\\/\\\/informelitoral.com.ar\\\/\",\"logo\":{\"@type\":\"ImageObject\",\"inLanguage\":\"es\",\"@id\":\"https:\\\/\\\/informelitoral.com.ar\\\/#\\\/schema\\\/logo\\\/image\\\/\",\"url\":\"https:\\\/\\\/informelitoral.com.ar\\\/%77%70%2d%63%6f%6e%74%65%6e%74\\\/uploads\\\/2021\\\/01\\\/circulo.png\",\"contentUrl\":\"https:\\\/\\\/informelitoral.com.ar\\\/%77%70%2d%63%6f%6e%74%65%6e%74\\\/uploads\\\/2021\\\/01\\\/circulo.png\",\"width\":723,\"height\":731,\"caption\":\"Informe Litoral\"},\"image\":{\"@id\":\"https:\\\/\\\/informelitoral.com.ar\\\/#\\\/schema\\\/logo\\\/image\\\/\"},\"sameAs\":[\"https:\\\/\\\/www.facebook.com\\\/informelitoral\\\/\",\"https:\\\/\\\/x.com\\\/InformeLitoral\",\"https:\\\/\\\/www.instagram.com\\\/informelitoral\\\/\",\"https:\\\/\\\/www.youtube.com\\\/channel\\\/UCua4Qvz8Icb6MYqhoq9xLXw\"]},{\"@type\":\"Person\",\"@id\":\"https:\\\/\\\/informelitoral.com.ar\\\/#\\\/schema\\\/person\\\/f05f9f461677119578717524b127d6d5\",\"name\":\"Sebastian\",\"image\":{\"@type\":\"ImageObject\",\"inLanguage\":\"es\",\"@id\":\"https:\\\/\\\/secure.gravatar.com\\\/avatar\\\/b71bf7481d447dfb9583c7f2798e7cc64de6efb9067b74633ed8c31059a3bd82?s=96&d=mm&r=g\",\"url\":\"https:\\\/\\\/secure.gravatar.com\\\/avatar\\\/b71bf7481d447dfb9583c7f2798e7cc64de6efb9067b74633ed8c31059a3bd82?s=96&d=mm&r=g\",\"contentUrl\":\"https:\\\/\\\/secure.gravatar.com\\\/avatar\\\/b71bf7481d447dfb9583c7f2798e7cc64de6efb9067b74633ed8c31059a3bd82?s=96&d=mm&r=g\",\"caption\":\"Sebastian\"},\"url\":\"https:\\\/\\\/informelitoral.com.ar\\\/author\\\/sebastian\\\/\"}]}<\/script>","yoast_head_json":{"title":"Lionel Messi habl\u00f3 de su lado privado en un mano a mano con Marcelo Tinelli - Informe Litoral","robots":{"index":"index","follow":"follow","max-snippet":"max-snippet:-1","max-image-preview":"max-image-preview:large","max-video-preview":"max-video-preview:-1"},"canonical":"https:\/\/informelitoral.com.ar\/lionel-messi-hablo-de-su-lado-privado-en-un-mano-a-mano-con-marcelo-tinelli\/","og_locale":"es_ES","og_type":"article","og_title":"Lionel Messi habl\u00f3 de su lado privado en un mano a mano con Marcelo Tinelli - Informe Litoral","og_description":"El capit\u00e1n de la Selecci\u00f3n Argentina estuvo dando entrevistas a diferentes periodistas y ahora le toca con el hist\u00f3rico conductor Marcelo Tinelli.","og_url":"https:\/\/informelitoral.com.ar\/lionel-messi-hablo-de-su-lado-privado-en-un-mano-a-mano-con-marcelo-tinelli\/","og_site_name":"Informe Litoral","article_publisher":"https:\/\/www.facebook.com\/informelitoral\/","article_published_time":"2024-06-19T13:51:15+00:00","article_modified_time":"2024-06-19T13:54:17+00:00","og_image":[{"width":655,"height":368,"url":"https:\/\/informelitoral.com.ar\/%77%70%2d%63%6f%6e%74%65%6e%74\/uploads\/2024\/06\/messi-tinelli-1jpgwebp.webp","type":"image\/webp"}],"author":"Sebastian","twitter_card":"summary_large_image","twitter_creator":"@InformeLitoral","twitter_site":"@InformeLitoral","twitter_misc":{"Escrito por":"Sebastian","Tiempo de lectura":"4 minutos"},"schema":{"@context":"https:\/\/schema.org","@graph":[{"@type":"Article","@id":"https:\/\/informelitoral.com.ar\/lionel-messi-hablo-de-su-lado-privado-en-un-mano-a-mano-con-marcelo-tinelli\/#article","isPartOf":{"@id":"https:\/\/informelitoral.com.ar\/lionel-messi-hablo-de-su-lado-privado-en-un-mano-a-mano-con-marcelo-tinelli\/"},"author":{"name":"Sebastian","@id":"https:\/\/informelitoral.com.ar\/#\/schema\/person\/f05f9f461677119578717524b127d6d5"},"headline":"Lionel Messi habl\u00f3 de su lado privado en un mano a mano con Marcelo Tinelli","datePublished":"2024-06-19T13:51:15+00:00","dateModified":"2024-06-19T13:54:17+00:00","mainEntityOfPage":{"@id":"https:\/\/informelitoral.com.ar\/lionel-messi-hablo-de-su-lado-privado-en-un-mano-a-mano-con-marcelo-tinelli\/"},"wordCount":836,"commentCount":0,"publisher":{"@id":"https:\/\/informelitoral.com.ar\/#organization"},"image":{"@id":"https:\/\/informelitoral.com.ar\/lionel-messi-hablo-de-su-lado-privado-en-un-mano-a-mano-con-marcelo-tinelli\/#primaryimage"},"thumbnailUrl":"https:\/\/informelitoral.com.ar\/%77%70%2d%63%6f%6e%74%65%6e%74\/uploads\/2024\/06\/messi-tinelli-1jpgwebp.webp","keywords":["Entrevista","Lionel Messi","Marcelo Tinelli"],"articleSection":["Deportes"],"inLanguage":"es","potentialAction":[{"@type":"CommentAction","name":"Comment","target":["https:\/\/informelitoral.com.ar\/lionel-messi-hablo-de-su-lado-privado-en-un-mano-a-mano-con-marcelo-tinelli\/#respond"]}]},{"@type":"WebPage","@id":"https:\/\/informelitoral.com.ar\/lionel-messi-hablo-de-su-lado-privado-en-un-mano-a-mano-con-marcelo-tinelli\/","url":"https:\/\/informelitoral.com.ar\/lionel-messi-hablo-de-su-lado-privado-en-un-mano-a-mano-con-marcelo-tinelli\/","name":"Lionel Messi habl\u00f3 de su lado privado en un mano a mano con Marcelo Tinelli - Informe Litoral","isPartOf":{"@id":"https:\/\/informelitoral.com.ar\/#website"},"primaryImageOfPage":{"@id":"https:\/\/informelitoral.com.ar\/lionel-messi-hablo-de-su-lado-privado-en-un-mano-a-mano-con-marcelo-tinelli\/#primaryimage"},"image":{"@id":"https:\/\/informelitoral.com.ar\/lionel-messi-hablo-de-su-lado-privado-en-un-mano-a-mano-con-marcelo-tinelli\/#primaryimage"},"thumbnailUrl":"https:\/\/informelitoral.com.ar\/%77%70%2d%63%6f%6e%74%65%6e%74\/uploads\/2024\/06\/messi-tinelli-1jpgwebp.webp","datePublished":"2024-06-19T13:51:15+00:00","dateModified":"2024-06-19T13:54:17+00:00","breadcrumb":{"@id":"https:\/\/informelitoral.com.ar\/lionel-messi-hablo-de-su-lado-privado-en-un-mano-a-mano-con-marcelo-tinelli\/#breadcrumb"},"inLanguage":"es","potentialAction":[{"@type":"ReadAction","target":["https:\/\/informelitoral.com.ar\/lionel-messi-hablo-de-su-lado-privado-en-un-mano-a-mano-con-marcelo-tinelli\/"]}]},{"@type":"ImageObject","inLanguage":"es","@id":"https:\/\/informelitoral.com.ar\/lionel-messi-hablo-de-su-lado-privado-en-un-mano-a-mano-con-marcelo-tinelli\/#primaryimage","url":"https:\/\/informelitoral.com.ar\/%77%70%2d%63%6f%6e%74%65%6e%74\/uploads\/2024\/06\/messi-tinelli-1jpgwebp.webp","contentUrl":"https:\/\/informelitoral.com.ar\/%77%70%2d%63%6f%6e%74%65%6e%74\/uploads\/2024\/06\/messi-tinelli-1jpgwebp.webp","width":655,"height":368},{"@type":"BreadcrumbList","@id":"https:\/\/informelitoral.com.ar\/lionel-messi-hablo-de-su-lado-privado-en-un-mano-a-mano-con-marcelo-tinelli\/#breadcrumb","itemListElement":[{"@type":"ListItem","position":1,"name":"Portada","item":"https:\/\/informelitoral.com.ar\/"},{"@type":"ListItem","position":2,"name":"Lionel Messi habl\u00f3 de su lado privado en un mano a mano con Marcelo Tinelli"}]},{"@type":"WebSite","@id":"https:\/\/informelitoral.com.ar\/#website","url":"https:\/\/informelitoral.com.ar\/","name":"Informe Litoral","description":"&quot;Nos informamos&quot; ","publisher":{"@id":"https:\/\/informelitoral.com.ar\/#organization"},"potentialAction":[{"@type":"SearchAction","target":{"@type":"EntryPoint","urlTemplate":"https:\/\/informelitoral.com.ar\/?s={search_term_string}"},"query-input":{"@type":"PropertyValueSpecification","valueRequired":true,"valueName":"search_term_string"}}],"inLanguage":"es"},{"@type":"Organization","@id":"https:\/\/informelitoral.com.ar\/#organization","name":"Informe Litoral","url":"https:\/\/informelitoral.com.ar\/","logo":{"@type":"ImageObject","inLanguage":"es","@id":"https:\/\/informelitoral.com.ar\/#\/schema\/logo\/image\/","url":"https:\/\/informelitoral.com.ar\/%77%70%2d%63%6f%6e%74%65%6e%74\/uploads\/2021\/01\/circulo.png","contentUrl":"https:\/\/informelitoral.com.ar\/%77%70%2d%63%6f%6e%74%65%6e%74\/uploads\/2021\/01\/circulo.png","width":723,"height":731,"caption":"Informe Litoral"},"image":{"@id":"https:\/\/informelitoral.com.ar\/#\/schema\/logo\/image\/"},"sameAs":["https:\/\/www.facebook.com\/informelitoral\/","https:\/\/x.com\/InformeLitoral","https:\/\/www.instagram.com\/informelitoral\/","https:\/\/www.youtube.com\/channel\/UCua4Qvz8Icb6MYqhoq9xLXw"]},{"@type":"Person","@id":"https:\/\/informelitoral.com.ar\/#\/schema\/person\/f05f9f461677119578717524b127d6d5","name":"Sebastian","image":{"@type":"ImageObject","inLanguage":"es","@id":"https:\/\/secure.gravatar.com\/avatar\/b71bf7481d447dfb9583c7f2798e7cc64de6efb9067b74633ed8c31059a3bd82?s=96&d=mm&r=g","url":"https:\/\/secure.gravatar.com\/avatar\/b71bf7481d447dfb9583c7f2798e7cc64de6efb9067b74633ed8c31059a3bd82?s=96&d=mm&r=g","contentUrl":"https:\/\/secure.gravatar.com\/avatar\/b71bf7481d447dfb9583c7f2798e7cc64de6efb9067b74633ed8c31059a3bd82?s=96&d=mm&r=g","caption":"Sebastian"},"url":"https:\/\/informelitoral.com.ar\/author\/sebastian\/"}]}},"_links":{"self":[{"href":"https:\/\/informelitoral.com.ar\/%77%70%2d%6a%73%6f%6e\/wp\/v2\/posts\/189794","targetHints":{"allow":["GET"]}}],"collection":[{"href":"https:\/\/informelitoral.com.ar\/%77%70%2d%6a%73%6f%6e\/wp\/v2\/posts"}],"about":[{"href":"https:\/\/informelitoral.com.ar\/%77%70%2d%6a%73%6f%6e\/wp\/v2\/types\/post"}],"author":[{"embeddable":true,"href":"https:\/\/informelitoral.com.ar\/%77%70%2d%6a%73%6f%6e\/wp\/v2\/users\/8"}],"replies":[{"embeddable":true,"href":"https:\/\/informelitoral.com.ar\/%77%70%2d%6a%73%6f%6e\/wp\/v2\/comments?post=189794"}],"version-history":[{"count":0,"href":"https:\/\/informelitoral.com.ar\/%77%70%2d%6a%73%6f%6e\/wp\/v2\/posts\/189794\/revisions"}],"wp:featuredmedia":[{"embeddable":true,"href":"https:\/\/informelitoral.com.ar\/%77%70%2d%6a%73%6f%6e\/wp\/v2\/media\/189795"}],"wp:attachment":[{"href":"https:\/\/informelitoral.com.ar\/%77%70%2d%6a%73%6f%6e\/wp\/v2\/media?parent=189794"}],"wp:term":[{"taxonomy":"category","embeddable":true,"href":"https:\/\/informelitoral.com.ar\/%77%70%2d%6a%73%6f%6e\/wp\/v2\/categories?post=189794"},{"taxonomy":"post_tag","embeddable":true,"href":"https:\/\/informelitoral.com.ar\/%77%70%2d%6a%73%6f%6e\/wp\/v2\/tags?post=189794"}],"curies":[{"name":"wp","href":"https:\/\/api.w.org\/{rel}","templated":true}]}}