{"id":1896,"date":"2013-05-23T23:41:24","date_gmt":"2013-05-24T02:41:24","guid":{"rendered":"http:\/\/www.isletasnoticias.com.ar\/?p=1896"},"modified":"2013-05-23T23:43:07","modified_gmt":"2013-05-24T02:43:07","slug":"el-jardinero-k-cobro-220-mil-pesos-del-gobierno-de-entre-rios","status":"publish","type":"post","link":"https:\/\/informelitoral.com.ar\/el-jardinero-k-cobro-220-mil-pesos-del-gobierno-de-entre-rios\/","title":{"rendered":"El jardinero K cobr\u00f3 220 mil pesos del gobierno de Entre R\u00edos"},"content":{"rendered":"<p><strong><em>Ricardo Barreiro<\/em>, el ex jardinero millonario de Kirchner, cobr\u00f3 de parte del Gobierno de <em>Sergio Urribarri<\/em> la suma de 220.000 pesos en concepto de turismo social.<\/strong><\/p>\n<p><a href=\"http:\/\/www.isletasnoticias.com.ar\/%77%70%2d%63%6f%6e%74%65%6e%74\/uploads\/2013\/05\/JARDINERO.jpg\"><img loading=\"lazy\" decoding=\"async\" class=\"size-medium wp-image-1897 alignleft\" alt=\"JARDINERO\" src=\"http:\/\/www.isletasnoticias.com.ar\/%77%70%2d%63%6f%6e%74%65%6e%74\/uploads\/2013\/05\/JARDINERO-300x201.jpg\" width=\"300\" height=\"201\" srcset=\"https:\/\/informelitoral.com.ar\/%77%70%2d%63%6f%6e%74%65%6e%74\/uploads\/2013\/05\/JARDINERO-300x201.jpg 300w, https:\/\/informelitoral.com.ar\/%77%70%2d%63%6f%6e%74%65%6e%74\/uploads\/2013\/05\/JARDINERO.jpg 671w\" sizes=\"auto, (max-width: 300px) 100vw, 300px\" \/><\/a><\/p>\n<div><\/div>\n<div>\u00a0D\u00edas atr\u00e1s se pudo\u00a0conocer a trav\u00e9s del Sitio Rio Bravo que Barreiro fue nombrado por el gobierno de Entre R\u00edos Coordinador de Relaciones Institucionales del Centro Experimental de Industrias Culturales Entrerrianas (C.E.I.C.E.R.) ad honorem, mediante Decreto N\u00b0 2693\/12 MCYC, \u201cpero que perciba vi\u00e1ticos con un nivel de personal superior fuera de escalaf\u00f3n, funcionario pol\u00edtico nivel 41.\u201d<\/div>\n<div><\/div>\n<div>El decreto por el cual<strong> Ricardo Barreiro<\/strong> es designado es del 15 de agosto de 2012. El nombramiento se public\u00f3 en el bolet\u00edn oficial de la provincia de Entre R\u00edos el jueves 13 de diciembre de 2012 (N\u00b025.125, 232\/12).<\/div>\n<div><\/div>\n<div><\/div>\n<div>Ahora, el sitio Tu Entre R\u00edos pudo conocer que el ex jardinero de Kirchner cobr\u00f3 de parte del Gobierno de Entre R\u00edos la suma de 220.000 pesos en concepto de turismo social. El Expediente iniciado el 11 de diciembre del 2012 lleva el N\u00ba 1404306. El Ente Generador es la Mesa General de Entradas de la Asesor\u00eda Legal y T\u00e9cnica del Ministerio de Turismo del Poder Ejecutivo.<\/div>\n<div><\/div>\n<div><\/div>\n<div><b>Diputados Radicales piden informe<\/b><\/div>\n<div><\/div>\n<div>A todo esto, Diputados radicales presentaron en la C\u00e1mara baja provincial un pedido de informe referido a la contrataci\u00f3n de Ricardo Barreiro como coordinador de Relaciones Institucionales del Centro Experimental de Industrias Culturales Entrerrianas (C.E.I.C.E.R.) ad honorem, mediante Decreto N\u00b0 2693\/12 del ministerio de Cultura, percibiendo vi\u00e1ticos con un nivel de personal superior fuera de escalaf\u00f3n, funcionario pol\u00edtico nivel 41.<\/div>\n<div><\/div>\n<div><\/div>\n<div>La iniciativa que tiene las firmas de los diputados<strong> Felicitas Rodr\u00edguez, Agust\u00edn Federik, Pedro Ull\u00faa, Jorge Monge, Antonio Rubio<\/strong> y <strong>Foad Sosa<\/strong>, requiere tambi\u00e9n del gobernador, si conoce los antecedentes de acrecentamiento exponencial de los bienes del contratado, que fuera de profesi\u00f3n jardinero y si al momento de concretar su nombramiento, se tuvieron en cuenta y forman parte de su legajo, y tambi\u00e9n que describa las gestiones realizadas por el contratado que desde la fecha de su contrato se han concretado.<\/div>\n<div><\/div>\n<div>\u00a0Fuente: Tu Entre R\u00edos<\/div>\n","protected":false},"excerpt":{"rendered":"<p>Ricardo Barreiro, el ex jardinero millonario de Kirchner, cobr&oacute; de parte del Gobierno de Sergio Urribarri la suma de 220.000 pesos en concepto de turismo social. &nbsp;D&iacute;as atr&aacute;s se pudo&nbsp;conocer a trav&eacute;s del Sitio Rio Bravo que Barreiro fue nombrado por el gobierno de Entre R&iacute;os Coordinador de Relaciones Institucionales del Centro Experimental de Industrias [&hellip;]<\/p>\n","protected":false},"author":2,"featured_media":0,"comment_status":"open","ping_status":"open","sticky":false,"template":"","format":"standard","meta":{"fifu_image_url":"","fifu_image_alt":"","footnotes":""},"categories":[6,16],"tags":[],"class_list":{"0":"post-1896","1":"post","2":"type-post","3":"status-publish","4":"format-standard","6":"category-entre-rios","7":"category-politi"},"yoast_head":"<title>El jardinero K cobr\u00f3 220 mil pesos del gobierno de Entre R\u00edos - Informe Litoral<\/title>\n<meta name=\"robots\" content=\"index, follow, max-snippet:-1, max-image-preview:large, max-video-preview:-1\" \/>\n<link rel=\"canonical\" href=\"https:\/\/informelitoral.com.ar\/el-jardinero-k-cobro-220-mil-pesos-del-gobierno-de-entre-rios\/\" \/>\n<meta property=\"og:locale\" content=\"es_ES\" \/>\n<meta property=\"og:type\" content=\"article\" \/>\n<meta property=\"og:title\" content=\"El jardinero K cobr\u00f3 220 mil pesos del gobierno de Entre R\u00edos - Informe Litoral\" \/>\n<meta property=\"og:description\" content=\"Ricardo Barreiro, el ex jardinero millonario de Kirchner, cobr&oacute; de parte del Gobierno de Sergio Urribarri la suma de 220.000 pesos en concepto de turismo social. &nbsp;D&iacute;as atr&aacute;s se pudo&nbsp;conocer a trav&eacute;s del Sitio Rio Bravo que Barreiro fue nombrado por el gobierno de Entre R&iacute;os Coordinador de Relaciones Institucionales del Centro Experimental de Industrias [&hellip;]\" \/>\n<meta property=\"og:url\" content=\"https:\/\/informelitoral.com.ar\/el-jardinero-k-cobro-220-mil-pesos-del-gobierno-de-entre-rios\/\" \/>\n<meta property=\"og:site_name\" content=\"Informe Litoral\" \/>\n<meta property=\"article:publisher\" content=\"https:\/\/www.facebook.com\/informelitoral\/\" \/>\n<meta property=\"article:published_time\" content=\"2013-05-24T02:41:24+00:00\" \/>\n<meta property=\"article:modified_time\" content=\"2013-05-24T02:43:07+00:00\" \/>\n<meta property=\"og:image\" content=\"https:\/\/informelitoral.com.ar\/%77%70%2d%63%6f%6e%74%65%6e%74\/uploads\/2013\/05\/JARDINERO.jpg\" \/>\n\t<meta property=\"og:image:width\" content=\"671\" \/>\n\t<meta property=\"og:image:height\" content=\"450\" \/>\n\t<meta property=\"og:image:type\" content=\"image\/jpeg\" \/>\n<meta name=\"author\" content=\"Gonzalo Schmidt\" \/>\n<meta name=\"twitter:card\" content=\"summary_large_image\" \/>\n<meta name=\"twitter:creator\" content=\"@InformeLitoral\" \/>\n<meta name=\"twitter:site\" content=\"@InformeLitoral\" \/>\n<meta name=\"twitter:label1\" content=\"Escrito por\" \/>\n\t<meta name=\"twitter:data1\" content=\"Gonzalo Schmidt\" \/>\n\t<meta name=\"twitter:label2\" content=\"Tiempo de lectura\" \/>\n\t<meta name=\"twitter:data2\" content=\"2 minutos\" \/>\n<script type=\"application\/ld+json\" class=\"yoast-schema-graph\">{\"@context\":\"https:\\\/\\\/schema.org\",\"@graph\":[{\"@type\":\"Article\",\"@id\":\"https:\\\/\\\/informelitoral.com.ar\\\/el-jardinero-k-cobro-220-mil-pesos-del-gobierno-de-entre-rios\\\/#article\",\"isPartOf\":{\"@id\":\"https:\\\/\\\/informelitoral.com.ar\\\/el-jardinero-k-cobro-220-mil-pesos-del-gobierno-de-entre-rios\\\/\"},\"author\":{\"name\":\"Gonzalo Schmidt\",\"@id\":\"https:\\\/\\\/informelitoral.com.ar\\\/#\\\/schema\\\/person\\\/b9d00407c836482871ef1d57bf8e3180\"},\"headline\":\"El jardinero K cobr\u00f3 220 mil pesos del gobierno de Entre R\u00edos\",\"datePublished\":\"2013-05-24T02:41:24+00:00\",\"dateModified\":\"2013-05-24T02:43:07+00:00\",\"mainEntityOfPage\":{\"@id\":\"https:\\\/\\\/informelitoral.com.ar\\\/el-jardinero-k-cobro-220-mil-pesos-del-gobierno-de-entre-rios\\\/\"},\"wordCount\":371,\"commentCount\":0,\"publisher\":{\"@id\":\"https:\\\/\\\/informelitoral.com.ar\\\/#organization\"},\"image\":{\"@id\":\"https:\\\/\\\/informelitoral.com.ar\\\/el-jardinero-k-cobro-220-mil-pesos-del-gobierno-de-entre-rios\\\/#primaryimage\"},\"thumbnailUrl\":\"http:\\\/\\\/www.isletasnoticias.com.ar\\\/%77%70%2d%63%6f%6e%74%65%6e%74\\\/uploads\\\/2013\\\/05\\\/JARDINERO-300x201.jpg\",\"articleSection\":[\"Entre R\u00edos\",\"Politica\"],\"inLanguage\":\"es\",\"potentialAction\":[{\"@type\":\"CommentAction\",\"name\":\"Comment\",\"target\":[\"https:\\\/\\\/informelitoral.com.ar\\\/el-jardinero-k-cobro-220-mil-pesos-del-gobierno-de-entre-rios\\\/#respond\"]}]},{\"@type\":\"WebPage\",\"@id\":\"https:\\\/\\\/informelitoral.com.ar\\\/el-jardinero-k-cobro-220-mil-pesos-del-gobierno-de-entre-rios\\\/\",\"url\":\"https:\\\/\\\/informelitoral.com.ar\\\/el-jardinero-k-cobro-220-mil-pesos-del-gobierno-de-entre-rios\\\/\",\"name\":\"El jardinero K cobr\u00f3 220 mil pesos del gobierno de Entre R\u00edos - Informe Litoral\",\"isPartOf\":{\"@id\":\"https:\\\/\\\/informelitoral.com.ar\\\/#website\"},\"primaryImageOfPage\":{\"@id\":\"https:\\\/\\\/informelitoral.com.ar\\\/el-jardinero-k-cobro-220-mil-pesos-del-gobierno-de-entre-rios\\\/#primaryimage\"},\"image\":{\"@id\":\"https:\\\/\\\/informelitoral.com.ar\\\/el-jardinero-k-cobro-220-mil-pesos-del-gobierno-de-entre-rios\\\/#primaryimage\"},\"thumbnailUrl\":\"http:\\\/\\\/www.isletasnoticias.com.ar\\\/%77%70%2d%63%6f%6e%74%65%6e%74\\\/uploads\\\/2013\\\/05\\\/JARDINERO-300x201.jpg\",\"datePublished\":\"2013-05-24T02:41:24+00:00\",\"dateModified\":\"2013-05-24T02:43:07+00:00\",\"breadcrumb\":{\"@id\":\"https:\\\/\\\/informelitoral.com.ar\\\/el-jardinero-k-cobro-220-mil-pesos-del-gobierno-de-entre-rios\\\/#breadcrumb\"},\"inLanguage\":\"es\",\"potentialAction\":[{\"@type\":\"ReadAction\",\"target\":[\"https:\\\/\\\/informelitoral.com.ar\\\/el-jardinero-k-cobro-220-mil-pesos-del-gobierno-de-entre-rios\\\/\"]}]},{\"@type\":\"ImageObject\",\"inLanguage\":\"es\",\"@id\":\"https:\\\/\\\/informelitoral.com.ar\\\/el-jardinero-k-cobro-220-mil-pesos-del-gobierno-de-entre-rios\\\/#primaryimage\",\"url\":\"http:\\\/\\\/www.isletasnoticias.com.ar\\\/%77%70%2d%63%6f%6e%74%65%6e%74\\\/uploads\\\/2013\\\/05\\\/JARDINERO-300x201.jpg\",\"contentUrl\":\"http:\\\/\\\/www.isletasnoticias.com.ar\\\/%77%70%2d%63%6f%6e%74%65%6e%74\\\/uploads\\\/2013\\\/05\\\/JARDINERO-300x201.jpg\"},{\"@type\":\"BreadcrumbList\",\"@id\":\"https:\\\/\\\/informelitoral.com.ar\\\/el-jardinero-k-cobro-220-mil-pesos-del-gobierno-de-entre-rios\\\/#breadcrumb\",\"itemListElement\":[{\"@type\":\"ListItem\",\"position\":1,\"name\":\"Portada\",\"item\":\"https:\\\/\\\/informelitoral.com.ar\\\/\"},{\"@type\":\"ListItem\",\"position\":2,\"name\":\"El jardinero K cobr\u00f3 220 mil pesos del gobierno de Entre R\u00edos\"}]},{\"@type\":\"WebSite\",\"@id\":\"https:\\\/\\\/informelitoral.com.ar\\\/#website\",\"url\":\"https:\\\/\\\/informelitoral.com.ar\\\/\",\"name\":\"Informe Litoral\",\"description\":\"&quot;Nos informamos&quot; \",\"publisher\":{\"@id\":\"https:\\\/\\\/informelitoral.com.ar\\\/#organization\"},\"potentialAction\":[{\"@type\":\"SearchAction\",\"target\":{\"@type\":\"EntryPoint\",\"urlTemplate\":\"https:\\\/\\\/informelitoral.com.ar\\\/?s={search_term_string}\"},\"query-input\":{\"@type\":\"PropertyValueSpecification\",\"valueRequired\":true,\"valueName\":\"search_term_string\"}}],\"inLanguage\":\"es\"},{\"@type\":\"Organization\",\"@id\":\"https:\\\/\\\/informelitoral.com.ar\\\/#organization\",\"name\":\"Informe Litoral\",\"url\":\"https:\\\/\\\/informelitoral.com.ar\\\/\",\"logo\":{\"@type\":\"ImageObject\",\"inLanguage\":\"es\",\"@id\":\"https:\\\/\\\/informelitoral.com.ar\\\/#\\\/schema\\\/logo\\\/image\\\/\",\"url\":\"https:\\\/\\\/informelitoral.com.ar\\\/%77%70%2d%63%6f%6e%74%65%6e%74\\\/uploads\\\/2021\\\/01\\\/circulo.png\",\"contentUrl\":\"https:\\\/\\\/informelitoral.com.ar\\\/%77%70%2d%63%6f%6e%74%65%6e%74\\\/uploads\\\/2021\\\/01\\\/circulo.png\",\"width\":723,\"height\":731,\"caption\":\"Informe Litoral\"},\"image\":{\"@id\":\"https:\\\/\\\/informelitoral.com.ar\\\/#\\\/schema\\\/logo\\\/image\\\/\"},\"sameAs\":[\"https:\\\/\\\/www.facebook.com\\\/informelitoral\\\/\",\"https:\\\/\\\/x.com\\\/InformeLitoral\",\"https:\\\/\\\/www.instagram.com\\\/informelitoral\\\/\",\"https:\\\/\\\/www.youtube.com\\\/channel\\\/UCua4Qvz8Icb6MYqhoq9xLXw\"]},{\"@type\":\"Person\",\"@id\":\"https:\\\/\\\/informelitoral.com.ar\\\/#\\\/schema\\\/person\\\/b9d00407c836482871ef1d57bf8e3180\",\"name\":\"Gonzalo Schmidt\",\"image\":{\"@type\":\"ImageObject\",\"inLanguage\":\"es\",\"@id\":\"https:\\\/\\\/secure.gravatar.com\\\/avatar\\\/31a1a7b66ff2de83bd0e9fd79d026630d2d99e55e8bfe501287647b4fd9743de?s=96&d=mm&r=g\",\"url\":\"https:\\\/\\\/secure.gravatar.com\\\/avatar\\\/31a1a7b66ff2de83bd0e9fd79d026630d2d99e55e8bfe501287647b4fd9743de?s=96&d=mm&r=g\",\"contentUrl\":\"https:\\\/\\\/secure.gravatar.com\\\/avatar\\\/31a1a7b66ff2de83bd0e9fd79d026630d2d99e55e8bfe501287647b4fd9743de?s=96&d=mm&r=g\",\"caption\":\"Gonzalo Schmidt\"},\"description\":\"Sitio web de noticias de la provincia de Entre R\u00edos, Argentina. Informaci\u00f3n y entretenimiento. Informe Litoral, nos informamos.\",\"sameAs\":[\"http:\\\/\\\/www.isletasnoticias.com.ar\"],\"url\":\"https:\\\/\\\/informelitoral.com.ar\\\/author\\\/gonzalo\\\/\"}]}<\/script>","yoast_head_json":{"title":"El jardinero K cobr\u00f3 220 mil pesos del gobierno de Entre R\u00edos - Informe Litoral","robots":{"index":"index","follow":"follow","max-snippet":"max-snippet:-1","max-image-preview":"max-image-preview:large","max-video-preview":"max-video-preview:-1"},"canonical":"https:\/\/informelitoral.com.ar\/el-jardinero-k-cobro-220-mil-pesos-del-gobierno-de-entre-rios\/","og_locale":"es_ES","og_type":"article","og_title":"El jardinero K cobr\u00f3 220 mil pesos del gobierno de Entre R\u00edos - Informe Litoral","og_description":"Ricardo Barreiro, el ex jardinero millonario de Kirchner, cobr&oacute; de parte del Gobierno de Sergio Urribarri la suma de 220.000 pesos en concepto de turismo social. &nbsp;D&iacute;as atr&aacute;s se pudo&nbsp;conocer a trav&eacute;s del Sitio Rio Bravo que Barreiro fue nombrado por el gobierno de Entre R&iacute;os Coordinador de Relaciones Institucionales del Centro Experimental de Industrias [&hellip;]","og_url":"https:\/\/informelitoral.com.ar\/el-jardinero-k-cobro-220-mil-pesos-del-gobierno-de-entre-rios\/","og_site_name":"Informe Litoral","article_publisher":"https:\/\/www.facebook.com\/informelitoral\/","article_published_time":"2013-05-24T02:41:24+00:00","article_modified_time":"2013-05-24T02:43:07+00:00","og_image":[{"width":671,"height":450,"url":"https:\/\/informelitoral.com.ar\/%77%70%2d%63%6f%6e%74%65%6e%74\/uploads\/2013\/05\/JARDINERO.jpg","type":"image\/jpeg"}],"author":"Gonzalo Schmidt","twitter_card":"summary_large_image","twitter_creator":"@InformeLitoral","twitter_site":"@InformeLitoral","twitter_misc":{"Escrito por":"Gonzalo Schmidt","Tiempo de lectura":"2 minutos"},"schema":{"@context":"https:\/\/schema.org","@graph":[{"@type":"Article","@id":"https:\/\/informelitoral.com.ar\/el-jardinero-k-cobro-220-mil-pesos-del-gobierno-de-entre-rios\/#article","isPartOf":{"@id":"https:\/\/informelitoral.com.ar\/el-jardinero-k-cobro-220-mil-pesos-del-gobierno-de-entre-rios\/"},"author":{"name":"Gonzalo Schmidt","@id":"https:\/\/informelitoral.com.ar\/#\/schema\/person\/b9d00407c836482871ef1d57bf8e3180"},"headline":"El jardinero K cobr\u00f3 220 mil pesos del gobierno de Entre R\u00edos","datePublished":"2013-05-24T02:41:24+00:00","dateModified":"2013-05-24T02:43:07+00:00","mainEntityOfPage":{"@id":"https:\/\/informelitoral.com.ar\/el-jardinero-k-cobro-220-mil-pesos-del-gobierno-de-entre-rios\/"},"wordCount":371,"commentCount":0,"publisher":{"@id":"https:\/\/informelitoral.com.ar\/#organization"},"image":{"@id":"https:\/\/informelitoral.com.ar\/el-jardinero-k-cobro-220-mil-pesos-del-gobierno-de-entre-rios\/#primaryimage"},"thumbnailUrl":"http:\/\/www.isletasnoticias.com.ar\/%77%70%2d%63%6f%6e%74%65%6e%74\/uploads\/2013\/05\/JARDINERO-300x201.jpg","articleSection":["Entre R\u00edos","Politica"],"inLanguage":"es","potentialAction":[{"@type":"CommentAction","name":"Comment","target":["https:\/\/informelitoral.com.ar\/el-jardinero-k-cobro-220-mil-pesos-del-gobierno-de-entre-rios\/#respond"]}]},{"@type":"WebPage","@id":"https:\/\/informelitoral.com.ar\/el-jardinero-k-cobro-220-mil-pesos-del-gobierno-de-entre-rios\/","url":"https:\/\/informelitoral.com.ar\/el-jardinero-k-cobro-220-mil-pesos-del-gobierno-de-entre-rios\/","name":"El jardinero K cobr\u00f3 220 mil pesos del gobierno de Entre R\u00edos - Informe Litoral","isPartOf":{"@id":"https:\/\/informelitoral.com.ar\/#website"},"primaryImageOfPage":{"@id":"https:\/\/informelitoral.com.ar\/el-jardinero-k-cobro-220-mil-pesos-del-gobierno-de-entre-rios\/#primaryimage"},"image":{"@id":"https:\/\/informelitoral.com.ar\/el-jardinero-k-cobro-220-mil-pesos-del-gobierno-de-entre-rios\/#primaryimage"},"thumbnailUrl":"http:\/\/www.isletasnoticias.com.ar\/%77%70%2d%63%6f%6e%74%65%6e%74\/uploads\/2013\/05\/JARDINERO-300x201.jpg","datePublished":"2013-05-24T02:41:24+00:00","dateModified":"2013-05-24T02:43:07+00:00","breadcrumb":{"@id":"https:\/\/informelitoral.com.ar\/el-jardinero-k-cobro-220-mil-pesos-del-gobierno-de-entre-rios\/#breadcrumb"},"inLanguage":"es","potentialAction":[{"@type":"ReadAction","target":["https:\/\/informelitoral.com.ar\/el-jardinero-k-cobro-220-mil-pesos-del-gobierno-de-entre-rios\/"]}]},{"@type":"ImageObject","inLanguage":"es","@id":"https:\/\/informelitoral.com.ar\/el-jardinero-k-cobro-220-mil-pesos-del-gobierno-de-entre-rios\/#primaryimage","url":"http:\/\/www.isletasnoticias.com.ar\/%77%70%2d%63%6f%6e%74%65%6e%74\/uploads\/2013\/05\/JARDINERO-300x201.jpg","contentUrl":"http:\/\/www.isletasnoticias.com.ar\/%77%70%2d%63%6f%6e%74%65%6e%74\/uploads\/2013\/05\/JARDINERO-300x201.jpg"},{"@type":"BreadcrumbList","@id":"https:\/\/informelitoral.com.ar\/el-jardinero-k-cobro-220-mil-pesos-del-gobierno-de-entre-rios\/#breadcrumb","itemListElement":[{"@type":"ListItem","position":1,"name":"Portada","item":"https:\/\/informelitoral.com.ar\/"},{"@type":"ListItem","position":2,"name":"El jardinero K cobr\u00f3 220 mil pesos del gobierno de Entre R\u00edos"}]},{"@type":"WebSite","@id":"https:\/\/informelitoral.com.ar\/#website","url":"https:\/\/informelitoral.com.ar\/","name":"Informe Litoral","description":"&quot;Nos informamos&quot; ","publisher":{"@id":"https:\/\/informelitoral.com.ar\/#organization"},"potentialAction":[{"@type":"SearchAction","target":{"@type":"EntryPoint","urlTemplate":"https:\/\/informelitoral.com.ar\/?s={search_term_string}"},"query-input":{"@type":"PropertyValueSpecification","valueRequired":true,"valueName":"search_term_string"}}],"inLanguage":"es"},{"@type":"Organization","@id":"https:\/\/informelitoral.com.ar\/#organization","name":"Informe Litoral","url":"https:\/\/informelitoral.com.ar\/","logo":{"@type":"ImageObject","inLanguage":"es","@id":"https:\/\/informelitoral.com.ar\/#\/schema\/logo\/image\/","url":"https:\/\/informelitoral.com.ar\/%77%70%2d%63%6f%6e%74%65%6e%74\/uploads\/2021\/01\/circulo.png","contentUrl":"https:\/\/informelitoral.com.ar\/%77%70%2d%63%6f%6e%74%65%6e%74\/uploads\/2021\/01\/circulo.png","width":723,"height":731,"caption":"Informe Litoral"},"image":{"@id":"https:\/\/informelitoral.com.ar\/#\/schema\/logo\/image\/"},"sameAs":["https:\/\/www.facebook.com\/informelitoral\/","https:\/\/x.com\/InformeLitoral","https:\/\/www.instagram.com\/informelitoral\/","https:\/\/www.youtube.com\/channel\/UCua4Qvz8Icb6MYqhoq9xLXw"]},{"@type":"Person","@id":"https:\/\/informelitoral.com.ar\/#\/schema\/person\/b9d00407c836482871ef1d57bf8e3180","name":"Gonzalo Schmidt","image":{"@type":"ImageObject","inLanguage":"es","@id":"https:\/\/secure.gravatar.com\/avatar\/31a1a7b66ff2de83bd0e9fd79d026630d2d99e55e8bfe501287647b4fd9743de?s=96&d=mm&r=g","url":"https:\/\/secure.gravatar.com\/avatar\/31a1a7b66ff2de83bd0e9fd79d026630d2d99e55e8bfe501287647b4fd9743de?s=96&d=mm&r=g","contentUrl":"https:\/\/secure.gravatar.com\/avatar\/31a1a7b66ff2de83bd0e9fd79d026630d2d99e55e8bfe501287647b4fd9743de?s=96&d=mm&r=g","caption":"Gonzalo Schmidt"},"description":"Sitio web de noticias de la provincia de Entre R\u00edos, Argentina. Informaci\u00f3n y entretenimiento. Informe Litoral, nos informamos.","sameAs":["http:\/\/www.isletasnoticias.com.ar"],"url":"https:\/\/informelitoral.com.ar\/author\/gonzalo\/"}]}},"_links":{"self":[{"href":"https:\/\/informelitoral.com.ar\/%77%70%2d%6a%73%6f%6e\/wp\/v2\/posts\/1896","targetHints":{"allow":["GET"]}}],"collection":[{"href":"https:\/\/informelitoral.com.ar\/%77%70%2d%6a%73%6f%6e\/wp\/v2\/posts"}],"about":[{"href":"https:\/\/informelitoral.com.ar\/%77%70%2d%6a%73%6f%6e\/wp\/v2\/types\/post"}],"author":[{"embeddable":true,"href":"https:\/\/informelitoral.com.ar\/%77%70%2d%6a%73%6f%6e\/wp\/v2\/users\/2"}],"replies":[{"embeddable":true,"href":"https:\/\/informelitoral.com.ar\/%77%70%2d%6a%73%6f%6e\/wp\/v2\/comments?post=1896"}],"version-history":[{"count":0,"href":"https:\/\/informelitoral.com.ar\/%77%70%2d%6a%73%6f%6e\/wp\/v2\/posts\/1896\/revisions"}],"wp:attachment":[{"href":"https:\/\/informelitoral.com.ar\/%77%70%2d%6a%73%6f%6e\/wp\/v2\/media?parent=1896"}],"wp:term":[{"taxonomy":"category","embeddable":true,"href":"https:\/\/informelitoral.com.ar\/%77%70%2d%6a%73%6f%6e\/wp\/v2\/categories?post=1896"},{"taxonomy":"post_tag","embeddable":true,"href":"https:\/\/informelitoral.com.ar\/%77%70%2d%6a%73%6f%6e\/wp\/v2\/tags?post=1896"}],"curies":[{"name":"wp","href":"https:\/\/api.w.org\/{rel}","templated":true}]}}