{"id":1891,"date":"2013-05-23T23:11:04","date_gmt":"2013-05-24T02:11:04","guid":{"rendered":"http:\/\/www.isletasnoticias.com.ar\/?p=1891"},"modified":"2013-05-23T23:29:45","modified_gmt":"2013-05-24T02:29:45","slug":"entregaron-aportes-por-375-millones-de-pesos-a-cooperativas-para-construir-viviendas-sociales","status":"publish","type":"post","link":"https:\/\/informelitoral.com.ar\/entregaron-aportes-por-375-millones-de-pesos-a-cooperativas-para-construir-viviendas-sociales\/","title":{"rendered":"Entregaron aportes por 37,5 millones de pesos a cooperativas para construir viviendas sociales"},"content":{"rendered":"<div>\u00a0 <strong>Se realiz\u00f3 en Villaguay la entrega de aportes por 37,5 millones de pesos a cooperativas de 36 municipios y juntas de gobierno y la firma de convenios por un total de 313 millones de pesos para la construcci\u00f3n de viviendas sociales, en el marco de los programas de Integraci\u00f3n Sociocomunitario, de Pueblos Originarios y Rurales y de Infraestructura Social. El gobernador <em>Sergio Urribarri<\/em> se\u00f1al\u00f3 que \u201choy generamos 6.000 puestos de trabajo, entre directos e indirectos, con las obras que ponemos en marcha\u201d y asegur\u00f3 que \u201ccon los convenios que se firmar\u00e1n de aqu\u00ed a fin de a\u00f1o, ser\u00e1n 10.000 personas las que estar\u00e1n trabajando por estos programas\u201d.<a href=\"http:\/\/www.isletasnoticias.com.ar\/%77%70%2d%63%6f%6e%74%65%6e%74\/uploads\/2013\/05\/1369344364.jpg\"><img loading=\"lazy\" decoding=\"async\" class=\"size-medium wp-image-1892 alignright\" alt=\"1369344364\" src=\"http:\/\/www.isletasnoticias.com.ar\/%77%70%2d%63%6f%6e%74%65%6e%74\/uploads\/2013\/05\/1369344364-300x197.jpg\" width=\"300\" height=\"197\" srcset=\"https:\/\/informelitoral.com.ar\/%77%70%2d%63%6f%6e%74%65%6e%74\/uploads\/2013\/05\/1369344364-300x197.jpg 300w, https:\/\/informelitoral.com.ar\/%77%70%2d%63%6f%6e%74%65%6e%74\/uploads\/2013\/05\/1369344364.jpg 1000w\" sizes=\"auto, (max-width: 300px) 100vw, 300px\" \/><\/a><\/strong><\/div>\n<div><\/div>\n<div>El acto tuvo lugar este jueves en el Club Atl\u00e9tico Hurac\u00e1n y acompa\u00f1aron al mandatario el intendente Adri\u00e1n Fuertes; los ministros de Desarrollo Social, Carlos Ramos, y de Planeamiento, Juan Javier Garc\u00eda; el coordinador de la Unidad Ejecutora de Programas Especiales, Daniel Irigoyen; el asesor de la Secretar\u00eda de Vivienda de la Naci\u00f3n, Roberto Britos; el diputado nacional Julio Solanas; diputados y senadores provinciales; presidentes municipales y de juntas de gobierno; funcionarios; y miembros de las cooperativas beneficiadas.En un la oportunidad, el mandatario asegur\u00f3 que \u201cdespu\u00e9s de m\u00e1s de 50 a\u00f1os tenemos la posibilidad los entrerrianos de que el gobierno nacional le est\u00e9 pagando a Entre R\u00edos lo que la historia le deb\u00eda. N\u00e9stor primero y Cristina despu\u00e9s, nos est\u00e1n devolviendo lo que nos hab\u00edan negado en la historia todos los gobiernos nacionales, que nos dejaron soslayados de los grandes planes de infraestructura. Pero no s\u00f3lo nos est\u00e1n devolviendo obras que nos permiten crecer y que nuestros j\u00f3venes no se vayan, sino que hay algo mucho m\u00e1s importante que los entrerrianos hemos recuperado de punta a punta en toda la provincia y es la esperanza de un futuro mucho mejor\u201d, expres\u00f3.<\/p>\n<p>\u201cHay que aprovechar este momento, trabajando mucho. Este es el mejor momento para Entre R\u00edos\u201d, enfatiz\u00f3 el mandatario y se\u00f1al\u00f3 que \u201cla gente cree que va a llegar la soluci\u00f3n a todos lados, y no los vamos a defraudar. Por eso hay que trabajar muchas horas y si alguno se queda atr\u00e1s tratamos de que apure el ritmo, y si no lo hace se va a quedar atr\u00e1s de todo\u201d.<\/p>\n<p>Luego inst\u00f3 a \u201cseguir trabajando as\u00ed, porque no hay otra manera de poner a Entre R\u00edos en el lugar que nosotros la pusimos desde hace cinco a\u00f1os, en un rol importante en el consenso nacional. Antes \u00e9ramos una provincia que est\u00e1bamos en el puesto de la mitad para abajo. Ahora estamos con la esperanza de que nuestras obras nos van a permitir seguir creciendo y hay que ponerle mucho ritmo\u201d.<\/p>\n<p>Agradeci\u00f3, porque \u201cnada de esto hubi\u00e9ramos podido hacer desde el gobierno s\u00f3lo, si no hubiesen participado con nosotros las instituciones, la sociedad civil en su conjunto\u201d.<\/p>\n<p>Agreg\u00f3 que \u201ctenemos confianza de que vamos a seguir as\u00ed en estos dos a\u00f1os y medio largu\u00edsimos que nos quedan; y que nadie se apure a tomar un atajo o a buscar un puesto mejor, alguna candidatura. Son dos a\u00f1os y medio que la gente nos vot\u00f3 para que trabajemos hasta el \u00faltimo d\u00eda. Que nadie quiera apurar, aqu\u00ed las candidaturas, los procesos electorales van a ser medios, mientras tanto tenemos que trabajar todos los d\u00edas para que esa esperanza, las expectativas, que generamos en la gente se cumplan. De esta manera, muy unidos, muy solidarios, pero tambi\u00e9n muy inteligentes vamos a seguir hasta el \u00faltimo d\u00eda de nuestra gesti\u00f3n\u201d.<\/p>\n<p>Por \u00faltimo, asegur\u00f3 que \u201choy generamos 6.000 puestos de trabajo, entre directos e indirectos, con las obras que ponemos en marcha y con los convenios que vamos a firmar de aqu\u00ed a fin de a\u00f1o, vamos a superar los 10.000 entrerrianos trabajando en este programa\u201d.<\/p>\n<p>Por su parte, el intendente Adri\u00e1n Fuertes dijo: \u201cQuiero ratificar y reafirmar que estoy cada d\u00eda m\u00e1s orgulloso y convencido de lo que estamos haciendo. Hemos tenido fondos p\u00fablicos federales del gobierno nacional como nunca en nuestra regi\u00f3n. Nunca en la historia ha sucedido eso en nuestra provincia, y menos en el interior\u201d. Y agreg\u00f3: \u201cNos discriminaron toda la vida y desde que tenemos este gobernador, nos han tapado de obras y no queremos dejar que termine este c\u00edrculo virtuoso\u201d.<\/p>\n<\/div>\n<div><\/div>\n<div><strong>En Ram\u00edrez se construir\u00e1n 26 viviendas<\/strong><\/div>\n<div><\/div>\n<div>El intendente de Ram\u00edrez<strong> Edelmiro Kramer<\/strong>, particip\u00f3 del acto, donde \u00abse oficializo la firma del convenio por la construcci\u00f3n de 26 viviendas sociales y un Centro Comunitario para nuestra ciudad. Esto ser\u00e1 construido Barrio Tanque, con una inversi\u00f3n de aproximadamente 7 millones de pesos\u00bb. Precisaron desde prensa municipal.<\/div>\n","protected":false},"excerpt":{"rendered":"<p>&nbsp; Se realiz&oacute; en Villaguay la entrega de aportes por 37,5 millones de pesos a cooperativas de 36 municipios y juntas de gobierno y la firma de convenios por un total de 313 millones de pesos para la construcci&oacute;n de viviendas sociales, en el marco de los programas de Integraci&oacute;n Sociocomunitario, de Pueblos Originarios y [&hellip;]<\/p>\n","protected":false},"author":2,"featured_media":0,"comment_status":"open","ping_status":"open","sticky":false,"template":"","format":"standard","meta":{"fifu_image_url":"","fifu_image_alt":"","footnotes":""},"categories":[6,16],"tags":[],"class_list":{"0":"post-1891","1":"post","2":"type-post","3":"status-publish","4":"format-standard","6":"category-entre-rios","7":"category-politi"},"yoast_head":"<title>Entregaron aportes por 37,5 millones de pesos a cooperativas para construir viviendas sociales - Informe Litoral<\/title>\n<meta name=\"robots\" content=\"index, follow, max-snippet:-1, max-image-preview:large, max-video-preview:-1\" \/>\n<link rel=\"canonical\" href=\"https:\/\/informelitoral.com.ar\/entregaron-aportes-por-375-millones-de-pesos-a-cooperativas-para-construir-viviendas-sociales\/\" \/>\n<meta property=\"og:locale\" content=\"es_ES\" \/>\n<meta property=\"og:type\" content=\"article\" \/>\n<meta property=\"og:title\" content=\"Entregaron aportes por 37,5 millones de pesos a cooperativas para construir viviendas sociales - Informe Litoral\" \/>\n<meta property=\"og:description\" content=\"&nbsp; Se realiz&oacute; en Villaguay la entrega de aportes por 37,5 millones de pesos a cooperativas de 36 municipios y juntas de gobierno y la firma de convenios por un total de 313 millones de pesos para la construcci&oacute;n de viviendas sociales, en el marco de los programas de Integraci&oacute;n Sociocomunitario, de Pueblos Originarios y [&hellip;]\" \/>\n<meta property=\"og:url\" content=\"https:\/\/informelitoral.com.ar\/entregaron-aportes-por-375-millones-de-pesos-a-cooperativas-para-construir-viviendas-sociales\/\" \/>\n<meta property=\"og:site_name\" content=\"Informe Litoral\" \/>\n<meta property=\"article:publisher\" content=\"https:\/\/www.facebook.com\/informelitoral\/\" \/>\n<meta property=\"article:published_time\" content=\"2013-05-24T02:11:04+00:00\" \/>\n<meta property=\"article:modified_time\" content=\"2013-05-24T02:29:45+00:00\" \/>\n<meta property=\"og:image\" content=\"https:\/\/informelitoral.com.ar\/%77%70%2d%63%6f%6e%74%65%6e%74\/uploads\/2013\/05\/1369344364.jpg\" \/>\n\t<meta property=\"og:image:width\" content=\"1000\" \/>\n\t<meta property=\"og:image:height\" content=\"657\" \/>\n\t<meta property=\"og:image:type\" content=\"image\/jpeg\" \/>\n<meta name=\"author\" content=\"Gonzalo Schmidt\" \/>\n<meta name=\"twitter:card\" content=\"summary_large_image\" \/>\n<meta name=\"twitter:creator\" content=\"@InformeLitoral\" \/>\n<meta name=\"twitter:site\" content=\"@InformeLitoral\" \/>\n<meta name=\"twitter:label1\" content=\"Escrito por\" \/>\n\t<meta name=\"twitter:data1\" content=\"Gonzalo Schmidt\" \/>\n\t<meta name=\"twitter:label2\" content=\"Tiempo de lectura\" \/>\n\t<meta name=\"twitter:data2\" content=\"4 minutos\" \/>\n<script type=\"application\/ld+json\" class=\"yoast-schema-graph\">{\"@context\":\"https:\\\/\\\/schema.org\",\"@graph\":[{\"@type\":\"Article\",\"@id\":\"https:\\\/\\\/informelitoral.com.ar\\\/entregaron-aportes-por-375-millones-de-pesos-a-cooperativas-para-construir-viviendas-sociales\\\/#article\",\"isPartOf\":{\"@id\":\"https:\\\/\\\/informelitoral.com.ar\\\/entregaron-aportes-por-375-millones-de-pesos-a-cooperativas-para-construir-viviendas-sociales\\\/\"},\"author\":{\"name\":\"Gonzalo Schmidt\",\"@id\":\"https:\\\/\\\/informelitoral.com.ar\\\/#\\\/schema\\\/person\\\/b9d00407c836482871ef1d57bf8e3180\"},\"headline\":\"Entregaron aportes por 37,5 millones de pesos a cooperativas para construir viviendas sociales\",\"datePublished\":\"2013-05-24T02:11:04+00:00\",\"dateModified\":\"2013-05-24T02:29:45+00:00\",\"mainEntityOfPage\":{\"@id\":\"https:\\\/\\\/informelitoral.com.ar\\\/entregaron-aportes-por-375-millones-de-pesos-a-cooperativas-para-construir-viviendas-sociales\\\/\"},\"wordCount\":812,\"commentCount\":0,\"publisher\":{\"@id\":\"https:\\\/\\\/informelitoral.com.ar\\\/#organization\"},\"image\":{\"@id\":\"https:\\\/\\\/informelitoral.com.ar\\\/entregaron-aportes-por-375-millones-de-pesos-a-cooperativas-para-construir-viviendas-sociales\\\/#primaryimage\"},\"thumbnailUrl\":\"http:\\\/\\\/www.isletasnoticias.com.ar\\\/%77%70%2d%63%6f%6e%74%65%6e%74\\\/uploads\\\/2013\\\/05\\\/1369344364-300x197.jpg\",\"articleSection\":[\"Entre R\u00edos\",\"Politica\"],\"inLanguage\":\"es\",\"potentialAction\":[{\"@type\":\"CommentAction\",\"name\":\"Comment\",\"target\":[\"https:\\\/\\\/informelitoral.com.ar\\\/entregaron-aportes-por-375-millones-de-pesos-a-cooperativas-para-construir-viviendas-sociales\\\/#respond\"]}]},{\"@type\":\"WebPage\",\"@id\":\"https:\\\/\\\/informelitoral.com.ar\\\/entregaron-aportes-por-375-millones-de-pesos-a-cooperativas-para-construir-viviendas-sociales\\\/\",\"url\":\"https:\\\/\\\/informelitoral.com.ar\\\/entregaron-aportes-por-375-millones-de-pesos-a-cooperativas-para-construir-viviendas-sociales\\\/\",\"name\":\"Entregaron aportes por 37,5 millones de pesos a cooperativas para construir viviendas sociales - Informe Litoral\",\"isPartOf\":{\"@id\":\"https:\\\/\\\/informelitoral.com.ar\\\/#website\"},\"primaryImageOfPage\":{\"@id\":\"https:\\\/\\\/informelitoral.com.ar\\\/entregaron-aportes-por-375-millones-de-pesos-a-cooperativas-para-construir-viviendas-sociales\\\/#primaryimage\"},\"image\":{\"@id\":\"https:\\\/\\\/informelitoral.com.ar\\\/entregaron-aportes-por-375-millones-de-pesos-a-cooperativas-para-construir-viviendas-sociales\\\/#primaryimage\"},\"thumbnailUrl\":\"http:\\\/\\\/www.isletasnoticias.com.ar\\\/%77%70%2d%63%6f%6e%74%65%6e%74\\\/uploads\\\/2013\\\/05\\\/1369344364-300x197.jpg\",\"datePublished\":\"2013-05-24T02:11:04+00:00\",\"dateModified\":\"2013-05-24T02:29:45+00:00\",\"breadcrumb\":{\"@id\":\"https:\\\/\\\/informelitoral.com.ar\\\/entregaron-aportes-por-375-millones-de-pesos-a-cooperativas-para-construir-viviendas-sociales\\\/#breadcrumb\"},\"inLanguage\":\"es\",\"potentialAction\":[{\"@type\":\"ReadAction\",\"target\":[\"https:\\\/\\\/informelitoral.com.ar\\\/entregaron-aportes-por-375-millones-de-pesos-a-cooperativas-para-construir-viviendas-sociales\\\/\"]}]},{\"@type\":\"ImageObject\",\"inLanguage\":\"es\",\"@id\":\"https:\\\/\\\/informelitoral.com.ar\\\/entregaron-aportes-por-375-millones-de-pesos-a-cooperativas-para-construir-viviendas-sociales\\\/#primaryimage\",\"url\":\"http:\\\/\\\/www.isletasnoticias.com.ar\\\/%77%70%2d%63%6f%6e%74%65%6e%74\\\/uploads\\\/2013\\\/05\\\/1369344364-300x197.jpg\",\"contentUrl\":\"http:\\\/\\\/www.isletasnoticias.com.ar\\\/%77%70%2d%63%6f%6e%74%65%6e%74\\\/uploads\\\/2013\\\/05\\\/1369344364-300x197.jpg\"},{\"@type\":\"BreadcrumbList\",\"@id\":\"https:\\\/\\\/informelitoral.com.ar\\\/entregaron-aportes-por-375-millones-de-pesos-a-cooperativas-para-construir-viviendas-sociales\\\/#breadcrumb\",\"itemListElement\":[{\"@type\":\"ListItem\",\"position\":1,\"name\":\"Portada\",\"item\":\"https:\\\/\\\/informelitoral.com.ar\\\/\"},{\"@type\":\"ListItem\",\"position\":2,\"name\":\"Entregaron aportes por 37,5 millones de pesos a cooperativas para construir viviendas sociales\"}]},{\"@type\":\"WebSite\",\"@id\":\"https:\\\/\\\/informelitoral.com.ar\\\/#website\",\"url\":\"https:\\\/\\\/informelitoral.com.ar\\\/\",\"name\":\"Informe Litoral\",\"description\":\"&quot;Nos informamos&quot; \",\"publisher\":{\"@id\":\"https:\\\/\\\/informelitoral.com.ar\\\/#organization\"},\"potentialAction\":[{\"@type\":\"SearchAction\",\"target\":{\"@type\":\"EntryPoint\",\"urlTemplate\":\"https:\\\/\\\/informelitoral.com.ar\\\/?s={search_term_string}\"},\"query-input\":{\"@type\":\"PropertyValueSpecification\",\"valueRequired\":true,\"valueName\":\"search_term_string\"}}],\"inLanguage\":\"es\"},{\"@type\":\"Organization\",\"@id\":\"https:\\\/\\\/informelitoral.com.ar\\\/#organization\",\"name\":\"Informe Litoral\",\"url\":\"https:\\\/\\\/informelitoral.com.ar\\\/\",\"logo\":{\"@type\":\"ImageObject\",\"inLanguage\":\"es\",\"@id\":\"https:\\\/\\\/informelitoral.com.ar\\\/#\\\/schema\\\/logo\\\/image\\\/\",\"url\":\"https:\\\/\\\/informelitoral.com.ar\\\/%77%70%2d%63%6f%6e%74%65%6e%74\\\/uploads\\\/2021\\\/01\\\/circulo.png\",\"contentUrl\":\"https:\\\/\\\/informelitoral.com.ar\\\/%77%70%2d%63%6f%6e%74%65%6e%74\\\/uploads\\\/2021\\\/01\\\/circulo.png\",\"width\":723,\"height\":731,\"caption\":\"Informe Litoral\"},\"image\":{\"@id\":\"https:\\\/\\\/informelitoral.com.ar\\\/#\\\/schema\\\/logo\\\/image\\\/\"},\"sameAs\":[\"https:\\\/\\\/www.facebook.com\\\/informelitoral\\\/\",\"https:\\\/\\\/x.com\\\/InformeLitoral\",\"https:\\\/\\\/www.instagram.com\\\/informelitoral\\\/\",\"https:\\\/\\\/www.youtube.com\\\/channel\\\/UCua4Qvz8Icb6MYqhoq9xLXw\"]},{\"@type\":\"Person\",\"@id\":\"https:\\\/\\\/informelitoral.com.ar\\\/#\\\/schema\\\/person\\\/b9d00407c836482871ef1d57bf8e3180\",\"name\":\"Gonzalo Schmidt\",\"image\":{\"@type\":\"ImageObject\",\"inLanguage\":\"es\",\"@id\":\"https:\\\/\\\/secure.gravatar.com\\\/avatar\\\/31a1a7b66ff2de83bd0e9fd79d026630d2d99e55e8bfe501287647b4fd9743de?s=96&d=mm&r=g\",\"url\":\"https:\\\/\\\/secure.gravatar.com\\\/avatar\\\/31a1a7b66ff2de83bd0e9fd79d026630d2d99e55e8bfe501287647b4fd9743de?s=96&d=mm&r=g\",\"contentUrl\":\"https:\\\/\\\/secure.gravatar.com\\\/avatar\\\/31a1a7b66ff2de83bd0e9fd79d026630d2d99e55e8bfe501287647b4fd9743de?s=96&d=mm&r=g\",\"caption\":\"Gonzalo Schmidt\"},\"description\":\"Sitio web de noticias de la provincia de Entre R\u00edos, Argentina. Informaci\u00f3n y entretenimiento. Informe Litoral, nos informamos.\",\"sameAs\":[\"http:\\\/\\\/www.isletasnoticias.com.ar\"],\"url\":\"https:\\\/\\\/informelitoral.com.ar\\\/author\\\/gonzalo\\\/\"}]}<\/script>","yoast_head_json":{"title":"Entregaron aportes por 37,5 millones de pesos a cooperativas para construir viviendas sociales - Informe Litoral","robots":{"index":"index","follow":"follow","max-snippet":"max-snippet:-1","max-image-preview":"max-image-preview:large","max-video-preview":"max-video-preview:-1"},"canonical":"https:\/\/informelitoral.com.ar\/entregaron-aportes-por-375-millones-de-pesos-a-cooperativas-para-construir-viviendas-sociales\/","og_locale":"es_ES","og_type":"article","og_title":"Entregaron aportes por 37,5 millones de pesos a cooperativas para construir viviendas sociales - Informe Litoral","og_description":"&nbsp; Se realiz&oacute; en Villaguay la entrega de aportes por 37,5 millones de pesos a cooperativas de 36 municipios y juntas de gobierno y la firma de convenios por un total de 313 millones de pesos para la construcci&oacute;n de viviendas sociales, en el marco de los programas de Integraci&oacute;n Sociocomunitario, de Pueblos Originarios y [&hellip;]","og_url":"https:\/\/informelitoral.com.ar\/entregaron-aportes-por-375-millones-de-pesos-a-cooperativas-para-construir-viviendas-sociales\/","og_site_name":"Informe Litoral","article_publisher":"https:\/\/www.facebook.com\/informelitoral\/","article_published_time":"2013-05-24T02:11:04+00:00","article_modified_time":"2013-05-24T02:29:45+00:00","og_image":[{"width":1000,"height":657,"url":"https:\/\/informelitoral.com.ar\/%77%70%2d%63%6f%6e%74%65%6e%74\/uploads\/2013\/05\/1369344364.jpg","type":"image\/jpeg"}],"author":"Gonzalo Schmidt","twitter_card":"summary_large_image","twitter_creator":"@InformeLitoral","twitter_site":"@InformeLitoral","twitter_misc":{"Escrito por":"Gonzalo Schmidt","Tiempo de lectura":"4 minutos"},"schema":{"@context":"https:\/\/schema.org","@graph":[{"@type":"Article","@id":"https:\/\/informelitoral.com.ar\/entregaron-aportes-por-375-millones-de-pesos-a-cooperativas-para-construir-viviendas-sociales\/#article","isPartOf":{"@id":"https:\/\/informelitoral.com.ar\/entregaron-aportes-por-375-millones-de-pesos-a-cooperativas-para-construir-viviendas-sociales\/"},"author":{"name":"Gonzalo Schmidt","@id":"https:\/\/informelitoral.com.ar\/#\/schema\/person\/b9d00407c836482871ef1d57bf8e3180"},"headline":"Entregaron aportes por 37,5 millones de pesos a cooperativas para construir viviendas sociales","datePublished":"2013-05-24T02:11:04+00:00","dateModified":"2013-05-24T02:29:45+00:00","mainEntityOfPage":{"@id":"https:\/\/informelitoral.com.ar\/entregaron-aportes-por-375-millones-de-pesos-a-cooperativas-para-construir-viviendas-sociales\/"},"wordCount":812,"commentCount":0,"publisher":{"@id":"https:\/\/informelitoral.com.ar\/#organization"},"image":{"@id":"https:\/\/informelitoral.com.ar\/entregaron-aportes-por-375-millones-de-pesos-a-cooperativas-para-construir-viviendas-sociales\/#primaryimage"},"thumbnailUrl":"http:\/\/www.isletasnoticias.com.ar\/%77%70%2d%63%6f%6e%74%65%6e%74\/uploads\/2013\/05\/1369344364-300x197.jpg","articleSection":["Entre R\u00edos","Politica"],"inLanguage":"es","potentialAction":[{"@type":"CommentAction","name":"Comment","target":["https:\/\/informelitoral.com.ar\/entregaron-aportes-por-375-millones-de-pesos-a-cooperativas-para-construir-viviendas-sociales\/#respond"]}]},{"@type":"WebPage","@id":"https:\/\/informelitoral.com.ar\/entregaron-aportes-por-375-millones-de-pesos-a-cooperativas-para-construir-viviendas-sociales\/","url":"https:\/\/informelitoral.com.ar\/entregaron-aportes-por-375-millones-de-pesos-a-cooperativas-para-construir-viviendas-sociales\/","name":"Entregaron aportes por 37,5 millones de pesos a cooperativas para construir viviendas sociales - Informe Litoral","isPartOf":{"@id":"https:\/\/informelitoral.com.ar\/#website"},"primaryImageOfPage":{"@id":"https:\/\/informelitoral.com.ar\/entregaron-aportes-por-375-millones-de-pesos-a-cooperativas-para-construir-viviendas-sociales\/#primaryimage"},"image":{"@id":"https:\/\/informelitoral.com.ar\/entregaron-aportes-por-375-millones-de-pesos-a-cooperativas-para-construir-viviendas-sociales\/#primaryimage"},"thumbnailUrl":"http:\/\/www.isletasnoticias.com.ar\/%77%70%2d%63%6f%6e%74%65%6e%74\/uploads\/2013\/05\/1369344364-300x197.jpg","datePublished":"2013-05-24T02:11:04+00:00","dateModified":"2013-05-24T02:29:45+00:00","breadcrumb":{"@id":"https:\/\/informelitoral.com.ar\/entregaron-aportes-por-375-millones-de-pesos-a-cooperativas-para-construir-viviendas-sociales\/#breadcrumb"},"inLanguage":"es","potentialAction":[{"@type":"ReadAction","target":["https:\/\/informelitoral.com.ar\/entregaron-aportes-por-375-millones-de-pesos-a-cooperativas-para-construir-viviendas-sociales\/"]}]},{"@type":"ImageObject","inLanguage":"es","@id":"https:\/\/informelitoral.com.ar\/entregaron-aportes-por-375-millones-de-pesos-a-cooperativas-para-construir-viviendas-sociales\/#primaryimage","url":"http:\/\/www.isletasnoticias.com.ar\/%77%70%2d%63%6f%6e%74%65%6e%74\/uploads\/2013\/05\/1369344364-300x197.jpg","contentUrl":"http:\/\/www.isletasnoticias.com.ar\/%77%70%2d%63%6f%6e%74%65%6e%74\/uploads\/2013\/05\/1369344364-300x197.jpg"},{"@type":"BreadcrumbList","@id":"https:\/\/informelitoral.com.ar\/entregaron-aportes-por-375-millones-de-pesos-a-cooperativas-para-construir-viviendas-sociales\/#breadcrumb","itemListElement":[{"@type":"ListItem","position":1,"name":"Portada","item":"https:\/\/informelitoral.com.ar\/"},{"@type":"ListItem","position":2,"name":"Entregaron aportes por 37,5 millones de pesos a cooperativas para construir viviendas sociales"}]},{"@type":"WebSite","@id":"https:\/\/informelitoral.com.ar\/#website","url":"https:\/\/informelitoral.com.ar\/","name":"Informe Litoral","description":"&quot;Nos informamos&quot; ","publisher":{"@id":"https:\/\/informelitoral.com.ar\/#organization"},"potentialAction":[{"@type":"SearchAction","target":{"@type":"EntryPoint","urlTemplate":"https:\/\/informelitoral.com.ar\/?s={search_term_string}"},"query-input":{"@type":"PropertyValueSpecification","valueRequired":true,"valueName":"search_term_string"}}],"inLanguage":"es"},{"@type":"Organization","@id":"https:\/\/informelitoral.com.ar\/#organization","name":"Informe Litoral","url":"https:\/\/informelitoral.com.ar\/","logo":{"@type":"ImageObject","inLanguage":"es","@id":"https:\/\/informelitoral.com.ar\/#\/schema\/logo\/image\/","url":"https:\/\/informelitoral.com.ar\/%77%70%2d%63%6f%6e%74%65%6e%74\/uploads\/2021\/01\/circulo.png","contentUrl":"https:\/\/informelitoral.com.ar\/%77%70%2d%63%6f%6e%74%65%6e%74\/uploads\/2021\/01\/circulo.png","width":723,"height":731,"caption":"Informe Litoral"},"image":{"@id":"https:\/\/informelitoral.com.ar\/#\/schema\/logo\/image\/"},"sameAs":["https:\/\/www.facebook.com\/informelitoral\/","https:\/\/x.com\/InformeLitoral","https:\/\/www.instagram.com\/informelitoral\/","https:\/\/www.youtube.com\/channel\/UCua4Qvz8Icb6MYqhoq9xLXw"]},{"@type":"Person","@id":"https:\/\/informelitoral.com.ar\/#\/schema\/person\/b9d00407c836482871ef1d57bf8e3180","name":"Gonzalo Schmidt","image":{"@type":"ImageObject","inLanguage":"es","@id":"https:\/\/secure.gravatar.com\/avatar\/31a1a7b66ff2de83bd0e9fd79d026630d2d99e55e8bfe501287647b4fd9743de?s=96&d=mm&r=g","url":"https:\/\/secure.gravatar.com\/avatar\/31a1a7b66ff2de83bd0e9fd79d026630d2d99e55e8bfe501287647b4fd9743de?s=96&d=mm&r=g","contentUrl":"https:\/\/secure.gravatar.com\/avatar\/31a1a7b66ff2de83bd0e9fd79d026630d2d99e55e8bfe501287647b4fd9743de?s=96&d=mm&r=g","caption":"Gonzalo Schmidt"},"description":"Sitio web de noticias de la provincia de Entre R\u00edos, Argentina. Informaci\u00f3n y entretenimiento. Informe Litoral, nos informamos.","sameAs":["http:\/\/www.isletasnoticias.com.ar"],"url":"https:\/\/informelitoral.com.ar\/author\/gonzalo\/"}]}},"_links":{"self":[{"href":"https:\/\/informelitoral.com.ar\/%77%70%2d%6a%73%6f%6e\/wp\/v2\/posts\/1891","targetHints":{"allow":["GET"]}}],"collection":[{"href":"https:\/\/informelitoral.com.ar\/%77%70%2d%6a%73%6f%6e\/wp\/v2\/posts"}],"about":[{"href":"https:\/\/informelitoral.com.ar\/%77%70%2d%6a%73%6f%6e\/wp\/v2\/types\/post"}],"author":[{"embeddable":true,"href":"https:\/\/informelitoral.com.ar\/%77%70%2d%6a%73%6f%6e\/wp\/v2\/users\/2"}],"replies":[{"embeddable":true,"href":"https:\/\/informelitoral.com.ar\/%77%70%2d%6a%73%6f%6e\/wp\/v2\/comments?post=1891"}],"version-history":[{"count":0,"href":"https:\/\/informelitoral.com.ar\/%77%70%2d%6a%73%6f%6e\/wp\/v2\/posts\/1891\/revisions"}],"wp:attachment":[{"href":"https:\/\/informelitoral.com.ar\/%77%70%2d%6a%73%6f%6e\/wp\/v2\/media?parent=1891"}],"wp:term":[{"taxonomy":"category","embeddable":true,"href":"https:\/\/informelitoral.com.ar\/%77%70%2d%6a%73%6f%6e\/wp\/v2\/categories?post=1891"},{"taxonomy":"post_tag","embeddable":true,"href":"https:\/\/informelitoral.com.ar\/%77%70%2d%6a%73%6f%6e\/wp\/v2\/tags?post=1891"}],"curies":[{"name":"wp","href":"https:\/\/api.w.org\/{rel}","templated":true}]}}